{"id":164074,"date":"2025-10-13T13:21:49","date_gmt":"2025-10-13T11:21:49","guid":{"rendered":"https:\/\/www.bellunopress.it\/?p=164074"},"modified":"2025-10-13T13:21:49","modified_gmt":"2025-10-13T11:21:49","slug":"teatro-e-benessere-mentale-due-di-una-arriva-a-sedico-per-la-prima-regionale","status":"publish","type":"post","link":"https:\/\/www.bellunopress.it\/fr\/2025\/10\/13\/teatro-e-benessere-mentale-due-di-una-arriva-a-sedico-per-la-prima-regionale\/","title":{"rendered":"Teatro e benessere mentale: &#8220;Due di Una&#8221; arriva a Sedico per la prima regionale"},"content":{"rendered":"<figure id=\"attachment_158978\" aria-describedby=\"caption-attachment-158978\" style=\"width: 1000px\" class=\"wp-caption aligncenter\"><img loading=\"lazy\" decoding=\"async\" class=\"size-full wp-image-158978\" src=\"https:\/\/www.bellunopress.it\/wp-content\/uploads\/2025\/03\/Biblioteca-di-Sedico.jpg\" alt=\"\" width=\"1000\" height=\"750\" srcset=\"https:\/\/www.bellunopress.it\/wp-content\/uploads\/2025\/03\/Biblioteca-di-Sedico.jpg 1000w, https:\/\/www.bellunopress.it\/wp-content\/uploads\/2025\/03\/Biblioteca-di-Sedico-500x375.jpg 500w, https:\/\/www.bellunopress.it\/wp-content\/uploads\/2025\/03\/Biblioteca-di-Sedico-560x420.jpg 560w, https:\/\/www.bellunopress.it\/wp-content\/uploads\/2025\/03\/Biblioteca-di-Sedico-80x60.jpg 80w, https:\/\/www.bellunopress.it\/wp-content\/uploads\/2025\/03\/Biblioteca-di-Sedico-696x522.jpg 696w\" sizes=\"auto, (max-width: 1000px) 100vw, 1000px\" \/><figcaption id=\"caption-attachment-158978\" class=\"wp-caption-text\">Biblioteca di Sedico<\/figcaption><\/figure>\n<p>Sedico\u00a0\u2013 Lo spettacolo teatrale &#8220;Due di Una&#8221; si prepara a tornare in provincia di Belluno per una prestigiosa prima regionale, in programma il prossimo 18 ottobre 2025 alle ore 20.00 presso la sala della biblioteca civica di Sedico.<\/p>\n<p>Dopo il successo del Debutto Nazionale avvenuto a Udine nel 2024 nell&#8217;ambito del Festival Dimmi: Le Donne Raccontano, l&#8217;opera si inserisce quest&#8217;anno nel programma della Settimana della Salute Mentale 2025.<\/p>\n<p>L&#8217;evento, promosso e organizzato dal Comune di Santa Giustina \u2013 Assessorato alle Politiche Sociali e ospitato dal Comune di Sedico, gode del sostegno dell&#8217;ULSS1 Dolomiti e del patrocinio di numerosi enti e associazioni, tra cui l&#8217;ULSS1 Regione Veneto, la Conferenza dei Sindaci &#8211; ULSS1 Dolomiti, Cooperativa Sociale Itaca, AITMS, Associazione Margherita Fenice Belluno e CAI sezione Feltre.<\/p>\n<p>Protagoniste sul palco sono le attrici Margherita Bertoli e Cristina Gianni, dirette dalla regista Anna Della Bruma. Il testo, scritto da Cristina Gianni (Compagnia Teatro Piteco), affronta con particolare delicatezza e sensibilit\u00e0 temi cruciali come la depressione, l&#8217;ansia, l&#8217;isolamento e il conflitto interiore legato al disagio psicologico.<\/p>\n<p>L&#8217;attenzione riservata allo spettacolo ha valicato i confini teatrali. Le artiste, infatti, hanno attivato un dialogo con l&#8217;Ufficio Regionale Prevenzione della Regione Veneto, diretto dalla Dott.sa Martina Di Pieri, per il progetto Salute nelle Scuole. Riconoscendo il valore educativo della tematica, \u00e8 stata organizzata una data speciale per le scuole superiori provenienti da tutto il Veneto, in programma l&#8217;11 dicembre prossimo all&#8217;auditorium del museo M9 &#8211; Museo del &#8216;900 di Mestre.<\/p>\n<p>I riscontri positivi del pubblico e, in particolare, l&#8217;apprezzamento dei professionisti della salute mentale, evidenziano la capacit\u00e0 di &#8220;Due di Una&#8221; di affrontare il disagio psicologico in modo coinvolgente, non didascalico, e mettendo in luce quanto sia fondamentale parlare di benessere mentale anche attraverso linguaggi alternativi come quello teatrale. I professionisti hanno riconosciuto al lavoro la capacit\u00e0 di mostrare le dinamiche di rigidit\u00e0 insite nel malessere psicologico in maniera delicata.<\/p>\n<p>L&#8217;opera \u00e8 il frutto di un lungo percorso creativo che ha visto due residenze nel 2023 (Dolomiti Hub di Fonzaso-BL e Mulino Nicli di Rive d&#8217;Arcano-UD) e un periodo conclusivo di lavorazione nell&#8217;agosto 2024 presso la SOMS di Lentiai-BL.<\/p>\n<p>Per una prima anticipazione dello spettacolo &#8220;Due di Una,&#8221; \u00e8 disponibile il trailer ufficiale, della durata di 3 minuti e 3 secondi, al seguente link:<\/p>\n<p><a class=\"ng-star-inserted\" href=\"http:\/\/www.youtube.com\/watch?v=x2g0pF9GrhY\" target=\"_blank\" rel=\"noopener\" data-hveid=\"0\" data-ved=\"0CAAQ_4QMahcKEwjZ1evKhqGQAxUAAAAAHQAAAAAQOw\">Trailer dello spettacolo &#8220;Due di Una&#8221;<\/a><\/p>\n<div class=\"attachment-container youtube\">\n<div class=\"tool-attribution show-header hide-from-message-actions\">\n<div class=\"tool-attribution-content ng-star-inserted\">\n<div class=\"tool-attribution-header-container\">\n<div class=\"tool-attribution-header gds-title-s\"><img decoding=\"async\" class=\"tool-logo ng-star-inserted\" src=\"https:\/\/www.gstatic.com\/images\/branding\/productlogos\/youtube\/v9\/192px.svg\" alt=\"\" \/><\/p>\n<div class=\"tool-attribution-title ng-star-inserted\">Due di Una<button class=\"mdc-icon-button mat-mdc-icon-button mat-mdc-button-base disclaimer-button mat-unthemed ng-star-inserted\"><\/button><\/div>\n<\/div>\n<div class=\"tool-attribution-label gds-body-m ng-star-inserted\">Teatro Piteco \u00b7 275 visualizzazioni<\/div>\n<\/div>\n<\/div>\n<div class=\"youtube-block ng-star-inserted\" role=\"presentation\">\n<div class=\"single-view-container\" role=\"presentation\">\n<div class=\"single-video-container\" role=\"presentation\">\n<div class=\"single-video-thumbnail ng-star-inserted\" role=\"presentation\"><img decoding=\"async\" class=\"thumbnail\" src=\"https:\/\/i.ytimg.com\/vi\/x2g0pF9GrhY\/maxresdefault.jpg\" aria-hidden=\"true\" \/><\/div>\n<div class=\"single-video-overlay ng-star-inserted\" role=\"presentation\"><\/div>\n<\/div>\n<\/div>\n<\/div>\n<\/div>\n<\/div>","protected":false},"excerpt":{"rendered":"<p>Sedico\u00a0\u2013 Lo spettacolo teatrale &#8220;Due di Una&#8221; si prepara a tornare in provincia di Belluno per una prestigiosa prima regionale, in programma il prossimo 18 ottobre 2025 alle ore 20.00 presso la sala della biblioteca civica di Sedico. Dopo il successo del Debutto Nazionale avvenuto a Udine nel 2024 nell&#8217;ambito del Festival Dimmi: Le Donne [&hellip;]<\/p>\n","protected":false},"author":2,"featured_media":158978,"comment_status":"closed","ping_status":"open","sticky":false,"template":"","format":"standard","meta":{"footnotes":""},"categories":[27,3,25],"tags":[],"class_list":["post-164074","post","type-post","status-publish","format-standard","has-post-thumbnail","category-appuntamenti","category-arte-cultura-spettacoli-scienza-archivi","category-pausa-caffe"],"yoast_head":"<!-- This site is optimized with the Yoast SEO plugin v28.4 - https:\/\/yoast.com\/product\/yoast-seo-wordpress\/ -->\n<title>Teatro e benessere mentale: &quot;Due di Una&quot; arriva a Sedico per la prima regionale - Bellunopress - Dolomiti<\/title>\n<meta name=\"robots\" content=\"index, follow, max-snippet:-1, max-image-preview:large, max-video-preview:-1\" \/>\n<link rel=\"canonical\" href=\"https:\/\/www.bellunopress.it\/fr\/2025\/10\/13\/teatro-e-benessere-mentale-due-di-una-arriva-a-sedico-per-la-prima-regionale\/\" \/>\n<meta property=\"og:locale\" content=\"fr_FR\" \/>\n<meta property=\"og:type\" content=\"article\" \/>\n<meta property=\"og:title\" content=\"Teatro e benessere mentale: &quot;Due di Una&quot; arriva a Sedico per la prima regionale - Bellunopress - Dolomiti\" \/>\n<meta property=\"og:description\" content=\"Sedico\u00a0\u2013 Lo spettacolo teatrale &#8220;Due di Una&#8221; si prepara a tornare in provincia di Belluno per una prestigiosa prima regionale, in programma il prossimo 18 ottobre 2025 alle ore 20.00 presso la sala della biblioteca civica di Sedico. Dopo il successo del Debutto Nazionale avvenuto a Udine nel 2024 nell&#8217;ambito del Festival Dimmi: Le Donne [&hellip;]\" \/>\n<meta property=\"og:url\" content=\"https:\/\/www.bellunopress.it\/fr\/2025\/10\/13\/teatro-e-benessere-mentale-due-di-una-arriva-a-sedico-per-la-prima-regionale\/\" \/>\n<meta property=\"og:site_name\" content=\"Bellunopress - Dolomiti\" \/>\n<meta property=\"article:publisher\" content=\"https:\/\/www.facebook.com\/profile.php?id=100008943462799\" \/>\n<meta property=\"article:published_time\" content=\"2025-10-13T11:21:49+00:00\" \/>\n<meta property=\"og:image\" content=\"https:\/\/www.bellunopress.it\/wp-content\/uploads\/2025\/03\/Biblioteca-di-Sedico.jpg\" \/>\n\t<meta property=\"og:image:width\" content=\"1000\" \/>\n\t<meta property=\"og:image:height\" content=\"750\" \/>\n\t<meta property=\"og:image:type\" content=\"image\/jpeg\" \/>\n<meta name=\"author\" content=\"redazione\" \/>\n<meta name=\"twitter:card\" content=\"summary_large_image\" \/>\n<meta name=\"twitter:creator\" content=\"@bellunopress\" \/>\n<meta name=\"twitter:site\" content=\"@bellunopress\" \/>\n<meta name=\"twitter:label1\" content=\"\u00c9crit par\" \/>\n\t<meta name=\"twitter:data1\" content=\"redazione\" \/>\n\t<meta name=\"twitter:label2\" content=\"Dur\u00e9e de lecture estim\u00e9e\" \/>\n\t<meta name=\"twitter:data2\" content=\"2 minutes\" \/>\n<script type=\"application\/ld+json\" class=\"yoast-schema-graph\">{\"@context\":\"https:\\\/\\\/schema.org\",\"@graph\":[{\"@type\":\"Article\",\"@id\":\"https:\\\/\\\/www.bellunopress.it\\\/2025\\\/10\\\/13\\\/teatro-e-benessere-mentale-due-di-una-arriva-a-sedico-per-la-prima-regionale\\\/#article\",\"isPartOf\":{\"@id\":\"https:\\\/\\\/www.bellunopress.it\\\/2025\\\/10\\\/13\\\/teatro-e-benessere-mentale-due-di-una-arriva-a-sedico-per-la-prima-regionale\\\/\"},\"author\":{\"name\":\"redazione\",\"@id\":\"https:\\\/\\\/www.bellunopress.it\\\/#\\\/schema\\\/person\\\/79bb06722b37ece1c03d3e94beb30d73\"},\"headline\":\"Teatro e benessere mentale: &#8220;Due di Una&#8221; arriva a Sedico per la prima regionale\",\"datePublished\":\"2025-10-13T11:21:49+00:00\",\"mainEntityOfPage\":{\"@id\":\"https:\\\/\\\/www.bellunopress.it\\\/2025\\\/10\\\/13\\\/teatro-e-benessere-mentale-due-di-una-arriva-a-sedico-per-la-prima-regionale\\\/\"},\"wordCount\":415,\"publisher\":{\"@id\":\"https:\\\/\\\/www.bellunopress.it\\\/#organization\"},\"image\":{\"@id\":\"https:\\\/\\\/www.bellunopress.it\\\/2025\\\/10\\\/13\\\/teatro-e-benessere-mentale-due-di-una-arriva-a-sedico-per-la-prima-regionale\\\/#primaryimage\"},\"thumbnailUrl\":\"https:\\\/\\\/www.bellunopress.it\\\/wp-content\\\/uploads\\\/2025\\\/03\\\/Biblioteca-di-Sedico.jpg\",\"articleSection\":[\"Appuntamenti, Eventi\",\"Arte, Cultura, Spettacoli, Scienza\",\"Pausa Caff\u00e8\"],\"inLanguage\":\"fr-FR\"},{\"@type\":\"WebPage\",\"@id\":\"https:\\\/\\\/www.bellunopress.it\\\/2025\\\/10\\\/13\\\/teatro-e-benessere-mentale-due-di-una-arriva-a-sedico-per-la-prima-regionale\\\/\",\"url\":\"https:\\\/\\\/www.bellunopress.it\\\/2025\\\/10\\\/13\\\/teatro-e-benessere-mentale-due-di-una-arriva-a-sedico-per-la-prima-regionale\\\/\",\"name\":\"Teatro e benessere mentale: \\\"Due di Una\\\" arriva a Sedico per la prima regionale - Bellunopress - Dolomiti\",\"isPartOf\":{\"@id\":\"https:\\\/\\\/www.bellunopress.it\\\/#website\"},\"primaryImageOfPage\":{\"@id\":\"https:\\\/\\\/www.bellunopress.it\\\/2025\\\/10\\\/13\\\/teatro-e-benessere-mentale-due-di-una-arriva-a-sedico-per-la-prima-regionale\\\/#primaryimage\"},\"image\":{\"@id\":\"https:\\\/\\\/www.bellunopress.it\\\/2025\\\/10\\\/13\\\/teatro-e-benessere-mentale-due-di-una-arriva-a-sedico-per-la-prima-regionale\\\/#primaryimage\"},\"thumbnailUrl\":\"https:\\\/\\\/www.bellunopress.it\\\/wp-content\\\/uploads\\\/2025\\\/03\\\/Biblioteca-di-Sedico.jpg\",\"datePublished\":\"2025-10-13T11:21:49+00:00\",\"breadcrumb\":{\"@id\":\"https:\\\/\\\/www.bellunopress.it\\\/2025\\\/10\\\/13\\\/teatro-e-benessere-mentale-due-di-una-arriva-a-sedico-per-la-prima-regionale\\\/#breadcrumb\"},\"inLanguage\":\"fr-FR\",\"potentialAction\":[{\"@type\":\"ReadAction\",\"target\":[\"https:\\\/\\\/www.bellunopress.it\\\/2025\\\/10\\\/13\\\/teatro-e-benessere-mentale-due-di-una-arriva-a-sedico-per-la-prima-regionale\\\/\"]}]},{\"@type\":\"ImageObject\",\"inLanguage\":\"fr-FR\",\"@id\":\"https:\\\/\\\/www.bellunopress.it\\\/2025\\\/10\\\/13\\\/teatro-e-benessere-mentale-due-di-una-arriva-a-sedico-per-la-prima-regionale\\\/#primaryimage\",\"url\":\"https:\\\/\\\/www.bellunopress.it\\\/wp-content\\\/uploads\\\/2025\\\/03\\\/Biblioteca-di-Sedico.jpg\",\"contentUrl\":\"https:\\\/\\\/www.bellunopress.it\\\/wp-content\\\/uploads\\\/2025\\\/03\\\/Biblioteca-di-Sedico.jpg\",\"width\":1000,\"height\":750,\"caption\":\"Nuovo polo culturale -Biblioteca di Sedico\"},{\"@type\":\"BreadcrumbList\",\"@id\":\"https:\\\/\\\/www.bellunopress.it\\\/2025\\\/10\\\/13\\\/teatro-e-benessere-mentale-due-di-una-arriva-a-sedico-per-la-prima-regionale\\\/#breadcrumb\",\"itemListElement\":[{\"@type\":\"ListItem\",\"position\":1,\"name\":\"Home\",\"item\":\"https:\\\/\\\/www.bellunopress.it\\\/\"},{\"@type\":\"ListItem\",\"position\":2,\"name\":\"Teatro e benessere mentale: &#8220;Due di Una&#8221; arriva a Sedico per la prima regionale\"}]},{\"@type\":\"WebSite\",\"@id\":\"https:\\\/\\\/www.bellunopress.it\\\/#website\",\"url\":\"https:\\\/\\\/www.bellunopress.it\\\/\",\"name\":\"Bellunopress - Dolomiti\",\"description\":\"e-mail: redazione@bellunopress.it\",\"publisher\":{\"@id\":\"https:\\\/\\\/www.bellunopress.it\\\/#organization\"},\"potentialAction\":[{\"@type\":\"SearchAction\",\"target\":{\"@type\":\"EntryPoint\",\"urlTemplate\":\"https:\\\/\\\/www.bellunopress.it\\\/?s={search_term_string}\"},\"query-input\":{\"@type\":\"PropertyValueSpecification\",\"valueRequired\":true,\"valueName\":\"search_term_string\"}}],\"inLanguage\":\"fr-FR\"},{\"@type\":\"Organization\",\"@id\":\"https:\\\/\\\/www.bellunopress.it\\\/#organization\",\"name\":\"Bellunopress\",\"url\":\"https:\\\/\\\/www.bellunopress.it\\\/\",\"logo\":{\"@type\":\"ImageObject\",\"inLanguage\":\"fr-FR\",\"@id\":\"https:\\\/\\\/www.bellunopress.it\\\/#\\\/schema\\\/logo\\\/image\\\/\",\"url\":\"https:\\\/\\\/www.bellunopress.it\\\/wp-content\\\/uploads\\\/2011\\\/05\\\/cropped-logo-bellunopress-.jpg\",\"contentUrl\":\"https:\\\/\\\/www.bellunopress.it\\\/wp-content\\\/uploads\\\/2011\\\/05\\\/cropped-logo-bellunopress-.jpg\",\"width\":512,\"height\":512,\"caption\":\"Bellunopress\"},\"image\":{\"@id\":\"https:\\\/\\\/www.bellunopress.it\\\/#\\\/schema\\\/logo\\\/image\\\/\"},\"sameAs\":[\"https:\\\/\\\/www.facebook.com\\\/profile.php?id=100008943462799\",\"https:\\\/\\\/x.com\\\/bellunopress\",\"https:\\\/\\\/www.linkedin.com\\\/hp\\\/?dnr=JBzUWaJfMUw8vbXJJ2tVW5-I3jZKvC4wsoxE&amp;amp;amp;amp;amp;amp;trk=nav_responsive_tab_home\",\"https:\\\/\\\/www.youtube.com\\\/channel\\\/UCxL0wu1uN0_3_7hGG0306cw\"]},{\"@type\":\"Person\",\"@id\":\"https:\\\/\\\/www.bellunopress.it\\\/#\\\/schema\\\/person\\\/79bb06722b37ece1c03d3e94beb30d73\",\"name\":\"redazione\",\"image\":{\"@type\":\"ImageObject\",\"inLanguage\":\"fr-FR\",\"@id\":\"https:\\\/\\\/secure.gravatar.com\\\/avatar\\\/37d968a2e67a6fd04c169c4bdef102d0bc5d31b2546345219e348575eb80e9a0?s=96&d=mm&r=g\",\"url\":\"https:\\\/\\\/secure.gravatar.com\\\/avatar\\\/37d968a2e67a6fd04c169c4bdef102d0bc5d31b2546345219e348575eb80e9a0?s=96&d=mm&r=g\",\"contentUrl\":\"https:\\\/\\\/secure.gravatar.com\\\/avatar\\\/37d968a2e67a6fd04c169c4bdef102d0bc5d31b2546345219e348575eb80e9a0?s=96&d=mm&r=g\",\"caption\":\"redazione\"},\"sameAs\":[\"http:\\\/\\\/www.bellunopress.it\",\"https:\\\/\\\/x.com\\\/bellunopress\"],\"url\":\"https:\\\/\\\/www.bellunopress.it\\\/fr\\\/author\\\/redazione\\\/\"}]}<\/script>\n<!-- \/ Yoast SEO plugin. -->","yoast_head_json":{"title":"Teatro e benessere mentale: \"Due di Una\" arriva a Sedico per la prima regionale - Bellunopress - Dolomiti","robots":{"index":"index","follow":"follow","max-snippet":"max-snippet:-1","max-image-preview":"max-image-preview:large","max-video-preview":"max-video-preview:-1"},"canonical":"https:\/\/www.bellunopress.it\/fr\/2025\/10\/13\/teatro-e-benessere-mentale-due-di-una-arriva-a-sedico-per-la-prima-regionale\/","og_locale":"fr_FR","og_type":"article","og_title":"Teatro e benessere mentale: \"Due di Una\" arriva a Sedico per la prima regionale - Bellunopress - Dolomiti","og_description":"Sedico\u00a0\u2013 Lo spettacolo teatrale &#8220;Due di Una&#8221; si prepara a tornare in provincia di Belluno per una prestigiosa prima regionale, in programma il prossimo 18 ottobre 2025 alle ore 20.00 presso la sala della biblioteca civica di Sedico. Dopo il successo del Debutto Nazionale avvenuto a Udine nel 2024 nell&#8217;ambito del Festival Dimmi: Le Donne [&hellip;]","og_url":"https:\/\/www.bellunopress.it\/fr\/2025\/10\/13\/teatro-e-benessere-mentale-due-di-una-arriva-a-sedico-per-la-prima-regionale\/","og_site_name":"Bellunopress - Dolomiti","article_publisher":"https:\/\/www.facebook.com\/profile.php?id=100008943462799","article_published_time":"2025-10-13T11:21:49+00:00","og_image":[{"width":1000,"height":750,"url":"https:\/\/www.bellunopress.it\/wp-content\/uploads\/2025\/03\/Biblioteca-di-Sedico.jpg","type":"image\/jpeg"}],"author":"redazione","twitter_card":"summary_large_image","twitter_creator":"@bellunopress","twitter_site":"@bellunopress","twitter_misc":{"\u00c9crit par":"redazione","Dur\u00e9e de lecture estim\u00e9e":"2 minutes"},"schema":{"@context":"https:\/\/schema.org","@graph":[{"@type":"Article","@id":"https:\/\/www.bellunopress.it\/2025\/10\/13\/teatro-e-benessere-mentale-due-di-una-arriva-a-sedico-per-la-prima-regionale\/#article","isPartOf":{"@id":"https:\/\/www.bellunopress.it\/2025\/10\/13\/teatro-e-benessere-mentale-due-di-una-arriva-a-sedico-per-la-prima-regionale\/"},"author":{"name":"redazione","@id":"https:\/\/www.bellunopress.it\/#\/schema\/person\/79bb06722b37ece1c03d3e94beb30d73"},"headline":"Teatro e benessere mentale: &#8220;Due di Una&#8221; arriva a Sedico per la prima regionale","datePublished":"2025-10-13T11:21:49+00:00","mainEntityOfPage":{"@id":"https:\/\/www.bellunopress.it\/2025\/10\/13\/teatro-e-benessere-mentale-due-di-una-arriva-a-sedico-per-la-prima-regionale\/"},"wordCount":415,"publisher":{"@id":"https:\/\/www.bellunopress.it\/#organization"},"image":{"@id":"https:\/\/www.bellunopress.it\/2025\/10\/13\/teatro-e-benessere-mentale-due-di-una-arriva-a-sedico-per-la-prima-regionale\/#primaryimage"},"thumbnailUrl":"https:\/\/www.bellunopress.it\/wp-content\/uploads\/2025\/03\/Biblioteca-di-Sedico.jpg","articleSection":["Appuntamenti, Eventi","Arte, Cultura, Spettacoli, Scienza","Pausa Caff\u00e8"],"inLanguage":"fr-FR"},{"@type":"WebPage","@id":"https:\/\/www.bellunopress.it\/2025\/10\/13\/teatro-e-benessere-mentale-due-di-una-arriva-a-sedico-per-la-prima-regionale\/","url":"https:\/\/www.bellunopress.it\/2025\/10\/13\/teatro-e-benessere-mentale-due-di-una-arriva-a-sedico-per-la-prima-regionale\/","name":"Teatro e benessere mentale: \"Due di Una\" arriva a Sedico per la prima regionale - Bellunopress - Dolomiti","isPartOf":{"@id":"https:\/\/www.bellunopress.it\/#website"},"primaryImageOfPage":{"@id":"https:\/\/www.bellunopress.it\/2025\/10\/13\/teatro-e-benessere-mentale-due-di-una-arriva-a-sedico-per-la-prima-regionale\/#primaryimage"},"image":{"@id":"https:\/\/www.bellunopress.it\/2025\/10\/13\/teatro-e-benessere-mentale-due-di-una-arriva-a-sedico-per-la-prima-regionale\/#primaryimage"},"thumbnailUrl":"https:\/\/www.bellunopress.it\/wp-content\/uploads\/2025\/03\/Biblioteca-di-Sedico.jpg","datePublished":"2025-10-13T11:21:49+00:00","breadcrumb":{"@id":"https:\/\/www.bellunopress.it\/2025\/10\/13\/teatro-e-benessere-mentale-due-di-una-arriva-a-sedico-per-la-prima-regionale\/#breadcrumb"},"inLanguage":"fr-FR","potentialAction":[{"@type":"ReadAction","target":["https:\/\/www.bellunopress.it\/2025\/10\/13\/teatro-e-benessere-mentale-due-di-una-arriva-a-sedico-per-la-prima-regionale\/"]}]},{"@type":"ImageObject","inLanguage":"fr-FR","@id":"https:\/\/www.bellunopress.it\/2025\/10\/13\/teatro-e-benessere-mentale-due-di-una-arriva-a-sedico-per-la-prima-regionale\/#primaryimage","url":"https:\/\/www.bellunopress.it\/wp-content\/uploads\/2025\/03\/Biblioteca-di-Sedico.jpg","contentUrl":"https:\/\/www.bellunopress.it\/wp-content\/uploads\/2025\/03\/Biblioteca-di-Sedico.jpg","width":1000,"height":750,"caption":"Nuovo polo culturale -Biblioteca di Sedico"},{"@type":"BreadcrumbList","@id":"https:\/\/www.bellunopress.it\/2025\/10\/13\/teatro-e-benessere-mentale-due-di-una-arriva-a-sedico-per-la-prima-regionale\/#breadcrumb","itemListElement":[{"@type":"ListItem","position":1,"name":"Home","item":"https:\/\/www.bellunopress.it\/"},{"@type":"ListItem","position":2,"name":"Teatro e benessere mentale: &#8220;Due di Una&#8221; arriva a Sedico per la prima regionale"}]},{"@type":"WebSite","@id":"https:\/\/www.bellunopress.it\/#website","url":"https:\/\/www.bellunopress.it\/","name":"Bellunopress - Dolomiti","description":"e-mail: redazione@bellunopress.it","publisher":{"@id":"https:\/\/www.bellunopress.it\/#organization"},"potentialAction":[{"@type":"SearchAction","target":{"@type":"EntryPoint","urlTemplate":"https:\/\/www.bellunopress.it\/?s={search_term_string}"},"query-input":{"@type":"PropertyValueSpecification","valueRequired":true,"valueName":"search_term_string"}}],"inLanguage":"fr-FR"},{"@type":"Organization","@id":"https:\/\/www.bellunopress.it\/#organization","name":"Bellunopress","url":"https:\/\/www.bellunopress.it\/","logo":{"@type":"ImageObject","inLanguage":"fr-FR","@id":"https:\/\/www.bellunopress.it\/#\/schema\/logo\/image\/","url":"https:\/\/www.bellunopress.it\/wp-content\/uploads\/2011\/05\/cropped-logo-bellunopress-.jpg","contentUrl":"https:\/\/www.bellunopress.it\/wp-content\/uploads\/2011\/05\/cropped-logo-bellunopress-.jpg","width":512,"height":512,"caption":"Bellunopress"},"image":{"@id":"https:\/\/www.bellunopress.it\/#\/schema\/logo\/image\/"},"sameAs":["https:\/\/www.facebook.com\/profile.php?id=100008943462799","https:\/\/x.com\/bellunopress","https:\/\/www.linkedin.com\/hp\/?dnr=JBzUWaJfMUw8vbXJJ2tVW5-I3jZKvC4wsoxE&amp;amp;amp;amp;amp;amp;trk=nav_responsive_tab_home","https:\/\/www.youtube.com\/channel\/UCxL0wu1uN0_3_7hGG0306cw"]},{"@type":"Person","@id":"https:\/\/www.bellunopress.it\/#\/schema\/person\/79bb06722b37ece1c03d3e94beb30d73","name":"r\u00e9daction","image":{"@type":"ImageObject","inLanguage":"fr-FR","@id":"https:\/\/secure.gravatar.com\/avatar\/37d968a2e67a6fd04c169c4bdef102d0bc5d31b2546345219e348575eb80e9a0?s=96&d=mm&r=g","url":"https:\/\/secure.gravatar.com\/avatar\/37d968a2e67a6fd04c169c4bdef102d0bc5d31b2546345219e348575eb80e9a0?s=96&d=mm&r=g","contentUrl":"https:\/\/secure.gravatar.com\/avatar\/37d968a2e67a6fd04c169c4bdef102d0bc5d31b2546345219e348575eb80e9a0?s=96&d=mm&r=g","caption":"redazione"},"sameAs":["http:\/\/www.bellunopress.it","https:\/\/x.com\/bellunopress"],"url":"https:\/\/www.bellunopress.it\/fr\/author\/redazione\/"}]}},"_links":{"self":[{"href":"https:\/\/www.bellunopress.it\/fr\/wp-json\/wp\/v2\/posts\/164074","targetHints":{"allow":["GET"]}}],"collection":[{"href":"https:\/\/www.bellunopress.it\/fr\/wp-json\/wp\/v2\/posts"}],"about":[{"href":"https:\/\/www.bellunopress.it\/fr\/wp-json\/wp\/v2\/types\/post"}],"author":[{"embeddable":true,"href":"https:\/\/www.bellunopress.it\/fr\/wp-json\/wp\/v2\/users\/2"}],"replies":[{"embeddable":true,"href":"https:\/\/www.bellunopress.it\/fr\/wp-json\/wp\/v2\/comments?post=164074"}],"version-history":[{"count":1,"href":"https:\/\/www.bellunopress.it\/fr\/wp-json\/wp\/v2\/posts\/164074\/revisions"}],"predecessor-version":[{"id":164075,"href":"https:\/\/www.bellunopress.it\/fr\/wp-json\/wp\/v2\/posts\/164074\/revisions\/164075"}],"wp:featuredmedia":[{"embeddable":true,"href":"https:\/\/www.bellunopress.it\/fr\/wp-json\/wp\/v2\/media\/158978"}],"wp:attachment":[{"href":"https:\/\/www.bellunopress.it\/fr\/wp-json\/wp\/v2\/media?parent=164074"}],"wp:term":[{"taxonomy":"category","embeddable":true,"href":"https:\/\/www.bellunopress.it\/fr\/wp-json\/wp\/v2\/categories?post=164074"},{"taxonomy":"post_tag","embeddable":true,"href":"https:\/\/www.bellunopress.it\/fr\/wp-json\/wp\/v2\/tags?post=164074"}],"curies":[{"name":"wp","href":"https:\/\/api.w.org\/{rel}","templated":true}]}}