{"id":164072,"date":"2025-10-13T13:08:36","date_gmt":"2025-10-13T11:08:36","guid":{"rendered":"https:\/\/www.bellunopress.it\/?p=164072"},"modified":"2025-10-13T13:08:36","modified_gmt":"2025-10-13T11:08:36","slug":"dolomiti-un-paesaggio-tutelato-venerdi-a-fonzaso-la-presentazione-del-libro-di-bortoluzzi-e-cicchetti","status":"publish","type":"post","link":"https:\/\/www.bellunopress.it\/fr\/2025\/10\/13\/dolomiti-un-paesaggio-tutelato-venerdi-a-fonzaso-la-presentazione-del-libro-di-bortoluzzi-e-cicchetti\/","title":{"rendered":"Dolomiti un paesaggio tutelato. Venerd\u00ec a Fonzaso la presentazione del libro di Bortoluzzi e Cicchetti"},"content":{"rendered":"<figure id=\"attachment_147332\" aria-describedby=\"caption-attachment-147332\" style=\"width: 832px\" class=\"wp-caption aligncenter\"><img loading=\"lazy\" decoding=\"async\" class=\"size-full wp-image-147332\" src=\"https:\/\/www.bellunopress.it\/wp-content\/uploads\/2024\/01\/Antonio-G-Bortoluzzi-edited.jpg\" alt=\"\" width=\"832\" height=\"1000\" srcset=\"https:\/\/www.bellunopress.it\/wp-content\/uploads\/2024\/01\/Antonio-G-Bortoluzzi-edited.jpg 832w, https:\/\/www.bellunopress.it\/wp-content\/uploads\/2024\/01\/Antonio-G-Bortoluzzi-edited-416x500.jpg 416w, https:\/\/www.bellunopress.it\/wp-content\/uploads\/2024\/01\/Antonio-G-Bortoluzzi-edited-696x837.jpg 696w\" sizes=\"auto, (max-width: 832px) 100vw, 832px\" \/><figcaption id=\"caption-attachment-147332\" class=\"wp-caption-text\">Antonio G. Bortoluzzi (Foto S.Mognol)<\/figcaption><\/figure>\n<p>Un arcipelago di vette complesso e maestoso, tanto imponente quanto fragile, che<br \/>\nattrae lo sguardo allo stupore, alla meraviglia e all\u2019incanto: sono le Dolomiti, un<br \/>\nmassiccio naturale e prezioso, tra i pi\u00f9 straordinari al mondo.<br \/>\nIl Comune di Fonzaso (BL) per il tramite della Biblioteca Civica \u00e8 lieto di ospitare<br \/>\nvenerd\u00ec 17 ottobre 2025 alle ore 20:30 nella Sala del Municipio, la<br \/>\npresentazione del libro Dolomiti. Un paesaggio tutelato (Regione del Veneto e<br \/>\nMarsilio Editore), a cura dell\u2019autore Antonio G. Bortoluzzi e del celebre fotografo<br \/>\nManuel Cicchetti.<\/p>\n<p>DOLOMITI. UN PAESAGGIO TUTELATO.<br \/>\nIl volume Dolomiti. Un paesaggio tutelato, edito dalla Regione del Veneto e Marsilio<br \/>\nArte, racconta l\u2019incantevole paesaggio dolomitico attraverso il suo connubio con<br \/>\nl\u2019uomo, una convivenza delicata, consapevole e possibile.<br \/>\nLe splendide fotografie di Manuel Cicchetti, accompagnate con abile maestria dalle<br \/>\nparole di Antonio G. Bortoluzzi, restituiscono un perfetto equilibrio tra maestosit\u00e0<br \/>\nnaturale e presenza umana, in un avvincente e stimolante viaggio visivo e letterario<br \/>\nche accompagna il lettore alla scoperta di luoghi vissuti, plasmati e custoditi<br \/>\ndall\u2019uomo, dove natura e cultura si fondono in una relazione armoniosa e in continuo<br \/>\ndivenire, scavando nella memoria e nelle antiche tradizioni delle comunit\u00e0<br \/>\ndolomitiche.<br \/>\nAntonio Bortoluzzi e Manuel Cicchetti ci invitano a osservare questi luoghi selvaggi,<br \/>\nriconoscendo nell\u2019equilibrio tra la scoperta e la protezione la chiave per immaginare un<br \/>\nfuturo ancora pi\u00f9 sostenibile.<\/p>\n<p>ANTONIO G. BORTOLUZZI.<br \/>\nAntonio Bortoluzzi nasce nel 1965 in Alpago (BL), dove risiede. Finalista per due volte<br \/>\n(2008 e 2010) al Premio Italo Calvino, nel 2010 pubblica Cronache dalla valle, nel<br \/>\n2013 Vita e morte della montagna, due anni dopo Paesi alti, con cui si aggiudica il<br \/>\nPremio Gambrinus \u2013 Giuseppe Mazzotti nella sezione Montagna, cultura e civilt\u00e0, oltre<br \/>\nad essere stato finalista al Premio della Montagna Cortina d\u2019Ampezzo e al Premio<br \/>\nLetterario del CAI Leggi Montagna.<br \/>\nI tre romanzi, pubblicati da Biblioteca dell\u2019Immagine, sono raccolti nell\u2019antologia dal<br \/>\ntitolo Montagna madre, trilogia del Novecento (2022).<br \/>\nCon Marsilio Editore pubblica nel 2019 il romanzo Come si fanno le cose, di cui \u00e8 stata<br \/>\ntratta l\u2019omonima commedia teatrale, mentre nel 2023 \u00e8 la volta di Il saldatore del<br \/>\nVajont, libro detentore del Premio Coop Alleanza 3.0 della Giuria dei lettori del Premio<br \/>\nLatisana per il Nordest 2024.<\/p>\n<p>MANUEL CICCHETTI.<br \/>\nManuel Cicchetti (1969) inizia a fotografare fin da ragazzo. Nei primi anni \u201990 opera in<br \/>\nambito musicale realizzando diverse copertine per BMG, EMI e CNI.<br \/>\nLavora come fotografo di scena per importanti teatri come il Regio di Torino, e con<br \/>\norchestre e compagnie quali i Pomeriggi Musicali e la Compagnia dell\u2019Opera Buffa.<br \/>\nNel 1999 realizza la scenografia e la sua prima regia teatrale con l\u2019opera \u201cOn the High<br \/>\nWire\u201d di Philippe Petit e nel 2001 mette in scena a Milano \u201cOrfeo a fumetti\u201d con testi e<br \/>\ndisegni di Dino Buzzati e musiche di Filippo del Corno.<br \/>\nFonda assieme a Lorenzo Ferrero, Angelo Miotto e Jacopo Barigazzi il gruppo di lavoro<br \/>\nHdemia per sviluppare la cultura giovanile in Italia.<br \/>\nDa questa esperienza nasce l\u2019idea di Officium, societ\u00e0 che si occupa di eventi come La<br \/>\nFesta della Musica di Milano, il Womad Festival, l\u2019inaugurazione dei Mondiali di Sci del<br \/>\nSestriere.<br \/>\nDal 2015 iniziano le produzioni editoriali dei suoi lavori. Il primo libro pubblicato \u00e8<br \/>\nMonocrome, Camminando tra le Dolomiti d\u2019Ampezzo.<br \/>\nAl libro si accompagna una mostra itinerante iniziata al Museo Rinaldi di Cortina<br \/>\nd\u2019Ampezzo.<br \/>\nNel 2018 gli stessi paesaggi subiscono la devastazione di Vaia; la testimonianza<br \/>\nfotografica nei luoghi colpiti diventa il secondo prodotto editoriale pubblicato da TMC<br \/>\ndal titolo Vaia, viaggio consapevole dentro un disastro.<br \/>\nIl volume diventa anche una mostra immersiva con immagini in grandissimo formato.<\/p>","protected":false},"excerpt":{"rendered":"<p>Un arcipelago di vette complesso e maestoso, tanto imponente quanto fragile, che attrae lo sguardo allo stupore, alla meraviglia e all\u2019incanto: sono le Dolomiti, un massiccio naturale e prezioso, tra i pi\u00f9 straordinari al mondo. Il Comune di Fonzaso (BL) per il tramite della Biblioteca Civica \u00e8 lieto di ospitare venerd\u00ec 17 ottobre 2025 alle [&hellip;]<\/p>\n","protected":false},"author":2,"featured_media":147332,"comment_status":"closed","ping_status":"open","sticky":false,"template":"","format":"standard","meta":{"footnotes":""},"categories":[27,25],"tags":[],"class_list":["post-164072","post","type-post","status-publish","format-standard","has-post-thumbnail","category-appuntamenti","category-pausa-caffe"],"yoast_head":"<!-- This site is optimized with the Yoast SEO plugin v28.4 - https:\/\/yoast.com\/product\/yoast-seo-wordpress\/ -->\n<title>Dolomiti un paesaggio tutelato. Venerd\u00ec a Fonzaso la presentazione del libro di Bortoluzzi e Cicchetti - Bellunopress - Dolomiti<\/title>\n<meta name=\"robots\" content=\"index, follow, max-snippet:-1, max-image-preview:large, max-video-preview:-1\" \/>\n<link rel=\"canonical\" href=\"https:\/\/www.bellunopress.it\/fr\/2025\/10\/13\/dolomiti-un-paesaggio-tutelato-venerdi-a-fonzaso-la-presentazione-del-libro-di-bortoluzzi-e-cicchetti\/\" \/>\n<meta property=\"og:locale\" content=\"fr_FR\" \/>\n<meta property=\"og:type\" content=\"article\" \/>\n<meta property=\"og:title\" content=\"Dolomiti un paesaggio tutelato. Venerd\u00ec a Fonzaso la presentazione del libro di Bortoluzzi e Cicchetti - Bellunopress - Dolomiti\" \/>\n<meta property=\"og:description\" content=\"Un arcipelago di vette complesso e maestoso, tanto imponente quanto fragile, che attrae lo sguardo allo stupore, alla meraviglia e all\u2019incanto: sono le Dolomiti, un massiccio naturale e prezioso, tra i pi\u00f9 straordinari al mondo. Il Comune di Fonzaso (BL) per il tramite della Biblioteca Civica \u00e8 lieto di ospitare venerd\u00ec 17 ottobre 2025 alle [&hellip;]\" \/>\n<meta property=\"og:url\" content=\"https:\/\/www.bellunopress.it\/fr\/2025\/10\/13\/dolomiti-un-paesaggio-tutelato-venerdi-a-fonzaso-la-presentazione-del-libro-di-bortoluzzi-e-cicchetti\/\" \/>\n<meta property=\"og:site_name\" content=\"Bellunopress - Dolomiti\" \/>\n<meta property=\"article:publisher\" content=\"https:\/\/www.facebook.com\/profile.php?id=100008943462799\" \/>\n<meta property=\"article:published_time\" content=\"2025-10-13T11:08:36+00:00\" \/>\n<meta property=\"og:image\" content=\"https:\/\/www.bellunopress.it\/wp-content\/uploads\/2024\/01\/Antonio-G-Bortoluzzi-edited.jpg\" \/>\n\t<meta property=\"og:image:width\" content=\"832\" \/>\n\t<meta property=\"og:image:height\" content=\"1000\" \/>\n\t<meta property=\"og:image:type\" content=\"image\/jpeg\" \/>\n<meta name=\"author\" content=\"redazione\" \/>\n<meta name=\"twitter:card\" content=\"summary_large_image\" \/>\n<meta name=\"twitter:creator\" content=\"@bellunopress\" \/>\n<meta name=\"twitter:site\" content=\"@bellunopress\" \/>\n<meta name=\"twitter:label1\" content=\"\u00c9crit par\" \/>\n\t<meta name=\"twitter:data1\" content=\"redazione\" \/>\n\t<meta name=\"twitter:label2\" content=\"Dur\u00e9e de lecture estim\u00e9e\" \/>\n\t<meta name=\"twitter:data2\" content=\"3 minutes\" \/>\n<script type=\"application\/ld+json\" class=\"yoast-schema-graph\">{\"@context\":\"https:\\\/\\\/schema.org\",\"@graph\":[{\"@type\":\"Article\",\"@id\":\"https:\\\/\\\/www.bellunopress.it\\\/2025\\\/10\\\/13\\\/dolomiti-un-paesaggio-tutelato-venerdi-a-fonzaso-la-presentazione-del-libro-di-bortoluzzi-e-cicchetti\\\/#article\",\"isPartOf\":{\"@id\":\"https:\\\/\\\/www.bellunopress.it\\\/2025\\\/10\\\/13\\\/dolomiti-un-paesaggio-tutelato-venerdi-a-fonzaso-la-presentazione-del-libro-di-bortoluzzi-e-cicchetti\\\/\"},\"author\":{\"name\":\"redazione\",\"@id\":\"https:\\\/\\\/www.bellunopress.it\\\/#\\\/schema\\\/person\\\/79bb06722b37ece1c03d3e94beb30d73\"},\"headline\":\"Dolomiti un paesaggio tutelato. Venerd\u00ec a Fonzaso la presentazione del libro di Bortoluzzi e Cicchetti\",\"datePublished\":\"2025-10-13T11:08:36+00:00\",\"mainEntityOfPage\":{\"@id\":\"https:\\\/\\\/www.bellunopress.it\\\/2025\\\/10\\\/13\\\/dolomiti-un-paesaggio-tutelato-venerdi-a-fonzaso-la-presentazione-del-libro-di-bortoluzzi-e-cicchetti\\\/\"},\"wordCount\":615,\"publisher\":{\"@id\":\"https:\\\/\\\/www.bellunopress.it\\\/#organization\"},\"image\":{\"@id\":\"https:\\\/\\\/www.bellunopress.it\\\/2025\\\/10\\\/13\\\/dolomiti-un-paesaggio-tutelato-venerdi-a-fonzaso-la-presentazione-del-libro-di-bortoluzzi-e-cicchetti\\\/#primaryimage\"},\"thumbnailUrl\":\"https:\\\/\\\/www.bellunopress.it\\\/wp-content\\\/uploads\\\/2024\\\/01\\\/Antonio-G-Bortoluzzi-edited.jpg\",\"articleSection\":[\"Appuntamenti, Eventi\",\"Pausa Caff\u00e8\"],\"inLanguage\":\"fr-FR\"},{\"@type\":\"WebPage\",\"@id\":\"https:\\\/\\\/www.bellunopress.it\\\/2025\\\/10\\\/13\\\/dolomiti-un-paesaggio-tutelato-venerdi-a-fonzaso-la-presentazione-del-libro-di-bortoluzzi-e-cicchetti\\\/\",\"url\":\"https:\\\/\\\/www.bellunopress.it\\\/2025\\\/10\\\/13\\\/dolomiti-un-paesaggio-tutelato-venerdi-a-fonzaso-la-presentazione-del-libro-di-bortoluzzi-e-cicchetti\\\/\",\"name\":\"Dolomiti un paesaggio tutelato. Venerd\u00ec a Fonzaso la presentazione del libro di Bortoluzzi e Cicchetti - Bellunopress - Dolomiti\",\"isPartOf\":{\"@id\":\"https:\\\/\\\/www.bellunopress.it\\\/#website\"},\"primaryImageOfPage\":{\"@id\":\"https:\\\/\\\/www.bellunopress.it\\\/2025\\\/10\\\/13\\\/dolomiti-un-paesaggio-tutelato-venerdi-a-fonzaso-la-presentazione-del-libro-di-bortoluzzi-e-cicchetti\\\/#primaryimage\"},\"image\":{\"@id\":\"https:\\\/\\\/www.bellunopress.it\\\/2025\\\/10\\\/13\\\/dolomiti-un-paesaggio-tutelato-venerdi-a-fonzaso-la-presentazione-del-libro-di-bortoluzzi-e-cicchetti\\\/#primaryimage\"},\"thumbnailUrl\":\"https:\\\/\\\/www.bellunopress.it\\\/wp-content\\\/uploads\\\/2024\\\/01\\\/Antonio-G-Bortoluzzi-edited.jpg\",\"datePublished\":\"2025-10-13T11:08:36+00:00\",\"breadcrumb\":{\"@id\":\"https:\\\/\\\/www.bellunopress.it\\\/2025\\\/10\\\/13\\\/dolomiti-un-paesaggio-tutelato-venerdi-a-fonzaso-la-presentazione-del-libro-di-bortoluzzi-e-cicchetti\\\/#breadcrumb\"},\"inLanguage\":\"fr-FR\",\"potentialAction\":[{\"@type\":\"ReadAction\",\"target\":[\"https:\\\/\\\/www.bellunopress.it\\\/2025\\\/10\\\/13\\\/dolomiti-un-paesaggio-tutelato-venerdi-a-fonzaso-la-presentazione-del-libro-di-bortoluzzi-e-cicchetti\\\/\"]}]},{\"@type\":\"ImageObject\",\"inLanguage\":\"fr-FR\",\"@id\":\"https:\\\/\\\/www.bellunopress.it\\\/2025\\\/10\\\/13\\\/dolomiti-un-paesaggio-tutelato-venerdi-a-fonzaso-la-presentazione-del-libro-di-bortoluzzi-e-cicchetti\\\/#primaryimage\",\"url\":\"https:\\\/\\\/www.bellunopress.it\\\/wp-content\\\/uploads\\\/2024\\\/01\\\/Antonio-G-Bortoluzzi-edited.jpg\",\"contentUrl\":\"https:\\\/\\\/www.bellunopress.it\\\/wp-content\\\/uploads\\\/2024\\\/01\\\/Antonio-G-Bortoluzzi-edited.jpg\",\"width\":832,\"height\":1000,\"caption\":\"Antonio G. Bortoluzzi (Foto S.Mognol)\"},{\"@type\":\"BreadcrumbList\",\"@id\":\"https:\\\/\\\/www.bellunopress.it\\\/2025\\\/10\\\/13\\\/dolomiti-un-paesaggio-tutelato-venerdi-a-fonzaso-la-presentazione-del-libro-di-bortoluzzi-e-cicchetti\\\/#breadcrumb\",\"itemListElement\":[{\"@type\":\"ListItem\",\"position\":1,\"name\":\"Home\",\"item\":\"https:\\\/\\\/www.bellunopress.it\\\/\"},{\"@type\":\"ListItem\",\"position\":2,\"name\":\"Dolomiti un paesaggio tutelato. Venerd\u00ec a Fonzaso la presentazione del libro di Bortoluzzi e Cicchetti\"}]},{\"@type\":\"WebSite\",\"@id\":\"https:\\\/\\\/www.bellunopress.it\\\/#website\",\"url\":\"https:\\\/\\\/www.bellunopress.it\\\/\",\"name\":\"Bellunopress - Dolomiti\",\"description\":\"e-mail: redazione@bellunopress.it\",\"publisher\":{\"@id\":\"https:\\\/\\\/www.bellunopress.it\\\/#organization\"},\"potentialAction\":[{\"@type\":\"SearchAction\",\"target\":{\"@type\":\"EntryPoint\",\"urlTemplate\":\"https:\\\/\\\/www.bellunopress.it\\\/?s={search_term_string}\"},\"query-input\":{\"@type\":\"PropertyValueSpecification\",\"valueRequired\":true,\"valueName\":\"search_term_string\"}}],\"inLanguage\":\"fr-FR\"},{\"@type\":\"Organization\",\"@id\":\"https:\\\/\\\/www.bellunopress.it\\\/#organization\",\"name\":\"Bellunopress\",\"url\":\"https:\\\/\\\/www.bellunopress.it\\\/\",\"logo\":{\"@type\":\"ImageObject\",\"inLanguage\":\"fr-FR\",\"@id\":\"https:\\\/\\\/www.bellunopress.it\\\/#\\\/schema\\\/logo\\\/image\\\/\",\"url\":\"https:\\\/\\\/www.bellunopress.it\\\/wp-content\\\/uploads\\\/2011\\\/05\\\/cropped-logo-bellunopress-.jpg\",\"contentUrl\":\"https:\\\/\\\/www.bellunopress.it\\\/wp-content\\\/uploads\\\/2011\\\/05\\\/cropped-logo-bellunopress-.jpg\",\"width\":512,\"height\":512,\"caption\":\"Bellunopress\"},\"image\":{\"@id\":\"https:\\\/\\\/www.bellunopress.it\\\/#\\\/schema\\\/logo\\\/image\\\/\"},\"sameAs\":[\"https:\\\/\\\/www.facebook.com\\\/profile.php?id=100008943462799\",\"https:\\\/\\\/x.com\\\/bellunopress\",\"https:\\\/\\\/www.linkedin.com\\\/hp\\\/?dnr=JBzUWaJfMUw8vbXJJ2tVW5-I3jZKvC4wsoxE&amp;amp;amp;amp;amp;amp;trk=nav_responsive_tab_home\",\"https:\\\/\\\/www.youtube.com\\\/channel\\\/UCxL0wu1uN0_3_7hGG0306cw\"]},{\"@type\":\"Person\",\"@id\":\"https:\\\/\\\/www.bellunopress.it\\\/#\\\/schema\\\/person\\\/79bb06722b37ece1c03d3e94beb30d73\",\"name\":\"redazione\",\"image\":{\"@type\":\"ImageObject\",\"inLanguage\":\"fr-FR\",\"@id\":\"https:\\\/\\\/secure.gravatar.com\\\/avatar\\\/37d968a2e67a6fd04c169c4bdef102d0bc5d31b2546345219e348575eb80e9a0?s=96&d=mm&r=g\",\"url\":\"https:\\\/\\\/secure.gravatar.com\\\/avatar\\\/37d968a2e67a6fd04c169c4bdef102d0bc5d31b2546345219e348575eb80e9a0?s=96&d=mm&r=g\",\"contentUrl\":\"https:\\\/\\\/secure.gravatar.com\\\/avatar\\\/37d968a2e67a6fd04c169c4bdef102d0bc5d31b2546345219e348575eb80e9a0?s=96&d=mm&r=g\",\"caption\":\"redazione\"},\"sameAs\":[\"http:\\\/\\\/www.bellunopress.it\",\"https:\\\/\\\/x.com\\\/bellunopress\"],\"url\":\"https:\\\/\\\/www.bellunopress.it\\\/fr\\\/author\\\/redazione\\\/\"}]}<\/script>\n<!-- \/ Yoast SEO plugin. -->","yoast_head_json":{"title":"Dolomiti un paesaggio tutelato. Venerd\u00ec a Fonzaso la presentazione del libro di Bortoluzzi e Cicchetti - Bellunopress - Dolomiti","robots":{"index":"index","follow":"follow","max-snippet":"max-snippet:-1","max-image-preview":"max-image-preview:large","max-video-preview":"max-video-preview:-1"},"canonical":"https:\/\/www.bellunopress.it\/fr\/2025\/10\/13\/dolomiti-un-paesaggio-tutelato-venerdi-a-fonzaso-la-presentazione-del-libro-di-bortoluzzi-e-cicchetti\/","og_locale":"fr_FR","og_type":"article","og_title":"Dolomiti un paesaggio tutelato. Venerd\u00ec a Fonzaso la presentazione del libro di Bortoluzzi e Cicchetti - Bellunopress - Dolomiti","og_description":"Un arcipelago di vette complesso e maestoso, tanto imponente quanto fragile, che attrae lo sguardo allo stupore, alla meraviglia e all\u2019incanto: sono le Dolomiti, un massiccio naturale e prezioso, tra i pi\u00f9 straordinari al mondo. Il Comune di Fonzaso (BL) per il tramite della Biblioteca Civica \u00e8 lieto di ospitare venerd\u00ec 17 ottobre 2025 alle [&hellip;]","og_url":"https:\/\/www.bellunopress.it\/fr\/2025\/10\/13\/dolomiti-un-paesaggio-tutelato-venerdi-a-fonzaso-la-presentazione-del-libro-di-bortoluzzi-e-cicchetti\/","og_site_name":"Bellunopress - Dolomiti","article_publisher":"https:\/\/www.facebook.com\/profile.php?id=100008943462799","article_published_time":"2025-10-13T11:08:36+00:00","og_image":[{"width":832,"height":1000,"url":"https:\/\/www.bellunopress.it\/wp-content\/uploads\/2024\/01\/Antonio-G-Bortoluzzi-edited.jpg","type":"image\/jpeg"}],"author":"redazione","twitter_card":"summary_large_image","twitter_creator":"@bellunopress","twitter_site":"@bellunopress","twitter_misc":{"\u00c9crit par":"redazione","Dur\u00e9e de lecture estim\u00e9e":"3 minutes"},"schema":{"@context":"https:\/\/schema.org","@graph":[{"@type":"Article","@id":"https:\/\/www.bellunopress.it\/2025\/10\/13\/dolomiti-un-paesaggio-tutelato-venerdi-a-fonzaso-la-presentazione-del-libro-di-bortoluzzi-e-cicchetti\/#article","isPartOf":{"@id":"https:\/\/www.bellunopress.it\/2025\/10\/13\/dolomiti-un-paesaggio-tutelato-venerdi-a-fonzaso-la-presentazione-del-libro-di-bortoluzzi-e-cicchetti\/"},"author":{"name":"redazione","@id":"https:\/\/www.bellunopress.it\/#\/schema\/person\/79bb06722b37ece1c03d3e94beb30d73"},"headline":"Dolomiti un paesaggio tutelato. Venerd\u00ec a Fonzaso la presentazione del libro di Bortoluzzi e Cicchetti","datePublished":"2025-10-13T11:08:36+00:00","mainEntityOfPage":{"@id":"https:\/\/www.bellunopress.it\/2025\/10\/13\/dolomiti-un-paesaggio-tutelato-venerdi-a-fonzaso-la-presentazione-del-libro-di-bortoluzzi-e-cicchetti\/"},"wordCount":615,"publisher":{"@id":"https:\/\/www.bellunopress.it\/#organization"},"image":{"@id":"https:\/\/www.bellunopress.it\/2025\/10\/13\/dolomiti-un-paesaggio-tutelato-venerdi-a-fonzaso-la-presentazione-del-libro-di-bortoluzzi-e-cicchetti\/#primaryimage"},"thumbnailUrl":"https:\/\/www.bellunopress.it\/wp-content\/uploads\/2024\/01\/Antonio-G-Bortoluzzi-edited.jpg","articleSection":["Appuntamenti, Eventi","Pausa Caff\u00e8"],"inLanguage":"fr-FR"},{"@type":"WebPage","@id":"https:\/\/www.bellunopress.it\/2025\/10\/13\/dolomiti-un-paesaggio-tutelato-venerdi-a-fonzaso-la-presentazione-del-libro-di-bortoluzzi-e-cicchetti\/","url":"https:\/\/www.bellunopress.it\/2025\/10\/13\/dolomiti-un-paesaggio-tutelato-venerdi-a-fonzaso-la-presentazione-del-libro-di-bortoluzzi-e-cicchetti\/","name":"Dolomiti un paesaggio tutelato. Venerd\u00ec a Fonzaso la presentazione del libro di Bortoluzzi e Cicchetti - Bellunopress - Dolomiti","isPartOf":{"@id":"https:\/\/www.bellunopress.it\/#website"},"primaryImageOfPage":{"@id":"https:\/\/www.bellunopress.it\/2025\/10\/13\/dolomiti-un-paesaggio-tutelato-venerdi-a-fonzaso-la-presentazione-del-libro-di-bortoluzzi-e-cicchetti\/#primaryimage"},"image":{"@id":"https:\/\/www.bellunopress.it\/2025\/10\/13\/dolomiti-un-paesaggio-tutelato-venerdi-a-fonzaso-la-presentazione-del-libro-di-bortoluzzi-e-cicchetti\/#primaryimage"},"thumbnailUrl":"https:\/\/www.bellunopress.it\/wp-content\/uploads\/2024\/01\/Antonio-G-Bortoluzzi-edited.jpg","datePublished":"2025-10-13T11:08:36+00:00","breadcrumb":{"@id":"https:\/\/www.bellunopress.it\/2025\/10\/13\/dolomiti-un-paesaggio-tutelato-venerdi-a-fonzaso-la-presentazione-del-libro-di-bortoluzzi-e-cicchetti\/#breadcrumb"},"inLanguage":"fr-FR","potentialAction":[{"@type":"ReadAction","target":["https:\/\/www.bellunopress.it\/2025\/10\/13\/dolomiti-un-paesaggio-tutelato-venerdi-a-fonzaso-la-presentazione-del-libro-di-bortoluzzi-e-cicchetti\/"]}]},{"@type":"ImageObject","inLanguage":"fr-FR","@id":"https:\/\/www.bellunopress.it\/2025\/10\/13\/dolomiti-un-paesaggio-tutelato-venerdi-a-fonzaso-la-presentazione-del-libro-di-bortoluzzi-e-cicchetti\/#primaryimage","url":"https:\/\/www.bellunopress.it\/wp-content\/uploads\/2024\/01\/Antonio-G-Bortoluzzi-edited.jpg","contentUrl":"https:\/\/www.bellunopress.it\/wp-content\/uploads\/2024\/01\/Antonio-G-Bortoluzzi-edited.jpg","width":832,"height":1000,"caption":"Antonio G. Bortoluzzi (Foto S.Mognol)"},{"@type":"BreadcrumbList","@id":"https:\/\/www.bellunopress.it\/2025\/10\/13\/dolomiti-un-paesaggio-tutelato-venerdi-a-fonzaso-la-presentazione-del-libro-di-bortoluzzi-e-cicchetti\/#breadcrumb","itemListElement":[{"@type":"ListItem","position":1,"name":"Home","item":"https:\/\/www.bellunopress.it\/"},{"@type":"ListItem","position":2,"name":"Dolomiti un paesaggio tutelato. Venerd\u00ec a Fonzaso la presentazione del libro di Bortoluzzi e Cicchetti"}]},{"@type":"WebSite","@id":"https:\/\/www.bellunopress.it\/#website","url":"https:\/\/www.bellunopress.it\/","name":"Bellunopress - Dolomiti","description":"e-mail: redazione@bellunopress.it","publisher":{"@id":"https:\/\/www.bellunopress.it\/#organization"},"potentialAction":[{"@type":"SearchAction","target":{"@type":"EntryPoint","urlTemplate":"https:\/\/www.bellunopress.it\/?s={search_term_string}"},"query-input":{"@type":"PropertyValueSpecification","valueRequired":true,"valueName":"search_term_string"}}],"inLanguage":"fr-FR"},{"@type":"Organization","@id":"https:\/\/www.bellunopress.it\/#organization","name":"Bellunopress","url":"https:\/\/www.bellunopress.it\/","logo":{"@type":"ImageObject","inLanguage":"fr-FR","@id":"https:\/\/www.bellunopress.it\/#\/schema\/logo\/image\/","url":"https:\/\/www.bellunopress.it\/wp-content\/uploads\/2011\/05\/cropped-logo-bellunopress-.jpg","contentUrl":"https:\/\/www.bellunopress.it\/wp-content\/uploads\/2011\/05\/cropped-logo-bellunopress-.jpg","width":512,"height":512,"caption":"Bellunopress"},"image":{"@id":"https:\/\/www.bellunopress.it\/#\/schema\/logo\/image\/"},"sameAs":["https:\/\/www.facebook.com\/profile.php?id=100008943462799","https:\/\/x.com\/bellunopress","https:\/\/www.linkedin.com\/hp\/?dnr=JBzUWaJfMUw8vbXJJ2tVW5-I3jZKvC4wsoxE&amp;amp;amp;amp;amp;amp;trk=nav_responsive_tab_home","https:\/\/www.youtube.com\/channel\/UCxL0wu1uN0_3_7hGG0306cw"]},{"@type":"Person","@id":"https:\/\/www.bellunopress.it\/#\/schema\/person\/79bb06722b37ece1c03d3e94beb30d73","name":"r\u00e9daction","image":{"@type":"ImageObject","inLanguage":"fr-FR","@id":"https:\/\/secure.gravatar.com\/avatar\/37d968a2e67a6fd04c169c4bdef102d0bc5d31b2546345219e348575eb80e9a0?s=96&d=mm&r=g","url":"https:\/\/secure.gravatar.com\/avatar\/37d968a2e67a6fd04c169c4bdef102d0bc5d31b2546345219e348575eb80e9a0?s=96&d=mm&r=g","contentUrl":"https:\/\/secure.gravatar.com\/avatar\/37d968a2e67a6fd04c169c4bdef102d0bc5d31b2546345219e348575eb80e9a0?s=96&d=mm&r=g","caption":"redazione"},"sameAs":["http:\/\/www.bellunopress.it","https:\/\/x.com\/bellunopress"],"url":"https:\/\/www.bellunopress.it\/fr\/author\/redazione\/"}]}},"_links":{"self":[{"href":"https:\/\/www.bellunopress.it\/fr\/wp-json\/wp\/v2\/posts\/164072","targetHints":{"allow":["GET"]}}],"collection":[{"href":"https:\/\/www.bellunopress.it\/fr\/wp-json\/wp\/v2\/posts"}],"about":[{"href":"https:\/\/www.bellunopress.it\/fr\/wp-json\/wp\/v2\/types\/post"}],"author":[{"embeddable":true,"href":"https:\/\/www.bellunopress.it\/fr\/wp-json\/wp\/v2\/users\/2"}],"replies":[{"embeddable":true,"href":"https:\/\/www.bellunopress.it\/fr\/wp-json\/wp\/v2\/comments?post=164072"}],"version-history":[{"count":1,"href":"https:\/\/www.bellunopress.it\/fr\/wp-json\/wp\/v2\/posts\/164072\/revisions"}],"predecessor-version":[{"id":164073,"href":"https:\/\/www.bellunopress.it\/fr\/wp-json\/wp\/v2\/posts\/164072\/revisions\/164073"}],"wp:featuredmedia":[{"embeddable":true,"href":"https:\/\/www.bellunopress.it\/fr\/wp-json\/wp\/v2\/media\/147332"}],"wp:attachment":[{"href":"https:\/\/www.bellunopress.it\/fr\/wp-json\/wp\/v2\/media?parent=164072"}],"wp:term":[{"taxonomy":"category","embeddable":true,"href":"https:\/\/www.bellunopress.it\/fr\/wp-json\/wp\/v2\/categories?post=164072"},{"taxonomy":"post_tag","embeddable":true,"href":"https:\/\/www.bellunopress.it\/fr\/wp-json\/wp\/v2\/tags?post=164072"}],"curies":[{"name":"wp","href":"https:\/\/api.w.org\/{rel}","templated":true}]}}