{"id":164069,"date":"2025-10-13T12:54:45","date_gmt":"2025-10-13T10:54:45","guid":{"rendered":"https:\/\/www.bellunopress.it\/?p=164069"},"modified":"2025-10-13T12:54:45","modified_gmt":"2025-10-13T10:54:45","slug":"mercoledi-al-lollino-il-concerto-del-trio-mythos","status":"publish","type":"post","link":"https:\/\/www.bellunopress.it\/fr\/2025\/10\/13\/mercoledi-al-lollino-il-concerto-del-trio-mythos\/","title":{"rendered":"Mercoled\u00ec al Lollino il concerto del Trio Mythos"},"content":{"rendered":"<figure id=\"attachment_164070\" aria-describedby=\"caption-attachment-164070\" style=\"width: 800px\" class=\"wp-caption aligncenter\"><img loading=\"lazy\" decoding=\"async\" class=\"size-full wp-image-164070\" src=\"https:\/\/www.bellunopress.it\/wp-content\/uploads\/2025\/10\/Trio-Mythos.jpg\" alt=\"\" width=\"800\" height=\"533\" srcset=\"https:\/\/www.bellunopress.it\/wp-content\/uploads\/2025\/10\/Trio-Mythos.jpg 800w, https:\/\/www.bellunopress.it\/wp-content\/uploads\/2025\/10\/Trio-Mythos-500x333.jpg 500w, https:\/\/www.bellunopress.it\/wp-content\/uploads\/2025\/10\/Trio-Mythos-630x420.jpg 630w, https:\/\/www.bellunopress.it\/wp-content\/uploads\/2025\/10\/Trio-Mythos-696x464.jpg 696w\" sizes=\"auto, (max-width: 800px) 100vw, 800px\" \/><figcaption id=\"caption-attachment-164070\" class=\"wp-caption-text\">Trio Mythos<\/figcaption><\/figure>\n<p><strong>Mercoled\u00ec 15 ottobre 2025, 20:30, Liceo Lollino (BL) <\/strong><br \/>\n<strong>Ricorrenze e riscoperte (1\u00b0 concerto)<\/strong><br \/>\n<strong>Novecento: \u0160ostakovi\u010d, Tailleferre, Ghedini, Debussy<\/strong><\/p>\n<p>Torna a Belluno, da Roma, il Trio Mythos, ovvero Giuliano Cavaliere violino, Rina You violoncello e Marios Panteliadis pianoforte, mercoled\u00ec 15 ottobre, 20:30, all&#8217;Auditorium del Liceo Lollino di Belluno. per promuovere al pubblico bellunese alcune composizioni di rara esecuzione: Ricorrenze e riscoperte (1\u00b0 concerto) Novecento, con un programma che prevede l&#8217;interpretazione di: Claude Debussy (1862 &#8211; 1918), Trio in sol maggiore per violino, violoncello e pianoforte (1880); Germaine Tailleferre (1892 &#8211; 1983) Piano Trio (1916\/17 rev. 1978); Giorgio Federico Ghedini (1892 &#8211; 1965) Due Intermezzi (1915) e Dmitrij \u0160ostakovi\u010d (1906 &#8211; 1975) Trio per violino, violoncello e pianoforte n. 1 op. 8 (1923).<br \/>\nBiglietti, informazioni, note di sala complete e tutti i concerti della seconda parte della Stagione 2025, al sito belcircolo.org.<br \/>\nCome ben sottolinea l&#8217;estensore delle note di sala, Giuliano Cavaliere: &#8220;Il programma del concerto mette a confronto 4 opere giovanili, scritte da compositori che, pur muovendo i primi passi, lasciavano gi\u00e0 intravedere la loro voce inconfondibile&#8221;. E, dalle date riportate, si pu\u00f2 notare subito l&#8217;et\u00e0 in cui le opere furono composte: dai 16 ai 24 anni. Un concerto, dunque, quello offerto dal Circolo Culturale Bellunese, che permette dunque di scoprire il sorgere precoce di personalit\u00e0 geniali, rimaste nella storia della musica.<br \/>\nAl pubblico bellunese, il Circolo Culturale Bellunese offre cos\u00ec un nuovo appuntamento di rilevante spessore musicale, che esplora attraverso le composizioni il sorgere precoce di personalit\u00e0 geniali, poi rimaste nella storia della musica.<br \/>\nIl tutto, grazie un&#8217;eccellente formazione, il Trio Mythos, nato a Roma nel 2012 da musicisti diplomati con il massimo dei voti al Conservatorio \u201cS. Cecilia\u201d di Roma e quindi perfezionatisi con i maggiori docenti e concertisti italiani. Il Trio si \u00e8 esibito in decine e decine di concerti, in diverse citt\u00e0 italiane per importanti Associazioni e stagioni di concerti e festival e all&#8217;estero, tra cui Stati Uniti, Grecia, Corea del Sud, Budapest, Vienna ed Oslo. I tre musicisti, oltre all&#8217;attivit\u00e0 concertistica, sono impegnati anche nella didattica, insegnando in tre diversi Conservatori italiani. Come anticipato, il loro repertorio, in costante ampliamento, \u00e8 particolarmente attento alla produzione del Novecento e a quella contemporanea.<\/p>\n<p>Biglietti presso Gomitolo d\u2019Oro, via 30 aprile 1, a Belluno, chiuso domenica e luned\u00ec mattina, oppure nella sede del concerto, mezz\u2019ora prima del suo inizio. Informazioni, note di sala e tutti i concerti della seconda parte della Stagione 2025, al sito belcircolo.org.<\/p>\n<p>&nbsp;<\/p>","protected":false},"excerpt":{"rendered":"<p>Mercoled\u00ec 15 ottobre 2025, 20:30, Liceo Lollino (BL) Ricorrenze e riscoperte (1\u00b0 concerto) Novecento: \u0160ostakovi\u010d, Tailleferre, Ghedini, Debussy Torna a Belluno, da Roma, il Trio Mythos, ovvero Giuliano Cavaliere violino, Rina You violoncello e Marios Panteliadis pianoforte, mercoled\u00ec 15 ottobre, 20:30, all&#8217;Auditorium del Liceo Lollino di Belluno. per promuovere al pubblico bellunese alcune composizioni di [&hellip;]<\/p>\n","protected":false},"author":2,"featured_media":164070,"comment_status":"closed","ping_status":"open","sticky":false,"template":"","format":"standard","meta":{"footnotes":""},"categories":[27,3,25],"tags":[],"class_list":["post-164069","post","type-post","status-publish","format-standard","has-post-thumbnail","category-appuntamenti","category-arte-cultura-spettacoli-scienza-archivi","category-pausa-caffe"],"yoast_head":"<!-- This site is optimized with the Yoast SEO plugin v28.4 - https:\/\/yoast.com\/product\/yoast-seo-wordpress\/ -->\n<title>Mercoled\u00ec al Lollino il concerto del Trio Mythos - Bellunopress - Dolomiti<\/title>\n<meta name=\"robots\" content=\"index, follow, max-snippet:-1, max-image-preview:large, max-video-preview:-1\" \/>\n<link rel=\"canonical\" href=\"https:\/\/www.bellunopress.it\/fr\/2025\/10\/13\/mercoledi-al-lollino-il-concerto-del-trio-mythos\/\" \/>\n<meta property=\"og:locale\" content=\"fr_FR\" \/>\n<meta property=\"og:type\" content=\"article\" \/>\n<meta property=\"og:title\" content=\"Mercoled\u00ec al Lollino il concerto del Trio Mythos - Bellunopress - Dolomiti\" \/>\n<meta property=\"og:description\" content=\"Mercoled\u00ec 15 ottobre 2025, 20:30, Liceo Lollino (BL) Ricorrenze e riscoperte (1\u00b0 concerto) Novecento: \u0160ostakovi\u010d, Tailleferre, Ghedini, Debussy Torna a Belluno, da Roma, il Trio Mythos, ovvero Giuliano Cavaliere violino, Rina You violoncello e Marios Panteliadis pianoforte, mercoled\u00ec 15 ottobre, 20:30, all&#8217;Auditorium del Liceo Lollino di Belluno. per promuovere al pubblico bellunese alcune composizioni di [&hellip;]\" \/>\n<meta property=\"og:url\" content=\"https:\/\/www.bellunopress.it\/fr\/2025\/10\/13\/mercoledi-al-lollino-il-concerto-del-trio-mythos\/\" \/>\n<meta property=\"og:site_name\" content=\"Bellunopress - Dolomiti\" \/>\n<meta property=\"article:publisher\" content=\"https:\/\/www.facebook.com\/profile.php?id=100008943462799\" \/>\n<meta property=\"article:published_time\" content=\"2025-10-13T10:54:45+00:00\" \/>\n<meta property=\"og:image\" content=\"https:\/\/www.bellunopress.it\/wp-content\/uploads\/2025\/10\/Trio-Mythos.jpg\" \/>\n\t<meta property=\"og:image:width\" content=\"800\" \/>\n\t<meta property=\"og:image:height\" content=\"533\" \/>\n\t<meta property=\"og:image:type\" content=\"image\/jpeg\" \/>\n<meta name=\"author\" content=\"redazione\" \/>\n<meta name=\"twitter:card\" content=\"summary_large_image\" \/>\n<meta name=\"twitter:creator\" content=\"@bellunopress\" \/>\n<meta name=\"twitter:site\" content=\"@bellunopress\" \/>\n<meta name=\"twitter:label1\" content=\"\u00c9crit par\" \/>\n\t<meta name=\"twitter:data1\" content=\"redazione\" \/>\n\t<meta name=\"twitter:label2\" content=\"Dur\u00e9e de lecture estim\u00e9e\" \/>\n\t<meta name=\"twitter:data2\" content=\"2 minutes\" \/>\n<script type=\"application\/ld+json\" class=\"yoast-schema-graph\">{\"@context\":\"https:\\\/\\\/schema.org\",\"@graph\":[{\"@type\":\"Article\",\"@id\":\"https:\\\/\\\/www.bellunopress.it\\\/2025\\\/10\\\/13\\\/mercoledi-al-lollino-il-concerto-del-trio-mythos\\\/#article\",\"isPartOf\":{\"@id\":\"https:\\\/\\\/www.bellunopress.it\\\/2025\\\/10\\\/13\\\/mercoledi-al-lollino-il-concerto-del-trio-mythos\\\/\"},\"author\":{\"name\":\"redazione\",\"@id\":\"https:\\\/\\\/www.bellunopress.it\\\/#\\\/schema\\\/person\\\/79bb06722b37ece1c03d3e94beb30d73\"},\"headline\":\"Mercoled\u00ec al Lollino il concerto del Trio Mythos\",\"datePublished\":\"2025-10-13T10:54:45+00:00\",\"mainEntityOfPage\":{\"@id\":\"https:\\\/\\\/www.bellunopress.it\\\/2025\\\/10\\\/13\\\/mercoledi-al-lollino-il-concerto-del-trio-mythos\\\/\"},\"wordCount\":404,\"publisher\":{\"@id\":\"https:\\\/\\\/www.bellunopress.it\\\/#organization\"},\"image\":{\"@id\":\"https:\\\/\\\/www.bellunopress.it\\\/2025\\\/10\\\/13\\\/mercoledi-al-lollino-il-concerto-del-trio-mythos\\\/#primaryimage\"},\"thumbnailUrl\":\"https:\\\/\\\/www.bellunopress.it\\\/wp-content\\\/uploads\\\/2025\\\/10\\\/Trio-Mythos.jpg\",\"articleSection\":[\"Appuntamenti, Eventi\",\"Arte, Cultura, Spettacoli, Scienza\",\"Pausa Caff\u00e8\"],\"inLanguage\":\"fr-FR\"},{\"@type\":\"WebPage\",\"@id\":\"https:\\\/\\\/www.bellunopress.it\\\/2025\\\/10\\\/13\\\/mercoledi-al-lollino-il-concerto-del-trio-mythos\\\/\",\"url\":\"https:\\\/\\\/www.bellunopress.it\\\/2025\\\/10\\\/13\\\/mercoledi-al-lollino-il-concerto-del-trio-mythos\\\/\",\"name\":\"Mercoled\u00ec al Lollino il concerto del Trio Mythos - Bellunopress - Dolomiti\",\"isPartOf\":{\"@id\":\"https:\\\/\\\/www.bellunopress.it\\\/#website\"},\"primaryImageOfPage\":{\"@id\":\"https:\\\/\\\/www.bellunopress.it\\\/2025\\\/10\\\/13\\\/mercoledi-al-lollino-il-concerto-del-trio-mythos\\\/#primaryimage\"},\"image\":{\"@id\":\"https:\\\/\\\/www.bellunopress.it\\\/2025\\\/10\\\/13\\\/mercoledi-al-lollino-il-concerto-del-trio-mythos\\\/#primaryimage\"},\"thumbnailUrl\":\"https:\\\/\\\/www.bellunopress.it\\\/wp-content\\\/uploads\\\/2025\\\/10\\\/Trio-Mythos.jpg\",\"datePublished\":\"2025-10-13T10:54:45+00:00\",\"breadcrumb\":{\"@id\":\"https:\\\/\\\/www.bellunopress.it\\\/2025\\\/10\\\/13\\\/mercoledi-al-lollino-il-concerto-del-trio-mythos\\\/#breadcrumb\"},\"inLanguage\":\"fr-FR\",\"potentialAction\":[{\"@type\":\"ReadAction\",\"target\":[\"https:\\\/\\\/www.bellunopress.it\\\/2025\\\/10\\\/13\\\/mercoledi-al-lollino-il-concerto-del-trio-mythos\\\/\"]}]},{\"@type\":\"ImageObject\",\"inLanguage\":\"fr-FR\",\"@id\":\"https:\\\/\\\/www.bellunopress.it\\\/2025\\\/10\\\/13\\\/mercoledi-al-lollino-il-concerto-del-trio-mythos\\\/#primaryimage\",\"url\":\"https:\\\/\\\/www.bellunopress.it\\\/wp-content\\\/uploads\\\/2025\\\/10\\\/Trio-Mythos.jpg\",\"contentUrl\":\"https:\\\/\\\/www.bellunopress.it\\\/wp-content\\\/uploads\\\/2025\\\/10\\\/Trio-Mythos.jpg\",\"width\":800,\"height\":533,\"caption\":\"Trio Mythos\"},{\"@type\":\"BreadcrumbList\",\"@id\":\"https:\\\/\\\/www.bellunopress.it\\\/2025\\\/10\\\/13\\\/mercoledi-al-lollino-il-concerto-del-trio-mythos\\\/#breadcrumb\",\"itemListElement\":[{\"@type\":\"ListItem\",\"position\":1,\"name\":\"Home\",\"item\":\"https:\\\/\\\/www.bellunopress.it\\\/\"},{\"@type\":\"ListItem\",\"position\":2,\"name\":\"Mercoled\u00ec al Lollino il concerto del Trio Mythos\"}]},{\"@type\":\"WebSite\",\"@id\":\"https:\\\/\\\/www.bellunopress.it\\\/#website\",\"url\":\"https:\\\/\\\/www.bellunopress.it\\\/\",\"name\":\"Bellunopress - Dolomiti\",\"description\":\"e-mail: redazione@bellunopress.it\",\"publisher\":{\"@id\":\"https:\\\/\\\/www.bellunopress.it\\\/#organization\"},\"potentialAction\":[{\"@type\":\"SearchAction\",\"target\":{\"@type\":\"EntryPoint\",\"urlTemplate\":\"https:\\\/\\\/www.bellunopress.it\\\/?s={search_term_string}\"},\"query-input\":{\"@type\":\"PropertyValueSpecification\",\"valueRequired\":true,\"valueName\":\"search_term_string\"}}],\"inLanguage\":\"fr-FR\"},{\"@type\":\"Organization\",\"@id\":\"https:\\\/\\\/www.bellunopress.it\\\/#organization\",\"name\":\"Bellunopress\",\"url\":\"https:\\\/\\\/www.bellunopress.it\\\/\",\"logo\":{\"@type\":\"ImageObject\",\"inLanguage\":\"fr-FR\",\"@id\":\"https:\\\/\\\/www.bellunopress.it\\\/#\\\/schema\\\/logo\\\/image\\\/\",\"url\":\"https:\\\/\\\/www.bellunopress.it\\\/wp-content\\\/uploads\\\/2011\\\/05\\\/cropped-logo-bellunopress-.jpg\",\"contentUrl\":\"https:\\\/\\\/www.bellunopress.it\\\/wp-content\\\/uploads\\\/2011\\\/05\\\/cropped-logo-bellunopress-.jpg\",\"width\":512,\"height\":512,\"caption\":\"Bellunopress\"},\"image\":{\"@id\":\"https:\\\/\\\/www.bellunopress.it\\\/#\\\/schema\\\/logo\\\/image\\\/\"},\"sameAs\":[\"https:\\\/\\\/www.facebook.com\\\/profile.php?id=100008943462799\",\"https:\\\/\\\/x.com\\\/bellunopress\",\"https:\\\/\\\/www.linkedin.com\\\/hp\\\/?dnr=JBzUWaJfMUw8vbXJJ2tVW5-I3jZKvC4wsoxE&amp;amp;amp;amp;amp;amp;trk=nav_responsive_tab_home\",\"https:\\\/\\\/www.youtube.com\\\/channel\\\/UCxL0wu1uN0_3_7hGG0306cw\"]},{\"@type\":\"Person\",\"@id\":\"https:\\\/\\\/www.bellunopress.it\\\/#\\\/schema\\\/person\\\/79bb06722b37ece1c03d3e94beb30d73\",\"name\":\"redazione\",\"image\":{\"@type\":\"ImageObject\",\"inLanguage\":\"fr-FR\",\"@id\":\"https:\\\/\\\/secure.gravatar.com\\\/avatar\\\/37d968a2e67a6fd04c169c4bdef102d0bc5d31b2546345219e348575eb80e9a0?s=96&d=mm&r=g\",\"url\":\"https:\\\/\\\/secure.gravatar.com\\\/avatar\\\/37d968a2e67a6fd04c169c4bdef102d0bc5d31b2546345219e348575eb80e9a0?s=96&d=mm&r=g\",\"contentUrl\":\"https:\\\/\\\/secure.gravatar.com\\\/avatar\\\/37d968a2e67a6fd04c169c4bdef102d0bc5d31b2546345219e348575eb80e9a0?s=96&d=mm&r=g\",\"caption\":\"redazione\"},\"sameAs\":[\"http:\\\/\\\/www.bellunopress.it\",\"https:\\\/\\\/x.com\\\/bellunopress\"],\"url\":\"https:\\\/\\\/www.bellunopress.it\\\/fr\\\/author\\\/redazione\\\/\"}]}<\/script>\n<!-- \/ Yoast SEO plugin. -->","yoast_head_json":{"title":"Mercoled\u00ec al Lollino il concerto del Trio Mythos - Bellunopress - Dolomiti","robots":{"index":"index","follow":"follow","max-snippet":"max-snippet:-1","max-image-preview":"max-image-preview:large","max-video-preview":"max-video-preview:-1"},"canonical":"https:\/\/www.bellunopress.it\/fr\/2025\/10\/13\/mercoledi-al-lollino-il-concerto-del-trio-mythos\/","og_locale":"fr_FR","og_type":"article","og_title":"Mercoled\u00ec al Lollino il concerto del Trio Mythos - Bellunopress - Dolomiti","og_description":"Mercoled\u00ec 15 ottobre 2025, 20:30, Liceo Lollino (BL) Ricorrenze e riscoperte (1\u00b0 concerto) Novecento: \u0160ostakovi\u010d, Tailleferre, Ghedini, Debussy Torna a Belluno, da Roma, il Trio Mythos, ovvero Giuliano Cavaliere violino, Rina You violoncello e Marios Panteliadis pianoforte, mercoled\u00ec 15 ottobre, 20:30, all&#8217;Auditorium del Liceo Lollino di Belluno. per promuovere al pubblico bellunese alcune composizioni di [&hellip;]","og_url":"https:\/\/www.bellunopress.it\/fr\/2025\/10\/13\/mercoledi-al-lollino-il-concerto-del-trio-mythos\/","og_site_name":"Bellunopress - Dolomiti","article_publisher":"https:\/\/www.facebook.com\/profile.php?id=100008943462799","article_published_time":"2025-10-13T10:54:45+00:00","og_image":[{"width":800,"height":533,"url":"https:\/\/www.bellunopress.it\/wp-content\/uploads\/2025\/10\/Trio-Mythos.jpg","type":"image\/jpeg"}],"author":"redazione","twitter_card":"summary_large_image","twitter_creator":"@bellunopress","twitter_site":"@bellunopress","twitter_misc":{"\u00c9crit par":"redazione","Dur\u00e9e de lecture estim\u00e9e":"2 minutes"},"schema":{"@context":"https:\/\/schema.org","@graph":[{"@type":"Article","@id":"https:\/\/www.bellunopress.it\/2025\/10\/13\/mercoledi-al-lollino-il-concerto-del-trio-mythos\/#article","isPartOf":{"@id":"https:\/\/www.bellunopress.it\/2025\/10\/13\/mercoledi-al-lollino-il-concerto-del-trio-mythos\/"},"author":{"name":"redazione","@id":"https:\/\/www.bellunopress.it\/#\/schema\/person\/79bb06722b37ece1c03d3e94beb30d73"},"headline":"Mercoled\u00ec al Lollino il concerto del Trio Mythos","datePublished":"2025-10-13T10:54:45+00:00","mainEntityOfPage":{"@id":"https:\/\/www.bellunopress.it\/2025\/10\/13\/mercoledi-al-lollino-il-concerto-del-trio-mythos\/"},"wordCount":404,"publisher":{"@id":"https:\/\/www.bellunopress.it\/#organization"},"image":{"@id":"https:\/\/www.bellunopress.it\/2025\/10\/13\/mercoledi-al-lollino-il-concerto-del-trio-mythos\/#primaryimage"},"thumbnailUrl":"https:\/\/www.bellunopress.it\/wp-content\/uploads\/2025\/10\/Trio-Mythos.jpg","articleSection":["Appuntamenti, Eventi","Arte, Cultura, Spettacoli, Scienza","Pausa Caff\u00e8"],"inLanguage":"fr-FR"},{"@type":"WebPage","@id":"https:\/\/www.bellunopress.it\/2025\/10\/13\/mercoledi-al-lollino-il-concerto-del-trio-mythos\/","url":"https:\/\/www.bellunopress.it\/2025\/10\/13\/mercoledi-al-lollino-il-concerto-del-trio-mythos\/","name":"Mercoled\u00ec al Lollino il concerto del Trio Mythos - Bellunopress - Dolomiti","isPartOf":{"@id":"https:\/\/www.bellunopress.it\/#website"},"primaryImageOfPage":{"@id":"https:\/\/www.bellunopress.it\/2025\/10\/13\/mercoledi-al-lollino-il-concerto-del-trio-mythos\/#primaryimage"},"image":{"@id":"https:\/\/www.bellunopress.it\/2025\/10\/13\/mercoledi-al-lollino-il-concerto-del-trio-mythos\/#primaryimage"},"thumbnailUrl":"https:\/\/www.bellunopress.it\/wp-content\/uploads\/2025\/10\/Trio-Mythos.jpg","datePublished":"2025-10-13T10:54:45+00:00","breadcrumb":{"@id":"https:\/\/www.bellunopress.it\/2025\/10\/13\/mercoledi-al-lollino-il-concerto-del-trio-mythos\/#breadcrumb"},"inLanguage":"fr-FR","potentialAction":[{"@type":"ReadAction","target":["https:\/\/www.bellunopress.it\/2025\/10\/13\/mercoledi-al-lollino-il-concerto-del-trio-mythos\/"]}]},{"@type":"ImageObject","inLanguage":"fr-FR","@id":"https:\/\/www.bellunopress.it\/2025\/10\/13\/mercoledi-al-lollino-il-concerto-del-trio-mythos\/#primaryimage","url":"https:\/\/www.bellunopress.it\/wp-content\/uploads\/2025\/10\/Trio-Mythos.jpg","contentUrl":"https:\/\/www.bellunopress.it\/wp-content\/uploads\/2025\/10\/Trio-Mythos.jpg","width":800,"height":533,"caption":"Trio Mythos"},{"@type":"BreadcrumbList","@id":"https:\/\/www.bellunopress.it\/2025\/10\/13\/mercoledi-al-lollino-il-concerto-del-trio-mythos\/#breadcrumb","itemListElement":[{"@type":"ListItem","position":1,"name":"Home","item":"https:\/\/www.bellunopress.it\/"},{"@type":"ListItem","position":2,"name":"Mercoled\u00ec al Lollino il concerto del Trio Mythos"}]},{"@type":"WebSite","@id":"https:\/\/www.bellunopress.it\/#website","url":"https:\/\/www.bellunopress.it\/","name":"Bellunopress - Dolomiti","description":"e-mail: redazione@bellunopress.it","publisher":{"@id":"https:\/\/www.bellunopress.it\/#organization"},"potentialAction":[{"@type":"SearchAction","target":{"@type":"EntryPoint","urlTemplate":"https:\/\/www.bellunopress.it\/?s={search_term_string}"},"query-input":{"@type":"PropertyValueSpecification","valueRequired":true,"valueName":"search_term_string"}}],"inLanguage":"fr-FR"},{"@type":"Organization","@id":"https:\/\/www.bellunopress.it\/#organization","name":"Bellunopress","url":"https:\/\/www.bellunopress.it\/","logo":{"@type":"ImageObject","inLanguage":"fr-FR","@id":"https:\/\/www.bellunopress.it\/#\/schema\/logo\/image\/","url":"https:\/\/www.bellunopress.it\/wp-content\/uploads\/2011\/05\/cropped-logo-bellunopress-.jpg","contentUrl":"https:\/\/www.bellunopress.it\/wp-content\/uploads\/2011\/05\/cropped-logo-bellunopress-.jpg","width":512,"height":512,"caption":"Bellunopress"},"image":{"@id":"https:\/\/www.bellunopress.it\/#\/schema\/logo\/image\/"},"sameAs":["https:\/\/www.facebook.com\/profile.php?id=100008943462799","https:\/\/x.com\/bellunopress","https:\/\/www.linkedin.com\/hp\/?dnr=JBzUWaJfMUw8vbXJJ2tVW5-I3jZKvC4wsoxE&amp;amp;amp;amp;amp;amp;trk=nav_responsive_tab_home","https:\/\/www.youtube.com\/channel\/UCxL0wu1uN0_3_7hGG0306cw"]},{"@type":"Person","@id":"https:\/\/www.bellunopress.it\/#\/schema\/person\/79bb06722b37ece1c03d3e94beb30d73","name":"r\u00e9daction","image":{"@type":"ImageObject","inLanguage":"fr-FR","@id":"https:\/\/secure.gravatar.com\/avatar\/37d968a2e67a6fd04c169c4bdef102d0bc5d31b2546345219e348575eb80e9a0?s=96&d=mm&r=g","url":"https:\/\/secure.gravatar.com\/avatar\/37d968a2e67a6fd04c169c4bdef102d0bc5d31b2546345219e348575eb80e9a0?s=96&d=mm&r=g","contentUrl":"https:\/\/secure.gravatar.com\/avatar\/37d968a2e67a6fd04c169c4bdef102d0bc5d31b2546345219e348575eb80e9a0?s=96&d=mm&r=g","caption":"redazione"},"sameAs":["http:\/\/www.bellunopress.it","https:\/\/x.com\/bellunopress"],"url":"https:\/\/www.bellunopress.it\/fr\/author\/redazione\/"}]}},"_links":{"self":[{"href":"https:\/\/www.bellunopress.it\/fr\/wp-json\/wp\/v2\/posts\/164069","targetHints":{"allow":["GET"]}}],"collection":[{"href":"https:\/\/www.bellunopress.it\/fr\/wp-json\/wp\/v2\/posts"}],"about":[{"href":"https:\/\/www.bellunopress.it\/fr\/wp-json\/wp\/v2\/types\/post"}],"author":[{"embeddable":true,"href":"https:\/\/www.bellunopress.it\/fr\/wp-json\/wp\/v2\/users\/2"}],"replies":[{"embeddable":true,"href":"https:\/\/www.bellunopress.it\/fr\/wp-json\/wp\/v2\/comments?post=164069"}],"version-history":[{"count":1,"href":"https:\/\/www.bellunopress.it\/fr\/wp-json\/wp\/v2\/posts\/164069\/revisions"}],"predecessor-version":[{"id":164071,"href":"https:\/\/www.bellunopress.it\/fr\/wp-json\/wp\/v2\/posts\/164069\/revisions\/164071"}],"wp:featuredmedia":[{"embeddable":true,"href":"https:\/\/www.bellunopress.it\/fr\/wp-json\/wp\/v2\/media\/164070"}],"wp:attachment":[{"href":"https:\/\/www.bellunopress.it\/fr\/wp-json\/wp\/v2\/media?parent=164069"}],"wp:term":[{"taxonomy":"category","embeddable":true,"href":"https:\/\/www.bellunopress.it\/fr\/wp-json\/wp\/v2\/categories?post=164069"},{"taxonomy":"post_tag","embeddable":true,"href":"https:\/\/www.bellunopress.it\/fr\/wp-json\/wp\/v2\/tags?post=164069"}],"curies":[{"name":"wp","href":"https:\/\/api.w.org\/{rel}","templated":true}]}}