{"id":164065,"date":"2025-10-13T10:00:23","date_gmt":"2025-10-13T08:00:23","guid":{"rendered":"https:\/\/www.bellunopress.it\/?p=164065"},"modified":"2025-10-13T09:25:35","modified_gmt":"2025-10-13T07:25:35","slug":"la-mongolfiera-di-giorgia-onlus-apre-il-bando-per-finanziare-progetti-di-sollievo","status":"publish","type":"post","link":"https:\/\/www.bellunopress.it\/fr\/2025\/10\/13\/la-mongolfiera-di-giorgia-onlus-apre-il-bando-per-finanziare-progetti-di-sollievo\/","title":{"rendered":"La Mongolfiera di Giorgia onlus apre il bando per finanziare progetti di sollievo"},"content":{"rendered":"<figure id=\"attachment_164066\" aria-describedby=\"caption-attachment-164066\" style=\"width: 800px\" class=\"wp-caption aligncenter\"><img loading=\"lazy\" decoding=\"async\" class=\"size-full wp-image-164066\" src=\"https:\/\/www.bellunopress.it\/wp-content\/uploads\/2025\/10\/Giorgia-Praloran-La-Mongolfiera-di-Giorgia_edited.jpg\" alt=\"\" width=\"800\" height=\"513\" srcset=\"https:\/\/www.bellunopress.it\/wp-content\/uploads\/2025\/10\/Giorgia-Praloran-La-Mongolfiera-di-Giorgia_edited.jpg 800w, https:\/\/www.bellunopress.it\/wp-content\/uploads\/2025\/10\/Giorgia-Praloran-La-Mongolfiera-di-Giorgia_edited-500x321.jpg 500w, https:\/\/www.bellunopress.it\/wp-content\/uploads\/2025\/10\/Giorgia-Praloran-La-Mongolfiera-di-Giorgia_edited-655x420.jpg 655w, https:\/\/www.bellunopress.it\/wp-content\/uploads\/2025\/10\/Giorgia-Praloran-La-Mongolfiera-di-Giorgia_edited-696x446.jpg 696w\" sizes=\"auto, (max-width: 800px) 100vw, 800px\" \/><figcaption id=\"caption-attachment-164066\" class=\"wp-caption-text\">Giorgia Praloran<\/figcaption><\/figure>\n<p><strong>L\u2019Associazione conta di superare con il prossimo bando i 100.000 euro di contributi assegnati dalla sua fondazione<\/strong><\/p>\n<p>Il 10 ottobre, in occasione del nono anniversario di Giorgia Praloran, giovane bellunese mancata nel 2016 a causa di un tumore aggressivo, uscir\u00e0 il quindicesimo bando dell\u2019associazione La Mongolfiera di Giorgia. Giorgia era una ragazza di 18 anni quando si \u00e8 ammalata, con sogni \u201cda grandi\u201d e passioni mature che ha voluto continuare a coltivare anche durante la malattia.<\/p>\n<p>L\u2019associazione nata in sua memoria vuole volare sopra malattie e disabilit\u00e0 per portare leggerezza e conforto a ragazzi come lei: \u201ccon quest\u2019ultimo bando ci proponiamo di superare i 100.000 euro di contributi assegnati\u201d dichiara la Presidente Ivana Turrin, \u201cun risultato sorprendente, a beneficio di tanti ragazzi, tra i 13 e i 24 anni, che hanno potuto realizzare i progetti pi\u00f9 diversi, come diverse e speciali sono le passioni di ognuno di loro. Qualcuno, nonostante la disabilit\u00e0, \u00e8 riuscito a partecipare ad una gita o ad un summercamp, molti hanno trovato sollievo grazie a lezioni di nuoto con istruttore dedicato, lezioni di ippoterapia o musicoterapia; sono stati acquistati pc, tablet e consolle per videogiochi, scooter elettrici, videoingranditori\u2026\u201d.<\/p>\n<p>Grazie alla generosit\u00e0 di molti donatori e al fondamentale apporto di pi\u00f9 di 160 soci, anche questo bando potr\u00e0 mettere a disposizione 10.000 euro per i progetti che saranno presentati da ragazzi con disabilit\u00e0 anche temporanea dal 10 ottobre alla mezzanotte del 9 dicembre.<\/p>\n<p>Il bando e il form di richiesta sono disponibili nel sito www.lamongolfieradigiorgia.it, assieme a tante altre informazioni sull\u2019attivit\u00e0 dell\u2019Associazione e indicazioni su come sostenerla.<\/p>","protected":false},"excerpt":{"rendered":"<p>L\u2019Associazione conta di superare con il prossimo bando i 100.000 euro di contributi assegnati dalla sua fondazione Il 10 ottobre, in occasione del nono anniversario di Giorgia Praloran, giovane bellunese mancata nel 2016 a causa di un tumore aggressivo, uscir\u00e0 il quindicesimo bando dell\u2019associazione La Mongolfiera di Giorgia. Giorgia era una ragazza di 18 anni [&hellip;]<\/p>\n","protected":false},"author":2,"featured_media":164066,"comment_status":"closed","ping_status":"open","sticky":false,"template":"","format":"standard","meta":{"footnotes":""},"categories":[25,8],"tags":[],"class_list":["post-164065","post","type-post","status-publish","format-standard","has-post-thumbnail","category-pausa-caffe","category-societa-istituzioni"],"yoast_head":"<!-- This site is optimized with the Yoast SEO plugin v28.4 - https:\/\/yoast.com\/product\/yoast-seo-wordpress\/ -->\n<title>La Mongolfiera di Giorgia onlus apre il bando per finanziare progetti di sollievo - Bellunopress - Dolomiti<\/title>\n<meta name=\"robots\" content=\"index, follow, max-snippet:-1, max-image-preview:large, max-video-preview:-1\" \/>\n<link rel=\"canonical\" href=\"https:\/\/www.bellunopress.it\/fr\/2025\/10\/13\/la-mongolfiera-di-giorgia-onlus-apre-il-bando-per-finanziare-progetti-di-sollievo\/\" \/>\n<meta property=\"og:locale\" content=\"fr_FR\" \/>\n<meta property=\"og:type\" content=\"article\" \/>\n<meta property=\"og:title\" content=\"La Mongolfiera di Giorgia onlus apre il bando per finanziare progetti di sollievo - Bellunopress - Dolomiti\" \/>\n<meta property=\"og:description\" content=\"L\u2019Associazione conta di superare con il prossimo bando i 100.000 euro di contributi assegnati dalla sua fondazione Il 10 ottobre, in occasione del nono anniversario di Giorgia Praloran, giovane bellunese mancata nel 2016 a causa di un tumore aggressivo, uscir\u00e0 il quindicesimo bando dell\u2019associazione La Mongolfiera di Giorgia. Giorgia era una ragazza di 18 anni [&hellip;]\" \/>\n<meta property=\"og:url\" content=\"https:\/\/www.bellunopress.it\/fr\/2025\/10\/13\/la-mongolfiera-di-giorgia-onlus-apre-il-bando-per-finanziare-progetti-di-sollievo\/\" \/>\n<meta property=\"og:site_name\" content=\"Bellunopress - Dolomiti\" \/>\n<meta property=\"article:publisher\" content=\"https:\/\/www.facebook.com\/profile.php?id=100008943462799\" \/>\n<meta property=\"article:published_time\" content=\"2025-10-13T08:00:23+00:00\" \/>\n<meta property=\"og:image\" content=\"https:\/\/www.bellunopress.it\/wp-content\/uploads\/2025\/10\/Giorgia-Praloran-La-Mongolfiera-di-Giorgia_edited.jpg\" \/>\n\t<meta property=\"og:image:width\" content=\"800\" \/>\n\t<meta property=\"og:image:height\" content=\"513\" \/>\n\t<meta property=\"og:image:type\" content=\"image\/jpeg\" \/>\n<meta name=\"author\" content=\"redazione\" \/>\n<meta name=\"twitter:card\" content=\"summary_large_image\" \/>\n<meta name=\"twitter:creator\" content=\"@bellunopress\" \/>\n<meta name=\"twitter:site\" content=\"@bellunopress\" \/>\n<meta name=\"twitter:label1\" content=\"Written by\" \/>\n\t<meta name=\"twitter:data1\" content=\"redazione\" \/>\n\t<meta name=\"twitter:label2\" content=\"Est. reading time\" \/>\n\t<meta name=\"twitter:data2\" content=\"1 minute\" \/>\n<script type=\"application\/ld+json\" class=\"yoast-schema-graph\">{\"@context\":\"https:\\\/\\\/schema.org\",\"@graph\":[{\"@type\":\"Article\",\"@id\":\"https:\\\/\\\/www.bellunopress.it\\\/2025\\\/10\\\/13\\\/la-mongolfiera-di-giorgia-onlus-apre-il-bando-per-finanziare-progetti-di-sollievo\\\/#article\",\"isPartOf\":{\"@id\":\"https:\\\/\\\/www.bellunopress.it\\\/2025\\\/10\\\/13\\\/la-mongolfiera-di-giorgia-onlus-apre-il-bando-per-finanziare-progetti-di-sollievo\\\/\"},\"author\":{\"name\":\"redazione\",\"@id\":\"https:\\\/\\\/www.bellunopress.it\\\/#\\\/schema\\\/person\\\/79bb06722b37ece1c03d3e94beb30d73\"},\"headline\":\"La Mongolfiera di Giorgia onlus apre il bando per finanziare progetti di sollievo\",\"datePublished\":\"2025-10-13T08:00:23+00:00\",\"mainEntityOfPage\":{\"@id\":\"https:\\\/\\\/www.bellunopress.it\\\/2025\\\/10\\\/13\\\/la-mongolfiera-di-giorgia-onlus-apre-il-bando-per-finanziare-progetti-di-sollievo\\\/\"},\"wordCount\":277,\"publisher\":{\"@id\":\"https:\\\/\\\/www.bellunopress.it\\\/#organization\"},\"image\":{\"@id\":\"https:\\\/\\\/www.bellunopress.it\\\/2025\\\/10\\\/13\\\/la-mongolfiera-di-giorgia-onlus-apre-il-bando-per-finanziare-progetti-di-sollievo\\\/#primaryimage\"},\"thumbnailUrl\":\"https:\\\/\\\/www.bellunopress.it\\\/wp-content\\\/uploads\\\/2025\\\/10\\\/Giorgia-Praloran-La-Mongolfiera-di-Giorgia_edited.jpg\",\"articleSection\":[\"Pausa Caff\u00e8\",\"Societ\u00e0, Associazioni, Istituzioni\"],\"inLanguage\":\"fr-FR\"},{\"@type\":\"WebPage\",\"@id\":\"https:\\\/\\\/www.bellunopress.it\\\/2025\\\/10\\\/13\\\/la-mongolfiera-di-giorgia-onlus-apre-il-bando-per-finanziare-progetti-di-sollievo\\\/\",\"url\":\"https:\\\/\\\/www.bellunopress.it\\\/2025\\\/10\\\/13\\\/la-mongolfiera-di-giorgia-onlus-apre-il-bando-per-finanziare-progetti-di-sollievo\\\/\",\"name\":\"La Mongolfiera di Giorgia onlus apre il bando per finanziare progetti di sollievo - Bellunopress - Dolomiti\",\"isPartOf\":{\"@id\":\"https:\\\/\\\/www.bellunopress.it\\\/#website\"},\"primaryImageOfPage\":{\"@id\":\"https:\\\/\\\/www.bellunopress.it\\\/2025\\\/10\\\/13\\\/la-mongolfiera-di-giorgia-onlus-apre-il-bando-per-finanziare-progetti-di-sollievo\\\/#primaryimage\"},\"image\":{\"@id\":\"https:\\\/\\\/www.bellunopress.it\\\/2025\\\/10\\\/13\\\/la-mongolfiera-di-giorgia-onlus-apre-il-bando-per-finanziare-progetti-di-sollievo\\\/#primaryimage\"},\"thumbnailUrl\":\"https:\\\/\\\/www.bellunopress.it\\\/wp-content\\\/uploads\\\/2025\\\/10\\\/Giorgia-Praloran-La-Mongolfiera-di-Giorgia_edited.jpg\",\"datePublished\":\"2025-10-13T08:00:23+00:00\",\"breadcrumb\":{\"@id\":\"https:\\\/\\\/www.bellunopress.it\\\/2025\\\/10\\\/13\\\/la-mongolfiera-di-giorgia-onlus-apre-il-bando-per-finanziare-progetti-di-sollievo\\\/#breadcrumb\"},\"inLanguage\":\"fr-FR\",\"potentialAction\":[{\"@type\":\"ReadAction\",\"target\":[\"https:\\\/\\\/www.bellunopress.it\\\/2025\\\/10\\\/13\\\/la-mongolfiera-di-giorgia-onlus-apre-il-bando-per-finanziare-progetti-di-sollievo\\\/\"]}]},{\"@type\":\"ImageObject\",\"inLanguage\":\"fr-FR\",\"@id\":\"https:\\\/\\\/www.bellunopress.it\\\/2025\\\/10\\\/13\\\/la-mongolfiera-di-giorgia-onlus-apre-il-bando-per-finanziare-progetti-di-sollievo\\\/#primaryimage\",\"url\":\"https:\\\/\\\/www.bellunopress.it\\\/wp-content\\\/uploads\\\/2025\\\/10\\\/Giorgia-Praloran-La-Mongolfiera-di-Giorgia_edited.jpg\",\"contentUrl\":\"https:\\\/\\\/www.bellunopress.it\\\/wp-content\\\/uploads\\\/2025\\\/10\\\/Giorgia-Praloran-La-Mongolfiera-di-Giorgia_edited.jpg\",\"width\":800,\"height\":513,\"caption\":\"Giorgia Praloran\"},{\"@type\":\"BreadcrumbList\",\"@id\":\"https:\\\/\\\/www.bellunopress.it\\\/2025\\\/10\\\/13\\\/la-mongolfiera-di-giorgia-onlus-apre-il-bando-per-finanziare-progetti-di-sollievo\\\/#breadcrumb\",\"itemListElement\":[{\"@type\":\"ListItem\",\"position\":1,\"name\":\"Home\",\"item\":\"https:\\\/\\\/www.bellunopress.it\\\/\"},{\"@type\":\"ListItem\",\"position\":2,\"name\":\"La Mongolfiera di Giorgia onlus apre il bando per finanziare progetti di sollievo\"}]},{\"@type\":\"WebSite\",\"@id\":\"https:\\\/\\\/www.bellunopress.it\\\/#website\",\"url\":\"https:\\\/\\\/www.bellunopress.it\\\/\",\"name\":\"Bellunopress - Dolomiti\",\"description\":\"e-mail: redazione@bellunopress.it\",\"publisher\":{\"@id\":\"https:\\\/\\\/www.bellunopress.it\\\/#organization\"},\"potentialAction\":[{\"@type\":\"SearchAction\",\"target\":{\"@type\":\"EntryPoint\",\"urlTemplate\":\"https:\\\/\\\/www.bellunopress.it\\\/?s={search_term_string}\"},\"query-input\":{\"@type\":\"PropertyValueSpecification\",\"valueRequired\":true,\"valueName\":\"search_term_string\"}}],\"inLanguage\":\"fr-FR\"},{\"@type\":\"Organization\",\"@id\":\"https:\\\/\\\/www.bellunopress.it\\\/#organization\",\"name\":\"Bellunopress\",\"url\":\"https:\\\/\\\/www.bellunopress.it\\\/\",\"logo\":{\"@type\":\"ImageObject\",\"inLanguage\":\"fr-FR\",\"@id\":\"https:\\\/\\\/www.bellunopress.it\\\/#\\\/schema\\\/logo\\\/image\\\/\",\"url\":\"https:\\\/\\\/www.bellunopress.it\\\/wp-content\\\/uploads\\\/2011\\\/05\\\/cropped-logo-bellunopress-.jpg\",\"contentUrl\":\"https:\\\/\\\/www.bellunopress.it\\\/wp-content\\\/uploads\\\/2011\\\/05\\\/cropped-logo-bellunopress-.jpg\",\"width\":512,\"height\":512,\"caption\":\"Bellunopress\"},\"image\":{\"@id\":\"https:\\\/\\\/www.bellunopress.it\\\/#\\\/schema\\\/logo\\\/image\\\/\"},\"sameAs\":[\"https:\\\/\\\/www.facebook.com\\\/profile.php?id=100008943462799\",\"https:\\\/\\\/x.com\\\/bellunopress\",\"https:\\\/\\\/www.linkedin.com\\\/hp\\\/?dnr=JBzUWaJfMUw8vbXJJ2tVW5-I3jZKvC4wsoxE&amp;amp;amp;amp;amp;amp;trk=nav_responsive_tab_home\",\"https:\\\/\\\/www.youtube.com\\\/channel\\\/UCxL0wu1uN0_3_7hGG0306cw\"]},{\"@type\":\"Person\",\"@id\":\"https:\\\/\\\/www.bellunopress.it\\\/#\\\/schema\\\/person\\\/79bb06722b37ece1c03d3e94beb30d73\",\"name\":\"redazione\",\"image\":{\"@type\":\"ImageObject\",\"inLanguage\":\"fr-FR\",\"@id\":\"https:\\\/\\\/secure.gravatar.com\\\/avatar\\\/37d968a2e67a6fd04c169c4bdef102d0bc5d31b2546345219e348575eb80e9a0?s=96&d=mm&r=g\",\"url\":\"https:\\\/\\\/secure.gravatar.com\\\/avatar\\\/37d968a2e67a6fd04c169c4bdef102d0bc5d31b2546345219e348575eb80e9a0?s=96&d=mm&r=g\",\"contentUrl\":\"https:\\\/\\\/secure.gravatar.com\\\/avatar\\\/37d968a2e67a6fd04c169c4bdef102d0bc5d31b2546345219e348575eb80e9a0?s=96&d=mm&r=g\",\"caption\":\"redazione\"},\"sameAs\":[\"http:\\\/\\\/www.bellunopress.it\",\"https:\\\/\\\/x.com\\\/bellunopress\"],\"url\":\"https:\\\/\\\/www.bellunopress.it\\\/fr\\\/author\\\/redazione\\\/\"}]}<\/script>\n<!-- \/ Yoast SEO plugin. -->","yoast_head_json":{"title":"La Mongolfiera di Giorgia onlus apre il bando per finanziare progetti di sollievo - Bellunopress - Dolomiti","robots":{"index":"index","follow":"follow","max-snippet":"max-snippet:-1","max-image-preview":"max-image-preview:large","max-video-preview":"max-video-preview:-1"},"canonical":"https:\/\/www.bellunopress.it\/fr\/2025\/10\/13\/la-mongolfiera-di-giorgia-onlus-apre-il-bando-per-finanziare-progetti-di-sollievo\/","og_locale":"fr_FR","og_type":"article","og_title":"La Mongolfiera di Giorgia onlus apre il bando per finanziare progetti di sollievo - Bellunopress - Dolomiti","og_description":"L\u2019Associazione conta di superare con il prossimo bando i 100.000 euro di contributi assegnati dalla sua fondazione Il 10 ottobre, in occasione del nono anniversario di Giorgia Praloran, giovane bellunese mancata nel 2016 a causa di un tumore aggressivo, uscir\u00e0 il quindicesimo bando dell\u2019associazione La Mongolfiera di Giorgia. Giorgia era una ragazza di 18 anni [&hellip;]","og_url":"https:\/\/www.bellunopress.it\/fr\/2025\/10\/13\/la-mongolfiera-di-giorgia-onlus-apre-il-bando-per-finanziare-progetti-di-sollievo\/","og_site_name":"Bellunopress - Dolomiti","article_publisher":"https:\/\/www.facebook.com\/profile.php?id=100008943462799","article_published_time":"2025-10-13T08:00:23+00:00","og_image":[{"width":800,"height":513,"url":"https:\/\/www.bellunopress.it\/wp-content\/uploads\/2025\/10\/Giorgia-Praloran-La-Mongolfiera-di-Giorgia_edited.jpg","type":"image\/jpeg"}],"author":"redazione","twitter_card":"summary_large_image","twitter_creator":"@bellunopress","twitter_site":"@bellunopress","twitter_misc":{"Written by":"redazione","Est. reading time":"1 minute"},"schema":{"@context":"https:\/\/schema.org","@graph":[{"@type":"Article","@id":"https:\/\/www.bellunopress.it\/2025\/10\/13\/la-mongolfiera-di-giorgia-onlus-apre-il-bando-per-finanziare-progetti-di-sollievo\/#article","isPartOf":{"@id":"https:\/\/www.bellunopress.it\/2025\/10\/13\/la-mongolfiera-di-giorgia-onlus-apre-il-bando-per-finanziare-progetti-di-sollievo\/"},"author":{"name":"redazione","@id":"https:\/\/www.bellunopress.it\/#\/schema\/person\/79bb06722b37ece1c03d3e94beb30d73"},"headline":"La Mongolfiera di Giorgia onlus apre il bando per finanziare progetti di sollievo","datePublished":"2025-10-13T08:00:23+00:00","mainEntityOfPage":{"@id":"https:\/\/www.bellunopress.it\/2025\/10\/13\/la-mongolfiera-di-giorgia-onlus-apre-il-bando-per-finanziare-progetti-di-sollievo\/"},"wordCount":277,"publisher":{"@id":"https:\/\/www.bellunopress.it\/#organization"},"image":{"@id":"https:\/\/www.bellunopress.it\/2025\/10\/13\/la-mongolfiera-di-giorgia-onlus-apre-il-bando-per-finanziare-progetti-di-sollievo\/#primaryimage"},"thumbnailUrl":"https:\/\/www.bellunopress.it\/wp-content\/uploads\/2025\/10\/Giorgia-Praloran-La-Mongolfiera-di-Giorgia_edited.jpg","articleSection":["Pausa Caff\u00e8","Societ\u00e0, Associazioni, Istituzioni"],"inLanguage":"fr-FR"},{"@type":"WebPage","@id":"https:\/\/www.bellunopress.it\/2025\/10\/13\/la-mongolfiera-di-giorgia-onlus-apre-il-bando-per-finanziare-progetti-di-sollievo\/","url":"https:\/\/www.bellunopress.it\/2025\/10\/13\/la-mongolfiera-di-giorgia-onlus-apre-il-bando-per-finanziare-progetti-di-sollievo\/","name":"La Mongolfiera di Giorgia onlus apre il bando per finanziare progetti di sollievo - Bellunopress - Dolomiti","isPartOf":{"@id":"https:\/\/www.bellunopress.it\/#website"},"primaryImageOfPage":{"@id":"https:\/\/www.bellunopress.it\/2025\/10\/13\/la-mongolfiera-di-giorgia-onlus-apre-il-bando-per-finanziare-progetti-di-sollievo\/#primaryimage"},"image":{"@id":"https:\/\/www.bellunopress.it\/2025\/10\/13\/la-mongolfiera-di-giorgia-onlus-apre-il-bando-per-finanziare-progetti-di-sollievo\/#primaryimage"},"thumbnailUrl":"https:\/\/www.bellunopress.it\/wp-content\/uploads\/2025\/10\/Giorgia-Praloran-La-Mongolfiera-di-Giorgia_edited.jpg","datePublished":"2025-10-13T08:00:23+00:00","breadcrumb":{"@id":"https:\/\/www.bellunopress.it\/2025\/10\/13\/la-mongolfiera-di-giorgia-onlus-apre-il-bando-per-finanziare-progetti-di-sollievo\/#breadcrumb"},"inLanguage":"fr-FR","potentialAction":[{"@type":"ReadAction","target":["https:\/\/www.bellunopress.it\/2025\/10\/13\/la-mongolfiera-di-giorgia-onlus-apre-il-bando-per-finanziare-progetti-di-sollievo\/"]}]},{"@type":"ImageObject","inLanguage":"fr-FR","@id":"https:\/\/www.bellunopress.it\/2025\/10\/13\/la-mongolfiera-di-giorgia-onlus-apre-il-bando-per-finanziare-progetti-di-sollievo\/#primaryimage","url":"https:\/\/www.bellunopress.it\/wp-content\/uploads\/2025\/10\/Giorgia-Praloran-La-Mongolfiera-di-Giorgia_edited.jpg","contentUrl":"https:\/\/www.bellunopress.it\/wp-content\/uploads\/2025\/10\/Giorgia-Praloran-La-Mongolfiera-di-Giorgia_edited.jpg","width":800,"height":513,"caption":"Giorgia Praloran"},{"@type":"BreadcrumbList","@id":"https:\/\/www.bellunopress.it\/2025\/10\/13\/la-mongolfiera-di-giorgia-onlus-apre-il-bando-per-finanziare-progetti-di-sollievo\/#breadcrumb","itemListElement":[{"@type":"ListItem","position":1,"name":"Home","item":"https:\/\/www.bellunopress.it\/"},{"@type":"ListItem","position":2,"name":"La Mongolfiera di Giorgia onlus apre il bando per finanziare progetti di sollievo"}]},{"@type":"WebSite","@id":"https:\/\/www.bellunopress.it\/#website","url":"https:\/\/www.bellunopress.it\/","name":"Bellunopress - Dolomiti","description":"e-mail: redazione@bellunopress.it","publisher":{"@id":"https:\/\/www.bellunopress.it\/#organization"},"potentialAction":[{"@type":"SearchAction","target":{"@type":"EntryPoint","urlTemplate":"https:\/\/www.bellunopress.it\/?s={search_term_string}"},"query-input":{"@type":"PropertyValueSpecification","valueRequired":true,"valueName":"search_term_string"}}],"inLanguage":"fr-FR"},{"@type":"Organization","@id":"https:\/\/www.bellunopress.it\/#organization","name":"Bellunopress","url":"https:\/\/www.bellunopress.it\/","logo":{"@type":"ImageObject","inLanguage":"fr-FR","@id":"https:\/\/www.bellunopress.it\/#\/schema\/logo\/image\/","url":"https:\/\/www.bellunopress.it\/wp-content\/uploads\/2011\/05\/cropped-logo-bellunopress-.jpg","contentUrl":"https:\/\/www.bellunopress.it\/wp-content\/uploads\/2011\/05\/cropped-logo-bellunopress-.jpg","width":512,"height":512,"caption":"Bellunopress"},"image":{"@id":"https:\/\/www.bellunopress.it\/#\/schema\/logo\/image\/"},"sameAs":["https:\/\/www.facebook.com\/profile.php?id=100008943462799","https:\/\/x.com\/bellunopress","https:\/\/www.linkedin.com\/hp\/?dnr=JBzUWaJfMUw8vbXJJ2tVW5-I3jZKvC4wsoxE&amp;amp;amp;amp;amp;amp;trk=nav_responsive_tab_home","https:\/\/www.youtube.com\/channel\/UCxL0wu1uN0_3_7hGG0306cw"]},{"@type":"Person","@id":"https:\/\/www.bellunopress.it\/#\/schema\/person\/79bb06722b37ece1c03d3e94beb30d73","name":"r\u00e9daction","image":{"@type":"ImageObject","inLanguage":"fr-FR","@id":"https:\/\/secure.gravatar.com\/avatar\/37d968a2e67a6fd04c169c4bdef102d0bc5d31b2546345219e348575eb80e9a0?s=96&d=mm&r=g","url":"https:\/\/secure.gravatar.com\/avatar\/37d968a2e67a6fd04c169c4bdef102d0bc5d31b2546345219e348575eb80e9a0?s=96&d=mm&r=g","contentUrl":"https:\/\/secure.gravatar.com\/avatar\/37d968a2e67a6fd04c169c4bdef102d0bc5d31b2546345219e348575eb80e9a0?s=96&d=mm&r=g","caption":"redazione"},"sameAs":["http:\/\/www.bellunopress.it","https:\/\/x.com\/bellunopress"],"url":"https:\/\/www.bellunopress.it\/fr\/author\/redazione\/"}]}},"_links":{"self":[{"href":"https:\/\/www.bellunopress.it\/fr\/wp-json\/wp\/v2\/posts\/164065","targetHints":{"allow":["GET"]}}],"collection":[{"href":"https:\/\/www.bellunopress.it\/fr\/wp-json\/wp\/v2\/posts"}],"about":[{"href":"https:\/\/www.bellunopress.it\/fr\/wp-json\/wp\/v2\/types\/post"}],"author":[{"embeddable":true,"href":"https:\/\/www.bellunopress.it\/fr\/wp-json\/wp\/v2\/users\/2"}],"replies":[{"embeddable":true,"href":"https:\/\/www.bellunopress.it\/fr\/wp-json\/wp\/v2\/comments?post=164065"}],"version-history":[{"count":1,"href":"https:\/\/www.bellunopress.it\/fr\/wp-json\/wp\/v2\/posts\/164065\/revisions"}],"predecessor-version":[{"id":164067,"href":"https:\/\/www.bellunopress.it\/fr\/wp-json\/wp\/v2\/posts\/164065\/revisions\/164067"}],"wp:featuredmedia":[{"embeddable":true,"href":"https:\/\/www.bellunopress.it\/fr\/wp-json\/wp\/v2\/media\/164066"}],"wp:attachment":[{"href":"https:\/\/www.bellunopress.it\/fr\/wp-json\/wp\/v2\/media?parent=164065"}],"wp:term":[{"taxonomy":"category","embeddable":true,"href":"https:\/\/www.bellunopress.it\/fr\/wp-json\/wp\/v2\/categories?post=164065"},{"taxonomy":"post_tag","embeddable":true,"href":"https:\/\/www.bellunopress.it\/fr\/wp-json\/wp\/v2\/tags?post=164065"}],"curies":[{"name":"wp","href":"https:\/\/api.w.org\/{rel}","templated":true}]}}