{"id":164052,"date":"2025-10-12T20:07:37","date_gmt":"2025-10-12T18:07:37","guid":{"rendered":"https:\/\/www.bellunopress.it\/?p=164052"},"modified":"2025-10-12T20:07:37","modified_gmt":"2025-10-12T18:07:37","slug":"le-dolomitiche-sono-da-applausi-ma-il-sudtirol-passa-al-93","status":"publish","type":"post","link":"https:\/\/www.bellunopress.it\/fr\/2025\/10\/12\/le-dolomitiche-sono-da-applausi-ma-il-sudtirol-passa-al-93\/","title":{"rendered":"Le dolomitiche sono da applausi, ma il S\u00fcdtirol passa al 93&#8242;"},"content":{"rendered":"<figure id=\"attachment_164053\" aria-describedby=\"caption-attachment-164053\" style=\"width: 800px\" class=\"wp-caption aligncenter\"><img loading=\"lazy\" decoding=\"async\" class=\"size-full wp-image-164053\" src=\"https:\/\/www.bellunopress.it\/wp-content\/uploads\/2025\/10\/Dal_Bon_grande_protagonista_a_Bolzano_edited.jpg\" alt=\"\" width=\"800\" height=\"566\" srcset=\"https:\/\/www.bellunopress.it\/wp-content\/uploads\/2025\/10\/Dal_Bon_grande_protagonista_a_Bolzano_edited.jpg 800w, https:\/\/www.bellunopress.it\/wp-content\/uploads\/2025\/10\/Dal_Bon_grande_protagonista_a_Bolzano_edited-500x354.jpg 500w, https:\/\/www.bellunopress.it\/wp-content\/uploads\/2025\/10\/Dal_Bon_grande_protagonista_a_Bolzano_edited-594x420.jpg 594w, https:\/\/www.bellunopress.it\/wp-content\/uploads\/2025\/10\/Dal_Bon_grande_protagonista_a_Bolzano_edited-696x492.jpg 696w\" sizes=\"auto, (max-width: 800px) 100vw, 800px\" \/><figcaption id=\"caption-attachment-164053\" class=\"wp-caption-text\">Dal Bon, grande protagonista a Bolzano<br \/>(Foto: Lorenzo De Menech.)<\/figcaption><\/figure>\n<h2 class=\"subject\">Dolomiti Bellunesi Women piegate al 93&#8242; dal S\u00fcdtirol<\/h2>\n<p>S\u00dcDTIROL-DOLOMITI BELLUNESI 1-0<\/p>\n<p>GOL: st 48&#8242; Fischer.<\/p>\n<p>S\u00dcDTIROL: Graus, Ruaben, Ladst\u00e4tter, Santin, Fischer, Prearo (st 27&#8242; Antolini), Kiem, Costisella (st 31&#8242; Peer), Bielak (st 12&#8242; Stockner), Pf\u00f6stl (st 17&#8242; Zipperle), Huber (st 19&#8242; Tschoell) (in panchina: Holzer, Maloku, Mittermair, Nigg). Allenatore: M. Castellaneta.<\/p>\n<p>DOLOMITI BELLUNESI: Dal Bon, Pattaro (st 39&#8242; Appocher), Della Vecchia, De Paoli, Bristot, Mastel, L. Triches, Andolfatto (st 13&#8242; Fassin), Zilli (st 1&#8242; Rosson, 28&#8242; Conedera), Gava, Bassani (in panchina: Squarcina, Cappellano, Maddalozzo, C. Triches). Allenatore: M. Bertuzzi.<\/p>\n<p>ARBITRO: Michael Corradini di Bolzano (assistenti: Fabian Schroffenegger di Merano e Marco Guerrieri di Bolzano).<\/p>\n<p>NOTE. Angoli: 18-0. Ammonite: Peer e Bassani. Recupero: pt 1&#8242;; st 7&#8242;.<\/p>\n<p>A volte il cuore non basta. Ma \u00e8 da queste partite che si vede la forza di rialzarsi di una squadra. Il cammino delle ragazze della Dolomiti Bellunesi, nel campionato di Serie C femminile, inizia con una sconfitta di misura per mano di una delle corazzate del girone: il S\u00fcdtirol. Le dolomitiche hanno lottato fino all&#8217;ultimo minuto con coraggio, ma non \u00e8 stato sufficiente per spremere punti da un confronto deciso solo al terzo minuto di recupero, dopo che Sara Dal Bon ha parato l&#8217;impossibile. La battuta d&#8217;arresto, su un campo cos\u00ec ostico, ci pu\u00f2 ampiamente stare e dovr\u00e0 servire come punto di riflessione e ripartenza per il proseguo della stagione. Da sottolineare, inoltre, i ritorni di Rosson (anche se la sua gara \u00e8 durata 27&#8242;) e Conedera: entrambe reduci da seri infortuni.<\/p>\n<p>PRESSIONE &#8211; Fin dalle battute iniziali, le padrone di casa esercitano una pressione costante. E spingono alla ricerca del vantaggio. Tanto \u00e8 vero che Dal Bon sar\u00e0 subito chiamata a un super lavoro: in particolare al 6&#8242;, quando neutralizza un colpo di testa ravvicinato, e al 19&#8242;, nel momento in cui respinge una deviazione a colpo sicuro di Pf\u00f6stl, abile a sfruttare un cross dalla destra. Il S\u00fcdtirol, in realt\u00e0, troverebbe il bersaglio al ventitreesimo giro di lancette, ma Fischer viene pescata in posizione di fuorigioco. E allora si riprende la scena la numero 1 della Dolomiti Bellunesi: Dal Bon, infatti, blocca una conclusione di Ladst\u00e4tter e, poco oltre la mezz&#8217;ora, compie uno splendido intervento d&#8217;istinto, su Fischer, alzando la sfera sopra la traversa. Infine, a 9&#8242; dallo scadere, l&#8217;ex portiere della Jesina Aurora salva ancora su Fischer. Insomma, l&#8217;impronta di Dal Bon \u00e8 ben impressa sul copione del primo tempo. E quando non arriva Sara, \u00e8 la traversa a fermare le altoatesine, sugli sviluppi di un corner.<\/p>\n<p>ATTRICE PROTAGONISTA &#8211; Nella ripresa, il canovaccio cambia di poco. Almeno in avvio. Nel senso che il ruolo di attrice protagonista spetta sempre a Dal Bon, artefice di tre parate nei primi 10 minuti: una delle quali, con i piedi. Ma anche le ragazze di mister Bertuzzi si affacciano nella met\u00e0 campo avversaria in maniera pi\u00f9 incisiva. E ci provano su calcio piazzato con Bassani: Graus, estremo difensore di casa, dice di no, mentre Pattaro, con un tiro da fuori, non inquadra il bersaglio. E Fassin calcia centralmente. Nessun dubbio: le dolomitiche sono ben disposte in campo e ribattono colpo su colpo. Tuttavia, nel finale, emerge la qualit\u00e0 del S\u00fcdtirol: Dal Bon \u00e8 ancora superlativa su Fischer, oltre che sulla neo entrata Antolini, ma capitola al minuto 93, sul rasoterra di Fischer. Un vero peccato. Ma con questo spirito e questo atteggiamento, la Dolomiti Bellunesi \u00e8 destinata ad andare lontano.<\/p>","protected":false},"excerpt":{"rendered":"<p>Dolomiti Bellunesi Women piegate al 93&#8242; dal S\u00fcdtirol S\u00dcDTIROL-DOLOMITI BELLUNESI 1-0 GOL: st 48&#8242; Fischer. S\u00dcDTIROL: Graus, Ruaben, Ladst\u00e4tter, Santin, Fischer, Prearo (st 27&#8242; Antolini), Kiem, Costisella (st 31&#8242; Peer), Bielak (st 12&#8242; Stockner), Pf\u00f6stl (st 17&#8242; Zipperle), Huber (st 19&#8242; Tschoell) (in panchina: Holzer, Maloku, Mittermair, Nigg). Allenatore: M. Castellaneta. DOLOMITI BELLUNESI: Dal Bon, [&hellip;]<\/p>\n","protected":false},"author":2,"featured_media":164053,"comment_status":"closed","ping_status":"open","sticky":false,"template":"","format":"standard","meta":{"footnotes":""},"categories":[26,4],"tags":[],"class_list":["post-164052","post","type-post","status-publish","format-standard","has-post-thumbnail","category-prima-pagina","category-sport"],"yoast_head":"<!-- This site is optimized with the Yoast SEO plugin v28.4 - https:\/\/yoast.com\/product\/yoast-seo-wordpress\/ -->\n<title>Le dolomitiche sono da applausi, ma il S\u00fcdtirol passa al 93&#039; - Bellunopress - Dolomiti<\/title>\n<meta name=\"robots\" content=\"index, follow, max-snippet:-1, max-image-preview:large, max-video-preview:-1\" \/>\n<link rel=\"canonical\" href=\"https:\/\/www.bellunopress.it\/fr\/2025\/10\/12\/le-dolomitiche-sono-da-applausi-ma-il-sudtirol-passa-al-93\/\" \/>\n<meta property=\"og:locale\" content=\"fr_FR\" \/>\n<meta property=\"og:type\" content=\"article\" \/>\n<meta property=\"og:title\" content=\"Le dolomitiche sono da applausi, ma il S\u00fcdtirol passa al 93&#039; - Bellunopress - Dolomiti\" \/>\n<meta property=\"og:description\" content=\"Dolomiti Bellunesi Women piegate al 93&#8242; dal S\u00fcdtirol S\u00dcDTIROL-DOLOMITI BELLUNESI 1-0 GOL: st 48&#8242; Fischer. S\u00dcDTIROL: Graus, Ruaben, Ladst\u00e4tter, Santin, Fischer, Prearo (st 27&#8242; Antolini), Kiem, Costisella (st 31&#8242; Peer), Bielak (st 12&#8242; Stockner), Pf\u00f6stl (st 17&#8242; Zipperle), Huber (st 19&#8242; Tschoell) (in panchina: Holzer, Maloku, Mittermair, Nigg). Allenatore: M. Castellaneta. DOLOMITI BELLUNESI: Dal Bon, [&hellip;]\" \/>\n<meta property=\"og:url\" content=\"https:\/\/www.bellunopress.it\/fr\/2025\/10\/12\/le-dolomitiche-sono-da-applausi-ma-il-sudtirol-passa-al-93\/\" \/>\n<meta property=\"og:site_name\" content=\"Bellunopress - Dolomiti\" \/>\n<meta property=\"article:publisher\" content=\"https:\/\/www.facebook.com\/profile.php?id=100008943462799\" \/>\n<meta property=\"article:published_time\" content=\"2025-10-12T18:07:37+00:00\" \/>\n<meta property=\"og:image\" content=\"https:\/\/www.bellunopress.it\/wp-content\/uploads\/2025\/10\/Dal_Bon_grande_protagonista_a_Bolzano_edited.jpg\" \/>\n\t<meta property=\"og:image:width\" content=\"800\" \/>\n\t<meta property=\"og:image:height\" content=\"566\" \/>\n\t<meta property=\"og:image:type\" content=\"image\/jpeg\" \/>\n<meta name=\"author\" content=\"redazione\" \/>\n<meta name=\"twitter:card\" content=\"summary_large_image\" \/>\n<meta name=\"twitter:creator\" content=\"@bellunopress\" \/>\n<meta name=\"twitter:site\" content=\"@bellunopress\" \/>\n<meta name=\"twitter:label1\" content=\"\u00c9crit par\" \/>\n\t<meta name=\"twitter:data1\" content=\"redazione\" \/>\n\t<meta name=\"twitter:label2\" content=\"Dur\u00e9e de lecture estim\u00e9e\" \/>\n\t<meta name=\"twitter:data2\" content=\"3 minutes\" \/>\n<script type=\"application\/ld+json\" class=\"yoast-schema-graph\">{\"@context\":\"https:\\\/\\\/schema.org\",\"@graph\":[{\"@type\":\"Article\",\"@id\":\"https:\\\/\\\/www.bellunopress.it\\\/2025\\\/10\\\/12\\\/le-dolomitiche-sono-da-applausi-ma-il-sudtirol-passa-al-93\\\/#article\",\"isPartOf\":{\"@id\":\"https:\\\/\\\/www.bellunopress.it\\\/2025\\\/10\\\/12\\\/le-dolomitiche-sono-da-applausi-ma-il-sudtirol-passa-al-93\\\/\"},\"author\":{\"name\":\"redazione\",\"@id\":\"https:\\\/\\\/www.bellunopress.it\\\/#\\\/schema\\\/person\\\/79bb06722b37ece1c03d3e94beb30d73\"},\"headline\":\"Le dolomitiche sono da applausi, ma il S\u00fcdtirol passa al 93&#8242;\",\"datePublished\":\"2025-10-12T18:07:37+00:00\",\"mainEntityOfPage\":{\"@id\":\"https:\\\/\\\/www.bellunopress.it\\\/2025\\\/10\\\/12\\\/le-dolomitiche-sono-da-applausi-ma-il-sudtirol-passa-al-93\\\/\"},\"wordCount\":584,\"publisher\":{\"@id\":\"https:\\\/\\\/www.bellunopress.it\\\/#organization\"},\"image\":{\"@id\":\"https:\\\/\\\/www.bellunopress.it\\\/2025\\\/10\\\/12\\\/le-dolomitiche-sono-da-applausi-ma-il-sudtirol-passa-al-93\\\/#primaryimage\"},\"thumbnailUrl\":\"https:\\\/\\\/www.bellunopress.it\\\/wp-content\\\/uploads\\\/2025\\\/10\\\/Dal_Bon_grande_protagonista_a_Bolzano_edited.jpg\",\"articleSection\":[\"Prima Pagina\",\"Sport, tempo libero\"],\"inLanguage\":\"fr-FR\"},{\"@type\":\"WebPage\",\"@id\":\"https:\\\/\\\/www.bellunopress.it\\\/2025\\\/10\\\/12\\\/le-dolomitiche-sono-da-applausi-ma-il-sudtirol-passa-al-93\\\/\",\"url\":\"https:\\\/\\\/www.bellunopress.it\\\/2025\\\/10\\\/12\\\/le-dolomitiche-sono-da-applausi-ma-il-sudtirol-passa-al-93\\\/\",\"name\":\"Le dolomitiche sono da applausi, ma il S\u00fcdtirol passa al 93' - Bellunopress - Dolomiti\",\"isPartOf\":{\"@id\":\"https:\\\/\\\/www.bellunopress.it\\\/#website\"},\"primaryImageOfPage\":{\"@id\":\"https:\\\/\\\/www.bellunopress.it\\\/2025\\\/10\\\/12\\\/le-dolomitiche-sono-da-applausi-ma-il-sudtirol-passa-al-93\\\/#primaryimage\"},\"image\":{\"@id\":\"https:\\\/\\\/www.bellunopress.it\\\/2025\\\/10\\\/12\\\/le-dolomitiche-sono-da-applausi-ma-il-sudtirol-passa-al-93\\\/#primaryimage\"},\"thumbnailUrl\":\"https:\\\/\\\/www.bellunopress.it\\\/wp-content\\\/uploads\\\/2025\\\/10\\\/Dal_Bon_grande_protagonista_a_Bolzano_edited.jpg\",\"datePublished\":\"2025-10-12T18:07:37+00:00\",\"breadcrumb\":{\"@id\":\"https:\\\/\\\/www.bellunopress.it\\\/2025\\\/10\\\/12\\\/le-dolomitiche-sono-da-applausi-ma-il-sudtirol-passa-al-93\\\/#breadcrumb\"},\"inLanguage\":\"fr-FR\",\"potentialAction\":[{\"@type\":\"ReadAction\",\"target\":[\"https:\\\/\\\/www.bellunopress.it\\\/2025\\\/10\\\/12\\\/le-dolomitiche-sono-da-applausi-ma-il-sudtirol-passa-al-93\\\/\"]}]},{\"@type\":\"ImageObject\",\"inLanguage\":\"fr-FR\",\"@id\":\"https:\\\/\\\/www.bellunopress.it\\\/2025\\\/10\\\/12\\\/le-dolomitiche-sono-da-applausi-ma-il-sudtirol-passa-al-93\\\/#primaryimage\",\"url\":\"https:\\\/\\\/www.bellunopress.it\\\/wp-content\\\/uploads\\\/2025\\\/10\\\/Dal_Bon_grande_protagonista_a_Bolzano_edited.jpg\",\"contentUrl\":\"https:\\\/\\\/www.bellunopress.it\\\/wp-content\\\/uploads\\\/2025\\\/10\\\/Dal_Bon_grande_protagonista_a_Bolzano_edited.jpg\",\"width\":800,\"height\":566,\"caption\":\"Dal Bon, grande protagonista a Bolzano (Foto: Lorenzo De Menech.)\"},{\"@type\":\"BreadcrumbList\",\"@id\":\"https:\\\/\\\/www.bellunopress.it\\\/2025\\\/10\\\/12\\\/le-dolomitiche-sono-da-applausi-ma-il-sudtirol-passa-al-93\\\/#breadcrumb\",\"itemListElement\":[{\"@type\":\"ListItem\",\"position\":1,\"name\":\"Home\",\"item\":\"https:\\\/\\\/www.bellunopress.it\\\/\"},{\"@type\":\"ListItem\",\"position\":2,\"name\":\"Le dolomitiche sono da applausi, ma il S\u00fcdtirol passa al 93&#8242;\"}]},{\"@type\":\"WebSite\",\"@id\":\"https:\\\/\\\/www.bellunopress.it\\\/#website\",\"url\":\"https:\\\/\\\/www.bellunopress.it\\\/\",\"name\":\"Bellunopress - Dolomiti\",\"description\":\"e-mail: redazione@bellunopress.it\",\"publisher\":{\"@id\":\"https:\\\/\\\/www.bellunopress.it\\\/#organization\"},\"potentialAction\":[{\"@type\":\"SearchAction\",\"target\":{\"@type\":\"EntryPoint\",\"urlTemplate\":\"https:\\\/\\\/www.bellunopress.it\\\/?s={search_term_string}\"},\"query-input\":{\"@type\":\"PropertyValueSpecification\",\"valueRequired\":true,\"valueName\":\"search_term_string\"}}],\"inLanguage\":\"fr-FR\"},{\"@type\":\"Organization\",\"@id\":\"https:\\\/\\\/www.bellunopress.it\\\/#organization\",\"name\":\"Bellunopress\",\"url\":\"https:\\\/\\\/www.bellunopress.it\\\/\",\"logo\":{\"@type\":\"ImageObject\",\"inLanguage\":\"fr-FR\",\"@id\":\"https:\\\/\\\/www.bellunopress.it\\\/#\\\/schema\\\/logo\\\/image\\\/\",\"url\":\"https:\\\/\\\/www.bellunopress.it\\\/wp-content\\\/uploads\\\/2011\\\/05\\\/cropped-logo-bellunopress-.jpg\",\"contentUrl\":\"https:\\\/\\\/www.bellunopress.it\\\/wp-content\\\/uploads\\\/2011\\\/05\\\/cropped-logo-bellunopress-.jpg\",\"width\":512,\"height\":512,\"caption\":\"Bellunopress\"},\"image\":{\"@id\":\"https:\\\/\\\/www.bellunopress.it\\\/#\\\/schema\\\/logo\\\/image\\\/\"},\"sameAs\":[\"https:\\\/\\\/www.facebook.com\\\/profile.php?id=100008943462799\",\"https:\\\/\\\/x.com\\\/bellunopress\",\"https:\\\/\\\/www.linkedin.com\\\/hp\\\/?dnr=JBzUWaJfMUw8vbXJJ2tVW5-I3jZKvC4wsoxE&amp;amp;amp;amp;amp;amp;trk=nav_responsive_tab_home\",\"https:\\\/\\\/www.youtube.com\\\/channel\\\/UCxL0wu1uN0_3_7hGG0306cw\"]},{\"@type\":\"Person\",\"@id\":\"https:\\\/\\\/www.bellunopress.it\\\/#\\\/schema\\\/person\\\/79bb06722b37ece1c03d3e94beb30d73\",\"name\":\"redazione\",\"image\":{\"@type\":\"ImageObject\",\"inLanguage\":\"fr-FR\",\"@id\":\"https:\\\/\\\/secure.gravatar.com\\\/avatar\\\/37d968a2e67a6fd04c169c4bdef102d0bc5d31b2546345219e348575eb80e9a0?s=96&d=mm&r=g\",\"url\":\"https:\\\/\\\/secure.gravatar.com\\\/avatar\\\/37d968a2e67a6fd04c169c4bdef102d0bc5d31b2546345219e348575eb80e9a0?s=96&d=mm&r=g\",\"contentUrl\":\"https:\\\/\\\/secure.gravatar.com\\\/avatar\\\/37d968a2e67a6fd04c169c4bdef102d0bc5d31b2546345219e348575eb80e9a0?s=96&d=mm&r=g\",\"caption\":\"redazione\"},\"sameAs\":[\"http:\\\/\\\/www.bellunopress.it\",\"https:\\\/\\\/x.com\\\/bellunopress\"],\"url\":\"https:\\\/\\\/www.bellunopress.it\\\/fr\\\/author\\\/redazione\\\/\"}]}<\/script>\n<!-- \/ Yoast SEO plugin. -->","yoast_head_json":{"title":"Le dolomitiche sono da applausi, ma il S\u00fcdtirol passa al 93' - Bellunopress - Dolomiti","robots":{"index":"index","follow":"follow","max-snippet":"max-snippet:-1","max-image-preview":"max-image-preview:large","max-video-preview":"max-video-preview:-1"},"canonical":"https:\/\/www.bellunopress.it\/fr\/2025\/10\/12\/le-dolomitiche-sono-da-applausi-ma-il-sudtirol-passa-al-93\/","og_locale":"fr_FR","og_type":"article","og_title":"Le dolomitiche sono da applausi, ma il S\u00fcdtirol passa al 93' - Bellunopress - Dolomiti","og_description":"Dolomiti Bellunesi Women piegate al 93&#8242; dal S\u00fcdtirol S\u00dcDTIROL-DOLOMITI BELLUNESI 1-0 GOL: st 48&#8242; Fischer. S\u00dcDTIROL: Graus, Ruaben, Ladst\u00e4tter, Santin, Fischer, Prearo (st 27&#8242; Antolini), Kiem, Costisella (st 31&#8242; Peer), Bielak (st 12&#8242; Stockner), Pf\u00f6stl (st 17&#8242; Zipperle), Huber (st 19&#8242; Tschoell) (in panchina: Holzer, Maloku, Mittermair, Nigg). Allenatore: M. Castellaneta. DOLOMITI BELLUNESI: Dal Bon, [&hellip;]","og_url":"https:\/\/www.bellunopress.it\/fr\/2025\/10\/12\/le-dolomitiche-sono-da-applausi-ma-il-sudtirol-passa-al-93\/","og_site_name":"Bellunopress - Dolomiti","article_publisher":"https:\/\/www.facebook.com\/profile.php?id=100008943462799","article_published_time":"2025-10-12T18:07:37+00:00","og_image":[{"width":800,"height":566,"url":"https:\/\/www.bellunopress.it\/wp-content\/uploads\/2025\/10\/Dal_Bon_grande_protagonista_a_Bolzano_edited.jpg","type":"image\/jpeg"}],"author":"redazione","twitter_card":"summary_large_image","twitter_creator":"@bellunopress","twitter_site":"@bellunopress","twitter_misc":{"\u00c9crit par":"redazione","Dur\u00e9e de lecture estim\u00e9e":"3 minutes"},"schema":{"@context":"https:\/\/schema.org","@graph":[{"@type":"Article","@id":"https:\/\/www.bellunopress.it\/2025\/10\/12\/le-dolomitiche-sono-da-applausi-ma-il-sudtirol-passa-al-93\/#article","isPartOf":{"@id":"https:\/\/www.bellunopress.it\/2025\/10\/12\/le-dolomitiche-sono-da-applausi-ma-il-sudtirol-passa-al-93\/"},"author":{"name":"redazione","@id":"https:\/\/www.bellunopress.it\/#\/schema\/person\/79bb06722b37ece1c03d3e94beb30d73"},"headline":"Le dolomitiche sono da applausi, ma il S\u00fcdtirol passa al 93&#8242;","datePublished":"2025-10-12T18:07:37+00:00","mainEntityOfPage":{"@id":"https:\/\/www.bellunopress.it\/2025\/10\/12\/le-dolomitiche-sono-da-applausi-ma-il-sudtirol-passa-al-93\/"},"wordCount":584,"publisher":{"@id":"https:\/\/www.bellunopress.it\/#organization"},"image":{"@id":"https:\/\/www.bellunopress.it\/2025\/10\/12\/le-dolomitiche-sono-da-applausi-ma-il-sudtirol-passa-al-93\/#primaryimage"},"thumbnailUrl":"https:\/\/www.bellunopress.it\/wp-content\/uploads\/2025\/10\/Dal_Bon_grande_protagonista_a_Bolzano_edited.jpg","articleSection":["Prima Pagina","Sport, tempo libero"],"inLanguage":"fr-FR"},{"@type":"WebPage","@id":"https:\/\/www.bellunopress.it\/2025\/10\/12\/le-dolomitiche-sono-da-applausi-ma-il-sudtirol-passa-al-93\/","url":"https:\/\/www.bellunopress.it\/2025\/10\/12\/le-dolomitiche-sono-da-applausi-ma-il-sudtirol-passa-al-93\/","name":"Le dolomitiche sono da applausi, ma il S\u00fcdtirol passa al 93' - Bellunopress - Dolomiti","isPartOf":{"@id":"https:\/\/www.bellunopress.it\/#website"},"primaryImageOfPage":{"@id":"https:\/\/www.bellunopress.it\/2025\/10\/12\/le-dolomitiche-sono-da-applausi-ma-il-sudtirol-passa-al-93\/#primaryimage"},"image":{"@id":"https:\/\/www.bellunopress.it\/2025\/10\/12\/le-dolomitiche-sono-da-applausi-ma-il-sudtirol-passa-al-93\/#primaryimage"},"thumbnailUrl":"https:\/\/www.bellunopress.it\/wp-content\/uploads\/2025\/10\/Dal_Bon_grande_protagonista_a_Bolzano_edited.jpg","datePublished":"2025-10-12T18:07:37+00:00","breadcrumb":{"@id":"https:\/\/www.bellunopress.it\/2025\/10\/12\/le-dolomitiche-sono-da-applausi-ma-il-sudtirol-passa-al-93\/#breadcrumb"},"inLanguage":"fr-FR","potentialAction":[{"@type":"ReadAction","target":["https:\/\/www.bellunopress.it\/2025\/10\/12\/le-dolomitiche-sono-da-applausi-ma-il-sudtirol-passa-al-93\/"]}]},{"@type":"ImageObject","inLanguage":"fr-FR","@id":"https:\/\/www.bellunopress.it\/2025\/10\/12\/le-dolomitiche-sono-da-applausi-ma-il-sudtirol-passa-al-93\/#primaryimage","url":"https:\/\/www.bellunopress.it\/wp-content\/uploads\/2025\/10\/Dal_Bon_grande_protagonista_a_Bolzano_edited.jpg","contentUrl":"https:\/\/www.bellunopress.it\/wp-content\/uploads\/2025\/10\/Dal_Bon_grande_protagonista_a_Bolzano_edited.jpg","width":800,"height":566,"caption":"Dal Bon, grande protagonista a Bolzano (Foto: Lorenzo De Menech.)"},{"@type":"BreadcrumbList","@id":"https:\/\/www.bellunopress.it\/2025\/10\/12\/le-dolomitiche-sono-da-applausi-ma-il-sudtirol-passa-al-93\/#breadcrumb","itemListElement":[{"@type":"ListItem","position":1,"name":"Home","item":"https:\/\/www.bellunopress.it\/"},{"@type":"ListItem","position":2,"name":"Le dolomitiche sono da applausi, ma il S\u00fcdtirol passa al 93&#8242;"}]},{"@type":"WebSite","@id":"https:\/\/www.bellunopress.it\/#website","url":"https:\/\/www.bellunopress.it\/","name":"Bellunopress - Dolomiti","description":"e-mail: redazione@bellunopress.it","publisher":{"@id":"https:\/\/www.bellunopress.it\/#organization"},"potentialAction":[{"@type":"SearchAction","target":{"@type":"EntryPoint","urlTemplate":"https:\/\/www.bellunopress.it\/?s={search_term_string}"},"query-input":{"@type":"PropertyValueSpecification","valueRequired":true,"valueName":"search_term_string"}}],"inLanguage":"fr-FR"},{"@type":"Organization","@id":"https:\/\/www.bellunopress.it\/#organization","name":"Bellunopress","url":"https:\/\/www.bellunopress.it\/","logo":{"@type":"ImageObject","inLanguage":"fr-FR","@id":"https:\/\/www.bellunopress.it\/#\/schema\/logo\/image\/","url":"https:\/\/www.bellunopress.it\/wp-content\/uploads\/2011\/05\/cropped-logo-bellunopress-.jpg","contentUrl":"https:\/\/www.bellunopress.it\/wp-content\/uploads\/2011\/05\/cropped-logo-bellunopress-.jpg","width":512,"height":512,"caption":"Bellunopress"},"image":{"@id":"https:\/\/www.bellunopress.it\/#\/schema\/logo\/image\/"},"sameAs":["https:\/\/www.facebook.com\/profile.php?id=100008943462799","https:\/\/x.com\/bellunopress","https:\/\/www.linkedin.com\/hp\/?dnr=JBzUWaJfMUw8vbXJJ2tVW5-I3jZKvC4wsoxE&amp;amp;amp;amp;amp;amp;trk=nav_responsive_tab_home","https:\/\/www.youtube.com\/channel\/UCxL0wu1uN0_3_7hGG0306cw"]},{"@type":"Person","@id":"https:\/\/www.bellunopress.it\/#\/schema\/person\/79bb06722b37ece1c03d3e94beb30d73","name":"r\u00e9daction","image":{"@type":"ImageObject","inLanguage":"fr-FR","@id":"https:\/\/secure.gravatar.com\/avatar\/37d968a2e67a6fd04c169c4bdef102d0bc5d31b2546345219e348575eb80e9a0?s=96&d=mm&r=g","url":"https:\/\/secure.gravatar.com\/avatar\/37d968a2e67a6fd04c169c4bdef102d0bc5d31b2546345219e348575eb80e9a0?s=96&d=mm&r=g","contentUrl":"https:\/\/secure.gravatar.com\/avatar\/37d968a2e67a6fd04c169c4bdef102d0bc5d31b2546345219e348575eb80e9a0?s=96&d=mm&r=g","caption":"redazione"},"sameAs":["http:\/\/www.bellunopress.it","https:\/\/x.com\/bellunopress"],"url":"https:\/\/www.bellunopress.it\/fr\/author\/redazione\/"}]}},"_links":{"self":[{"href":"https:\/\/www.bellunopress.it\/fr\/wp-json\/wp\/v2\/posts\/164052","targetHints":{"allow":["GET"]}}],"collection":[{"href":"https:\/\/www.bellunopress.it\/fr\/wp-json\/wp\/v2\/posts"}],"about":[{"href":"https:\/\/www.bellunopress.it\/fr\/wp-json\/wp\/v2\/types\/post"}],"author":[{"embeddable":true,"href":"https:\/\/www.bellunopress.it\/fr\/wp-json\/wp\/v2\/users\/2"}],"replies":[{"embeddable":true,"href":"https:\/\/www.bellunopress.it\/fr\/wp-json\/wp\/v2\/comments?post=164052"}],"version-history":[{"count":1,"href":"https:\/\/www.bellunopress.it\/fr\/wp-json\/wp\/v2\/posts\/164052\/revisions"}],"predecessor-version":[{"id":164054,"href":"https:\/\/www.bellunopress.it\/fr\/wp-json\/wp\/v2\/posts\/164052\/revisions\/164054"}],"wp:featuredmedia":[{"embeddable":true,"href":"https:\/\/www.bellunopress.it\/fr\/wp-json\/wp\/v2\/media\/164053"}],"wp:attachment":[{"href":"https:\/\/www.bellunopress.it\/fr\/wp-json\/wp\/v2\/media?parent=164052"}],"wp:term":[{"taxonomy":"category","embeddable":true,"href":"https:\/\/www.bellunopress.it\/fr\/wp-json\/wp\/v2\/categories?post=164052"},{"taxonomy":"post_tag","embeddable":true,"href":"https:\/\/www.bellunopress.it\/fr\/wp-json\/wp\/v2\/tags?post=164052"}],"curies":[{"name":"wp","href":"https:\/\/api.w.org\/{rel}","templated":true}]}}