{"id":164021,"date":"2025-10-12T17:35:49","date_gmt":"2025-10-12T15:35:49","guid":{"rendered":"https:\/\/www.bellunopress.it\/?p=164021"},"modified":"2025-10-12T20:09:20","modified_gmt":"2025-10-12T18:09:20","slug":"164021","status":"publish","type":"post","link":"https:\/\/www.bellunopress.it\/fr\/2025\/10\/12\/164021\/","title":{"rendered":"Le &#8220;Vacanze forzate&#8221; della Compagnia del Sorriso, sabato a Mel"},"content":{"rendered":"<figure id=\"attachment_164022\" aria-describedby=\"caption-attachment-164022\" style=\"width: 800px\" class=\"wp-caption aligncenter\"><img loading=\"lazy\" decoding=\"async\" class=\"size-full wp-image-164022\" src=\"https:\/\/www.bellunopress.it\/wp-content\/uploads\/2025\/10\/compagnia-del-sorriso-Salce_edited.jpg\" alt=\"\" width=\"800\" height=\"361\" srcset=\"https:\/\/www.bellunopress.it\/wp-content\/uploads\/2025\/10\/compagnia-del-sorriso-Salce_edited.jpg 800w, https:\/\/www.bellunopress.it\/wp-content\/uploads\/2025\/10\/compagnia-del-sorriso-Salce_edited-500x226.jpg 500w, https:\/\/www.bellunopress.it\/wp-content\/uploads\/2025\/10\/compagnia-del-sorriso-Salce_edited-696x314.jpg 696w\" sizes=\"auto, (max-width: 800px) 100vw, 800px\" \/><figcaption id=\"caption-attachment-164022\" class=\"wp-caption-text\">Compagnia del sorriso<\/figcaption><\/figure>\n<p>Si chiama &#8220;Vacanze forzate&#8221; la commedia in 3 atti che La Compagnia del Sorriso di Salce metter\u00e0 in scena sabato 18 ottobre all&#8217;Auditorium della Ex chiesa di San Pietro di Mel in comune di Borgo Valbelluna.<\/p>\n<p>L&#8217;appuntamento \u00e8 per le 20, ingresso ad offerta libera. Un&#8217;offerta libera consapevole che il ricavato raccolto sar\u00e0 devoluto a sostegno della scuola dell&#8217;infanzia di Salce, asilo parrocchiale, che inizi\u00f2 la sua attivit\u00e0 nel settembre del 1950 con la che fu affidata alla responsabilit\u00e0 di un Consiglio di amministrazione, supportato dall&#8217;entusiasmo dall&#8217;allora parroco Don Gioacchino e che prosegue oggi, con persone nuove e la guida di don Giorgio Aresi. Oggi l&#8217;asilo, sempre molto apprezzato vive la crisi delle scuole paritarie, costringendo genitori e famiglie a muoversi per avere sempre pi\u00f9 risorse per andare avanti.<\/p>\n<p>\u00ab\u00c8 con emozione e piacere che comunichiamo che La compagnia del Sorriso di Salce ha ripreso forma e sostanza \u2013 spiegano coloro che ne fanno parte -. Proponiamo una commedia tutta nuova che parla di &#8220;Vacanze forzate&#8221;\u00bb.<\/p>\n<p>Ci si ritrover\u00e0 nella Caorle degli anni &#8217;60. \u00abMai persone tanto diverse fra loro si erano ritrovate a dover trascorrere le loro vacanze nello stesso elegante villino \u2013 promettono regista e attori &#8211; . Ma nonostante feroci guerriglie e drastiche spartizioni di territorio, in queste &#8220;Vacanze forzate&#8221; forse non tutto il male vien per nuocere\u00bb. Tra gli attori figurano persone note della frazione bellunese, molti genitori e famigliari dei bambini dell&#8217;asilo di oggi e di un tempo.<\/p>\n<p>La Compagnia del Sorriso di Salce nacque infatti nel 2004 da un gruppo di genitori dell&#8217;asilo che, divertendosi e soprattutto facendo divertire, si sono riuniti per proporre spettacoli teatrali che portassero al tempo stesso leggerezza, ma che consegnassero al pubblico anche valori ben precisi: quello della solidariet\u00e0, del contrasto alla solitudine degli anziani, allo scambio generazionale con pi\u00f9 piccoli e molto ancora.<\/p>\n<p>Tanti gli spettacoli proposti, ma uno per tutti \u00e8 &#8220;Son torn\u00e0 dall&#8217;aldil\u00e0&#8221; che ha contato una trentina di repliche.<\/p>\n<p>&nbsp;<\/p>","protected":false},"excerpt":{"rendered":"<p>Si chiama &#8220;Vacanze forzate&#8221; la commedia in 3 atti che La Compagnia del Sorriso di Salce metter\u00e0 in scena sabato 18 ottobre all&#8217;Auditorium della Ex chiesa di San Pietro di Mel in comune di Borgo Valbelluna. L&#8217;appuntamento \u00e8 per le 20, ingresso ad offerta libera. Un&#8217;offerta libera consapevole che il ricavato raccolto sar\u00e0 devoluto a [&hellip;]<\/p>\n","protected":false},"author":2,"featured_media":164022,"comment_status":"closed","ping_status":"open","sticky":false,"template":"","format":"standard","meta":{"footnotes":""},"categories":[27,3,25],"tags":[],"class_list":["post-164021","post","type-post","status-publish","format-standard","has-post-thumbnail","category-appuntamenti","category-arte-cultura-spettacoli-scienza-archivi","category-pausa-caffe"],"yoast_head":"<!-- This site is optimized with the Yoast SEO plugin v28.4 - https:\/\/yoast.com\/product\/yoast-seo-wordpress\/ -->\n<title>Le &quot;Vacanze forzate&quot; della Compagnia del Sorriso, sabato a Mel - Bellunopress - Dolomiti<\/title>\n<meta name=\"robots\" content=\"index, follow, max-snippet:-1, max-image-preview:large, max-video-preview:-1\" \/>\n<link rel=\"canonical\" href=\"https:\/\/www.bellunopress.it\/fr\/2025\/10\/12\/164021\/\" \/>\n<meta property=\"og:locale\" content=\"fr_FR\" \/>\n<meta property=\"og:type\" content=\"article\" \/>\n<meta property=\"og:title\" content=\"Le &quot;Vacanze forzate&quot; della Compagnia del Sorriso, sabato a Mel - Bellunopress - Dolomiti\" \/>\n<meta property=\"og:description\" content=\"Si chiama &#8220;Vacanze forzate&#8221; la commedia in 3 atti che La Compagnia del Sorriso di Salce metter\u00e0 in scena sabato 18 ottobre all&#8217;Auditorium della Ex chiesa di San Pietro di Mel in comune di Borgo Valbelluna. L&#8217;appuntamento \u00e8 per le 20, ingresso ad offerta libera. Un&#8217;offerta libera consapevole che il ricavato raccolto sar\u00e0 devoluto a [&hellip;]\" \/>\n<meta property=\"og:url\" content=\"https:\/\/www.bellunopress.it\/fr\/2025\/10\/12\/164021\/\" \/>\n<meta property=\"og:site_name\" content=\"Bellunopress - Dolomiti\" \/>\n<meta property=\"article:publisher\" content=\"https:\/\/www.facebook.com\/profile.php?id=100008943462799\" \/>\n<meta property=\"article:published_time\" content=\"2025-10-12T15:35:49+00:00\" \/>\n<meta property=\"article:modified_time\" content=\"2025-10-12T18:09:20+00:00\" \/>\n<meta property=\"og:image\" content=\"https:\/\/www.bellunopress.it\/wp-content\/uploads\/2025\/10\/compagnia-del-sorriso-Salce_edited.jpg\" \/>\n\t<meta property=\"og:image:width\" content=\"800\" \/>\n\t<meta property=\"og:image:height\" content=\"361\" \/>\n\t<meta property=\"og:image:type\" content=\"image\/jpeg\" \/>\n<meta name=\"author\" content=\"redazione\" \/>\n<meta name=\"twitter:card\" content=\"summary_large_image\" \/>\n<meta name=\"twitter:creator\" content=\"@bellunopress\" \/>\n<meta name=\"twitter:site\" content=\"@bellunopress\" \/>\n<meta name=\"twitter:label1\" content=\"\u00c9crit par\" \/>\n\t<meta name=\"twitter:data1\" content=\"redazione\" \/>\n\t<meta name=\"twitter:label2\" content=\"Dur\u00e9e de lecture estim\u00e9e\" \/>\n\t<meta name=\"twitter:data2\" content=\"2 minutes\" \/>\n<script type=\"application\/ld+json\" class=\"yoast-schema-graph\">{\"@context\":\"https:\\\/\\\/schema.org\",\"@graph\":[{\"@type\":\"Article\",\"@id\":\"https:\\\/\\\/www.bellunopress.it\\\/2025\\\/10\\\/12\\\/164021\\\/#article\",\"isPartOf\":{\"@id\":\"https:\\\/\\\/www.bellunopress.it\\\/2025\\\/10\\\/12\\\/164021\\\/\"},\"author\":{\"name\":\"redazione\",\"@id\":\"https:\\\/\\\/www.bellunopress.it\\\/#\\\/schema\\\/person\\\/79bb06722b37ece1c03d3e94beb30d73\"},\"headline\":\"Le &#8220;Vacanze forzate&#8221; della Compagnia del Sorriso, sabato a Mel\",\"datePublished\":\"2025-10-12T15:35:49+00:00\",\"dateModified\":\"2025-10-12T18:09:20+00:00\",\"mainEntityOfPage\":{\"@id\":\"https:\\\/\\\/www.bellunopress.it\\\/2025\\\/10\\\/12\\\/164021\\\/\"},\"wordCount\":343,\"publisher\":{\"@id\":\"https:\\\/\\\/www.bellunopress.it\\\/#organization\"},\"image\":{\"@id\":\"https:\\\/\\\/www.bellunopress.it\\\/2025\\\/10\\\/12\\\/164021\\\/#primaryimage\"},\"thumbnailUrl\":\"https:\\\/\\\/www.bellunopress.it\\\/wp-content\\\/uploads\\\/2025\\\/10\\\/compagnia-del-sorriso-Salce_edited.jpg\",\"articleSection\":[\"Appuntamenti, Eventi\",\"Arte, Cultura, Spettacoli, Scienza\",\"Pausa Caff\u00e8\"],\"inLanguage\":\"fr-FR\"},{\"@type\":\"WebPage\",\"@id\":\"https:\\\/\\\/www.bellunopress.it\\\/2025\\\/10\\\/12\\\/164021\\\/\",\"url\":\"https:\\\/\\\/www.bellunopress.it\\\/2025\\\/10\\\/12\\\/164021\\\/\",\"name\":\"Le \\\"Vacanze forzate\\\" della Compagnia del Sorriso, sabato a Mel - Bellunopress - Dolomiti\",\"isPartOf\":{\"@id\":\"https:\\\/\\\/www.bellunopress.it\\\/#website\"},\"primaryImageOfPage\":{\"@id\":\"https:\\\/\\\/www.bellunopress.it\\\/2025\\\/10\\\/12\\\/164021\\\/#primaryimage\"},\"image\":{\"@id\":\"https:\\\/\\\/www.bellunopress.it\\\/2025\\\/10\\\/12\\\/164021\\\/#primaryimage\"},\"thumbnailUrl\":\"https:\\\/\\\/www.bellunopress.it\\\/wp-content\\\/uploads\\\/2025\\\/10\\\/compagnia-del-sorriso-Salce_edited.jpg\",\"datePublished\":\"2025-10-12T15:35:49+00:00\",\"dateModified\":\"2025-10-12T18:09:20+00:00\",\"breadcrumb\":{\"@id\":\"https:\\\/\\\/www.bellunopress.it\\\/2025\\\/10\\\/12\\\/164021\\\/#breadcrumb\"},\"inLanguage\":\"fr-FR\",\"potentialAction\":[{\"@type\":\"ReadAction\",\"target\":[\"https:\\\/\\\/www.bellunopress.it\\\/2025\\\/10\\\/12\\\/164021\\\/\"]}]},{\"@type\":\"ImageObject\",\"inLanguage\":\"fr-FR\",\"@id\":\"https:\\\/\\\/www.bellunopress.it\\\/2025\\\/10\\\/12\\\/164021\\\/#primaryimage\",\"url\":\"https:\\\/\\\/www.bellunopress.it\\\/wp-content\\\/uploads\\\/2025\\\/10\\\/compagnia-del-sorriso-Salce_edited.jpg\",\"contentUrl\":\"https:\\\/\\\/www.bellunopress.it\\\/wp-content\\\/uploads\\\/2025\\\/10\\\/compagnia-del-sorriso-Salce_edited.jpg\",\"width\":800,\"height\":361,\"caption\":\"Compagnia del sorriso\"},{\"@type\":\"BreadcrumbList\",\"@id\":\"https:\\\/\\\/www.bellunopress.it\\\/2025\\\/10\\\/12\\\/164021\\\/#breadcrumb\",\"itemListElement\":[{\"@type\":\"ListItem\",\"position\":1,\"name\":\"Home\",\"item\":\"https:\\\/\\\/www.bellunopress.it\\\/\"},{\"@type\":\"ListItem\",\"position\":2,\"name\":\"Le &#8220;Vacanze forzate&#8221; della Compagnia del Sorriso, sabato a Mel\"}]},{\"@type\":\"WebSite\",\"@id\":\"https:\\\/\\\/www.bellunopress.it\\\/#website\",\"url\":\"https:\\\/\\\/www.bellunopress.it\\\/\",\"name\":\"Bellunopress - Dolomiti\",\"description\":\"e-mail: redazione@bellunopress.it\",\"publisher\":{\"@id\":\"https:\\\/\\\/www.bellunopress.it\\\/#organization\"},\"potentialAction\":[{\"@type\":\"SearchAction\",\"target\":{\"@type\":\"EntryPoint\",\"urlTemplate\":\"https:\\\/\\\/www.bellunopress.it\\\/?s={search_term_string}\"},\"query-input\":{\"@type\":\"PropertyValueSpecification\",\"valueRequired\":true,\"valueName\":\"search_term_string\"}}],\"inLanguage\":\"fr-FR\"},{\"@type\":\"Organization\",\"@id\":\"https:\\\/\\\/www.bellunopress.it\\\/#organization\",\"name\":\"Bellunopress\",\"url\":\"https:\\\/\\\/www.bellunopress.it\\\/\",\"logo\":{\"@type\":\"ImageObject\",\"inLanguage\":\"fr-FR\",\"@id\":\"https:\\\/\\\/www.bellunopress.it\\\/#\\\/schema\\\/logo\\\/image\\\/\",\"url\":\"https:\\\/\\\/www.bellunopress.it\\\/wp-content\\\/uploads\\\/2011\\\/05\\\/cropped-logo-bellunopress-.jpg\",\"contentUrl\":\"https:\\\/\\\/www.bellunopress.it\\\/wp-content\\\/uploads\\\/2011\\\/05\\\/cropped-logo-bellunopress-.jpg\",\"width\":512,\"height\":512,\"caption\":\"Bellunopress\"},\"image\":{\"@id\":\"https:\\\/\\\/www.bellunopress.it\\\/#\\\/schema\\\/logo\\\/image\\\/\"},\"sameAs\":[\"https:\\\/\\\/www.facebook.com\\\/profile.php?id=100008943462799\",\"https:\\\/\\\/x.com\\\/bellunopress\",\"https:\\\/\\\/www.linkedin.com\\\/hp\\\/?dnr=JBzUWaJfMUw8vbXJJ2tVW5-I3jZKvC4wsoxE&amp;amp;amp;amp;amp;amp;trk=nav_responsive_tab_home\",\"https:\\\/\\\/www.youtube.com\\\/channel\\\/UCxL0wu1uN0_3_7hGG0306cw\"]},{\"@type\":\"Person\",\"@id\":\"https:\\\/\\\/www.bellunopress.it\\\/#\\\/schema\\\/person\\\/79bb06722b37ece1c03d3e94beb30d73\",\"name\":\"redazione\",\"image\":{\"@type\":\"ImageObject\",\"inLanguage\":\"fr-FR\",\"@id\":\"https:\\\/\\\/secure.gravatar.com\\\/avatar\\\/37d968a2e67a6fd04c169c4bdef102d0bc5d31b2546345219e348575eb80e9a0?s=96&d=mm&r=g\",\"url\":\"https:\\\/\\\/secure.gravatar.com\\\/avatar\\\/37d968a2e67a6fd04c169c4bdef102d0bc5d31b2546345219e348575eb80e9a0?s=96&d=mm&r=g\",\"contentUrl\":\"https:\\\/\\\/secure.gravatar.com\\\/avatar\\\/37d968a2e67a6fd04c169c4bdef102d0bc5d31b2546345219e348575eb80e9a0?s=96&d=mm&r=g\",\"caption\":\"redazione\"},\"sameAs\":[\"http:\\\/\\\/www.bellunopress.it\",\"https:\\\/\\\/x.com\\\/bellunopress\"],\"url\":\"https:\\\/\\\/www.bellunopress.it\\\/fr\\\/author\\\/redazione\\\/\"}]}<\/script>\n<!-- \/ Yoast SEO plugin. -->","yoast_head_json":{"title":"Le \"Vacanze forzate\" della Compagnia del Sorriso, sabato a Mel - Bellunopress - Dolomiti","robots":{"index":"index","follow":"follow","max-snippet":"max-snippet:-1","max-image-preview":"max-image-preview:large","max-video-preview":"max-video-preview:-1"},"canonical":"https:\/\/www.bellunopress.it\/fr\/2025\/10\/12\/164021\/","og_locale":"fr_FR","og_type":"article","og_title":"Le \"Vacanze forzate\" della Compagnia del Sorriso, sabato a Mel - Bellunopress - Dolomiti","og_description":"Si chiama &#8220;Vacanze forzate&#8221; la commedia in 3 atti che La Compagnia del Sorriso di Salce metter\u00e0 in scena sabato 18 ottobre all&#8217;Auditorium della Ex chiesa di San Pietro di Mel in comune di Borgo Valbelluna. L&#8217;appuntamento \u00e8 per le 20, ingresso ad offerta libera. Un&#8217;offerta libera consapevole che il ricavato raccolto sar\u00e0 devoluto a [&hellip;]","og_url":"https:\/\/www.bellunopress.it\/fr\/2025\/10\/12\/164021\/","og_site_name":"Bellunopress - Dolomiti","article_publisher":"https:\/\/www.facebook.com\/profile.php?id=100008943462799","article_published_time":"2025-10-12T15:35:49+00:00","article_modified_time":"2025-10-12T18:09:20+00:00","og_image":[{"width":800,"height":361,"url":"https:\/\/www.bellunopress.it\/wp-content\/uploads\/2025\/10\/compagnia-del-sorriso-Salce_edited.jpg","type":"image\/jpeg"}],"author":"redazione","twitter_card":"summary_large_image","twitter_creator":"@bellunopress","twitter_site":"@bellunopress","twitter_misc":{"\u00c9crit par":"redazione","Dur\u00e9e de lecture estim\u00e9e":"2 minutes"},"schema":{"@context":"https:\/\/schema.org","@graph":[{"@type":"Article","@id":"https:\/\/www.bellunopress.it\/2025\/10\/12\/164021\/#article","isPartOf":{"@id":"https:\/\/www.bellunopress.it\/2025\/10\/12\/164021\/"},"author":{"name":"redazione","@id":"https:\/\/www.bellunopress.it\/#\/schema\/person\/79bb06722b37ece1c03d3e94beb30d73"},"headline":"Le &#8220;Vacanze forzate&#8221; della Compagnia del Sorriso, sabato a Mel","datePublished":"2025-10-12T15:35:49+00:00","dateModified":"2025-10-12T18:09:20+00:00","mainEntityOfPage":{"@id":"https:\/\/www.bellunopress.it\/2025\/10\/12\/164021\/"},"wordCount":343,"publisher":{"@id":"https:\/\/www.bellunopress.it\/#organization"},"image":{"@id":"https:\/\/www.bellunopress.it\/2025\/10\/12\/164021\/#primaryimage"},"thumbnailUrl":"https:\/\/www.bellunopress.it\/wp-content\/uploads\/2025\/10\/compagnia-del-sorriso-Salce_edited.jpg","articleSection":["Appuntamenti, Eventi","Arte, Cultura, Spettacoli, Scienza","Pausa Caff\u00e8"],"inLanguage":"fr-FR"},{"@type":"WebPage","@id":"https:\/\/www.bellunopress.it\/2025\/10\/12\/164021\/","url":"https:\/\/www.bellunopress.it\/2025\/10\/12\/164021\/","name":"Le \"Vacanze forzate\" della Compagnia del Sorriso, sabato a Mel - Bellunopress - Dolomiti","isPartOf":{"@id":"https:\/\/www.bellunopress.it\/#website"},"primaryImageOfPage":{"@id":"https:\/\/www.bellunopress.it\/2025\/10\/12\/164021\/#primaryimage"},"image":{"@id":"https:\/\/www.bellunopress.it\/2025\/10\/12\/164021\/#primaryimage"},"thumbnailUrl":"https:\/\/www.bellunopress.it\/wp-content\/uploads\/2025\/10\/compagnia-del-sorriso-Salce_edited.jpg","datePublished":"2025-10-12T15:35:49+00:00","dateModified":"2025-10-12T18:09:20+00:00","breadcrumb":{"@id":"https:\/\/www.bellunopress.it\/2025\/10\/12\/164021\/#breadcrumb"},"inLanguage":"fr-FR","potentialAction":[{"@type":"ReadAction","target":["https:\/\/www.bellunopress.it\/2025\/10\/12\/164021\/"]}]},{"@type":"ImageObject","inLanguage":"fr-FR","@id":"https:\/\/www.bellunopress.it\/2025\/10\/12\/164021\/#primaryimage","url":"https:\/\/www.bellunopress.it\/wp-content\/uploads\/2025\/10\/compagnia-del-sorriso-Salce_edited.jpg","contentUrl":"https:\/\/www.bellunopress.it\/wp-content\/uploads\/2025\/10\/compagnia-del-sorriso-Salce_edited.jpg","width":800,"height":361,"caption":"Compagnia del sorriso"},{"@type":"BreadcrumbList","@id":"https:\/\/www.bellunopress.it\/2025\/10\/12\/164021\/#breadcrumb","itemListElement":[{"@type":"ListItem","position":1,"name":"Home","item":"https:\/\/www.bellunopress.it\/"},{"@type":"ListItem","position":2,"name":"Le &#8220;Vacanze forzate&#8221; della Compagnia del Sorriso, sabato a Mel"}]},{"@type":"WebSite","@id":"https:\/\/www.bellunopress.it\/#website","url":"https:\/\/www.bellunopress.it\/","name":"Bellunopress - Dolomiti","description":"e-mail: redazione@bellunopress.it","publisher":{"@id":"https:\/\/www.bellunopress.it\/#organization"},"potentialAction":[{"@type":"SearchAction","target":{"@type":"EntryPoint","urlTemplate":"https:\/\/www.bellunopress.it\/?s={search_term_string}"},"query-input":{"@type":"PropertyValueSpecification","valueRequired":true,"valueName":"search_term_string"}}],"inLanguage":"fr-FR"},{"@type":"Organization","@id":"https:\/\/www.bellunopress.it\/#organization","name":"Bellunopress","url":"https:\/\/www.bellunopress.it\/","logo":{"@type":"ImageObject","inLanguage":"fr-FR","@id":"https:\/\/www.bellunopress.it\/#\/schema\/logo\/image\/","url":"https:\/\/www.bellunopress.it\/wp-content\/uploads\/2011\/05\/cropped-logo-bellunopress-.jpg","contentUrl":"https:\/\/www.bellunopress.it\/wp-content\/uploads\/2011\/05\/cropped-logo-bellunopress-.jpg","width":512,"height":512,"caption":"Bellunopress"},"image":{"@id":"https:\/\/www.bellunopress.it\/#\/schema\/logo\/image\/"},"sameAs":["https:\/\/www.facebook.com\/profile.php?id=100008943462799","https:\/\/x.com\/bellunopress","https:\/\/www.linkedin.com\/hp\/?dnr=JBzUWaJfMUw8vbXJJ2tVW5-I3jZKvC4wsoxE&amp;amp;amp;amp;amp;amp;trk=nav_responsive_tab_home","https:\/\/www.youtube.com\/channel\/UCxL0wu1uN0_3_7hGG0306cw"]},{"@type":"Person","@id":"https:\/\/www.bellunopress.it\/#\/schema\/person\/79bb06722b37ece1c03d3e94beb30d73","name":"r\u00e9daction","image":{"@type":"ImageObject","inLanguage":"fr-FR","@id":"https:\/\/secure.gravatar.com\/avatar\/37d968a2e67a6fd04c169c4bdef102d0bc5d31b2546345219e348575eb80e9a0?s=96&d=mm&r=g","url":"https:\/\/secure.gravatar.com\/avatar\/37d968a2e67a6fd04c169c4bdef102d0bc5d31b2546345219e348575eb80e9a0?s=96&d=mm&r=g","contentUrl":"https:\/\/secure.gravatar.com\/avatar\/37d968a2e67a6fd04c169c4bdef102d0bc5d31b2546345219e348575eb80e9a0?s=96&d=mm&r=g","caption":"redazione"},"sameAs":["http:\/\/www.bellunopress.it","https:\/\/x.com\/bellunopress"],"url":"https:\/\/www.bellunopress.it\/fr\/author\/redazione\/"}]}},"_links":{"self":[{"href":"https:\/\/www.bellunopress.it\/fr\/wp-json\/wp\/v2\/posts\/164021","targetHints":{"allow":["GET"]}}],"collection":[{"href":"https:\/\/www.bellunopress.it\/fr\/wp-json\/wp\/v2\/posts"}],"about":[{"href":"https:\/\/www.bellunopress.it\/fr\/wp-json\/wp\/v2\/types\/post"}],"author":[{"embeddable":true,"href":"https:\/\/www.bellunopress.it\/fr\/wp-json\/wp\/v2\/users\/2"}],"replies":[{"embeddable":true,"href":"https:\/\/www.bellunopress.it\/fr\/wp-json\/wp\/v2\/comments?post=164021"}],"version-history":[{"count":2,"href":"https:\/\/www.bellunopress.it\/fr\/wp-json\/wp\/v2\/posts\/164021\/revisions"}],"predecessor-version":[{"id":164055,"href":"https:\/\/www.bellunopress.it\/fr\/wp-json\/wp\/v2\/posts\/164021\/revisions\/164055"}],"wp:featuredmedia":[{"embeddable":true,"href":"https:\/\/www.bellunopress.it\/fr\/wp-json\/wp\/v2\/media\/164022"}],"wp:attachment":[{"href":"https:\/\/www.bellunopress.it\/fr\/wp-json\/wp\/v2\/media?parent=164021"}],"wp:term":[{"taxonomy":"category","embeddable":true,"href":"https:\/\/www.bellunopress.it\/fr\/wp-json\/wp\/v2\/categories?post=164021"},{"taxonomy":"post_tag","embeddable":true,"href":"https:\/\/www.bellunopress.it\/fr\/wp-json\/wp\/v2\/tags?post=164021"}],"curies":[{"name":"wp","href":"https:\/\/api.w.org\/{rel}","templated":true}]}}