{"id":164010,"date":"2025-10-10T16:47:03","date_gmt":"2025-10-10T14:47:03","guid":{"rendered":"https:\/\/www.bellunopress.it\/?p=164010"},"modified":"2025-10-10T16:47:03","modified_gmt":"2025-10-10T14:47:03","slug":"belluno-pubblicato-il-bando-del-progetto-dote-sport-domande-entro-le-12-del-7-novembre-2025","status":"publish","type":"post","link":"https:\/\/www.bellunopress.it\/fr\/2025\/10\/10\/belluno-pubblicato-il-bando-del-progetto-dote-sport-domande-entro-le-12-del-7-novembre-2025\/","title":{"rendered":"Belluno. Pubblicato il bando del progetto Dote Sport. Domande entro le 12 del 7 novembre 2025"},"content":{"rendered":"<p><img loading=\"lazy\" decoding=\"async\" class=\"aligncenter size-full wp-image-141792\" src=\"https:\/\/www.bellunopress.it\/wp-content\/uploads\/2023\/05\/Comune-di-Belluno_edited.jpg\" alt=\"\" width=\"266\" height=\"190\" srcset=\"https:\/\/www.bellunopress.it\/wp-content\/uploads\/2023\/05\/Comune-di-Belluno_edited.jpg 266w, https:\/\/www.bellunopress.it\/wp-content\/uploads\/2023\/05\/Comune-di-Belluno_edited-100x70.jpg 100w\" sizes=\"auto, (max-width: 266px) 100vw, 266px\" \/>E\u2019 stato pubblicato l\u2019avviso relativo al progetto \u201cDote Sport\u201d 2025, per<br \/>\nl\u2019assegnazione di un contributo alle famiglie per l\u2019iscrizione alla stagione sportiva<br \/>\n2025\/2026.<br \/>\nIl progetto \u00e8 finalizzato a favorire la partecipazione di bambini e ragazzi tra i 5<br \/>\nanni compiuti e i 16 anni non ancora compiuti entro la data di scadenza del<br \/>\nbando alla pratica sportiva svolta da societ\u00e0 o associazioni sportive dilettantistiche,<br \/>\nattraverso un sostegno economico che vada a riduzione della quota annuale.<\/p>\n<p>Possono beneficiarne i genitori o tutori di bambini e ragazzi tra i 5 e i 16 anni che:<br \/>\n\u2022 frequentino nella stagione 2025\/26 corsi o attivit\u00e0 sportive che prevedono il<br \/>\npagamento di quote di iscrizione o di frequenza;<br \/>\n\u2022 risiedano nel Comune di Belluno e frequentino associazioni sportive che esercitano<br \/>\nla propria attivit\u00e0 nel Comune di Belluno; solo in via subordinata e previa verifica<br \/>\ndella disponibilit\u00e0 finanziaria, potranno essere prese in considerazione le istanze di<br \/>\nresidenti del Comune di Belluno iscritti ad associazioni sportive che esercitano la<br \/>\npropria attivit\u00e0 in altri Comuni;<br \/>\n\u2022 appartengano a nuclei familiari il cui ISEE ORDINARIO in corso di validit\u00e0 inferiore<br \/>\no uguale a \u20ac 12.000.<br \/>\nIl Comune di Belluno verser\u00e0 la quota alle Societ\u00e0 sportive che aderiranno<br \/>\nall&#8217;iniziativa e presenteranno la documentazione richiesta. Nel caso in cui le famiglie<br \/>\nabbiano gi\u00e0 pagato l\u2019iscrizione, la quota verr\u00e0 rimborsata alla famiglia nella misura<br \/>\ndel contributo assegnato.<br \/>\nLa graduatoria per il sostegno economico avr\u00e0 come base l\u2019attestazione ISEE<br \/>\nORDINARIO fino al limite della capienza del fondo:<br \/>\n\u2022 ISEE pari o inferiore a \u20ac 8.000: \u20ac 300;<br \/>\n\u2022 ISEE compreso tra \u20ac 8.001 e \u20ac 10.000: \u20ac 200;<br \/>\n\u2022 ISEE compreso tra \u20ac 10.001 e \u20ac 12.000: \u20ac 100.<br \/>\nIl contributo non \u00e8 cumulabile con altri contributi di analoga ispirazione.<br \/>\nLa richiesta deve essere presentata entro le ore 12 del 7 novembre 2025:<br \/>\n\u2022 compilando il modulo scaricabile dal sito Internet del Comune e<br \/>\nconsegnandolo (completo della fotocopia di un documento di identit\u00e0)<br \/>\nall\u2019Ufficio Protocollo, piazza Duomo 1, dal luned\u00ec al venerd\u00ec, dalle 9 alle 12 e il<br \/>\ngioved\u00ec dalle 15 alle 17;<br \/>\n\u2022 oppure inviandolo, sempre con copia di un documento di identit\u00e0, all\u2019indirizzo<br \/>\nprotocollo @comune.belluno.it<br \/>\n\u2022 o inviandolo tramite PEC all\u2019indirizzo belluno.bl@cert.ip-veneto.net<br \/>\niL\u2019Ufficio Sport \u00e8 a disposizione delle famiglie nei pomeriggi del marted\u00ec e<br \/>\ndel gioved\u00ec, dalle 15 alle 17, per assistenza nella compilazione della<br \/>\ndomanda.<br \/>\nPer informazioni: email sport@comune.belluno.it, telefono 0437 914141<\/p>","protected":false},"excerpt":{"rendered":"<p>E\u2019 stato pubblicato l\u2019avviso relativo al progetto \u201cDote Sport\u201d 2025, per l\u2019assegnazione di un contributo alle famiglie per l\u2019iscrizione alla stagione sportiva 2025\/2026. Il progetto \u00e8 finalizzato a favorire la partecipazione di bambini e ragazzi tra i 5 anni compiuti e i 16 anni non ancora compiuti entro la data di scadenza del bando alla [&hellip;]<\/p>\n","protected":false},"author":2,"featured_media":141792,"comment_status":"closed","ping_status":"open","sticky":false,"template":"","format":"standard","meta":{"footnotes":""},"categories":[26,15,4],"tags":[],"class_list":["post-164010","post","type-post","status-publish","format-standard","has-post-thumbnail","category-prima-pagina","category-scuola","category-sport"],"yoast_head":"<!-- This site is optimized with the Yoast SEO plugin v28.4 - https:\/\/yoast.com\/product\/yoast-seo-wordpress\/ -->\n<title>Belluno. Pubblicato il bando del progetto Dote Sport. Domande entro le 12 del 7 novembre 2025 - Bellunopress - Dolomiti<\/title>\n<meta name=\"robots\" content=\"index, follow, max-snippet:-1, max-image-preview:large, max-video-preview:-1\" \/>\n<link rel=\"canonical\" href=\"https:\/\/www.bellunopress.it\/fr\/2025\/10\/10\/belluno-pubblicato-il-bando-del-progetto-dote-sport-domande-entro-le-12-del-7-novembre-2025\/\" \/>\n<meta property=\"og:locale\" content=\"fr_FR\" \/>\n<meta property=\"og:type\" content=\"article\" \/>\n<meta property=\"og:title\" content=\"Belluno. Pubblicato il bando del progetto Dote Sport. Domande entro le 12 del 7 novembre 2025 - Bellunopress - Dolomiti\" \/>\n<meta property=\"og:description\" content=\"E\u2019 stato pubblicato l\u2019avviso relativo al progetto \u201cDote Sport\u201d 2025, per l\u2019assegnazione di un contributo alle famiglie per l\u2019iscrizione alla stagione sportiva 2025\/2026. Il progetto \u00e8 finalizzato a favorire la partecipazione di bambini e ragazzi tra i 5 anni compiuti e i 16 anni non ancora compiuti entro la data di scadenza del bando alla [&hellip;]\" \/>\n<meta property=\"og:url\" content=\"https:\/\/www.bellunopress.it\/fr\/2025\/10\/10\/belluno-pubblicato-il-bando-del-progetto-dote-sport-domande-entro-le-12-del-7-novembre-2025\/\" \/>\n<meta property=\"og:site_name\" content=\"Bellunopress - Dolomiti\" \/>\n<meta property=\"article:publisher\" content=\"https:\/\/www.facebook.com\/profile.php?id=100008943462799\" \/>\n<meta property=\"article:published_time\" content=\"2025-10-10T14:47:03+00:00\" \/>\n<meta property=\"og:image\" content=\"https:\/\/www.bellunopress.it\/wp-content\/uploads\/2023\/05\/Comune-di-Belluno_edited.jpg\" \/>\n\t<meta property=\"og:image:width\" content=\"266\" \/>\n\t<meta property=\"og:image:height\" content=\"190\" \/>\n\t<meta property=\"og:image:type\" content=\"image\/jpeg\" \/>\n<meta name=\"author\" content=\"redazione\" \/>\n<meta name=\"twitter:card\" content=\"summary_large_image\" \/>\n<meta name=\"twitter:creator\" content=\"@bellunopress\" \/>\n<meta name=\"twitter:site\" content=\"@bellunopress\" \/>\n<meta name=\"twitter:label1\" content=\"\u00c9crit par\" \/>\n\t<meta name=\"twitter:data1\" content=\"redazione\" \/>\n\t<meta name=\"twitter:label2\" content=\"Dur\u00e9e de lecture estim\u00e9e\" \/>\n\t<meta name=\"twitter:data2\" content=\"2 minutes\" \/>\n<script type=\"application\/ld+json\" class=\"yoast-schema-graph\">{\"@context\":\"https:\\\/\\\/schema.org\",\"@graph\":[{\"@type\":\"Article\",\"@id\":\"https:\\\/\\\/www.bellunopress.it\\\/2025\\\/10\\\/10\\\/belluno-pubblicato-il-bando-del-progetto-dote-sport-domande-entro-le-12-del-7-novembre-2025\\\/#article\",\"isPartOf\":{\"@id\":\"https:\\\/\\\/www.bellunopress.it\\\/2025\\\/10\\\/10\\\/belluno-pubblicato-il-bando-del-progetto-dote-sport-domande-entro-le-12-del-7-novembre-2025\\\/\"},\"author\":{\"name\":\"redazione\",\"@id\":\"https:\\\/\\\/www.bellunopress.it\\\/#\\\/schema\\\/person\\\/79bb06722b37ece1c03d3e94beb30d73\"},\"headline\":\"Belluno. Pubblicato il bando del progetto Dote Sport. Domande entro le 12 del 7 novembre 2025\",\"datePublished\":\"2025-10-10T14:47:03+00:00\",\"mainEntityOfPage\":{\"@id\":\"https:\\\/\\\/www.bellunopress.it\\\/2025\\\/10\\\/10\\\/belluno-pubblicato-il-bando-del-progetto-dote-sport-domande-entro-le-12-del-7-novembre-2025\\\/\"},\"wordCount\":375,\"publisher\":{\"@id\":\"https:\\\/\\\/www.bellunopress.it\\\/#organization\"},\"image\":{\"@id\":\"https:\\\/\\\/www.bellunopress.it\\\/2025\\\/10\\\/10\\\/belluno-pubblicato-il-bando-del-progetto-dote-sport-domande-entro-le-12-del-7-novembre-2025\\\/#primaryimage\"},\"thumbnailUrl\":\"https:\\\/\\\/www.bellunopress.it\\\/wp-content\\\/uploads\\\/2023\\\/05\\\/Comune-di-Belluno_edited.jpg\",\"articleSection\":[\"Prima Pagina\",\"Scuola\",\"Sport, tempo libero\"],\"inLanguage\":\"fr-FR\"},{\"@type\":\"WebPage\",\"@id\":\"https:\\\/\\\/www.bellunopress.it\\\/2025\\\/10\\\/10\\\/belluno-pubblicato-il-bando-del-progetto-dote-sport-domande-entro-le-12-del-7-novembre-2025\\\/\",\"url\":\"https:\\\/\\\/www.bellunopress.it\\\/2025\\\/10\\\/10\\\/belluno-pubblicato-il-bando-del-progetto-dote-sport-domande-entro-le-12-del-7-novembre-2025\\\/\",\"name\":\"Belluno. Pubblicato il bando del progetto Dote Sport. Domande entro le 12 del 7 novembre 2025 - Bellunopress - Dolomiti\",\"isPartOf\":{\"@id\":\"https:\\\/\\\/www.bellunopress.it\\\/#website\"},\"primaryImageOfPage\":{\"@id\":\"https:\\\/\\\/www.bellunopress.it\\\/2025\\\/10\\\/10\\\/belluno-pubblicato-il-bando-del-progetto-dote-sport-domande-entro-le-12-del-7-novembre-2025\\\/#primaryimage\"},\"image\":{\"@id\":\"https:\\\/\\\/www.bellunopress.it\\\/2025\\\/10\\\/10\\\/belluno-pubblicato-il-bando-del-progetto-dote-sport-domande-entro-le-12-del-7-novembre-2025\\\/#primaryimage\"},\"thumbnailUrl\":\"https:\\\/\\\/www.bellunopress.it\\\/wp-content\\\/uploads\\\/2023\\\/05\\\/Comune-di-Belluno_edited.jpg\",\"datePublished\":\"2025-10-10T14:47:03+00:00\",\"breadcrumb\":{\"@id\":\"https:\\\/\\\/www.bellunopress.it\\\/2025\\\/10\\\/10\\\/belluno-pubblicato-il-bando-del-progetto-dote-sport-domande-entro-le-12-del-7-novembre-2025\\\/#breadcrumb\"},\"inLanguage\":\"fr-FR\",\"potentialAction\":[{\"@type\":\"ReadAction\",\"target\":[\"https:\\\/\\\/www.bellunopress.it\\\/2025\\\/10\\\/10\\\/belluno-pubblicato-il-bando-del-progetto-dote-sport-domande-entro-le-12-del-7-novembre-2025\\\/\"]}]},{\"@type\":\"ImageObject\",\"inLanguage\":\"fr-FR\",\"@id\":\"https:\\\/\\\/www.bellunopress.it\\\/2025\\\/10\\\/10\\\/belluno-pubblicato-il-bando-del-progetto-dote-sport-domande-entro-le-12-del-7-novembre-2025\\\/#primaryimage\",\"url\":\"https:\\\/\\\/www.bellunopress.it\\\/wp-content\\\/uploads\\\/2023\\\/05\\\/Comune-di-Belluno_edited.jpg\",\"contentUrl\":\"https:\\\/\\\/www.bellunopress.it\\\/wp-content\\\/uploads\\\/2023\\\/05\\\/Comune-di-Belluno_edited.jpg\",\"width\":266,\"height\":190},{\"@type\":\"BreadcrumbList\",\"@id\":\"https:\\\/\\\/www.bellunopress.it\\\/2025\\\/10\\\/10\\\/belluno-pubblicato-il-bando-del-progetto-dote-sport-domande-entro-le-12-del-7-novembre-2025\\\/#breadcrumb\",\"itemListElement\":[{\"@type\":\"ListItem\",\"position\":1,\"name\":\"Home\",\"item\":\"https:\\\/\\\/www.bellunopress.it\\\/\"},{\"@type\":\"ListItem\",\"position\":2,\"name\":\"Belluno. Pubblicato il bando del progetto Dote Sport. Domande entro le 12 del 7 novembre 2025\"}]},{\"@type\":\"WebSite\",\"@id\":\"https:\\\/\\\/www.bellunopress.it\\\/#website\",\"url\":\"https:\\\/\\\/www.bellunopress.it\\\/\",\"name\":\"Bellunopress - Dolomiti\",\"description\":\"e-mail: redazione@bellunopress.it\",\"publisher\":{\"@id\":\"https:\\\/\\\/www.bellunopress.it\\\/#organization\"},\"potentialAction\":[{\"@type\":\"SearchAction\",\"target\":{\"@type\":\"EntryPoint\",\"urlTemplate\":\"https:\\\/\\\/www.bellunopress.it\\\/?s={search_term_string}\"},\"query-input\":{\"@type\":\"PropertyValueSpecification\",\"valueRequired\":true,\"valueName\":\"search_term_string\"}}],\"inLanguage\":\"fr-FR\"},{\"@type\":\"Organization\",\"@id\":\"https:\\\/\\\/www.bellunopress.it\\\/#organization\",\"name\":\"Bellunopress\",\"url\":\"https:\\\/\\\/www.bellunopress.it\\\/\",\"logo\":{\"@type\":\"ImageObject\",\"inLanguage\":\"fr-FR\",\"@id\":\"https:\\\/\\\/www.bellunopress.it\\\/#\\\/schema\\\/logo\\\/image\\\/\",\"url\":\"https:\\\/\\\/www.bellunopress.it\\\/wp-content\\\/uploads\\\/2011\\\/05\\\/cropped-logo-bellunopress-.jpg\",\"contentUrl\":\"https:\\\/\\\/www.bellunopress.it\\\/wp-content\\\/uploads\\\/2011\\\/05\\\/cropped-logo-bellunopress-.jpg\",\"width\":512,\"height\":512,\"caption\":\"Bellunopress\"},\"image\":{\"@id\":\"https:\\\/\\\/www.bellunopress.it\\\/#\\\/schema\\\/logo\\\/image\\\/\"},\"sameAs\":[\"https:\\\/\\\/www.facebook.com\\\/profile.php?id=100008943462799\",\"https:\\\/\\\/x.com\\\/bellunopress\",\"https:\\\/\\\/www.linkedin.com\\\/hp\\\/?dnr=JBzUWaJfMUw8vbXJJ2tVW5-I3jZKvC4wsoxE&amp;amp;amp;amp;amp;amp;trk=nav_responsive_tab_home\",\"https:\\\/\\\/www.youtube.com\\\/channel\\\/UCxL0wu1uN0_3_7hGG0306cw\"]},{\"@type\":\"Person\",\"@id\":\"https:\\\/\\\/www.bellunopress.it\\\/#\\\/schema\\\/person\\\/79bb06722b37ece1c03d3e94beb30d73\",\"name\":\"redazione\",\"image\":{\"@type\":\"ImageObject\",\"inLanguage\":\"fr-FR\",\"@id\":\"https:\\\/\\\/secure.gravatar.com\\\/avatar\\\/37d968a2e67a6fd04c169c4bdef102d0bc5d31b2546345219e348575eb80e9a0?s=96&d=mm&r=g\",\"url\":\"https:\\\/\\\/secure.gravatar.com\\\/avatar\\\/37d968a2e67a6fd04c169c4bdef102d0bc5d31b2546345219e348575eb80e9a0?s=96&d=mm&r=g\",\"contentUrl\":\"https:\\\/\\\/secure.gravatar.com\\\/avatar\\\/37d968a2e67a6fd04c169c4bdef102d0bc5d31b2546345219e348575eb80e9a0?s=96&d=mm&r=g\",\"caption\":\"redazione\"},\"sameAs\":[\"http:\\\/\\\/www.bellunopress.it\",\"https:\\\/\\\/x.com\\\/bellunopress\"],\"url\":\"https:\\\/\\\/www.bellunopress.it\\\/fr\\\/author\\\/redazione\\\/\"}]}<\/script>\n<!-- \/ Yoast SEO plugin. -->","yoast_head_json":{"title":"Belluno. Pubblicato il bando del progetto Dote Sport. Domande entro le 12 del 7 novembre 2025 - Bellunopress - Dolomiti","robots":{"index":"index","follow":"follow","max-snippet":"max-snippet:-1","max-image-preview":"max-image-preview:large","max-video-preview":"max-video-preview:-1"},"canonical":"https:\/\/www.bellunopress.it\/fr\/2025\/10\/10\/belluno-pubblicato-il-bando-del-progetto-dote-sport-domande-entro-le-12-del-7-novembre-2025\/","og_locale":"fr_FR","og_type":"article","og_title":"Belluno. Pubblicato il bando del progetto Dote Sport. Domande entro le 12 del 7 novembre 2025 - Bellunopress - Dolomiti","og_description":"E\u2019 stato pubblicato l\u2019avviso relativo al progetto \u201cDote Sport\u201d 2025, per l\u2019assegnazione di un contributo alle famiglie per l\u2019iscrizione alla stagione sportiva 2025\/2026. Il progetto \u00e8 finalizzato a favorire la partecipazione di bambini e ragazzi tra i 5 anni compiuti e i 16 anni non ancora compiuti entro la data di scadenza del bando alla [&hellip;]","og_url":"https:\/\/www.bellunopress.it\/fr\/2025\/10\/10\/belluno-pubblicato-il-bando-del-progetto-dote-sport-domande-entro-le-12-del-7-novembre-2025\/","og_site_name":"Bellunopress - Dolomiti","article_publisher":"https:\/\/www.facebook.com\/profile.php?id=100008943462799","article_published_time":"2025-10-10T14:47:03+00:00","og_image":[{"width":266,"height":190,"url":"https:\/\/www.bellunopress.it\/wp-content\/uploads\/2023\/05\/Comune-di-Belluno_edited.jpg","type":"image\/jpeg"}],"author":"redazione","twitter_card":"summary_large_image","twitter_creator":"@bellunopress","twitter_site":"@bellunopress","twitter_misc":{"\u00c9crit par":"redazione","Dur\u00e9e de lecture estim\u00e9e":"2 minutes"},"schema":{"@context":"https:\/\/schema.org","@graph":[{"@type":"Article","@id":"https:\/\/www.bellunopress.it\/2025\/10\/10\/belluno-pubblicato-il-bando-del-progetto-dote-sport-domande-entro-le-12-del-7-novembre-2025\/#article","isPartOf":{"@id":"https:\/\/www.bellunopress.it\/2025\/10\/10\/belluno-pubblicato-il-bando-del-progetto-dote-sport-domande-entro-le-12-del-7-novembre-2025\/"},"author":{"name":"redazione","@id":"https:\/\/www.bellunopress.it\/#\/schema\/person\/79bb06722b37ece1c03d3e94beb30d73"},"headline":"Belluno. Pubblicato il bando del progetto Dote Sport. Domande entro le 12 del 7 novembre 2025","datePublished":"2025-10-10T14:47:03+00:00","mainEntityOfPage":{"@id":"https:\/\/www.bellunopress.it\/2025\/10\/10\/belluno-pubblicato-il-bando-del-progetto-dote-sport-domande-entro-le-12-del-7-novembre-2025\/"},"wordCount":375,"publisher":{"@id":"https:\/\/www.bellunopress.it\/#organization"},"image":{"@id":"https:\/\/www.bellunopress.it\/2025\/10\/10\/belluno-pubblicato-il-bando-del-progetto-dote-sport-domande-entro-le-12-del-7-novembre-2025\/#primaryimage"},"thumbnailUrl":"https:\/\/www.bellunopress.it\/wp-content\/uploads\/2023\/05\/Comune-di-Belluno_edited.jpg","articleSection":["Prima Pagina","Scuola","Sport, tempo libero"],"inLanguage":"fr-FR"},{"@type":"WebPage","@id":"https:\/\/www.bellunopress.it\/2025\/10\/10\/belluno-pubblicato-il-bando-del-progetto-dote-sport-domande-entro-le-12-del-7-novembre-2025\/","url":"https:\/\/www.bellunopress.it\/2025\/10\/10\/belluno-pubblicato-il-bando-del-progetto-dote-sport-domande-entro-le-12-del-7-novembre-2025\/","name":"Belluno. Pubblicato il bando del progetto Dote Sport. Domande entro le 12 del 7 novembre 2025 - Bellunopress - Dolomiti","isPartOf":{"@id":"https:\/\/www.bellunopress.it\/#website"},"primaryImageOfPage":{"@id":"https:\/\/www.bellunopress.it\/2025\/10\/10\/belluno-pubblicato-il-bando-del-progetto-dote-sport-domande-entro-le-12-del-7-novembre-2025\/#primaryimage"},"image":{"@id":"https:\/\/www.bellunopress.it\/2025\/10\/10\/belluno-pubblicato-il-bando-del-progetto-dote-sport-domande-entro-le-12-del-7-novembre-2025\/#primaryimage"},"thumbnailUrl":"https:\/\/www.bellunopress.it\/wp-content\/uploads\/2023\/05\/Comune-di-Belluno_edited.jpg","datePublished":"2025-10-10T14:47:03+00:00","breadcrumb":{"@id":"https:\/\/www.bellunopress.it\/2025\/10\/10\/belluno-pubblicato-il-bando-del-progetto-dote-sport-domande-entro-le-12-del-7-novembre-2025\/#breadcrumb"},"inLanguage":"fr-FR","potentialAction":[{"@type":"ReadAction","target":["https:\/\/www.bellunopress.it\/2025\/10\/10\/belluno-pubblicato-il-bando-del-progetto-dote-sport-domande-entro-le-12-del-7-novembre-2025\/"]}]},{"@type":"ImageObject","inLanguage":"fr-FR","@id":"https:\/\/www.bellunopress.it\/2025\/10\/10\/belluno-pubblicato-il-bando-del-progetto-dote-sport-domande-entro-le-12-del-7-novembre-2025\/#primaryimage","url":"https:\/\/www.bellunopress.it\/wp-content\/uploads\/2023\/05\/Comune-di-Belluno_edited.jpg","contentUrl":"https:\/\/www.bellunopress.it\/wp-content\/uploads\/2023\/05\/Comune-di-Belluno_edited.jpg","width":266,"height":190},{"@type":"BreadcrumbList","@id":"https:\/\/www.bellunopress.it\/2025\/10\/10\/belluno-pubblicato-il-bando-del-progetto-dote-sport-domande-entro-le-12-del-7-novembre-2025\/#breadcrumb","itemListElement":[{"@type":"ListItem","position":1,"name":"Home","item":"https:\/\/www.bellunopress.it\/"},{"@type":"ListItem","position":2,"name":"Belluno. Pubblicato il bando del progetto Dote Sport. Domande entro le 12 del 7 novembre 2025"}]},{"@type":"WebSite","@id":"https:\/\/www.bellunopress.it\/#website","url":"https:\/\/www.bellunopress.it\/","name":"Bellunopress - Dolomiti","description":"e-mail: redazione@bellunopress.it","publisher":{"@id":"https:\/\/www.bellunopress.it\/#organization"},"potentialAction":[{"@type":"SearchAction","target":{"@type":"EntryPoint","urlTemplate":"https:\/\/www.bellunopress.it\/?s={search_term_string}"},"query-input":{"@type":"PropertyValueSpecification","valueRequired":true,"valueName":"search_term_string"}}],"inLanguage":"fr-FR"},{"@type":"Organization","@id":"https:\/\/www.bellunopress.it\/#organization","name":"Bellunopress","url":"https:\/\/www.bellunopress.it\/","logo":{"@type":"ImageObject","inLanguage":"fr-FR","@id":"https:\/\/www.bellunopress.it\/#\/schema\/logo\/image\/","url":"https:\/\/www.bellunopress.it\/wp-content\/uploads\/2011\/05\/cropped-logo-bellunopress-.jpg","contentUrl":"https:\/\/www.bellunopress.it\/wp-content\/uploads\/2011\/05\/cropped-logo-bellunopress-.jpg","width":512,"height":512,"caption":"Bellunopress"},"image":{"@id":"https:\/\/www.bellunopress.it\/#\/schema\/logo\/image\/"},"sameAs":["https:\/\/www.facebook.com\/profile.php?id=100008943462799","https:\/\/x.com\/bellunopress","https:\/\/www.linkedin.com\/hp\/?dnr=JBzUWaJfMUw8vbXJJ2tVW5-I3jZKvC4wsoxE&amp;amp;amp;amp;amp;amp;trk=nav_responsive_tab_home","https:\/\/www.youtube.com\/channel\/UCxL0wu1uN0_3_7hGG0306cw"]},{"@type":"Person","@id":"https:\/\/www.bellunopress.it\/#\/schema\/person\/79bb06722b37ece1c03d3e94beb30d73","name":"r\u00e9daction","image":{"@type":"ImageObject","inLanguage":"fr-FR","@id":"https:\/\/secure.gravatar.com\/avatar\/37d968a2e67a6fd04c169c4bdef102d0bc5d31b2546345219e348575eb80e9a0?s=96&d=mm&r=g","url":"https:\/\/secure.gravatar.com\/avatar\/37d968a2e67a6fd04c169c4bdef102d0bc5d31b2546345219e348575eb80e9a0?s=96&d=mm&r=g","contentUrl":"https:\/\/secure.gravatar.com\/avatar\/37d968a2e67a6fd04c169c4bdef102d0bc5d31b2546345219e348575eb80e9a0?s=96&d=mm&r=g","caption":"redazione"},"sameAs":["http:\/\/www.bellunopress.it","https:\/\/x.com\/bellunopress"],"url":"https:\/\/www.bellunopress.it\/fr\/author\/redazione\/"}]}},"_links":{"self":[{"href":"https:\/\/www.bellunopress.it\/fr\/wp-json\/wp\/v2\/posts\/164010","targetHints":{"allow":["GET"]}}],"collection":[{"href":"https:\/\/www.bellunopress.it\/fr\/wp-json\/wp\/v2\/posts"}],"about":[{"href":"https:\/\/www.bellunopress.it\/fr\/wp-json\/wp\/v2\/types\/post"}],"author":[{"embeddable":true,"href":"https:\/\/www.bellunopress.it\/fr\/wp-json\/wp\/v2\/users\/2"}],"replies":[{"embeddable":true,"href":"https:\/\/www.bellunopress.it\/fr\/wp-json\/wp\/v2\/comments?post=164010"}],"version-history":[{"count":1,"href":"https:\/\/www.bellunopress.it\/fr\/wp-json\/wp\/v2\/posts\/164010\/revisions"}],"predecessor-version":[{"id":164011,"href":"https:\/\/www.bellunopress.it\/fr\/wp-json\/wp\/v2\/posts\/164010\/revisions\/164011"}],"wp:featuredmedia":[{"embeddable":true,"href":"https:\/\/www.bellunopress.it\/fr\/wp-json\/wp\/v2\/media\/141792"}],"wp:attachment":[{"href":"https:\/\/www.bellunopress.it\/fr\/wp-json\/wp\/v2\/media?parent=164010"}],"wp:term":[{"taxonomy":"category","embeddable":true,"href":"https:\/\/www.bellunopress.it\/fr\/wp-json\/wp\/v2\/categories?post=164010"},{"taxonomy":"post_tag","embeddable":true,"href":"https:\/\/www.bellunopress.it\/fr\/wp-json\/wp\/v2\/tags?post=164010"}],"curies":[{"name":"wp","href":"https:\/\/api.w.org\/{rel}","templated":true}]}}