{"id":164002,"date":"2025-10-10T13:20:07","date_gmt":"2025-10-10T11:20:07","guid":{"rendered":"https:\/\/www.bellunopress.it\/?p=164002"},"modified":"2025-10-10T13:20:07","modified_gmt":"2025-10-10T11:20:07","slug":"giornate-fai-dautunno-sabato-11-e-domenica-12-le-visite","status":"publish","type":"post","link":"https:\/\/www.bellunopress.it\/fr\/2025\/10\/10\/giornate-fai-dautunno-sabato-11-e-domenica-12-le-visite\/","title":{"rendered":"Giornate Fai d&#8217;autunno. Sabato 11 e domenica 12 le visite"},"content":{"rendered":"<figure id=\"attachment_164003\" aria-describedby=\"caption-attachment-164003\" style=\"width: 800px\" class=\"wp-caption aligncenter\"><img loading=\"lazy\" decoding=\"async\" class=\"size-full wp-image-164003\" src=\"https:\/\/www.bellunopress.it\/wp-content\/uploads\/2025\/10\/Belluno-casa-anelli-monti-serragiotto-C-FAI_edited.jpg\" alt=\"\" width=\"800\" height=\"600\" srcset=\"https:\/\/www.bellunopress.it\/wp-content\/uploads\/2025\/10\/Belluno-casa-anelli-monti-serragiotto-C-FAI_edited.jpg 800w, https:\/\/www.bellunopress.it\/wp-content\/uploads\/2025\/10\/Belluno-casa-anelli-monti-serragiotto-C-FAI_edited-500x375.jpg 500w, https:\/\/www.bellunopress.it\/wp-content\/uploads\/2025\/10\/Belluno-casa-anelli-monti-serragiotto-C-FAI_edited-560x420.jpg 560w, https:\/\/www.bellunopress.it\/wp-content\/uploads\/2025\/10\/Belluno-casa-anelli-monti-serragiotto-C-FAI_edited-80x60.jpg 80w, https:\/\/www.bellunopress.it\/wp-content\/uploads\/2025\/10\/Belluno-casa-anelli-monti-serragiotto-C-FAI_edited-696x522.jpg 696w\" sizes=\"auto, (max-width: 800px) 100vw, 800px\" \/><figcaption id=\"caption-attachment-164003\" class=\"wp-caption-text\">Belluno, Casa Anelli-Monti-Serragiotto (C) FAI<\/figcaption><\/figure>\n<p><strong>Evento nazionale di partecipazione attiva e di raccolta pubblica di fondi.\u00a0<\/strong><strong>Visite a contributo libero in 700 luoghi inaccessibili o poco valorizzati in 350 citt\u00e0 in tutta Italia.\u00a0<\/strong><strong>Elenco dei luoghi aperti e modalit\u00e0 di partecipazione su<\/strong> <a href=\"http:\/\/www.giornatefai.it\">www.giornatefai.it<\/a><\/p>\n<p><strong>Aperture in provincia di Belluno<\/strong><\/p>\n<p>A Belluno, grazie al Gruppo FAI Giovani di Belluno, sar\u00e0 eccezionalmente visitabile la Collezione privata Anelli Monti a Tisoi. L\u2019apertura \u00e8 riservata agli iscritti FAI, con possibilit\u00e0 di iscrizione in loco. La raccolta \u00e8 ospitata in una dimora rurale cinquecentesca della Valbelluna, dichiarata di particolare interesse culturale dal Ministero della Pubblica Istruzione nel 1964 per i suoi ballatoi e poggioli lignei. Custodisce la sorprendente collezione di Carlo Anelli Monti, che nel tempo ha riunito cimeli dalle guerre d\u2019Indipendenza alla Seconda guerra mondiale, uniformi e armi, autografi e reperti provenienti anche dall\u2019Impero Asburgico, dalla Prussia e dai territori coloniali africani. Tra i pezzi di maggiore rilievo spicca un autografo di Isabella di Castiglia. Normalmente non accessibile, la collezione sar\u00e0 aperta nelle Giornate FAI d\u2019Autunno anche con visite speciali su prenotazione condotte dallo stesso proprietario.<\/p>\n<p><strong>A Ponte nelle Alpi<\/strong>, il Gruppo FAI Giovani Belluno propone l\u2019apertura della chiesa di Santa Caterina, normalmente poco accessibile. Arroccata su uno sperone roccioso che domina il Piave lungo la via d\u2019Alemagna, antica direttrice di transito tra Veneto, Tirolo e Germania, la chiesa conserva uno dei cicli pittorici trecenteschi pi\u00f9 antichi della Valbelluna: un patrimonio di affreschi che intreccia influssi bizantini, veneziani, dalmati e giotteschi, con scene evangeliche e figure di santi. L\u2019apertura eccezionale nelle Giornate FAI d\u2019Autunno offrir\u00e0 l\u2019opportunit\u00e0 di ammirare da vicino questo straordinario incontro di culture e linguaggi figurativi nel cuore delle Dolomiti, accompagnati dagli Apprendisti Ciceroni del Liceo Classico \u201cTiziano\u201d di Belluno.<\/p>\n<p><strong>A Feltre<\/strong>, il Gruppo FAI di Feltre propone l\u2019apertura dell\u2019ex Seminario Vescovile, complesso che sorge nel cuore della citt\u00e0, accanto alla Cattedrale di San Pietro e affacciato su Piazza Matteotti. Sorto sul sito dell\u2019antico convento delle clarisse di Santa Chiara fondato nel 1297, fu ristrutturato nel 1845 dall\u2019architetto Giuseppe Segusini e per secoli ha mantenuto la sua vocazione educativa. Qui studiarono, tra gli altri, Albino Luciani, futuro papa Giovanni Paolo I, e l\u2019ingegnere Luigi Negrelli. L\u2019edificio, di linee sobrie ed equilibrate, custodisce la chiesa di San Luigi Gonzaga, in stile neoclassico, decorata con affreschi di Giuseppe Modolo e opere di artisti locali, un tempo arricchita anche dall\u2019\u201cAssunta\u201d di Andrea Brustolon, oggi al Museo Diocesano. Normalmente chiuso al pubblico, il complesso sar\u00e0 eccezionalmente visitabile nelle Giornate FAI d\u2019Autunno, con visite a cura dell\u2019Istituto Canossiano e dell\u2019Istituto G. Dal Piaz.<br \/>\nAccanto a questa apertura sar\u00e0 inoltre proposta, su prenotazione, la visita speciale \u201cRaduniamo le foglie sparse dei conventi di Feltre\u201d, dedicata alla riscoperta dei resti architettonici e artistici degli antichi monasteri cittadini soppressi, tra cui Santa Chiara, Santa Maria del Prato e Santa Maria degli Angeli, con portali, chiostri e altari marmorei oggi conservati in Duomo.<br \/>\nMonte Fontana Secca e Col de Spadarot, Bene del FAI \u2013 Fondo per l\u2019Ambiente Italiano nel <strong>Comune di Setteville<\/strong> (BL), che recentemente ha visto l\u2019inaugurazione dello spazio narrativo, allestito nella Casa del Malgaro, con un video racconto immersivo dedicato alla storia della malga, sar\u00e0 aperta al pubblico con ingresso a contributo libero, sia nella giornata di sabato che di domenica, dalle 10.00 alle 16.00 Non sar\u00e0 previsto un servizio di ristoro in loco. Il sito fa parte dell\u2019Itinerario europeo delle Giornate FAI d&#8217;Autunno, beneficiando di fondi europei PNRR &#8211; Programma protezione e valorizzazione dell&#8217;architettura e del paesaggio rurale.<\/p>\n<p>**********************************************************************<\/p>\n<p>Oltre 700 luoghi eccezionali, solitamente non visitabili, poco conosciuti e lontani dai consueti itinerari turistici, saranno protagonisti delle Giornate FAI d\u2019Autunno 2025, in programma sabato 11 e domenica 12 ottobre in 350 citt\u00e0, da nord a sud della Penisola. Torna per la quattordicesima edizione il grande evento di piazza che il FAI-Fondo per l\u2019Ambiente Italiano ETS dedica ogni autunno al patrimonio culturale e paesaggistico del nostro Paese: una festa diffusa \u2013 organizzata dalle Delegazioni FAI e dai Gruppi FAI sul territorio, con l\u2019importante partecipazione dei giovani volontari \u2013 che conferma l\u2019impegno della Fondazione nel promuovere presso la cittadinanza, pi\u00f9 larga possibile, la conoscenza del patrimonio, ricchissimo e variegato, di storia, arte e natura del nostro Paese, per favorirne la tutela e la valorizzazione con il contributo di tutti, e cos\u00ec svolgere la sua missione di educazione culturale e civica (elenco dei luoghi aperti e modalit\u00e0 di visita consultabili su www.giornatefai.it).<\/p>\n<p>Partecipare alle Giornate FAI d\u2019Autunno non \u00e8 solo un\u2019opportunit\u00e0 per scoprire e per godere del patrimonio che ci circonda, ma anche un modo concreto per contribuire alla sua cura e alla sua valorizzazione attraverso l\u2019attivit\u00e0 del FAI; ad ogni visita si potr\u00e0 sostenere, infatti, la missione della Fondazione con una donazione. L\u2019edizione di quest\u2019anno \u00e8 un\u2019occasione speciale per celebrare i cinquant\u2019anni dalla nascita del FAI, fondato nel 1975 da Giulia Maria Crespi e Renato Bazzoni, con Alberto Predieri e Franco Russoli.<\/p>\n<p>\u201cLe Giornate del FAI rappresentano da decenni una sorta di alleanza esemplare e feconda tra cittadini virtuosi: quelli che hanno una sincera voglia di conoscere e approfondire la storia e le vicende di questo nostro straordinario paese, e gli altri loro concittadini \u2013 in questo caso le migliaia di ferventi volontari del FAI \u2013 che tali proposte immaginano e dispongono perch\u00e9 possano essere, due volte ogni anno, il contenuto di una civile e variegata offerta culturale. Li unisce un comune progetto dove si semina assieme per un futuro migliore; dove sia chi d\u00e0 che chi riceve &#8211; cio\u00e8 entrambi &#8211; svolgono quel ruolo sussidiario a fianco a quello delle istituzioni pubbliche che fa bene a tutti, che fa bene al Paese. Il FAI offre un\u2019opportunit\u00e0 di conoscenza e quindi di crescita; i cittadini, raccogliendo e accettando questa proposta, offrono con la loro partecipazione quella indispensabile forza per continuare a realizzarla, ma anche e soprattutto il sostegno necessario per portare avanti la nostra missione, in particolar modo scegliendo di iscriversi alla nostra Fondazione. Le Giornate del FAI sono una buona novella che felicemente, tra tante notizie spaventose, si ripete. Non risolve certo i problemi del mondo ma lenisce il nostro dolore quotidiano e ci rid\u00e0 un poco di speranza verso la possibilit\u00e0 di una convivenza civile; con un\u2019alleanza tra simili che semina pace. \u201d ha dichiarato il Presidente del FAI Marco Magnifico.<\/p>\n<p>Le Giornate FAI d\u2019Autunno sono organizzate nell\u2019ambito della campagna di sensibilizzazione e raccolta fondi \u201cOttobre del FAI\u201d, attiva per tutto il mese. A chi desideri partecipare all\u2019evento verr\u00e0 suggerito un contributo libero, che andr\u00e0 a sostegno della missione e dell\u2019attivit\u00e0 della Fondazione.<\/p>\n<p>Le Giornate FAI d\u2019Autunno si inquadrano nell\u2019ambito delle iniziative di raccolta pubblica di fondi occasionale (Art 143, c 3, lett a), DPR 917\/86 e art 2, c 2, D Lgs 460\/97). Partecipare alla visita con una donazione significa sostenere la missione di cura e tutela del patrimonio culturale italiano della Fondazione. Ogni Iscritto al FAI e chi si iscriver\u00e0 per la prima volta durante l\u2019evento potr\u00e0 beneficiare dell\u2019accesso prioritario in tutti i luoghi e di aperture dedicate. Sottoscrivere la tessera FAI significa diventare parte di un grande progetto e rappresenta un atto d\u2019amore per l\u2019Italia.<\/p>\n<p>In Veneto oltre 30 luoghi da scoprire durante le Giornate FAI d\u2019Autunno 2025.<br \/>\nCartella stampa digitale al link: https:\/\/press.giuseppebettiol.it\/Giornate-Fai-Autunno2025<br \/>\n\u00abAnche il Veneto \u00e8 protagonista l\u201911 e il 12 ottobre per la quattordicesima edizione delle GFA 2025, che quest\u2019anno festeggia i 50 anni del FAI \u2013 dichiara Giovanna Vigili de Kreutzenberg, Presidente del FAI Veneto &#8211; Invitiamo i cittadini a visitare le nostre aperture dalle rive del mare ai 1600 metri della malga di Fontana Secca, attraverso le citt\u00e0, i palazzi, le chiese, i borghi, gli spazi naturali della nostra straordinaria regione. Vi aspettiamo numerosi a sostenere il FAI per godere della bellezza e per crescere sempre, \u201cnella speranza di una convivenza civile\u2026. che semina pace\u201d come dice il nostro Presidente Magnifico\u00bb<\/p>\n<p>*******************************************************************<\/p>\n<p><strong>Padova<\/strong><br \/>\nIn citt\u00e0, la Delegazione FAI di Padova e il Gruppo FAI Giovani propongono l\u2019apertura straordinaria del Deposito della Soprintendenza, situato nel quartiere Arcella, visitabile solo nella giornata di venerd\u00ec. L\u2019edificio, costruito nel 1935 dall\u2019ingegnere Gino Briani come Casa del Fascio e poi trasformato in deposito e laboratorio di restauro, \u00e8 uno dei pochi esempi di architettura razionalista in citt\u00e0. Al suo interno sono conservati affreschi staccati, lapidi ed epigrafi provenienti da chiese e monumenti padovani distrutti dai bombardamenti o demoliti nel dopoguerra. Normalmente chiuso al pubblico, il deposito si potr\u00e0 scoprire nelle Giornate FAI d\u2019Autunno con visite curate dal personale della Soprintendenza Archeologica, Belle Arti e Paesaggio per le province di Padova, Treviso e Belluno.<br \/>\nEsclusivamente riservata agli iscritti FAI, con possibilit\u00e0 di iscriversi in loco, \u00e8 l\u2019apertura, durante le Giornate FAI d\u2019Autunno, della Casa dell\u2019Angelo, attuale sede del Gabinetto di Lettura. Palazzo di epoca romanica nel cuore del centro storico, affacciato su piazza Insurrezione e unica testimonianza superstite dell\u2019antico quartiere di Santa Lucia, fu costruito tra il XIII e il XVI secolo probabilmente come residenza nobiliare, trasformato in albergo e poi in locanda. Agli inizi del Novecento una Societ\u00e0 di \u201camatori di cose antiche\u201d lo salv\u00f2 dalla demolizione, destinandolo ad attivit\u00e0 culturali e biblioteca. Articolato su tre piani con impianto medievale e portone romanico, apre eccezionalmente nelle Giornate FAI d\u2019Autunno poco prima dell\u2019avvio dei lavori di restauro. Al termine della visita, nell\u2019ambito del progetto FAI Ponte tra Culture, un narratore offrir\u00e0 riflessioni sulla Casa dell\u2019Angelo, legandola alla propria esperienza e a valori universali come il sapere, l\u2019accoglienza e la trasformazione urbana.<br \/>\nEccezionalmente aperto anche Palazzo Pisani De Lazara, oggi sede dell\u2019Istituto Maria Ausiliatrice, lungo la Riviera San Benedetto e affacciato sul canale. Costruito nel 1783 per volont\u00e0 di Pietro Vettor Pisani e progettato dal giovane architetto veneziano Giannantonio Selva, \u00e8 considerato il primo esempio di architettura neoclassica in citt\u00e0 e tra i primi in Italia. All\u2019interno conserva affreschi di Pietro Antonio Novelli, con il grande salone dedicato agli eroi della storia romana, mentre all\u2019esterno si estende un raro parco all\u2019inglese settecentesco con alberi secolari. Normalmente non visitabile, il palazzo sar\u00e0 accessibile nelle Giornate FAI d\u2019Autunno, offrendo l\u2019occasione di scoprire una dimora che intreccia arte, storia e natura, autentico manifesto del gusto neoclassico a Padova.<br \/>\nIn provincia di Padova, la Delegazione FAI e il Gruppo FAI Giovani aprono solo domenica Villa Da Ponte, oggi Vergerio, dimora settecentesca di Cadoneghe voluta dal nobile Nicol\u00f2 Da Ponte. La residenza, con pianta a U e oratorio dotato di piccolo campanile, conserva ambienti interni interamente affrescati. Il cuore del percorso \u00e8 la sala della musica, decorata con un ciclo recentemente attribuito a Fabio Canal della scuola del Tiepolo, che celebra il committente in veste di guerriero antico. La villa racconta la vicenda di una casata veneziana capace di riconquistare prestigio fino all\u2019elezione a doge di Nicol\u00f2 e resa celebre da Lorenzo Da Ponte, librettista di Mozart. Normalmente non visitabile, sar\u00e0 accessibile nelle Giornate FAI d\u2019Autunno grazie alla disponibilit\u00e0 degli attuali proprietari, i signori Vergerio.<br \/>\nAccanto a questa apertura \u00e8 prevista una visita speciale venerd\u00ec 10 ottobre alle ore 16.15, aperta al pubblico con prenotazione in loco presso il banchetto FAI. Sar\u00e0 un\u2019occasione esclusiva per essere accompagnati dai proprietari e dalla restauratrice Monica Vial, che intrecceranno il racconto della dimora con la spiegazione delle tecniche di recupero degli affreschi, offrendo uno sguardo diretto sulla bellezza e sul restauro di questo patrimonio.<br \/>\nVilla dei Vescovi, Bene del FAI \u2013 Fondo per l\u2019Ambiente Italiano a Luvigliano di Torreglia (PD), sar\u00e0 visitabile sabato 11 e domenica 12 dalle 10.00 alle 18.00, con ingresso a contributo libero per le visite in autonomia oppure guidate ad orario fisso alle 11.00, 12.00, 15.00 e 17.00. Arricchiscono il programma anche le passeggiate nel Brolo con il giardiniere o le visite esclusive alle Residenze di Charme della Villa, riservata agli iscritti FAI. Il sito fa parte dell\u2019Itinerario europeo delle Giornate FAI d&#8217;Autunno, avendo beneficiato di un contributo del Fondo Europeo Agricolo per lo Sviluppo Rurale per il restauro del muro di cinta.<\/p>","protected":false},"excerpt":{"rendered":"<p>Evento nazionale di partecipazione attiva e di raccolta pubblica di fondi.\u00a0Visite a contributo libero in 700 luoghi inaccessibili o poco valorizzati in 350 citt\u00e0 in tutta Italia.\u00a0Elenco dei luoghi aperti e modalit\u00e0 di partecipazione su www.giornatefai.it Aperture in provincia di Belluno A Belluno, grazie al Gruppo FAI Giovani di Belluno, sar\u00e0 eccezionalmente visitabile la Collezione [&hellip;]<\/p>\n","protected":false},"author":2,"featured_media":164003,"comment_status":"closed","ping_status":"open","sticky":false,"template":"","format":"standard","meta":{"footnotes":""},"categories":[27,3,3446,25],"tags":[],"class_list":["post-164002","post","type-post","status-publish","format-standard","has-post-thumbnail","category-appuntamenti","category-arte-cultura-spettacoli-scienza-archivi","category-featured","category-pausa-caffe"],"yoast_head":"<!-- This site is optimized with the Yoast SEO plugin v28.4 - https:\/\/yoast.com\/product\/yoast-seo-wordpress\/ -->\n<title>Giornate Fai d&#039;autunno. Sabato 11 e domenica 12 le visite - Bellunopress - Dolomiti<\/title>\n<meta name=\"robots\" content=\"index, follow, max-snippet:-1, max-image-preview:large, max-video-preview:-1\" \/>\n<link rel=\"canonical\" href=\"https:\/\/www.bellunopress.it\/fr\/2025\/10\/10\/giornate-fai-dautunno-sabato-11-e-domenica-12-le-visite\/\" \/>\n<meta property=\"og:locale\" content=\"fr_FR\" \/>\n<meta property=\"og:type\" content=\"article\" \/>\n<meta property=\"og:title\" content=\"Giornate Fai d&#039;autunno. Sabato 11 e domenica 12 le visite - Bellunopress - Dolomiti\" \/>\n<meta property=\"og:description\" content=\"Evento nazionale di partecipazione attiva e di raccolta pubblica di fondi.\u00a0Visite a contributo libero in 700 luoghi inaccessibili o poco valorizzati in 350 citt\u00e0 in tutta Italia.\u00a0Elenco dei luoghi aperti e modalit\u00e0 di partecipazione su www.giornatefai.it Aperture in provincia di Belluno A Belluno, grazie al Gruppo FAI Giovani di Belluno, sar\u00e0 eccezionalmente visitabile la Collezione [&hellip;]\" \/>\n<meta property=\"og:url\" content=\"https:\/\/www.bellunopress.it\/fr\/2025\/10\/10\/giornate-fai-dautunno-sabato-11-e-domenica-12-le-visite\/\" \/>\n<meta property=\"og:site_name\" content=\"Bellunopress - Dolomiti\" \/>\n<meta property=\"article:publisher\" content=\"https:\/\/www.facebook.com\/profile.php?id=100008943462799\" \/>\n<meta property=\"article:published_time\" content=\"2025-10-10T11:20:07+00:00\" \/>\n<meta property=\"og:image\" content=\"https:\/\/www.bellunopress.it\/wp-content\/uploads\/2025\/10\/Belluno-casa-anelli-monti-serragiotto-C-FAI_edited.jpg\" \/>\n\t<meta property=\"og:image:width\" content=\"800\" \/>\n\t<meta property=\"og:image:height\" content=\"600\" \/>\n\t<meta property=\"og:image:type\" content=\"image\/jpeg\" \/>\n<meta name=\"author\" content=\"redazione\" \/>\n<meta name=\"twitter:card\" content=\"summary_large_image\" \/>\n<meta name=\"twitter:creator\" content=\"@bellunopress\" \/>\n<meta name=\"twitter:site\" content=\"@bellunopress\" \/>\n<meta name=\"twitter:label1\" content=\"\u00c9crit par\" \/>\n\t<meta name=\"twitter:data1\" content=\"redazione\" \/>\n\t<meta name=\"twitter:label2\" content=\"Dur\u00e9e de lecture estim\u00e9e\" \/>\n\t<meta name=\"twitter:data2\" content=\"10 minutes\" \/>\n<script type=\"application\/ld+json\" class=\"yoast-schema-graph\">{\"@context\":\"https:\\\/\\\/schema.org\",\"@graph\":[{\"@type\":\"Article\",\"@id\":\"https:\\\/\\\/www.bellunopress.it\\\/2025\\\/10\\\/10\\\/giornate-fai-dautunno-sabato-11-e-domenica-12-le-visite\\\/#article\",\"isPartOf\":{\"@id\":\"https:\\\/\\\/www.bellunopress.it\\\/2025\\\/10\\\/10\\\/giornate-fai-dautunno-sabato-11-e-domenica-12-le-visite\\\/\"},\"author\":{\"name\":\"redazione\",\"@id\":\"https:\\\/\\\/www.bellunopress.it\\\/#\\\/schema\\\/person\\\/79bb06722b37ece1c03d3e94beb30d73\"},\"headline\":\"Giornate Fai d&#8217;autunno. Sabato 11 e domenica 12 le visite\",\"datePublished\":\"2025-10-10T11:20:07+00:00\",\"mainEntityOfPage\":{\"@id\":\"https:\\\/\\\/www.bellunopress.it\\\/2025\\\/10\\\/10\\\/giornate-fai-dautunno-sabato-11-e-domenica-12-le-visite\\\/\"},\"wordCount\":2012,\"publisher\":{\"@id\":\"https:\\\/\\\/www.bellunopress.it\\\/#organization\"},\"image\":{\"@id\":\"https:\\\/\\\/www.bellunopress.it\\\/2025\\\/10\\\/10\\\/giornate-fai-dautunno-sabato-11-e-domenica-12-le-visite\\\/#primaryimage\"},\"thumbnailUrl\":\"https:\\\/\\\/www.bellunopress.it\\\/wp-content\\\/uploads\\\/2025\\\/10\\\/Belluno-casa-anelli-monti-serragiotto-C-FAI_edited.jpg\",\"articleSection\":[\"Appuntamenti, Eventi\",\"Arte, Cultura, Spettacoli, Scienza\",\"Featured\",\"Pausa Caff\u00e8\"],\"inLanguage\":\"fr-FR\"},{\"@type\":\"WebPage\",\"@id\":\"https:\\\/\\\/www.bellunopress.it\\\/2025\\\/10\\\/10\\\/giornate-fai-dautunno-sabato-11-e-domenica-12-le-visite\\\/\",\"url\":\"https:\\\/\\\/www.bellunopress.it\\\/2025\\\/10\\\/10\\\/giornate-fai-dautunno-sabato-11-e-domenica-12-le-visite\\\/\",\"name\":\"Giornate Fai d'autunno. Sabato 11 e domenica 12 le visite - Bellunopress - Dolomiti\",\"isPartOf\":{\"@id\":\"https:\\\/\\\/www.bellunopress.it\\\/#website\"},\"primaryImageOfPage\":{\"@id\":\"https:\\\/\\\/www.bellunopress.it\\\/2025\\\/10\\\/10\\\/giornate-fai-dautunno-sabato-11-e-domenica-12-le-visite\\\/#primaryimage\"},\"image\":{\"@id\":\"https:\\\/\\\/www.bellunopress.it\\\/2025\\\/10\\\/10\\\/giornate-fai-dautunno-sabato-11-e-domenica-12-le-visite\\\/#primaryimage\"},\"thumbnailUrl\":\"https:\\\/\\\/www.bellunopress.it\\\/wp-content\\\/uploads\\\/2025\\\/10\\\/Belluno-casa-anelli-monti-serragiotto-C-FAI_edited.jpg\",\"datePublished\":\"2025-10-10T11:20:07+00:00\",\"breadcrumb\":{\"@id\":\"https:\\\/\\\/www.bellunopress.it\\\/2025\\\/10\\\/10\\\/giornate-fai-dautunno-sabato-11-e-domenica-12-le-visite\\\/#breadcrumb\"},\"inLanguage\":\"fr-FR\",\"potentialAction\":[{\"@type\":\"ReadAction\",\"target\":[\"https:\\\/\\\/www.bellunopress.it\\\/2025\\\/10\\\/10\\\/giornate-fai-dautunno-sabato-11-e-domenica-12-le-visite\\\/\"]}]},{\"@type\":\"ImageObject\",\"inLanguage\":\"fr-FR\",\"@id\":\"https:\\\/\\\/www.bellunopress.it\\\/2025\\\/10\\\/10\\\/giornate-fai-dautunno-sabato-11-e-domenica-12-le-visite\\\/#primaryimage\",\"url\":\"https:\\\/\\\/www.bellunopress.it\\\/wp-content\\\/uploads\\\/2025\\\/10\\\/Belluno-casa-anelli-monti-serragiotto-C-FAI_edited.jpg\",\"contentUrl\":\"https:\\\/\\\/www.bellunopress.it\\\/wp-content\\\/uploads\\\/2025\\\/10\\\/Belluno-casa-anelli-monti-serragiotto-C-FAI_edited.jpg\",\"width\":800,\"height\":600,\"caption\":\"Belluno, Casa Anelli-Monti-Serragiotto (C) FAI\"},{\"@type\":\"BreadcrumbList\",\"@id\":\"https:\\\/\\\/www.bellunopress.it\\\/2025\\\/10\\\/10\\\/giornate-fai-dautunno-sabato-11-e-domenica-12-le-visite\\\/#breadcrumb\",\"itemListElement\":[{\"@type\":\"ListItem\",\"position\":1,\"name\":\"Home\",\"item\":\"https:\\\/\\\/www.bellunopress.it\\\/\"},{\"@type\":\"ListItem\",\"position\":2,\"name\":\"Giornate Fai d&#8217;autunno. Sabato 11 e domenica 12 le visite\"}]},{\"@type\":\"WebSite\",\"@id\":\"https:\\\/\\\/www.bellunopress.it\\\/#website\",\"url\":\"https:\\\/\\\/www.bellunopress.it\\\/\",\"name\":\"Bellunopress - Dolomiti\",\"description\":\"e-mail: redazione@bellunopress.it\",\"publisher\":{\"@id\":\"https:\\\/\\\/www.bellunopress.it\\\/#organization\"},\"potentialAction\":[{\"@type\":\"SearchAction\",\"target\":{\"@type\":\"EntryPoint\",\"urlTemplate\":\"https:\\\/\\\/www.bellunopress.it\\\/?s={search_term_string}\"},\"query-input\":{\"@type\":\"PropertyValueSpecification\",\"valueRequired\":true,\"valueName\":\"search_term_string\"}}],\"inLanguage\":\"fr-FR\"},{\"@type\":\"Organization\",\"@id\":\"https:\\\/\\\/www.bellunopress.it\\\/#organization\",\"name\":\"Bellunopress\",\"url\":\"https:\\\/\\\/www.bellunopress.it\\\/\",\"logo\":{\"@type\":\"ImageObject\",\"inLanguage\":\"fr-FR\",\"@id\":\"https:\\\/\\\/www.bellunopress.it\\\/#\\\/schema\\\/logo\\\/image\\\/\",\"url\":\"https:\\\/\\\/www.bellunopress.it\\\/wp-content\\\/uploads\\\/2011\\\/05\\\/cropped-logo-bellunopress-.jpg\",\"contentUrl\":\"https:\\\/\\\/www.bellunopress.it\\\/wp-content\\\/uploads\\\/2011\\\/05\\\/cropped-logo-bellunopress-.jpg\",\"width\":512,\"height\":512,\"caption\":\"Bellunopress\"},\"image\":{\"@id\":\"https:\\\/\\\/www.bellunopress.it\\\/#\\\/schema\\\/logo\\\/image\\\/\"},\"sameAs\":[\"https:\\\/\\\/www.facebook.com\\\/profile.php?id=100008943462799\",\"https:\\\/\\\/x.com\\\/bellunopress\",\"https:\\\/\\\/www.linkedin.com\\\/hp\\\/?dnr=JBzUWaJfMUw8vbXJJ2tVW5-I3jZKvC4wsoxE&amp;amp;amp;amp;amp;amp;trk=nav_responsive_tab_home\",\"https:\\\/\\\/www.youtube.com\\\/channel\\\/UCxL0wu1uN0_3_7hGG0306cw\"]},{\"@type\":\"Person\",\"@id\":\"https:\\\/\\\/www.bellunopress.it\\\/#\\\/schema\\\/person\\\/79bb06722b37ece1c03d3e94beb30d73\",\"name\":\"redazione\",\"image\":{\"@type\":\"ImageObject\",\"inLanguage\":\"fr-FR\",\"@id\":\"https:\\\/\\\/secure.gravatar.com\\\/avatar\\\/37d968a2e67a6fd04c169c4bdef102d0bc5d31b2546345219e348575eb80e9a0?s=96&d=mm&r=g\",\"url\":\"https:\\\/\\\/secure.gravatar.com\\\/avatar\\\/37d968a2e67a6fd04c169c4bdef102d0bc5d31b2546345219e348575eb80e9a0?s=96&d=mm&r=g\",\"contentUrl\":\"https:\\\/\\\/secure.gravatar.com\\\/avatar\\\/37d968a2e67a6fd04c169c4bdef102d0bc5d31b2546345219e348575eb80e9a0?s=96&d=mm&r=g\",\"caption\":\"redazione\"},\"sameAs\":[\"http:\\\/\\\/www.bellunopress.it\",\"https:\\\/\\\/x.com\\\/bellunopress\"],\"url\":\"https:\\\/\\\/www.bellunopress.it\\\/fr\\\/author\\\/redazione\\\/\"}]}<\/script>\n<!-- \/ Yoast SEO plugin. -->","yoast_head_json":{"title":"Giornate Fai d'autunno. Sabato 11 e domenica 12 le visite - Bellunopress - Dolomiti","robots":{"index":"index","follow":"follow","max-snippet":"max-snippet:-1","max-image-preview":"max-image-preview:large","max-video-preview":"max-video-preview:-1"},"canonical":"https:\/\/www.bellunopress.it\/fr\/2025\/10\/10\/giornate-fai-dautunno-sabato-11-e-domenica-12-le-visite\/","og_locale":"fr_FR","og_type":"article","og_title":"Giornate Fai d'autunno. Sabato 11 e domenica 12 le visite - Bellunopress - Dolomiti","og_description":"Evento nazionale di partecipazione attiva e di raccolta pubblica di fondi.\u00a0Visite a contributo libero in 700 luoghi inaccessibili o poco valorizzati in 350 citt\u00e0 in tutta Italia.\u00a0Elenco dei luoghi aperti e modalit\u00e0 di partecipazione su www.giornatefai.it Aperture in provincia di Belluno A Belluno, grazie al Gruppo FAI Giovani di Belluno, sar\u00e0 eccezionalmente visitabile la Collezione [&hellip;]","og_url":"https:\/\/www.bellunopress.it\/fr\/2025\/10\/10\/giornate-fai-dautunno-sabato-11-e-domenica-12-le-visite\/","og_site_name":"Bellunopress - Dolomiti","article_publisher":"https:\/\/www.facebook.com\/profile.php?id=100008943462799","article_published_time":"2025-10-10T11:20:07+00:00","og_image":[{"width":800,"height":600,"url":"https:\/\/www.bellunopress.it\/wp-content\/uploads\/2025\/10\/Belluno-casa-anelli-monti-serragiotto-C-FAI_edited.jpg","type":"image\/jpeg"}],"author":"redazione","twitter_card":"summary_large_image","twitter_creator":"@bellunopress","twitter_site":"@bellunopress","twitter_misc":{"\u00c9crit par":"redazione","Dur\u00e9e de lecture estim\u00e9e":"10 minutes"},"schema":{"@context":"https:\/\/schema.org","@graph":[{"@type":"Article","@id":"https:\/\/www.bellunopress.it\/2025\/10\/10\/giornate-fai-dautunno-sabato-11-e-domenica-12-le-visite\/#article","isPartOf":{"@id":"https:\/\/www.bellunopress.it\/2025\/10\/10\/giornate-fai-dautunno-sabato-11-e-domenica-12-le-visite\/"},"author":{"name":"redazione","@id":"https:\/\/www.bellunopress.it\/#\/schema\/person\/79bb06722b37ece1c03d3e94beb30d73"},"headline":"Giornate Fai d&#8217;autunno. Sabato 11 e domenica 12 le visite","datePublished":"2025-10-10T11:20:07+00:00","mainEntityOfPage":{"@id":"https:\/\/www.bellunopress.it\/2025\/10\/10\/giornate-fai-dautunno-sabato-11-e-domenica-12-le-visite\/"},"wordCount":2012,"publisher":{"@id":"https:\/\/www.bellunopress.it\/#organization"},"image":{"@id":"https:\/\/www.bellunopress.it\/2025\/10\/10\/giornate-fai-dautunno-sabato-11-e-domenica-12-le-visite\/#primaryimage"},"thumbnailUrl":"https:\/\/www.bellunopress.it\/wp-content\/uploads\/2025\/10\/Belluno-casa-anelli-monti-serragiotto-C-FAI_edited.jpg","articleSection":["Appuntamenti, Eventi","Arte, Cultura, Spettacoli, Scienza","Featured","Pausa Caff\u00e8"],"inLanguage":"fr-FR"},{"@type":"WebPage","@id":"https:\/\/www.bellunopress.it\/2025\/10\/10\/giornate-fai-dautunno-sabato-11-e-domenica-12-le-visite\/","url":"https:\/\/www.bellunopress.it\/2025\/10\/10\/giornate-fai-dautunno-sabato-11-e-domenica-12-le-visite\/","name":"Giornate Fai d'autunno. Sabato 11 e domenica 12 le visite - Bellunopress - Dolomiti","isPartOf":{"@id":"https:\/\/www.bellunopress.it\/#website"},"primaryImageOfPage":{"@id":"https:\/\/www.bellunopress.it\/2025\/10\/10\/giornate-fai-dautunno-sabato-11-e-domenica-12-le-visite\/#primaryimage"},"image":{"@id":"https:\/\/www.bellunopress.it\/2025\/10\/10\/giornate-fai-dautunno-sabato-11-e-domenica-12-le-visite\/#primaryimage"},"thumbnailUrl":"https:\/\/www.bellunopress.it\/wp-content\/uploads\/2025\/10\/Belluno-casa-anelli-monti-serragiotto-C-FAI_edited.jpg","datePublished":"2025-10-10T11:20:07+00:00","breadcrumb":{"@id":"https:\/\/www.bellunopress.it\/2025\/10\/10\/giornate-fai-dautunno-sabato-11-e-domenica-12-le-visite\/#breadcrumb"},"inLanguage":"fr-FR","potentialAction":[{"@type":"ReadAction","target":["https:\/\/www.bellunopress.it\/2025\/10\/10\/giornate-fai-dautunno-sabato-11-e-domenica-12-le-visite\/"]}]},{"@type":"ImageObject","inLanguage":"fr-FR","@id":"https:\/\/www.bellunopress.it\/2025\/10\/10\/giornate-fai-dautunno-sabato-11-e-domenica-12-le-visite\/#primaryimage","url":"https:\/\/www.bellunopress.it\/wp-content\/uploads\/2025\/10\/Belluno-casa-anelli-monti-serragiotto-C-FAI_edited.jpg","contentUrl":"https:\/\/www.bellunopress.it\/wp-content\/uploads\/2025\/10\/Belluno-casa-anelli-monti-serragiotto-C-FAI_edited.jpg","width":800,"height":600,"caption":"Belluno, Casa Anelli-Monti-Serragiotto (C) FAI"},{"@type":"BreadcrumbList","@id":"https:\/\/www.bellunopress.it\/2025\/10\/10\/giornate-fai-dautunno-sabato-11-e-domenica-12-le-visite\/#breadcrumb","itemListElement":[{"@type":"ListItem","position":1,"name":"Home","item":"https:\/\/www.bellunopress.it\/"},{"@type":"ListItem","position":2,"name":"Giornate Fai d&#8217;autunno. Sabato 11 e domenica 12 le visite"}]},{"@type":"WebSite","@id":"https:\/\/www.bellunopress.it\/#website","url":"https:\/\/www.bellunopress.it\/","name":"Bellunopress - Dolomiti","description":"e-mail: redazione@bellunopress.it","publisher":{"@id":"https:\/\/www.bellunopress.it\/#organization"},"potentialAction":[{"@type":"SearchAction","target":{"@type":"EntryPoint","urlTemplate":"https:\/\/www.bellunopress.it\/?s={search_term_string}"},"query-input":{"@type":"PropertyValueSpecification","valueRequired":true,"valueName":"search_term_string"}}],"inLanguage":"fr-FR"},{"@type":"Organization","@id":"https:\/\/www.bellunopress.it\/#organization","name":"Bellunopress","url":"https:\/\/www.bellunopress.it\/","logo":{"@type":"ImageObject","inLanguage":"fr-FR","@id":"https:\/\/www.bellunopress.it\/#\/schema\/logo\/image\/","url":"https:\/\/www.bellunopress.it\/wp-content\/uploads\/2011\/05\/cropped-logo-bellunopress-.jpg","contentUrl":"https:\/\/www.bellunopress.it\/wp-content\/uploads\/2011\/05\/cropped-logo-bellunopress-.jpg","width":512,"height":512,"caption":"Bellunopress"},"image":{"@id":"https:\/\/www.bellunopress.it\/#\/schema\/logo\/image\/"},"sameAs":["https:\/\/www.facebook.com\/profile.php?id=100008943462799","https:\/\/x.com\/bellunopress","https:\/\/www.linkedin.com\/hp\/?dnr=JBzUWaJfMUw8vbXJJ2tVW5-I3jZKvC4wsoxE&amp;amp;amp;amp;amp;amp;trk=nav_responsive_tab_home","https:\/\/www.youtube.com\/channel\/UCxL0wu1uN0_3_7hGG0306cw"]},{"@type":"Person","@id":"https:\/\/www.bellunopress.it\/#\/schema\/person\/79bb06722b37ece1c03d3e94beb30d73","name":"r\u00e9daction","image":{"@type":"ImageObject","inLanguage":"fr-FR","@id":"https:\/\/secure.gravatar.com\/avatar\/37d968a2e67a6fd04c169c4bdef102d0bc5d31b2546345219e348575eb80e9a0?s=96&d=mm&r=g","url":"https:\/\/secure.gravatar.com\/avatar\/37d968a2e67a6fd04c169c4bdef102d0bc5d31b2546345219e348575eb80e9a0?s=96&d=mm&r=g","contentUrl":"https:\/\/secure.gravatar.com\/avatar\/37d968a2e67a6fd04c169c4bdef102d0bc5d31b2546345219e348575eb80e9a0?s=96&d=mm&r=g","caption":"redazione"},"sameAs":["http:\/\/www.bellunopress.it","https:\/\/x.com\/bellunopress"],"url":"https:\/\/www.bellunopress.it\/fr\/author\/redazione\/"}]}},"_links":{"self":[{"href":"https:\/\/www.bellunopress.it\/fr\/wp-json\/wp\/v2\/posts\/164002","targetHints":{"allow":["GET"]}}],"collection":[{"href":"https:\/\/www.bellunopress.it\/fr\/wp-json\/wp\/v2\/posts"}],"about":[{"href":"https:\/\/www.bellunopress.it\/fr\/wp-json\/wp\/v2\/types\/post"}],"author":[{"embeddable":true,"href":"https:\/\/www.bellunopress.it\/fr\/wp-json\/wp\/v2\/users\/2"}],"replies":[{"embeddable":true,"href":"https:\/\/www.bellunopress.it\/fr\/wp-json\/wp\/v2\/comments?post=164002"}],"version-history":[{"count":1,"href":"https:\/\/www.bellunopress.it\/fr\/wp-json\/wp\/v2\/posts\/164002\/revisions"}],"predecessor-version":[{"id":164004,"href":"https:\/\/www.bellunopress.it\/fr\/wp-json\/wp\/v2\/posts\/164002\/revisions\/164004"}],"wp:featuredmedia":[{"embeddable":true,"href":"https:\/\/www.bellunopress.it\/fr\/wp-json\/wp\/v2\/media\/164003"}],"wp:attachment":[{"href":"https:\/\/www.bellunopress.it\/fr\/wp-json\/wp\/v2\/media?parent=164002"}],"wp:term":[{"taxonomy":"category","embeddable":true,"href":"https:\/\/www.bellunopress.it\/fr\/wp-json\/wp\/v2\/categories?post=164002"},{"taxonomy":"post_tag","embeddable":true,"href":"https:\/\/www.bellunopress.it\/fr\/wp-json\/wp\/v2\/tags?post=164002"}],"curies":[{"name":"wp","href":"https:\/\/api.w.org\/{rel}","templated":true}]}}