{"id":163994,"date":"2025-10-10T12:52:17","date_gmt":"2025-10-10T10:52:17","guid":{"rendered":"https:\/\/www.bellunopress.it\/?p=163994"},"modified":"2025-10-10T12:52:17","modified_gmt":"2025-10-10T10:52:17","slug":"biologico-altoatesino-alla-fiera-di-bolzano-dal-13-al-16-ottobre","status":"publish","type":"post","link":"https:\/\/www.bellunopress.it\/fr\/2025\/10\/10\/biologico-altoatesino-alla-fiera-di-bolzano-dal-13-al-16-ottobre\/","title":{"rendered":"Biologico altoatesino alla Fiera di Bolzano dal 13 al 16 ottobre"},"content":{"rendered":"<p><img loading=\"lazy\" decoding=\"async\" class=\"aligncenter size-full wp-image-163996\" src=\"https:\/\/www.bellunopress.it\/wp-content\/uploads\/2025\/10\/Fiera-Bolzano-biologico-altoatesino_edited.jpg\" alt=\"\" width=\"800\" height=\"533\" srcset=\"https:\/\/www.bellunopress.it\/wp-content\/uploads\/2025\/10\/Fiera-Bolzano-biologico-altoatesino_edited.jpg 800w, https:\/\/www.bellunopress.it\/wp-content\/uploads\/2025\/10\/Fiera-Bolzano-biologico-altoatesino_edited-500x333.jpg 500w, https:\/\/www.bellunopress.it\/wp-content\/uploads\/2025\/10\/Fiera-Bolzano-biologico-altoatesino_edited-630x420.jpg 630w, https:\/\/www.bellunopress.it\/wp-content\/uploads\/2025\/10\/Fiera-Bolzano-biologico-altoatesino_edited-696x464.jpg 696w\" sizes=\"auto, (max-width: 800px) 100vw, 800px\" \/>Per rafforzare il legame tra turismo e agricoltura biologica, alcuni espositori selezionati presenteranno il meglio del biologico altoatesino, dalle mele al commercio all&#8217;ingrosso.<\/p>\n<p>Durante i quattro i giorni si potr\u00e0 assistere a show cooking che vedranno protagonisti alcuni chef delle aziende legate al progetto Bio Fair S\u00fcdtirol, Matthias Augscheller (Hotel J\u00e4gerhof) e Wolfgang Schmidl (Kircherhof).<\/p>\n<p>Non si tratter\u00e0 solo di cucinare ma anche di scambiare idee tra agricoltori, trasformatori e ospiti.<\/p>\n<p>Il programma sar\u00e0 completato da una tavola rotonda, prevista il 14 ottobre, alle ore 14.<\/p>\n<p>kmBIOmeile si trova nel corridoio centrale tra i padiglioni espositivi di Hotel 2025 con:<\/p>\n<p>\u2022 Bio Fair S\u00fcdtirol: concetto di gastronomia bioregionale che favorisce la collaborazione tra turismo e agricoltura<\/p>\n<p>\u2022 Panificio Profanter, con pane biologico e colazione biologica<\/p>\n<p>\u2022 VIP e VOG, con una vasta gamma di mele biologiche<\/p>\n<p>\u2022 Biokistl e \u00d6koring: per scoprire i servizi di consegna di prodotti biologici<\/p>\n<p>\u2022 Bio-Beef con carne biologica di prima qualit\u00e0 proveniente da bovini altoatesini, allevati con il metodo della vacca nutrice e al pascolo<\/p>\n<p>\u2022 Novo, alimenti biologici senza imballaggio e prodotti non alimentari sostenibili Bressanone<\/p>\n<p>\u2022 Yammi, gelato biologico artigianale dal Lago di Costanza<\/p>\n<p>\u2022 Kr\u00e4uterschl\u00f6ssl Manufaktur, dalla Val Venosta<\/p>\n<p>\u2022 Profarms germogli biologici freschi e microverdure sostenibili<\/p>\n<p>\u2022 Bergblut cura, con succhi biologici per uno stile di vita sano<\/p>\n<p>Bio Fair S\u00fcdtirol \u00e8 un progetto nato nel 2023 che collega gastronomia, agricoltura e ristorazione collettiva. L&#8217;obiettivo \u00e8 quello di portare pi\u00f9 prodotti biologici regionali sulle tavole dell&#8217;Alto Adige, dai rifugi di montagna alle mense scolastiche. Bio Fair S\u00fcdtirol fa parte del progetto pluriennale dell&#8217;UE \u201cPi\u00f9 biologico regionale in Europa\u201d ed \u00e8 finanziato da quest&#8217;ultima.<\/p>\n<p><strong>Chi \u00e8 Bioland?<\/strong><br \/>\nCon circa 10.000 soci in Germania e 1.000 aziende agricole in Alto Adige, Bioland \u00e8 una delle associazioni biologiche pi\u00f9 importanti d&#8217;Europa. Le aziende agricole Bioland sono impegnate nella conservazione del clima, del suolo e della natura attraverso varie misure e producono alimenti biologici per l&#8217;intero mercato italiano e per il mercato alimentare paneuropeo. Nella categoria degli yogurt biologici, Bioland S\u00fcdtirol detiene una quota di mercato (italiana) complessivamente del 33,7%, con una tendenza in aumento. Nei gruppi di prodotti biologici italiani a base di mele, oltre il 50% del volume totale italiano proviene da aziende certificate Bioland.<\/p>","protected":false},"excerpt":{"rendered":"<p>Per rafforzare il legame tra turismo e agricoltura biologica, alcuni espositori selezionati presenteranno il meglio del biologico altoatesino, dalle mele al commercio all&#8217;ingrosso. Durante i quattro i giorni si potr\u00e0 assistere a show cooking che vedranno protagonisti alcuni chef delle aziende legate al progetto Bio Fair S\u00fcdtirol, Matthias Augscheller (Hotel J\u00e4gerhof) e Wolfgang Schmidl (Kircherhof). [&hellip;]<\/p>\n","protected":false},"author":2,"featured_media":163996,"comment_status":"closed","ping_status":"open","sticky":false,"template":"","format":"standard","meta":{"footnotes":""},"categories":[3393,4],"tags":[],"class_list":["post-163994","post","type-post","status-publish","format-standard","has-post-thumbnail","category-eventi-enogastronomici","category-sport"],"yoast_head":"<!-- This site is optimized with the Yoast SEO plugin v28.4 - https:\/\/yoast.com\/product\/yoast-seo-wordpress\/ -->\n<title>Biologico altoatesino alla Fiera di Bolzano dal 13 al 16 ottobre - Bellunopress - Dolomiti<\/title>\n<meta name=\"robots\" content=\"index, follow, max-snippet:-1, max-image-preview:large, max-video-preview:-1\" \/>\n<link rel=\"canonical\" href=\"https:\/\/www.bellunopress.it\/fr\/2025\/10\/10\/biologico-altoatesino-alla-fiera-di-bolzano-dal-13-al-16-ottobre\/\" \/>\n<meta property=\"og:locale\" content=\"fr_FR\" \/>\n<meta property=\"og:type\" content=\"article\" \/>\n<meta property=\"og:title\" content=\"Biologico altoatesino alla Fiera di Bolzano dal 13 al 16 ottobre - Bellunopress - Dolomiti\" \/>\n<meta property=\"og:description\" content=\"Per rafforzare il legame tra turismo e agricoltura biologica, alcuni espositori selezionati presenteranno il meglio del biologico altoatesino, dalle mele al commercio all&#8217;ingrosso. Durante i quattro i giorni si potr\u00e0 assistere a show cooking che vedranno protagonisti alcuni chef delle aziende legate al progetto Bio Fair S\u00fcdtirol, Matthias Augscheller (Hotel J\u00e4gerhof) e Wolfgang Schmidl (Kircherhof). [&hellip;]\" \/>\n<meta property=\"og:url\" content=\"https:\/\/www.bellunopress.it\/fr\/2025\/10\/10\/biologico-altoatesino-alla-fiera-di-bolzano-dal-13-al-16-ottobre\/\" \/>\n<meta property=\"og:site_name\" content=\"Bellunopress - Dolomiti\" \/>\n<meta property=\"article:publisher\" content=\"https:\/\/www.facebook.com\/profile.php?id=100008943462799\" \/>\n<meta property=\"article:published_time\" content=\"2025-10-10T10:52:17+00:00\" \/>\n<meta property=\"og:image\" content=\"https:\/\/www.bellunopress.it\/wp-content\/uploads\/2025\/10\/Fiera-Bolzano-biologico-altoatesino_edited.jpg\" \/>\n\t<meta property=\"og:image:width\" content=\"800\" \/>\n\t<meta property=\"og:image:height\" content=\"533\" \/>\n\t<meta property=\"og:image:type\" content=\"image\/jpeg\" \/>\n<meta name=\"author\" content=\"redazione\" \/>\n<meta name=\"twitter:card\" content=\"summary_large_image\" \/>\n<meta name=\"twitter:creator\" content=\"@bellunopress\" \/>\n<meta name=\"twitter:site\" content=\"@bellunopress\" \/>\n<meta name=\"twitter:label1\" content=\"Written by\" \/>\n\t<meta name=\"twitter:data1\" content=\"redazione\" \/>\n\t<meta name=\"twitter:label2\" content=\"Est. reading time\" \/>\n\t<meta name=\"twitter:data2\" content=\"2 minutes\" \/>\n<script type=\"application\/ld+json\" class=\"yoast-schema-graph\">{\"@context\":\"https:\\\/\\\/schema.org\",\"@graph\":[{\"@type\":\"Article\",\"@id\":\"https:\\\/\\\/www.bellunopress.it\\\/2025\\\/10\\\/10\\\/biologico-altoatesino-alla-fiera-di-bolzano-dal-13-al-16-ottobre\\\/#article\",\"isPartOf\":{\"@id\":\"https:\\\/\\\/www.bellunopress.it\\\/2025\\\/10\\\/10\\\/biologico-altoatesino-alla-fiera-di-bolzano-dal-13-al-16-ottobre\\\/\"},\"author\":{\"name\":\"redazione\",\"@id\":\"https:\\\/\\\/www.bellunopress.it\\\/#\\\/schema\\\/person\\\/79bb06722b37ece1c03d3e94beb30d73\"},\"headline\":\"Biologico altoatesino alla Fiera di Bolzano dal 13 al 16 ottobre\",\"datePublished\":\"2025-10-10T10:52:17+00:00\",\"mainEntityOfPage\":{\"@id\":\"https:\\\/\\\/www.bellunopress.it\\\/2025\\\/10\\\/10\\\/biologico-altoatesino-alla-fiera-di-bolzano-dal-13-al-16-ottobre\\\/\"},\"wordCount\":374,\"publisher\":{\"@id\":\"https:\\\/\\\/www.bellunopress.it\\\/#organization\"},\"image\":{\"@id\":\"https:\\\/\\\/www.bellunopress.it\\\/2025\\\/10\\\/10\\\/biologico-altoatesino-alla-fiera-di-bolzano-dal-13-al-16-ottobre\\\/#primaryimage\"},\"thumbnailUrl\":\"https:\\\/\\\/www.bellunopress.it\\\/wp-content\\\/uploads\\\/2025\\\/10\\\/Fiera-Bolzano-biologico-altoatesino_edited.jpg\",\"articleSection\":[\"Eventi enogastronomici\",\"Sport, tempo libero\"],\"inLanguage\":\"fr-FR\"},{\"@type\":\"WebPage\",\"@id\":\"https:\\\/\\\/www.bellunopress.it\\\/2025\\\/10\\\/10\\\/biologico-altoatesino-alla-fiera-di-bolzano-dal-13-al-16-ottobre\\\/\",\"url\":\"https:\\\/\\\/www.bellunopress.it\\\/2025\\\/10\\\/10\\\/biologico-altoatesino-alla-fiera-di-bolzano-dal-13-al-16-ottobre\\\/\",\"name\":\"Biologico altoatesino alla Fiera di Bolzano dal 13 al 16 ottobre - Bellunopress - Dolomiti\",\"isPartOf\":{\"@id\":\"https:\\\/\\\/www.bellunopress.it\\\/#website\"},\"primaryImageOfPage\":{\"@id\":\"https:\\\/\\\/www.bellunopress.it\\\/2025\\\/10\\\/10\\\/biologico-altoatesino-alla-fiera-di-bolzano-dal-13-al-16-ottobre\\\/#primaryimage\"},\"image\":{\"@id\":\"https:\\\/\\\/www.bellunopress.it\\\/2025\\\/10\\\/10\\\/biologico-altoatesino-alla-fiera-di-bolzano-dal-13-al-16-ottobre\\\/#primaryimage\"},\"thumbnailUrl\":\"https:\\\/\\\/www.bellunopress.it\\\/wp-content\\\/uploads\\\/2025\\\/10\\\/Fiera-Bolzano-biologico-altoatesino_edited.jpg\",\"datePublished\":\"2025-10-10T10:52:17+00:00\",\"breadcrumb\":{\"@id\":\"https:\\\/\\\/www.bellunopress.it\\\/2025\\\/10\\\/10\\\/biologico-altoatesino-alla-fiera-di-bolzano-dal-13-al-16-ottobre\\\/#breadcrumb\"},\"inLanguage\":\"fr-FR\",\"potentialAction\":[{\"@type\":\"ReadAction\",\"target\":[\"https:\\\/\\\/www.bellunopress.it\\\/2025\\\/10\\\/10\\\/biologico-altoatesino-alla-fiera-di-bolzano-dal-13-al-16-ottobre\\\/\"]}]},{\"@type\":\"ImageObject\",\"inLanguage\":\"fr-FR\",\"@id\":\"https:\\\/\\\/www.bellunopress.it\\\/2025\\\/10\\\/10\\\/biologico-altoatesino-alla-fiera-di-bolzano-dal-13-al-16-ottobre\\\/#primaryimage\",\"url\":\"https:\\\/\\\/www.bellunopress.it\\\/wp-content\\\/uploads\\\/2025\\\/10\\\/Fiera-Bolzano-biologico-altoatesino_edited.jpg\",\"contentUrl\":\"https:\\\/\\\/www.bellunopress.it\\\/wp-content\\\/uploads\\\/2025\\\/10\\\/Fiera-Bolzano-biologico-altoatesino_edited.jpg\",\"width\":800,\"height\":533},{\"@type\":\"BreadcrumbList\",\"@id\":\"https:\\\/\\\/www.bellunopress.it\\\/2025\\\/10\\\/10\\\/biologico-altoatesino-alla-fiera-di-bolzano-dal-13-al-16-ottobre\\\/#breadcrumb\",\"itemListElement\":[{\"@type\":\"ListItem\",\"position\":1,\"name\":\"Home\",\"item\":\"https:\\\/\\\/www.bellunopress.it\\\/\"},{\"@type\":\"ListItem\",\"position\":2,\"name\":\"Biologico altoatesino alla Fiera di Bolzano dal 13 al 16 ottobre\"}]},{\"@type\":\"WebSite\",\"@id\":\"https:\\\/\\\/www.bellunopress.it\\\/#website\",\"url\":\"https:\\\/\\\/www.bellunopress.it\\\/\",\"name\":\"Bellunopress - Dolomiti\",\"description\":\"e-mail: redazione@bellunopress.it\",\"publisher\":{\"@id\":\"https:\\\/\\\/www.bellunopress.it\\\/#organization\"},\"potentialAction\":[{\"@type\":\"SearchAction\",\"target\":{\"@type\":\"EntryPoint\",\"urlTemplate\":\"https:\\\/\\\/www.bellunopress.it\\\/?s={search_term_string}\"},\"query-input\":{\"@type\":\"PropertyValueSpecification\",\"valueRequired\":true,\"valueName\":\"search_term_string\"}}],\"inLanguage\":\"fr-FR\"},{\"@type\":\"Organization\",\"@id\":\"https:\\\/\\\/www.bellunopress.it\\\/#organization\",\"name\":\"Bellunopress\",\"url\":\"https:\\\/\\\/www.bellunopress.it\\\/\",\"logo\":{\"@type\":\"ImageObject\",\"inLanguage\":\"fr-FR\",\"@id\":\"https:\\\/\\\/www.bellunopress.it\\\/#\\\/schema\\\/logo\\\/image\\\/\",\"url\":\"https:\\\/\\\/www.bellunopress.it\\\/wp-content\\\/uploads\\\/2011\\\/05\\\/cropped-logo-bellunopress-.jpg\",\"contentUrl\":\"https:\\\/\\\/www.bellunopress.it\\\/wp-content\\\/uploads\\\/2011\\\/05\\\/cropped-logo-bellunopress-.jpg\",\"width\":512,\"height\":512,\"caption\":\"Bellunopress\"},\"image\":{\"@id\":\"https:\\\/\\\/www.bellunopress.it\\\/#\\\/schema\\\/logo\\\/image\\\/\"},\"sameAs\":[\"https:\\\/\\\/www.facebook.com\\\/profile.php?id=100008943462799\",\"https:\\\/\\\/x.com\\\/bellunopress\",\"https:\\\/\\\/www.linkedin.com\\\/hp\\\/?dnr=JBzUWaJfMUw8vbXJJ2tVW5-I3jZKvC4wsoxE&amp;amp;amp;amp;amp;amp;trk=nav_responsive_tab_home\",\"https:\\\/\\\/www.youtube.com\\\/channel\\\/UCxL0wu1uN0_3_7hGG0306cw\"]},{\"@type\":\"Person\",\"@id\":\"https:\\\/\\\/www.bellunopress.it\\\/#\\\/schema\\\/person\\\/79bb06722b37ece1c03d3e94beb30d73\",\"name\":\"redazione\",\"image\":{\"@type\":\"ImageObject\",\"inLanguage\":\"fr-FR\",\"@id\":\"https:\\\/\\\/secure.gravatar.com\\\/avatar\\\/37d968a2e67a6fd04c169c4bdef102d0bc5d31b2546345219e348575eb80e9a0?s=96&d=mm&r=g\",\"url\":\"https:\\\/\\\/secure.gravatar.com\\\/avatar\\\/37d968a2e67a6fd04c169c4bdef102d0bc5d31b2546345219e348575eb80e9a0?s=96&d=mm&r=g\",\"contentUrl\":\"https:\\\/\\\/secure.gravatar.com\\\/avatar\\\/37d968a2e67a6fd04c169c4bdef102d0bc5d31b2546345219e348575eb80e9a0?s=96&d=mm&r=g\",\"caption\":\"redazione\"},\"sameAs\":[\"http:\\\/\\\/www.bellunopress.it\",\"https:\\\/\\\/x.com\\\/bellunopress\"],\"url\":\"https:\\\/\\\/www.bellunopress.it\\\/fr\\\/author\\\/redazione\\\/\"}]}<\/script>\n<!-- \/ Yoast SEO plugin. -->","yoast_head_json":{"title":"Biologico altoatesino alla Fiera di Bolzano dal 13 al 16 ottobre - Bellunopress - Dolomiti","robots":{"index":"index","follow":"follow","max-snippet":"max-snippet:-1","max-image-preview":"max-image-preview:large","max-video-preview":"max-video-preview:-1"},"canonical":"https:\/\/www.bellunopress.it\/fr\/2025\/10\/10\/biologico-altoatesino-alla-fiera-di-bolzano-dal-13-al-16-ottobre\/","og_locale":"fr_FR","og_type":"article","og_title":"Biologico altoatesino alla Fiera di Bolzano dal 13 al 16 ottobre - Bellunopress - Dolomiti","og_description":"Per rafforzare il legame tra turismo e agricoltura biologica, alcuni espositori selezionati presenteranno il meglio del biologico altoatesino, dalle mele al commercio all&#8217;ingrosso. Durante i quattro i giorni si potr\u00e0 assistere a show cooking che vedranno protagonisti alcuni chef delle aziende legate al progetto Bio Fair S\u00fcdtirol, Matthias Augscheller (Hotel J\u00e4gerhof) e Wolfgang Schmidl (Kircherhof). [&hellip;]","og_url":"https:\/\/www.bellunopress.it\/fr\/2025\/10\/10\/biologico-altoatesino-alla-fiera-di-bolzano-dal-13-al-16-ottobre\/","og_site_name":"Bellunopress - Dolomiti","article_publisher":"https:\/\/www.facebook.com\/profile.php?id=100008943462799","article_published_time":"2025-10-10T10:52:17+00:00","og_image":[{"width":800,"height":533,"url":"https:\/\/www.bellunopress.it\/wp-content\/uploads\/2025\/10\/Fiera-Bolzano-biologico-altoatesino_edited.jpg","type":"image\/jpeg"}],"author":"redazione","twitter_card":"summary_large_image","twitter_creator":"@bellunopress","twitter_site":"@bellunopress","twitter_misc":{"Written by":"redazione","Est. reading time":"2 minutes"},"schema":{"@context":"https:\/\/schema.org","@graph":[{"@type":"Article","@id":"https:\/\/www.bellunopress.it\/2025\/10\/10\/biologico-altoatesino-alla-fiera-di-bolzano-dal-13-al-16-ottobre\/#article","isPartOf":{"@id":"https:\/\/www.bellunopress.it\/2025\/10\/10\/biologico-altoatesino-alla-fiera-di-bolzano-dal-13-al-16-ottobre\/"},"author":{"name":"redazione","@id":"https:\/\/www.bellunopress.it\/#\/schema\/person\/79bb06722b37ece1c03d3e94beb30d73"},"headline":"Biologico altoatesino alla Fiera di Bolzano dal 13 al 16 ottobre","datePublished":"2025-10-10T10:52:17+00:00","mainEntityOfPage":{"@id":"https:\/\/www.bellunopress.it\/2025\/10\/10\/biologico-altoatesino-alla-fiera-di-bolzano-dal-13-al-16-ottobre\/"},"wordCount":374,"publisher":{"@id":"https:\/\/www.bellunopress.it\/#organization"},"image":{"@id":"https:\/\/www.bellunopress.it\/2025\/10\/10\/biologico-altoatesino-alla-fiera-di-bolzano-dal-13-al-16-ottobre\/#primaryimage"},"thumbnailUrl":"https:\/\/www.bellunopress.it\/wp-content\/uploads\/2025\/10\/Fiera-Bolzano-biologico-altoatesino_edited.jpg","articleSection":["Eventi enogastronomici","Sport, tempo libero"],"inLanguage":"fr-FR"},{"@type":"WebPage","@id":"https:\/\/www.bellunopress.it\/2025\/10\/10\/biologico-altoatesino-alla-fiera-di-bolzano-dal-13-al-16-ottobre\/","url":"https:\/\/www.bellunopress.it\/2025\/10\/10\/biologico-altoatesino-alla-fiera-di-bolzano-dal-13-al-16-ottobre\/","name":"Biologico altoatesino alla Fiera di Bolzano dal 13 al 16 ottobre - Bellunopress - Dolomiti","isPartOf":{"@id":"https:\/\/www.bellunopress.it\/#website"},"primaryImageOfPage":{"@id":"https:\/\/www.bellunopress.it\/2025\/10\/10\/biologico-altoatesino-alla-fiera-di-bolzano-dal-13-al-16-ottobre\/#primaryimage"},"image":{"@id":"https:\/\/www.bellunopress.it\/2025\/10\/10\/biologico-altoatesino-alla-fiera-di-bolzano-dal-13-al-16-ottobre\/#primaryimage"},"thumbnailUrl":"https:\/\/www.bellunopress.it\/wp-content\/uploads\/2025\/10\/Fiera-Bolzano-biologico-altoatesino_edited.jpg","datePublished":"2025-10-10T10:52:17+00:00","breadcrumb":{"@id":"https:\/\/www.bellunopress.it\/2025\/10\/10\/biologico-altoatesino-alla-fiera-di-bolzano-dal-13-al-16-ottobre\/#breadcrumb"},"inLanguage":"fr-FR","potentialAction":[{"@type":"ReadAction","target":["https:\/\/www.bellunopress.it\/2025\/10\/10\/biologico-altoatesino-alla-fiera-di-bolzano-dal-13-al-16-ottobre\/"]}]},{"@type":"ImageObject","inLanguage":"fr-FR","@id":"https:\/\/www.bellunopress.it\/2025\/10\/10\/biologico-altoatesino-alla-fiera-di-bolzano-dal-13-al-16-ottobre\/#primaryimage","url":"https:\/\/www.bellunopress.it\/wp-content\/uploads\/2025\/10\/Fiera-Bolzano-biologico-altoatesino_edited.jpg","contentUrl":"https:\/\/www.bellunopress.it\/wp-content\/uploads\/2025\/10\/Fiera-Bolzano-biologico-altoatesino_edited.jpg","width":800,"height":533},{"@type":"BreadcrumbList","@id":"https:\/\/www.bellunopress.it\/2025\/10\/10\/biologico-altoatesino-alla-fiera-di-bolzano-dal-13-al-16-ottobre\/#breadcrumb","itemListElement":[{"@type":"ListItem","position":1,"name":"Home","item":"https:\/\/www.bellunopress.it\/"},{"@type":"ListItem","position":2,"name":"Biologico altoatesino alla Fiera di Bolzano dal 13 al 16 ottobre"}]},{"@type":"WebSite","@id":"https:\/\/www.bellunopress.it\/#website","url":"https:\/\/www.bellunopress.it\/","name":"Bellunopress - Dolomiti","description":"e-mail: redazione@bellunopress.it","publisher":{"@id":"https:\/\/www.bellunopress.it\/#organization"},"potentialAction":[{"@type":"SearchAction","target":{"@type":"EntryPoint","urlTemplate":"https:\/\/www.bellunopress.it\/?s={search_term_string}"},"query-input":{"@type":"PropertyValueSpecification","valueRequired":true,"valueName":"search_term_string"}}],"inLanguage":"fr-FR"},{"@type":"Organization","@id":"https:\/\/www.bellunopress.it\/#organization","name":"Bellunopress","url":"https:\/\/www.bellunopress.it\/","logo":{"@type":"ImageObject","inLanguage":"fr-FR","@id":"https:\/\/www.bellunopress.it\/#\/schema\/logo\/image\/","url":"https:\/\/www.bellunopress.it\/wp-content\/uploads\/2011\/05\/cropped-logo-bellunopress-.jpg","contentUrl":"https:\/\/www.bellunopress.it\/wp-content\/uploads\/2011\/05\/cropped-logo-bellunopress-.jpg","width":512,"height":512,"caption":"Bellunopress"},"image":{"@id":"https:\/\/www.bellunopress.it\/#\/schema\/logo\/image\/"},"sameAs":["https:\/\/www.facebook.com\/profile.php?id=100008943462799","https:\/\/x.com\/bellunopress","https:\/\/www.linkedin.com\/hp\/?dnr=JBzUWaJfMUw8vbXJJ2tVW5-I3jZKvC4wsoxE&amp;amp;amp;amp;amp;amp;trk=nav_responsive_tab_home","https:\/\/www.youtube.com\/channel\/UCxL0wu1uN0_3_7hGG0306cw"]},{"@type":"Person","@id":"https:\/\/www.bellunopress.it\/#\/schema\/person\/79bb06722b37ece1c03d3e94beb30d73","name":"r\u00e9daction","image":{"@type":"ImageObject","inLanguage":"fr-FR","@id":"https:\/\/secure.gravatar.com\/avatar\/37d968a2e67a6fd04c169c4bdef102d0bc5d31b2546345219e348575eb80e9a0?s=96&d=mm&r=g","url":"https:\/\/secure.gravatar.com\/avatar\/37d968a2e67a6fd04c169c4bdef102d0bc5d31b2546345219e348575eb80e9a0?s=96&d=mm&r=g","contentUrl":"https:\/\/secure.gravatar.com\/avatar\/37d968a2e67a6fd04c169c4bdef102d0bc5d31b2546345219e348575eb80e9a0?s=96&d=mm&r=g","caption":"redazione"},"sameAs":["http:\/\/www.bellunopress.it","https:\/\/x.com\/bellunopress"],"url":"https:\/\/www.bellunopress.it\/fr\/author\/redazione\/"}]}},"_links":{"self":[{"href":"https:\/\/www.bellunopress.it\/fr\/wp-json\/wp\/v2\/posts\/163994","targetHints":{"allow":["GET"]}}],"collection":[{"href":"https:\/\/www.bellunopress.it\/fr\/wp-json\/wp\/v2\/posts"}],"about":[{"href":"https:\/\/www.bellunopress.it\/fr\/wp-json\/wp\/v2\/types\/post"}],"author":[{"embeddable":true,"href":"https:\/\/www.bellunopress.it\/fr\/wp-json\/wp\/v2\/users\/2"}],"replies":[{"embeddable":true,"href":"https:\/\/www.bellunopress.it\/fr\/wp-json\/wp\/v2\/comments?post=163994"}],"version-history":[{"count":1,"href":"https:\/\/www.bellunopress.it\/fr\/wp-json\/wp\/v2\/posts\/163994\/revisions"}],"predecessor-version":[{"id":163997,"href":"https:\/\/www.bellunopress.it\/fr\/wp-json\/wp\/v2\/posts\/163994\/revisions\/163997"}],"wp:featuredmedia":[{"embeddable":true,"href":"https:\/\/www.bellunopress.it\/fr\/wp-json\/wp\/v2\/media\/163996"}],"wp:attachment":[{"href":"https:\/\/www.bellunopress.it\/fr\/wp-json\/wp\/v2\/media?parent=163994"}],"wp:term":[{"taxonomy":"category","embeddable":true,"href":"https:\/\/www.bellunopress.it\/fr\/wp-json\/wp\/v2\/categories?post=163994"},{"taxonomy":"post_tag","embeddable":true,"href":"https:\/\/www.bellunopress.it\/fr\/wp-json\/wp\/v2\/tags?post=163994"}],"curies":[{"name":"wp","href":"https:\/\/api.w.org\/{rel}","templated":true}]}}