{"id":163990,"date":"2025-10-10T09:59:52","date_gmt":"2025-10-10T07:59:52","guid":{"rendered":"https:\/\/www.bellunopress.it\/?p=163990"},"modified":"2025-10-10T09:59:52","modified_gmt":"2025-10-10T07:59:52","slug":"cattel-accende-i-riflettori-sulla-burger-battle-2026-il-4-novembre-la-sfida-arriva-a-venezia","status":"publish","type":"post","link":"https:\/\/www.bellunopress.it\/fr\/2025\/10\/10\/cattel-accende-i-riflettori-sulla-burger-battle-2026-il-4-novembre-la-sfida-arriva-a-venezia\/","title":{"rendered":"Cattel accende i riflettori sulla Burger Battle 2026: il 4 novembre la sfida arriva a Venezia"},"content":{"rendered":"<p><img loading=\"lazy\" decoding=\"async\" class=\"aligncenter size-full wp-image-163991\" src=\"https:\/\/www.bellunopress.it\/wp-content\/uploads\/2025\/10\/Burger-Battle-giuria.jpg\" alt=\"\" width=\"800\" height=\"533\" srcset=\"https:\/\/www.bellunopress.it\/wp-content\/uploads\/2025\/10\/Burger-Battle-giuria.jpg 800w, https:\/\/www.bellunopress.it\/wp-content\/uploads\/2025\/10\/Burger-Battle-giuria-500x333.jpg 500w, https:\/\/www.bellunopress.it\/wp-content\/uploads\/2025\/10\/Burger-Battle-giuria-630x420.jpg 630w, https:\/\/www.bellunopress.it\/wp-content\/uploads\/2025\/10\/Burger-Battle-giuria-696x464.jpg 696w\" sizes=\"auto, (max-width: 800px) 100vw, 800px\" \/>Cattel sar\u00e0 protagonista della prossima edizione della Burger Battle 2026, il celebre contest nazionale dedicato agli hamburger gourmet, ospitando presso la propria sede la tappa di Venezia il 4 novembre 2025 . Un appuntamento che unisce competizione, creativit\u00e0 e alta cucina, destinato a richiamare l&#8217;attenzione di professionisti, media e operatori del settore Ho. Re.Ca.<\/p>\n<p>La Burger Battle, giunta all&#8217;ottava edizione, \u00e8 ormai un punto di riferimento per il panorama gastronomico italiano. Il tour 2026 ha preso il via il settembre a Roma, proseguir\u00e0 con la tappa veneziana del 4 novembre ospitata da Cattel e si concluder\u00e0 con la selezione di Napoli il 18 novembre. I sei migliori concorrenti accederanno alla finalissima nazionale, che si svolger\u00e0 in occasione dell&#8217;edizione 2026 di Beer &amp; Food Attraction a Rimini, dal 15 al 17 febbraio 2026, dove verr\u00e0 incoronato il nuovo campione italiano dell&#8217;hamburger gourmet .<\/p>\n<p>Dopo il successo della scorsa edizione, che ha visto trionfare il toscano Fabrizio Mazzantini con il panino &#8220;Cos\u00ec, su due piedi&#8221;, la sfida torna a infiammare la passione di chef e professionisti di tutta Italia. La scelta di ospitare la tappa veneziana presso la sede di Cattel non \u00e8 casuale: l&#8217;azienda di Noventa di Piave rappresenta da anni un punto di riferimento per la distribuzione food service nel Nord-Est, con un legame forte e concreto con il litorale veneto e con tutto l&#8217;ecosistema dell&#8217;accoglienza.<\/p>\n<p>Dare spazio alla Burger Battle nella propria sede \u00e8 per Cattel un&#8217;occasione di grande orgoglio e, al tempo stesso, un modo per ribadire il proprio ruolo di partner strategico del mondo Ho.Re.Ca. L&#8217;azienda mette infatti a disposizione non solo spazi e infrastrutture, ma anche quell&#8217;esperienza logistica e organizzativa che da sempre la contraddistingue. La tappa veneziana diventa cos\u00ec pi\u00f9 di una gara tra chef: un palcoscenico di creativit\u00e0 e professionalit\u00e0, un momento di incontro e valorizzazione per clienti, partner e per l&#8217;intero territorio, dove turismo, ristorazione e qualit\u00e0 enogastronomica si intrecciano in un racconto comune. In questo contesto, il burger si afferma come simbolo della capacit\u00e0 tutta italiana di trasformare la tradizione in esperienza contemporanea, elevando una pietanza umile, propria del fast food, a piatto ricercato e gourmet.<\/p>\n<p>Le iscrizioni a Burger Battle 2026 sono gi\u00e0 aperte sul sito ufficiale www.burgerbattle.it, dove gli chef possono candidarsi per partecipare alle diverse tappe e ambire al titolo di miglior creatore di burger gourmet d&#8217;Italia.<\/p>\n<p>&nbsp;<\/p>","protected":false},"excerpt":{"rendered":"<p>Cattel sar\u00e0 protagonista della prossima edizione della Burger Battle 2026, il celebre contest nazionale dedicato agli hamburger gourmet, ospitando presso la propria sede la tappa di Venezia il 4 novembre 2025 . Un appuntamento che unisce competizione, creativit\u00e0 e alta cucina, destinato a richiamare l&#8217;attenzione di professionisti, media e operatori del settore Ho. Re.Ca. La [&hellip;]<\/p>\n","protected":false},"author":2,"featured_media":163991,"comment_status":"closed","ping_status":"open","sticky":false,"template":"","format":"standard","meta":{"footnotes":""},"categories":[36,25],"tags":[],"class_list":["post-163990","post","type-post","status-publish","format-standard","has-post-thumbnail","category-lavoro-economia","category-pausa-caffe"],"yoast_head":"<!-- This site is optimized with the Yoast SEO plugin v28.4 - https:\/\/yoast.com\/product\/yoast-seo-wordpress\/ -->\n<title>Cattel accende i riflettori sulla Burger Battle 2026: il 4 novembre la sfida arriva a Venezia - Bellunopress - Dolomiti<\/title>\n<meta name=\"robots\" content=\"index, follow, max-snippet:-1, max-image-preview:large, max-video-preview:-1\" \/>\n<link rel=\"canonical\" href=\"https:\/\/www.bellunopress.it\/fr\/2025\/10\/10\/cattel-accende-i-riflettori-sulla-burger-battle-2026-il-4-novembre-la-sfida-arriva-a-venezia\/\" \/>\n<meta property=\"og:locale\" content=\"fr_FR\" \/>\n<meta property=\"og:type\" content=\"article\" \/>\n<meta property=\"og:title\" content=\"Cattel accende i riflettori sulla Burger Battle 2026: il 4 novembre la sfida arriva a Venezia - Bellunopress - Dolomiti\" \/>\n<meta property=\"og:description\" content=\"Cattel sar\u00e0 protagonista della prossima edizione della Burger Battle 2026, il celebre contest nazionale dedicato agli hamburger gourmet, ospitando presso la propria sede la tappa di Venezia il 4 novembre 2025 . Un appuntamento che unisce competizione, creativit\u00e0 e alta cucina, destinato a richiamare l&#8217;attenzione di professionisti, media e operatori del settore Ho. Re.Ca. La [&hellip;]\" \/>\n<meta property=\"og:url\" content=\"https:\/\/www.bellunopress.it\/fr\/2025\/10\/10\/cattel-accende-i-riflettori-sulla-burger-battle-2026-il-4-novembre-la-sfida-arriva-a-venezia\/\" \/>\n<meta property=\"og:site_name\" content=\"Bellunopress - Dolomiti\" \/>\n<meta property=\"article:publisher\" content=\"https:\/\/www.facebook.com\/profile.php?id=100008943462799\" \/>\n<meta property=\"article:published_time\" content=\"2025-10-10T07:59:52+00:00\" \/>\n<meta property=\"og:image\" content=\"https:\/\/www.bellunopress.it\/wp-content\/uploads\/2025\/10\/Burger-Battle-giuria.jpg\" \/>\n\t<meta property=\"og:image:width\" content=\"800\" \/>\n\t<meta property=\"og:image:height\" content=\"533\" \/>\n\t<meta property=\"og:image:type\" content=\"image\/jpeg\" \/>\n<meta name=\"author\" content=\"redazione\" \/>\n<meta name=\"twitter:card\" content=\"summary_large_image\" \/>\n<meta name=\"twitter:creator\" content=\"@bellunopress\" \/>\n<meta name=\"twitter:site\" content=\"@bellunopress\" \/>\n<meta name=\"twitter:label1\" content=\"\u00c9crit par\" \/>\n\t<meta name=\"twitter:data1\" content=\"redazione\" \/>\n\t<meta name=\"twitter:label2\" content=\"Dur\u00e9e de lecture estim\u00e9e\" \/>\n\t<meta name=\"twitter:data2\" content=\"2 minutes\" \/>\n<script type=\"application\/ld+json\" class=\"yoast-schema-graph\">{\"@context\":\"https:\\\/\\\/schema.org\",\"@graph\":[{\"@type\":\"Article\",\"@id\":\"https:\\\/\\\/www.bellunopress.it\\\/2025\\\/10\\\/10\\\/cattel-accende-i-riflettori-sulla-burger-battle-2026-il-4-novembre-la-sfida-arriva-a-venezia\\\/#article\",\"isPartOf\":{\"@id\":\"https:\\\/\\\/www.bellunopress.it\\\/2025\\\/10\\\/10\\\/cattel-accende-i-riflettori-sulla-burger-battle-2026-il-4-novembre-la-sfida-arriva-a-venezia\\\/\"},\"author\":{\"name\":\"redazione\",\"@id\":\"https:\\\/\\\/www.bellunopress.it\\\/#\\\/schema\\\/person\\\/79bb06722b37ece1c03d3e94beb30d73\"},\"headline\":\"Cattel accende i riflettori sulla Burger Battle 2026: il 4 novembre la sfida arriva a Venezia\",\"datePublished\":\"2025-10-10T07:59:52+00:00\",\"mainEntityOfPage\":{\"@id\":\"https:\\\/\\\/www.bellunopress.it\\\/2025\\\/10\\\/10\\\/cattel-accende-i-riflettori-sulla-burger-battle-2026-il-4-novembre-la-sfida-arriva-a-venezia\\\/\"},\"wordCount\":404,\"publisher\":{\"@id\":\"https:\\\/\\\/www.bellunopress.it\\\/#organization\"},\"image\":{\"@id\":\"https:\\\/\\\/www.bellunopress.it\\\/2025\\\/10\\\/10\\\/cattel-accende-i-riflettori-sulla-burger-battle-2026-il-4-novembre-la-sfida-arriva-a-venezia\\\/#primaryimage\"},\"thumbnailUrl\":\"https:\\\/\\\/www.bellunopress.it\\\/wp-content\\\/uploads\\\/2025\\\/10\\\/Burger-Battle-giuria.jpg\",\"articleSection\":[\"Lavoro, Economia, Turismo\",\"Pausa Caff\u00e8\"],\"inLanguage\":\"fr-FR\"},{\"@type\":\"WebPage\",\"@id\":\"https:\\\/\\\/www.bellunopress.it\\\/2025\\\/10\\\/10\\\/cattel-accende-i-riflettori-sulla-burger-battle-2026-il-4-novembre-la-sfida-arriva-a-venezia\\\/\",\"url\":\"https:\\\/\\\/www.bellunopress.it\\\/2025\\\/10\\\/10\\\/cattel-accende-i-riflettori-sulla-burger-battle-2026-il-4-novembre-la-sfida-arriva-a-venezia\\\/\",\"name\":\"Cattel accende i riflettori sulla Burger Battle 2026: il 4 novembre la sfida arriva a Venezia - Bellunopress - Dolomiti\",\"isPartOf\":{\"@id\":\"https:\\\/\\\/www.bellunopress.it\\\/#website\"},\"primaryImageOfPage\":{\"@id\":\"https:\\\/\\\/www.bellunopress.it\\\/2025\\\/10\\\/10\\\/cattel-accende-i-riflettori-sulla-burger-battle-2026-il-4-novembre-la-sfida-arriva-a-venezia\\\/#primaryimage\"},\"image\":{\"@id\":\"https:\\\/\\\/www.bellunopress.it\\\/2025\\\/10\\\/10\\\/cattel-accende-i-riflettori-sulla-burger-battle-2026-il-4-novembre-la-sfida-arriva-a-venezia\\\/#primaryimage\"},\"thumbnailUrl\":\"https:\\\/\\\/www.bellunopress.it\\\/wp-content\\\/uploads\\\/2025\\\/10\\\/Burger-Battle-giuria.jpg\",\"datePublished\":\"2025-10-10T07:59:52+00:00\",\"breadcrumb\":{\"@id\":\"https:\\\/\\\/www.bellunopress.it\\\/2025\\\/10\\\/10\\\/cattel-accende-i-riflettori-sulla-burger-battle-2026-il-4-novembre-la-sfida-arriva-a-venezia\\\/#breadcrumb\"},\"inLanguage\":\"fr-FR\",\"potentialAction\":[{\"@type\":\"ReadAction\",\"target\":[\"https:\\\/\\\/www.bellunopress.it\\\/2025\\\/10\\\/10\\\/cattel-accende-i-riflettori-sulla-burger-battle-2026-il-4-novembre-la-sfida-arriva-a-venezia\\\/\"]}]},{\"@type\":\"ImageObject\",\"inLanguage\":\"fr-FR\",\"@id\":\"https:\\\/\\\/www.bellunopress.it\\\/2025\\\/10\\\/10\\\/cattel-accende-i-riflettori-sulla-burger-battle-2026-il-4-novembre-la-sfida-arriva-a-venezia\\\/#primaryimage\",\"url\":\"https:\\\/\\\/www.bellunopress.it\\\/wp-content\\\/uploads\\\/2025\\\/10\\\/Burger-Battle-giuria.jpg\",\"contentUrl\":\"https:\\\/\\\/www.bellunopress.it\\\/wp-content\\\/uploads\\\/2025\\\/10\\\/Burger-Battle-giuria.jpg\",\"width\":800,\"height\":533},{\"@type\":\"BreadcrumbList\",\"@id\":\"https:\\\/\\\/www.bellunopress.it\\\/2025\\\/10\\\/10\\\/cattel-accende-i-riflettori-sulla-burger-battle-2026-il-4-novembre-la-sfida-arriva-a-venezia\\\/#breadcrumb\",\"itemListElement\":[{\"@type\":\"ListItem\",\"position\":1,\"name\":\"Home\",\"item\":\"https:\\\/\\\/www.bellunopress.it\\\/\"},{\"@type\":\"ListItem\",\"position\":2,\"name\":\"Cattel accende i riflettori sulla Burger Battle 2026: il 4 novembre la sfida arriva a Venezia\"}]},{\"@type\":\"WebSite\",\"@id\":\"https:\\\/\\\/www.bellunopress.it\\\/#website\",\"url\":\"https:\\\/\\\/www.bellunopress.it\\\/\",\"name\":\"Bellunopress - Dolomiti\",\"description\":\"e-mail: redazione@bellunopress.it\",\"publisher\":{\"@id\":\"https:\\\/\\\/www.bellunopress.it\\\/#organization\"},\"potentialAction\":[{\"@type\":\"SearchAction\",\"target\":{\"@type\":\"EntryPoint\",\"urlTemplate\":\"https:\\\/\\\/www.bellunopress.it\\\/?s={search_term_string}\"},\"query-input\":{\"@type\":\"PropertyValueSpecification\",\"valueRequired\":true,\"valueName\":\"search_term_string\"}}],\"inLanguage\":\"fr-FR\"},{\"@type\":\"Organization\",\"@id\":\"https:\\\/\\\/www.bellunopress.it\\\/#organization\",\"name\":\"Bellunopress\",\"url\":\"https:\\\/\\\/www.bellunopress.it\\\/\",\"logo\":{\"@type\":\"ImageObject\",\"inLanguage\":\"fr-FR\",\"@id\":\"https:\\\/\\\/www.bellunopress.it\\\/#\\\/schema\\\/logo\\\/image\\\/\",\"url\":\"https:\\\/\\\/www.bellunopress.it\\\/wp-content\\\/uploads\\\/2011\\\/05\\\/cropped-logo-bellunopress-.jpg\",\"contentUrl\":\"https:\\\/\\\/www.bellunopress.it\\\/wp-content\\\/uploads\\\/2011\\\/05\\\/cropped-logo-bellunopress-.jpg\",\"width\":512,\"height\":512,\"caption\":\"Bellunopress\"},\"image\":{\"@id\":\"https:\\\/\\\/www.bellunopress.it\\\/#\\\/schema\\\/logo\\\/image\\\/\"},\"sameAs\":[\"https:\\\/\\\/www.facebook.com\\\/profile.php?id=100008943462799\",\"https:\\\/\\\/x.com\\\/bellunopress\",\"https:\\\/\\\/www.linkedin.com\\\/hp\\\/?dnr=JBzUWaJfMUw8vbXJJ2tVW5-I3jZKvC4wsoxE&amp;amp;amp;amp;amp;amp;trk=nav_responsive_tab_home\",\"https:\\\/\\\/www.youtube.com\\\/channel\\\/UCxL0wu1uN0_3_7hGG0306cw\"]},{\"@type\":\"Person\",\"@id\":\"https:\\\/\\\/www.bellunopress.it\\\/#\\\/schema\\\/person\\\/79bb06722b37ece1c03d3e94beb30d73\",\"name\":\"redazione\",\"image\":{\"@type\":\"ImageObject\",\"inLanguage\":\"fr-FR\",\"@id\":\"https:\\\/\\\/secure.gravatar.com\\\/avatar\\\/37d968a2e67a6fd04c169c4bdef102d0bc5d31b2546345219e348575eb80e9a0?s=96&d=mm&r=g\",\"url\":\"https:\\\/\\\/secure.gravatar.com\\\/avatar\\\/37d968a2e67a6fd04c169c4bdef102d0bc5d31b2546345219e348575eb80e9a0?s=96&d=mm&r=g\",\"contentUrl\":\"https:\\\/\\\/secure.gravatar.com\\\/avatar\\\/37d968a2e67a6fd04c169c4bdef102d0bc5d31b2546345219e348575eb80e9a0?s=96&d=mm&r=g\",\"caption\":\"redazione\"},\"sameAs\":[\"http:\\\/\\\/www.bellunopress.it\",\"https:\\\/\\\/x.com\\\/bellunopress\"],\"url\":\"https:\\\/\\\/www.bellunopress.it\\\/fr\\\/author\\\/redazione\\\/\"}]}<\/script>\n<!-- \/ Yoast SEO plugin. -->","yoast_head_json":{"title":"Cattel accende i riflettori sulla Burger Battle 2026: il 4 novembre la sfida arriva a Venezia - Bellunopress - Dolomiti","robots":{"index":"index","follow":"follow","max-snippet":"max-snippet:-1","max-image-preview":"max-image-preview:large","max-video-preview":"max-video-preview:-1"},"canonical":"https:\/\/www.bellunopress.it\/fr\/2025\/10\/10\/cattel-accende-i-riflettori-sulla-burger-battle-2026-il-4-novembre-la-sfida-arriva-a-venezia\/","og_locale":"fr_FR","og_type":"article","og_title":"Cattel accende i riflettori sulla Burger Battle 2026: il 4 novembre la sfida arriva a Venezia - Bellunopress - Dolomiti","og_description":"Cattel sar\u00e0 protagonista della prossima edizione della Burger Battle 2026, il celebre contest nazionale dedicato agli hamburger gourmet, ospitando presso la propria sede la tappa di Venezia il 4 novembre 2025 . Un appuntamento che unisce competizione, creativit\u00e0 e alta cucina, destinato a richiamare l&#8217;attenzione di professionisti, media e operatori del settore Ho. Re.Ca. La [&hellip;]","og_url":"https:\/\/www.bellunopress.it\/fr\/2025\/10\/10\/cattel-accende-i-riflettori-sulla-burger-battle-2026-il-4-novembre-la-sfida-arriva-a-venezia\/","og_site_name":"Bellunopress - Dolomiti","article_publisher":"https:\/\/www.facebook.com\/profile.php?id=100008943462799","article_published_time":"2025-10-10T07:59:52+00:00","og_image":[{"width":800,"height":533,"url":"https:\/\/www.bellunopress.it\/wp-content\/uploads\/2025\/10\/Burger-Battle-giuria.jpg","type":"image\/jpeg"}],"author":"redazione","twitter_card":"summary_large_image","twitter_creator":"@bellunopress","twitter_site":"@bellunopress","twitter_misc":{"\u00c9crit par":"redazione","Dur\u00e9e de lecture estim\u00e9e":"2 minutes"},"schema":{"@context":"https:\/\/schema.org","@graph":[{"@type":"Article","@id":"https:\/\/www.bellunopress.it\/2025\/10\/10\/cattel-accende-i-riflettori-sulla-burger-battle-2026-il-4-novembre-la-sfida-arriva-a-venezia\/#article","isPartOf":{"@id":"https:\/\/www.bellunopress.it\/2025\/10\/10\/cattel-accende-i-riflettori-sulla-burger-battle-2026-il-4-novembre-la-sfida-arriva-a-venezia\/"},"author":{"name":"redazione","@id":"https:\/\/www.bellunopress.it\/#\/schema\/person\/79bb06722b37ece1c03d3e94beb30d73"},"headline":"Cattel accende i riflettori sulla Burger Battle 2026: il 4 novembre la sfida arriva a Venezia","datePublished":"2025-10-10T07:59:52+00:00","mainEntityOfPage":{"@id":"https:\/\/www.bellunopress.it\/2025\/10\/10\/cattel-accende-i-riflettori-sulla-burger-battle-2026-il-4-novembre-la-sfida-arriva-a-venezia\/"},"wordCount":404,"publisher":{"@id":"https:\/\/www.bellunopress.it\/#organization"},"image":{"@id":"https:\/\/www.bellunopress.it\/2025\/10\/10\/cattel-accende-i-riflettori-sulla-burger-battle-2026-il-4-novembre-la-sfida-arriva-a-venezia\/#primaryimage"},"thumbnailUrl":"https:\/\/www.bellunopress.it\/wp-content\/uploads\/2025\/10\/Burger-Battle-giuria.jpg","articleSection":["Lavoro, Economia, Turismo","Pausa Caff\u00e8"],"inLanguage":"fr-FR"},{"@type":"WebPage","@id":"https:\/\/www.bellunopress.it\/2025\/10\/10\/cattel-accende-i-riflettori-sulla-burger-battle-2026-il-4-novembre-la-sfida-arriva-a-venezia\/","url":"https:\/\/www.bellunopress.it\/2025\/10\/10\/cattel-accende-i-riflettori-sulla-burger-battle-2026-il-4-novembre-la-sfida-arriva-a-venezia\/","name":"Cattel accende i riflettori sulla Burger Battle 2026: il 4 novembre la sfida arriva a Venezia - Bellunopress - Dolomiti","isPartOf":{"@id":"https:\/\/www.bellunopress.it\/#website"},"primaryImageOfPage":{"@id":"https:\/\/www.bellunopress.it\/2025\/10\/10\/cattel-accende-i-riflettori-sulla-burger-battle-2026-il-4-novembre-la-sfida-arriva-a-venezia\/#primaryimage"},"image":{"@id":"https:\/\/www.bellunopress.it\/2025\/10\/10\/cattel-accende-i-riflettori-sulla-burger-battle-2026-il-4-novembre-la-sfida-arriva-a-venezia\/#primaryimage"},"thumbnailUrl":"https:\/\/www.bellunopress.it\/wp-content\/uploads\/2025\/10\/Burger-Battle-giuria.jpg","datePublished":"2025-10-10T07:59:52+00:00","breadcrumb":{"@id":"https:\/\/www.bellunopress.it\/2025\/10\/10\/cattel-accende-i-riflettori-sulla-burger-battle-2026-il-4-novembre-la-sfida-arriva-a-venezia\/#breadcrumb"},"inLanguage":"fr-FR","potentialAction":[{"@type":"ReadAction","target":["https:\/\/www.bellunopress.it\/2025\/10\/10\/cattel-accende-i-riflettori-sulla-burger-battle-2026-il-4-novembre-la-sfida-arriva-a-venezia\/"]}]},{"@type":"ImageObject","inLanguage":"fr-FR","@id":"https:\/\/www.bellunopress.it\/2025\/10\/10\/cattel-accende-i-riflettori-sulla-burger-battle-2026-il-4-novembre-la-sfida-arriva-a-venezia\/#primaryimage","url":"https:\/\/www.bellunopress.it\/wp-content\/uploads\/2025\/10\/Burger-Battle-giuria.jpg","contentUrl":"https:\/\/www.bellunopress.it\/wp-content\/uploads\/2025\/10\/Burger-Battle-giuria.jpg","width":800,"height":533},{"@type":"BreadcrumbList","@id":"https:\/\/www.bellunopress.it\/2025\/10\/10\/cattel-accende-i-riflettori-sulla-burger-battle-2026-il-4-novembre-la-sfida-arriva-a-venezia\/#breadcrumb","itemListElement":[{"@type":"ListItem","position":1,"name":"Home","item":"https:\/\/www.bellunopress.it\/"},{"@type":"ListItem","position":2,"name":"Cattel accende i riflettori sulla Burger Battle 2026: il 4 novembre la sfida arriva a Venezia"}]},{"@type":"WebSite","@id":"https:\/\/www.bellunopress.it\/#website","url":"https:\/\/www.bellunopress.it\/","name":"Bellunopress - Dolomiti","description":"e-mail: redazione@bellunopress.it","publisher":{"@id":"https:\/\/www.bellunopress.it\/#organization"},"potentialAction":[{"@type":"SearchAction","target":{"@type":"EntryPoint","urlTemplate":"https:\/\/www.bellunopress.it\/?s={search_term_string}"},"query-input":{"@type":"PropertyValueSpecification","valueRequired":true,"valueName":"search_term_string"}}],"inLanguage":"fr-FR"},{"@type":"Organization","@id":"https:\/\/www.bellunopress.it\/#organization","name":"Bellunopress","url":"https:\/\/www.bellunopress.it\/","logo":{"@type":"ImageObject","inLanguage":"fr-FR","@id":"https:\/\/www.bellunopress.it\/#\/schema\/logo\/image\/","url":"https:\/\/www.bellunopress.it\/wp-content\/uploads\/2011\/05\/cropped-logo-bellunopress-.jpg","contentUrl":"https:\/\/www.bellunopress.it\/wp-content\/uploads\/2011\/05\/cropped-logo-bellunopress-.jpg","width":512,"height":512,"caption":"Bellunopress"},"image":{"@id":"https:\/\/www.bellunopress.it\/#\/schema\/logo\/image\/"},"sameAs":["https:\/\/www.facebook.com\/profile.php?id=100008943462799","https:\/\/x.com\/bellunopress","https:\/\/www.linkedin.com\/hp\/?dnr=JBzUWaJfMUw8vbXJJ2tVW5-I3jZKvC4wsoxE&amp;amp;amp;amp;amp;amp;trk=nav_responsive_tab_home","https:\/\/www.youtube.com\/channel\/UCxL0wu1uN0_3_7hGG0306cw"]},{"@type":"Person","@id":"https:\/\/www.bellunopress.it\/#\/schema\/person\/79bb06722b37ece1c03d3e94beb30d73","name":"r\u00e9daction","image":{"@type":"ImageObject","inLanguage":"fr-FR","@id":"https:\/\/secure.gravatar.com\/avatar\/37d968a2e67a6fd04c169c4bdef102d0bc5d31b2546345219e348575eb80e9a0?s=96&d=mm&r=g","url":"https:\/\/secure.gravatar.com\/avatar\/37d968a2e67a6fd04c169c4bdef102d0bc5d31b2546345219e348575eb80e9a0?s=96&d=mm&r=g","contentUrl":"https:\/\/secure.gravatar.com\/avatar\/37d968a2e67a6fd04c169c4bdef102d0bc5d31b2546345219e348575eb80e9a0?s=96&d=mm&r=g","caption":"redazione"},"sameAs":["http:\/\/www.bellunopress.it","https:\/\/x.com\/bellunopress"],"url":"https:\/\/www.bellunopress.it\/fr\/author\/redazione\/"}]}},"_links":{"self":[{"href":"https:\/\/www.bellunopress.it\/fr\/wp-json\/wp\/v2\/posts\/163990","targetHints":{"allow":["GET"]}}],"collection":[{"href":"https:\/\/www.bellunopress.it\/fr\/wp-json\/wp\/v2\/posts"}],"about":[{"href":"https:\/\/www.bellunopress.it\/fr\/wp-json\/wp\/v2\/types\/post"}],"author":[{"embeddable":true,"href":"https:\/\/www.bellunopress.it\/fr\/wp-json\/wp\/v2\/users\/2"}],"replies":[{"embeddable":true,"href":"https:\/\/www.bellunopress.it\/fr\/wp-json\/wp\/v2\/comments?post=163990"}],"version-history":[{"count":1,"href":"https:\/\/www.bellunopress.it\/fr\/wp-json\/wp\/v2\/posts\/163990\/revisions"}],"predecessor-version":[{"id":163992,"href":"https:\/\/www.bellunopress.it\/fr\/wp-json\/wp\/v2\/posts\/163990\/revisions\/163992"}],"wp:featuredmedia":[{"embeddable":true,"href":"https:\/\/www.bellunopress.it\/fr\/wp-json\/wp\/v2\/media\/163991"}],"wp:attachment":[{"href":"https:\/\/www.bellunopress.it\/fr\/wp-json\/wp\/v2\/media?parent=163990"}],"wp:term":[{"taxonomy":"category","embeddable":true,"href":"https:\/\/www.bellunopress.it\/fr\/wp-json\/wp\/v2\/categories?post=163990"},{"taxonomy":"post_tag","embeddable":true,"href":"https:\/\/www.bellunopress.it\/fr\/wp-json\/wp\/v2\/tags?post=163990"}],"curies":[{"name":"wp","href":"https:\/\/api.w.org\/{rel}","templated":true}]}}