{"id":163942,"date":"2025-10-08T12:00:06","date_gmt":"2025-10-08T10:00:06","guid":{"rendered":"https:\/\/www.bellunopress.it\/?p=163942"},"modified":"2025-10-08T13:32:58","modified_gmt":"2025-10-08T11:32:58","slug":"la-diga-e-il-nulla-il-disastro-del-vajont-come-evento-della-tecnica-occidentale-di-francesco-boco","status":"publish","type":"post","link":"https:\/\/www.bellunopress.it\/fr\/2025\/10\/08\/la-diga-e-il-nulla-il-disastro-del-vajont-come-evento-della-tecnica-occidentale-di-francesco-boco\/","title":{"rendered":"La diga e il nulla: il disastro del Vajont come evento della tecnica occidentale\u00a0 * di Francesco Boco"},"content":{"rendered":"<figure id=\"attachment_118272\" aria-describedby=\"caption-attachment-118272\" style=\"width: 800px\" class=\"wp-caption aligncenter\"><img loading=\"lazy\" decoding=\"async\" class=\"size-full wp-image-118272\" src=\"https:\/\/www.bellunopress.it\/wp-content\/uploads\/2020\/10\/diga-vajont-007_edited.jpg\" alt=\"\" width=\"800\" height=\"533\" srcset=\"https:\/\/www.bellunopress.it\/wp-content\/uploads\/2020\/10\/diga-vajont-007_edited.jpg 800w, https:\/\/www.bellunopress.it\/wp-content\/uploads\/2020\/10\/diga-vajont-007_edited-500x333.jpg 500w, https:\/\/www.bellunopress.it\/wp-content\/uploads\/2020\/10\/diga-vajont-007_edited-696x464.jpg 696w, https:\/\/www.bellunopress.it\/wp-content\/uploads\/2020\/10\/diga-vajont-007_edited-630x420.jpg 630w\" sizes=\"auto, (max-width: 800px) 100vw, 800px\" \/><figcaption id=\"caption-attachment-118272\" class=\"wp-caption-text\">Diga del Vajont &#8211; Longarone<\/figcaption><\/figure>\n<p>Il Vajont non fu soltanto una tragedia naturale: fu un evento della modernit\u00e0, la rivelazione di una verit\u00e0 rimossa. L\u00ec dove l\u2019uomo aveva costruito un monumento al dominio \u2014 la diga come sigillo della ragione sul caos \u2014 la natura rispose con la potenza elementare della sua attualit\u00e0.<br \/>\nOttobre 1963: la montagna crolla, l\u2019acqua straripa, la valle scompare. 1.917 vittime. Ground zero.<br \/>\nMa ci\u00f2 che frana non \u00e8 solo la terra, \u00e8 l\u2019idea stessa di controllo, il dogma della civilt\u00e0 liberal-capitalista occidentale. In quei giorni fatali Dino Buzzati scrisse: \u00abAncora una volta la fantasia della natura \u00e8 stata pi\u00f9 grande ed asciutta che la fantasia della scienza. Sconfitta in aperta battaglia, la natura si \u00e8 vendicata attaccando il vincitore alle spalle. Si direbbe quasi che in tutte le grandi conquiste tecniche, stia nascosta una lama segreta e invisibile che a un momento dato scatter\u00e0\u00bb.<br \/>\nQuesta \u201clama segreta\u201d \u00e8 l\u2019incidente che l\u2019architetto Paul Virilio diceva ogni creazione tecnica portasse in s\u00e9. La diga del Vajont non \u00e8 solo un\u2019opera di contenimento, ma il progetto del suo stesso collasso possibile. Nell\u2019atto stesso di edificare, l\u2019uomo prepara la catastrofe che lo superer\u00e0.<br \/>\nLa tecnica non \u00e8 pi\u00f9 un mezzo, ma un destino che minaccia il suo creatore.<br \/>\nLa mobilitazione totale, che mette in forma il pianeta intero secondo Ernst J\u00fcnger, metamorfosa il mondo in energia e progetto. Ma la potenza tecnica pu\u00f2 implodere, quando incontra la potenza elementare. Il fondo indisponibile. Il mistero.<br \/>\nLa frana di Longarone \u00e8 un\u2019insurrezione della natura, un atto radicalmente ontologico: la materia che rifiuta di farsi oggetto, la terra che reclama la propria irriducibilit\u00e0 al calcolo. L\u2019essere che si fa mondo nel modo pi\u00f9 estremo.<br \/>\nIl filosofo tedesco Peter Sloterdijk avrebbe parlato di un guscio infranto.<br \/>\nLa diga come una membrana tecnologica, un confine che separa l\u2019uomo dall\u2019ambiente naturale, minaccioso. Quando il Monte Toc si muove, quella protezione cede, e con essa cade la finzione immunitaria di un\u2019umanit\u00e0 che credeva di potersi schermare dal reale.<br \/>\nLa modernit\u00e0, nella sua aspirazione a domesticare la natura, scopre che la natura \u00e8 il sempre presente &#8211; il circostante di Ortega Y Gasset -, che per\u00f2 ha smesso di interrogare e comprendere.<br \/>\nJean Baudrillard avrebbe visto nel Vajont il collasso del simulacro: il simbolo del dominio tecnologico che collassa nel reale. Il cemento, il calcolo, la pianificazione \u2014 tutto ci\u00f2 che prometteva sicurezza \u2014 si dissolve in un istante. L\u2019acqua non distrugge soltanto: rivela. Dietro la perfezione del progetto, emerge il nulla. Dietro la potenza trattenuta faticosamente, la fragilit\u00e0 dell\u2019Occidente economicista.<br \/>\n\u00c8 l\u2019eretico Guillaume Faye a fornire l\u2019intuizione pi\u00f9 pungente.<br \/>\nLa tecnica contemporanea, liberale e capitalista, si espande senza visione. \u00c8 un potere cieco, debole, perch\u00e9 nel suo nucleo privo di etica e di cosmologia.<br \/>\nL\u00e0 dove tecnica e natura si compenetrano \u2014 come nel corpo della diga innestato nella montagna \u2014 emerge l\u2019urgenza di una nuova etica della potenza, una sapienza capace di tenere insieme creazione ed elementare, calcolo e organismo. Senza questa etica, la tecnologia diventa pura automazione, produttivit\u00e0 senza direzione, nichilismo operativo.<br \/>\nIl Vajont, allora, non \u00e8 solo un ricordo, ma un simbolo: uno scudo innestato nella natura che cede, che fallisce il suo compito di difesa e protezione. Testimonia l\u2019inadeguatezza di un sistema che si crede norma universale ma che ha reciso ogni legame con la terra, non \u00e8 radicato in niente.<br \/>\nOgni diga costruita nella natura, radicata nella dura pietra, si innalza anche contro l\u2019uomo che la erige. Fino a quando la tecnica non sar\u00e0 compresa come parte dell\u2019essere, come atto totale di trasformazione, e non solo come mezzo di sfruttamento, il rischio rimarr\u00e0 lo stesso: costruire sul nulla, e chiamarlo progresso.<br \/>\nLa modernit\u00e0 teme l\u2019abisso. Ma \u00e8 nel mistero che la tecnica, finalmente, si interroga e si trasforma.<\/p>\n<p>Francesco Boco<\/p>","protected":false},"excerpt":{"rendered":"<p>Il Vajont non fu soltanto una tragedia naturale: fu un evento della modernit\u00e0, la rivelazione di una verit\u00e0 rimossa. L\u00ec dove l\u2019uomo aveva costruito un monumento al dominio \u2014 la diga come sigillo della ragione sul caos \u2014 la natura rispose con la potenza elementare della sua attualit\u00e0. Ottobre 1963: la montagna crolla, l\u2019acqua straripa, [&hellip;]<\/p>\n","protected":false},"author":2,"featured_media":118272,"comment_status":"closed","ping_status":"open","sticky":false,"template":"","format":"standard","meta":{"footnotes":""},"categories":[1],"tags":[],"class_list":["post-163942","post","type-post","status-publish","format-standard","has-post-thumbnail","category-leo"],"yoast_head":"<!-- This site is optimized with the Yoast SEO plugin v28.4 - https:\/\/yoast.com\/product\/yoast-seo-wordpress\/ -->\n<title>La diga e il nulla: il disastro del Vajont come evento della tecnica occidentale\u00a0 * di Francesco Boco - Bellunopress - Dolomiti<\/title>\n<meta name=\"robots\" content=\"index, follow, max-snippet:-1, max-image-preview:large, max-video-preview:-1\" \/>\n<link rel=\"canonical\" href=\"https:\/\/www.bellunopress.it\/fr\/2025\/10\/08\/la-diga-e-il-nulla-il-disastro-del-vajont-come-evento-della-tecnica-occidentale-di-francesco-boco\/\" \/>\n<meta property=\"og:locale\" content=\"fr_FR\" \/>\n<meta property=\"og:type\" content=\"article\" \/>\n<meta property=\"og:title\" content=\"La diga e il nulla: il disastro del Vajont come evento della tecnica occidentale\u00a0 * di Francesco Boco - Bellunopress - Dolomiti\" \/>\n<meta property=\"og:description\" content=\"Il Vajont non fu soltanto una tragedia naturale: fu un evento della modernit\u00e0, la rivelazione di una verit\u00e0 rimossa. L\u00ec dove l\u2019uomo aveva costruito un monumento al dominio \u2014 la diga come sigillo della ragione sul caos \u2014 la natura rispose con la potenza elementare della sua attualit\u00e0. Ottobre 1963: la montagna crolla, l\u2019acqua straripa, [&hellip;]\" \/>\n<meta property=\"og:url\" content=\"https:\/\/www.bellunopress.it\/fr\/2025\/10\/08\/la-diga-e-il-nulla-il-disastro-del-vajont-come-evento-della-tecnica-occidentale-di-francesco-boco\/\" \/>\n<meta property=\"og:site_name\" content=\"Bellunopress - Dolomiti\" \/>\n<meta property=\"article:publisher\" content=\"https:\/\/www.facebook.com\/profile.php?id=100008943462799\" \/>\n<meta property=\"article:published_time\" content=\"2025-10-08T10:00:06+00:00\" \/>\n<meta property=\"article:modified_time\" content=\"2025-10-08T11:32:58+00:00\" \/>\n<meta property=\"og:image\" content=\"https:\/\/www.bellunopress.it\/wp-content\/uploads\/2020\/10\/diga-vajont-007_edited.jpg\" \/>\n\t<meta property=\"og:image:width\" content=\"800\" \/>\n\t<meta property=\"og:image:height\" content=\"533\" \/>\n\t<meta property=\"og:image:type\" content=\"image\/jpeg\" \/>\n<meta name=\"author\" content=\"redazione\" \/>\n<meta name=\"twitter:card\" content=\"summary_large_image\" \/>\n<meta name=\"twitter:creator\" content=\"@bellunopress\" \/>\n<meta name=\"twitter:site\" content=\"@bellunopress\" \/>\n<meta name=\"twitter:label1\" content=\"\u00c9crit par\" \/>\n\t<meta name=\"twitter:data1\" content=\"redazione\" \/>\n\t<meta name=\"twitter:label2\" content=\"Dur\u00e9e de lecture estim\u00e9e\" \/>\n\t<meta name=\"twitter:data2\" content=\"3 minutes\" \/>\n<script type=\"application\/ld+json\" class=\"yoast-schema-graph\">{\"@context\":\"https:\\\/\\\/schema.org\",\"@graph\":[{\"@type\":\"Article\",\"@id\":\"https:\\\/\\\/www.bellunopress.it\\\/2025\\\/10\\\/08\\\/la-diga-e-il-nulla-il-disastro-del-vajont-come-evento-della-tecnica-occidentale-di-francesco-boco\\\/#article\",\"isPartOf\":{\"@id\":\"https:\\\/\\\/www.bellunopress.it\\\/2025\\\/10\\\/08\\\/la-diga-e-il-nulla-il-disastro-del-vajont-come-evento-della-tecnica-occidentale-di-francesco-boco\\\/\"},\"author\":{\"name\":\"redazione\",\"@id\":\"https:\\\/\\\/www.bellunopress.it\\\/#\\\/schema\\\/person\\\/79bb06722b37ece1c03d3e94beb30d73\"},\"headline\":\"La diga e il nulla: il disastro del Vajont come evento della tecnica occidentale\u00a0 * di Francesco Boco\",\"datePublished\":\"2025-10-08T10:00:06+00:00\",\"dateModified\":\"2025-10-08T11:32:58+00:00\",\"mainEntityOfPage\":{\"@id\":\"https:\\\/\\\/www.bellunopress.it\\\/2025\\\/10\\\/08\\\/la-diga-e-il-nulla-il-disastro-del-vajont-come-evento-della-tecnica-occidentale-di-francesco-boco\\\/\"},\"wordCount\":654,\"publisher\":{\"@id\":\"https:\\\/\\\/www.bellunopress.it\\\/#organization\"},\"image\":{\"@id\":\"https:\\\/\\\/www.bellunopress.it\\\/2025\\\/10\\\/08\\\/la-diga-e-il-nulla-il-disastro-del-vajont-come-evento-della-tecnica-occidentale-di-francesco-boco\\\/#primaryimage\"},\"thumbnailUrl\":\"https:\\\/\\\/www.bellunopress.it\\\/wp-content\\\/uploads\\\/2020\\\/10\\\/diga-vajont-007_edited.jpg\",\"articleSection\":[\"Lettere Opinioni\"],\"inLanguage\":\"fr-FR\"},{\"@type\":\"WebPage\",\"@id\":\"https:\\\/\\\/www.bellunopress.it\\\/2025\\\/10\\\/08\\\/la-diga-e-il-nulla-il-disastro-del-vajont-come-evento-della-tecnica-occidentale-di-francesco-boco\\\/\",\"url\":\"https:\\\/\\\/www.bellunopress.it\\\/2025\\\/10\\\/08\\\/la-diga-e-il-nulla-il-disastro-del-vajont-come-evento-della-tecnica-occidentale-di-francesco-boco\\\/\",\"name\":\"La diga e il nulla: il disastro del Vajont come evento della tecnica occidentale\u00a0 * di Francesco Boco - Bellunopress - Dolomiti\",\"isPartOf\":{\"@id\":\"https:\\\/\\\/www.bellunopress.it\\\/#website\"},\"primaryImageOfPage\":{\"@id\":\"https:\\\/\\\/www.bellunopress.it\\\/2025\\\/10\\\/08\\\/la-diga-e-il-nulla-il-disastro-del-vajont-come-evento-della-tecnica-occidentale-di-francesco-boco\\\/#primaryimage\"},\"image\":{\"@id\":\"https:\\\/\\\/www.bellunopress.it\\\/2025\\\/10\\\/08\\\/la-diga-e-il-nulla-il-disastro-del-vajont-come-evento-della-tecnica-occidentale-di-francesco-boco\\\/#primaryimage\"},\"thumbnailUrl\":\"https:\\\/\\\/www.bellunopress.it\\\/wp-content\\\/uploads\\\/2020\\\/10\\\/diga-vajont-007_edited.jpg\",\"datePublished\":\"2025-10-08T10:00:06+00:00\",\"dateModified\":\"2025-10-08T11:32:58+00:00\",\"breadcrumb\":{\"@id\":\"https:\\\/\\\/www.bellunopress.it\\\/2025\\\/10\\\/08\\\/la-diga-e-il-nulla-il-disastro-del-vajont-come-evento-della-tecnica-occidentale-di-francesco-boco\\\/#breadcrumb\"},\"inLanguage\":\"fr-FR\",\"potentialAction\":[{\"@type\":\"ReadAction\",\"target\":[\"https:\\\/\\\/www.bellunopress.it\\\/2025\\\/10\\\/08\\\/la-diga-e-il-nulla-il-disastro-del-vajont-come-evento-della-tecnica-occidentale-di-francesco-boco\\\/\"]}]},{\"@type\":\"ImageObject\",\"inLanguage\":\"fr-FR\",\"@id\":\"https:\\\/\\\/www.bellunopress.it\\\/2025\\\/10\\\/08\\\/la-diga-e-il-nulla-il-disastro-del-vajont-come-evento-della-tecnica-occidentale-di-francesco-boco\\\/#primaryimage\",\"url\":\"https:\\\/\\\/www.bellunopress.it\\\/wp-content\\\/uploads\\\/2020\\\/10\\\/diga-vajont-007_edited.jpg\",\"contentUrl\":\"https:\\\/\\\/www.bellunopress.it\\\/wp-content\\\/uploads\\\/2020\\\/10\\\/diga-vajont-007_edited.jpg\",\"width\":800,\"height\":533,\"caption\":\"Diga del Vajont - Longarone\"},{\"@type\":\"BreadcrumbList\",\"@id\":\"https:\\\/\\\/www.bellunopress.it\\\/2025\\\/10\\\/08\\\/la-diga-e-il-nulla-il-disastro-del-vajont-come-evento-della-tecnica-occidentale-di-francesco-boco\\\/#breadcrumb\",\"itemListElement\":[{\"@type\":\"ListItem\",\"position\":1,\"name\":\"Home\",\"item\":\"https:\\\/\\\/www.bellunopress.it\\\/\"},{\"@type\":\"ListItem\",\"position\":2,\"name\":\"La diga e il nulla: il disastro del Vajont come evento della tecnica occidentale\u00a0 * di Francesco Boco\"}]},{\"@type\":\"WebSite\",\"@id\":\"https:\\\/\\\/www.bellunopress.it\\\/#website\",\"url\":\"https:\\\/\\\/www.bellunopress.it\\\/\",\"name\":\"Bellunopress - Dolomiti\",\"description\":\"e-mail: redazione@bellunopress.it\",\"publisher\":{\"@id\":\"https:\\\/\\\/www.bellunopress.it\\\/#organization\"},\"potentialAction\":[{\"@type\":\"SearchAction\",\"target\":{\"@type\":\"EntryPoint\",\"urlTemplate\":\"https:\\\/\\\/www.bellunopress.it\\\/?s={search_term_string}\"},\"query-input\":{\"@type\":\"PropertyValueSpecification\",\"valueRequired\":true,\"valueName\":\"search_term_string\"}}],\"inLanguage\":\"fr-FR\"},{\"@type\":\"Organization\",\"@id\":\"https:\\\/\\\/www.bellunopress.it\\\/#organization\",\"name\":\"Bellunopress\",\"url\":\"https:\\\/\\\/www.bellunopress.it\\\/\",\"logo\":{\"@type\":\"ImageObject\",\"inLanguage\":\"fr-FR\",\"@id\":\"https:\\\/\\\/www.bellunopress.it\\\/#\\\/schema\\\/logo\\\/image\\\/\",\"url\":\"https:\\\/\\\/www.bellunopress.it\\\/wp-content\\\/uploads\\\/2011\\\/05\\\/cropped-logo-bellunopress-.jpg\",\"contentUrl\":\"https:\\\/\\\/www.bellunopress.it\\\/wp-content\\\/uploads\\\/2011\\\/05\\\/cropped-logo-bellunopress-.jpg\",\"width\":512,\"height\":512,\"caption\":\"Bellunopress\"},\"image\":{\"@id\":\"https:\\\/\\\/www.bellunopress.it\\\/#\\\/schema\\\/logo\\\/image\\\/\"},\"sameAs\":[\"https:\\\/\\\/www.facebook.com\\\/profile.php?id=100008943462799\",\"https:\\\/\\\/x.com\\\/bellunopress\",\"https:\\\/\\\/www.linkedin.com\\\/hp\\\/?dnr=JBzUWaJfMUw8vbXJJ2tVW5-I3jZKvC4wsoxE&amp;amp;amp;amp;amp;amp;trk=nav_responsive_tab_home\",\"https:\\\/\\\/www.youtube.com\\\/channel\\\/UCxL0wu1uN0_3_7hGG0306cw\"]},{\"@type\":\"Person\",\"@id\":\"https:\\\/\\\/www.bellunopress.it\\\/#\\\/schema\\\/person\\\/79bb06722b37ece1c03d3e94beb30d73\",\"name\":\"redazione\",\"image\":{\"@type\":\"ImageObject\",\"inLanguage\":\"fr-FR\",\"@id\":\"https:\\\/\\\/secure.gravatar.com\\\/avatar\\\/37d968a2e67a6fd04c169c4bdef102d0bc5d31b2546345219e348575eb80e9a0?s=96&d=mm&r=g\",\"url\":\"https:\\\/\\\/secure.gravatar.com\\\/avatar\\\/37d968a2e67a6fd04c169c4bdef102d0bc5d31b2546345219e348575eb80e9a0?s=96&d=mm&r=g\",\"contentUrl\":\"https:\\\/\\\/secure.gravatar.com\\\/avatar\\\/37d968a2e67a6fd04c169c4bdef102d0bc5d31b2546345219e348575eb80e9a0?s=96&d=mm&r=g\",\"caption\":\"redazione\"},\"sameAs\":[\"http:\\\/\\\/www.bellunopress.it\",\"https:\\\/\\\/x.com\\\/bellunopress\"],\"url\":\"https:\\\/\\\/www.bellunopress.it\\\/fr\\\/author\\\/redazione\\\/\"}]}<\/script>\n<!-- \/ Yoast SEO plugin. -->","yoast_head_json":{"title":"La diga e il nulla: il disastro del Vajont come evento della tecnica occidentale\u00a0 * di Francesco Boco - Bellunopress - Dolomiti","robots":{"index":"index","follow":"follow","max-snippet":"max-snippet:-1","max-image-preview":"max-image-preview:large","max-video-preview":"max-video-preview:-1"},"canonical":"https:\/\/www.bellunopress.it\/fr\/2025\/10\/08\/la-diga-e-il-nulla-il-disastro-del-vajont-come-evento-della-tecnica-occidentale-di-francesco-boco\/","og_locale":"fr_FR","og_type":"article","og_title":"La diga e il nulla: il disastro del Vajont come evento della tecnica occidentale\u00a0 * di Francesco Boco - Bellunopress - Dolomiti","og_description":"Il Vajont non fu soltanto una tragedia naturale: fu un evento della modernit\u00e0, la rivelazione di una verit\u00e0 rimossa. L\u00ec dove l\u2019uomo aveva costruito un monumento al dominio \u2014 la diga come sigillo della ragione sul caos \u2014 la natura rispose con la potenza elementare della sua attualit\u00e0. Ottobre 1963: la montagna crolla, l\u2019acqua straripa, [&hellip;]","og_url":"https:\/\/www.bellunopress.it\/fr\/2025\/10\/08\/la-diga-e-il-nulla-il-disastro-del-vajont-come-evento-della-tecnica-occidentale-di-francesco-boco\/","og_site_name":"Bellunopress - Dolomiti","article_publisher":"https:\/\/www.facebook.com\/profile.php?id=100008943462799","article_published_time":"2025-10-08T10:00:06+00:00","article_modified_time":"2025-10-08T11:32:58+00:00","og_image":[{"width":800,"height":533,"url":"https:\/\/www.bellunopress.it\/wp-content\/uploads\/2020\/10\/diga-vajont-007_edited.jpg","type":"image\/jpeg"}],"author":"redazione","twitter_card":"summary_large_image","twitter_creator":"@bellunopress","twitter_site":"@bellunopress","twitter_misc":{"\u00c9crit par":"redazione","Dur\u00e9e de lecture estim\u00e9e":"3 minutes"},"schema":{"@context":"https:\/\/schema.org","@graph":[{"@type":"Article","@id":"https:\/\/www.bellunopress.it\/2025\/10\/08\/la-diga-e-il-nulla-il-disastro-del-vajont-come-evento-della-tecnica-occidentale-di-francesco-boco\/#article","isPartOf":{"@id":"https:\/\/www.bellunopress.it\/2025\/10\/08\/la-diga-e-il-nulla-il-disastro-del-vajont-come-evento-della-tecnica-occidentale-di-francesco-boco\/"},"author":{"name":"redazione","@id":"https:\/\/www.bellunopress.it\/#\/schema\/person\/79bb06722b37ece1c03d3e94beb30d73"},"headline":"La diga e il nulla: il disastro del Vajont come evento della tecnica occidentale\u00a0 * di Francesco Boco","datePublished":"2025-10-08T10:00:06+00:00","dateModified":"2025-10-08T11:32:58+00:00","mainEntityOfPage":{"@id":"https:\/\/www.bellunopress.it\/2025\/10\/08\/la-diga-e-il-nulla-il-disastro-del-vajont-come-evento-della-tecnica-occidentale-di-francesco-boco\/"},"wordCount":654,"publisher":{"@id":"https:\/\/www.bellunopress.it\/#organization"},"image":{"@id":"https:\/\/www.bellunopress.it\/2025\/10\/08\/la-diga-e-il-nulla-il-disastro-del-vajont-come-evento-della-tecnica-occidentale-di-francesco-boco\/#primaryimage"},"thumbnailUrl":"https:\/\/www.bellunopress.it\/wp-content\/uploads\/2020\/10\/diga-vajont-007_edited.jpg","articleSection":["Lettere Opinioni"],"inLanguage":"fr-FR"},{"@type":"WebPage","@id":"https:\/\/www.bellunopress.it\/2025\/10\/08\/la-diga-e-il-nulla-il-disastro-del-vajont-come-evento-della-tecnica-occidentale-di-francesco-boco\/","url":"https:\/\/www.bellunopress.it\/2025\/10\/08\/la-diga-e-il-nulla-il-disastro-del-vajont-come-evento-della-tecnica-occidentale-di-francesco-boco\/","name":"La diga e il nulla: il disastro del Vajont come evento della tecnica occidentale\u00a0 * di Francesco Boco - Bellunopress - Dolomiti","isPartOf":{"@id":"https:\/\/www.bellunopress.it\/#website"},"primaryImageOfPage":{"@id":"https:\/\/www.bellunopress.it\/2025\/10\/08\/la-diga-e-il-nulla-il-disastro-del-vajont-come-evento-della-tecnica-occidentale-di-francesco-boco\/#primaryimage"},"image":{"@id":"https:\/\/www.bellunopress.it\/2025\/10\/08\/la-diga-e-il-nulla-il-disastro-del-vajont-come-evento-della-tecnica-occidentale-di-francesco-boco\/#primaryimage"},"thumbnailUrl":"https:\/\/www.bellunopress.it\/wp-content\/uploads\/2020\/10\/diga-vajont-007_edited.jpg","datePublished":"2025-10-08T10:00:06+00:00","dateModified":"2025-10-08T11:32:58+00:00","breadcrumb":{"@id":"https:\/\/www.bellunopress.it\/2025\/10\/08\/la-diga-e-il-nulla-il-disastro-del-vajont-come-evento-della-tecnica-occidentale-di-francesco-boco\/#breadcrumb"},"inLanguage":"fr-FR","potentialAction":[{"@type":"ReadAction","target":["https:\/\/www.bellunopress.it\/2025\/10\/08\/la-diga-e-il-nulla-il-disastro-del-vajont-come-evento-della-tecnica-occidentale-di-francesco-boco\/"]}]},{"@type":"ImageObject","inLanguage":"fr-FR","@id":"https:\/\/www.bellunopress.it\/2025\/10\/08\/la-diga-e-il-nulla-il-disastro-del-vajont-come-evento-della-tecnica-occidentale-di-francesco-boco\/#primaryimage","url":"https:\/\/www.bellunopress.it\/wp-content\/uploads\/2020\/10\/diga-vajont-007_edited.jpg","contentUrl":"https:\/\/www.bellunopress.it\/wp-content\/uploads\/2020\/10\/diga-vajont-007_edited.jpg","width":800,"height":533,"caption":"Diga del Vajont - Longarone"},{"@type":"BreadcrumbList","@id":"https:\/\/www.bellunopress.it\/2025\/10\/08\/la-diga-e-il-nulla-il-disastro-del-vajont-come-evento-della-tecnica-occidentale-di-francesco-boco\/#breadcrumb","itemListElement":[{"@type":"ListItem","position":1,"name":"Home","item":"https:\/\/www.bellunopress.it\/"},{"@type":"ListItem","position":2,"name":"La diga e il nulla: il disastro del Vajont come evento della tecnica occidentale\u00a0 * di Francesco Boco"}]},{"@type":"WebSite","@id":"https:\/\/www.bellunopress.it\/#website","url":"https:\/\/www.bellunopress.it\/","name":"Bellunopress - Dolomiti","description":"e-mail: redazione@bellunopress.it","publisher":{"@id":"https:\/\/www.bellunopress.it\/#organization"},"potentialAction":[{"@type":"SearchAction","target":{"@type":"EntryPoint","urlTemplate":"https:\/\/www.bellunopress.it\/?s={search_term_string}"},"query-input":{"@type":"PropertyValueSpecification","valueRequired":true,"valueName":"search_term_string"}}],"inLanguage":"fr-FR"},{"@type":"Organization","@id":"https:\/\/www.bellunopress.it\/#organization","name":"Bellunopress","url":"https:\/\/www.bellunopress.it\/","logo":{"@type":"ImageObject","inLanguage":"fr-FR","@id":"https:\/\/www.bellunopress.it\/#\/schema\/logo\/image\/","url":"https:\/\/www.bellunopress.it\/wp-content\/uploads\/2011\/05\/cropped-logo-bellunopress-.jpg","contentUrl":"https:\/\/www.bellunopress.it\/wp-content\/uploads\/2011\/05\/cropped-logo-bellunopress-.jpg","width":512,"height":512,"caption":"Bellunopress"},"image":{"@id":"https:\/\/www.bellunopress.it\/#\/schema\/logo\/image\/"},"sameAs":["https:\/\/www.facebook.com\/profile.php?id=100008943462799","https:\/\/x.com\/bellunopress","https:\/\/www.linkedin.com\/hp\/?dnr=JBzUWaJfMUw8vbXJJ2tVW5-I3jZKvC4wsoxE&amp;amp;amp;amp;amp;amp;trk=nav_responsive_tab_home","https:\/\/www.youtube.com\/channel\/UCxL0wu1uN0_3_7hGG0306cw"]},{"@type":"Person","@id":"https:\/\/www.bellunopress.it\/#\/schema\/person\/79bb06722b37ece1c03d3e94beb30d73","name":"r\u00e9daction","image":{"@type":"ImageObject","inLanguage":"fr-FR","@id":"https:\/\/secure.gravatar.com\/avatar\/37d968a2e67a6fd04c169c4bdef102d0bc5d31b2546345219e348575eb80e9a0?s=96&d=mm&r=g","url":"https:\/\/secure.gravatar.com\/avatar\/37d968a2e67a6fd04c169c4bdef102d0bc5d31b2546345219e348575eb80e9a0?s=96&d=mm&r=g","contentUrl":"https:\/\/secure.gravatar.com\/avatar\/37d968a2e67a6fd04c169c4bdef102d0bc5d31b2546345219e348575eb80e9a0?s=96&d=mm&r=g","caption":"redazione"},"sameAs":["http:\/\/www.bellunopress.it","https:\/\/x.com\/bellunopress"],"url":"https:\/\/www.bellunopress.it\/fr\/author\/redazione\/"}]}},"_links":{"self":[{"href":"https:\/\/www.bellunopress.it\/fr\/wp-json\/wp\/v2\/posts\/163942","targetHints":{"allow":["GET"]}}],"collection":[{"href":"https:\/\/www.bellunopress.it\/fr\/wp-json\/wp\/v2\/posts"}],"about":[{"href":"https:\/\/www.bellunopress.it\/fr\/wp-json\/wp\/v2\/types\/post"}],"author":[{"embeddable":true,"href":"https:\/\/www.bellunopress.it\/fr\/wp-json\/wp\/v2\/users\/2"}],"replies":[{"embeddable":true,"href":"https:\/\/www.bellunopress.it\/fr\/wp-json\/wp\/v2\/comments?post=163942"}],"version-history":[{"count":1,"href":"https:\/\/www.bellunopress.it\/fr\/wp-json\/wp\/v2\/posts\/163942\/revisions"}],"predecessor-version":[{"id":163943,"href":"https:\/\/www.bellunopress.it\/fr\/wp-json\/wp\/v2\/posts\/163942\/revisions\/163943"}],"wp:featuredmedia":[{"embeddable":true,"href":"https:\/\/www.bellunopress.it\/fr\/wp-json\/wp\/v2\/media\/118272"}],"wp:attachment":[{"href":"https:\/\/www.bellunopress.it\/fr\/wp-json\/wp\/v2\/media?parent=163942"}],"wp:term":[{"taxonomy":"category","embeddable":true,"href":"https:\/\/www.bellunopress.it\/fr\/wp-json\/wp\/v2\/categories?post=163942"},{"taxonomy":"post_tag","embeddable":true,"href":"https:\/\/www.bellunopress.it\/fr\/wp-json\/wp\/v2\/tags?post=163942"}],"curies":[{"name":"wp","href":"https:\/\/api.w.org\/{rel}","templated":true}]}}