{"id":163938,"date":"2025-10-08T09:34:57","date_gmt":"2025-10-08T07:34:57","guid":{"rendered":"https:\/\/www.bellunopress.it\/?p=163938"},"modified":"2025-10-08T09:34:57","modified_gmt":"2025-10-08T07:34:57","slug":"doposcuola-alla-primaria-di-borgo-piave-lassessore-olivotto-scrive-al-comitato-genitori","status":"publish","type":"post","link":"https:\/\/www.bellunopress.it\/fr\/2025\/10\/08\/doposcuola-alla-primaria-di-borgo-piave-lassessore-olivotto-scrive-al-comitato-genitori\/","title":{"rendered":"Doposcuola alla primaria di Borgo Piave. L&#8217;assessore Olivotto scrive al Comitato genitori"},"content":{"rendered":"<figure id=\"attachment_137144\" aria-describedby=\"caption-attachment-137144\" style=\"width: 802px\" class=\"wp-caption aligncenter\"><img loading=\"lazy\" decoding=\"async\" class=\"size-full wp-image-137144\" src=\"https:\/\/www.bellunopress.it\/wp-content\/uploads\/2022\/10\/Roberta-Olivotto_edited.jpg\" alt=\"\" width=\"802\" height=\"1000\" srcset=\"https:\/\/www.bellunopress.it\/wp-content\/uploads\/2022\/10\/Roberta-Olivotto_edited.jpg 802w, https:\/\/www.bellunopress.it\/wp-content\/uploads\/2022\/10\/Roberta-Olivotto_edited-401x500.jpg 401w, https:\/\/www.bellunopress.it\/wp-content\/uploads\/2022\/10\/Roberta-Olivotto_edited-696x868.jpg 696w, https:\/\/www.bellunopress.it\/wp-content\/uploads\/2022\/10\/Roberta-Olivotto_edited-337x420.jpg 337w\" sizes=\"auto, (max-width: 802px) 100vw, 802px\" \/><figcaption id=\"caption-attachment-137144\" class=\"wp-caption-text\">Roberta Olivotto, assessore alla Scuola e alle Politiche giovanili del Comune di Belluno<\/figcaption><\/figure>\n<p>\u201cIl confronto per trovare insieme una soluzione percorribile per la scuola primaria di Borgo Piave e per quelle classi che chiedono il dopo scuola \u00e8 durato mesi, e il dialogo non si \u00e8 mai interrotto. Dispiace, quindi, la lettura che oggi ne viene data, perch\u00e9 il lavoro portato avanti \u00e8 sempre stato ispirato da spirito di collaborazione e volont\u00e0 di ascolto da entrambe le parti\u201d. Cos\u00ec il sindaco di Belluno, Oscar De Pellegrin, interviene in merito alla questione del doposcuola di Borgo Piave.<br \/>\n\u201cIl nostro atteggiamento \u00e8 sempre stato, e continua a essere, di piena disponibilit\u00e0 \u2013 aggiunge il Sindaco \u2013. Tutto ci\u00f2 che \u00e8 possibile fare lo faremo: ogni strada \u00e8 stata analizzata e valutata con attenzione. L\u2019assessore alle politiche scolastiche, Roberta Olivotto, lo ha spiegato con chiarezza nella lettera inviata ieri ai genitori del Comitato\u201d.<\/p>\n<p>Di seguito si trasmette la lettera integrale inviata dall\u2019assessore alle politiche scolastiche Roberta Olivotto al Comitato dei genitori della scuola primaria di Borgo Piave.<\/p>\n<p>Gentili Genitori,<br \/>\ncome sapete, l\u2019Amministrazione Comunale si \u00e8 attivata concretamente per favorire la permanenza della scuola a Borgo Piave, da anni penalizzata nelle iscrizioni. Lo ha fatto a partire dall\u2019ampliamento del servizio di ristorazione scolastica, assumendone i relativi costi e consentendo, con l\u2019avvio del tempo pieno, un passo importante verso la stabilit\u00e0 del plesso.<br \/>\nSulla questione del doposcuola del Comitato dei Genitori, l\u2019Amministrazione ha dato, a pi\u00f9 riprese, ampia disponibilit\u00e0 a collaborare per cercare di favorire una soluzione. Tale disponibilit\u00e0, che viene qui confermata, trova comunque un doveroso limite nella normativa e nei principi di buon andamento e imparzialit\u00e0 che regolano l\u2019azione delle Pubbliche Amministrazioni.<br \/>\nLa richiesta da voi avanzata di un trasporto personalizzato verso un soggetto privato a carico della collettivit\u00e0 per il gruppo di cinque bambini le cui famiglie hanno scelto di indirizzarsi verso Castion, esula dal perimetro del trasporto scolastico e rappresenta nei fatti un intervento che va ben oltre le possibilit\u00e0 dell\u2019Ente Locale nell\u2019attuale quadro normativo.<br \/>\nVa ricordato che abbiamo comunque dato la disponibilit\u00e0 a trasportare i bambini fino alla secondaria di primo grado di Castion, utilizzando una linea esistente, ipotizzando che gli operatori della struttura potessero venire ad accoglierli ed accompagnarli con un Pedibus, una soluzione molto apprezzata anche in altre realt\u00e0 del Comune. Di fronte al fatto che la struttura non si \u00e8 resa disponibile e all\u2019impossibilit\u00e0 da parte vostra di reperire dei volontari, di solito coinvolti dai Comitati dei genitori, ho provato io stessa a cercarne alcuni. Qualora dovesse cambiare il quadro ed emergesse, anche con i vostri suggerimenti, la disponibilit\u00e0 di volontari, per questo o per il prossimo anno scolastico, potremmo riprendere in considerazione questa possibilit\u00e0 e vi invito sin da ora a fare insieme qualche ulteriore riflessione in questo senso.<br \/>\nVi abbiamo comunicato che avremmo considerato il trasporto anche fino alla Scuola Primaria, pi\u00f9 vicina all\u2019asilo da voi indicato, dopo aver valutato se tale trasporto potesse integrarsi con il servizio complessivo. E\u2019 stato verificato che non si trattava di introdurre una \u201csemplice fermata intermedia a Castion\u201d, come da voi ritenuto, bens\u00ec di aggiungere una tratta supplementare, con conseguenti chilometri aggiuntivi, spostamenti negli orari di percorso e ritardi nelle fermate presso altre scuole.<br \/>\nPer quanto riguarda l\u2019impossibilit\u00e0 di organizzare il doposcuola a Borgo Piave, mi risulta nuovo che questa dipenderebbe dal fatto che il Comune \u201cnon ha consentito la presenza di due mense, una pubblica e una privata\u201d, in contemporanea nello stesso plesso. Una richiesta in tal senso non ci \u00e8 mai pervenuta e si precisa che non rientra comunque nelle competenze del Comune autorizzare (o negare) l\u2019uso di altri locali scolastici per un servizio di mensa privato in presenza della mensa comunale. Va da s\u00e9 che il soggetto eventualmente incaricato dovrebbe verificarne la fattibilit\u00e0 senza creare interferenze con il servizio comunale. La difficolt\u00e0 nel mettere il doposcuola a Borgo Piave, come riferitami dal gruppo di genitori che ho incontrato insieme agli uffici comunali, riguardava invece la mancata disponibilit\u00e0 dei gestori dei doposcuola a prendere in carico i bambini frequentanti il plesso, sia per il numero molto ridotto di iscritti \u2013 nell&#8217;ipotesi di un doposcuola interno \u2013 sia per l\u2019indisponibilit\u00e0 ad andarli a prelevare direttamente a scuola \u2013 nel caso di doposcuola presso una struttura privata.<br \/>\nL\u2019Amministrazione resta ancora disponibile a proseguire il confronto con le famiglie nel caso vi siano proposte conformi alla normativa e sostenibili, anche in vista della programmazione del prossimo anno scolastico, quando vi saranno presumibilmente due classi a tempo pieno e una sola classe a tempo normale, nella consapevolezza che la tenuta della scuola di Borgo Piave costituisce un obiettivo condiviso.<br \/>\nCon i migliori saluti.<br \/>\nRoberta Olivotto<\/p>\n<p>\u201cNon si pu\u00f2 certo dire che sia mancata l\u2019attenzione verso le scuole da parte di questa Amministrazione \u2013 conclude il Sindaco \u2013. Ricordo, tra gli interventi pi\u00f9 significativi, l\u2019attivazione del trasporto scolastico per Piandelmonte, gli oltre 130mila euro investiti per le attrezzature delle mense, l\u2019avvio del tempo pieno a Borgo Piave, la riqualificazione delle mense di Quartier Cadore e delle Nievo, oltre alla concessione dei locali scolastici per i doposcuola, con le utenze completamente a carico del Comune\u201d.<\/p>\n<p>&nbsp;<\/p>","protected":false},"excerpt":{"rendered":"<p>\u201cIl confronto per trovare insieme una soluzione percorribile per la scuola primaria di Borgo Piave e per quelle classi che chiedono il dopo scuola \u00e8 durato mesi, e il dialogo non si \u00e8 mai interrotto. Dispiace, quindi, la lettura che oggi ne viene data, perch\u00e9 il lavoro portato avanti \u00e8 sempre stato ispirato da spirito [&hellip;]<\/p>\n","protected":false},"author":2,"featured_media":137144,"comment_status":"closed","ping_status":"open","sticky":false,"template":"","format":"standard","meta":{"footnotes":""},"categories":[26,15],"tags":[],"class_list":["post-163938","post","type-post","status-publish","format-standard","has-post-thumbnail","category-prima-pagina","category-scuola"],"yoast_head":"<!-- This site is optimized with the Yoast SEO plugin v28.4 - https:\/\/yoast.com\/product\/yoast-seo-wordpress\/ -->\n<title>Doposcuola alla primaria di Borgo Piave. L&#039;assessore Olivotto scrive al Comitato genitori - Bellunopress - Dolomiti<\/title>\n<meta name=\"robots\" content=\"index, follow, max-snippet:-1, max-image-preview:large, max-video-preview:-1\" \/>\n<link rel=\"canonical\" href=\"https:\/\/www.bellunopress.it\/fr\/2025\/10\/08\/doposcuola-alla-primaria-di-borgo-piave-lassessore-olivotto-scrive-al-comitato-genitori\/\" \/>\n<meta property=\"og:locale\" content=\"fr_FR\" \/>\n<meta property=\"og:type\" content=\"article\" \/>\n<meta property=\"og:title\" content=\"Doposcuola alla primaria di Borgo Piave. L&#039;assessore Olivotto scrive al Comitato genitori - Bellunopress - Dolomiti\" \/>\n<meta property=\"og:description\" content=\"\u201cIl confronto per trovare insieme una soluzione percorribile per la scuola primaria di Borgo Piave e per quelle classi che chiedono il dopo scuola \u00e8 durato mesi, e il dialogo non si \u00e8 mai interrotto. Dispiace, quindi, la lettura che oggi ne viene data, perch\u00e9 il lavoro portato avanti \u00e8 sempre stato ispirato da spirito [&hellip;]\" \/>\n<meta property=\"og:url\" content=\"https:\/\/www.bellunopress.it\/fr\/2025\/10\/08\/doposcuola-alla-primaria-di-borgo-piave-lassessore-olivotto-scrive-al-comitato-genitori\/\" \/>\n<meta property=\"og:site_name\" content=\"Bellunopress - Dolomiti\" \/>\n<meta property=\"article:publisher\" content=\"https:\/\/www.facebook.com\/profile.php?id=100008943462799\" \/>\n<meta property=\"article:published_time\" content=\"2025-10-08T07:34:57+00:00\" \/>\n<meta property=\"og:image\" content=\"https:\/\/www.bellunopress.it\/wp-content\/uploads\/2022\/10\/Roberta-Olivotto_edited.jpg\" \/>\n\t<meta property=\"og:image:width\" content=\"802\" \/>\n\t<meta property=\"og:image:height\" content=\"1000\" \/>\n\t<meta property=\"og:image:type\" content=\"image\/jpeg\" \/>\n<meta name=\"author\" content=\"redazione\" \/>\n<meta name=\"twitter:card\" content=\"summary_large_image\" \/>\n<meta name=\"twitter:creator\" content=\"@bellunopress\" \/>\n<meta name=\"twitter:site\" content=\"@bellunopress\" \/>\n<meta name=\"twitter:label1\" content=\"\u00c9crit par\" \/>\n\t<meta name=\"twitter:data1\" content=\"redazione\" \/>\n\t<meta name=\"twitter:label2\" content=\"Dur\u00e9e de lecture estim\u00e9e\" \/>\n\t<meta name=\"twitter:data2\" content=\"4 minutes\" \/>\n<script type=\"application\/ld+json\" class=\"yoast-schema-graph\">{\"@context\":\"https:\\\/\\\/schema.org\",\"@graph\":[{\"@type\":\"Article\",\"@id\":\"https:\\\/\\\/www.bellunopress.it\\\/2025\\\/10\\\/08\\\/doposcuola-alla-primaria-di-borgo-piave-lassessore-olivotto-scrive-al-comitato-genitori\\\/#article\",\"isPartOf\":{\"@id\":\"https:\\\/\\\/www.bellunopress.it\\\/2025\\\/10\\\/08\\\/doposcuola-alla-primaria-di-borgo-piave-lassessore-olivotto-scrive-al-comitato-genitori\\\/\"},\"author\":{\"name\":\"redazione\",\"@id\":\"https:\\\/\\\/www.bellunopress.it\\\/#\\\/schema\\\/person\\\/79bb06722b37ece1c03d3e94beb30d73\"},\"headline\":\"Doposcuola alla primaria di Borgo Piave. L&#8217;assessore Olivotto scrive al Comitato genitori\",\"datePublished\":\"2025-10-08T07:34:57+00:00\",\"mainEntityOfPage\":{\"@id\":\"https:\\\/\\\/www.bellunopress.it\\\/2025\\\/10\\\/08\\\/doposcuola-alla-primaria-di-borgo-piave-lassessore-olivotto-scrive-al-comitato-genitori\\\/\"},\"wordCount\":876,\"publisher\":{\"@id\":\"https:\\\/\\\/www.bellunopress.it\\\/#organization\"},\"image\":{\"@id\":\"https:\\\/\\\/www.bellunopress.it\\\/2025\\\/10\\\/08\\\/doposcuola-alla-primaria-di-borgo-piave-lassessore-olivotto-scrive-al-comitato-genitori\\\/#primaryimage\"},\"thumbnailUrl\":\"https:\\\/\\\/www.bellunopress.it\\\/wp-content\\\/uploads\\\/2022\\\/10\\\/Roberta-Olivotto_edited.jpg\",\"articleSection\":[\"Prima Pagina\",\"Scuola\"],\"inLanguage\":\"fr-FR\"},{\"@type\":\"WebPage\",\"@id\":\"https:\\\/\\\/www.bellunopress.it\\\/2025\\\/10\\\/08\\\/doposcuola-alla-primaria-di-borgo-piave-lassessore-olivotto-scrive-al-comitato-genitori\\\/\",\"url\":\"https:\\\/\\\/www.bellunopress.it\\\/2025\\\/10\\\/08\\\/doposcuola-alla-primaria-di-borgo-piave-lassessore-olivotto-scrive-al-comitato-genitori\\\/\",\"name\":\"Doposcuola alla primaria di Borgo Piave. L'assessore Olivotto scrive al Comitato genitori - Bellunopress - Dolomiti\",\"isPartOf\":{\"@id\":\"https:\\\/\\\/www.bellunopress.it\\\/#website\"},\"primaryImageOfPage\":{\"@id\":\"https:\\\/\\\/www.bellunopress.it\\\/2025\\\/10\\\/08\\\/doposcuola-alla-primaria-di-borgo-piave-lassessore-olivotto-scrive-al-comitato-genitori\\\/#primaryimage\"},\"image\":{\"@id\":\"https:\\\/\\\/www.bellunopress.it\\\/2025\\\/10\\\/08\\\/doposcuola-alla-primaria-di-borgo-piave-lassessore-olivotto-scrive-al-comitato-genitori\\\/#primaryimage\"},\"thumbnailUrl\":\"https:\\\/\\\/www.bellunopress.it\\\/wp-content\\\/uploads\\\/2022\\\/10\\\/Roberta-Olivotto_edited.jpg\",\"datePublished\":\"2025-10-08T07:34:57+00:00\",\"breadcrumb\":{\"@id\":\"https:\\\/\\\/www.bellunopress.it\\\/2025\\\/10\\\/08\\\/doposcuola-alla-primaria-di-borgo-piave-lassessore-olivotto-scrive-al-comitato-genitori\\\/#breadcrumb\"},\"inLanguage\":\"fr-FR\",\"potentialAction\":[{\"@type\":\"ReadAction\",\"target\":[\"https:\\\/\\\/www.bellunopress.it\\\/2025\\\/10\\\/08\\\/doposcuola-alla-primaria-di-borgo-piave-lassessore-olivotto-scrive-al-comitato-genitori\\\/\"]}]},{\"@type\":\"ImageObject\",\"inLanguage\":\"fr-FR\",\"@id\":\"https:\\\/\\\/www.bellunopress.it\\\/2025\\\/10\\\/08\\\/doposcuola-alla-primaria-di-borgo-piave-lassessore-olivotto-scrive-al-comitato-genitori\\\/#primaryimage\",\"url\":\"https:\\\/\\\/www.bellunopress.it\\\/wp-content\\\/uploads\\\/2022\\\/10\\\/Roberta-Olivotto_edited.jpg\",\"contentUrl\":\"https:\\\/\\\/www.bellunopress.it\\\/wp-content\\\/uploads\\\/2022\\\/10\\\/Roberta-Olivotto_edited.jpg\",\"width\":802,\"height\":1000,\"caption\":\"Roberta Olivotto, assessore alla Scuola e alle Politiche giovanili del Comune di Belluno\"},{\"@type\":\"BreadcrumbList\",\"@id\":\"https:\\\/\\\/www.bellunopress.it\\\/2025\\\/10\\\/08\\\/doposcuola-alla-primaria-di-borgo-piave-lassessore-olivotto-scrive-al-comitato-genitori\\\/#breadcrumb\",\"itemListElement\":[{\"@type\":\"ListItem\",\"position\":1,\"name\":\"Home\",\"item\":\"https:\\\/\\\/www.bellunopress.it\\\/\"},{\"@type\":\"ListItem\",\"position\":2,\"name\":\"Doposcuola alla primaria di Borgo Piave. L&#8217;assessore Olivotto scrive al Comitato genitori\"}]},{\"@type\":\"WebSite\",\"@id\":\"https:\\\/\\\/www.bellunopress.it\\\/#website\",\"url\":\"https:\\\/\\\/www.bellunopress.it\\\/\",\"name\":\"Bellunopress - Dolomiti\",\"description\":\"e-mail: redazione@bellunopress.it\",\"publisher\":{\"@id\":\"https:\\\/\\\/www.bellunopress.it\\\/#organization\"},\"potentialAction\":[{\"@type\":\"SearchAction\",\"target\":{\"@type\":\"EntryPoint\",\"urlTemplate\":\"https:\\\/\\\/www.bellunopress.it\\\/?s={search_term_string}\"},\"query-input\":{\"@type\":\"PropertyValueSpecification\",\"valueRequired\":true,\"valueName\":\"search_term_string\"}}],\"inLanguage\":\"fr-FR\"},{\"@type\":\"Organization\",\"@id\":\"https:\\\/\\\/www.bellunopress.it\\\/#organization\",\"name\":\"Bellunopress\",\"url\":\"https:\\\/\\\/www.bellunopress.it\\\/\",\"logo\":{\"@type\":\"ImageObject\",\"inLanguage\":\"fr-FR\",\"@id\":\"https:\\\/\\\/www.bellunopress.it\\\/#\\\/schema\\\/logo\\\/image\\\/\",\"url\":\"https:\\\/\\\/www.bellunopress.it\\\/wp-content\\\/uploads\\\/2011\\\/05\\\/cropped-logo-bellunopress-.jpg\",\"contentUrl\":\"https:\\\/\\\/www.bellunopress.it\\\/wp-content\\\/uploads\\\/2011\\\/05\\\/cropped-logo-bellunopress-.jpg\",\"width\":512,\"height\":512,\"caption\":\"Bellunopress\"},\"image\":{\"@id\":\"https:\\\/\\\/www.bellunopress.it\\\/#\\\/schema\\\/logo\\\/image\\\/\"},\"sameAs\":[\"https:\\\/\\\/www.facebook.com\\\/profile.php?id=100008943462799\",\"https:\\\/\\\/x.com\\\/bellunopress\",\"https:\\\/\\\/www.linkedin.com\\\/hp\\\/?dnr=JBzUWaJfMUw8vbXJJ2tVW5-I3jZKvC4wsoxE&amp;amp;amp;amp;amp;amp;trk=nav_responsive_tab_home\",\"https:\\\/\\\/www.youtube.com\\\/channel\\\/UCxL0wu1uN0_3_7hGG0306cw\"]},{\"@type\":\"Person\",\"@id\":\"https:\\\/\\\/www.bellunopress.it\\\/#\\\/schema\\\/person\\\/79bb06722b37ece1c03d3e94beb30d73\",\"name\":\"redazione\",\"image\":{\"@type\":\"ImageObject\",\"inLanguage\":\"fr-FR\",\"@id\":\"https:\\\/\\\/secure.gravatar.com\\\/avatar\\\/37d968a2e67a6fd04c169c4bdef102d0bc5d31b2546345219e348575eb80e9a0?s=96&d=mm&r=g\",\"url\":\"https:\\\/\\\/secure.gravatar.com\\\/avatar\\\/37d968a2e67a6fd04c169c4bdef102d0bc5d31b2546345219e348575eb80e9a0?s=96&d=mm&r=g\",\"contentUrl\":\"https:\\\/\\\/secure.gravatar.com\\\/avatar\\\/37d968a2e67a6fd04c169c4bdef102d0bc5d31b2546345219e348575eb80e9a0?s=96&d=mm&r=g\",\"caption\":\"redazione\"},\"sameAs\":[\"http:\\\/\\\/www.bellunopress.it\",\"https:\\\/\\\/x.com\\\/bellunopress\"],\"url\":\"https:\\\/\\\/www.bellunopress.it\\\/fr\\\/author\\\/redazione\\\/\"}]}<\/script>\n<!-- \/ Yoast SEO plugin. -->","yoast_head_json":{"title":"Doposcuola alla primaria di Borgo Piave. L'assessore Olivotto scrive al Comitato genitori - Bellunopress - Dolomiti","robots":{"index":"index","follow":"follow","max-snippet":"max-snippet:-1","max-image-preview":"max-image-preview:large","max-video-preview":"max-video-preview:-1"},"canonical":"https:\/\/www.bellunopress.it\/fr\/2025\/10\/08\/doposcuola-alla-primaria-di-borgo-piave-lassessore-olivotto-scrive-al-comitato-genitori\/","og_locale":"fr_FR","og_type":"article","og_title":"Doposcuola alla primaria di Borgo Piave. L'assessore Olivotto scrive al Comitato genitori - Bellunopress - Dolomiti","og_description":"\u201cIl confronto per trovare insieme una soluzione percorribile per la scuola primaria di Borgo Piave e per quelle classi che chiedono il dopo scuola \u00e8 durato mesi, e il dialogo non si \u00e8 mai interrotto. Dispiace, quindi, la lettura che oggi ne viene data, perch\u00e9 il lavoro portato avanti \u00e8 sempre stato ispirato da spirito [&hellip;]","og_url":"https:\/\/www.bellunopress.it\/fr\/2025\/10\/08\/doposcuola-alla-primaria-di-borgo-piave-lassessore-olivotto-scrive-al-comitato-genitori\/","og_site_name":"Bellunopress - Dolomiti","article_publisher":"https:\/\/www.facebook.com\/profile.php?id=100008943462799","article_published_time":"2025-10-08T07:34:57+00:00","og_image":[{"width":802,"height":1000,"url":"https:\/\/www.bellunopress.it\/wp-content\/uploads\/2022\/10\/Roberta-Olivotto_edited.jpg","type":"image\/jpeg"}],"author":"redazione","twitter_card":"summary_large_image","twitter_creator":"@bellunopress","twitter_site":"@bellunopress","twitter_misc":{"\u00c9crit par":"redazione","Dur\u00e9e de lecture estim\u00e9e":"4 minutes"},"schema":{"@context":"https:\/\/schema.org","@graph":[{"@type":"Article","@id":"https:\/\/www.bellunopress.it\/2025\/10\/08\/doposcuola-alla-primaria-di-borgo-piave-lassessore-olivotto-scrive-al-comitato-genitori\/#article","isPartOf":{"@id":"https:\/\/www.bellunopress.it\/2025\/10\/08\/doposcuola-alla-primaria-di-borgo-piave-lassessore-olivotto-scrive-al-comitato-genitori\/"},"author":{"name":"redazione","@id":"https:\/\/www.bellunopress.it\/#\/schema\/person\/79bb06722b37ece1c03d3e94beb30d73"},"headline":"Doposcuola alla primaria di Borgo Piave. L&#8217;assessore Olivotto scrive al Comitato genitori","datePublished":"2025-10-08T07:34:57+00:00","mainEntityOfPage":{"@id":"https:\/\/www.bellunopress.it\/2025\/10\/08\/doposcuola-alla-primaria-di-borgo-piave-lassessore-olivotto-scrive-al-comitato-genitori\/"},"wordCount":876,"publisher":{"@id":"https:\/\/www.bellunopress.it\/#organization"},"image":{"@id":"https:\/\/www.bellunopress.it\/2025\/10\/08\/doposcuola-alla-primaria-di-borgo-piave-lassessore-olivotto-scrive-al-comitato-genitori\/#primaryimage"},"thumbnailUrl":"https:\/\/www.bellunopress.it\/wp-content\/uploads\/2022\/10\/Roberta-Olivotto_edited.jpg","articleSection":["Prima Pagina","Scuola"],"inLanguage":"fr-FR"},{"@type":"WebPage","@id":"https:\/\/www.bellunopress.it\/2025\/10\/08\/doposcuola-alla-primaria-di-borgo-piave-lassessore-olivotto-scrive-al-comitato-genitori\/","url":"https:\/\/www.bellunopress.it\/2025\/10\/08\/doposcuola-alla-primaria-di-borgo-piave-lassessore-olivotto-scrive-al-comitato-genitori\/","name":"Doposcuola alla primaria di Borgo Piave. L'assessore Olivotto scrive al Comitato genitori - Bellunopress - Dolomiti","isPartOf":{"@id":"https:\/\/www.bellunopress.it\/#website"},"primaryImageOfPage":{"@id":"https:\/\/www.bellunopress.it\/2025\/10\/08\/doposcuola-alla-primaria-di-borgo-piave-lassessore-olivotto-scrive-al-comitato-genitori\/#primaryimage"},"image":{"@id":"https:\/\/www.bellunopress.it\/2025\/10\/08\/doposcuola-alla-primaria-di-borgo-piave-lassessore-olivotto-scrive-al-comitato-genitori\/#primaryimage"},"thumbnailUrl":"https:\/\/www.bellunopress.it\/wp-content\/uploads\/2022\/10\/Roberta-Olivotto_edited.jpg","datePublished":"2025-10-08T07:34:57+00:00","breadcrumb":{"@id":"https:\/\/www.bellunopress.it\/2025\/10\/08\/doposcuola-alla-primaria-di-borgo-piave-lassessore-olivotto-scrive-al-comitato-genitori\/#breadcrumb"},"inLanguage":"fr-FR","potentialAction":[{"@type":"ReadAction","target":["https:\/\/www.bellunopress.it\/2025\/10\/08\/doposcuola-alla-primaria-di-borgo-piave-lassessore-olivotto-scrive-al-comitato-genitori\/"]}]},{"@type":"ImageObject","inLanguage":"fr-FR","@id":"https:\/\/www.bellunopress.it\/2025\/10\/08\/doposcuola-alla-primaria-di-borgo-piave-lassessore-olivotto-scrive-al-comitato-genitori\/#primaryimage","url":"https:\/\/www.bellunopress.it\/wp-content\/uploads\/2022\/10\/Roberta-Olivotto_edited.jpg","contentUrl":"https:\/\/www.bellunopress.it\/wp-content\/uploads\/2022\/10\/Roberta-Olivotto_edited.jpg","width":802,"height":1000,"caption":"Roberta Olivotto, assessore alla Scuola e alle Politiche giovanili del Comune di Belluno"},{"@type":"BreadcrumbList","@id":"https:\/\/www.bellunopress.it\/2025\/10\/08\/doposcuola-alla-primaria-di-borgo-piave-lassessore-olivotto-scrive-al-comitato-genitori\/#breadcrumb","itemListElement":[{"@type":"ListItem","position":1,"name":"Home","item":"https:\/\/www.bellunopress.it\/"},{"@type":"ListItem","position":2,"name":"Doposcuola alla primaria di Borgo Piave. L&#8217;assessore Olivotto scrive al Comitato genitori"}]},{"@type":"WebSite","@id":"https:\/\/www.bellunopress.it\/#website","url":"https:\/\/www.bellunopress.it\/","name":"Bellunopress - Dolomiti","description":"e-mail: redazione@bellunopress.it","publisher":{"@id":"https:\/\/www.bellunopress.it\/#organization"},"potentialAction":[{"@type":"SearchAction","target":{"@type":"EntryPoint","urlTemplate":"https:\/\/www.bellunopress.it\/?s={search_term_string}"},"query-input":{"@type":"PropertyValueSpecification","valueRequired":true,"valueName":"search_term_string"}}],"inLanguage":"fr-FR"},{"@type":"Organization","@id":"https:\/\/www.bellunopress.it\/#organization","name":"Bellunopress","url":"https:\/\/www.bellunopress.it\/","logo":{"@type":"ImageObject","inLanguage":"fr-FR","@id":"https:\/\/www.bellunopress.it\/#\/schema\/logo\/image\/","url":"https:\/\/www.bellunopress.it\/wp-content\/uploads\/2011\/05\/cropped-logo-bellunopress-.jpg","contentUrl":"https:\/\/www.bellunopress.it\/wp-content\/uploads\/2011\/05\/cropped-logo-bellunopress-.jpg","width":512,"height":512,"caption":"Bellunopress"},"image":{"@id":"https:\/\/www.bellunopress.it\/#\/schema\/logo\/image\/"},"sameAs":["https:\/\/www.facebook.com\/profile.php?id=100008943462799","https:\/\/x.com\/bellunopress","https:\/\/www.linkedin.com\/hp\/?dnr=JBzUWaJfMUw8vbXJJ2tVW5-I3jZKvC4wsoxE&amp;amp;amp;amp;amp;amp;trk=nav_responsive_tab_home","https:\/\/www.youtube.com\/channel\/UCxL0wu1uN0_3_7hGG0306cw"]},{"@type":"Person","@id":"https:\/\/www.bellunopress.it\/#\/schema\/person\/79bb06722b37ece1c03d3e94beb30d73","name":"r\u00e9daction","image":{"@type":"ImageObject","inLanguage":"fr-FR","@id":"https:\/\/secure.gravatar.com\/avatar\/37d968a2e67a6fd04c169c4bdef102d0bc5d31b2546345219e348575eb80e9a0?s=96&d=mm&r=g","url":"https:\/\/secure.gravatar.com\/avatar\/37d968a2e67a6fd04c169c4bdef102d0bc5d31b2546345219e348575eb80e9a0?s=96&d=mm&r=g","contentUrl":"https:\/\/secure.gravatar.com\/avatar\/37d968a2e67a6fd04c169c4bdef102d0bc5d31b2546345219e348575eb80e9a0?s=96&d=mm&r=g","caption":"redazione"},"sameAs":["http:\/\/www.bellunopress.it","https:\/\/x.com\/bellunopress"],"url":"https:\/\/www.bellunopress.it\/fr\/author\/redazione\/"}]}},"_links":{"self":[{"href":"https:\/\/www.bellunopress.it\/fr\/wp-json\/wp\/v2\/posts\/163938","targetHints":{"allow":["GET"]}}],"collection":[{"href":"https:\/\/www.bellunopress.it\/fr\/wp-json\/wp\/v2\/posts"}],"about":[{"href":"https:\/\/www.bellunopress.it\/fr\/wp-json\/wp\/v2\/types\/post"}],"author":[{"embeddable":true,"href":"https:\/\/www.bellunopress.it\/fr\/wp-json\/wp\/v2\/users\/2"}],"replies":[{"embeddable":true,"href":"https:\/\/www.bellunopress.it\/fr\/wp-json\/wp\/v2\/comments?post=163938"}],"version-history":[{"count":1,"href":"https:\/\/www.bellunopress.it\/fr\/wp-json\/wp\/v2\/posts\/163938\/revisions"}],"predecessor-version":[{"id":163939,"href":"https:\/\/www.bellunopress.it\/fr\/wp-json\/wp\/v2\/posts\/163938\/revisions\/163939"}],"wp:featuredmedia":[{"embeddable":true,"href":"https:\/\/www.bellunopress.it\/fr\/wp-json\/wp\/v2\/media\/137144"}],"wp:attachment":[{"href":"https:\/\/www.bellunopress.it\/fr\/wp-json\/wp\/v2\/media?parent=163938"}],"wp:term":[{"taxonomy":"category","embeddable":true,"href":"https:\/\/www.bellunopress.it\/fr\/wp-json\/wp\/v2\/categories?post=163938"},{"taxonomy":"post_tag","embeddable":true,"href":"https:\/\/www.bellunopress.it\/fr\/wp-json\/wp\/v2\/tags?post=163938"}],"curies":[{"name":"wp","href":"https:\/\/api.w.org\/{rel}","templated":true}]}}