{"id":163922,"date":"2025-10-12T16:22:44","date_gmt":"2025-10-12T14:22:44","guid":{"rendered":"https:\/\/www.bellunopress.it\/?p=163922"},"modified":"2025-10-07T16:32:05","modified_gmt":"2025-10-07T14:32:05","slug":"tracce-di-foliage-i-sensi-dautunno","status":"publish","type":"post","link":"https:\/\/www.bellunopress.it\/fr\/2025\/10\/12\/tracce-di-foliage-i-sensi-dautunno\/","title":{"rendered":"Tracce di foliage. I sensi d\u2019autunno"},"content":{"rendered":"<p><strong><img loading=\"lazy\" decoding=\"async\" class=\"aligncenter size-full wp-image-163923\" src=\"https:\/\/www.bellunopress.it\/wp-content\/uploads\/2025\/10\/foliage-betulle-autunno.jpg\" alt=\"\" width=\"800\" height=\"600\" srcset=\"https:\/\/www.bellunopress.it\/wp-content\/uploads\/2025\/10\/foliage-betulle-autunno.jpg 800w, https:\/\/www.bellunopress.it\/wp-content\/uploads\/2025\/10\/foliage-betulle-autunno-500x375.jpg 500w, https:\/\/www.bellunopress.it\/wp-content\/uploads\/2025\/10\/foliage-betulle-autunno-560x420.jpg 560w, https:\/\/www.bellunopress.it\/wp-content\/uploads\/2025\/10\/foliage-betulle-autunno-80x60.jpg 80w, https:\/\/www.bellunopress.it\/wp-content\/uploads\/2025\/10\/foliage-betulle-autunno-696x522.jpg 696w\" sizes=\"auto, (max-width: 800px) 100vw, 800px\" \/>Primo appuntamento, mercoled\u00ec 15 ottobre con \u201cLa foresta racconta\u201d e Paola Favero<\/strong><\/p>\n<p>\u201cTracce di foliage\u201d si affaccia alla terza edizione e accende i riflettori sui sensi<br \/>\nd\u2019autunno: dopo il 2023 dedicato ai colori e il 2024 ai sapori, per il 2025 la tavolozza<br \/>\ndelle foglie autunnali si collega ai sensi d\u2019autunno, alle sensazioni che \u00e8 possibile<br \/>\nsperimentare in natura in questo particolare periodo dell\u2019anno.<br \/>\nNata per promuovere il territorio bellunese nel periodo in cui le foglie cambiano<br \/>\ncolore e in tante parti del mondo i turisti si muovono per fare foto, passeggiate e<br \/>\nconnettersi con la natura che si prepara all\u2019inverno, la rassegna propone incontri di<br \/>\nvario tipo, tra conferenze, laboratori, musica e passeggiate, tutte esperienze per le<br \/>\nquali il territorio bellunese \u00e8 un anfiteatro perfetto, che accoglie e permette<br \/>\nesperienze di vario genere.<\/p>\n<p>Il programma 2025 si articola su 6 appuntamenti, il numero giusto per viverli tutti.<br \/>\n<strong>Si comincia mercoled\u00ec 15 ottobre, alle 18, nella corte di Palazzo Crepadona,<\/strong><br \/>\ncon \u201cLa foresta racconta\u201d un \u201cviaggio\u201d con Paola Favero, alpinista, scrittrice, gi\u00e0<br \/>\ncomandante del Distretto Forestale di Agordo e dell\u2019Ufficio per la Biodiversit\u00e0 di<br \/>\nVittorio Veneto del Corpo Forestale.<br \/>\nCome nel suo libro \u201cLa foresta racconta. Storie di alberi, uomini e animali\u201d, Paola<br \/>\nFavero propone un viaggio attraverso alcune foreste italiane e del mondo,<br \/>\nesplorandole con i cinque sensi, attraverso la storia, la cultura popolare, la scienza<br \/>\ndegli ecosistemi e l\u2019arte.<br \/>\nLa musica evocativa di Peter Neri e Davide Mattiazzi favorisce l\u2019immersione nei<br \/>\nmondi naturali descritti con intensit\u00e0: dalle \u201cnostre\u201d foreste nella storia, tra boscaioli,<br \/>\ncarbonaie e la gestione della Serenissima in Cansiglio, alle foreste fragili, minacciate<br \/>\nda incendi e bostrico, si prosegue ammirando le antiche Criptomerie delle foreste del<br \/>\nGiappone, le foreste della Tanzania, con la biodiversit\u00e0 e la riforestazione, per<br \/>\nconcludere con la storia di Davi Kopenawa, il leader degli indios dell&#8217;Amazzonia.<br \/>\nSi prospetta una serata interessante e nutriente, che, nell\u2019intento degli organizzatori,<br \/>\nsapr\u00e0 aprire il sipario attirando l\u2019attenzione su quello che succede dentro una foresta,<br \/>\nsulla sua bellezza e sul ruolo imprescindibile che la foresta ha nella vita dell\u2019uomo.<br \/>\nL\u2019ingresso alla serata \u00e8 libero, ma su prenotazione da farsi a questo link:<br \/>\nhttps:\/\/tinyurl.com\/LaForestaRaccontaPF<br \/>\nPaola Favero da sempre cammina per montagne e foreste, raccogliendo immagini,<br \/>\nemozioni, conoscenze. Dopo aver lavorato per oltre trent\u2019anni nel Corpo Forestale<br \/>\ndello Stato, continua oggi a occuparsi di boschi e foreste attraverso conferenze, corsi,<br \/>\narticoli, libri. Ne ha scritti pi\u00f9 di venti: racconti per ragazzi, libri naturalistici e di<br \/>\nalpinismo, raccolte di antiche leggende cimbre e ladine, libri sulla montagna e i<br \/>\ncambiamenti climatici, tra cui \u201cC\u2019era una volta il bosco\u201d (Hoepli, 2019), &#8220;Perdere<br \/>\nl&#8217;equilibrio: viaggio attraverso gli squilibri dell&#8217;Antropocene&#8221; (Cierre edizioni, 2023) e<br \/>\n\u201cLa foresta racconta. Storie di alberi, uomini e animali\u201d (Hoepli, 2025). Nel 2002 ha<br \/>\nvinto il Bancarella Sport per la montagna, nel 2005 il Premio Marcolin di letteratura<br \/>\nalpina e nel 2019 le \u00e8 stato conferito il Premio Internazionale \u201cUna mimosa per<br \/>\nl&#8217;ambiente\u201d. \u00c8 vicepresidente del GISM e ha fondato Insilva, un\u2019associazione di<br \/>\nstudiosi e artisti che cercano di condividere in modo originale tematiche ed<br \/>\nemergenze ambientali.<br \/>\nIl programma della rassegna \u00e8 disponibile nella homepage del sito Internet del<br \/>\nComune di Belluno<br \/>\n(link diretto https:\/\/www.comune.belluno.it\/home\/dettaglio\/news\/tracce-di-foliage2025)<\/p>","protected":false},"excerpt":{"rendered":"<p>Primo appuntamento, mercoled\u00ec 15 ottobre con \u201cLa foresta racconta\u201d e Paola Favero \u201cTracce di foliage\u201d si affaccia alla terza edizione e accende i riflettori sui sensi d\u2019autunno: dopo il 2023 dedicato ai colori e il 2024 ai sapori, per il 2025 la tavolozza delle foglie autunnali si collega ai sensi d\u2019autunno, alle sensazioni che \u00e8 [&hellip;]<\/p>\n","protected":false},"author":2,"featured_media":163923,"comment_status":"closed","ping_status":"open","sticky":false,"template":"","format":"standard","meta":{"footnotes":""},"categories":[27,25],"tags":[],"class_list":["post-163922","post","type-post","status-publish","format-standard","has-post-thumbnail","category-appuntamenti","category-pausa-caffe"],"yoast_head":"<!-- This site is optimized with the Yoast SEO plugin v28.4 - https:\/\/yoast.com\/product\/yoast-seo-wordpress\/ -->\n<title>Tracce di foliage. I sensi d\u2019autunno - Bellunopress - Dolomiti<\/title>\n<meta name=\"robots\" content=\"index, follow, max-snippet:-1, max-image-preview:large, max-video-preview:-1\" \/>\n<link rel=\"canonical\" href=\"https:\/\/www.bellunopress.it\/fr\/2025\/10\/12\/tracce-di-foliage-i-sensi-dautunno\/\" \/>\n<meta property=\"og:locale\" content=\"fr_FR\" \/>\n<meta property=\"og:type\" content=\"article\" \/>\n<meta property=\"og:title\" content=\"Tracce di foliage. I sensi d\u2019autunno - Bellunopress - Dolomiti\" \/>\n<meta property=\"og:description\" content=\"Primo appuntamento, mercoled\u00ec 15 ottobre con \u201cLa foresta racconta\u201d e Paola Favero \u201cTracce di foliage\u201d si affaccia alla terza edizione e accende i riflettori sui sensi d\u2019autunno: dopo il 2023 dedicato ai colori e il 2024 ai sapori, per il 2025 la tavolozza delle foglie autunnali si collega ai sensi d\u2019autunno, alle sensazioni che \u00e8 [&hellip;]\" \/>\n<meta property=\"og:url\" content=\"https:\/\/www.bellunopress.it\/fr\/2025\/10\/12\/tracce-di-foliage-i-sensi-dautunno\/\" \/>\n<meta property=\"og:site_name\" content=\"Bellunopress - Dolomiti\" \/>\n<meta property=\"article:publisher\" content=\"https:\/\/www.facebook.com\/profile.php?id=100008943462799\" \/>\n<meta property=\"article:published_time\" content=\"2025-10-12T14:22:44+00:00\" \/>\n<meta property=\"og:image\" content=\"https:\/\/www.bellunopress.it\/wp-content\/uploads\/2025\/10\/foliage-betulle-autunno.jpg\" \/>\n\t<meta property=\"og:image:width\" content=\"800\" \/>\n\t<meta property=\"og:image:height\" content=\"600\" \/>\n\t<meta property=\"og:image:type\" content=\"image\/jpeg\" \/>\n<meta name=\"author\" content=\"redazione\" \/>\n<meta name=\"twitter:card\" content=\"summary_large_image\" \/>\n<meta name=\"twitter:creator\" content=\"@bellunopress\" \/>\n<meta name=\"twitter:site\" content=\"@bellunopress\" \/>\n<meta name=\"twitter:label1\" content=\"\u00c9crit par\" \/>\n\t<meta name=\"twitter:data1\" content=\"redazione\" \/>\n\t<meta name=\"twitter:label2\" content=\"Dur\u00e9e de lecture estim\u00e9e\" \/>\n\t<meta name=\"twitter:data2\" content=\"3 minutes\" \/>\n<script type=\"application\/ld+json\" class=\"yoast-schema-graph\">{\"@context\":\"https:\\\/\\\/schema.org\",\"@graph\":[{\"@type\":\"Article\",\"@id\":\"https:\\\/\\\/www.bellunopress.it\\\/2025\\\/10\\\/12\\\/tracce-di-foliage-i-sensi-dautunno\\\/#article\",\"isPartOf\":{\"@id\":\"https:\\\/\\\/www.bellunopress.it\\\/2025\\\/10\\\/12\\\/tracce-di-foliage-i-sensi-dautunno\\\/\"},\"author\":{\"name\":\"redazione\",\"@id\":\"https:\\\/\\\/www.bellunopress.it\\\/#\\\/schema\\\/person\\\/79bb06722b37ece1c03d3e94beb30d73\"},\"headline\":\"Tracce di foliage. I sensi d\u2019autunno\",\"datePublished\":\"2025-10-12T14:22:44+00:00\",\"mainEntityOfPage\":{\"@id\":\"https:\\\/\\\/www.bellunopress.it\\\/2025\\\/10\\\/12\\\/tracce-di-foliage-i-sensi-dautunno\\\/\"},\"wordCount\":542,\"publisher\":{\"@id\":\"https:\\\/\\\/www.bellunopress.it\\\/#organization\"},\"image\":{\"@id\":\"https:\\\/\\\/www.bellunopress.it\\\/2025\\\/10\\\/12\\\/tracce-di-foliage-i-sensi-dautunno\\\/#primaryimage\"},\"thumbnailUrl\":\"https:\\\/\\\/www.bellunopress.it\\\/wp-content\\\/uploads\\\/2025\\\/10\\\/foliage-betulle-autunno.jpg\",\"articleSection\":[\"Appuntamenti, Eventi\",\"Pausa Caff\u00e8\"],\"inLanguage\":\"fr-FR\"},{\"@type\":\"WebPage\",\"@id\":\"https:\\\/\\\/www.bellunopress.it\\\/2025\\\/10\\\/12\\\/tracce-di-foliage-i-sensi-dautunno\\\/\",\"url\":\"https:\\\/\\\/www.bellunopress.it\\\/2025\\\/10\\\/12\\\/tracce-di-foliage-i-sensi-dautunno\\\/\",\"name\":\"Tracce di foliage. I sensi d\u2019autunno - Bellunopress - Dolomiti\",\"isPartOf\":{\"@id\":\"https:\\\/\\\/www.bellunopress.it\\\/#website\"},\"primaryImageOfPage\":{\"@id\":\"https:\\\/\\\/www.bellunopress.it\\\/2025\\\/10\\\/12\\\/tracce-di-foliage-i-sensi-dautunno\\\/#primaryimage\"},\"image\":{\"@id\":\"https:\\\/\\\/www.bellunopress.it\\\/2025\\\/10\\\/12\\\/tracce-di-foliage-i-sensi-dautunno\\\/#primaryimage\"},\"thumbnailUrl\":\"https:\\\/\\\/www.bellunopress.it\\\/wp-content\\\/uploads\\\/2025\\\/10\\\/foliage-betulle-autunno.jpg\",\"datePublished\":\"2025-10-12T14:22:44+00:00\",\"breadcrumb\":{\"@id\":\"https:\\\/\\\/www.bellunopress.it\\\/2025\\\/10\\\/12\\\/tracce-di-foliage-i-sensi-dautunno\\\/#breadcrumb\"},\"inLanguage\":\"fr-FR\",\"potentialAction\":[{\"@type\":\"ReadAction\",\"target\":[\"https:\\\/\\\/www.bellunopress.it\\\/2025\\\/10\\\/12\\\/tracce-di-foliage-i-sensi-dautunno\\\/\"]}]},{\"@type\":\"ImageObject\",\"inLanguage\":\"fr-FR\",\"@id\":\"https:\\\/\\\/www.bellunopress.it\\\/2025\\\/10\\\/12\\\/tracce-di-foliage-i-sensi-dautunno\\\/#primaryimage\",\"url\":\"https:\\\/\\\/www.bellunopress.it\\\/wp-content\\\/uploads\\\/2025\\\/10\\\/foliage-betulle-autunno.jpg\",\"contentUrl\":\"https:\\\/\\\/www.bellunopress.it\\\/wp-content\\\/uploads\\\/2025\\\/10\\\/foliage-betulle-autunno.jpg\",\"width\":800,\"height\":600},{\"@type\":\"BreadcrumbList\",\"@id\":\"https:\\\/\\\/www.bellunopress.it\\\/2025\\\/10\\\/12\\\/tracce-di-foliage-i-sensi-dautunno\\\/#breadcrumb\",\"itemListElement\":[{\"@type\":\"ListItem\",\"position\":1,\"name\":\"Home\",\"item\":\"https:\\\/\\\/www.bellunopress.it\\\/\"},{\"@type\":\"ListItem\",\"position\":2,\"name\":\"Tracce di foliage. I sensi d\u2019autunno\"}]},{\"@type\":\"WebSite\",\"@id\":\"https:\\\/\\\/www.bellunopress.it\\\/#website\",\"url\":\"https:\\\/\\\/www.bellunopress.it\\\/\",\"name\":\"Bellunopress - Dolomiti\",\"description\":\"e-mail: redazione@bellunopress.it\",\"publisher\":{\"@id\":\"https:\\\/\\\/www.bellunopress.it\\\/#organization\"},\"potentialAction\":[{\"@type\":\"SearchAction\",\"target\":{\"@type\":\"EntryPoint\",\"urlTemplate\":\"https:\\\/\\\/www.bellunopress.it\\\/?s={search_term_string}\"},\"query-input\":{\"@type\":\"PropertyValueSpecification\",\"valueRequired\":true,\"valueName\":\"search_term_string\"}}],\"inLanguage\":\"fr-FR\"},{\"@type\":\"Organization\",\"@id\":\"https:\\\/\\\/www.bellunopress.it\\\/#organization\",\"name\":\"Bellunopress\",\"url\":\"https:\\\/\\\/www.bellunopress.it\\\/\",\"logo\":{\"@type\":\"ImageObject\",\"inLanguage\":\"fr-FR\",\"@id\":\"https:\\\/\\\/www.bellunopress.it\\\/#\\\/schema\\\/logo\\\/image\\\/\",\"url\":\"https:\\\/\\\/www.bellunopress.it\\\/wp-content\\\/uploads\\\/2011\\\/05\\\/cropped-logo-bellunopress-.jpg\",\"contentUrl\":\"https:\\\/\\\/www.bellunopress.it\\\/wp-content\\\/uploads\\\/2011\\\/05\\\/cropped-logo-bellunopress-.jpg\",\"width\":512,\"height\":512,\"caption\":\"Bellunopress\"},\"image\":{\"@id\":\"https:\\\/\\\/www.bellunopress.it\\\/#\\\/schema\\\/logo\\\/image\\\/\"},\"sameAs\":[\"https:\\\/\\\/www.facebook.com\\\/profile.php?id=100008943462799\",\"https:\\\/\\\/x.com\\\/bellunopress\",\"https:\\\/\\\/www.linkedin.com\\\/hp\\\/?dnr=JBzUWaJfMUw8vbXJJ2tVW5-I3jZKvC4wsoxE&amp;amp;amp;amp;amp;amp;trk=nav_responsive_tab_home\",\"https:\\\/\\\/www.youtube.com\\\/channel\\\/UCxL0wu1uN0_3_7hGG0306cw\"]},{\"@type\":\"Person\",\"@id\":\"https:\\\/\\\/www.bellunopress.it\\\/#\\\/schema\\\/person\\\/79bb06722b37ece1c03d3e94beb30d73\",\"name\":\"redazione\",\"image\":{\"@type\":\"ImageObject\",\"inLanguage\":\"fr-FR\",\"@id\":\"https:\\\/\\\/secure.gravatar.com\\\/avatar\\\/37d968a2e67a6fd04c169c4bdef102d0bc5d31b2546345219e348575eb80e9a0?s=96&d=mm&r=g\",\"url\":\"https:\\\/\\\/secure.gravatar.com\\\/avatar\\\/37d968a2e67a6fd04c169c4bdef102d0bc5d31b2546345219e348575eb80e9a0?s=96&d=mm&r=g\",\"contentUrl\":\"https:\\\/\\\/secure.gravatar.com\\\/avatar\\\/37d968a2e67a6fd04c169c4bdef102d0bc5d31b2546345219e348575eb80e9a0?s=96&d=mm&r=g\",\"caption\":\"redazione\"},\"sameAs\":[\"http:\\\/\\\/www.bellunopress.it\",\"https:\\\/\\\/x.com\\\/bellunopress\"],\"url\":\"https:\\\/\\\/www.bellunopress.it\\\/fr\\\/author\\\/redazione\\\/\"}]}<\/script>\n<!-- \/ Yoast SEO plugin. -->","yoast_head_json":{"title":"Tracce di foliage. I sensi d\u2019autunno - Bellunopress - Dolomiti","robots":{"index":"index","follow":"follow","max-snippet":"max-snippet:-1","max-image-preview":"max-image-preview:large","max-video-preview":"max-video-preview:-1"},"canonical":"https:\/\/www.bellunopress.it\/fr\/2025\/10\/12\/tracce-di-foliage-i-sensi-dautunno\/","og_locale":"fr_FR","og_type":"article","og_title":"Tracce di foliage. I sensi d\u2019autunno - Bellunopress - Dolomiti","og_description":"Primo appuntamento, mercoled\u00ec 15 ottobre con \u201cLa foresta racconta\u201d e Paola Favero \u201cTracce di foliage\u201d si affaccia alla terza edizione e accende i riflettori sui sensi d\u2019autunno: dopo il 2023 dedicato ai colori e il 2024 ai sapori, per il 2025 la tavolozza delle foglie autunnali si collega ai sensi d\u2019autunno, alle sensazioni che \u00e8 [&hellip;]","og_url":"https:\/\/www.bellunopress.it\/fr\/2025\/10\/12\/tracce-di-foliage-i-sensi-dautunno\/","og_site_name":"Bellunopress - Dolomiti","article_publisher":"https:\/\/www.facebook.com\/profile.php?id=100008943462799","article_published_time":"2025-10-12T14:22:44+00:00","og_image":[{"width":800,"height":600,"url":"https:\/\/www.bellunopress.it\/wp-content\/uploads\/2025\/10\/foliage-betulle-autunno.jpg","type":"image\/jpeg"}],"author":"redazione","twitter_card":"summary_large_image","twitter_creator":"@bellunopress","twitter_site":"@bellunopress","twitter_misc":{"\u00c9crit par":"redazione","Dur\u00e9e de lecture estim\u00e9e":"3 minutes"},"schema":{"@context":"https:\/\/schema.org","@graph":[{"@type":"Article","@id":"https:\/\/www.bellunopress.it\/2025\/10\/12\/tracce-di-foliage-i-sensi-dautunno\/#article","isPartOf":{"@id":"https:\/\/www.bellunopress.it\/2025\/10\/12\/tracce-di-foliage-i-sensi-dautunno\/"},"author":{"name":"redazione","@id":"https:\/\/www.bellunopress.it\/#\/schema\/person\/79bb06722b37ece1c03d3e94beb30d73"},"headline":"Tracce di foliage. I sensi d\u2019autunno","datePublished":"2025-10-12T14:22:44+00:00","mainEntityOfPage":{"@id":"https:\/\/www.bellunopress.it\/2025\/10\/12\/tracce-di-foliage-i-sensi-dautunno\/"},"wordCount":542,"publisher":{"@id":"https:\/\/www.bellunopress.it\/#organization"},"image":{"@id":"https:\/\/www.bellunopress.it\/2025\/10\/12\/tracce-di-foliage-i-sensi-dautunno\/#primaryimage"},"thumbnailUrl":"https:\/\/www.bellunopress.it\/wp-content\/uploads\/2025\/10\/foliage-betulle-autunno.jpg","articleSection":["Appuntamenti, Eventi","Pausa Caff\u00e8"],"inLanguage":"fr-FR"},{"@type":"WebPage","@id":"https:\/\/www.bellunopress.it\/2025\/10\/12\/tracce-di-foliage-i-sensi-dautunno\/","url":"https:\/\/www.bellunopress.it\/2025\/10\/12\/tracce-di-foliage-i-sensi-dautunno\/","name":"Tracce di foliage. I sensi d\u2019autunno - Bellunopress - Dolomiti","isPartOf":{"@id":"https:\/\/www.bellunopress.it\/#website"},"primaryImageOfPage":{"@id":"https:\/\/www.bellunopress.it\/2025\/10\/12\/tracce-di-foliage-i-sensi-dautunno\/#primaryimage"},"image":{"@id":"https:\/\/www.bellunopress.it\/2025\/10\/12\/tracce-di-foliage-i-sensi-dautunno\/#primaryimage"},"thumbnailUrl":"https:\/\/www.bellunopress.it\/wp-content\/uploads\/2025\/10\/foliage-betulle-autunno.jpg","datePublished":"2025-10-12T14:22:44+00:00","breadcrumb":{"@id":"https:\/\/www.bellunopress.it\/2025\/10\/12\/tracce-di-foliage-i-sensi-dautunno\/#breadcrumb"},"inLanguage":"fr-FR","potentialAction":[{"@type":"ReadAction","target":["https:\/\/www.bellunopress.it\/2025\/10\/12\/tracce-di-foliage-i-sensi-dautunno\/"]}]},{"@type":"ImageObject","inLanguage":"fr-FR","@id":"https:\/\/www.bellunopress.it\/2025\/10\/12\/tracce-di-foliage-i-sensi-dautunno\/#primaryimage","url":"https:\/\/www.bellunopress.it\/wp-content\/uploads\/2025\/10\/foliage-betulle-autunno.jpg","contentUrl":"https:\/\/www.bellunopress.it\/wp-content\/uploads\/2025\/10\/foliage-betulle-autunno.jpg","width":800,"height":600},{"@type":"BreadcrumbList","@id":"https:\/\/www.bellunopress.it\/2025\/10\/12\/tracce-di-foliage-i-sensi-dautunno\/#breadcrumb","itemListElement":[{"@type":"ListItem","position":1,"name":"Home","item":"https:\/\/www.bellunopress.it\/"},{"@type":"ListItem","position":2,"name":"Tracce di foliage. I sensi d\u2019autunno"}]},{"@type":"WebSite","@id":"https:\/\/www.bellunopress.it\/#website","url":"https:\/\/www.bellunopress.it\/","name":"Bellunopress - Dolomiti","description":"e-mail: redazione@bellunopress.it","publisher":{"@id":"https:\/\/www.bellunopress.it\/#organization"},"potentialAction":[{"@type":"SearchAction","target":{"@type":"EntryPoint","urlTemplate":"https:\/\/www.bellunopress.it\/?s={search_term_string}"},"query-input":{"@type":"PropertyValueSpecification","valueRequired":true,"valueName":"search_term_string"}}],"inLanguage":"fr-FR"},{"@type":"Organization","@id":"https:\/\/www.bellunopress.it\/#organization","name":"Bellunopress","url":"https:\/\/www.bellunopress.it\/","logo":{"@type":"ImageObject","inLanguage":"fr-FR","@id":"https:\/\/www.bellunopress.it\/#\/schema\/logo\/image\/","url":"https:\/\/www.bellunopress.it\/wp-content\/uploads\/2011\/05\/cropped-logo-bellunopress-.jpg","contentUrl":"https:\/\/www.bellunopress.it\/wp-content\/uploads\/2011\/05\/cropped-logo-bellunopress-.jpg","width":512,"height":512,"caption":"Bellunopress"},"image":{"@id":"https:\/\/www.bellunopress.it\/#\/schema\/logo\/image\/"},"sameAs":["https:\/\/www.facebook.com\/profile.php?id=100008943462799","https:\/\/x.com\/bellunopress","https:\/\/www.linkedin.com\/hp\/?dnr=JBzUWaJfMUw8vbXJJ2tVW5-I3jZKvC4wsoxE&amp;amp;amp;amp;amp;amp;trk=nav_responsive_tab_home","https:\/\/www.youtube.com\/channel\/UCxL0wu1uN0_3_7hGG0306cw"]},{"@type":"Person","@id":"https:\/\/www.bellunopress.it\/#\/schema\/person\/79bb06722b37ece1c03d3e94beb30d73","name":"r\u00e9daction","image":{"@type":"ImageObject","inLanguage":"fr-FR","@id":"https:\/\/secure.gravatar.com\/avatar\/37d968a2e67a6fd04c169c4bdef102d0bc5d31b2546345219e348575eb80e9a0?s=96&d=mm&r=g","url":"https:\/\/secure.gravatar.com\/avatar\/37d968a2e67a6fd04c169c4bdef102d0bc5d31b2546345219e348575eb80e9a0?s=96&d=mm&r=g","contentUrl":"https:\/\/secure.gravatar.com\/avatar\/37d968a2e67a6fd04c169c4bdef102d0bc5d31b2546345219e348575eb80e9a0?s=96&d=mm&r=g","caption":"redazione"},"sameAs":["http:\/\/www.bellunopress.it","https:\/\/x.com\/bellunopress"],"url":"https:\/\/www.bellunopress.it\/fr\/author\/redazione\/"}]}},"_links":{"self":[{"href":"https:\/\/www.bellunopress.it\/fr\/wp-json\/wp\/v2\/posts\/163922","targetHints":{"allow":["GET"]}}],"collection":[{"href":"https:\/\/www.bellunopress.it\/fr\/wp-json\/wp\/v2\/posts"}],"about":[{"href":"https:\/\/www.bellunopress.it\/fr\/wp-json\/wp\/v2\/types\/post"}],"author":[{"embeddable":true,"href":"https:\/\/www.bellunopress.it\/fr\/wp-json\/wp\/v2\/users\/2"}],"replies":[{"embeddable":true,"href":"https:\/\/www.bellunopress.it\/fr\/wp-json\/wp\/v2\/comments?post=163922"}],"version-history":[{"count":1,"href":"https:\/\/www.bellunopress.it\/fr\/wp-json\/wp\/v2\/posts\/163922\/revisions"}],"predecessor-version":[{"id":163924,"href":"https:\/\/www.bellunopress.it\/fr\/wp-json\/wp\/v2\/posts\/163922\/revisions\/163924"}],"wp:featuredmedia":[{"embeddable":true,"href":"https:\/\/www.bellunopress.it\/fr\/wp-json\/wp\/v2\/media\/163923"}],"wp:attachment":[{"href":"https:\/\/www.bellunopress.it\/fr\/wp-json\/wp\/v2\/media?parent=163922"}],"wp:term":[{"taxonomy":"category","embeddable":true,"href":"https:\/\/www.bellunopress.it\/fr\/wp-json\/wp\/v2\/categories?post=163922"},{"taxonomy":"post_tag","embeddable":true,"href":"https:\/\/www.bellunopress.it\/fr\/wp-json\/wp\/v2\/tags?post=163922"}],"curies":[{"name":"wp","href":"https:\/\/api.w.org\/{rel}","templated":true}]}}