{"id":163916,"date":"2025-10-07T11:08:08","date_gmt":"2025-10-07T09:08:08","guid":{"rendered":"https:\/\/www.bellunopress.it\/?p=163916"},"modified":"2025-10-09T22:08:24","modified_gmt":"2025-10-09T20:08:24","slug":"rosa-e-giovanni-una-storia-damore-nella-belluno-della-seconda-guerra-mondiale-giovedi-la-presentazione","status":"publish","type":"post","link":"https:\/\/www.bellunopress.it\/fr\/2025\/10\/07\/rosa-e-giovanni-una-storia-damore-nella-belluno-della-seconda-guerra-mondiale-giovedi-la-presentazione\/","title":{"rendered":"Rosa e Giovanni: una storia d\u2019amore nella Belluno della Seconda guerra mondiale. Gioved\u00ec la presentazione"},"content":{"rendered":"<p><img loading=\"lazy\" decoding=\"async\" class=\"aligncenter size-full wp-image-163917\" src=\"https:\/\/www.bellunopress.it\/wp-content\/uploads\/2025\/10\/locandina-Rosa-e-Giovanni_edited.jpg\" alt=\"\" width=\"800\" height=\"586\" srcset=\"https:\/\/www.bellunopress.it\/wp-content\/uploads\/2025\/10\/locandina-Rosa-e-Giovanni_edited.jpg 800w, https:\/\/www.bellunopress.it\/wp-content\/uploads\/2025\/10\/locandina-Rosa-e-Giovanni_edited-500x366.jpg 500w, https:\/\/www.bellunopress.it\/wp-content\/uploads\/2025\/10\/locandina-Rosa-e-Giovanni_edited-573x420.jpg 573w, https:\/\/www.bellunopress.it\/wp-content\/uploads\/2025\/10\/locandina-Rosa-e-Giovanni_edited-80x60.jpg 80w, https:\/\/www.bellunopress.it\/wp-content\/uploads\/2025\/10\/locandina-Rosa-e-Giovanni_edited-696x510.jpg 696w\" sizes=\"auto, (max-width: 800px) 100vw, 800px\" \/>Si terr\u00e0 gioved\u00ec 9 ottobre alle ore 18:30 al Bar Insolita Storia di Belluno in via Jacopo Tasso, 7\/D (vicino a Piazza Piloni) la presentazione del romanzo storico \u201cRosa e Giovanni. Una storia d\u2019amore in tempo di guerra\u201d di Roberto De Nart. Conduce l\u2019incontro l\u2019avvocato Anna Polifroni del Foro di Belluno.<\/p>\n<p>Una Belluno perlopi\u00f9 inedita del turbolento anno 1943 fa da sfondo al racconto, che unisce la finzione letteraria alla situazione storica. Le vicende personali dei giovani protagonisti, infatti, si intrecciano con la storia locale.<\/p>\n<p>Il fulcro narrativo del romanzo ruota infatti attorno a un misterioso complotto: il progetto di assassinare Adolf Hitler e Benito Mussolini durante il celebre \u201cIncontro di Feltre\u201d, che si tenne il 19 luglio 1943 a Villa Gaggia. L\u2019autore immerge i suoi personaggi in questo contesto storico realmente accaduto, riportato dai testimoni dell\u2019epoca e ipotizzato anche dal colonnello delle SS Eugen Dollmann nel suo libro \u201cRoma Nazista\u201d.<\/p>","protected":false},"excerpt":{"rendered":"<p>Si terr\u00e0 gioved\u00ec 9 ottobre alle ore 18:30 al Bar Insolita Storia di Belluno in via Jacopo Tasso, 7\/D (vicino a Piazza Piloni) la presentazione del romanzo storico \u201cRosa e Giovanni. Una storia d\u2019amore in tempo di guerra\u201d di Roberto De Nart. Conduce l\u2019incontro l\u2019avvocato Anna Polifroni del Foro di Belluno. Una Belluno perlopi\u00f9 inedita [&hellip;]<\/p>\n","protected":false},"author":2,"featured_media":163917,"comment_status":"closed","ping_status":"open","sticky":false,"template":"","format":"standard","meta":{"footnotes":""},"categories":[27,3,25],"tags":[],"class_list":["post-163916","post","type-post","status-publish","format-standard","has-post-thumbnail","category-appuntamenti","category-arte-cultura-spettacoli-scienza-archivi","category-pausa-caffe"],"yoast_head":"<!-- This site is optimized with the Yoast SEO plugin v28.4 - https:\/\/yoast.com\/product\/yoast-seo-wordpress\/ -->\n<title>Rosa e Giovanni: una storia d\u2019amore nella Belluno della Seconda guerra mondiale. Gioved\u00ec la presentazione - Bellunopress - Dolomiti<\/title>\n<meta name=\"robots\" content=\"index, follow, max-snippet:-1, max-image-preview:large, max-video-preview:-1\" \/>\n<link rel=\"canonical\" href=\"https:\/\/www.bellunopress.it\/fr\/2025\/10\/07\/rosa-e-giovanni-una-storia-damore-nella-belluno-della-seconda-guerra-mondiale-giovedi-la-presentazione\/\" \/>\n<meta property=\"og:locale\" content=\"fr_FR\" \/>\n<meta property=\"og:type\" content=\"article\" \/>\n<meta property=\"og:title\" content=\"Rosa e Giovanni: una storia d\u2019amore nella Belluno della Seconda guerra mondiale. Gioved\u00ec la presentazione - Bellunopress - Dolomiti\" \/>\n<meta property=\"og:description\" content=\"Si terr\u00e0 gioved\u00ec 9 ottobre alle ore 18:30 al Bar Insolita Storia di Belluno in via Jacopo Tasso, 7\/D (vicino a Piazza Piloni) la presentazione del romanzo storico \u201cRosa e Giovanni. Una storia d\u2019amore in tempo di guerra\u201d di Roberto De Nart. Conduce l\u2019incontro l\u2019avvocato Anna Polifroni del Foro di Belluno. Una Belluno perlopi\u00f9 inedita [&hellip;]\" \/>\n<meta property=\"og:url\" content=\"https:\/\/www.bellunopress.it\/fr\/2025\/10\/07\/rosa-e-giovanni-una-storia-damore-nella-belluno-della-seconda-guerra-mondiale-giovedi-la-presentazione\/\" \/>\n<meta property=\"og:site_name\" content=\"Bellunopress - Dolomiti\" \/>\n<meta property=\"article:publisher\" content=\"https:\/\/www.facebook.com\/profile.php?id=100008943462799\" \/>\n<meta property=\"article:published_time\" content=\"2025-10-07T09:08:08+00:00\" \/>\n<meta property=\"article:modified_time\" content=\"2025-10-09T20:08:24+00:00\" \/>\n<meta property=\"og:image\" content=\"https:\/\/www.bellunopress.it\/wp-content\/uploads\/2025\/10\/locandina-Rosa-e-Giovanni_edited.jpg\" \/>\n\t<meta property=\"og:image:width\" content=\"800\" \/>\n\t<meta property=\"og:image:height\" content=\"586\" \/>\n\t<meta property=\"og:image:type\" content=\"image\/jpeg\" \/>\n<meta name=\"author\" content=\"redazione\" \/>\n<meta name=\"twitter:card\" content=\"summary_large_image\" \/>\n<meta name=\"twitter:creator\" content=\"@bellunopress\" \/>\n<meta name=\"twitter:site\" content=\"@bellunopress\" \/>\n<meta name=\"twitter:label1\" content=\"\u00c9crit par\" \/>\n\t<meta name=\"twitter:data1\" content=\"redazione\" \/>\n\t<meta name=\"twitter:label2\" content=\"Dur\u00e9e de lecture estim\u00e9e\" \/>\n\t<meta name=\"twitter:data2\" content=\"1 minute\" \/>\n<script type=\"application\/ld+json\" class=\"yoast-schema-graph\">{\"@context\":\"https:\\\/\\\/schema.org\",\"@graph\":[{\"@type\":\"Article\",\"@id\":\"https:\\\/\\\/www.bellunopress.it\\\/2025\\\/10\\\/07\\\/rosa-e-giovanni-una-storia-damore-nella-belluno-della-seconda-guerra-mondiale-giovedi-la-presentazione\\\/#article\",\"isPartOf\":{\"@id\":\"https:\\\/\\\/www.bellunopress.it\\\/2025\\\/10\\\/07\\\/rosa-e-giovanni-una-storia-damore-nella-belluno-della-seconda-guerra-mondiale-giovedi-la-presentazione\\\/\"},\"author\":{\"name\":\"redazione\",\"@id\":\"https:\\\/\\\/www.bellunopress.it\\\/#\\\/schema\\\/person\\\/79bb06722b37ece1c03d3e94beb30d73\"},\"headline\":\"Rosa e Giovanni: una storia d\u2019amore nella Belluno della Seconda guerra mondiale. Gioved\u00ec la presentazione\",\"datePublished\":\"2025-10-07T09:08:08+00:00\",\"dateModified\":\"2025-10-09T20:08:24+00:00\",\"mainEntityOfPage\":{\"@id\":\"https:\\\/\\\/www.bellunopress.it\\\/2025\\\/10\\\/07\\\/rosa-e-giovanni-una-storia-damore-nella-belluno-della-seconda-guerra-mondiale-giovedi-la-presentazione\\\/\"},\"wordCount\":167,\"publisher\":{\"@id\":\"https:\\\/\\\/www.bellunopress.it\\\/#organization\"},\"image\":{\"@id\":\"https:\\\/\\\/www.bellunopress.it\\\/2025\\\/10\\\/07\\\/rosa-e-giovanni-una-storia-damore-nella-belluno-della-seconda-guerra-mondiale-giovedi-la-presentazione\\\/#primaryimage\"},\"thumbnailUrl\":\"https:\\\/\\\/www.bellunopress.it\\\/wp-content\\\/uploads\\\/2025\\\/10\\\/locandina-Rosa-e-Giovanni_edited.jpg\",\"articleSection\":[\"Appuntamenti, Eventi\",\"Arte, Cultura, Spettacoli, Scienza\",\"Pausa Caff\u00e8\"],\"inLanguage\":\"fr-FR\"},{\"@type\":\"WebPage\",\"@id\":\"https:\\\/\\\/www.bellunopress.it\\\/2025\\\/10\\\/07\\\/rosa-e-giovanni-una-storia-damore-nella-belluno-della-seconda-guerra-mondiale-giovedi-la-presentazione\\\/\",\"url\":\"https:\\\/\\\/www.bellunopress.it\\\/2025\\\/10\\\/07\\\/rosa-e-giovanni-una-storia-damore-nella-belluno-della-seconda-guerra-mondiale-giovedi-la-presentazione\\\/\",\"name\":\"Rosa e Giovanni: una storia d\u2019amore nella Belluno della Seconda guerra mondiale. Gioved\u00ec la presentazione - Bellunopress - Dolomiti\",\"isPartOf\":{\"@id\":\"https:\\\/\\\/www.bellunopress.it\\\/#website\"},\"primaryImageOfPage\":{\"@id\":\"https:\\\/\\\/www.bellunopress.it\\\/2025\\\/10\\\/07\\\/rosa-e-giovanni-una-storia-damore-nella-belluno-della-seconda-guerra-mondiale-giovedi-la-presentazione\\\/#primaryimage\"},\"image\":{\"@id\":\"https:\\\/\\\/www.bellunopress.it\\\/2025\\\/10\\\/07\\\/rosa-e-giovanni-una-storia-damore-nella-belluno-della-seconda-guerra-mondiale-giovedi-la-presentazione\\\/#primaryimage\"},\"thumbnailUrl\":\"https:\\\/\\\/www.bellunopress.it\\\/wp-content\\\/uploads\\\/2025\\\/10\\\/locandina-Rosa-e-Giovanni_edited.jpg\",\"datePublished\":\"2025-10-07T09:08:08+00:00\",\"dateModified\":\"2025-10-09T20:08:24+00:00\",\"breadcrumb\":{\"@id\":\"https:\\\/\\\/www.bellunopress.it\\\/2025\\\/10\\\/07\\\/rosa-e-giovanni-una-storia-damore-nella-belluno-della-seconda-guerra-mondiale-giovedi-la-presentazione\\\/#breadcrumb\"},\"inLanguage\":\"fr-FR\",\"potentialAction\":[{\"@type\":\"ReadAction\",\"target\":[\"https:\\\/\\\/www.bellunopress.it\\\/2025\\\/10\\\/07\\\/rosa-e-giovanni-una-storia-damore-nella-belluno-della-seconda-guerra-mondiale-giovedi-la-presentazione\\\/\"]}]},{\"@type\":\"ImageObject\",\"inLanguage\":\"fr-FR\",\"@id\":\"https:\\\/\\\/www.bellunopress.it\\\/2025\\\/10\\\/07\\\/rosa-e-giovanni-una-storia-damore-nella-belluno-della-seconda-guerra-mondiale-giovedi-la-presentazione\\\/#primaryimage\",\"url\":\"https:\\\/\\\/www.bellunopress.it\\\/wp-content\\\/uploads\\\/2025\\\/10\\\/locandina-Rosa-e-Giovanni_edited.jpg\",\"contentUrl\":\"https:\\\/\\\/www.bellunopress.it\\\/wp-content\\\/uploads\\\/2025\\\/10\\\/locandina-Rosa-e-Giovanni_edited.jpg\",\"width\":800,\"height\":586},{\"@type\":\"BreadcrumbList\",\"@id\":\"https:\\\/\\\/www.bellunopress.it\\\/2025\\\/10\\\/07\\\/rosa-e-giovanni-una-storia-damore-nella-belluno-della-seconda-guerra-mondiale-giovedi-la-presentazione\\\/#breadcrumb\",\"itemListElement\":[{\"@type\":\"ListItem\",\"position\":1,\"name\":\"Home\",\"item\":\"https:\\\/\\\/www.bellunopress.it\\\/\"},{\"@type\":\"ListItem\",\"position\":2,\"name\":\"Rosa e Giovanni: una storia d\u2019amore nella Belluno della Seconda guerra mondiale. Gioved\u00ec la presentazione\"}]},{\"@type\":\"WebSite\",\"@id\":\"https:\\\/\\\/www.bellunopress.it\\\/#website\",\"url\":\"https:\\\/\\\/www.bellunopress.it\\\/\",\"name\":\"Bellunopress - Dolomiti\",\"description\":\"e-mail: redazione@bellunopress.it\",\"publisher\":{\"@id\":\"https:\\\/\\\/www.bellunopress.it\\\/#organization\"},\"potentialAction\":[{\"@type\":\"SearchAction\",\"target\":{\"@type\":\"EntryPoint\",\"urlTemplate\":\"https:\\\/\\\/www.bellunopress.it\\\/?s={search_term_string}\"},\"query-input\":{\"@type\":\"PropertyValueSpecification\",\"valueRequired\":true,\"valueName\":\"search_term_string\"}}],\"inLanguage\":\"fr-FR\"},{\"@type\":\"Organization\",\"@id\":\"https:\\\/\\\/www.bellunopress.it\\\/#organization\",\"name\":\"Bellunopress\",\"url\":\"https:\\\/\\\/www.bellunopress.it\\\/\",\"logo\":{\"@type\":\"ImageObject\",\"inLanguage\":\"fr-FR\",\"@id\":\"https:\\\/\\\/www.bellunopress.it\\\/#\\\/schema\\\/logo\\\/image\\\/\",\"url\":\"https:\\\/\\\/www.bellunopress.it\\\/wp-content\\\/uploads\\\/2011\\\/05\\\/cropped-logo-bellunopress-.jpg\",\"contentUrl\":\"https:\\\/\\\/www.bellunopress.it\\\/wp-content\\\/uploads\\\/2011\\\/05\\\/cropped-logo-bellunopress-.jpg\",\"width\":512,\"height\":512,\"caption\":\"Bellunopress\"},\"image\":{\"@id\":\"https:\\\/\\\/www.bellunopress.it\\\/#\\\/schema\\\/logo\\\/image\\\/\"},\"sameAs\":[\"https:\\\/\\\/www.facebook.com\\\/profile.php?id=100008943462799\",\"https:\\\/\\\/x.com\\\/bellunopress\",\"https:\\\/\\\/www.linkedin.com\\\/hp\\\/?dnr=JBzUWaJfMUw8vbXJJ2tVW5-I3jZKvC4wsoxE&amp;amp;amp;amp;amp;amp;trk=nav_responsive_tab_home\",\"https:\\\/\\\/www.youtube.com\\\/channel\\\/UCxL0wu1uN0_3_7hGG0306cw\"]},{\"@type\":\"Person\",\"@id\":\"https:\\\/\\\/www.bellunopress.it\\\/#\\\/schema\\\/person\\\/79bb06722b37ece1c03d3e94beb30d73\",\"name\":\"redazione\",\"image\":{\"@type\":\"ImageObject\",\"inLanguage\":\"fr-FR\",\"@id\":\"https:\\\/\\\/secure.gravatar.com\\\/avatar\\\/37d968a2e67a6fd04c169c4bdef102d0bc5d31b2546345219e348575eb80e9a0?s=96&d=mm&r=g\",\"url\":\"https:\\\/\\\/secure.gravatar.com\\\/avatar\\\/37d968a2e67a6fd04c169c4bdef102d0bc5d31b2546345219e348575eb80e9a0?s=96&d=mm&r=g\",\"contentUrl\":\"https:\\\/\\\/secure.gravatar.com\\\/avatar\\\/37d968a2e67a6fd04c169c4bdef102d0bc5d31b2546345219e348575eb80e9a0?s=96&d=mm&r=g\",\"caption\":\"redazione\"},\"sameAs\":[\"http:\\\/\\\/www.bellunopress.it\",\"https:\\\/\\\/x.com\\\/bellunopress\"],\"url\":\"https:\\\/\\\/www.bellunopress.it\\\/fr\\\/author\\\/redazione\\\/\"}]}<\/script>\n<!-- \/ Yoast SEO plugin. -->","yoast_head_json":{"title":"Rosa e Giovanni: una storia d\u2019amore nella Belluno della Seconda guerra mondiale. Gioved\u00ec la presentazione - Bellunopress - Dolomiti","robots":{"index":"index","follow":"follow","max-snippet":"max-snippet:-1","max-image-preview":"max-image-preview:large","max-video-preview":"max-video-preview:-1"},"canonical":"https:\/\/www.bellunopress.it\/fr\/2025\/10\/07\/rosa-e-giovanni-una-storia-damore-nella-belluno-della-seconda-guerra-mondiale-giovedi-la-presentazione\/","og_locale":"fr_FR","og_type":"article","og_title":"Rosa e Giovanni: una storia d\u2019amore nella Belluno della Seconda guerra mondiale. Gioved\u00ec la presentazione - Bellunopress - Dolomiti","og_description":"Si terr\u00e0 gioved\u00ec 9 ottobre alle ore 18:30 al Bar Insolita Storia di Belluno in via Jacopo Tasso, 7\/D (vicino a Piazza Piloni) la presentazione del romanzo storico \u201cRosa e Giovanni. Una storia d\u2019amore in tempo di guerra\u201d di Roberto De Nart. Conduce l\u2019incontro l\u2019avvocato Anna Polifroni del Foro di Belluno. Una Belluno perlopi\u00f9 inedita [&hellip;]","og_url":"https:\/\/www.bellunopress.it\/fr\/2025\/10\/07\/rosa-e-giovanni-una-storia-damore-nella-belluno-della-seconda-guerra-mondiale-giovedi-la-presentazione\/","og_site_name":"Bellunopress - Dolomiti","article_publisher":"https:\/\/www.facebook.com\/profile.php?id=100008943462799","article_published_time":"2025-10-07T09:08:08+00:00","article_modified_time":"2025-10-09T20:08:24+00:00","og_image":[{"width":800,"height":586,"url":"https:\/\/www.bellunopress.it\/wp-content\/uploads\/2025\/10\/locandina-Rosa-e-Giovanni_edited.jpg","type":"image\/jpeg"}],"author":"redazione","twitter_card":"summary_large_image","twitter_creator":"@bellunopress","twitter_site":"@bellunopress","twitter_misc":{"\u00c9crit par":"redazione","Dur\u00e9e de lecture estim\u00e9e":"1 minute"},"schema":{"@context":"https:\/\/schema.org","@graph":[{"@type":"Article","@id":"https:\/\/www.bellunopress.it\/2025\/10\/07\/rosa-e-giovanni-una-storia-damore-nella-belluno-della-seconda-guerra-mondiale-giovedi-la-presentazione\/#article","isPartOf":{"@id":"https:\/\/www.bellunopress.it\/2025\/10\/07\/rosa-e-giovanni-una-storia-damore-nella-belluno-della-seconda-guerra-mondiale-giovedi-la-presentazione\/"},"author":{"name":"redazione","@id":"https:\/\/www.bellunopress.it\/#\/schema\/person\/79bb06722b37ece1c03d3e94beb30d73"},"headline":"Rosa e Giovanni: una storia d\u2019amore nella Belluno della Seconda guerra mondiale. Gioved\u00ec la presentazione","datePublished":"2025-10-07T09:08:08+00:00","dateModified":"2025-10-09T20:08:24+00:00","mainEntityOfPage":{"@id":"https:\/\/www.bellunopress.it\/2025\/10\/07\/rosa-e-giovanni-una-storia-damore-nella-belluno-della-seconda-guerra-mondiale-giovedi-la-presentazione\/"},"wordCount":167,"publisher":{"@id":"https:\/\/www.bellunopress.it\/#organization"},"image":{"@id":"https:\/\/www.bellunopress.it\/2025\/10\/07\/rosa-e-giovanni-una-storia-damore-nella-belluno-della-seconda-guerra-mondiale-giovedi-la-presentazione\/#primaryimage"},"thumbnailUrl":"https:\/\/www.bellunopress.it\/wp-content\/uploads\/2025\/10\/locandina-Rosa-e-Giovanni_edited.jpg","articleSection":["Appuntamenti, Eventi","Arte, Cultura, Spettacoli, Scienza","Pausa Caff\u00e8"],"inLanguage":"fr-FR"},{"@type":"WebPage","@id":"https:\/\/www.bellunopress.it\/2025\/10\/07\/rosa-e-giovanni-una-storia-damore-nella-belluno-della-seconda-guerra-mondiale-giovedi-la-presentazione\/","url":"https:\/\/www.bellunopress.it\/2025\/10\/07\/rosa-e-giovanni-una-storia-damore-nella-belluno-della-seconda-guerra-mondiale-giovedi-la-presentazione\/","name":"Rosa e Giovanni: una storia d\u2019amore nella Belluno della Seconda guerra mondiale. Gioved\u00ec la presentazione - Bellunopress - Dolomiti","isPartOf":{"@id":"https:\/\/www.bellunopress.it\/#website"},"primaryImageOfPage":{"@id":"https:\/\/www.bellunopress.it\/2025\/10\/07\/rosa-e-giovanni-una-storia-damore-nella-belluno-della-seconda-guerra-mondiale-giovedi-la-presentazione\/#primaryimage"},"image":{"@id":"https:\/\/www.bellunopress.it\/2025\/10\/07\/rosa-e-giovanni-una-storia-damore-nella-belluno-della-seconda-guerra-mondiale-giovedi-la-presentazione\/#primaryimage"},"thumbnailUrl":"https:\/\/www.bellunopress.it\/wp-content\/uploads\/2025\/10\/locandina-Rosa-e-Giovanni_edited.jpg","datePublished":"2025-10-07T09:08:08+00:00","dateModified":"2025-10-09T20:08:24+00:00","breadcrumb":{"@id":"https:\/\/www.bellunopress.it\/2025\/10\/07\/rosa-e-giovanni-una-storia-damore-nella-belluno-della-seconda-guerra-mondiale-giovedi-la-presentazione\/#breadcrumb"},"inLanguage":"fr-FR","potentialAction":[{"@type":"ReadAction","target":["https:\/\/www.bellunopress.it\/2025\/10\/07\/rosa-e-giovanni-una-storia-damore-nella-belluno-della-seconda-guerra-mondiale-giovedi-la-presentazione\/"]}]},{"@type":"ImageObject","inLanguage":"fr-FR","@id":"https:\/\/www.bellunopress.it\/2025\/10\/07\/rosa-e-giovanni-una-storia-damore-nella-belluno-della-seconda-guerra-mondiale-giovedi-la-presentazione\/#primaryimage","url":"https:\/\/www.bellunopress.it\/wp-content\/uploads\/2025\/10\/locandina-Rosa-e-Giovanni_edited.jpg","contentUrl":"https:\/\/www.bellunopress.it\/wp-content\/uploads\/2025\/10\/locandina-Rosa-e-Giovanni_edited.jpg","width":800,"height":586},{"@type":"BreadcrumbList","@id":"https:\/\/www.bellunopress.it\/2025\/10\/07\/rosa-e-giovanni-una-storia-damore-nella-belluno-della-seconda-guerra-mondiale-giovedi-la-presentazione\/#breadcrumb","itemListElement":[{"@type":"ListItem","position":1,"name":"Home","item":"https:\/\/www.bellunopress.it\/"},{"@type":"ListItem","position":2,"name":"Rosa e Giovanni: una storia d\u2019amore nella Belluno della Seconda guerra mondiale. Gioved\u00ec la presentazione"}]},{"@type":"WebSite","@id":"https:\/\/www.bellunopress.it\/#website","url":"https:\/\/www.bellunopress.it\/","name":"Bellunopress - Dolomiti","description":"e-mail: redazione@bellunopress.it","publisher":{"@id":"https:\/\/www.bellunopress.it\/#organization"},"potentialAction":[{"@type":"SearchAction","target":{"@type":"EntryPoint","urlTemplate":"https:\/\/www.bellunopress.it\/?s={search_term_string}"},"query-input":{"@type":"PropertyValueSpecification","valueRequired":true,"valueName":"search_term_string"}}],"inLanguage":"fr-FR"},{"@type":"Organization","@id":"https:\/\/www.bellunopress.it\/#organization","name":"Bellunopress","url":"https:\/\/www.bellunopress.it\/","logo":{"@type":"ImageObject","inLanguage":"fr-FR","@id":"https:\/\/www.bellunopress.it\/#\/schema\/logo\/image\/","url":"https:\/\/www.bellunopress.it\/wp-content\/uploads\/2011\/05\/cropped-logo-bellunopress-.jpg","contentUrl":"https:\/\/www.bellunopress.it\/wp-content\/uploads\/2011\/05\/cropped-logo-bellunopress-.jpg","width":512,"height":512,"caption":"Bellunopress"},"image":{"@id":"https:\/\/www.bellunopress.it\/#\/schema\/logo\/image\/"},"sameAs":["https:\/\/www.facebook.com\/profile.php?id=100008943462799","https:\/\/x.com\/bellunopress","https:\/\/www.linkedin.com\/hp\/?dnr=JBzUWaJfMUw8vbXJJ2tVW5-I3jZKvC4wsoxE&amp;amp;amp;amp;amp;amp;trk=nav_responsive_tab_home","https:\/\/www.youtube.com\/channel\/UCxL0wu1uN0_3_7hGG0306cw"]},{"@type":"Person","@id":"https:\/\/www.bellunopress.it\/#\/schema\/person\/79bb06722b37ece1c03d3e94beb30d73","name":"r\u00e9daction","image":{"@type":"ImageObject","inLanguage":"fr-FR","@id":"https:\/\/secure.gravatar.com\/avatar\/37d968a2e67a6fd04c169c4bdef102d0bc5d31b2546345219e348575eb80e9a0?s=96&d=mm&r=g","url":"https:\/\/secure.gravatar.com\/avatar\/37d968a2e67a6fd04c169c4bdef102d0bc5d31b2546345219e348575eb80e9a0?s=96&d=mm&r=g","contentUrl":"https:\/\/secure.gravatar.com\/avatar\/37d968a2e67a6fd04c169c4bdef102d0bc5d31b2546345219e348575eb80e9a0?s=96&d=mm&r=g","caption":"redazione"},"sameAs":["http:\/\/www.bellunopress.it","https:\/\/x.com\/bellunopress"],"url":"https:\/\/www.bellunopress.it\/fr\/author\/redazione\/"}]}},"_links":{"self":[{"href":"https:\/\/www.bellunopress.it\/fr\/wp-json\/wp\/v2\/posts\/163916","targetHints":{"allow":["GET"]}}],"collection":[{"href":"https:\/\/www.bellunopress.it\/fr\/wp-json\/wp\/v2\/posts"}],"about":[{"href":"https:\/\/www.bellunopress.it\/fr\/wp-json\/wp\/v2\/types\/post"}],"author":[{"embeddable":true,"href":"https:\/\/www.bellunopress.it\/fr\/wp-json\/wp\/v2\/users\/2"}],"replies":[{"embeddable":true,"href":"https:\/\/www.bellunopress.it\/fr\/wp-json\/wp\/v2\/comments?post=163916"}],"version-history":[{"count":1,"href":"https:\/\/www.bellunopress.it\/fr\/wp-json\/wp\/v2\/posts\/163916\/revisions"}],"predecessor-version":[{"id":163918,"href":"https:\/\/www.bellunopress.it\/fr\/wp-json\/wp\/v2\/posts\/163916\/revisions\/163918"}],"wp:featuredmedia":[{"embeddable":true,"href":"https:\/\/www.bellunopress.it\/fr\/wp-json\/wp\/v2\/media\/163917"}],"wp:attachment":[{"href":"https:\/\/www.bellunopress.it\/fr\/wp-json\/wp\/v2\/media?parent=163916"}],"wp:term":[{"taxonomy":"category","embeddable":true,"href":"https:\/\/www.bellunopress.it\/fr\/wp-json\/wp\/v2\/categories?post=163916"},{"taxonomy":"post_tag","embeddable":true,"href":"https:\/\/www.bellunopress.it\/fr\/wp-json\/wp\/v2\/tags?post=163916"}],"curies":[{"name":"wp","href":"https:\/\/api.w.org\/{rel}","templated":true}]}}