{"id":163899,"date":"2025-10-06T19:54:57","date_gmt":"2025-10-06T17:54:57","guid":{"rendered":"https:\/\/www.bellunopress.it\/?p=163899"},"modified":"2025-10-06T19:54:57","modified_gmt":"2025-10-06T17:54:57","slug":"scoppio-trasformatore-a-ronce-problemi-per-il-transito-dei-vigili-del-fuoco","status":"publish","type":"post","link":"https:\/\/www.bellunopress.it\/fr\/2025\/10\/06\/scoppio-trasformatore-a-ronce-problemi-per-il-transito-dei-vigili-del-fuoco\/","title":{"rendered":"Scoppio trasformatore a Ronce, problemi per il transito dei Vigili del Fuoco"},"content":{"rendered":"<p><strong><img loading=\"lazy\" decoding=\"async\" class=\"aligncenter size-full wp-image-163900\" src=\"https:\/\/www.bellunopress.it\/wp-content\/uploads\/2025\/10\/vigili-del-fuoco-a-Ronce.jpg\" alt=\"\" width=\"800\" height=\"682\" srcset=\"https:\/\/www.bellunopress.it\/wp-content\/uploads\/2025\/10\/vigili-del-fuoco-a-Ronce.jpg 800w, https:\/\/www.bellunopress.it\/wp-content\/uploads\/2025\/10\/vigili-del-fuoco-a-Ronce-500x426.jpg 500w, https:\/\/www.bellunopress.it\/wp-content\/uploads\/2025\/10\/vigili-del-fuoco-a-Ronce-493x420.jpg 493w, https:\/\/www.bellunopress.it\/wp-content\/uploads\/2025\/10\/vigili-del-fuoco-a-Ronce-696x593.jpg 696w\" sizes=\"auto, (max-width: 800px) 100vw, 800px\" \/>Belluno Alpina: \u201cNecessaria una viabilit\u00e0 che garantisca sicurezza agli abitati\u201d<\/strong><\/p>\n<p>Belluno, 6 ottobre 2025 &#8211; Torna d\u2019attualit\u00e0 il tema della viabilit\u00e0 e dell\u2019accessibilit\u00e0 delle Prealpi del capoluogo: nella giornata di domenica 5 ottobre \u00e8 scoppiato il trasformatore dell\u2019Enel nel cortile delle ex scuole di Ronce. Frazioni pedemontane senza corrente per diverse ore.<\/p>\n<p>Per Belluno Alpina l\u2019incidente ha portato nuovamente alla luce una delle criticit\u00e0 del territorio.\u00a0\u201cL\u2019intervento dei Vigili del Fuoco \u00e8 stato tempestivo e incisivo come sempre\u201d, commenta il presidente Gimmy Dal Farra \u201cma decisiva \u00e8 stata l\u2019abilit\u00e0 dell\u2019autista del mezzo. Ho potuto assistere in prima persona alle operazioni di intervento e le difficolt\u00e0 per giungere sul posto, dovute alle condizioni e alle dimensioni della strada; sono stati necessari grandi capacit\u00e0, tanta pazienza e molto sangue freddo per compiere le tante manovre necessarie ad arrivare a destinazione sfiorando ramaglie, rocce e guardrail. Fortunatamente, tutto si \u00e8 concluso nel migliore dei modi\u201d.<\/p>\n<p>\u201cQuel che \u00e8 certo\u201d conclude Dal Farra \u201c\u00e8 che non \u00e8 possibile sperare sempre nella buona sorte e nelle capacit\u00e0 dei soccorritori, che ad ogni intervento mettono a rischio la propria incolumit\u00e0 e la propria vita e che proprio per questo ringraziamo per tutto quello che hanno fatto: servono interventi di manutenzione ma anche una progettualit\u00e0 che renda dignitosa l\u2019accessibilit\u00e0 dei nostri borghi. Servono supporti, ma pi\u00f9 in generale serve una politica che pensi anche ai territori sopra i 600 metri di quota: l\u2019incidente di domenica e le difficolt\u00e0 nei soccorsi non sono nuovi e questa non sar\u00e0 certo l\u2019ultima volta. Non stiamo parlando di capricci, ma di sicurezza della popolazione e del territorio: quanto accaduto deve portare a una risposta rapida da parte delle istituzioni\u201d.<\/p>\n<p>&nbsp;<\/p>","protected":false},"excerpt":{"rendered":"<p>Belluno Alpina: \u201cNecessaria una viabilit\u00e0 che garantisca sicurezza agli abitati\u201d Belluno, 6 ottobre 2025 &#8211; Torna d\u2019attualit\u00e0 il tema della viabilit\u00e0 e dell\u2019accessibilit\u00e0 delle Prealpi del capoluogo: nella giornata di domenica 5 ottobre \u00e8 scoppiato il trasformatore dell\u2019Enel nel cortile delle ex scuole di Ronce. Frazioni pedemontane senza corrente per diverse ore. Per Belluno Alpina [&hellip;]<\/p>\n","protected":false},"author":2,"featured_media":163900,"comment_status":"closed","ping_status":"open","sticky":false,"template":"","format":"standard","meta":{"footnotes":""},"categories":[5,26],"tags":[],"class_list":["post-163899","post","type-post","status-publish","format-standard","has-post-thumbnail","category-cronaca","category-prima-pagina"],"yoast_head":"<!-- This site is optimized with the Yoast SEO plugin v28.4 - https:\/\/yoast.com\/product\/yoast-seo-wordpress\/ -->\n<title>Scoppio trasformatore a Ronce, problemi per il transito dei Vigili del Fuoco - Bellunopress - Dolomiti<\/title>\n<meta name=\"robots\" content=\"index, follow, max-snippet:-1, max-image-preview:large, max-video-preview:-1\" \/>\n<link rel=\"canonical\" href=\"https:\/\/www.bellunopress.it\/fr\/2025\/10\/06\/scoppio-trasformatore-a-ronce-problemi-per-il-transito-dei-vigili-del-fuoco\/\" \/>\n<meta property=\"og:locale\" content=\"fr_FR\" \/>\n<meta property=\"og:type\" content=\"article\" \/>\n<meta property=\"og:title\" content=\"Scoppio trasformatore a Ronce, problemi per il transito dei Vigili del Fuoco - Bellunopress - Dolomiti\" \/>\n<meta property=\"og:description\" content=\"Belluno Alpina: \u201cNecessaria una viabilit\u00e0 che garantisca sicurezza agli abitati\u201d Belluno, 6 ottobre 2025 &#8211; Torna d\u2019attualit\u00e0 il tema della viabilit\u00e0 e dell\u2019accessibilit\u00e0 delle Prealpi del capoluogo: nella giornata di domenica 5 ottobre \u00e8 scoppiato il trasformatore dell\u2019Enel nel cortile delle ex scuole di Ronce. Frazioni pedemontane senza corrente per diverse ore. Per Belluno Alpina [&hellip;]\" \/>\n<meta property=\"og:url\" content=\"https:\/\/www.bellunopress.it\/fr\/2025\/10\/06\/scoppio-trasformatore-a-ronce-problemi-per-il-transito-dei-vigili-del-fuoco\/\" \/>\n<meta property=\"og:site_name\" content=\"Bellunopress - Dolomiti\" \/>\n<meta property=\"article:publisher\" content=\"https:\/\/www.facebook.com\/profile.php?id=100008943462799\" \/>\n<meta property=\"article:published_time\" content=\"2025-10-06T17:54:57+00:00\" \/>\n<meta property=\"og:image\" content=\"https:\/\/www.bellunopress.it\/wp-content\/uploads\/2025\/10\/vigili-del-fuoco-a-Ronce.jpg\" \/>\n\t<meta property=\"og:image:width\" content=\"800\" \/>\n\t<meta property=\"og:image:height\" content=\"682\" \/>\n\t<meta property=\"og:image:type\" content=\"image\/jpeg\" \/>\n<meta name=\"author\" content=\"redazione\" \/>\n<meta name=\"twitter:card\" content=\"summary_large_image\" \/>\n<meta name=\"twitter:creator\" content=\"@bellunopress\" \/>\n<meta name=\"twitter:site\" content=\"@bellunopress\" \/>\n<meta name=\"twitter:label1\" content=\"\u00c9crit par\" \/>\n\t<meta name=\"twitter:data1\" content=\"redazione\" \/>\n\t<meta name=\"twitter:label2\" content=\"Dur\u00e9e de lecture estim\u00e9e\" \/>\n\t<meta name=\"twitter:data2\" content=\"1 minute\" \/>\n<script type=\"application\/ld+json\" class=\"yoast-schema-graph\">{\"@context\":\"https:\\\/\\\/schema.org\",\"@graph\":[{\"@type\":\"Article\",\"@id\":\"https:\\\/\\\/www.bellunopress.it\\\/2025\\\/10\\\/06\\\/scoppio-trasformatore-a-ronce-problemi-per-il-transito-dei-vigili-del-fuoco\\\/#article\",\"isPartOf\":{\"@id\":\"https:\\\/\\\/www.bellunopress.it\\\/2025\\\/10\\\/06\\\/scoppio-trasformatore-a-ronce-problemi-per-il-transito-dei-vigili-del-fuoco\\\/\"},\"author\":{\"name\":\"redazione\",\"@id\":\"https:\\\/\\\/www.bellunopress.it\\\/#\\\/schema\\\/person\\\/79bb06722b37ece1c03d3e94beb30d73\"},\"headline\":\"Scoppio trasformatore a Ronce, problemi per il transito dei Vigili del Fuoco\",\"datePublished\":\"2025-10-06T17:54:57+00:00\",\"mainEntityOfPage\":{\"@id\":\"https:\\\/\\\/www.bellunopress.it\\\/2025\\\/10\\\/06\\\/scoppio-trasformatore-a-ronce-problemi-per-il-transito-dei-vigili-del-fuoco\\\/\"},\"wordCount\":290,\"publisher\":{\"@id\":\"https:\\\/\\\/www.bellunopress.it\\\/#organization\"},\"image\":{\"@id\":\"https:\\\/\\\/www.bellunopress.it\\\/2025\\\/10\\\/06\\\/scoppio-trasformatore-a-ronce-problemi-per-il-transito-dei-vigili-del-fuoco\\\/#primaryimage\"},\"thumbnailUrl\":\"https:\\\/\\\/www.bellunopress.it\\\/wp-content\\\/uploads\\\/2025\\\/10\\\/vigili-del-fuoco-a-Ronce.jpg\",\"articleSection\":[\"Cronaca\\\/Politica\",\"Prima Pagina\"],\"inLanguage\":\"fr-FR\"},{\"@type\":\"WebPage\",\"@id\":\"https:\\\/\\\/www.bellunopress.it\\\/2025\\\/10\\\/06\\\/scoppio-trasformatore-a-ronce-problemi-per-il-transito-dei-vigili-del-fuoco\\\/\",\"url\":\"https:\\\/\\\/www.bellunopress.it\\\/2025\\\/10\\\/06\\\/scoppio-trasformatore-a-ronce-problemi-per-il-transito-dei-vigili-del-fuoco\\\/\",\"name\":\"Scoppio trasformatore a Ronce, problemi per il transito dei Vigili del Fuoco - Bellunopress - Dolomiti\",\"isPartOf\":{\"@id\":\"https:\\\/\\\/www.bellunopress.it\\\/#website\"},\"primaryImageOfPage\":{\"@id\":\"https:\\\/\\\/www.bellunopress.it\\\/2025\\\/10\\\/06\\\/scoppio-trasformatore-a-ronce-problemi-per-il-transito-dei-vigili-del-fuoco\\\/#primaryimage\"},\"image\":{\"@id\":\"https:\\\/\\\/www.bellunopress.it\\\/2025\\\/10\\\/06\\\/scoppio-trasformatore-a-ronce-problemi-per-il-transito-dei-vigili-del-fuoco\\\/#primaryimage\"},\"thumbnailUrl\":\"https:\\\/\\\/www.bellunopress.it\\\/wp-content\\\/uploads\\\/2025\\\/10\\\/vigili-del-fuoco-a-Ronce.jpg\",\"datePublished\":\"2025-10-06T17:54:57+00:00\",\"breadcrumb\":{\"@id\":\"https:\\\/\\\/www.bellunopress.it\\\/2025\\\/10\\\/06\\\/scoppio-trasformatore-a-ronce-problemi-per-il-transito-dei-vigili-del-fuoco\\\/#breadcrumb\"},\"inLanguage\":\"fr-FR\",\"potentialAction\":[{\"@type\":\"ReadAction\",\"target\":[\"https:\\\/\\\/www.bellunopress.it\\\/2025\\\/10\\\/06\\\/scoppio-trasformatore-a-ronce-problemi-per-il-transito-dei-vigili-del-fuoco\\\/\"]}]},{\"@type\":\"ImageObject\",\"inLanguage\":\"fr-FR\",\"@id\":\"https:\\\/\\\/www.bellunopress.it\\\/2025\\\/10\\\/06\\\/scoppio-trasformatore-a-ronce-problemi-per-il-transito-dei-vigili-del-fuoco\\\/#primaryimage\",\"url\":\"https:\\\/\\\/www.bellunopress.it\\\/wp-content\\\/uploads\\\/2025\\\/10\\\/vigili-del-fuoco-a-Ronce.jpg\",\"contentUrl\":\"https:\\\/\\\/www.bellunopress.it\\\/wp-content\\\/uploads\\\/2025\\\/10\\\/vigili-del-fuoco-a-Ronce.jpg\",\"width\":800,\"height\":682},{\"@type\":\"BreadcrumbList\",\"@id\":\"https:\\\/\\\/www.bellunopress.it\\\/2025\\\/10\\\/06\\\/scoppio-trasformatore-a-ronce-problemi-per-il-transito-dei-vigili-del-fuoco\\\/#breadcrumb\",\"itemListElement\":[{\"@type\":\"ListItem\",\"position\":1,\"name\":\"Home\",\"item\":\"https:\\\/\\\/www.bellunopress.it\\\/\"},{\"@type\":\"ListItem\",\"position\":2,\"name\":\"Scoppio trasformatore a Ronce, problemi per il transito dei Vigili del Fuoco\"}]},{\"@type\":\"WebSite\",\"@id\":\"https:\\\/\\\/www.bellunopress.it\\\/#website\",\"url\":\"https:\\\/\\\/www.bellunopress.it\\\/\",\"name\":\"Bellunopress - Dolomiti\",\"description\":\"e-mail: redazione@bellunopress.it\",\"publisher\":{\"@id\":\"https:\\\/\\\/www.bellunopress.it\\\/#organization\"},\"potentialAction\":[{\"@type\":\"SearchAction\",\"target\":{\"@type\":\"EntryPoint\",\"urlTemplate\":\"https:\\\/\\\/www.bellunopress.it\\\/?s={search_term_string}\"},\"query-input\":{\"@type\":\"PropertyValueSpecification\",\"valueRequired\":true,\"valueName\":\"search_term_string\"}}],\"inLanguage\":\"fr-FR\"},{\"@type\":\"Organization\",\"@id\":\"https:\\\/\\\/www.bellunopress.it\\\/#organization\",\"name\":\"Bellunopress\",\"url\":\"https:\\\/\\\/www.bellunopress.it\\\/\",\"logo\":{\"@type\":\"ImageObject\",\"inLanguage\":\"fr-FR\",\"@id\":\"https:\\\/\\\/www.bellunopress.it\\\/#\\\/schema\\\/logo\\\/image\\\/\",\"url\":\"https:\\\/\\\/www.bellunopress.it\\\/wp-content\\\/uploads\\\/2011\\\/05\\\/cropped-logo-bellunopress-.jpg\",\"contentUrl\":\"https:\\\/\\\/www.bellunopress.it\\\/wp-content\\\/uploads\\\/2011\\\/05\\\/cropped-logo-bellunopress-.jpg\",\"width\":512,\"height\":512,\"caption\":\"Bellunopress\"},\"image\":{\"@id\":\"https:\\\/\\\/www.bellunopress.it\\\/#\\\/schema\\\/logo\\\/image\\\/\"},\"sameAs\":[\"https:\\\/\\\/www.facebook.com\\\/profile.php?id=100008943462799\",\"https:\\\/\\\/x.com\\\/bellunopress\",\"https:\\\/\\\/www.linkedin.com\\\/hp\\\/?dnr=JBzUWaJfMUw8vbXJJ2tVW5-I3jZKvC4wsoxE&amp;amp;amp;amp;amp;amp;trk=nav_responsive_tab_home\",\"https:\\\/\\\/www.youtube.com\\\/channel\\\/UCxL0wu1uN0_3_7hGG0306cw\"]},{\"@type\":\"Person\",\"@id\":\"https:\\\/\\\/www.bellunopress.it\\\/#\\\/schema\\\/person\\\/79bb06722b37ece1c03d3e94beb30d73\",\"name\":\"redazione\",\"image\":{\"@type\":\"ImageObject\",\"inLanguage\":\"fr-FR\",\"@id\":\"https:\\\/\\\/secure.gravatar.com\\\/avatar\\\/37d968a2e67a6fd04c169c4bdef102d0bc5d31b2546345219e348575eb80e9a0?s=96&d=mm&r=g\",\"url\":\"https:\\\/\\\/secure.gravatar.com\\\/avatar\\\/37d968a2e67a6fd04c169c4bdef102d0bc5d31b2546345219e348575eb80e9a0?s=96&d=mm&r=g\",\"contentUrl\":\"https:\\\/\\\/secure.gravatar.com\\\/avatar\\\/37d968a2e67a6fd04c169c4bdef102d0bc5d31b2546345219e348575eb80e9a0?s=96&d=mm&r=g\",\"caption\":\"redazione\"},\"sameAs\":[\"http:\\\/\\\/www.bellunopress.it\",\"https:\\\/\\\/x.com\\\/bellunopress\"],\"url\":\"https:\\\/\\\/www.bellunopress.it\\\/fr\\\/author\\\/redazione\\\/\"}]}<\/script>\n<!-- \/ Yoast SEO plugin. -->","yoast_head_json":{"title":"Scoppio trasformatore a Ronce, problemi per il transito dei Vigili del Fuoco - Bellunopress - Dolomiti","robots":{"index":"index","follow":"follow","max-snippet":"max-snippet:-1","max-image-preview":"max-image-preview:large","max-video-preview":"max-video-preview:-1"},"canonical":"https:\/\/www.bellunopress.it\/fr\/2025\/10\/06\/scoppio-trasformatore-a-ronce-problemi-per-il-transito-dei-vigili-del-fuoco\/","og_locale":"fr_FR","og_type":"article","og_title":"Scoppio trasformatore a Ronce, problemi per il transito dei Vigili del Fuoco - Bellunopress - Dolomiti","og_description":"Belluno Alpina: \u201cNecessaria una viabilit\u00e0 che garantisca sicurezza agli abitati\u201d Belluno, 6 ottobre 2025 &#8211; Torna d\u2019attualit\u00e0 il tema della viabilit\u00e0 e dell\u2019accessibilit\u00e0 delle Prealpi del capoluogo: nella giornata di domenica 5 ottobre \u00e8 scoppiato il trasformatore dell\u2019Enel nel cortile delle ex scuole di Ronce. Frazioni pedemontane senza corrente per diverse ore. Per Belluno Alpina [&hellip;]","og_url":"https:\/\/www.bellunopress.it\/fr\/2025\/10\/06\/scoppio-trasformatore-a-ronce-problemi-per-il-transito-dei-vigili-del-fuoco\/","og_site_name":"Bellunopress - Dolomiti","article_publisher":"https:\/\/www.facebook.com\/profile.php?id=100008943462799","article_published_time":"2025-10-06T17:54:57+00:00","og_image":[{"width":800,"height":682,"url":"https:\/\/www.bellunopress.it\/wp-content\/uploads\/2025\/10\/vigili-del-fuoco-a-Ronce.jpg","type":"image\/jpeg"}],"author":"redazione","twitter_card":"summary_large_image","twitter_creator":"@bellunopress","twitter_site":"@bellunopress","twitter_misc":{"\u00c9crit par":"redazione","Dur\u00e9e de lecture estim\u00e9e":"1 minute"},"schema":{"@context":"https:\/\/schema.org","@graph":[{"@type":"Article","@id":"https:\/\/www.bellunopress.it\/2025\/10\/06\/scoppio-trasformatore-a-ronce-problemi-per-il-transito-dei-vigili-del-fuoco\/#article","isPartOf":{"@id":"https:\/\/www.bellunopress.it\/2025\/10\/06\/scoppio-trasformatore-a-ronce-problemi-per-il-transito-dei-vigili-del-fuoco\/"},"author":{"name":"redazione","@id":"https:\/\/www.bellunopress.it\/#\/schema\/person\/79bb06722b37ece1c03d3e94beb30d73"},"headline":"Scoppio trasformatore a Ronce, problemi per il transito dei Vigili del Fuoco","datePublished":"2025-10-06T17:54:57+00:00","mainEntityOfPage":{"@id":"https:\/\/www.bellunopress.it\/2025\/10\/06\/scoppio-trasformatore-a-ronce-problemi-per-il-transito-dei-vigili-del-fuoco\/"},"wordCount":290,"publisher":{"@id":"https:\/\/www.bellunopress.it\/#organization"},"image":{"@id":"https:\/\/www.bellunopress.it\/2025\/10\/06\/scoppio-trasformatore-a-ronce-problemi-per-il-transito-dei-vigili-del-fuoco\/#primaryimage"},"thumbnailUrl":"https:\/\/www.bellunopress.it\/wp-content\/uploads\/2025\/10\/vigili-del-fuoco-a-Ronce.jpg","articleSection":["Cronaca\/Politica","Prima Pagina"],"inLanguage":"fr-FR"},{"@type":"WebPage","@id":"https:\/\/www.bellunopress.it\/2025\/10\/06\/scoppio-trasformatore-a-ronce-problemi-per-il-transito-dei-vigili-del-fuoco\/","url":"https:\/\/www.bellunopress.it\/2025\/10\/06\/scoppio-trasformatore-a-ronce-problemi-per-il-transito-dei-vigili-del-fuoco\/","name":"Scoppio trasformatore a Ronce, problemi per il transito dei Vigili del Fuoco - Bellunopress - Dolomiti","isPartOf":{"@id":"https:\/\/www.bellunopress.it\/#website"},"primaryImageOfPage":{"@id":"https:\/\/www.bellunopress.it\/2025\/10\/06\/scoppio-trasformatore-a-ronce-problemi-per-il-transito-dei-vigili-del-fuoco\/#primaryimage"},"image":{"@id":"https:\/\/www.bellunopress.it\/2025\/10\/06\/scoppio-trasformatore-a-ronce-problemi-per-il-transito-dei-vigili-del-fuoco\/#primaryimage"},"thumbnailUrl":"https:\/\/www.bellunopress.it\/wp-content\/uploads\/2025\/10\/vigili-del-fuoco-a-Ronce.jpg","datePublished":"2025-10-06T17:54:57+00:00","breadcrumb":{"@id":"https:\/\/www.bellunopress.it\/2025\/10\/06\/scoppio-trasformatore-a-ronce-problemi-per-il-transito-dei-vigili-del-fuoco\/#breadcrumb"},"inLanguage":"fr-FR","potentialAction":[{"@type":"ReadAction","target":["https:\/\/www.bellunopress.it\/2025\/10\/06\/scoppio-trasformatore-a-ronce-problemi-per-il-transito-dei-vigili-del-fuoco\/"]}]},{"@type":"ImageObject","inLanguage":"fr-FR","@id":"https:\/\/www.bellunopress.it\/2025\/10\/06\/scoppio-trasformatore-a-ronce-problemi-per-il-transito-dei-vigili-del-fuoco\/#primaryimage","url":"https:\/\/www.bellunopress.it\/wp-content\/uploads\/2025\/10\/vigili-del-fuoco-a-Ronce.jpg","contentUrl":"https:\/\/www.bellunopress.it\/wp-content\/uploads\/2025\/10\/vigili-del-fuoco-a-Ronce.jpg","width":800,"height":682},{"@type":"BreadcrumbList","@id":"https:\/\/www.bellunopress.it\/2025\/10\/06\/scoppio-trasformatore-a-ronce-problemi-per-il-transito-dei-vigili-del-fuoco\/#breadcrumb","itemListElement":[{"@type":"ListItem","position":1,"name":"Home","item":"https:\/\/www.bellunopress.it\/"},{"@type":"ListItem","position":2,"name":"Scoppio trasformatore a Ronce, problemi per il transito dei Vigili del Fuoco"}]},{"@type":"WebSite","@id":"https:\/\/www.bellunopress.it\/#website","url":"https:\/\/www.bellunopress.it\/","name":"Bellunopress - Dolomiti","description":"e-mail: redazione@bellunopress.it","publisher":{"@id":"https:\/\/www.bellunopress.it\/#organization"},"potentialAction":[{"@type":"SearchAction","target":{"@type":"EntryPoint","urlTemplate":"https:\/\/www.bellunopress.it\/?s={search_term_string}"},"query-input":{"@type":"PropertyValueSpecification","valueRequired":true,"valueName":"search_term_string"}}],"inLanguage":"fr-FR"},{"@type":"Organization","@id":"https:\/\/www.bellunopress.it\/#organization","name":"Bellunopress","url":"https:\/\/www.bellunopress.it\/","logo":{"@type":"ImageObject","inLanguage":"fr-FR","@id":"https:\/\/www.bellunopress.it\/#\/schema\/logo\/image\/","url":"https:\/\/www.bellunopress.it\/wp-content\/uploads\/2011\/05\/cropped-logo-bellunopress-.jpg","contentUrl":"https:\/\/www.bellunopress.it\/wp-content\/uploads\/2011\/05\/cropped-logo-bellunopress-.jpg","width":512,"height":512,"caption":"Bellunopress"},"image":{"@id":"https:\/\/www.bellunopress.it\/#\/schema\/logo\/image\/"},"sameAs":["https:\/\/www.facebook.com\/profile.php?id=100008943462799","https:\/\/x.com\/bellunopress","https:\/\/www.linkedin.com\/hp\/?dnr=JBzUWaJfMUw8vbXJJ2tVW5-I3jZKvC4wsoxE&amp;amp;amp;amp;amp;amp;trk=nav_responsive_tab_home","https:\/\/www.youtube.com\/channel\/UCxL0wu1uN0_3_7hGG0306cw"]},{"@type":"Person","@id":"https:\/\/www.bellunopress.it\/#\/schema\/person\/79bb06722b37ece1c03d3e94beb30d73","name":"r\u00e9daction","image":{"@type":"ImageObject","inLanguage":"fr-FR","@id":"https:\/\/secure.gravatar.com\/avatar\/37d968a2e67a6fd04c169c4bdef102d0bc5d31b2546345219e348575eb80e9a0?s=96&d=mm&r=g","url":"https:\/\/secure.gravatar.com\/avatar\/37d968a2e67a6fd04c169c4bdef102d0bc5d31b2546345219e348575eb80e9a0?s=96&d=mm&r=g","contentUrl":"https:\/\/secure.gravatar.com\/avatar\/37d968a2e67a6fd04c169c4bdef102d0bc5d31b2546345219e348575eb80e9a0?s=96&d=mm&r=g","caption":"redazione"},"sameAs":["http:\/\/www.bellunopress.it","https:\/\/x.com\/bellunopress"],"url":"https:\/\/www.bellunopress.it\/fr\/author\/redazione\/"}]}},"_links":{"self":[{"href":"https:\/\/www.bellunopress.it\/fr\/wp-json\/wp\/v2\/posts\/163899","targetHints":{"allow":["GET"]}}],"collection":[{"href":"https:\/\/www.bellunopress.it\/fr\/wp-json\/wp\/v2\/posts"}],"about":[{"href":"https:\/\/www.bellunopress.it\/fr\/wp-json\/wp\/v2\/types\/post"}],"author":[{"embeddable":true,"href":"https:\/\/www.bellunopress.it\/fr\/wp-json\/wp\/v2\/users\/2"}],"replies":[{"embeddable":true,"href":"https:\/\/www.bellunopress.it\/fr\/wp-json\/wp\/v2\/comments?post=163899"}],"version-history":[{"count":1,"href":"https:\/\/www.bellunopress.it\/fr\/wp-json\/wp\/v2\/posts\/163899\/revisions"}],"predecessor-version":[{"id":163901,"href":"https:\/\/www.bellunopress.it\/fr\/wp-json\/wp\/v2\/posts\/163899\/revisions\/163901"}],"wp:featuredmedia":[{"embeddable":true,"href":"https:\/\/www.bellunopress.it\/fr\/wp-json\/wp\/v2\/media\/163900"}],"wp:attachment":[{"href":"https:\/\/www.bellunopress.it\/fr\/wp-json\/wp\/v2\/media?parent=163899"}],"wp:term":[{"taxonomy":"category","embeddable":true,"href":"https:\/\/www.bellunopress.it\/fr\/wp-json\/wp\/v2\/categories?post=163899"},{"taxonomy":"post_tag","embeddable":true,"href":"https:\/\/www.bellunopress.it\/fr\/wp-json\/wp\/v2\/tags?post=163899"}],"curies":[{"name":"wp","href":"https:\/\/api.w.org\/{rel}","templated":true}]}}