{"id":163896,"date":"2025-10-06T18:53:21","date_gmt":"2025-10-06T16:53:21","guid":{"rendered":"https:\/\/www.bellunopress.it\/?p=163896"},"modified":"2025-10-07T07:12:43","modified_gmt":"2025-10-07T05:12:43","slug":"la-buona-novella-di-franco-battaglia-di-filiberto-dal-molin","status":"publish","type":"post","link":"https:\/\/www.bellunopress.it\/fr\/2025\/10\/06\/la-buona-novella-di-franco-battaglia-di-filiberto-dal-molin\/","title":{"rendered":"La buona novella di Franco Battaglia   * di Filiberto Dal Molin"},"content":{"rendered":"<p><img loading=\"lazy\" decoding=\"async\" class=\"aligncenter size-full wp-image-163897\" src=\"https:\/\/www.bellunopress.it\/wp-content\/uploads\/2025\/10\/cambiamento-climatico_edited.jpg\" alt=\"\" width=\"800\" height=\"500\" srcset=\"https:\/\/www.bellunopress.it\/wp-content\/uploads\/2025\/10\/cambiamento-climatico_edited.jpg 800w, https:\/\/www.bellunopress.it\/wp-content\/uploads\/2025\/10\/cambiamento-climatico_edited-500x313.jpg 500w, https:\/\/www.bellunopress.it\/wp-content\/uploads\/2025\/10\/cambiamento-climatico_edited-672x420.jpg 672w, https:\/\/www.bellunopress.it\/wp-content\/uploads\/2025\/10\/cambiamento-climatico_edited-696x435.jpg 696w\" sizes=\"auto, (max-width: 800px) 100vw, 800px\" \/>Belluno 6 ottobre 2025 &#8211;\u00a0Nella serata di sabato 4 ottobre, nel salone delle conferenze della parrocchia di Cavarzano a Belluno, con la presentazione di Daniele Trabucco, professore in diritto Costituzionale, abbiamo assistito alla relazione di Franco Battaglia, docente universitario di chimica e fisica.<\/p>\n<p>L&#8217;argomento verteva sul cambiamento climatico: su questo tema le argomentazioni e le affermazioni del professor Battaglia sono state di grande interesse e possono essere considerate una vera e propria Buona Novella per il nostro mondo, in cui le prospettive di un Clima che registra un progressivo aumento della temperatura, ci facevano temere un futuro catastrofico in balia di temperature incompatibili con la vita.<\/p>\n<p>Franco Battaglia \u00e8 stato categorico: non esiste alcun cambiamento climatico. Non c&#8217;\u00e8 relazione tra il modesto aumento della temperatura attuale e l&#8217;aumentata concentrazione di CO2 atmosferica. La CO2 oltre la concentrazione di 300 ppm non assorbe pi\u00f9 l&#8217;energia solare. Fortunatamente siamo 8 miliardi di persone e facciamo benissimo a bruciare i combustibili fossili perch\u00e9 la CO2 prodotta \u00e8 indispensabile per la crescita delle piante e non pu\u00f2 produrre alcun aumento della temperatura. Le previsioni catastrofiche di uno scioglimento dei ghiacci al polo nord si sono dimostrate infondate perch\u00e9 nel mare artico i ghiacci sono sempre l\u00ec, come prima.<\/p>\n<p>Quindi, in sintesi, la conclusione del professor Battaglia: perch\u00e9 temere un cambiamento climatico?<\/p>\n<p>Abbiamo chiesto al professor Battaglia come si possa spiegare che Venere, con la sua atmosfera di CO2 al 96%, abbia una temperatura al suolo di 480 \u00b0C, invariabili durante la notte, il giorno e alle diverse latitudini. Egli ci ha risposto che non se ne occupa, che \u00e8 un altro problema, e che su Venere ci sono altre situazioni particolari. Ci ha fatto pensare che la nostra stella del mattino e della sera, la pi\u00f9 vicina a noi, segua altre leggi nella chimico-fisica della CO2.<\/p>\n<p>Nessuno ha avuto l&#8217;ardire di comunicare al Professor Battaglia che il secolare problema del passaggio a Nord-Ovest si \u00e8 risolto proprio in questi anni col libero transito di tutte le imbarcazioni per lo scioglimento di tutti i ghiacci, rendendo quel mare pescoso e provvidenziale per fornire nuove fonti di petrolio. Anche la Groenlandia sta acquisendo correttamente le caratteristiche di &#8220;verde terra&#8221; in linea con gli interessi espansionistici di Trump.<\/p>\n<p>Abbiamo chiesto al moderatore professor Trabucco se riteneva opportuno promuovere sul tema un confronto tra due scienziati, organizzando un nuovo convegno col professor Franco Battaglia e con uno scienziato esperto di clima. Il prof.Trabucco si \u00e8 dichiarato subito disponibile e il prof. Battaglia pure. Egli ha dichiarato peraltro che sono gli altri a non volere un confronto con lui.<\/p>\n<p>Dopo i cordiali saluti e ringraziamenti ci siamo accorti di aver omesso una domanda importante al prof. Battaglia: cui prodest sostenere la storia terrorizzante del cambiamento climatico?<\/p>\n<p>Speriamo che ritorni al nostro invito di un confronto.<\/p>\n<p>dr. Filiberto Dal Molin<\/p>\n<p>*************************************************************************<\/p>\n<p>C&#8217;\u00e8 una rettifica all&#8217;articolo pubblicata sul gruppo Facebook &#8220;Belluno, attualit\u00e0 e politica&#8221; che riportiamo:<\/p>\n<p><span class=\"xt0psk2\"><a class=\"x1i10hfl xjbqb8w x1ejq31n x18oe1m7 x1sy0etr xstzfhl x972fbf x10w94by x1qhh985 x14e42zd x9f619 x1ypdohk xt0psk2 x3ct3a4 xdj266r x14z9mp xat24cr x1lziwak xexx8yu xyri2b x18d9i69 x1c1uobl x16tdsg8 x1hl2dhg xggy1nq x1a2a7pz x1heor9g xkrqix3 x1sur9pj x1s688f\" tabindex=\"0\" role=\"link\" href=\"https:\/\/www.facebook.com\/groups\/1378734282191670\/user\/61551574051852\/?__cft__[0]=AZWt-rzQGscNx-Bpn-hgQ8mz47MZSMubypvqZVDsmfrpjCqYdR_muW63sx8VOO099VYeO8dHJ1qqDeGdmbVqzPl_eEflb63BvI6K3JN_tAqHaj6qQm9WAA-9wvMdxjJ4i7ZxNS2Xc_0uqUPaOCFD58CJMXrJ_oju3vJPZq0UBFYR9lfO1KUhcsY0dN0HrH0nPnpSkfFj6-0RcrBVd_j-dLNP&amp;__tn__=R-R\" aria-hidden=\"false\"><span class=\"x3nfvp2\"><span class=\"x193iq5w xeuugli x13faqbe x1vvkbs x1xmvt09 x1lliihq x1s928wv xhkezso x1gmr53x x1cpjm7i x1fgarty x1943h6x x4zkp8e x676frb x1nxh6w3 x1sibtaa x1s688f xzsf02u\" dir=\"auto\">Outlier<\/span><\/span><\/a><\/span><\/p>\n<div class=\"x1lliihq xjkvuk6 x1iorvi4\">\n<div class=\"xdj266r x14z9mp xat24cr x1lziwak x1vvkbs\">\n<div dir=\"auto\">L&#8217;attribuzione al prof. Battaglia &#8220;non esiste alcun cambiamento climatico&#8221; \u00e8 totalmente sbagliata. Ha affermato invece che il cambiamento esiste ma la causa non \u00e8 di natura antropica. Ha risposto anche alla domanda a chi giova sostenere il contrario. Ma per questo non serve essere professori, basta seguire le notizie economiche e finanziarie, ossia l&#8217;odore dei soldi.<\/div>\n<\/div>\n<\/div>\n<p>&nbsp;<\/p>\n","protected":false},"excerpt":{"rendered":"<p>Belluno 6 ottobre 2025 &#8211;\u00a0Nella serata di sabato 4 ottobre, nel salone delle conferenze della parrocchia di Cavarzano a Belluno, con la presentazione di Daniele Trabucco, professore in diritto Costituzionale, abbiamo assistito alla relazione di Franco Battaglia, docente universitario di chimica e fisica. L&#8217;argomento verteva sul cambiamento climatico: su questo tema le argomentazioni e le [&hellip;]<\/p>\n","protected":false},"author":2,"featured_media":163897,"comment_status":"closed","ping_status":"open","sticky":false,"template":"","format":"standard","meta":{"footnotes":""},"categories":[3614,26],"tags":[],"class_list":["post-163896","post","type-post","status-publish","format-standard","has-post-thumbnail","category-controcorrente","category-prima-pagina"],"yoast_head":"<!-- This site is optimized with the Yoast SEO plugin v28.4 - https:\/\/yoast.com\/product\/yoast-seo-wordpress\/ -->\n<title>La buona novella di Franco Battaglia  * di Filiberto Dal Molin - Bellunopress - Dolomiti<\/title>\n<meta name=\"robots\" content=\"index, follow, max-snippet:-1, max-image-preview:large, max-video-preview:-1\" \/>\n<link rel=\"canonical\" href=\"https:\/\/www.bellunopress.it\/fr\/2025\/10\/06\/la-buona-novella-di-franco-battaglia-di-filiberto-dal-molin\/\" \/>\n<meta property=\"og:locale\" content=\"fr_FR\" \/>\n<meta property=\"og:type\" content=\"article\" \/>\n<meta property=\"og:title\" content=\"La buona novella di Franco Battaglia  * di Filiberto Dal Molin - Bellunopress - Dolomiti\" \/>\n<meta property=\"og:description\" content=\"Belluno 6 ottobre 2025 &#8211;\u00a0Nella serata di sabato 4 ottobre, nel salone delle conferenze della parrocchia di Cavarzano a Belluno, con la presentazione di Daniele Trabucco, professore in diritto Costituzionale, abbiamo assistito alla relazione di Franco Battaglia, docente universitario di chimica e fisica. L&#8217;argomento verteva sul cambiamento climatico: su questo tema le argomentazioni e le [&hellip;]\" \/>\n<meta property=\"og:url\" content=\"https:\/\/www.bellunopress.it\/fr\/2025\/10\/06\/la-buona-novella-di-franco-battaglia-di-filiberto-dal-molin\/\" \/>\n<meta property=\"og:site_name\" content=\"Bellunopress - Dolomiti\" \/>\n<meta property=\"article:publisher\" content=\"https:\/\/www.facebook.com\/profile.php?id=100008943462799\" \/>\n<meta property=\"article:published_time\" content=\"2025-10-06T16:53:21+00:00\" \/>\n<meta property=\"article:modified_time\" content=\"2025-10-07T05:12:43+00:00\" \/>\n<meta property=\"og:image\" content=\"https:\/\/www.bellunopress.it\/wp-content\/uploads\/2025\/10\/cambiamento-climatico_edited.jpg\" \/>\n\t<meta property=\"og:image:width\" content=\"800\" \/>\n\t<meta property=\"og:image:height\" content=\"500\" \/>\n\t<meta property=\"og:image:type\" content=\"image\/jpeg\" \/>\n<meta name=\"author\" content=\"redazione\" \/>\n<meta name=\"twitter:card\" content=\"summary_large_image\" \/>\n<meta name=\"twitter:creator\" content=\"@bellunopress\" \/>\n<meta name=\"twitter:site\" content=\"@bellunopress\" \/>\n<meta name=\"twitter:label1\" content=\"Written by\" \/>\n\t<meta name=\"twitter:data1\" content=\"redazione\" \/>\n\t<meta name=\"twitter:label2\" content=\"Est. reading time\" \/>\n\t<meta name=\"twitter:data2\" content=\"3 minutes\" \/>\n<script type=\"application\/ld+json\" class=\"yoast-schema-graph\">{\"@context\":\"https:\\\/\\\/schema.org\",\"@graph\":[{\"@type\":\"Article\",\"@id\":\"https:\\\/\\\/www.bellunopress.it\\\/2025\\\/10\\\/06\\\/la-buona-novella-di-franco-battaglia-di-filiberto-dal-molin\\\/#article\",\"isPartOf\":{\"@id\":\"https:\\\/\\\/www.bellunopress.it\\\/2025\\\/10\\\/06\\\/la-buona-novella-di-franco-battaglia-di-filiberto-dal-molin\\\/\"},\"author\":{\"name\":\"redazione\",\"@id\":\"https:\\\/\\\/www.bellunopress.it\\\/#\\\/schema\\\/person\\\/79bb06722b37ece1c03d3e94beb30d73\"},\"headline\":\"La buona novella di Franco Battaglia * di Filiberto Dal Molin\",\"datePublished\":\"2025-10-06T16:53:21+00:00\",\"dateModified\":\"2025-10-07T05:12:43+00:00\",\"mainEntityOfPage\":{\"@id\":\"https:\\\/\\\/www.bellunopress.it\\\/2025\\\/10\\\/06\\\/la-buona-novella-di-franco-battaglia-di-filiberto-dal-molin\\\/\"},\"wordCount\":547,\"publisher\":{\"@id\":\"https:\\\/\\\/www.bellunopress.it\\\/#organization\"},\"image\":{\"@id\":\"https:\\\/\\\/www.bellunopress.it\\\/2025\\\/10\\\/06\\\/la-buona-novella-di-franco-battaglia-di-filiberto-dal-molin\\\/#primaryimage\"},\"thumbnailUrl\":\"https:\\\/\\\/www.bellunopress.it\\\/wp-content\\\/uploads\\\/2025\\\/10\\\/cambiamento-climatico_edited.jpg\",\"articleSection\":[\"Controcorrente Dr Filiberto Dal Molin\",\"Prima Pagina\"],\"inLanguage\":\"fr-FR\"},{\"@type\":\"WebPage\",\"@id\":\"https:\\\/\\\/www.bellunopress.it\\\/2025\\\/10\\\/06\\\/la-buona-novella-di-franco-battaglia-di-filiberto-dal-molin\\\/\",\"url\":\"https:\\\/\\\/www.bellunopress.it\\\/2025\\\/10\\\/06\\\/la-buona-novella-di-franco-battaglia-di-filiberto-dal-molin\\\/\",\"name\":\"La buona novella di Franco Battaglia * di Filiberto Dal Molin - Bellunopress - Dolomiti\",\"isPartOf\":{\"@id\":\"https:\\\/\\\/www.bellunopress.it\\\/#website\"},\"primaryImageOfPage\":{\"@id\":\"https:\\\/\\\/www.bellunopress.it\\\/2025\\\/10\\\/06\\\/la-buona-novella-di-franco-battaglia-di-filiberto-dal-molin\\\/#primaryimage\"},\"image\":{\"@id\":\"https:\\\/\\\/www.bellunopress.it\\\/2025\\\/10\\\/06\\\/la-buona-novella-di-franco-battaglia-di-filiberto-dal-molin\\\/#primaryimage\"},\"thumbnailUrl\":\"https:\\\/\\\/www.bellunopress.it\\\/wp-content\\\/uploads\\\/2025\\\/10\\\/cambiamento-climatico_edited.jpg\",\"datePublished\":\"2025-10-06T16:53:21+00:00\",\"dateModified\":\"2025-10-07T05:12:43+00:00\",\"breadcrumb\":{\"@id\":\"https:\\\/\\\/www.bellunopress.it\\\/2025\\\/10\\\/06\\\/la-buona-novella-di-franco-battaglia-di-filiberto-dal-molin\\\/#breadcrumb\"},\"inLanguage\":\"fr-FR\",\"potentialAction\":[{\"@type\":\"ReadAction\",\"target\":[\"https:\\\/\\\/www.bellunopress.it\\\/2025\\\/10\\\/06\\\/la-buona-novella-di-franco-battaglia-di-filiberto-dal-molin\\\/\"]}]},{\"@type\":\"ImageObject\",\"inLanguage\":\"fr-FR\",\"@id\":\"https:\\\/\\\/www.bellunopress.it\\\/2025\\\/10\\\/06\\\/la-buona-novella-di-franco-battaglia-di-filiberto-dal-molin\\\/#primaryimage\",\"url\":\"https:\\\/\\\/www.bellunopress.it\\\/wp-content\\\/uploads\\\/2025\\\/10\\\/cambiamento-climatico_edited.jpg\",\"contentUrl\":\"https:\\\/\\\/www.bellunopress.it\\\/wp-content\\\/uploads\\\/2025\\\/10\\\/cambiamento-climatico_edited.jpg\",\"width\":800,\"height\":500},{\"@type\":\"BreadcrumbList\",\"@id\":\"https:\\\/\\\/www.bellunopress.it\\\/2025\\\/10\\\/06\\\/la-buona-novella-di-franco-battaglia-di-filiberto-dal-molin\\\/#breadcrumb\",\"itemListElement\":[{\"@type\":\"ListItem\",\"position\":1,\"name\":\"Home\",\"item\":\"https:\\\/\\\/www.bellunopress.it\\\/\"},{\"@type\":\"ListItem\",\"position\":2,\"name\":\"La buona novella di Franco Battaglia * di Filiberto Dal Molin\"}]},{\"@type\":\"WebSite\",\"@id\":\"https:\\\/\\\/www.bellunopress.it\\\/#website\",\"url\":\"https:\\\/\\\/www.bellunopress.it\\\/\",\"name\":\"Bellunopress - Dolomiti\",\"description\":\"e-mail: redazione@bellunopress.it\",\"publisher\":{\"@id\":\"https:\\\/\\\/www.bellunopress.it\\\/#organization\"},\"potentialAction\":[{\"@type\":\"SearchAction\",\"target\":{\"@type\":\"EntryPoint\",\"urlTemplate\":\"https:\\\/\\\/www.bellunopress.it\\\/?s={search_term_string}\"},\"query-input\":{\"@type\":\"PropertyValueSpecification\",\"valueRequired\":true,\"valueName\":\"search_term_string\"}}],\"inLanguage\":\"fr-FR\"},{\"@type\":\"Organization\",\"@id\":\"https:\\\/\\\/www.bellunopress.it\\\/#organization\",\"name\":\"Bellunopress\",\"url\":\"https:\\\/\\\/www.bellunopress.it\\\/\",\"logo\":{\"@type\":\"ImageObject\",\"inLanguage\":\"fr-FR\",\"@id\":\"https:\\\/\\\/www.bellunopress.it\\\/#\\\/schema\\\/logo\\\/image\\\/\",\"url\":\"https:\\\/\\\/www.bellunopress.it\\\/wp-content\\\/uploads\\\/2011\\\/05\\\/cropped-logo-bellunopress-.jpg\",\"contentUrl\":\"https:\\\/\\\/www.bellunopress.it\\\/wp-content\\\/uploads\\\/2011\\\/05\\\/cropped-logo-bellunopress-.jpg\",\"width\":512,\"height\":512,\"caption\":\"Bellunopress\"},\"image\":{\"@id\":\"https:\\\/\\\/www.bellunopress.it\\\/#\\\/schema\\\/logo\\\/image\\\/\"},\"sameAs\":[\"https:\\\/\\\/www.facebook.com\\\/profile.php?id=100008943462799\",\"https:\\\/\\\/x.com\\\/bellunopress\",\"https:\\\/\\\/www.linkedin.com\\\/hp\\\/?dnr=JBzUWaJfMUw8vbXJJ2tVW5-I3jZKvC4wsoxE&amp;amp;amp;amp;amp;amp;trk=nav_responsive_tab_home\",\"https:\\\/\\\/www.youtube.com\\\/channel\\\/UCxL0wu1uN0_3_7hGG0306cw\"]},{\"@type\":\"Person\",\"@id\":\"https:\\\/\\\/www.bellunopress.it\\\/#\\\/schema\\\/person\\\/79bb06722b37ece1c03d3e94beb30d73\",\"name\":\"redazione\",\"image\":{\"@type\":\"ImageObject\",\"inLanguage\":\"fr-FR\",\"@id\":\"https:\\\/\\\/secure.gravatar.com\\\/avatar\\\/37d968a2e67a6fd04c169c4bdef102d0bc5d31b2546345219e348575eb80e9a0?s=96&d=mm&r=g\",\"url\":\"https:\\\/\\\/secure.gravatar.com\\\/avatar\\\/37d968a2e67a6fd04c169c4bdef102d0bc5d31b2546345219e348575eb80e9a0?s=96&d=mm&r=g\",\"contentUrl\":\"https:\\\/\\\/secure.gravatar.com\\\/avatar\\\/37d968a2e67a6fd04c169c4bdef102d0bc5d31b2546345219e348575eb80e9a0?s=96&d=mm&r=g\",\"caption\":\"redazione\"},\"sameAs\":[\"http:\\\/\\\/www.bellunopress.it\",\"https:\\\/\\\/x.com\\\/bellunopress\"],\"url\":\"https:\\\/\\\/www.bellunopress.it\\\/fr\\\/author\\\/redazione\\\/\"}]}<\/script>\n<!-- \/ Yoast SEO plugin. -->","yoast_head_json":{"title":"La buona novella di Franco Battaglia  * di Filiberto Dal Molin - Bellunopress - Dolomiti","robots":{"index":"index","follow":"follow","max-snippet":"max-snippet:-1","max-image-preview":"max-image-preview:large","max-video-preview":"max-video-preview:-1"},"canonical":"https:\/\/www.bellunopress.it\/fr\/2025\/10\/06\/la-buona-novella-di-franco-battaglia-di-filiberto-dal-molin\/","og_locale":"fr_FR","og_type":"article","og_title":"La buona novella di Franco Battaglia  * di Filiberto Dal Molin - Bellunopress - Dolomiti","og_description":"Belluno 6 ottobre 2025 &#8211;\u00a0Nella serata di sabato 4 ottobre, nel salone delle conferenze della parrocchia di Cavarzano a Belluno, con la presentazione di Daniele Trabucco, professore in diritto Costituzionale, abbiamo assistito alla relazione di Franco Battaglia, docente universitario di chimica e fisica. L&#8217;argomento verteva sul cambiamento climatico: su questo tema le argomentazioni e le [&hellip;]","og_url":"https:\/\/www.bellunopress.it\/fr\/2025\/10\/06\/la-buona-novella-di-franco-battaglia-di-filiberto-dal-molin\/","og_site_name":"Bellunopress - Dolomiti","article_publisher":"https:\/\/www.facebook.com\/profile.php?id=100008943462799","article_published_time":"2025-10-06T16:53:21+00:00","article_modified_time":"2025-10-07T05:12:43+00:00","og_image":[{"width":800,"height":500,"url":"https:\/\/www.bellunopress.it\/wp-content\/uploads\/2025\/10\/cambiamento-climatico_edited.jpg","type":"image\/jpeg"}],"author":"redazione","twitter_card":"summary_large_image","twitter_creator":"@bellunopress","twitter_site":"@bellunopress","twitter_misc":{"Written by":"redazione","Est. reading time":"3 minutes"},"schema":{"@context":"https:\/\/schema.org","@graph":[{"@type":"Article","@id":"https:\/\/www.bellunopress.it\/2025\/10\/06\/la-buona-novella-di-franco-battaglia-di-filiberto-dal-molin\/#article","isPartOf":{"@id":"https:\/\/www.bellunopress.it\/2025\/10\/06\/la-buona-novella-di-franco-battaglia-di-filiberto-dal-molin\/"},"author":{"name":"redazione","@id":"https:\/\/www.bellunopress.it\/#\/schema\/person\/79bb06722b37ece1c03d3e94beb30d73"},"headline":"La buona novella di Franco Battaglia * di Filiberto Dal Molin","datePublished":"2025-10-06T16:53:21+00:00","dateModified":"2025-10-07T05:12:43+00:00","mainEntityOfPage":{"@id":"https:\/\/www.bellunopress.it\/2025\/10\/06\/la-buona-novella-di-franco-battaglia-di-filiberto-dal-molin\/"},"wordCount":547,"publisher":{"@id":"https:\/\/www.bellunopress.it\/#organization"},"image":{"@id":"https:\/\/www.bellunopress.it\/2025\/10\/06\/la-buona-novella-di-franco-battaglia-di-filiberto-dal-molin\/#primaryimage"},"thumbnailUrl":"https:\/\/www.bellunopress.it\/wp-content\/uploads\/2025\/10\/cambiamento-climatico_edited.jpg","articleSection":["Controcorrente Dr Filiberto Dal Molin","Prima Pagina"],"inLanguage":"fr-FR"},{"@type":"WebPage","@id":"https:\/\/www.bellunopress.it\/2025\/10\/06\/la-buona-novella-di-franco-battaglia-di-filiberto-dal-molin\/","url":"https:\/\/www.bellunopress.it\/2025\/10\/06\/la-buona-novella-di-franco-battaglia-di-filiberto-dal-molin\/","name":"La buona novella di Franco Battaglia * di Filiberto Dal Molin - Bellunopress - Dolomiti","isPartOf":{"@id":"https:\/\/www.bellunopress.it\/#website"},"primaryImageOfPage":{"@id":"https:\/\/www.bellunopress.it\/2025\/10\/06\/la-buona-novella-di-franco-battaglia-di-filiberto-dal-molin\/#primaryimage"},"image":{"@id":"https:\/\/www.bellunopress.it\/2025\/10\/06\/la-buona-novella-di-franco-battaglia-di-filiberto-dal-molin\/#primaryimage"},"thumbnailUrl":"https:\/\/www.bellunopress.it\/wp-content\/uploads\/2025\/10\/cambiamento-climatico_edited.jpg","datePublished":"2025-10-06T16:53:21+00:00","dateModified":"2025-10-07T05:12:43+00:00","breadcrumb":{"@id":"https:\/\/www.bellunopress.it\/2025\/10\/06\/la-buona-novella-di-franco-battaglia-di-filiberto-dal-molin\/#breadcrumb"},"inLanguage":"fr-FR","potentialAction":[{"@type":"ReadAction","target":["https:\/\/www.bellunopress.it\/2025\/10\/06\/la-buona-novella-di-franco-battaglia-di-filiberto-dal-molin\/"]}]},{"@type":"ImageObject","inLanguage":"fr-FR","@id":"https:\/\/www.bellunopress.it\/2025\/10\/06\/la-buona-novella-di-franco-battaglia-di-filiberto-dal-molin\/#primaryimage","url":"https:\/\/www.bellunopress.it\/wp-content\/uploads\/2025\/10\/cambiamento-climatico_edited.jpg","contentUrl":"https:\/\/www.bellunopress.it\/wp-content\/uploads\/2025\/10\/cambiamento-climatico_edited.jpg","width":800,"height":500},{"@type":"BreadcrumbList","@id":"https:\/\/www.bellunopress.it\/2025\/10\/06\/la-buona-novella-di-franco-battaglia-di-filiberto-dal-molin\/#breadcrumb","itemListElement":[{"@type":"ListItem","position":1,"name":"Home","item":"https:\/\/www.bellunopress.it\/"},{"@type":"ListItem","position":2,"name":"La buona novella di Franco Battaglia * di Filiberto Dal Molin"}]},{"@type":"WebSite","@id":"https:\/\/www.bellunopress.it\/#website","url":"https:\/\/www.bellunopress.it\/","name":"Bellunopress - Dolomiti","description":"e-mail: redazione@bellunopress.it","publisher":{"@id":"https:\/\/www.bellunopress.it\/#organization"},"potentialAction":[{"@type":"SearchAction","target":{"@type":"EntryPoint","urlTemplate":"https:\/\/www.bellunopress.it\/?s={search_term_string}"},"query-input":{"@type":"PropertyValueSpecification","valueRequired":true,"valueName":"search_term_string"}}],"inLanguage":"fr-FR"},{"@type":"Organization","@id":"https:\/\/www.bellunopress.it\/#organization","name":"Bellunopress","url":"https:\/\/www.bellunopress.it\/","logo":{"@type":"ImageObject","inLanguage":"fr-FR","@id":"https:\/\/www.bellunopress.it\/#\/schema\/logo\/image\/","url":"https:\/\/www.bellunopress.it\/wp-content\/uploads\/2011\/05\/cropped-logo-bellunopress-.jpg","contentUrl":"https:\/\/www.bellunopress.it\/wp-content\/uploads\/2011\/05\/cropped-logo-bellunopress-.jpg","width":512,"height":512,"caption":"Bellunopress"},"image":{"@id":"https:\/\/www.bellunopress.it\/#\/schema\/logo\/image\/"},"sameAs":["https:\/\/www.facebook.com\/profile.php?id=100008943462799","https:\/\/x.com\/bellunopress","https:\/\/www.linkedin.com\/hp\/?dnr=JBzUWaJfMUw8vbXJJ2tVW5-I3jZKvC4wsoxE&amp;amp;amp;amp;amp;amp;trk=nav_responsive_tab_home","https:\/\/www.youtube.com\/channel\/UCxL0wu1uN0_3_7hGG0306cw"]},{"@type":"Person","@id":"https:\/\/www.bellunopress.it\/#\/schema\/person\/79bb06722b37ece1c03d3e94beb30d73","name":"r\u00e9daction","image":{"@type":"ImageObject","inLanguage":"fr-FR","@id":"https:\/\/secure.gravatar.com\/avatar\/37d968a2e67a6fd04c169c4bdef102d0bc5d31b2546345219e348575eb80e9a0?s=96&d=mm&r=g","url":"https:\/\/secure.gravatar.com\/avatar\/37d968a2e67a6fd04c169c4bdef102d0bc5d31b2546345219e348575eb80e9a0?s=96&d=mm&r=g","contentUrl":"https:\/\/secure.gravatar.com\/avatar\/37d968a2e67a6fd04c169c4bdef102d0bc5d31b2546345219e348575eb80e9a0?s=96&d=mm&r=g","caption":"redazione"},"sameAs":["http:\/\/www.bellunopress.it","https:\/\/x.com\/bellunopress"],"url":"https:\/\/www.bellunopress.it\/fr\/author\/redazione\/"}]}},"_links":{"self":[{"href":"https:\/\/www.bellunopress.it\/fr\/wp-json\/wp\/v2\/posts\/163896","targetHints":{"allow":["GET"]}}],"collection":[{"href":"https:\/\/www.bellunopress.it\/fr\/wp-json\/wp\/v2\/posts"}],"about":[{"href":"https:\/\/www.bellunopress.it\/fr\/wp-json\/wp\/v2\/types\/post"}],"author":[{"embeddable":true,"href":"https:\/\/www.bellunopress.it\/fr\/wp-json\/wp\/v2\/users\/2"}],"replies":[{"embeddable":true,"href":"https:\/\/www.bellunopress.it\/fr\/wp-json\/wp\/v2\/comments?post=163896"}],"version-history":[{"count":3,"href":"https:\/\/www.bellunopress.it\/fr\/wp-json\/wp\/v2\/posts\/163896\/revisions"}],"predecessor-version":[{"id":163907,"href":"https:\/\/www.bellunopress.it\/fr\/wp-json\/wp\/v2\/posts\/163896\/revisions\/163907"}],"wp:featuredmedia":[{"embeddable":true,"href":"https:\/\/www.bellunopress.it\/fr\/wp-json\/wp\/v2\/media\/163897"}],"wp:attachment":[{"href":"https:\/\/www.bellunopress.it\/fr\/wp-json\/wp\/v2\/media?parent=163896"}],"wp:term":[{"taxonomy":"category","embeddable":true,"href":"https:\/\/www.bellunopress.it\/fr\/wp-json\/wp\/v2\/categories?post=163896"},{"taxonomy":"post_tag","embeddable":true,"href":"https:\/\/www.bellunopress.it\/fr\/wp-json\/wp\/v2\/tags?post=163896"}],"curies":[{"name":"wp","href":"https:\/\/api.w.org\/{rel}","templated":true}]}}