{"id":163893,"date":"2025-10-06T17:11:31","date_gmt":"2025-10-06T15:11:31","guid":{"rendered":"https:\/\/www.bellunopress.it\/?p=163893"},"modified":"2025-10-06T17:11:31","modified_gmt":"2025-10-06T15:11:31","slug":"risultati-dei-primi-bandi-regionali-finanziate-30-micro-imprese","status":"publish","type":"post","link":"https:\/\/www.bellunopress.it\/fr\/2025\/10\/06\/risultati-dei-primi-bandi-regionali-finanziate-30-micro-imprese\/","title":{"rendered":"Risultati dei primi bandi regionali: finanziate 30 micro-imprese"},"content":{"rendered":"<p><strong> <img loading=\"lazy\" decoding=\"async\" class=\"aligncenter size-large wp-image-163894\" src=\"https:\/\/www.bellunopress.it\/wp-content\/uploads\/2025\/10\/trattore-lavoro.jpg\" alt=\"\" width=\"696\" height=\"479\" srcset=\"https:\/\/www.bellunopress.it\/wp-content\/uploads\/2025\/10\/trattore-lavoro.jpg 800w, https:\/\/www.bellunopress.it\/wp-content\/uploads\/2025\/10\/trattore-lavoro-500x344.jpg 500w, https:\/\/www.bellunopress.it\/wp-content\/uploads\/2025\/10\/trattore-lavoro-611x420.jpg 611w, https:\/\/www.bellunopress.it\/wp-content\/uploads\/2025\/10\/trattore-lavoro-218x150.jpg 218w, https:\/\/www.bellunopress.it\/wp-content\/uploads\/2025\/10\/trattore-lavoro-696x479.jpg 696w\" sizes=\"auto, (max-width: 696px) 100vw, 696px\" \/>Strategia Nazionale Aree Interne (SNAI)<\/strong><br \/>\n<strong>Pubblicate le graduatorie dei primi bandi per l\u2019Area Interna Alpago-Zoldo<\/strong><br \/>\n<strong>Finanziate 30 micro-imprese e piccole aziende agricole con 750 mila euro\u00a0<\/strong><strong>nei Comuni di Alpago, Chies d\u2019Alpago e Tambre<\/strong><\/p>\n<p><strong>\u00a0<\/strong><strong>Belluno, 06.10.2025\u00a0 \u00a0<\/strong>Sono state pubblicate le graduatorie di finanziabilit\u00e0 dei primi due bandi dedicati allo sviluppo economico dell\u2019Area Interna Alpago-Zoldo, nell\u2019ambito della Strategia Nazionale per le Aree Interne (SNAI) per la programmazione 2021-2027.<\/p>\n<p>La SNAI (Strategia Nazionale Aree Interne) \u00e8 una politica di coesione territoriale che mira a contrastare lo spopolamento e a promuovere lo sviluppo socio-economico delle zone periferiche, lontane dai principali centri di servizi. Per la programmazione 2021-2027, la Regione Veneto ha confermato, oltre alle aree gi\u00e0 presenti in Provincia di Belluno, anche l&#8217;Area Alpago-Zoldo. In questo territorio opera attivamente il GAL Prealpi e Dolomiti.<\/p>\n<p>I tre bandi, pubblicati gli scorsi mesi dal GAL, rivolti specificamente ai Comuni di Alpago, Chies d&#8217;Alpago e Tambre, hanno registrato una risposta straordinaria dal territorio. Il bando destinato a micro e piccole imprese dei settori artigianato, commercio e servizi, il bando riservato agli imprenditori agricoli non professionali, e il bando finalizzato a sostenere l\u2019avvio di nuove imprese, hanno raccolto complessivamente\u00a0<strong>43 domande di contributo<\/strong>, per un valore richiesto superiore a\u00a0<strong>1 milione di euro<\/strong>.<\/p>\n<p><strong>Risorse incrementate per rispondere alle esigenze del territorio<\/strong><\/p>\n<p>Di fronte a questo forte interesse, i sindaci dell\u2019Alpago, d\u2019intesa con il GAL Prealpi e Dolomiti, hanno deciso di incrementare le risorse iniziali per un valore di\u00a0<strong>circa 200.000,00 euro<\/strong>, portando la dotazione finanziaria totale a disposizione a\u00a0<strong>circa 750.000,00 euro<\/strong>. Questo ha permesso di finanziare\u00a0<strong>30 progetti imprenditoriali<\/strong>\u00a0che coinvolgono una vasta gamma di settori: dalla ristorazione ai negozi di vicinato, dai servizi alla persona all\u2019artigianato, fino all\u2019allevamento, alla viticoltura, all\u2019apicoltura e alla trasformazione di prodotti agricoli.<\/p>\n<p>&#8220;L&#8217;esito dei bandi conferma la vitalit\u00e0 e la voglia di fare impresa nel nostro territorio&#8221;, hanno dichiarato il Presidente dell\u2019Unione Montana Alpago Alberto Peterle e la Presidente del GAL Prealpi e Dolomiti Sara Bona. &#8220;Aver ricevuto richieste per un valore doppio rispetto alle risorse iniziali ci ha spinto a trovare soluzioni per sostenere il pi\u00f9 alto numero di progetti di qualit\u00e0. Investire sulle micro-imprese e sulle piccole aziende agricole non professionali locali significa rafforzare il tessuto economico e sociale, creare occupazione e migliorare la qualit\u00e0 della vita per le comunit\u00e0 dell&#8217;Alpago. Un ringraziamento particolare va alla Regione Veneto &#8211; Direzione AdG FEASR Bonifica e Irrigazione e all\u2019AVEPA SUA di Belluno per il fondamentale supporto tecnico e la collaborazione nell\u2019iter istruttorio che ha consentito di giungere in tempi rapidi alla pubblicazione delle graduatorie&#8221;.<\/p>\n<p><strong>Il percorso della Strategia d&#8217;Area<\/strong><\/p>\n<p>I bandi rappresentano i primi risultati tangibili del percorso di elaborazione della &#8220;Strategia d&#8217;Area&#8221; per l&#8217;Alpago-Zoldo, avviato a fine 2023. La Strategia, che definisce le priorit\u00e0 di investimento per le risorse europee e nazionali, \u00e8 frutto di un&#8217;analisi condivisa del territorio e di un processo di consultazione con gli attori locali coordinato dall\u2019Unione Montana Cadore Longaronese Zoldo, in collaborazione con l\u2019Unione Montana Alpago e con il supporto dei due GAL territoriali.<\/p>\n<p>Per l\u2019Area Interna Alpago-Zoldo, che comprende 8 comuni e quasi 500 km\u00b2, sono disponibili\u00a0<strong>circa 10,9 milioni di euro<\/strong>\u00a0tra fondi europei e nazionali, integrati per potenziare i servizi essenziali e sostenere progetti di sviluppo locale e imprenditoriale del settore primario, secondario e terziario.<\/p>\n<p><strong>Informazioni<\/strong><br \/>\nLe graduatorie definitive sono consultabili sul sito web del GAL Prealpi e Dolomiti <a href=\"http:\/\/www.galprealpidolomiti.it\">www.galprealpidolomiti.it<\/a><\/p>\n<p>&nbsp;<\/p>\n<p>&nbsp;<\/p>","protected":false},"excerpt":{"rendered":"<p>Strategia Nazionale Aree Interne (SNAI) Pubblicate le graduatorie dei primi bandi per l\u2019Area Interna Alpago-Zoldo Finanziate 30 micro-imprese e piccole aziende agricole con 750 mila euro\u00a0nei Comuni di Alpago, Chies d\u2019Alpago e Tambre \u00a0Belluno, 06.10.2025\u00a0 \u00a0Sono state pubblicate le graduatorie di finanziabilit\u00e0 dei primi due bandi dedicati allo sviluppo economico dell\u2019Area Interna Alpago-Zoldo, nell\u2019ambito della [&hellip;]<\/p>\n","protected":false},"author":2,"featured_media":163894,"comment_status":"closed","ping_status":"open","sticky":false,"template":"","format":"standard","meta":{"footnotes":""},"categories":[36,26],"tags":[],"class_list":["post-163893","post","type-post","status-publish","format-standard","has-post-thumbnail","category-lavoro-economia","category-prima-pagina"],"yoast_head":"<!-- This site is optimized with the Yoast SEO plugin v28.4 - https:\/\/yoast.com\/product\/yoast-seo-wordpress\/ -->\n<title>Risultati dei primi bandi regionali: finanziate 30 micro-imprese - Bellunopress - Dolomiti<\/title>\n<meta name=\"robots\" content=\"index, follow, max-snippet:-1, max-image-preview:large, max-video-preview:-1\" \/>\n<link rel=\"canonical\" href=\"https:\/\/www.bellunopress.it\/fr\/2025\/10\/06\/risultati-dei-primi-bandi-regionali-finanziate-30-micro-imprese\/\" \/>\n<meta property=\"og:locale\" content=\"fr_FR\" \/>\n<meta property=\"og:type\" content=\"article\" \/>\n<meta property=\"og:title\" content=\"Risultati dei primi bandi regionali: finanziate 30 micro-imprese - Bellunopress - Dolomiti\" \/>\n<meta property=\"og:description\" content=\"Strategia Nazionale Aree Interne (SNAI) Pubblicate le graduatorie dei primi bandi per l\u2019Area Interna Alpago-Zoldo Finanziate 30 micro-imprese e piccole aziende agricole con 750 mila euro\u00a0nei Comuni di Alpago, Chies d\u2019Alpago e Tambre \u00a0Belluno, 06.10.2025\u00a0 \u00a0Sono state pubblicate le graduatorie di finanziabilit\u00e0 dei primi due bandi dedicati allo sviluppo economico dell\u2019Area Interna Alpago-Zoldo, nell\u2019ambito della [&hellip;]\" \/>\n<meta property=\"og:url\" content=\"https:\/\/www.bellunopress.it\/fr\/2025\/10\/06\/risultati-dei-primi-bandi-regionali-finanziate-30-micro-imprese\/\" \/>\n<meta property=\"og:site_name\" content=\"Bellunopress - Dolomiti\" \/>\n<meta property=\"article:publisher\" content=\"https:\/\/www.facebook.com\/profile.php?id=100008943462799\" \/>\n<meta property=\"article:published_time\" content=\"2025-10-06T15:11:31+00:00\" \/>\n<meta property=\"og:image\" content=\"https:\/\/www.bellunopress.it\/wp-content\/uploads\/2025\/10\/trattore-lavoro.jpg\" \/>\n\t<meta property=\"og:image:width\" content=\"800\" \/>\n\t<meta property=\"og:image:height\" content=\"550\" \/>\n\t<meta property=\"og:image:type\" content=\"image\/jpeg\" \/>\n<meta name=\"author\" content=\"redazione\" \/>\n<meta name=\"twitter:card\" content=\"summary_large_image\" \/>\n<meta name=\"twitter:creator\" content=\"@bellunopress\" \/>\n<meta name=\"twitter:site\" content=\"@bellunopress\" \/>\n<meta name=\"twitter:label1\" content=\"\u00c9crit par\" \/>\n\t<meta name=\"twitter:data1\" content=\"redazione\" \/>\n\t<meta name=\"twitter:label2\" content=\"Dur\u00e9e de lecture estim\u00e9e\" \/>\n\t<meta name=\"twitter:data2\" content=\"3 minutes\" \/>\n<script type=\"application\/ld+json\" class=\"yoast-schema-graph\">{\"@context\":\"https:\\\/\\\/schema.org\",\"@graph\":[{\"@type\":\"Article\",\"@id\":\"https:\\\/\\\/www.bellunopress.it\\\/2025\\\/10\\\/06\\\/risultati-dei-primi-bandi-regionali-finanziate-30-micro-imprese\\\/#article\",\"isPartOf\":{\"@id\":\"https:\\\/\\\/www.bellunopress.it\\\/2025\\\/10\\\/06\\\/risultati-dei-primi-bandi-regionali-finanziate-30-micro-imprese\\\/\"},\"author\":{\"name\":\"redazione\",\"@id\":\"https:\\\/\\\/www.bellunopress.it\\\/#\\\/schema\\\/person\\\/79bb06722b37ece1c03d3e94beb30d73\"},\"headline\":\"Risultati dei primi bandi regionali: finanziate 30 micro-imprese\",\"datePublished\":\"2025-10-06T15:11:31+00:00\",\"mainEntityOfPage\":{\"@id\":\"https:\\\/\\\/www.bellunopress.it\\\/2025\\\/10\\\/06\\\/risultati-dei-primi-bandi-regionali-finanziate-30-micro-imprese\\\/\"},\"wordCount\":580,\"publisher\":{\"@id\":\"https:\\\/\\\/www.bellunopress.it\\\/#organization\"},\"image\":{\"@id\":\"https:\\\/\\\/www.bellunopress.it\\\/2025\\\/10\\\/06\\\/risultati-dei-primi-bandi-regionali-finanziate-30-micro-imprese\\\/#primaryimage\"},\"thumbnailUrl\":\"https:\\\/\\\/www.bellunopress.it\\\/wp-content\\\/uploads\\\/2025\\\/10\\\/trattore-lavoro.jpg\",\"articleSection\":[\"Lavoro, Economia, Turismo\",\"Prima Pagina\"],\"inLanguage\":\"fr-FR\"},{\"@type\":\"WebPage\",\"@id\":\"https:\\\/\\\/www.bellunopress.it\\\/2025\\\/10\\\/06\\\/risultati-dei-primi-bandi-regionali-finanziate-30-micro-imprese\\\/\",\"url\":\"https:\\\/\\\/www.bellunopress.it\\\/2025\\\/10\\\/06\\\/risultati-dei-primi-bandi-regionali-finanziate-30-micro-imprese\\\/\",\"name\":\"Risultati dei primi bandi regionali: finanziate 30 micro-imprese - Bellunopress - Dolomiti\",\"isPartOf\":{\"@id\":\"https:\\\/\\\/www.bellunopress.it\\\/#website\"},\"primaryImageOfPage\":{\"@id\":\"https:\\\/\\\/www.bellunopress.it\\\/2025\\\/10\\\/06\\\/risultati-dei-primi-bandi-regionali-finanziate-30-micro-imprese\\\/#primaryimage\"},\"image\":{\"@id\":\"https:\\\/\\\/www.bellunopress.it\\\/2025\\\/10\\\/06\\\/risultati-dei-primi-bandi-regionali-finanziate-30-micro-imprese\\\/#primaryimage\"},\"thumbnailUrl\":\"https:\\\/\\\/www.bellunopress.it\\\/wp-content\\\/uploads\\\/2025\\\/10\\\/trattore-lavoro.jpg\",\"datePublished\":\"2025-10-06T15:11:31+00:00\",\"breadcrumb\":{\"@id\":\"https:\\\/\\\/www.bellunopress.it\\\/2025\\\/10\\\/06\\\/risultati-dei-primi-bandi-regionali-finanziate-30-micro-imprese\\\/#breadcrumb\"},\"inLanguage\":\"fr-FR\",\"potentialAction\":[{\"@type\":\"ReadAction\",\"target\":[\"https:\\\/\\\/www.bellunopress.it\\\/2025\\\/10\\\/06\\\/risultati-dei-primi-bandi-regionali-finanziate-30-micro-imprese\\\/\"]}]},{\"@type\":\"ImageObject\",\"inLanguage\":\"fr-FR\",\"@id\":\"https:\\\/\\\/www.bellunopress.it\\\/2025\\\/10\\\/06\\\/risultati-dei-primi-bandi-regionali-finanziate-30-micro-imprese\\\/#primaryimage\",\"url\":\"https:\\\/\\\/www.bellunopress.it\\\/wp-content\\\/uploads\\\/2025\\\/10\\\/trattore-lavoro.jpg\",\"contentUrl\":\"https:\\\/\\\/www.bellunopress.it\\\/wp-content\\\/uploads\\\/2025\\\/10\\\/trattore-lavoro.jpg\",\"width\":800,\"height\":550},{\"@type\":\"BreadcrumbList\",\"@id\":\"https:\\\/\\\/www.bellunopress.it\\\/2025\\\/10\\\/06\\\/risultati-dei-primi-bandi-regionali-finanziate-30-micro-imprese\\\/#breadcrumb\",\"itemListElement\":[{\"@type\":\"ListItem\",\"position\":1,\"name\":\"Home\",\"item\":\"https:\\\/\\\/www.bellunopress.it\\\/\"},{\"@type\":\"ListItem\",\"position\":2,\"name\":\"Risultati dei primi bandi regionali: finanziate 30 micro-imprese\"}]},{\"@type\":\"WebSite\",\"@id\":\"https:\\\/\\\/www.bellunopress.it\\\/#website\",\"url\":\"https:\\\/\\\/www.bellunopress.it\\\/\",\"name\":\"Bellunopress - Dolomiti\",\"description\":\"e-mail: redazione@bellunopress.it\",\"publisher\":{\"@id\":\"https:\\\/\\\/www.bellunopress.it\\\/#organization\"},\"potentialAction\":[{\"@type\":\"SearchAction\",\"target\":{\"@type\":\"EntryPoint\",\"urlTemplate\":\"https:\\\/\\\/www.bellunopress.it\\\/?s={search_term_string}\"},\"query-input\":{\"@type\":\"PropertyValueSpecification\",\"valueRequired\":true,\"valueName\":\"search_term_string\"}}],\"inLanguage\":\"fr-FR\"},{\"@type\":\"Organization\",\"@id\":\"https:\\\/\\\/www.bellunopress.it\\\/#organization\",\"name\":\"Bellunopress\",\"url\":\"https:\\\/\\\/www.bellunopress.it\\\/\",\"logo\":{\"@type\":\"ImageObject\",\"inLanguage\":\"fr-FR\",\"@id\":\"https:\\\/\\\/www.bellunopress.it\\\/#\\\/schema\\\/logo\\\/image\\\/\",\"url\":\"https:\\\/\\\/www.bellunopress.it\\\/wp-content\\\/uploads\\\/2011\\\/05\\\/cropped-logo-bellunopress-.jpg\",\"contentUrl\":\"https:\\\/\\\/www.bellunopress.it\\\/wp-content\\\/uploads\\\/2011\\\/05\\\/cropped-logo-bellunopress-.jpg\",\"width\":512,\"height\":512,\"caption\":\"Bellunopress\"},\"image\":{\"@id\":\"https:\\\/\\\/www.bellunopress.it\\\/#\\\/schema\\\/logo\\\/image\\\/\"},\"sameAs\":[\"https:\\\/\\\/www.facebook.com\\\/profile.php?id=100008943462799\",\"https:\\\/\\\/x.com\\\/bellunopress\",\"https:\\\/\\\/www.linkedin.com\\\/hp\\\/?dnr=JBzUWaJfMUw8vbXJJ2tVW5-I3jZKvC4wsoxE&amp;amp;amp;amp;amp;amp;trk=nav_responsive_tab_home\",\"https:\\\/\\\/www.youtube.com\\\/channel\\\/UCxL0wu1uN0_3_7hGG0306cw\"]},{\"@type\":\"Person\",\"@id\":\"https:\\\/\\\/www.bellunopress.it\\\/#\\\/schema\\\/person\\\/79bb06722b37ece1c03d3e94beb30d73\",\"name\":\"redazione\",\"image\":{\"@type\":\"ImageObject\",\"inLanguage\":\"fr-FR\",\"@id\":\"https:\\\/\\\/secure.gravatar.com\\\/avatar\\\/37d968a2e67a6fd04c169c4bdef102d0bc5d31b2546345219e348575eb80e9a0?s=96&d=mm&r=g\",\"url\":\"https:\\\/\\\/secure.gravatar.com\\\/avatar\\\/37d968a2e67a6fd04c169c4bdef102d0bc5d31b2546345219e348575eb80e9a0?s=96&d=mm&r=g\",\"contentUrl\":\"https:\\\/\\\/secure.gravatar.com\\\/avatar\\\/37d968a2e67a6fd04c169c4bdef102d0bc5d31b2546345219e348575eb80e9a0?s=96&d=mm&r=g\",\"caption\":\"redazione\"},\"sameAs\":[\"http:\\\/\\\/www.bellunopress.it\",\"https:\\\/\\\/x.com\\\/bellunopress\"],\"url\":\"https:\\\/\\\/www.bellunopress.it\\\/fr\\\/author\\\/redazione\\\/\"}]}<\/script>\n<!-- \/ Yoast SEO plugin. -->","yoast_head_json":{"title":"Risultati dei primi bandi regionali: finanziate 30 micro-imprese - Bellunopress - Dolomiti","robots":{"index":"index","follow":"follow","max-snippet":"max-snippet:-1","max-image-preview":"max-image-preview:large","max-video-preview":"max-video-preview:-1"},"canonical":"https:\/\/www.bellunopress.it\/fr\/2025\/10\/06\/risultati-dei-primi-bandi-regionali-finanziate-30-micro-imprese\/","og_locale":"fr_FR","og_type":"article","og_title":"Risultati dei primi bandi regionali: finanziate 30 micro-imprese - Bellunopress - Dolomiti","og_description":"Strategia Nazionale Aree Interne (SNAI) Pubblicate le graduatorie dei primi bandi per l\u2019Area Interna Alpago-Zoldo Finanziate 30 micro-imprese e piccole aziende agricole con 750 mila euro\u00a0nei Comuni di Alpago, Chies d\u2019Alpago e Tambre \u00a0Belluno, 06.10.2025\u00a0 \u00a0Sono state pubblicate le graduatorie di finanziabilit\u00e0 dei primi due bandi dedicati allo sviluppo economico dell\u2019Area Interna Alpago-Zoldo, nell\u2019ambito della [&hellip;]","og_url":"https:\/\/www.bellunopress.it\/fr\/2025\/10\/06\/risultati-dei-primi-bandi-regionali-finanziate-30-micro-imprese\/","og_site_name":"Bellunopress - Dolomiti","article_publisher":"https:\/\/www.facebook.com\/profile.php?id=100008943462799","article_published_time":"2025-10-06T15:11:31+00:00","og_image":[{"width":800,"height":550,"url":"https:\/\/www.bellunopress.it\/wp-content\/uploads\/2025\/10\/trattore-lavoro.jpg","type":"image\/jpeg"}],"author":"redazione","twitter_card":"summary_large_image","twitter_creator":"@bellunopress","twitter_site":"@bellunopress","twitter_misc":{"\u00c9crit par":"redazione","Dur\u00e9e de lecture estim\u00e9e":"3 minutes"},"schema":{"@context":"https:\/\/schema.org","@graph":[{"@type":"Article","@id":"https:\/\/www.bellunopress.it\/2025\/10\/06\/risultati-dei-primi-bandi-regionali-finanziate-30-micro-imprese\/#article","isPartOf":{"@id":"https:\/\/www.bellunopress.it\/2025\/10\/06\/risultati-dei-primi-bandi-regionali-finanziate-30-micro-imprese\/"},"author":{"name":"redazione","@id":"https:\/\/www.bellunopress.it\/#\/schema\/person\/79bb06722b37ece1c03d3e94beb30d73"},"headline":"Risultati dei primi bandi regionali: finanziate 30 micro-imprese","datePublished":"2025-10-06T15:11:31+00:00","mainEntityOfPage":{"@id":"https:\/\/www.bellunopress.it\/2025\/10\/06\/risultati-dei-primi-bandi-regionali-finanziate-30-micro-imprese\/"},"wordCount":580,"publisher":{"@id":"https:\/\/www.bellunopress.it\/#organization"},"image":{"@id":"https:\/\/www.bellunopress.it\/2025\/10\/06\/risultati-dei-primi-bandi-regionali-finanziate-30-micro-imprese\/#primaryimage"},"thumbnailUrl":"https:\/\/www.bellunopress.it\/wp-content\/uploads\/2025\/10\/trattore-lavoro.jpg","articleSection":["Lavoro, Economia, Turismo","Prima Pagina"],"inLanguage":"fr-FR"},{"@type":"WebPage","@id":"https:\/\/www.bellunopress.it\/2025\/10\/06\/risultati-dei-primi-bandi-regionali-finanziate-30-micro-imprese\/","url":"https:\/\/www.bellunopress.it\/2025\/10\/06\/risultati-dei-primi-bandi-regionali-finanziate-30-micro-imprese\/","name":"Risultati dei primi bandi regionali: finanziate 30 micro-imprese - Bellunopress - Dolomiti","isPartOf":{"@id":"https:\/\/www.bellunopress.it\/#website"},"primaryImageOfPage":{"@id":"https:\/\/www.bellunopress.it\/2025\/10\/06\/risultati-dei-primi-bandi-regionali-finanziate-30-micro-imprese\/#primaryimage"},"image":{"@id":"https:\/\/www.bellunopress.it\/2025\/10\/06\/risultati-dei-primi-bandi-regionali-finanziate-30-micro-imprese\/#primaryimage"},"thumbnailUrl":"https:\/\/www.bellunopress.it\/wp-content\/uploads\/2025\/10\/trattore-lavoro.jpg","datePublished":"2025-10-06T15:11:31+00:00","breadcrumb":{"@id":"https:\/\/www.bellunopress.it\/2025\/10\/06\/risultati-dei-primi-bandi-regionali-finanziate-30-micro-imprese\/#breadcrumb"},"inLanguage":"fr-FR","potentialAction":[{"@type":"ReadAction","target":["https:\/\/www.bellunopress.it\/2025\/10\/06\/risultati-dei-primi-bandi-regionali-finanziate-30-micro-imprese\/"]}]},{"@type":"ImageObject","inLanguage":"fr-FR","@id":"https:\/\/www.bellunopress.it\/2025\/10\/06\/risultati-dei-primi-bandi-regionali-finanziate-30-micro-imprese\/#primaryimage","url":"https:\/\/www.bellunopress.it\/wp-content\/uploads\/2025\/10\/trattore-lavoro.jpg","contentUrl":"https:\/\/www.bellunopress.it\/wp-content\/uploads\/2025\/10\/trattore-lavoro.jpg","width":800,"height":550},{"@type":"BreadcrumbList","@id":"https:\/\/www.bellunopress.it\/2025\/10\/06\/risultati-dei-primi-bandi-regionali-finanziate-30-micro-imprese\/#breadcrumb","itemListElement":[{"@type":"ListItem","position":1,"name":"Home","item":"https:\/\/www.bellunopress.it\/"},{"@type":"ListItem","position":2,"name":"Risultati dei primi bandi regionali: finanziate 30 micro-imprese"}]},{"@type":"WebSite","@id":"https:\/\/www.bellunopress.it\/#website","url":"https:\/\/www.bellunopress.it\/","name":"Bellunopress - Dolomiti","description":"e-mail: redazione@bellunopress.it","publisher":{"@id":"https:\/\/www.bellunopress.it\/#organization"},"potentialAction":[{"@type":"SearchAction","target":{"@type":"EntryPoint","urlTemplate":"https:\/\/www.bellunopress.it\/?s={search_term_string}"},"query-input":{"@type":"PropertyValueSpecification","valueRequired":true,"valueName":"search_term_string"}}],"inLanguage":"fr-FR"},{"@type":"Organization","@id":"https:\/\/www.bellunopress.it\/#organization","name":"Bellunopress","url":"https:\/\/www.bellunopress.it\/","logo":{"@type":"ImageObject","inLanguage":"fr-FR","@id":"https:\/\/www.bellunopress.it\/#\/schema\/logo\/image\/","url":"https:\/\/www.bellunopress.it\/wp-content\/uploads\/2011\/05\/cropped-logo-bellunopress-.jpg","contentUrl":"https:\/\/www.bellunopress.it\/wp-content\/uploads\/2011\/05\/cropped-logo-bellunopress-.jpg","width":512,"height":512,"caption":"Bellunopress"},"image":{"@id":"https:\/\/www.bellunopress.it\/#\/schema\/logo\/image\/"},"sameAs":["https:\/\/www.facebook.com\/profile.php?id=100008943462799","https:\/\/x.com\/bellunopress","https:\/\/www.linkedin.com\/hp\/?dnr=JBzUWaJfMUw8vbXJJ2tVW5-I3jZKvC4wsoxE&amp;amp;amp;amp;amp;amp;trk=nav_responsive_tab_home","https:\/\/www.youtube.com\/channel\/UCxL0wu1uN0_3_7hGG0306cw"]},{"@type":"Person","@id":"https:\/\/www.bellunopress.it\/#\/schema\/person\/79bb06722b37ece1c03d3e94beb30d73","name":"r\u00e9daction","image":{"@type":"ImageObject","inLanguage":"fr-FR","@id":"https:\/\/secure.gravatar.com\/avatar\/37d968a2e67a6fd04c169c4bdef102d0bc5d31b2546345219e348575eb80e9a0?s=96&d=mm&r=g","url":"https:\/\/secure.gravatar.com\/avatar\/37d968a2e67a6fd04c169c4bdef102d0bc5d31b2546345219e348575eb80e9a0?s=96&d=mm&r=g","contentUrl":"https:\/\/secure.gravatar.com\/avatar\/37d968a2e67a6fd04c169c4bdef102d0bc5d31b2546345219e348575eb80e9a0?s=96&d=mm&r=g","caption":"redazione"},"sameAs":["http:\/\/www.bellunopress.it","https:\/\/x.com\/bellunopress"],"url":"https:\/\/www.bellunopress.it\/fr\/author\/redazione\/"}]}},"_links":{"self":[{"href":"https:\/\/www.bellunopress.it\/fr\/wp-json\/wp\/v2\/posts\/163893","targetHints":{"allow":["GET"]}}],"collection":[{"href":"https:\/\/www.bellunopress.it\/fr\/wp-json\/wp\/v2\/posts"}],"about":[{"href":"https:\/\/www.bellunopress.it\/fr\/wp-json\/wp\/v2\/types\/post"}],"author":[{"embeddable":true,"href":"https:\/\/www.bellunopress.it\/fr\/wp-json\/wp\/v2\/users\/2"}],"replies":[{"embeddable":true,"href":"https:\/\/www.bellunopress.it\/fr\/wp-json\/wp\/v2\/comments?post=163893"}],"version-history":[{"count":1,"href":"https:\/\/www.bellunopress.it\/fr\/wp-json\/wp\/v2\/posts\/163893\/revisions"}],"predecessor-version":[{"id":163895,"href":"https:\/\/www.bellunopress.it\/fr\/wp-json\/wp\/v2\/posts\/163893\/revisions\/163895"}],"wp:featuredmedia":[{"embeddable":true,"href":"https:\/\/www.bellunopress.it\/fr\/wp-json\/wp\/v2\/media\/163894"}],"wp:attachment":[{"href":"https:\/\/www.bellunopress.it\/fr\/wp-json\/wp\/v2\/media?parent=163893"}],"wp:term":[{"taxonomy":"category","embeddable":true,"href":"https:\/\/www.bellunopress.it\/fr\/wp-json\/wp\/v2\/categories?post=163893"},{"taxonomy":"post_tag","embeddable":true,"href":"https:\/\/www.bellunopress.it\/fr\/wp-json\/wp\/v2\/tags?post=163893"}],"curies":[{"name":"wp","href":"https:\/\/api.w.org\/{rel}","templated":true}]}}