{"id":163891,"date":"2025-10-06T16:50:20","date_gmt":"2025-10-06T14:50:20","guid":{"rendered":"https:\/\/www.bellunopress.it\/?p=163891"},"modified":"2025-10-06T16:50:20","modified_gmt":"2025-10-06T14:50:20","slug":"belluno-totem-per-laffissione-dei-papiri-di-laurea-assessore-dal-pont-una-scelta-condivisa","status":"publish","type":"post","link":"https:\/\/www.bellunopress.it\/fr\/2025\/10\/06\/belluno-totem-per-laffissione-dei-papiri-di-laurea-assessore-dal-pont-una-scelta-condivisa\/","title":{"rendered":"Belluno, totem per l&#8217;affissione dei papiri di laurea. Assessore Dal Pont: &#8220;Una scelta condivisa&#8221;"},"content":{"rendered":"<figure id=\"attachment_138422\" aria-describedby=\"caption-attachment-138422\" style=\"width: 1000px\" class=\"wp-caption aligncenter\"><img loading=\"lazy\" decoding=\"async\" class=\"size-full wp-image-138422\" src=\"https:\/\/www.bellunopress.it\/wp-content\/uploads\/2022\/12\/Marco-Dal-Pont-assessore-alle-Politiche-sociali-BL_edited.jpg\" alt=\"\" width=\"1000\" height=\"723\" srcset=\"https:\/\/www.bellunopress.it\/wp-content\/uploads\/2022\/12\/Marco-Dal-Pont-assessore-alle-Politiche-sociali-BL_edited.jpg 1000w, https:\/\/www.bellunopress.it\/wp-content\/uploads\/2022\/12\/Marco-Dal-Pont-assessore-alle-Politiche-sociali-BL_edited-500x362.jpg 500w, https:\/\/www.bellunopress.it\/wp-content\/uploads\/2022\/12\/Marco-Dal-Pont-assessore-alle-Politiche-sociali-BL_edited-696x503.jpg 696w, https:\/\/www.bellunopress.it\/wp-content\/uploads\/2022\/12\/Marco-Dal-Pont-assessore-alle-Politiche-sociali-BL_edited-581x420.jpg 581w, https:\/\/www.bellunopress.it\/wp-content\/uploads\/2022\/12\/Marco-Dal-Pont-assessore-alle-Politiche-sociali-BL_edited-324x235.jpg 324w\" sizes=\"auto, (max-width: 1000px) 100vw, 1000px\" \/><figcaption id=\"caption-attachment-138422\" class=\"wp-caption-text\">Marco Dal Pont, assessore alle Politiche sociali del Comune di Belluno<\/figcaption><\/figure>\n<p>\u201cPapiri di laurea, una scelta condivisa\u201d con queste parole l\u2019assessore alle frazioni Marco Dal Pont torna sulla questione dei totem in acciaio corten che saranno installati sotto i portici di piazza dei Martiri, lo fa chiarendo il percorso che ha portato alla decisione e ribadendo la condivisione con la frazione Centro Storico. La decisione \u00e8 infatti il risultato di un confronto avviato nei mesi scorsi con la capo frazione Tiziana Caldart, che aveva raccolto le richieste di diversi cittadini e commercianti. Da quel dialogo \u00e8 nata la proposta di individuare una soluzione che unisse ordine, rispetto per il contesto architettonico e valorizzazione della tradizione dei papiri di laurea.<br \/>\nL\u2019intervento risponde dunque ad una necessit\u00e0 concreta, segnalata dalla frazione di proteggere le colonne storiche, spesso danneggiate dai residui di carta e adesivo. Le nuove strutture in corten \u2013 sobrie, resistenti e coerenti con l\u2019ambiente urbano \u2013 permetteranno di esporre i papiri in modo ordinato e leggibile, evitando danni e garantendo al contempo una presenza armoniosa nel cuore della Citt\u00e0.<\/p>\n<p>\u201cDispiace \u2013 sottolinea l\u2019assessore Dal Pont \u2013 veder giudicate scelte che nascono da un confronto costruttivo con i cittadini di un\u2019altra frazione. Dalle frazioni arrivano molte proposte, tutte vengono attenzionate e valutate con cura; non a tutte \u00e8 possibile dare seguito, ma quelle percorribili e compatibili con le possibilit\u00e0 del Comune vengono prese in esame per individuare soluzioni condivise. In questo caso, abbiamo accolto la proposta del Centro Storico, che chiedeva maggiore ordine e rispetto per uno dei luoghi simbolo di Belluno. La decisione non nasce per combattere un degrado, ma per tutelare la bellezza dei nostri portici e valorizzare una tradizione cittadina a cui tutti siamo affezionati. \u00c8 un modo per custodire le colonne e le pietre antiche, che meritano cura e attenzione, non ci vedo niente di male\u201d.<\/p>\n<p>Anche il consigliere Massimo Garzotto, che ha seguito l\u2019iter dell\u2019iniziativa, sottolinea il senso dell\u2019intervento. \u201cI papiri di laurea fanno parte di un momento di festa bello, legittimo ed entrato nella tradizione \u2013 commenta -, ma vanno esposti nel rispetto dei luoghi. Spesso restano incollati per settimane, si rovinano e lasciano segni difficili da rimuovere. Con i totem in corten abbiamo trovato una soluzione semplice e decorosa, che unisce tradizione e decoro urbano\u201d.<\/p>\n<p>\u201cE\u2019 spiacevole \u2013 conclude la capo frazione, Tiziana Caldart \u2013 che persone che non vivono in questa frazione giudichino e condannino decisioni assunte dopo un percorso di confronto e di condivisione tra i cittadini e Amministrazione. Della questione dei papiri di laurea si parlava da anni: era giusto trovare una soluzione concreta. \u00c8 evidente che ci sono altri aspetti del vivere la nostra Citt\u00e0 e altri luoghi su cui intervenire, in centro come nelle altre frazioni, ma questa \u00e8 comunque un\u2019iniziativa concreta, che noi riteniamo giusta, da cui partire\u201d.<\/p>\n<p>&nbsp;<\/p>\n<p>&nbsp;<\/p>","protected":false},"excerpt":{"rendered":"<p>\u201cPapiri di laurea, una scelta condivisa\u201d con queste parole l\u2019assessore alle frazioni Marco Dal Pont torna sulla questione dei totem in acciaio corten che saranno installati sotto i portici di piazza dei Martiri, lo fa chiarendo il percorso che ha portato alla decisione e ribadendo la condivisione con la frazione Centro Storico. La decisione \u00e8 [&hellip;]<\/p>\n","protected":false},"author":2,"featured_media":138422,"comment_status":"closed","ping_status":"open","sticky":false,"template":"","format":"standard","meta":{"footnotes":""},"categories":[5,26],"tags":[],"class_list":["post-163891","post","type-post","status-publish","format-standard","has-post-thumbnail","category-cronaca","category-prima-pagina"],"yoast_head":"<!-- This site is optimized with the Yoast SEO plugin v28.4 - https:\/\/yoast.com\/product\/yoast-seo-wordpress\/ -->\n<title>Belluno, totem per l&#039;affissione dei papiri di laurea. Assessore Dal Pont: &quot;Una scelta condivisa&quot; - Bellunopress - Dolomiti<\/title>\n<meta name=\"robots\" content=\"index, follow, max-snippet:-1, max-image-preview:large, max-video-preview:-1\" \/>\n<link rel=\"canonical\" href=\"https:\/\/www.bellunopress.it\/fr\/2025\/10\/06\/belluno-totem-per-laffissione-dei-papiri-di-laurea-assessore-dal-pont-una-scelta-condivisa\/\" \/>\n<meta property=\"og:locale\" content=\"fr_FR\" \/>\n<meta property=\"og:type\" content=\"article\" \/>\n<meta property=\"og:title\" content=\"Belluno, totem per l&#039;affissione dei papiri di laurea. Assessore Dal Pont: &quot;Una scelta condivisa&quot; - Bellunopress - Dolomiti\" \/>\n<meta property=\"og:description\" content=\"\u201cPapiri di laurea, una scelta condivisa\u201d con queste parole l\u2019assessore alle frazioni Marco Dal Pont torna sulla questione dei totem in acciaio corten che saranno installati sotto i portici di piazza dei Martiri, lo fa chiarendo il percorso che ha portato alla decisione e ribadendo la condivisione con la frazione Centro Storico. La decisione \u00e8 [&hellip;]\" \/>\n<meta property=\"og:url\" content=\"https:\/\/www.bellunopress.it\/fr\/2025\/10\/06\/belluno-totem-per-laffissione-dei-papiri-di-laurea-assessore-dal-pont-una-scelta-condivisa\/\" \/>\n<meta property=\"og:site_name\" content=\"Bellunopress - Dolomiti\" \/>\n<meta property=\"article:publisher\" content=\"https:\/\/www.facebook.com\/profile.php?id=100008943462799\" \/>\n<meta property=\"article:published_time\" content=\"2025-10-06T14:50:20+00:00\" \/>\n<meta property=\"og:image\" content=\"https:\/\/www.bellunopress.it\/wp-content\/uploads\/2022\/12\/Marco-Dal-Pont-assessore-alle-Politiche-sociali-BL_edited.jpg\" \/>\n\t<meta property=\"og:image:width\" content=\"1000\" \/>\n\t<meta property=\"og:image:height\" content=\"723\" \/>\n\t<meta property=\"og:image:type\" content=\"image\/jpeg\" \/>\n<meta name=\"author\" content=\"redazione\" \/>\n<meta name=\"twitter:card\" content=\"summary_large_image\" \/>\n<meta name=\"twitter:creator\" content=\"@bellunopress\" \/>\n<meta name=\"twitter:site\" content=\"@bellunopress\" \/>\n<meta name=\"twitter:label1\" content=\"\u00c9crit par\" \/>\n\t<meta name=\"twitter:data1\" content=\"redazione\" \/>\n\t<meta name=\"twitter:label2\" content=\"Dur\u00e9e de lecture estim\u00e9e\" \/>\n\t<meta name=\"twitter:data2\" content=\"2 minutes\" \/>\n<script type=\"application\/ld+json\" class=\"yoast-schema-graph\">{\"@context\":\"https:\\\/\\\/schema.org\",\"@graph\":[{\"@type\":\"Article\",\"@id\":\"https:\\\/\\\/www.bellunopress.it\\\/2025\\\/10\\\/06\\\/belluno-totem-per-laffissione-dei-papiri-di-laurea-assessore-dal-pont-una-scelta-condivisa\\\/#article\",\"isPartOf\":{\"@id\":\"https:\\\/\\\/www.bellunopress.it\\\/2025\\\/10\\\/06\\\/belluno-totem-per-laffissione-dei-papiri-di-laurea-assessore-dal-pont-una-scelta-condivisa\\\/\"},\"author\":{\"name\":\"redazione\",\"@id\":\"https:\\\/\\\/www.bellunopress.it\\\/#\\\/schema\\\/person\\\/79bb06722b37ece1c03d3e94beb30d73\"},\"headline\":\"Belluno, totem per l&#8217;affissione dei papiri di laurea. Assessore Dal Pont: &#8220;Una scelta condivisa&#8221;\",\"datePublished\":\"2025-10-06T14:50:20+00:00\",\"mainEntityOfPage\":{\"@id\":\"https:\\\/\\\/www.bellunopress.it\\\/2025\\\/10\\\/06\\\/belluno-totem-per-laffissione-dei-papiri-di-laurea-assessore-dal-pont-una-scelta-condivisa\\\/\"},\"wordCount\":490,\"publisher\":{\"@id\":\"https:\\\/\\\/www.bellunopress.it\\\/#organization\"},\"image\":{\"@id\":\"https:\\\/\\\/www.bellunopress.it\\\/2025\\\/10\\\/06\\\/belluno-totem-per-laffissione-dei-papiri-di-laurea-assessore-dal-pont-una-scelta-condivisa\\\/#primaryimage\"},\"thumbnailUrl\":\"https:\\\/\\\/www.bellunopress.it\\\/wp-content\\\/uploads\\\/2022\\\/12\\\/Marco-Dal-Pont-assessore-alle-Politiche-sociali-BL_edited.jpg\",\"articleSection\":[\"Cronaca\\\/Politica\",\"Prima Pagina\"],\"inLanguage\":\"fr-FR\"},{\"@type\":\"WebPage\",\"@id\":\"https:\\\/\\\/www.bellunopress.it\\\/2025\\\/10\\\/06\\\/belluno-totem-per-laffissione-dei-papiri-di-laurea-assessore-dal-pont-una-scelta-condivisa\\\/\",\"url\":\"https:\\\/\\\/www.bellunopress.it\\\/2025\\\/10\\\/06\\\/belluno-totem-per-laffissione-dei-papiri-di-laurea-assessore-dal-pont-una-scelta-condivisa\\\/\",\"name\":\"Belluno, totem per l'affissione dei papiri di laurea. Assessore Dal Pont: \\\"Una scelta condivisa\\\" - Bellunopress - Dolomiti\",\"isPartOf\":{\"@id\":\"https:\\\/\\\/www.bellunopress.it\\\/#website\"},\"primaryImageOfPage\":{\"@id\":\"https:\\\/\\\/www.bellunopress.it\\\/2025\\\/10\\\/06\\\/belluno-totem-per-laffissione-dei-papiri-di-laurea-assessore-dal-pont-una-scelta-condivisa\\\/#primaryimage\"},\"image\":{\"@id\":\"https:\\\/\\\/www.bellunopress.it\\\/2025\\\/10\\\/06\\\/belluno-totem-per-laffissione-dei-papiri-di-laurea-assessore-dal-pont-una-scelta-condivisa\\\/#primaryimage\"},\"thumbnailUrl\":\"https:\\\/\\\/www.bellunopress.it\\\/wp-content\\\/uploads\\\/2022\\\/12\\\/Marco-Dal-Pont-assessore-alle-Politiche-sociali-BL_edited.jpg\",\"datePublished\":\"2025-10-06T14:50:20+00:00\",\"breadcrumb\":{\"@id\":\"https:\\\/\\\/www.bellunopress.it\\\/2025\\\/10\\\/06\\\/belluno-totem-per-laffissione-dei-papiri-di-laurea-assessore-dal-pont-una-scelta-condivisa\\\/#breadcrumb\"},\"inLanguage\":\"fr-FR\",\"potentialAction\":[{\"@type\":\"ReadAction\",\"target\":[\"https:\\\/\\\/www.bellunopress.it\\\/2025\\\/10\\\/06\\\/belluno-totem-per-laffissione-dei-papiri-di-laurea-assessore-dal-pont-una-scelta-condivisa\\\/\"]}]},{\"@type\":\"ImageObject\",\"inLanguage\":\"fr-FR\",\"@id\":\"https:\\\/\\\/www.bellunopress.it\\\/2025\\\/10\\\/06\\\/belluno-totem-per-laffissione-dei-papiri-di-laurea-assessore-dal-pont-una-scelta-condivisa\\\/#primaryimage\",\"url\":\"https:\\\/\\\/www.bellunopress.it\\\/wp-content\\\/uploads\\\/2022\\\/12\\\/Marco-Dal-Pont-assessore-alle-Politiche-sociali-BL_edited.jpg\",\"contentUrl\":\"https:\\\/\\\/www.bellunopress.it\\\/wp-content\\\/uploads\\\/2022\\\/12\\\/Marco-Dal-Pont-assessore-alle-Politiche-sociali-BL_edited.jpg\",\"width\":1000,\"height\":723,\"caption\":\"Marco Dal Pont, assessore alle Politiche sociali del Comune di Belluno\"},{\"@type\":\"BreadcrumbList\",\"@id\":\"https:\\\/\\\/www.bellunopress.it\\\/2025\\\/10\\\/06\\\/belluno-totem-per-laffissione-dei-papiri-di-laurea-assessore-dal-pont-una-scelta-condivisa\\\/#breadcrumb\",\"itemListElement\":[{\"@type\":\"ListItem\",\"position\":1,\"name\":\"Home\",\"item\":\"https:\\\/\\\/www.bellunopress.it\\\/\"},{\"@type\":\"ListItem\",\"position\":2,\"name\":\"Belluno, totem per l&#8217;affissione dei papiri di laurea. Assessore Dal Pont: &#8220;Una scelta condivisa&#8221;\"}]},{\"@type\":\"WebSite\",\"@id\":\"https:\\\/\\\/www.bellunopress.it\\\/#website\",\"url\":\"https:\\\/\\\/www.bellunopress.it\\\/\",\"name\":\"Bellunopress - Dolomiti\",\"description\":\"e-mail: redazione@bellunopress.it\",\"publisher\":{\"@id\":\"https:\\\/\\\/www.bellunopress.it\\\/#organization\"},\"potentialAction\":[{\"@type\":\"SearchAction\",\"target\":{\"@type\":\"EntryPoint\",\"urlTemplate\":\"https:\\\/\\\/www.bellunopress.it\\\/?s={search_term_string}\"},\"query-input\":{\"@type\":\"PropertyValueSpecification\",\"valueRequired\":true,\"valueName\":\"search_term_string\"}}],\"inLanguage\":\"fr-FR\"},{\"@type\":\"Organization\",\"@id\":\"https:\\\/\\\/www.bellunopress.it\\\/#organization\",\"name\":\"Bellunopress\",\"url\":\"https:\\\/\\\/www.bellunopress.it\\\/\",\"logo\":{\"@type\":\"ImageObject\",\"inLanguage\":\"fr-FR\",\"@id\":\"https:\\\/\\\/www.bellunopress.it\\\/#\\\/schema\\\/logo\\\/image\\\/\",\"url\":\"https:\\\/\\\/www.bellunopress.it\\\/wp-content\\\/uploads\\\/2011\\\/05\\\/cropped-logo-bellunopress-.jpg\",\"contentUrl\":\"https:\\\/\\\/www.bellunopress.it\\\/wp-content\\\/uploads\\\/2011\\\/05\\\/cropped-logo-bellunopress-.jpg\",\"width\":512,\"height\":512,\"caption\":\"Bellunopress\"},\"image\":{\"@id\":\"https:\\\/\\\/www.bellunopress.it\\\/#\\\/schema\\\/logo\\\/image\\\/\"},\"sameAs\":[\"https:\\\/\\\/www.facebook.com\\\/profile.php?id=100008943462799\",\"https:\\\/\\\/x.com\\\/bellunopress\",\"https:\\\/\\\/www.linkedin.com\\\/hp\\\/?dnr=JBzUWaJfMUw8vbXJJ2tVW5-I3jZKvC4wsoxE&amp;amp;amp;amp;amp;amp;trk=nav_responsive_tab_home\",\"https:\\\/\\\/www.youtube.com\\\/channel\\\/UCxL0wu1uN0_3_7hGG0306cw\"]},{\"@type\":\"Person\",\"@id\":\"https:\\\/\\\/www.bellunopress.it\\\/#\\\/schema\\\/person\\\/79bb06722b37ece1c03d3e94beb30d73\",\"name\":\"redazione\",\"image\":{\"@type\":\"ImageObject\",\"inLanguage\":\"fr-FR\",\"@id\":\"https:\\\/\\\/secure.gravatar.com\\\/avatar\\\/37d968a2e67a6fd04c169c4bdef102d0bc5d31b2546345219e348575eb80e9a0?s=96&d=mm&r=g\",\"url\":\"https:\\\/\\\/secure.gravatar.com\\\/avatar\\\/37d968a2e67a6fd04c169c4bdef102d0bc5d31b2546345219e348575eb80e9a0?s=96&d=mm&r=g\",\"contentUrl\":\"https:\\\/\\\/secure.gravatar.com\\\/avatar\\\/37d968a2e67a6fd04c169c4bdef102d0bc5d31b2546345219e348575eb80e9a0?s=96&d=mm&r=g\",\"caption\":\"redazione\"},\"sameAs\":[\"http:\\\/\\\/www.bellunopress.it\",\"https:\\\/\\\/x.com\\\/bellunopress\"],\"url\":\"https:\\\/\\\/www.bellunopress.it\\\/fr\\\/author\\\/redazione\\\/\"}]}<\/script>\n<!-- \/ Yoast SEO plugin. -->","yoast_head_json":{"title":"Belluno, totem per l'affissione dei papiri di laurea. Assessore Dal Pont: \"Una scelta condivisa\" - Bellunopress - Dolomiti","robots":{"index":"index","follow":"follow","max-snippet":"max-snippet:-1","max-image-preview":"max-image-preview:large","max-video-preview":"max-video-preview:-1"},"canonical":"https:\/\/www.bellunopress.it\/fr\/2025\/10\/06\/belluno-totem-per-laffissione-dei-papiri-di-laurea-assessore-dal-pont-una-scelta-condivisa\/","og_locale":"fr_FR","og_type":"article","og_title":"Belluno, totem per l'affissione dei papiri di laurea. Assessore Dal Pont: \"Una scelta condivisa\" - Bellunopress - Dolomiti","og_description":"\u201cPapiri di laurea, una scelta condivisa\u201d con queste parole l\u2019assessore alle frazioni Marco Dal Pont torna sulla questione dei totem in acciaio corten che saranno installati sotto i portici di piazza dei Martiri, lo fa chiarendo il percorso che ha portato alla decisione e ribadendo la condivisione con la frazione Centro Storico. La decisione \u00e8 [&hellip;]","og_url":"https:\/\/www.bellunopress.it\/fr\/2025\/10\/06\/belluno-totem-per-laffissione-dei-papiri-di-laurea-assessore-dal-pont-una-scelta-condivisa\/","og_site_name":"Bellunopress - Dolomiti","article_publisher":"https:\/\/www.facebook.com\/profile.php?id=100008943462799","article_published_time":"2025-10-06T14:50:20+00:00","og_image":[{"width":1000,"height":723,"url":"https:\/\/www.bellunopress.it\/wp-content\/uploads\/2022\/12\/Marco-Dal-Pont-assessore-alle-Politiche-sociali-BL_edited.jpg","type":"image\/jpeg"}],"author":"redazione","twitter_card":"summary_large_image","twitter_creator":"@bellunopress","twitter_site":"@bellunopress","twitter_misc":{"\u00c9crit par":"redazione","Dur\u00e9e de lecture estim\u00e9e":"2 minutes"},"schema":{"@context":"https:\/\/schema.org","@graph":[{"@type":"Article","@id":"https:\/\/www.bellunopress.it\/2025\/10\/06\/belluno-totem-per-laffissione-dei-papiri-di-laurea-assessore-dal-pont-una-scelta-condivisa\/#article","isPartOf":{"@id":"https:\/\/www.bellunopress.it\/2025\/10\/06\/belluno-totem-per-laffissione-dei-papiri-di-laurea-assessore-dal-pont-una-scelta-condivisa\/"},"author":{"name":"redazione","@id":"https:\/\/www.bellunopress.it\/#\/schema\/person\/79bb06722b37ece1c03d3e94beb30d73"},"headline":"Belluno, totem per l&#8217;affissione dei papiri di laurea. Assessore Dal Pont: &#8220;Una scelta condivisa&#8221;","datePublished":"2025-10-06T14:50:20+00:00","mainEntityOfPage":{"@id":"https:\/\/www.bellunopress.it\/2025\/10\/06\/belluno-totem-per-laffissione-dei-papiri-di-laurea-assessore-dal-pont-una-scelta-condivisa\/"},"wordCount":490,"publisher":{"@id":"https:\/\/www.bellunopress.it\/#organization"},"image":{"@id":"https:\/\/www.bellunopress.it\/2025\/10\/06\/belluno-totem-per-laffissione-dei-papiri-di-laurea-assessore-dal-pont-una-scelta-condivisa\/#primaryimage"},"thumbnailUrl":"https:\/\/www.bellunopress.it\/wp-content\/uploads\/2022\/12\/Marco-Dal-Pont-assessore-alle-Politiche-sociali-BL_edited.jpg","articleSection":["Cronaca\/Politica","Prima Pagina"],"inLanguage":"fr-FR"},{"@type":"WebPage","@id":"https:\/\/www.bellunopress.it\/2025\/10\/06\/belluno-totem-per-laffissione-dei-papiri-di-laurea-assessore-dal-pont-una-scelta-condivisa\/","url":"https:\/\/www.bellunopress.it\/2025\/10\/06\/belluno-totem-per-laffissione-dei-papiri-di-laurea-assessore-dal-pont-una-scelta-condivisa\/","name":"Belluno, totem per l'affissione dei papiri di laurea. Assessore Dal Pont: \"Una scelta condivisa\" - Bellunopress - Dolomiti","isPartOf":{"@id":"https:\/\/www.bellunopress.it\/#website"},"primaryImageOfPage":{"@id":"https:\/\/www.bellunopress.it\/2025\/10\/06\/belluno-totem-per-laffissione-dei-papiri-di-laurea-assessore-dal-pont-una-scelta-condivisa\/#primaryimage"},"image":{"@id":"https:\/\/www.bellunopress.it\/2025\/10\/06\/belluno-totem-per-laffissione-dei-papiri-di-laurea-assessore-dal-pont-una-scelta-condivisa\/#primaryimage"},"thumbnailUrl":"https:\/\/www.bellunopress.it\/wp-content\/uploads\/2022\/12\/Marco-Dal-Pont-assessore-alle-Politiche-sociali-BL_edited.jpg","datePublished":"2025-10-06T14:50:20+00:00","breadcrumb":{"@id":"https:\/\/www.bellunopress.it\/2025\/10\/06\/belluno-totem-per-laffissione-dei-papiri-di-laurea-assessore-dal-pont-una-scelta-condivisa\/#breadcrumb"},"inLanguage":"fr-FR","potentialAction":[{"@type":"ReadAction","target":["https:\/\/www.bellunopress.it\/2025\/10\/06\/belluno-totem-per-laffissione-dei-papiri-di-laurea-assessore-dal-pont-una-scelta-condivisa\/"]}]},{"@type":"ImageObject","inLanguage":"fr-FR","@id":"https:\/\/www.bellunopress.it\/2025\/10\/06\/belluno-totem-per-laffissione-dei-papiri-di-laurea-assessore-dal-pont-una-scelta-condivisa\/#primaryimage","url":"https:\/\/www.bellunopress.it\/wp-content\/uploads\/2022\/12\/Marco-Dal-Pont-assessore-alle-Politiche-sociali-BL_edited.jpg","contentUrl":"https:\/\/www.bellunopress.it\/wp-content\/uploads\/2022\/12\/Marco-Dal-Pont-assessore-alle-Politiche-sociali-BL_edited.jpg","width":1000,"height":723,"caption":"Marco Dal Pont, assessore alle Politiche sociali del Comune di Belluno"},{"@type":"BreadcrumbList","@id":"https:\/\/www.bellunopress.it\/2025\/10\/06\/belluno-totem-per-laffissione-dei-papiri-di-laurea-assessore-dal-pont-una-scelta-condivisa\/#breadcrumb","itemListElement":[{"@type":"ListItem","position":1,"name":"Home","item":"https:\/\/www.bellunopress.it\/"},{"@type":"ListItem","position":2,"name":"Belluno, totem per l&#8217;affissione dei papiri di laurea. Assessore Dal Pont: &#8220;Una scelta condivisa&#8221;"}]},{"@type":"WebSite","@id":"https:\/\/www.bellunopress.it\/#website","url":"https:\/\/www.bellunopress.it\/","name":"Bellunopress - Dolomiti","description":"e-mail: redazione@bellunopress.it","publisher":{"@id":"https:\/\/www.bellunopress.it\/#organization"},"potentialAction":[{"@type":"SearchAction","target":{"@type":"EntryPoint","urlTemplate":"https:\/\/www.bellunopress.it\/?s={search_term_string}"},"query-input":{"@type":"PropertyValueSpecification","valueRequired":true,"valueName":"search_term_string"}}],"inLanguage":"fr-FR"},{"@type":"Organization","@id":"https:\/\/www.bellunopress.it\/#organization","name":"Bellunopress","url":"https:\/\/www.bellunopress.it\/","logo":{"@type":"ImageObject","inLanguage":"fr-FR","@id":"https:\/\/www.bellunopress.it\/#\/schema\/logo\/image\/","url":"https:\/\/www.bellunopress.it\/wp-content\/uploads\/2011\/05\/cropped-logo-bellunopress-.jpg","contentUrl":"https:\/\/www.bellunopress.it\/wp-content\/uploads\/2011\/05\/cropped-logo-bellunopress-.jpg","width":512,"height":512,"caption":"Bellunopress"},"image":{"@id":"https:\/\/www.bellunopress.it\/#\/schema\/logo\/image\/"},"sameAs":["https:\/\/www.facebook.com\/profile.php?id=100008943462799","https:\/\/x.com\/bellunopress","https:\/\/www.linkedin.com\/hp\/?dnr=JBzUWaJfMUw8vbXJJ2tVW5-I3jZKvC4wsoxE&amp;amp;amp;amp;amp;amp;trk=nav_responsive_tab_home","https:\/\/www.youtube.com\/channel\/UCxL0wu1uN0_3_7hGG0306cw"]},{"@type":"Person","@id":"https:\/\/www.bellunopress.it\/#\/schema\/person\/79bb06722b37ece1c03d3e94beb30d73","name":"r\u00e9daction","image":{"@type":"ImageObject","inLanguage":"fr-FR","@id":"https:\/\/secure.gravatar.com\/avatar\/37d968a2e67a6fd04c169c4bdef102d0bc5d31b2546345219e348575eb80e9a0?s=96&d=mm&r=g","url":"https:\/\/secure.gravatar.com\/avatar\/37d968a2e67a6fd04c169c4bdef102d0bc5d31b2546345219e348575eb80e9a0?s=96&d=mm&r=g","contentUrl":"https:\/\/secure.gravatar.com\/avatar\/37d968a2e67a6fd04c169c4bdef102d0bc5d31b2546345219e348575eb80e9a0?s=96&d=mm&r=g","caption":"redazione"},"sameAs":["http:\/\/www.bellunopress.it","https:\/\/x.com\/bellunopress"],"url":"https:\/\/www.bellunopress.it\/fr\/author\/redazione\/"}]}},"_links":{"self":[{"href":"https:\/\/www.bellunopress.it\/fr\/wp-json\/wp\/v2\/posts\/163891","targetHints":{"allow":["GET"]}}],"collection":[{"href":"https:\/\/www.bellunopress.it\/fr\/wp-json\/wp\/v2\/posts"}],"about":[{"href":"https:\/\/www.bellunopress.it\/fr\/wp-json\/wp\/v2\/types\/post"}],"author":[{"embeddable":true,"href":"https:\/\/www.bellunopress.it\/fr\/wp-json\/wp\/v2\/users\/2"}],"replies":[{"embeddable":true,"href":"https:\/\/www.bellunopress.it\/fr\/wp-json\/wp\/v2\/comments?post=163891"}],"version-history":[{"count":1,"href":"https:\/\/www.bellunopress.it\/fr\/wp-json\/wp\/v2\/posts\/163891\/revisions"}],"predecessor-version":[{"id":163892,"href":"https:\/\/www.bellunopress.it\/fr\/wp-json\/wp\/v2\/posts\/163891\/revisions\/163892"}],"wp:featuredmedia":[{"embeddable":true,"href":"https:\/\/www.bellunopress.it\/fr\/wp-json\/wp\/v2\/media\/138422"}],"wp:attachment":[{"href":"https:\/\/www.bellunopress.it\/fr\/wp-json\/wp\/v2\/media?parent=163891"}],"wp:term":[{"taxonomy":"category","embeddable":true,"href":"https:\/\/www.bellunopress.it\/fr\/wp-json\/wp\/v2\/categories?post=163891"},{"taxonomy":"post_tag","embeddable":true,"href":"https:\/\/www.bellunopress.it\/fr\/wp-json\/wp\/v2\/tags?post=163891"}],"curies":[{"name":"wp","href":"https:\/\/api.w.org\/{rel}","templated":true}]}}