{"id":163886,"date":"2025-10-06T16:29:10","date_gmt":"2025-10-06T14:29:10","guid":{"rendered":"https:\/\/www.bellunopress.it\/?p=163886"},"modified":"2025-10-06T16:29:10","modified_gmt":"2025-10-06T14:29:10","slug":"coloriamo-la-nostra-vita-il-viaggio-poetico-di-cecilia-quattrer-nel-suo-ultimo-e-book","status":"publish","type":"post","link":"https:\/\/www.bellunopress.it\/fr\/2025\/10\/06\/coloriamo-la-nostra-vita-il-viaggio-poetico-di-cecilia-quattrer-nel-suo-ultimo-e-book\/","title":{"rendered":"Coloriamo la nostra vita. Il viaggio poetico di Cecilia Quattrer nel suo ultimo e-book"},"content":{"rendered":"<p><img loading=\"lazy\" decoding=\"async\" class=\"aligncenter size-full wp-image-163887\" src=\"https:\/\/www.bellunopress.it\/wp-content\/uploads\/2025\/10\/Coloriamo-la-nostra-vita-di-Cecilia-Quattrer.jpg\" alt=\"\" width=\"534\" height=\"800\" srcset=\"https:\/\/www.bellunopress.it\/wp-content\/uploads\/2025\/10\/Coloriamo-la-nostra-vita-di-Cecilia-Quattrer.jpg 534w, https:\/\/www.bellunopress.it\/wp-content\/uploads\/2025\/10\/Coloriamo-la-nostra-vita-di-Cecilia-Quattrer-334x500.jpg 334w, https:\/\/www.bellunopress.it\/wp-content\/uploads\/2025\/10\/Coloriamo-la-nostra-vita-di-Cecilia-Quattrer-280x420.jpg 280w\" sizes=\"auto, (max-width: 534px) 100vw, 534px\" \/>E\u2019 una dolce pennellata che d\u00e0 voce al proprio \u201cio\u201d interiore, la scrittura di Cecilia Quattrer che, nella sua opera \u201cColoriamo la nostra vita\u201d &#8211; disponibile solo nella versione e-book &#8211; accompagna il lettore in un piacevole viaggio tra emozioni, ricordi, abbracci e calore. \u00abMolti dei miei componimenti &#8211; confessa l\u2019autrice che vive a Santo Stefano di Cadore (Belluno) &#8211; fanno parte della quotidianit\u00e0, cerco di vedere sempre il lato positivo delle cose. Ecco allora il perch\u00e9 del titolo: \u00e8 semplicemente un invito rivolto a tutti coloro che hanno difficolt\u00e0 a dare il giusto risalto alle bellezze che ci stanno attorno, \u201ccolorando\u201d noi stessi e il nostro vivere\u00bb.<\/p>\n<p>L\u2019opera \u00e8 pubblicata nella collana \u201cAltre Frontiere\u201d dell\u2019Aletti editore, poich\u00e9 tradotto anche nella versione inglese, in collaborazione con \u201cSSML Istituto di Alti Studi Linguistici Carlo Bo\u201d. \u00abIn un mondo dove la lingua inglese la fa da padrone, potrebbe essere la scelta giusta, anche se ritengo che la mia lingua, l\u2019italiano, sia la pi\u00f9 bella e la pi\u00f9 armoniosa sotto ogni punto di vista\u00bb.<\/p>\n<p>La scrittura di Cecilia trova la sua fonte nella quotidianit\u00e0, nelle emozioni interiori suscitate da sentimenti come l\u2019amore, l\u2019amicizia, la malinconia; nei rapporti umani, nella natura circostante, tramutati in versi semplici, profondi e coinvolgenti, in cui ciascuno pu\u00f2 riflettersi.<\/p>\n<p>\u00abImprimere nero su bianco quello che hai dentro, \u00e8 come guardarsi allo specchio. Non \u00e8 sicuramente facile; bisogna avere il coraggio di spogliarsi, mettendo a nudo le proprie fragilit\u00e0, accettando i propri errori e, possibilmente, perdonandosi. Ritrovare la pace interiore \u00e8 il passo successivo\u00bb.<\/p>\n<p>La poesia diventa, cos\u00ec, un modo per esprimere stati d\u2019animo complessi e sfumature delle esperienze umane, dove la Quattrer accosta la potenza della parola a quella del colore, ognuno dei quali ha un significato ben definito.<\/p>\n<p>\u00abLa passione, l\u2019amore, talvolta la rabbia sono ben rappresentate dal rosso fiammante, l\u2019invidia e la cattiveria sono, a tutti gli effetti, nere come la pece\u00bb.<\/p>\n<p>Ma se l\u2019autrice dovesse pensare, ad occhi chiusi, al colore che, per eccellenza, illumina la sua vita, non ha dubbi: \u00e8 l\u2019azzurro, che dona serenit\u00e0, ispira fiducia e stimola la creativit\u00e0.<\/p>\n<p>\u00abIn ognuno di noi le emozioni hanno un peso non indifferente. Se anche un solo lettore, leggendo i miei componimenti, riesce a sentirsi parte integrante del mio scrivere, immedesimandosi, ritengo sia la giusta ricompensa, per chi come me, sceglie di parlare con il cuore\u00bb.<\/p>\n<p>E il cuore di Cecilia parla ad altri cuori, invitandoli, con la sua penna, a vedere oltre il buio delle proprie paure, avendo il coraggio di guardare oltre le apparenze, di saper accettare le sconfitte, di perdonarsi e davanti ad un tramonto, emozionarsi come fosse sempre la prima volta. Solo con la sensibilit\u00e0 di chi sa respirare il profumo delle pagine, immaginando l\u2019autore chino su di esso nel completare la sua fatica.<\/p>\n<p>\u00abIn un\u2019era tecnologica come quella che stiamo vivendo, anche il mondo della letteratura deve, per forza di cose, adeguarsi. Ma l\u2019e-book, per quanto moderno e forse pi\u00f9 letto dalle nuove generazioni, non toglier\u00e0 mai il gusto di avere tra le mani il vecchio, caro amico cartaceo\u00bb.<\/p>","protected":false},"excerpt":{"rendered":"<p>E\u2019 una dolce pennellata che d\u00e0 voce al proprio \u201cio\u201d interiore, la scrittura di Cecilia Quattrer che, nella sua opera \u201cColoriamo la nostra vita\u201d &#8211; disponibile solo nella versione e-book &#8211; accompagna il lettore in un piacevole viaggio tra emozioni, ricordi, abbracci e calore. \u00abMolti dei miei componimenti &#8211; confessa l\u2019autrice che vive a Santo [&hellip;]<\/p>\n","protected":false},"author":2,"featured_media":163887,"comment_status":"closed","ping_status":"open","sticky":false,"template":"","format":"standard","meta":{"footnotes":""},"categories":[3],"tags":[],"class_list":["post-163886","post","type-post","status-publish","format-standard","has-post-thumbnail","category-arte-cultura-spettacoli-scienza-archivi"],"yoast_head":"<!-- This site is optimized with the Yoast SEO plugin v28.4 - https:\/\/yoast.com\/product\/yoast-seo-wordpress\/ -->\n<title>Coloriamo la nostra vita. Il viaggio poetico di Cecilia Quattrer nel suo ultimo e-book - Bellunopress - Dolomiti<\/title>\n<meta name=\"robots\" content=\"index, follow, max-snippet:-1, max-image-preview:large, max-video-preview:-1\" \/>\n<link rel=\"canonical\" href=\"https:\/\/www.bellunopress.it\/fr\/2025\/10\/06\/coloriamo-la-nostra-vita-il-viaggio-poetico-di-cecilia-quattrer-nel-suo-ultimo-e-book\/\" \/>\n<meta property=\"og:locale\" content=\"fr_FR\" \/>\n<meta property=\"og:type\" content=\"article\" \/>\n<meta property=\"og:title\" content=\"Coloriamo la nostra vita. Il viaggio poetico di Cecilia Quattrer nel suo ultimo e-book - Bellunopress - Dolomiti\" \/>\n<meta property=\"og:description\" content=\"E\u2019 una dolce pennellata che d\u00e0 voce al proprio \u201cio\u201d interiore, la scrittura di Cecilia Quattrer che, nella sua opera \u201cColoriamo la nostra vita\u201d &#8211; disponibile solo nella versione e-book &#8211; accompagna il lettore in un piacevole viaggio tra emozioni, ricordi, abbracci e calore. \u00abMolti dei miei componimenti &#8211; confessa l\u2019autrice che vive a Santo [&hellip;]\" \/>\n<meta property=\"og:url\" content=\"https:\/\/www.bellunopress.it\/fr\/2025\/10\/06\/coloriamo-la-nostra-vita-il-viaggio-poetico-di-cecilia-quattrer-nel-suo-ultimo-e-book\/\" \/>\n<meta property=\"og:site_name\" content=\"Bellunopress - Dolomiti\" \/>\n<meta property=\"article:publisher\" content=\"https:\/\/www.facebook.com\/profile.php?id=100008943462799\" \/>\n<meta property=\"article:published_time\" content=\"2025-10-06T14:29:10+00:00\" \/>\n<meta property=\"og:image\" content=\"https:\/\/www.bellunopress.it\/wp-content\/uploads\/2025\/10\/Coloriamo-la-nostra-vita-di-Cecilia-Quattrer.jpg\" \/>\n\t<meta property=\"og:image:width\" content=\"534\" \/>\n\t<meta property=\"og:image:height\" content=\"800\" \/>\n\t<meta property=\"og:image:type\" content=\"image\/jpeg\" \/>\n<meta name=\"author\" content=\"redazione\" \/>\n<meta name=\"twitter:card\" content=\"summary_large_image\" \/>\n<meta name=\"twitter:creator\" content=\"@bellunopress\" \/>\n<meta name=\"twitter:site\" content=\"@bellunopress\" \/>\n<meta name=\"twitter:label1\" content=\"\u00c9crit par\" \/>\n\t<meta name=\"twitter:data1\" content=\"redazione\" \/>\n\t<meta name=\"twitter:label2\" content=\"Dur\u00e9e de lecture estim\u00e9e\" \/>\n\t<meta name=\"twitter:data2\" content=\"3 minutes\" \/>\n<script type=\"application\/ld+json\" class=\"yoast-schema-graph\">{\"@context\":\"https:\\\/\\\/schema.org\",\"@graph\":[{\"@type\":\"Article\",\"@id\":\"https:\\\/\\\/www.bellunopress.it\\\/2025\\\/10\\\/06\\\/coloriamo-la-nostra-vita-il-viaggio-poetico-di-cecilia-quattrer-nel-suo-ultimo-e-book\\\/#article\",\"isPartOf\":{\"@id\":\"https:\\\/\\\/www.bellunopress.it\\\/2025\\\/10\\\/06\\\/coloriamo-la-nostra-vita-il-viaggio-poetico-di-cecilia-quattrer-nel-suo-ultimo-e-book\\\/\"},\"author\":{\"name\":\"redazione\",\"@id\":\"https:\\\/\\\/www.bellunopress.it\\\/#\\\/schema\\\/person\\\/79bb06722b37ece1c03d3e94beb30d73\"},\"headline\":\"Coloriamo la nostra vita. Il viaggio poetico di Cecilia Quattrer nel suo ultimo e-book\",\"datePublished\":\"2025-10-06T14:29:10+00:00\",\"mainEntityOfPage\":{\"@id\":\"https:\\\/\\\/www.bellunopress.it\\\/2025\\\/10\\\/06\\\/coloriamo-la-nostra-vita-il-viaggio-poetico-di-cecilia-quattrer-nel-suo-ultimo-e-book\\\/\"},\"wordCount\":530,\"publisher\":{\"@id\":\"https:\\\/\\\/www.bellunopress.it\\\/#organization\"},\"image\":{\"@id\":\"https:\\\/\\\/www.bellunopress.it\\\/2025\\\/10\\\/06\\\/coloriamo-la-nostra-vita-il-viaggio-poetico-di-cecilia-quattrer-nel-suo-ultimo-e-book\\\/#primaryimage\"},\"thumbnailUrl\":\"https:\\\/\\\/www.bellunopress.it\\\/wp-content\\\/uploads\\\/2025\\\/10\\\/Coloriamo-la-nostra-vita-di-Cecilia-Quattrer.jpg\",\"articleSection\":[\"Arte, Cultura, Spettacoli, Scienza\"],\"inLanguage\":\"fr-FR\"},{\"@type\":\"WebPage\",\"@id\":\"https:\\\/\\\/www.bellunopress.it\\\/2025\\\/10\\\/06\\\/coloriamo-la-nostra-vita-il-viaggio-poetico-di-cecilia-quattrer-nel-suo-ultimo-e-book\\\/\",\"url\":\"https:\\\/\\\/www.bellunopress.it\\\/2025\\\/10\\\/06\\\/coloriamo-la-nostra-vita-il-viaggio-poetico-di-cecilia-quattrer-nel-suo-ultimo-e-book\\\/\",\"name\":\"Coloriamo la nostra vita. Il viaggio poetico di Cecilia Quattrer nel suo ultimo e-book - Bellunopress - Dolomiti\",\"isPartOf\":{\"@id\":\"https:\\\/\\\/www.bellunopress.it\\\/#website\"},\"primaryImageOfPage\":{\"@id\":\"https:\\\/\\\/www.bellunopress.it\\\/2025\\\/10\\\/06\\\/coloriamo-la-nostra-vita-il-viaggio-poetico-di-cecilia-quattrer-nel-suo-ultimo-e-book\\\/#primaryimage\"},\"image\":{\"@id\":\"https:\\\/\\\/www.bellunopress.it\\\/2025\\\/10\\\/06\\\/coloriamo-la-nostra-vita-il-viaggio-poetico-di-cecilia-quattrer-nel-suo-ultimo-e-book\\\/#primaryimage\"},\"thumbnailUrl\":\"https:\\\/\\\/www.bellunopress.it\\\/wp-content\\\/uploads\\\/2025\\\/10\\\/Coloriamo-la-nostra-vita-di-Cecilia-Quattrer.jpg\",\"datePublished\":\"2025-10-06T14:29:10+00:00\",\"breadcrumb\":{\"@id\":\"https:\\\/\\\/www.bellunopress.it\\\/2025\\\/10\\\/06\\\/coloriamo-la-nostra-vita-il-viaggio-poetico-di-cecilia-quattrer-nel-suo-ultimo-e-book\\\/#breadcrumb\"},\"inLanguage\":\"fr-FR\",\"potentialAction\":[{\"@type\":\"ReadAction\",\"target\":[\"https:\\\/\\\/www.bellunopress.it\\\/2025\\\/10\\\/06\\\/coloriamo-la-nostra-vita-il-viaggio-poetico-di-cecilia-quattrer-nel-suo-ultimo-e-book\\\/\"]}]},{\"@type\":\"ImageObject\",\"inLanguage\":\"fr-FR\",\"@id\":\"https:\\\/\\\/www.bellunopress.it\\\/2025\\\/10\\\/06\\\/coloriamo-la-nostra-vita-il-viaggio-poetico-di-cecilia-quattrer-nel-suo-ultimo-e-book\\\/#primaryimage\",\"url\":\"https:\\\/\\\/www.bellunopress.it\\\/wp-content\\\/uploads\\\/2025\\\/10\\\/Coloriamo-la-nostra-vita-di-Cecilia-Quattrer.jpg\",\"contentUrl\":\"https:\\\/\\\/www.bellunopress.it\\\/wp-content\\\/uploads\\\/2025\\\/10\\\/Coloriamo-la-nostra-vita-di-Cecilia-Quattrer.jpg\",\"width\":534,\"height\":800},{\"@type\":\"BreadcrumbList\",\"@id\":\"https:\\\/\\\/www.bellunopress.it\\\/2025\\\/10\\\/06\\\/coloriamo-la-nostra-vita-il-viaggio-poetico-di-cecilia-quattrer-nel-suo-ultimo-e-book\\\/#breadcrumb\",\"itemListElement\":[{\"@type\":\"ListItem\",\"position\":1,\"name\":\"Home\",\"item\":\"https:\\\/\\\/www.bellunopress.it\\\/\"},{\"@type\":\"ListItem\",\"position\":2,\"name\":\"Coloriamo la nostra vita. Il viaggio poetico di Cecilia Quattrer nel suo ultimo e-book\"}]},{\"@type\":\"WebSite\",\"@id\":\"https:\\\/\\\/www.bellunopress.it\\\/#website\",\"url\":\"https:\\\/\\\/www.bellunopress.it\\\/\",\"name\":\"Bellunopress - Dolomiti\",\"description\":\"e-mail: redazione@bellunopress.it\",\"publisher\":{\"@id\":\"https:\\\/\\\/www.bellunopress.it\\\/#organization\"},\"potentialAction\":[{\"@type\":\"SearchAction\",\"target\":{\"@type\":\"EntryPoint\",\"urlTemplate\":\"https:\\\/\\\/www.bellunopress.it\\\/?s={search_term_string}\"},\"query-input\":{\"@type\":\"PropertyValueSpecification\",\"valueRequired\":true,\"valueName\":\"search_term_string\"}}],\"inLanguage\":\"fr-FR\"},{\"@type\":\"Organization\",\"@id\":\"https:\\\/\\\/www.bellunopress.it\\\/#organization\",\"name\":\"Bellunopress\",\"url\":\"https:\\\/\\\/www.bellunopress.it\\\/\",\"logo\":{\"@type\":\"ImageObject\",\"inLanguage\":\"fr-FR\",\"@id\":\"https:\\\/\\\/www.bellunopress.it\\\/#\\\/schema\\\/logo\\\/image\\\/\",\"url\":\"https:\\\/\\\/www.bellunopress.it\\\/wp-content\\\/uploads\\\/2011\\\/05\\\/cropped-logo-bellunopress-.jpg\",\"contentUrl\":\"https:\\\/\\\/www.bellunopress.it\\\/wp-content\\\/uploads\\\/2011\\\/05\\\/cropped-logo-bellunopress-.jpg\",\"width\":512,\"height\":512,\"caption\":\"Bellunopress\"},\"image\":{\"@id\":\"https:\\\/\\\/www.bellunopress.it\\\/#\\\/schema\\\/logo\\\/image\\\/\"},\"sameAs\":[\"https:\\\/\\\/www.facebook.com\\\/profile.php?id=100008943462799\",\"https:\\\/\\\/x.com\\\/bellunopress\",\"https:\\\/\\\/www.linkedin.com\\\/hp\\\/?dnr=JBzUWaJfMUw8vbXJJ2tVW5-I3jZKvC4wsoxE&amp;amp;amp;amp;amp;amp;trk=nav_responsive_tab_home\",\"https:\\\/\\\/www.youtube.com\\\/channel\\\/UCxL0wu1uN0_3_7hGG0306cw\"]},{\"@type\":\"Person\",\"@id\":\"https:\\\/\\\/www.bellunopress.it\\\/#\\\/schema\\\/person\\\/79bb06722b37ece1c03d3e94beb30d73\",\"name\":\"redazione\",\"image\":{\"@type\":\"ImageObject\",\"inLanguage\":\"fr-FR\",\"@id\":\"https:\\\/\\\/secure.gravatar.com\\\/avatar\\\/37d968a2e67a6fd04c169c4bdef102d0bc5d31b2546345219e348575eb80e9a0?s=96&d=mm&r=g\",\"url\":\"https:\\\/\\\/secure.gravatar.com\\\/avatar\\\/37d968a2e67a6fd04c169c4bdef102d0bc5d31b2546345219e348575eb80e9a0?s=96&d=mm&r=g\",\"contentUrl\":\"https:\\\/\\\/secure.gravatar.com\\\/avatar\\\/37d968a2e67a6fd04c169c4bdef102d0bc5d31b2546345219e348575eb80e9a0?s=96&d=mm&r=g\",\"caption\":\"redazione\"},\"sameAs\":[\"http:\\\/\\\/www.bellunopress.it\",\"https:\\\/\\\/x.com\\\/bellunopress\"],\"url\":\"https:\\\/\\\/www.bellunopress.it\\\/fr\\\/author\\\/redazione\\\/\"}]}<\/script>\n<!-- \/ Yoast SEO plugin. -->","yoast_head_json":{"title":"Coloriamo la nostra vita. Il viaggio poetico di Cecilia Quattrer nel suo ultimo e-book - Bellunopress - Dolomiti","robots":{"index":"index","follow":"follow","max-snippet":"max-snippet:-1","max-image-preview":"max-image-preview:large","max-video-preview":"max-video-preview:-1"},"canonical":"https:\/\/www.bellunopress.it\/fr\/2025\/10\/06\/coloriamo-la-nostra-vita-il-viaggio-poetico-di-cecilia-quattrer-nel-suo-ultimo-e-book\/","og_locale":"fr_FR","og_type":"article","og_title":"Coloriamo la nostra vita. Il viaggio poetico di Cecilia Quattrer nel suo ultimo e-book - Bellunopress - Dolomiti","og_description":"E\u2019 una dolce pennellata che d\u00e0 voce al proprio \u201cio\u201d interiore, la scrittura di Cecilia Quattrer che, nella sua opera \u201cColoriamo la nostra vita\u201d &#8211; disponibile solo nella versione e-book &#8211; accompagna il lettore in un piacevole viaggio tra emozioni, ricordi, abbracci e calore. \u00abMolti dei miei componimenti &#8211; confessa l\u2019autrice che vive a Santo [&hellip;]","og_url":"https:\/\/www.bellunopress.it\/fr\/2025\/10\/06\/coloriamo-la-nostra-vita-il-viaggio-poetico-di-cecilia-quattrer-nel-suo-ultimo-e-book\/","og_site_name":"Bellunopress - Dolomiti","article_publisher":"https:\/\/www.facebook.com\/profile.php?id=100008943462799","article_published_time":"2025-10-06T14:29:10+00:00","og_image":[{"width":534,"height":800,"url":"https:\/\/www.bellunopress.it\/wp-content\/uploads\/2025\/10\/Coloriamo-la-nostra-vita-di-Cecilia-Quattrer.jpg","type":"image\/jpeg"}],"author":"redazione","twitter_card":"summary_large_image","twitter_creator":"@bellunopress","twitter_site":"@bellunopress","twitter_misc":{"\u00c9crit par":"redazione","Dur\u00e9e de lecture estim\u00e9e":"3 minutes"},"schema":{"@context":"https:\/\/schema.org","@graph":[{"@type":"Article","@id":"https:\/\/www.bellunopress.it\/2025\/10\/06\/coloriamo-la-nostra-vita-il-viaggio-poetico-di-cecilia-quattrer-nel-suo-ultimo-e-book\/#article","isPartOf":{"@id":"https:\/\/www.bellunopress.it\/2025\/10\/06\/coloriamo-la-nostra-vita-il-viaggio-poetico-di-cecilia-quattrer-nel-suo-ultimo-e-book\/"},"author":{"name":"redazione","@id":"https:\/\/www.bellunopress.it\/#\/schema\/person\/79bb06722b37ece1c03d3e94beb30d73"},"headline":"Coloriamo la nostra vita. Il viaggio poetico di Cecilia Quattrer nel suo ultimo e-book","datePublished":"2025-10-06T14:29:10+00:00","mainEntityOfPage":{"@id":"https:\/\/www.bellunopress.it\/2025\/10\/06\/coloriamo-la-nostra-vita-il-viaggio-poetico-di-cecilia-quattrer-nel-suo-ultimo-e-book\/"},"wordCount":530,"publisher":{"@id":"https:\/\/www.bellunopress.it\/#organization"},"image":{"@id":"https:\/\/www.bellunopress.it\/2025\/10\/06\/coloriamo-la-nostra-vita-il-viaggio-poetico-di-cecilia-quattrer-nel-suo-ultimo-e-book\/#primaryimage"},"thumbnailUrl":"https:\/\/www.bellunopress.it\/wp-content\/uploads\/2025\/10\/Coloriamo-la-nostra-vita-di-Cecilia-Quattrer.jpg","articleSection":["Arte, Cultura, Spettacoli, Scienza"],"inLanguage":"fr-FR"},{"@type":"WebPage","@id":"https:\/\/www.bellunopress.it\/2025\/10\/06\/coloriamo-la-nostra-vita-il-viaggio-poetico-di-cecilia-quattrer-nel-suo-ultimo-e-book\/","url":"https:\/\/www.bellunopress.it\/2025\/10\/06\/coloriamo-la-nostra-vita-il-viaggio-poetico-di-cecilia-quattrer-nel-suo-ultimo-e-book\/","name":"Coloriamo la nostra vita. Il viaggio poetico di Cecilia Quattrer nel suo ultimo e-book - Bellunopress - Dolomiti","isPartOf":{"@id":"https:\/\/www.bellunopress.it\/#website"},"primaryImageOfPage":{"@id":"https:\/\/www.bellunopress.it\/2025\/10\/06\/coloriamo-la-nostra-vita-il-viaggio-poetico-di-cecilia-quattrer-nel-suo-ultimo-e-book\/#primaryimage"},"image":{"@id":"https:\/\/www.bellunopress.it\/2025\/10\/06\/coloriamo-la-nostra-vita-il-viaggio-poetico-di-cecilia-quattrer-nel-suo-ultimo-e-book\/#primaryimage"},"thumbnailUrl":"https:\/\/www.bellunopress.it\/wp-content\/uploads\/2025\/10\/Coloriamo-la-nostra-vita-di-Cecilia-Quattrer.jpg","datePublished":"2025-10-06T14:29:10+00:00","breadcrumb":{"@id":"https:\/\/www.bellunopress.it\/2025\/10\/06\/coloriamo-la-nostra-vita-il-viaggio-poetico-di-cecilia-quattrer-nel-suo-ultimo-e-book\/#breadcrumb"},"inLanguage":"fr-FR","potentialAction":[{"@type":"ReadAction","target":["https:\/\/www.bellunopress.it\/2025\/10\/06\/coloriamo-la-nostra-vita-il-viaggio-poetico-di-cecilia-quattrer-nel-suo-ultimo-e-book\/"]}]},{"@type":"ImageObject","inLanguage":"fr-FR","@id":"https:\/\/www.bellunopress.it\/2025\/10\/06\/coloriamo-la-nostra-vita-il-viaggio-poetico-di-cecilia-quattrer-nel-suo-ultimo-e-book\/#primaryimage","url":"https:\/\/www.bellunopress.it\/wp-content\/uploads\/2025\/10\/Coloriamo-la-nostra-vita-di-Cecilia-Quattrer.jpg","contentUrl":"https:\/\/www.bellunopress.it\/wp-content\/uploads\/2025\/10\/Coloriamo-la-nostra-vita-di-Cecilia-Quattrer.jpg","width":534,"height":800},{"@type":"BreadcrumbList","@id":"https:\/\/www.bellunopress.it\/2025\/10\/06\/coloriamo-la-nostra-vita-il-viaggio-poetico-di-cecilia-quattrer-nel-suo-ultimo-e-book\/#breadcrumb","itemListElement":[{"@type":"ListItem","position":1,"name":"Home","item":"https:\/\/www.bellunopress.it\/"},{"@type":"ListItem","position":2,"name":"Coloriamo la nostra vita. Il viaggio poetico di Cecilia Quattrer nel suo ultimo e-book"}]},{"@type":"WebSite","@id":"https:\/\/www.bellunopress.it\/#website","url":"https:\/\/www.bellunopress.it\/","name":"Bellunopress - Dolomiti","description":"e-mail: redazione@bellunopress.it","publisher":{"@id":"https:\/\/www.bellunopress.it\/#organization"},"potentialAction":[{"@type":"SearchAction","target":{"@type":"EntryPoint","urlTemplate":"https:\/\/www.bellunopress.it\/?s={search_term_string}"},"query-input":{"@type":"PropertyValueSpecification","valueRequired":true,"valueName":"search_term_string"}}],"inLanguage":"fr-FR"},{"@type":"Organization","@id":"https:\/\/www.bellunopress.it\/#organization","name":"Bellunopress","url":"https:\/\/www.bellunopress.it\/","logo":{"@type":"ImageObject","inLanguage":"fr-FR","@id":"https:\/\/www.bellunopress.it\/#\/schema\/logo\/image\/","url":"https:\/\/www.bellunopress.it\/wp-content\/uploads\/2011\/05\/cropped-logo-bellunopress-.jpg","contentUrl":"https:\/\/www.bellunopress.it\/wp-content\/uploads\/2011\/05\/cropped-logo-bellunopress-.jpg","width":512,"height":512,"caption":"Bellunopress"},"image":{"@id":"https:\/\/www.bellunopress.it\/#\/schema\/logo\/image\/"},"sameAs":["https:\/\/www.facebook.com\/profile.php?id=100008943462799","https:\/\/x.com\/bellunopress","https:\/\/www.linkedin.com\/hp\/?dnr=JBzUWaJfMUw8vbXJJ2tVW5-I3jZKvC4wsoxE&amp;amp;amp;amp;amp;amp;trk=nav_responsive_tab_home","https:\/\/www.youtube.com\/channel\/UCxL0wu1uN0_3_7hGG0306cw"]},{"@type":"Person","@id":"https:\/\/www.bellunopress.it\/#\/schema\/person\/79bb06722b37ece1c03d3e94beb30d73","name":"r\u00e9daction","image":{"@type":"ImageObject","inLanguage":"fr-FR","@id":"https:\/\/secure.gravatar.com\/avatar\/37d968a2e67a6fd04c169c4bdef102d0bc5d31b2546345219e348575eb80e9a0?s=96&d=mm&r=g","url":"https:\/\/secure.gravatar.com\/avatar\/37d968a2e67a6fd04c169c4bdef102d0bc5d31b2546345219e348575eb80e9a0?s=96&d=mm&r=g","contentUrl":"https:\/\/secure.gravatar.com\/avatar\/37d968a2e67a6fd04c169c4bdef102d0bc5d31b2546345219e348575eb80e9a0?s=96&d=mm&r=g","caption":"redazione"},"sameAs":["http:\/\/www.bellunopress.it","https:\/\/x.com\/bellunopress"],"url":"https:\/\/www.bellunopress.it\/fr\/author\/redazione\/"}]}},"_links":{"self":[{"href":"https:\/\/www.bellunopress.it\/fr\/wp-json\/wp\/v2\/posts\/163886","targetHints":{"allow":["GET"]}}],"collection":[{"href":"https:\/\/www.bellunopress.it\/fr\/wp-json\/wp\/v2\/posts"}],"about":[{"href":"https:\/\/www.bellunopress.it\/fr\/wp-json\/wp\/v2\/types\/post"}],"author":[{"embeddable":true,"href":"https:\/\/www.bellunopress.it\/fr\/wp-json\/wp\/v2\/users\/2"}],"replies":[{"embeddable":true,"href":"https:\/\/www.bellunopress.it\/fr\/wp-json\/wp\/v2\/comments?post=163886"}],"version-history":[{"count":1,"href":"https:\/\/www.bellunopress.it\/fr\/wp-json\/wp\/v2\/posts\/163886\/revisions"}],"predecessor-version":[{"id":163888,"href":"https:\/\/www.bellunopress.it\/fr\/wp-json\/wp\/v2\/posts\/163886\/revisions\/163888"}],"wp:featuredmedia":[{"embeddable":true,"href":"https:\/\/www.bellunopress.it\/fr\/wp-json\/wp\/v2\/media\/163887"}],"wp:attachment":[{"href":"https:\/\/www.bellunopress.it\/fr\/wp-json\/wp\/v2\/media?parent=163886"}],"wp:term":[{"taxonomy":"category","embeddable":true,"href":"https:\/\/www.bellunopress.it\/fr\/wp-json\/wp\/v2\/categories?post=163886"},{"taxonomy":"post_tag","embeddable":true,"href":"https:\/\/www.bellunopress.it\/fr\/wp-json\/wp\/v2\/tags?post=163886"}],"curies":[{"name":"wp","href":"https:\/\/api.w.org\/{rel}","templated":true}]}}