{"id":163881,"date":"2025-10-06T07:41:14","date_gmt":"2025-10-06T05:41:14","guid":{"rendered":"https:\/\/www.bellunopress.it\/?p=163881"},"modified":"2025-10-06T07:41:14","modified_gmt":"2025-10-06T05:41:14","slug":"alcoltest-il-film-di-stefano-usardi-in-anteprima-a-feltre-a-belluno-dal-18-ottobre","status":"publish","type":"post","link":"https:\/\/www.bellunopress.it\/fr\/2025\/10\/06\/alcoltest-il-film-di-stefano-usardi-in-anteprima-a-feltre-a-belluno-dal-18-ottobre\/","title":{"rendered":"Alcoltest, il film di Stefano Usardi in anteprima a Feltre, a Belluno dal 18 ottobre"},"content":{"rendered":"<p><img loading=\"lazy\" decoding=\"async\" class=\"aligncenter size-full wp-image-162715\" src=\"https:\/\/www.bellunopress.it\/wp-content\/uploads\/2025\/08\/Alcooltest-film-con-Drupi-regia-Usardi.jpg\" alt=\"\" width=\"580\" height=\"800\" srcset=\"https:\/\/www.bellunopress.it\/wp-content\/uploads\/2025\/08\/Alcooltest-film-con-Drupi-regia-Usardi.jpg 580w, https:\/\/www.bellunopress.it\/wp-content\/uploads\/2025\/08\/Alcooltest-film-con-Drupi-regia-Usardi-363x500.jpg 363w, https:\/\/www.bellunopress.it\/wp-content\/uploads\/2025\/08\/Alcooltest-film-con-Drupi-regia-Usardi-305x420.jpg 305w\" sizes=\"auto, (max-width: 580px) 100vw, 580px\" \/>ALCOOLTEST\u00a0 di Stefano Usardi. Una produzione Fifilm Production<br \/>\nCon Drupi e con Vanda Colecchia, Sofia Taglioni, Vassilij Mangheras, Stefano Scandaletti, Giulio Cancelli, Matilde Vigna, Selene Gandini, Giovanni Morassutti, Francesco Migliaccio.<\/p>\n<p>Luned\u00ec 6 ottobre alle ore 18:00 all&#8217;Officinema di Feltre in piazza Antonio Cambruzzi n.4 \u2013<br \/>\nIngresso in sala con biglietto<\/p>\n<p>Ufficialmente nelle sale dal 15 ottobre 2025, Alcooltest \u00e8 un racconto intimo e profondo, un viaggio introspettivo che porta a riflettere sulla condizione umana, sui legami che ci uniscono e sui sogni che ci accompagnano nel corso della vita.<\/p>\n<p>\u201cAlcooltest\u201d sar\u00e0 in sala anche a Belluno presso il Cinemultisala \u201cLa Petite Lumi\u00e8re\u201d nei seguenti giorni: Sabato 18 e Mercoled\u00ec 22 ottobre ore 19.00 e Domenica 19 ottobre ore 17.00<\/p>\n<p>Trailer Film &#8211; https:\/\/vimeo.com\/1060820828\/058b86b57a<\/p>\n<p><strong>Il regista Stefano Usardi<\/strong><\/p>\n<p>Alcooltest racconta la storia di Sergio, legato ai suoi gloriosi anni \u201870, in cui tutta l\u2019Italia cantava le sue canzoni. Dorme in una barca a vela abbandonata in mezzo ad un prato ai margini di un piccolo paese di montagna. Beve birra e cerca di dimenticare il suo passato, ma piccole allucinazioni rendono il tutto molto difficile. Sofia, che sta per sposarsi con Luca, giovane appassionato di macchine truccate, lo tratta come un padre e cerca di aiutarlo a tornare in pista. Ci prova anche una giovane band di liscio che lo coinvolge per una nuova canzone. Tornato a cantare ricompare il suo agente che cerca di convincerlo ad abbandonare i nuovi amici. Distratto dalla fuga di un vitello, che gli \u00e8 stato affidato come pegno di matrimonio da Sofia, cerca in tutti i modi di rimanere lucido. Tra improbabili sagre paesane, pranzi eccessivi e crisi di identit\u00e0 Sergio \u00e8 costretto a lasciarsi alle spalle il passato.\u00a0Le riprese del film sono state effettuate interamente in Valbelluna.<\/p>\n<p>La regia di Usardi ha la capacit\u00e0 di creare atmosfere dense e suggestive, catturando l\u2019essenza di personaggi complessi e sfaccettati, giocando e dialogando tra diverse generazioni. Questa volta ha scelto di farlo nella terra che lo ha visto crescere, omaggiando un territorio \u201cinvisibile\u201d, complesso, per certi versi anacronistico ma intensamente attuale.<br \/>\nOgnuno dei film che ho diretto \u00e8 stato particolare, ognuno con la sua storia da raccontare, dentro e fuori dalle scene, ma \u00e8 solo con quest\u2019ultimo lavoro che ho osservato la scintilla di vita farsi strada tra un ciak e l\u2019altro fino ad emergere e prendere una propria direzione. L\u2019abbiamo lasciato andare, senza forzature, quasi come se fosse il film stesso a dirigere tutti noi. Credo che l\u2019armonia che si \u00e8 respirata sul set emerger\u00e0 in sala e chiunque potr\u00e0 tornare a casa portando con s\u00e8 un pezzo di questa bellezza.<\/p>\n<p><strong>\u00a0Drupi<\/strong><br \/>\nMolte volte ho rifiutato le proposte che mi arrivavano per fare un film, non mi sentivo all\u2019altezza e devo confessare che la penso ancora cos\u00ec, ma questa volta qualcosa \u00e8 scattato nella mia testa ed ho pensato che fosse giunto il momento di provare. E penso sia stata la scelta pi\u00f9 giusta che avessi potuto fare. \u00c8 stata una esperienza indimenticabile ho scoperto un ambiente fantastico dove tutti lavorano per raggiungere un traguardo comune. La storia mi ha molto intrigato e Stefano Usardi, il regista, ha fatto di tutto e di pi\u00f9 per farmi sentire a mio agio in ogni situazione lasciandomi di tanto in tanto la possibilit\u00e0 di improvvisare un po\u2019. \u201cAlcooltest\u201d \u00e8 il titolo del film e credo che mi rimarr\u00e0 nel cuore per sempre cos\u00ec come tutti gli attori, i macchinisti e lo staff organizzativo, senza loro non sarebbe stato possibile realizzare un simile capolavoro. Ma una persona avr\u00e0 sempre un posto nel cuore mio e di Dorina (mia moglie che mi ha seguito in questa avventura), sto parlando di Caterina Francavilla, la produttrice, sovvenziona film per il solo piacere di fare qualcosa di bello e di artistico, vorrei darle un abbraccio infinito per quello che mi ha fatto provare in questo mese di agosto che non dimenticher\u00f2 mai. Andate a vedere \u201cAlcooltest\u201d non ve ne pentirete!<\/p>\n<p><strong>FiFilm Production<\/strong> \u00e8 una casa di produzione cinematografica con sede tra le montagne pi\u00f9 belle del mondo, le Dolomiti, nata nel 2017 dall\u2019incontro di Caterina Francavilla e Stefano Usardi. Il riscontro che circonda questa realt\u00e0, dinamica e indipendente, \u00e8 nel quotidiano la principale fonte di ispirazione nella realizzazione del suo scopo: contribuire allo sviluppo del cinema d\u2019autore a partire dall\u2019Italia, il paese che ama e che desidera raccontare in tutte le sue pi\u00f9 umane sfaccettature. FiFilm Production ha all\u2019attivo quattro produzioni cinematografiche.<\/p>\n<p><strong>Stefano Usardi<\/strong> Nato a Basilea, \u00e8 da sempre appassionato di cinema e un grande creativo. La prima laurea la ottiene a Bologna in \u201cDiscipline del Cinema\u201d. Subito dopo si trasferisce a Roma dove frequenta il \u201cNUCT\u2013 Nuova Universit\u00e0 di Cinema e Televisione\u201d di Cinecitt\u00e0 e si laurea in \u201cStoria dell\u2019arte\u201d presso la Sapienza. Nel 2009 ottiene la laurea in \u201cFilosofia\u201d presso l\u2019Universit\u00e0 di Palermo e successivamente, nel 2011 scrive, dirige e produce il suo primo film \u201cVENTISETTE\u201d prodotto da Almaimage. Nel 2015 gira a Verona il suo secondo lungometraggio \u201cIL MIO GIORNO\u201d, con protagonista Sergio Fiorentini. Il film ottiene il premio come miglior film low budget presso il \u201cVideo Festival di Imperia\u201d. Nel 2017 ottiene presso l\u2019Universit\u00e0 di Almeria un dottorato di ricerca in \u201cFilosofia\u201d, con una tesi sul cinema di Michelangelo Antonioni. Sempre nello stesso anno comincia l\u2019attivit\u00e0 per FiFilm Production, grazie all\u2019incontro con Caterina Francavilla: quindi scrive e dirige il film \u201cLUIGO\u201d a Bologna e nel 2018 gira a Trieste \u201cAFFITTASI VITA\u201d con protagonista Massimiliano Varrese. Nel 2021 a Trento prende vita \u201cFRA DUE BATTITI\u201d, con la partecipazione di Remo Girone. Il film ha vinto il premio Tonino Guerra all\u2019International IMAGO Film Festival per la Migliore Sceneggiatura di Film Italiano e il premio di Migliore Regia al HIIFF- Heart International Italian Film Festival. \u00c8 ora in distribuzione nei cinema il suo sesto lungometraggio: \u201cSENZA ET\u00c0\u201d, un roadmovie drammatico girato tra Italia, Francia e Spagna nell\u2019estate 2022, vincitore del Festival del Cinema del Golfo di Napoli come Miglior Film e come Miglior Attrice a Patrizia La Fonte e del premio come Miglior Film al Cin\u00e9 Paris Film Festival.<\/p>\n<p><strong>Caterina Francavilla<\/strong> Da sempre interessata al mondo artistico, Caterina \u00e8 l\u2019anima e la vita di FiFilm Production. Laureata allo IULM di Feltre in \u201cLingue e letterature straniere\u201d, parallelamente alla sua attivit\u00e0 di imprenditrice si dedica all\u2019allevamento di cavalli nel suo Little Ranch. A seguito di un progetto societario con il \u201cCinema Teatro\u201d di Feltre (Belluno) concentra il proprio interesse nel campo cinematografico trovando nelle opere di Usardi un amore per la vena surrealistica delle sue sceneggiature.<br \/>\nFILMOGRAFIA: &#8220;Ventisette&#8221; &#8211; 2011, &#8220;Il mio giorno&#8221; &#8211; 2015, &#8220;Luigo&#8221; &#8211; 2017, &#8220;Affittasi vita&#8221; &#8211; 2018, &#8220;Fra due battiti&#8221; &#8211; 2021, &#8220;Senza et\u00e0&#8221; \u2013 2022<\/p>\n<p>&nbsp;<\/p>","protected":false},"excerpt":{"rendered":"<p>ALCOOLTEST\u00a0 di Stefano Usardi. Una produzione Fifilm Production Con Drupi e con Vanda Colecchia, Sofia Taglioni, Vassilij Mangheras, Stefano Scandaletti, Giulio Cancelli, Matilde Vigna, Selene Gandini, Giovanni Morassutti, Francesco Migliaccio. Luned\u00ec 6 ottobre alle ore 18:00 all&#8217;Officinema di Feltre in piazza Antonio Cambruzzi n.4 \u2013 Ingresso in sala con biglietto Ufficialmente nelle sale dal 15 [&hellip;]<\/p>\n","protected":false},"author":2,"featured_media":162715,"comment_status":"closed","ping_status":"open","sticky":false,"template":"","format":"standard","meta":{"footnotes":""},"categories":[27,25],"tags":[],"class_list":["post-163881","post","type-post","status-publish","format-standard","has-post-thumbnail","category-appuntamenti","category-pausa-caffe"],"yoast_head":"<!-- This site is optimized with the Yoast SEO plugin v28.4 - https:\/\/yoast.com\/product\/yoast-seo-wordpress\/ -->\n<title>Alcoltest, il film di Stefano Usardi in anteprima a Feltre, a Belluno dal 18 ottobre - Bellunopress - Dolomiti<\/title>\n<meta name=\"robots\" content=\"index, follow, max-snippet:-1, max-image-preview:large, max-video-preview:-1\" \/>\n<link rel=\"canonical\" href=\"https:\/\/www.bellunopress.it\/fr\/2025\/10\/06\/alcoltest-il-film-di-stefano-usardi-in-anteprima-a-feltre-a-belluno-dal-18-ottobre\/\" \/>\n<meta property=\"og:locale\" content=\"fr_FR\" \/>\n<meta property=\"og:type\" content=\"article\" \/>\n<meta property=\"og:title\" content=\"Alcoltest, il film di Stefano Usardi in anteprima a Feltre, a Belluno dal 18 ottobre - Bellunopress - Dolomiti\" \/>\n<meta property=\"og:description\" content=\"ALCOOLTEST\u00a0 di Stefano Usardi. Una produzione Fifilm Production Con Drupi e con Vanda Colecchia, Sofia Taglioni, Vassilij Mangheras, Stefano Scandaletti, Giulio Cancelli, Matilde Vigna, Selene Gandini, Giovanni Morassutti, Francesco Migliaccio. Luned\u00ec 6 ottobre alle ore 18:00 all&#8217;Officinema di Feltre in piazza Antonio Cambruzzi n.4 \u2013 Ingresso in sala con biglietto Ufficialmente nelle sale dal 15 [&hellip;]\" \/>\n<meta property=\"og:url\" content=\"https:\/\/www.bellunopress.it\/fr\/2025\/10\/06\/alcoltest-il-film-di-stefano-usardi-in-anteprima-a-feltre-a-belluno-dal-18-ottobre\/\" \/>\n<meta property=\"og:site_name\" content=\"Bellunopress - Dolomiti\" \/>\n<meta property=\"article:publisher\" content=\"https:\/\/www.facebook.com\/profile.php?id=100008943462799\" \/>\n<meta property=\"article:published_time\" content=\"2025-10-06T05:41:14+00:00\" \/>\n<meta property=\"og:image\" content=\"https:\/\/www.bellunopress.it\/wp-content\/uploads\/2025\/08\/Alcooltest-film-con-Drupi-regia-Usardi.jpg\" \/>\n\t<meta property=\"og:image:width\" content=\"580\" \/>\n\t<meta property=\"og:image:height\" content=\"800\" \/>\n\t<meta property=\"og:image:type\" content=\"image\/jpeg\" \/>\n<meta name=\"author\" content=\"redazione\" \/>\n<meta name=\"twitter:card\" content=\"summary_large_image\" \/>\n<meta name=\"twitter:creator\" content=\"@bellunopress\" \/>\n<meta name=\"twitter:site\" content=\"@bellunopress\" \/>\n<meta name=\"twitter:label1\" content=\"\u00c9crit par\" \/>\n\t<meta name=\"twitter:data1\" content=\"redazione\" \/>\n\t<meta name=\"twitter:label2\" content=\"Dur\u00e9e de lecture estim\u00e9e\" \/>\n\t<meta name=\"twitter:data2\" content=\"5 minutes\" \/>\n<script type=\"application\/ld+json\" class=\"yoast-schema-graph\">{\"@context\":\"https:\\\/\\\/schema.org\",\"@graph\":[{\"@type\":\"Article\",\"@id\":\"https:\\\/\\\/www.bellunopress.it\\\/2025\\\/10\\\/06\\\/alcoltest-il-film-di-stefano-usardi-in-anteprima-a-feltre-a-belluno-dal-18-ottobre\\\/#article\",\"isPartOf\":{\"@id\":\"https:\\\/\\\/www.bellunopress.it\\\/2025\\\/10\\\/06\\\/alcoltest-il-film-di-stefano-usardi-in-anteprima-a-feltre-a-belluno-dal-18-ottobre\\\/\"},\"author\":{\"name\":\"redazione\",\"@id\":\"https:\\\/\\\/www.bellunopress.it\\\/#\\\/schema\\\/person\\\/79bb06722b37ece1c03d3e94beb30d73\"},\"headline\":\"Alcoltest, il film di Stefano Usardi in anteprima a Feltre, a Belluno dal 18 ottobre\",\"datePublished\":\"2025-10-06T05:41:14+00:00\",\"mainEntityOfPage\":{\"@id\":\"https:\\\/\\\/www.bellunopress.it\\\/2025\\\/10\\\/06\\\/alcoltest-il-film-di-stefano-usardi-in-anteprima-a-feltre-a-belluno-dal-18-ottobre\\\/\"},\"wordCount\":1111,\"publisher\":{\"@id\":\"https:\\\/\\\/www.bellunopress.it\\\/#organization\"},\"image\":{\"@id\":\"https:\\\/\\\/www.bellunopress.it\\\/2025\\\/10\\\/06\\\/alcoltest-il-film-di-stefano-usardi-in-anteprima-a-feltre-a-belluno-dal-18-ottobre\\\/#primaryimage\"},\"thumbnailUrl\":\"https:\\\/\\\/www.bellunopress.it\\\/wp-content\\\/uploads\\\/2025\\\/08\\\/Alcooltest-film-con-Drupi-regia-Usardi.jpg\",\"articleSection\":[\"Appuntamenti, Eventi\",\"Pausa Caff\u00e8\"],\"inLanguage\":\"fr-FR\"},{\"@type\":\"WebPage\",\"@id\":\"https:\\\/\\\/www.bellunopress.it\\\/2025\\\/10\\\/06\\\/alcoltest-il-film-di-stefano-usardi-in-anteprima-a-feltre-a-belluno-dal-18-ottobre\\\/\",\"url\":\"https:\\\/\\\/www.bellunopress.it\\\/2025\\\/10\\\/06\\\/alcoltest-il-film-di-stefano-usardi-in-anteprima-a-feltre-a-belluno-dal-18-ottobre\\\/\",\"name\":\"Alcoltest, il film di Stefano Usardi in anteprima a Feltre, a Belluno dal 18 ottobre - Bellunopress - Dolomiti\",\"isPartOf\":{\"@id\":\"https:\\\/\\\/www.bellunopress.it\\\/#website\"},\"primaryImageOfPage\":{\"@id\":\"https:\\\/\\\/www.bellunopress.it\\\/2025\\\/10\\\/06\\\/alcoltest-il-film-di-stefano-usardi-in-anteprima-a-feltre-a-belluno-dal-18-ottobre\\\/#primaryimage\"},\"image\":{\"@id\":\"https:\\\/\\\/www.bellunopress.it\\\/2025\\\/10\\\/06\\\/alcoltest-il-film-di-stefano-usardi-in-anteprima-a-feltre-a-belluno-dal-18-ottobre\\\/#primaryimage\"},\"thumbnailUrl\":\"https:\\\/\\\/www.bellunopress.it\\\/wp-content\\\/uploads\\\/2025\\\/08\\\/Alcooltest-film-con-Drupi-regia-Usardi.jpg\",\"datePublished\":\"2025-10-06T05:41:14+00:00\",\"breadcrumb\":{\"@id\":\"https:\\\/\\\/www.bellunopress.it\\\/2025\\\/10\\\/06\\\/alcoltest-il-film-di-stefano-usardi-in-anteprima-a-feltre-a-belluno-dal-18-ottobre\\\/#breadcrumb\"},\"inLanguage\":\"fr-FR\",\"potentialAction\":[{\"@type\":\"ReadAction\",\"target\":[\"https:\\\/\\\/www.bellunopress.it\\\/2025\\\/10\\\/06\\\/alcoltest-il-film-di-stefano-usardi-in-anteprima-a-feltre-a-belluno-dal-18-ottobre\\\/\"]}]},{\"@type\":\"ImageObject\",\"inLanguage\":\"fr-FR\",\"@id\":\"https:\\\/\\\/www.bellunopress.it\\\/2025\\\/10\\\/06\\\/alcoltest-il-film-di-stefano-usardi-in-anteprima-a-feltre-a-belluno-dal-18-ottobre\\\/#primaryimage\",\"url\":\"https:\\\/\\\/www.bellunopress.it\\\/wp-content\\\/uploads\\\/2025\\\/08\\\/Alcooltest-film-con-Drupi-regia-Usardi.jpg\",\"contentUrl\":\"https:\\\/\\\/www.bellunopress.it\\\/wp-content\\\/uploads\\\/2025\\\/08\\\/Alcooltest-film-con-Drupi-regia-Usardi.jpg\",\"width\":580,\"height\":800,\"caption\":\"alcoltest\"},{\"@type\":\"BreadcrumbList\",\"@id\":\"https:\\\/\\\/www.bellunopress.it\\\/2025\\\/10\\\/06\\\/alcoltest-il-film-di-stefano-usardi-in-anteprima-a-feltre-a-belluno-dal-18-ottobre\\\/#breadcrumb\",\"itemListElement\":[{\"@type\":\"ListItem\",\"position\":1,\"name\":\"Home\",\"item\":\"https:\\\/\\\/www.bellunopress.it\\\/\"},{\"@type\":\"ListItem\",\"position\":2,\"name\":\"Alcoltest, il film di Stefano Usardi in anteprima a Feltre, a Belluno dal 18 ottobre\"}]},{\"@type\":\"WebSite\",\"@id\":\"https:\\\/\\\/www.bellunopress.it\\\/#website\",\"url\":\"https:\\\/\\\/www.bellunopress.it\\\/\",\"name\":\"Bellunopress - Dolomiti\",\"description\":\"e-mail: redazione@bellunopress.it\",\"publisher\":{\"@id\":\"https:\\\/\\\/www.bellunopress.it\\\/#organization\"},\"potentialAction\":[{\"@type\":\"SearchAction\",\"target\":{\"@type\":\"EntryPoint\",\"urlTemplate\":\"https:\\\/\\\/www.bellunopress.it\\\/?s={search_term_string}\"},\"query-input\":{\"@type\":\"PropertyValueSpecification\",\"valueRequired\":true,\"valueName\":\"search_term_string\"}}],\"inLanguage\":\"fr-FR\"},{\"@type\":\"Organization\",\"@id\":\"https:\\\/\\\/www.bellunopress.it\\\/#organization\",\"name\":\"Bellunopress\",\"url\":\"https:\\\/\\\/www.bellunopress.it\\\/\",\"logo\":{\"@type\":\"ImageObject\",\"inLanguage\":\"fr-FR\",\"@id\":\"https:\\\/\\\/www.bellunopress.it\\\/#\\\/schema\\\/logo\\\/image\\\/\",\"url\":\"https:\\\/\\\/www.bellunopress.it\\\/wp-content\\\/uploads\\\/2011\\\/05\\\/cropped-logo-bellunopress-.jpg\",\"contentUrl\":\"https:\\\/\\\/www.bellunopress.it\\\/wp-content\\\/uploads\\\/2011\\\/05\\\/cropped-logo-bellunopress-.jpg\",\"width\":512,\"height\":512,\"caption\":\"Bellunopress\"},\"image\":{\"@id\":\"https:\\\/\\\/www.bellunopress.it\\\/#\\\/schema\\\/logo\\\/image\\\/\"},\"sameAs\":[\"https:\\\/\\\/www.facebook.com\\\/profile.php?id=100008943462799\",\"https:\\\/\\\/x.com\\\/bellunopress\",\"https:\\\/\\\/www.linkedin.com\\\/hp\\\/?dnr=JBzUWaJfMUw8vbXJJ2tVW5-I3jZKvC4wsoxE&amp;amp;amp;amp;amp;amp;trk=nav_responsive_tab_home\",\"https:\\\/\\\/www.youtube.com\\\/channel\\\/UCxL0wu1uN0_3_7hGG0306cw\"]},{\"@type\":\"Person\",\"@id\":\"https:\\\/\\\/www.bellunopress.it\\\/#\\\/schema\\\/person\\\/79bb06722b37ece1c03d3e94beb30d73\",\"name\":\"redazione\",\"image\":{\"@type\":\"ImageObject\",\"inLanguage\":\"fr-FR\",\"@id\":\"https:\\\/\\\/secure.gravatar.com\\\/avatar\\\/37d968a2e67a6fd04c169c4bdef102d0bc5d31b2546345219e348575eb80e9a0?s=96&d=mm&r=g\",\"url\":\"https:\\\/\\\/secure.gravatar.com\\\/avatar\\\/37d968a2e67a6fd04c169c4bdef102d0bc5d31b2546345219e348575eb80e9a0?s=96&d=mm&r=g\",\"contentUrl\":\"https:\\\/\\\/secure.gravatar.com\\\/avatar\\\/37d968a2e67a6fd04c169c4bdef102d0bc5d31b2546345219e348575eb80e9a0?s=96&d=mm&r=g\",\"caption\":\"redazione\"},\"sameAs\":[\"http:\\\/\\\/www.bellunopress.it\",\"https:\\\/\\\/x.com\\\/bellunopress\"],\"url\":\"https:\\\/\\\/www.bellunopress.it\\\/fr\\\/author\\\/redazione\\\/\"}]}<\/script>\n<!-- \/ Yoast SEO plugin. -->","yoast_head_json":{"title":"Alcoltest, il film di Stefano Usardi in anteprima a Feltre, a Belluno dal 18 ottobre - Bellunopress - Dolomiti","robots":{"index":"index","follow":"follow","max-snippet":"max-snippet:-1","max-image-preview":"max-image-preview:large","max-video-preview":"max-video-preview:-1"},"canonical":"https:\/\/www.bellunopress.it\/fr\/2025\/10\/06\/alcoltest-il-film-di-stefano-usardi-in-anteprima-a-feltre-a-belluno-dal-18-ottobre\/","og_locale":"fr_FR","og_type":"article","og_title":"Alcoltest, il film di Stefano Usardi in anteprima a Feltre, a Belluno dal 18 ottobre - Bellunopress - Dolomiti","og_description":"ALCOOLTEST\u00a0 di Stefano Usardi. Una produzione Fifilm Production Con Drupi e con Vanda Colecchia, Sofia Taglioni, Vassilij Mangheras, Stefano Scandaletti, Giulio Cancelli, Matilde Vigna, Selene Gandini, Giovanni Morassutti, Francesco Migliaccio. Luned\u00ec 6 ottobre alle ore 18:00 all&#8217;Officinema di Feltre in piazza Antonio Cambruzzi n.4 \u2013 Ingresso in sala con biglietto Ufficialmente nelle sale dal 15 [&hellip;]","og_url":"https:\/\/www.bellunopress.it\/fr\/2025\/10\/06\/alcoltest-il-film-di-stefano-usardi-in-anteprima-a-feltre-a-belluno-dal-18-ottobre\/","og_site_name":"Bellunopress - Dolomiti","article_publisher":"https:\/\/www.facebook.com\/profile.php?id=100008943462799","article_published_time":"2025-10-06T05:41:14+00:00","og_image":[{"width":580,"height":800,"url":"https:\/\/www.bellunopress.it\/wp-content\/uploads\/2025\/08\/Alcooltest-film-con-Drupi-regia-Usardi.jpg","type":"image\/jpeg"}],"author":"redazione","twitter_card":"summary_large_image","twitter_creator":"@bellunopress","twitter_site":"@bellunopress","twitter_misc":{"\u00c9crit par":"redazione","Dur\u00e9e de lecture estim\u00e9e":"5 minutes"},"schema":{"@context":"https:\/\/schema.org","@graph":[{"@type":"Article","@id":"https:\/\/www.bellunopress.it\/2025\/10\/06\/alcoltest-il-film-di-stefano-usardi-in-anteprima-a-feltre-a-belluno-dal-18-ottobre\/#article","isPartOf":{"@id":"https:\/\/www.bellunopress.it\/2025\/10\/06\/alcoltest-il-film-di-stefano-usardi-in-anteprima-a-feltre-a-belluno-dal-18-ottobre\/"},"author":{"name":"redazione","@id":"https:\/\/www.bellunopress.it\/#\/schema\/person\/79bb06722b37ece1c03d3e94beb30d73"},"headline":"Alcoltest, il film di Stefano Usardi in anteprima a Feltre, a Belluno dal 18 ottobre","datePublished":"2025-10-06T05:41:14+00:00","mainEntityOfPage":{"@id":"https:\/\/www.bellunopress.it\/2025\/10\/06\/alcoltest-il-film-di-stefano-usardi-in-anteprima-a-feltre-a-belluno-dal-18-ottobre\/"},"wordCount":1111,"publisher":{"@id":"https:\/\/www.bellunopress.it\/#organization"},"image":{"@id":"https:\/\/www.bellunopress.it\/2025\/10\/06\/alcoltest-il-film-di-stefano-usardi-in-anteprima-a-feltre-a-belluno-dal-18-ottobre\/#primaryimage"},"thumbnailUrl":"https:\/\/www.bellunopress.it\/wp-content\/uploads\/2025\/08\/Alcooltest-film-con-Drupi-regia-Usardi.jpg","articleSection":["Appuntamenti, Eventi","Pausa Caff\u00e8"],"inLanguage":"fr-FR"},{"@type":"WebPage","@id":"https:\/\/www.bellunopress.it\/2025\/10\/06\/alcoltest-il-film-di-stefano-usardi-in-anteprima-a-feltre-a-belluno-dal-18-ottobre\/","url":"https:\/\/www.bellunopress.it\/2025\/10\/06\/alcoltest-il-film-di-stefano-usardi-in-anteprima-a-feltre-a-belluno-dal-18-ottobre\/","name":"Alcoltest, il film di Stefano Usardi in anteprima a Feltre, a Belluno dal 18 ottobre - Bellunopress - Dolomiti","isPartOf":{"@id":"https:\/\/www.bellunopress.it\/#website"},"primaryImageOfPage":{"@id":"https:\/\/www.bellunopress.it\/2025\/10\/06\/alcoltest-il-film-di-stefano-usardi-in-anteprima-a-feltre-a-belluno-dal-18-ottobre\/#primaryimage"},"image":{"@id":"https:\/\/www.bellunopress.it\/2025\/10\/06\/alcoltest-il-film-di-stefano-usardi-in-anteprima-a-feltre-a-belluno-dal-18-ottobre\/#primaryimage"},"thumbnailUrl":"https:\/\/www.bellunopress.it\/wp-content\/uploads\/2025\/08\/Alcooltest-film-con-Drupi-regia-Usardi.jpg","datePublished":"2025-10-06T05:41:14+00:00","breadcrumb":{"@id":"https:\/\/www.bellunopress.it\/2025\/10\/06\/alcoltest-il-film-di-stefano-usardi-in-anteprima-a-feltre-a-belluno-dal-18-ottobre\/#breadcrumb"},"inLanguage":"fr-FR","potentialAction":[{"@type":"ReadAction","target":["https:\/\/www.bellunopress.it\/2025\/10\/06\/alcoltest-il-film-di-stefano-usardi-in-anteprima-a-feltre-a-belluno-dal-18-ottobre\/"]}]},{"@type":"ImageObject","inLanguage":"fr-FR","@id":"https:\/\/www.bellunopress.it\/2025\/10\/06\/alcoltest-il-film-di-stefano-usardi-in-anteprima-a-feltre-a-belluno-dal-18-ottobre\/#primaryimage","url":"https:\/\/www.bellunopress.it\/wp-content\/uploads\/2025\/08\/Alcooltest-film-con-Drupi-regia-Usardi.jpg","contentUrl":"https:\/\/www.bellunopress.it\/wp-content\/uploads\/2025\/08\/Alcooltest-film-con-Drupi-regia-Usardi.jpg","width":580,"height":800,"caption":"alcoltest"},{"@type":"BreadcrumbList","@id":"https:\/\/www.bellunopress.it\/2025\/10\/06\/alcoltest-il-film-di-stefano-usardi-in-anteprima-a-feltre-a-belluno-dal-18-ottobre\/#breadcrumb","itemListElement":[{"@type":"ListItem","position":1,"name":"Home","item":"https:\/\/www.bellunopress.it\/"},{"@type":"ListItem","position":2,"name":"Alcoltest, il film di Stefano Usardi in anteprima a Feltre, a Belluno dal 18 ottobre"}]},{"@type":"WebSite","@id":"https:\/\/www.bellunopress.it\/#website","url":"https:\/\/www.bellunopress.it\/","name":"Bellunopress - Dolomiti","description":"e-mail: redazione@bellunopress.it","publisher":{"@id":"https:\/\/www.bellunopress.it\/#organization"},"potentialAction":[{"@type":"SearchAction","target":{"@type":"EntryPoint","urlTemplate":"https:\/\/www.bellunopress.it\/?s={search_term_string}"},"query-input":{"@type":"PropertyValueSpecification","valueRequired":true,"valueName":"search_term_string"}}],"inLanguage":"fr-FR"},{"@type":"Organization","@id":"https:\/\/www.bellunopress.it\/#organization","name":"Bellunopress","url":"https:\/\/www.bellunopress.it\/","logo":{"@type":"ImageObject","inLanguage":"fr-FR","@id":"https:\/\/www.bellunopress.it\/#\/schema\/logo\/image\/","url":"https:\/\/www.bellunopress.it\/wp-content\/uploads\/2011\/05\/cropped-logo-bellunopress-.jpg","contentUrl":"https:\/\/www.bellunopress.it\/wp-content\/uploads\/2011\/05\/cropped-logo-bellunopress-.jpg","width":512,"height":512,"caption":"Bellunopress"},"image":{"@id":"https:\/\/www.bellunopress.it\/#\/schema\/logo\/image\/"},"sameAs":["https:\/\/www.facebook.com\/profile.php?id=100008943462799","https:\/\/x.com\/bellunopress","https:\/\/www.linkedin.com\/hp\/?dnr=JBzUWaJfMUw8vbXJJ2tVW5-I3jZKvC4wsoxE&amp;amp;amp;amp;amp;amp;trk=nav_responsive_tab_home","https:\/\/www.youtube.com\/channel\/UCxL0wu1uN0_3_7hGG0306cw"]},{"@type":"Person","@id":"https:\/\/www.bellunopress.it\/#\/schema\/person\/79bb06722b37ece1c03d3e94beb30d73","name":"r\u00e9daction","image":{"@type":"ImageObject","inLanguage":"fr-FR","@id":"https:\/\/secure.gravatar.com\/avatar\/37d968a2e67a6fd04c169c4bdef102d0bc5d31b2546345219e348575eb80e9a0?s=96&d=mm&r=g","url":"https:\/\/secure.gravatar.com\/avatar\/37d968a2e67a6fd04c169c4bdef102d0bc5d31b2546345219e348575eb80e9a0?s=96&d=mm&r=g","contentUrl":"https:\/\/secure.gravatar.com\/avatar\/37d968a2e67a6fd04c169c4bdef102d0bc5d31b2546345219e348575eb80e9a0?s=96&d=mm&r=g","caption":"redazione"},"sameAs":["http:\/\/www.bellunopress.it","https:\/\/x.com\/bellunopress"],"url":"https:\/\/www.bellunopress.it\/fr\/author\/redazione\/"}]}},"_links":{"self":[{"href":"https:\/\/www.bellunopress.it\/fr\/wp-json\/wp\/v2\/posts\/163881","targetHints":{"allow":["GET"]}}],"collection":[{"href":"https:\/\/www.bellunopress.it\/fr\/wp-json\/wp\/v2\/posts"}],"about":[{"href":"https:\/\/www.bellunopress.it\/fr\/wp-json\/wp\/v2\/types\/post"}],"author":[{"embeddable":true,"href":"https:\/\/www.bellunopress.it\/fr\/wp-json\/wp\/v2\/users\/2"}],"replies":[{"embeddable":true,"href":"https:\/\/www.bellunopress.it\/fr\/wp-json\/wp\/v2\/comments?post=163881"}],"version-history":[{"count":1,"href":"https:\/\/www.bellunopress.it\/fr\/wp-json\/wp\/v2\/posts\/163881\/revisions"}],"predecessor-version":[{"id":163882,"href":"https:\/\/www.bellunopress.it\/fr\/wp-json\/wp\/v2\/posts\/163881\/revisions\/163882"}],"wp:featuredmedia":[{"embeddable":true,"href":"https:\/\/www.bellunopress.it\/fr\/wp-json\/wp\/v2\/media\/162715"}],"wp:attachment":[{"href":"https:\/\/www.bellunopress.it\/fr\/wp-json\/wp\/v2\/media?parent=163881"}],"wp:term":[{"taxonomy":"category","embeddable":true,"href":"https:\/\/www.bellunopress.it\/fr\/wp-json\/wp\/v2\/categories?post=163881"},{"taxonomy":"post_tag","embeddable":true,"href":"https:\/\/www.bellunopress.it\/fr\/wp-json\/wp\/v2\/tags?post=163881"}],"curies":[{"name":"wp","href":"https:\/\/api.w.org\/{rel}","templated":true}]}}