{"id":163873,"date":"2025-10-05T19:54:07","date_gmt":"2025-10-05T17:54:07","guid":{"rendered":"https:\/\/www.bellunopress.it\/?p=163873"},"modified":"2025-10-05T19:54:07","modified_gmt":"2025-10-05T17:54:07","slug":"dolomiti-horeca-al-via-lospitalita-di-montagna-guarda-alle-olimpiadi","status":"publish","type":"post","link":"https:\/\/www.bellunopress.it\/fr\/2025\/10\/05\/dolomiti-horeca-al-via-lospitalita-di-montagna-guarda-alle-olimpiadi\/","title":{"rendered":"Dolomiti Horeca al via: l\u2019ospitalit\u00e0 di montagna guarda alle Olimpiadi"},"content":{"rendered":"<p><img loading=\"lazy\" decoding=\"async\" class=\"aligncenter size-full wp-image-163787\" src=\"https:\/\/www.bellunopress.it\/wp-content\/uploads\/2025\/10\/horeca_edited.jpg\" alt=\"\" width=\"800\" height=\"381\" srcset=\"https:\/\/www.bellunopress.it\/wp-content\/uploads\/2025\/10\/horeca_edited.jpg 800w, https:\/\/www.bellunopress.it\/wp-content\/uploads\/2025\/10\/horeca_edited-500x238.jpg 500w, https:\/\/www.bellunopress.it\/wp-content\/uploads\/2025\/10\/horeca_edited-696x331.jpg 696w\" sizes=\"auto, (max-width: 800px) 100vw, 800px\" \/>Longarone, 5 ottobre 2025 &#8211; Apre domani, luned\u00ec 6 ottobre, la quinta edizione di Dolomiti Horeca, la manifestazione dedicata al mondo dell&#8217;ospitalit\u00e0 e della ristorazione in montagna, in programma a Longarone Fiere Dolomiti fino a mercoled\u00ec 8 ottobre.<\/p>\n<p>Un appuntamento che, in vista delle Olimpiadi invernali di Milano-Cortina 2026, assume un valore ancora pi\u00f9 strategico per le imprese, i professionisti e i futuri operatori del settore turistico.<\/p>\n<p>L&#8217;inaugurazione \u00e8 fissata alle 10.45 all&#8217;ingresso principale per il consueto taglio del nastro, alla presenza di autorit\u00e0 e rappresentanti del comparto, mentre la giornata di apertura sar\u00e0 scandita da diversi momenti di approfondimento e confronto, tra cui il Contest &#8220;Pizza&amp;Gourmet&#8221; ENAIP, che vedr\u00e0 protagonisti gli studenti di tre istituti delle province di Belluno e Treviso (pad. A1). Alle 14.00, invece, spazio a &#8220;prezzi dinamici, channel mangement, benchmark&#8221; con Riccardo Moglioni e Federalberghi Belluno Dolomiti. Mentre alle 15.30 spazio a &#8220;Welcome Students ITS Academy Turismo Veneto&#8221;, cerimonia di avvio del Master 2025\/2026 &#8220;Dolomiti Tourism Marketing &amp; Communication&#8221;, con il benvenuto ai nuovi iscritti (padiglione E).<\/p>\n<p>La rassegna rimarr\u00e0 aperta luned\u00ec e marted\u00ec dalle 10 alle 18, e mercoled\u00ec dalle 10 alle 17.<\/p>\n<p>Dolomiti Horeca si conferma come una vetrina di rilievo per la formazione, l&#8217;innovazione e la qualit\u00e0 dell&#8217;accoglienza nelle terre alte, con uno sguardo rivolto al futuro e ai grandi eventi internazionali che coinvolgeranno il territorio dolomitico.<\/p>","protected":false},"excerpt":{"rendered":"<p>Longarone, 5 ottobre 2025 &#8211; Apre domani, luned\u00ec 6 ottobre, la quinta edizione di Dolomiti Horeca, la manifestazione dedicata al mondo dell&#8217;ospitalit\u00e0 e della ristorazione in montagna, in programma a Longarone Fiere Dolomiti fino a mercoled\u00ec 8 ottobre. Un appuntamento che, in vista delle Olimpiadi invernali di Milano-Cortina 2026, assume un valore ancora pi\u00f9 strategico [&hellip;]<\/p>\n","protected":false},"author":2,"featured_media":163787,"comment_status":"closed","ping_status":"open","sticky":false,"template":"","format":"standard","meta":{"footnotes":""},"categories":[36,25],"tags":[],"class_list":["post-163873","post","type-post","status-publish","format-standard","has-post-thumbnail","category-lavoro-economia","category-pausa-caffe"],"yoast_head":"<!-- This site is optimized with the Yoast SEO plugin v28.4 - https:\/\/yoast.com\/product\/yoast-seo-wordpress\/ -->\n<title>Dolomiti Horeca al via: l\u2019ospitalit\u00e0 di montagna guarda alle Olimpiadi - Bellunopress - Dolomiti<\/title>\n<meta name=\"robots\" content=\"index, follow, max-snippet:-1, max-image-preview:large, max-video-preview:-1\" \/>\n<link rel=\"canonical\" href=\"https:\/\/www.bellunopress.it\/fr\/2025\/10\/05\/dolomiti-horeca-al-via-lospitalita-di-montagna-guarda-alle-olimpiadi\/\" \/>\n<meta property=\"og:locale\" content=\"fr_FR\" \/>\n<meta property=\"og:type\" content=\"article\" \/>\n<meta property=\"og:title\" content=\"Dolomiti Horeca al via: l\u2019ospitalit\u00e0 di montagna guarda alle Olimpiadi - Bellunopress - Dolomiti\" \/>\n<meta property=\"og:description\" content=\"Longarone, 5 ottobre 2025 &#8211; Apre domani, luned\u00ec 6 ottobre, la quinta edizione di Dolomiti Horeca, la manifestazione dedicata al mondo dell&#8217;ospitalit\u00e0 e della ristorazione in montagna, in programma a Longarone Fiere Dolomiti fino a mercoled\u00ec 8 ottobre. Un appuntamento che, in vista delle Olimpiadi invernali di Milano-Cortina 2026, assume un valore ancora pi\u00f9 strategico [&hellip;]\" \/>\n<meta property=\"og:url\" content=\"https:\/\/www.bellunopress.it\/fr\/2025\/10\/05\/dolomiti-horeca-al-via-lospitalita-di-montagna-guarda-alle-olimpiadi\/\" \/>\n<meta property=\"og:site_name\" content=\"Bellunopress - Dolomiti\" \/>\n<meta property=\"article:publisher\" content=\"https:\/\/www.facebook.com\/profile.php?id=100008943462799\" \/>\n<meta property=\"article:published_time\" content=\"2025-10-05T17:54:07+00:00\" \/>\n<meta property=\"og:image\" content=\"https:\/\/www.bellunopress.it\/wp-content\/uploads\/2025\/10\/horeca_edited.jpg\" \/>\n\t<meta property=\"og:image:width\" content=\"800\" \/>\n\t<meta property=\"og:image:height\" content=\"381\" \/>\n\t<meta property=\"og:image:type\" content=\"image\/jpeg\" \/>\n<meta name=\"author\" content=\"redazione\" \/>\n<meta name=\"twitter:card\" content=\"summary_large_image\" \/>\n<meta name=\"twitter:creator\" content=\"@bellunopress\" \/>\n<meta name=\"twitter:site\" content=\"@bellunopress\" \/>\n<meta name=\"twitter:label1\" content=\"\u00c9crit par\" \/>\n\t<meta name=\"twitter:data1\" content=\"redazione\" \/>\n\t<meta name=\"twitter:label2\" content=\"Dur\u00e9e de lecture estim\u00e9e\" \/>\n\t<meta name=\"twitter:data2\" content=\"1 minute\" \/>\n<script type=\"application\/ld+json\" class=\"yoast-schema-graph\">{\"@context\":\"https:\\\/\\\/schema.org\",\"@graph\":[{\"@type\":\"Article\",\"@id\":\"https:\\\/\\\/www.bellunopress.it\\\/2025\\\/10\\\/05\\\/dolomiti-horeca-al-via-lospitalita-di-montagna-guarda-alle-olimpiadi\\\/#article\",\"isPartOf\":{\"@id\":\"https:\\\/\\\/www.bellunopress.it\\\/2025\\\/10\\\/05\\\/dolomiti-horeca-al-via-lospitalita-di-montagna-guarda-alle-olimpiadi\\\/\"},\"author\":{\"name\":\"redazione\",\"@id\":\"https:\\\/\\\/www.bellunopress.it\\\/#\\\/schema\\\/person\\\/79bb06722b37ece1c03d3e94beb30d73\"},\"headline\":\"Dolomiti Horeca al via: l\u2019ospitalit\u00e0 di montagna guarda alle Olimpiadi\",\"datePublished\":\"2025-10-05T17:54:07+00:00\",\"mainEntityOfPage\":{\"@id\":\"https:\\\/\\\/www.bellunopress.it\\\/2025\\\/10\\\/05\\\/dolomiti-horeca-al-via-lospitalita-di-montagna-guarda-alle-olimpiadi\\\/\"},\"wordCount\":228,\"publisher\":{\"@id\":\"https:\\\/\\\/www.bellunopress.it\\\/#organization\"},\"image\":{\"@id\":\"https:\\\/\\\/www.bellunopress.it\\\/2025\\\/10\\\/05\\\/dolomiti-horeca-al-via-lospitalita-di-montagna-guarda-alle-olimpiadi\\\/#primaryimage\"},\"thumbnailUrl\":\"https:\\\/\\\/www.bellunopress.it\\\/wp-content\\\/uploads\\\/2025\\\/10\\\/horeca_edited.jpg\",\"articleSection\":[\"Lavoro, Economia, Turismo\",\"Pausa Caff\u00e8\"],\"inLanguage\":\"fr-FR\"},{\"@type\":\"WebPage\",\"@id\":\"https:\\\/\\\/www.bellunopress.it\\\/2025\\\/10\\\/05\\\/dolomiti-horeca-al-via-lospitalita-di-montagna-guarda-alle-olimpiadi\\\/\",\"url\":\"https:\\\/\\\/www.bellunopress.it\\\/2025\\\/10\\\/05\\\/dolomiti-horeca-al-via-lospitalita-di-montagna-guarda-alle-olimpiadi\\\/\",\"name\":\"Dolomiti Horeca al via: l\u2019ospitalit\u00e0 di montagna guarda alle Olimpiadi - Bellunopress - Dolomiti\",\"isPartOf\":{\"@id\":\"https:\\\/\\\/www.bellunopress.it\\\/#website\"},\"primaryImageOfPage\":{\"@id\":\"https:\\\/\\\/www.bellunopress.it\\\/2025\\\/10\\\/05\\\/dolomiti-horeca-al-via-lospitalita-di-montagna-guarda-alle-olimpiadi\\\/#primaryimage\"},\"image\":{\"@id\":\"https:\\\/\\\/www.bellunopress.it\\\/2025\\\/10\\\/05\\\/dolomiti-horeca-al-via-lospitalita-di-montagna-guarda-alle-olimpiadi\\\/#primaryimage\"},\"thumbnailUrl\":\"https:\\\/\\\/www.bellunopress.it\\\/wp-content\\\/uploads\\\/2025\\\/10\\\/horeca_edited.jpg\",\"datePublished\":\"2025-10-05T17:54:07+00:00\",\"breadcrumb\":{\"@id\":\"https:\\\/\\\/www.bellunopress.it\\\/2025\\\/10\\\/05\\\/dolomiti-horeca-al-via-lospitalita-di-montagna-guarda-alle-olimpiadi\\\/#breadcrumb\"},\"inLanguage\":\"fr-FR\",\"potentialAction\":[{\"@type\":\"ReadAction\",\"target\":[\"https:\\\/\\\/www.bellunopress.it\\\/2025\\\/10\\\/05\\\/dolomiti-horeca-al-via-lospitalita-di-montagna-guarda-alle-olimpiadi\\\/\"]}]},{\"@type\":\"ImageObject\",\"inLanguage\":\"fr-FR\",\"@id\":\"https:\\\/\\\/www.bellunopress.it\\\/2025\\\/10\\\/05\\\/dolomiti-horeca-al-via-lospitalita-di-montagna-guarda-alle-olimpiadi\\\/#primaryimage\",\"url\":\"https:\\\/\\\/www.bellunopress.it\\\/wp-content\\\/uploads\\\/2025\\\/10\\\/horeca_edited.jpg\",\"contentUrl\":\"https:\\\/\\\/www.bellunopress.it\\\/wp-content\\\/uploads\\\/2025\\\/10\\\/horeca_edited.jpg\",\"width\":800,\"height\":381},{\"@type\":\"BreadcrumbList\",\"@id\":\"https:\\\/\\\/www.bellunopress.it\\\/2025\\\/10\\\/05\\\/dolomiti-horeca-al-via-lospitalita-di-montagna-guarda-alle-olimpiadi\\\/#breadcrumb\",\"itemListElement\":[{\"@type\":\"ListItem\",\"position\":1,\"name\":\"Home\",\"item\":\"https:\\\/\\\/www.bellunopress.it\\\/\"},{\"@type\":\"ListItem\",\"position\":2,\"name\":\"Dolomiti Horeca al via: l\u2019ospitalit\u00e0 di montagna guarda alle Olimpiadi\"}]},{\"@type\":\"WebSite\",\"@id\":\"https:\\\/\\\/www.bellunopress.it\\\/#website\",\"url\":\"https:\\\/\\\/www.bellunopress.it\\\/\",\"name\":\"Bellunopress - Dolomiti\",\"description\":\"e-mail: redazione@bellunopress.it\",\"publisher\":{\"@id\":\"https:\\\/\\\/www.bellunopress.it\\\/#organization\"},\"potentialAction\":[{\"@type\":\"SearchAction\",\"target\":{\"@type\":\"EntryPoint\",\"urlTemplate\":\"https:\\\/\\\/www.bellunopress.it\\\/?s={search_term_string}\"},\"query-input\":{\"@type\":\"PropertyValueSpecification\",\"valueRequired\":true,\"valueName\":\"search_term_string\"}}],\"inLanguage\":\"fr-FR\"},{\"@type\":\"Organization\",\"@id\":\"https:\\\/\\\/www.bellunopress.it\\\/#organization\",\"name\":\"Bellunopress\",\"url\":\"https:\\\/\\\/www.bellunopress.it\\\/\",\"logo\":{\"@type\":\"ImageObject\",\"inLanguage\":\"fr-FR\",\"@id\":\"https:\\\/\\\/www.bellunopress.it\\\/#\\\/schema\\\/logo\\\/image\\\/\",\"url\":\"https:\\\/\\\/www.bellunopress.it\\\/wp-content\\\/uploads\\\/2011\\\/05\\\/cropped-logo-bellunopress-.jpg\",\"contentUrl\":\"https:\\\/\\\/www.bellunopress.it\\\/wp-content\\\/uploads\\\/2011\\\/05\\\/cropped-logo-bellunopress-.jpg\",\"width\":512,\"height\":512,\"caption\":\"Bellunopress\"},\"image\":{\"@id\":\"https:\\\/\\\/www.bellunopress.it\\\/#\\\/schema\\\/logo\\\/image\\\/\"},\"sameAs\":[\"https:\\\/\\\/www.facebook.com\\\/profile.php?id=100008943462799\",\"https:\\\/\\\/x.com\\\/bellunopress\",\"https:\\\/\\\/www.linkedin.com\\\/hp\\\/?dnr=JBzUWaJfMUw8vbXJJ2tVW5-I3jZKvC4wsoxE&amp;amp;amp;amp;amp;amp;trk=nav_responsive_tab_home\",\"https:\\\/\\\/www.youtube.com\\\/channel\\\/UCxL0wu1uN0_3_7hGG0306cw\"]},{\"@type\":\"Person\",\"@id\":\"https:\\\/\\\/www.bellunopress.it\\\/#\\\/schema\\\/person\\\/79bb06722b37ece1c03d3e94beb30d73\",\"name\":\"redazione\",\"image\":{\"@type\":\"ImageObject\",\"inLanguage\":\"fr-FR\",\"@id\":\"https:\\\/\\\/secure.gravatar.com\\\/avatar\\\/37d968a2e67a6fd04c169c4bdef102d0bc5d31b2546345219e348575eb80e9a0?s=96&d=mm&r=g\",\"url\":\"https:\\\/\\\/secure.gravatar.com\\\/avatar\\\/37d968a2e67a6fd04c169c4bdef102d0bc5d31b2546345219e348575eb80e9a0?s=96&d=mm&r=g\",\"contentUrl\":\"https:\\\/\\\/secure.gravatar.com\\\/avatar\\\/37d968a2e67a6fd04c169c4bdef102d0bc5d31b2546345219e348575eb80e9a0?s=96&d=mm&r=g\",\"caption\":\"redazione\"},\"sameAs\":[\"http:\\\/\\\/www.bellunopress.it\",\"https:\\\/\\\/x.com\\\/bellunopress\"],\"url\":\"https:\\\/\\\/www.bellunopress.it\\\/fr\\\/author\\\/redazione\\\/\"}]}<\/script>\n<!-- \/ Yoast SEO plugin. -->","yoast_head_json":{"title":"Dolomiti Horeca al via: l\u2019ospitalit\u00e0 di montagna guarda alle Olimpiadi - Bellunopress - Dolomiti","robots":{"index":"index","follow":"follow","max-snippet":"max-snippet:-1","max-image-preview":"max-image-preview:large","max-video-preview":"max-video-preview:-1"},"canonical":"https:\/\/www.bellunopress.it\/fr\/2025\/10\/05\/dolomiti-horeca-al-via-lospitalita-di-montagna-guarda-alle-olimpiadi\/","og_locale":"fr_FR","og_type":"article","og_title":"Dolomiti Horeca al via: l\u2019ospitalit\u00e0 di montagna guarda alle Olimpiadi - Bellunopress - Dolomiti","og_description":"Longarone, 5 ottobre 2025 &#8211; Apre domani, luned\u00ec 6 ottobre, la quinta edizione di Dolomiti Horeca, la manifestazione dedicata al mondo dell&#8217;ospitalit\u00e0 e della ristorazione in montagna, in programma a Longarone Fiere Dolomiti fino a mercoled\u00ec 8 ottobre. Un appuntamento che, in vista delle Olimpiadi invernali di Milano-Cortina 2026, assume un valore ancora pi\u00f9 strategico [&hellip;]","og_url":"https:\/\/www.bellunopress.it\/fr\/2025\/10\/05\/dolomiti-horeca-al-via-lospitalita-di-montagna-guarda-alle-olimpiadi\/","og_site_name":"Bellunopress - Dolomiti","article_publisher":"https:\/\/www.facebook.com\/profile.php?id=100008943462799","article_published_time":"2025-10-05T17:54:07+00:00","og_image":[{"width":800,"height":381,"url":"https:\/\/www.bellunopress.it\/wp-content\/uploads\/2025\/10\/horeca_edited.jpg","type":"image\/jpeg"}],"author":"redazione","twitter_card":"summary_large_image","twitter_creator":"@bellunopress","twitter_site":"@bellunopress","twitter_misc":{"\u00c9crit par":"redazione","Dur\u00e9e de lecture estim\u00e9e":"1 minute"},"schema":{"@context":"https:\/\/schema.org","@graph":[{"@type":"Article","@id":"https:\/\/www.bellunopress.it\/2025\/10\/05\/dolomiti-horeca-al-via-lospitalita-di-montagna-guarda-alle-olimpiadi\/#article","isPartOf":{"@id":"https:\/\/www.bellunopress.it\/2025\/10\/05\/dolomiti-horeca-al-via-lospitalita-di-montagna-guarda-alle-olimpiadi\/"},"author":{"name":"redazione","@id":"https:\/\/www.bellunopress.it\/#\/schema\/person\/79bb06722b37ece1c03d3e94beb30d73"},"headline":"Dolomiti Horeca al via: l\u2019ospitalit\u00e0 di montagna guarda alle Olimpiadi","datePublished":"2025-10-05T17:54:07+00:00","mainEntityOfPage":{"@id":"https:\/\/www.bellunopress.it\/2025\/10\/05\/dolomiti-horeca-al-via-lospitalita-di-montagna-guarda-alle-olimpiadi\/"},"wordCount":228,"publisher":{"@id":"https:\/\/www.bellunopress.it\/#organization"},"image":{"@id":"https:\/\/www.bellunopress.it\/2025\/10\/05\/dolomiti-horeca-al-via-lospitalita-di-montagna-guarda-alle-olimpiadi\/#primaryimage"},"thumbnailUrl":"https:\/\/www.bellunopress.it\/wp-content\/uploads\/2025\/10\/horeca_edited.jpg","articleSection":["Lavoro, Economia, Turismo","Pausa Caff\u00e8"],"inLanguage":"fr-FR"},{"@type":"WebPage","@id":"https:\/\/www.bellunopress.it\/2025\/10\/05\/dolomiti-horeca-al-via-lospitalita-di-montagna-guarda-alle-olimpiadi\/","url":"https:\/\/www.bellunopress.it\/2025\/10\/05\/dolomiti-horeca-al-via-lospitalita-di-montagna-guarda-alle-olimpiadi\/","name":"Dolomiti Horeca al via: l\u2019ospitalit\u00e0 di montagna guarda alle Olimpiadi - Bellunopress - Dolomiti","isPartOf":{"@id":"https:\/\/www.bellunopress.it\/#website"},"primaryImageOfPage":{"@id":"https:\/\/www.bellunopress.it\/2025\/10\/05\/dolomiti-horeca-al-via-lospitalita-di-montagna-guarda-alle-olimpiadi\/#primaryimage"},"image":{"@id":"https:\/\/www.bellunopress.it\/2025\/10\/05\/dolomiti-horeca-al-via-lospitalita-di-montagna-guarda-alle-olimpiadi\/#primaryimage"},"thumbnailUrl":"https:\/\/www.bellunopress.it\/wp-content\/uploads\/2025\/10\/horeca_edited.jpg","datePublished":"2025-10-05T17:54:07+00:00","breadcrumb":{"@id":"https:\/\/www.bellunopress.it\/2025\/10\/05\/dolomiti-horeca-al-via-lospitalita-di-montagna-guarda-alle-olimpiadi\/#breadcrumb"},"inLanguage":"fr-FR","potentialAction":[{"@type":"ReadAction","target":["https:\/\/www.bellunopress.it\/2025\/10\/05\/dolomiti-horeca-al-via-lospitalita-di-montagna-guarda-alle-olimpiadi\/"]}]},{"@type":"ImageObject","inLanguage":"fr-FR","@id":"https:\/\/www.bellunopress.it\/2025\/10\/05\/dolomiti-horeca-al-via-lospitalita-di-montagna-guarda-alle-olimpiadi\/#primaryimage","url":"https:\/\/www.bellunopress.it\/wp-content\/uploads\/2025\/10\/horeca_edited.jpg","contentUrl":"https:\/\/www.bellunopress.it\/wp-content\/uploads\/2025\/10\/horeca_edited.jpg","width":800,"height":381},{"@type":"BreadcrumbList","@id":"https:\/\/www.bellunopress.it\/2025\/10\/05\/dolomiti-horeca-al-via-lospitalita-di-montagna-guarda-alle-olimpiadi\/#breadcrumb","itemListElement":[{"@type":"ListItem","position":1,"name":"Home","item":"https:\/\/www.bellunopress.it\/"},{"@type":"ListItem","position":2,"name":"Dolomiti Horeca al via: l\u2019ospitalit\u00e0 di montagna guarda alle Olimpiadi"}]},{"@type":"WebSite","@id":"https:\/\/www.bellunopress.it\/#website","url":"https:\/\/www.bellunopress.it\/","name":"Bellunopress - Dolomiti","description":"e-mail: redazione@bellunopress.it","publisher":{"@id":"https:\/\/www.bellunopress.it\/#organization"},"potentialAction":[{"@type":"SearchAction","target":{"@type":"EntryPoint","urlTemplate":"https:\/\/www.bellunopress.it\/?s={search_term_string}"},"query-input":{"@type":"PropertyValueSpecification","valueRequired":true,"valueName":"search_term_string"}}],"inLanguage":"fr-FR"},{"@type":"Organization","@id":"https:\/\/www.bellunopress.it\/#organization","name":"Bellunopress","url":"https:\/\/www.bellunopress.it\/","logo":{"@type":"ImageObject","inLanguage":"fr-FR","@id":"https:\/\/www.bellunopress.it\/#\/schema\/logo\/image\/","url":"https:\/\/www.bellunopress.it\/wp-content\/uploads\/2011\/05\/cropped-logo-bellunopress-.jpg","contentUrl":"https:\/\/www.bellunopress.it\/wp-content\/uploads\/2011\/05\/cropped-logo-bellunopress-.jpg","width":512,"height":512,"caption":"Bellunopress"},"image":{"@id":"https:\/\/www.bellunopress.it\/#\/schema\/logo\/image\/"},"sameAs":["https:\/\/www.facebook.com\/profile.php?id=100008943462799","https:\/\/x.com\/bellunopress","https:\/\/www.linkedin.com\/hp\/?dnr=JBzUWaJfMUw8vbXJJ2tVW5-I3jZKvC4wsoxE&amp;amp;amp;amp;amp;amp;trk=nav_responsive_tab_home","https:\/\/www.youtube.com\/channel\/UCxL0wu1uN0_3_7hGG0306cw"]},{"@type":"Person","@id":"https:\/\/www.bellunopress.it\/#\/schema\/person\/79bb06722b37ece1c03d3e94beb30d73","name":"r\u00e9daction","image":{"@type":"ImageObject","inLanguage":"fr-FR","@id":"https:\/\/secure.gravatar.com\/avatar\/37d968a2e67a6fd04c169c4bdef102d0bc5d31b2546345219e348575eb80e9a0?s=96&d=mm&r=g","url":"https:\/\/secure.gravatar.com\/avatar\/37d968a2e67a6fd04c169c4bdef102d0bc5d31b2546345219e348575eb80e9a0?s=96&d=mm&r=g","contentUrl":"https:\/\/secure.gravatar.com\/avatar\/37d968a2e67a6fd04c169c4bdef102d0bc5d31b2546345219e348575eb80e9a0?s=96&d=mm&r=g","caption":"redazione"},"sameAs":["http:\/\/www.bellunopress.it","https:\/\/x.com\/bellunopress"],"url":"https:\/\/www.bellunopress.it\/fr\/author\/redazione\/"}]}},"_links":{"self":[{"href":"https:\/\/www.bellunopress.it\/fr\/wp-json\/wp\/v2\/posts\/163873","targetHints":{"allow":["GET"]}}],"collection":[{"href":"https:\/\/www.bellunopress.it\/fr\/wp-json\/wp\/v2\/posts"}],"about":[{"href":"https:\/\/www.bellunopress.it\/fr\/wp-json\/wp\/v2\/types\/post"}],"author":[{"embeddable":true,"href":"https:\/\/www.bellunopress.it\/fr\/wp-json\/wp\/v2\/users\/2"}],"replies":[{"embeddable":true,"href":"https:\/\/www.bellunopress.it\/fr\/wp-json\/wp\/v2\/comments?post=163873"}],"version-history":[{"count":1,"href":"https:\/\/www.bellunopress.it\/fr\/wp-json\/wp\/v2\/posts\/163873\/revisions"}],"predecessor-version":[{"id":163874,"href":"https:\/\/www.bellunopress.it\/fr\/wp-json\/wp\/v2\/posts\/163873\/revisions\/163874"}],"wp:featuredmedia":[{"embeddable":true,"href":"https:\/\/www.bellunopress.it\/fr\/wp-json\/wp\/v2\/media\/163787"}],"wp:attachment":[{"href":"https:\/\/www.bellunopress.it\/fr\/wp-json\/wp\/v2\/media?parent=163873"}],"wp:term":[{"taxonomy":"category","embeddable":true,"href":"https:\/\/www.bellunopress.it\/fr\/wp-json\/wp\/v2\/categories?post=163873"},{"taxonomy":"post_tag","embeddable":true,"href":"https:\/\/www.bellunopress.it\/fr\/wp-json\/wp\/v2\/tags?post=163873"}],"curies":[{"name":"wp","href":"https:\/\/api.w.org\/{rel}","templated":true}]}}