{"id":163867,"date":"2025-10-05T18:14:39","date_gmt":"2025-10-05T16:14:39","guid":{"rendered":"https:\/\/www.bellunopress.it\/?p=163867"},"modified":"2025-10-05T18:14:39","modified_gmt":"2025-10-05T16:14:39","slug":"successo-oggi-allopen-day-del-tiro-a-segno-di-belluno","status":"publish","type":"post","link":"https:\/\/www.bellunopress.it\/fr\/2025\/10\/05\/successo-oggi-allopen-day-del-tiro-a-segno-di-belluno\/","title":{"rendered":"Successo oggi all&#8217;Open day del Tiro a Segno di Belluno"},"content":{"rendered":"<figure id=\"attachment_163868\" aria-describedby=\"caption-attachment-163868\" style=\"width: 800px\" class=\"wp-caption aligncenter\"><img loading=\"lazy\" decoding=\"async\" class=\"size-full wp-image-163868\" src=\"https:\/\/www.bellunopress.it\/wp-content\/uploads\/2025\/10\/Open-Day-al-Tiro-a-segno-di-Belluno.jpg\" alt=\"\" width=\"800\" height=\"600\" srcset=\"https:\/\/www.bellunopress.it\/wp-content\/uploads\/2025\/10\/Open-Day-al-Tiro-a-segno-di-Belluno.jpg 800w, https:\/\/www.bellunopress.it\/wp-content\/uploads\/2025\/10\/Open-Day-al-Tiro-a-segno-di-Belluno-500x375.jpg 500w, https:\/\/www.bellunopress.it\/wp-content\/uploads\/2025\/10\/Open-Day-al-Tiro-a-segno-di-Belluno-560x420.jpg 560w, https:\/\/www.bellunopress.it\/wp-content\/uploads\/2025\/10\/Open-Day-al-Tiro-a-segno-di-Belluno-80x60.jpg 80w, https:\/\/www.bellunopress.it\/wp-content\/uploads\/2025\/10\/Open-Day-al-Tiro-a-segno-di-Belluno-696x522.jpg 696w\" sizes=\"auto, (max-width: 800px) 100vw, 800px\" \/><figcaption id=\"caption-attachment-163868\" class=\"wp-caption-text\">Open Day al Tiro a Segno di Belluno<\/figcaption><\/figure>\n<p>Belluno, 5 ottobre 2025 &#8211; Una sala gremita di appassionati, di neofiti e di curiosi. La mattinata \u00e8 iniziata con i saluti istituzionali dell&#8217;assessore allo sport del Comune di Belluno Monica Mazzoccoli e a seguire la presentazione da parte del presidente del poligono di Belluno Renato Cafiero che ha illustrato la storia del poligono di Mussoi costruito nel 1883 e completato ed efficientato con numerosi lavori dal 2018 fino ai giorni nostri.<br \/>\nPresenti alla giornata anche Daniele Pusnich presidente del Comitato Regionale Veneto Unione italiana tiro a segno e il campione olimpico Francesco Bruno.<\/p>\n<p>&#8220;Sono state proiettate suggestive immagini di olimpiadi del passato che hanno regalato all&#8217;Italia numerose medaglie con i campioni Campriani, Monna, Maldini e soprattutto quello della straordinaria vittoria dell&#8217;oro da parte di Roberto Di Donna contro il tiratore cinese Wang Yifu alle Olimpiadi di Atlanta 1996&#8221;, racconta l&#8217;assessore Mazzoccoli che poi continua : &#8220;Il tiro a segno \u00e8 uno sport che sa essere nobile, ma al tempo stesso di tutti, sicuro, emozionante, elegante, formativo, particolare nelle logiche di destrezza e nelle skills sulle quali si basano le performance. Unico alla stregua di altre discipline di valenza e notoriet\u00e0 internazionale.<br \/>\nUna disciplina fatta di valori fondanti come l&#8217;impegno, l&#8217;armonia, la lucidit\u00e0, l&#8217;audacia, la riflessivit\u00e0, la precisione, la concentrazione e la sensibilit\u00e0, all&#8217;ascolto interiore, l&#8217;equilibrio, il controllo, la consapevolezza, l&#8217;integrazione, la socialit\u00e0 e la cultura sportiva.<br \/>\nUna disciplina che merita una maggior visibilit\u00e0 mediatica e con questo open day speriamo di essere riusciti ad accendere un faro anche sulla realt\u00e0 del Tiro a segno bellunese in cui operano con grande dedizione e trasporto, mossi dal grande desiderio di dare qualcosa di diverso e in pi\u00f9 ai giovani, oltre ai tecnici qualificati, 30 volontari che offrono il proprio tempo nell&#8217;asd per rispondere alle esigenze di oltre 500 soci&#8221;.<\/p>\n<p>Intervistato da Marco D&#8217;Inc\u00e0 \u00e8 stata poi la volta del tiratore Francesco Bruno, classe 1978, che ha preso parte con la nazionale italiana alle Olimpiadi di Pechino, Atene, Londra e che attualmente \u00e8 tecnico della nazionale italiana juniores di tiro a segno (comparto di pistola). Una testimonianza in cui ha evidenziato come questa disciplina abbia portato a lui molta autodisciplina, esercizio della concentrazione, il saper controllare la propria energia e le proprie emozioni, seguendo in aggiunta specifiche tecniche &#8220;mentali&#8221; e di come questa disciplina sportiva sia estremamente formativa nel percorso di crescita dei giovani.<\/p>\n<p>&#8220;Ho trovato al poligono di Mussoi un ambiente accogliente, di gente molto preparata, che crea aggregazione e che sa fare squadra&#8221; ha proseguito l&#8217;assessore Mazzoccoli, che poi ha aggiunto: &#8220;I risultati dei nostri ragazzi si vedono. L&#8217;invito \u00e8 di andare a visitare il nostro poligono, partecipare alle giornate di prove gratuite che organizzano nel corso dell&#8217;anno e scoprire questo affascinante mondo&#8221;, ha concluso.<\/p>\n<p>&nbsp;<\/p>","protected":false},"excerpt":{"rendered":"<p>Belluno, 5 ottobre 2025 &#8211; Una sala gremita di appassionati, di neofiti e di curiosi. La mattinata \u00e8 iniziata con i saluti istituzionali dell&#8217;assessore allo sport del Comune di Belluno Monica Mazzoccoli e a seguire la presentazione da parte del presidente del poligono di Belluno Renato Cafiero che ha illustrato la storia del poligono di [&hellip;]<\/p>\n","protected":false},"author":2,"featured_media":163868,"comment_status":"closed","ping_status":"open","sticky":false,"template":"","format":"standard","meta":{"footnotes":""},"categories":[26,4],"tags":[],"class_list":["post-163867","post","type-post","status-publish","format-standard","has-post-thumbnail","category-prima-pagina","category-sport"],"yoast_head":"<!-- This site is optimized with the Yoast SEO plugin v28.4 - https:\/\/yoast.com\/product\/yoast-seo-wordpress\/ -->\n<title>Successo oggi all&#039;Open day del Tiro a Segno di Belluno - Bellunopress - Dolomiti<\/title>\n<meta name=\"robots\" content=\"index, follow, max-snippet:-1, max-image-preview:large, max-video-preview:-1\" \/>\n<link rel=\"canonical\" href=\"https:\/\/www.bellunopress.it\/fr\/2025\/10\/05\/successo-oggi-allopen-day-del-tiro-a-segno-di-belluno\/\" \/>\n<meta property=\"og:locale\" content=\"fr_FR\" \/>\n<meta property=\"og:type\" content=\"article\" \/>\n<meta property=\"og:title\" content=\"Successo oggi all&#039;Open day del Tiro a Segno di Belluno - Bellunopress - Dolomiti\" \/>\n<meta property=\"og:description\" content=\"Belluno, 5 ottobre 2025 &#8211; Una sala gremita di appassionati, di neofiti e di curiosi. La mattinata \u00e8 iniziata con i saluti istituzionali dell&#8217;assessore allo sport del Comune di Belluno Monica Mazzoccoli e a seguire la presentazione da parte del presidente del poligono di Belluno Renato Cafiero che ha illustrato la storia del poligono di [&hellip;]\" \/>\n<meta property=\"og:url\" content=\"https:\/\/www.bellunopress.it\/fr\/2025\/10\/05\/successo-oggi-allopen-day-del-tiro-a-segno-di-belluno\/\" \/>\n<meta property=\"og:site_name\" content=\"Bellunopress - Dolomiti\" \/>\n<meta property=\"article:publisher\" content=\"https:\/\/www.facebook.com\/profile.php?id=100008943462799\" \/>\n<meta property=\"article:published_time\" content=\"2025-10-05T16:14:39+00:00\" \/>\n<meta property=\"og:image\" content=\"https:\/\/www.bellunopress.it\/wp-content\/uploads\/2025\/10\/Open-Day-al-Tiro-a-segno-di-Belluno.jpg\" \/>\n\t<meta property=\"og:image:width\" content=\"800\" \/>\n\t<meta property=\"og:image:height\" content=\"600\" \/>\n\t<meta property=\"og:image:type\" content=\"image\/jpeg\" \/>\n<meta name=\"author\" content=\"redazione\" \/>\n<meta name=\"twitter:card\" content=\"summary_large_image\" \/>\n<meta name=\"twitter:creator\" content=\"@bellunopress\" \/>\n<meta name=\"twitter:site\" content=\"@bellunopress\" \/>\n<meta name=\"twitter:label1\" content=\"\u00c9crit par\" \/>\n\t<meta name=\"twitter:data1\" content=\"redazione\" \/>\n\t<meta name=\"twitter:label2\" content=\"Dur\u00e9e de lecture estim\u00e9e\" \/>\n\t<meta name=\"twitter:data2\" content=\"2 minutes\" \/>\n<script type=\"application\/ld+json\" class=\"yoast-schema-graph\">{\"@context\":\"https:\\\/\\\/schema.org\",\"@graph\":[{\"@type\":\"Article\",\"@id\":\"https:\\\/\\\/www.bellunopress.it\\\/2025\\\/10\\\/05\\\/successo-oggi-allopen-day-del-tiro-a-segno-di-belluno\\\/#article\",\"isPartOf\":{\"@id\":\"https:\\\/\\\/www.bellunopress.it\\\/2025\\\/10\\\/05\\\/successo-oggi-allopen-day-del-tiro-a-segno-di-belluno\\\/\"},\"author\":{\"name\":\"redazione\",\"@id\":\"https:\\\/\\\/www.bellunopress.it\\\/#\\\/schema\\\/person\\\/79bb06722b37ece1c03d3e94beb30d73\"},\"headline\":\"Successo oggi all&#8217;Open day del Tiro a Segno di Belluno\",\"datePublished\":\"2025-10-05T16:14:39+00:00\",\"mainEntityOfPage\":{\"@id\":\"https:\\\/\\\/www.bellunopress.it\\\/2025\\\/10\\\/05\\\/successo-oggi-allopen-day-del-tiro-a-segno-di-belluno\\\/\"},\"wordCount\":483,\"publisher\":{\"@id\":\"https:\\\/\\\/www.bellunopress.it\\\/#organization\"},\"image\":{\"@id\":\"https:\\\/\\\/www.bellunopress.it\\\/2025\\\/10\\\/05\\\/successo-oggi-allopen-day-del-tiro-a-segno-di-belluno\\\/#primaryimage\"},\"thumbnailUrl\":\"https:\\\/\\\/www.bellunopress.it\\\/wp-content\\\/uploads\\\/2025\\\/10\\\/Open-Day-al-Tiro-a-segno-di-Belluno.jpg\",\"articleSection\":[\"Prima Pagina\",\"Sport, tempo libero\"],\"inLanguage\":\"fr-FR\"},{\"@type\":\"WebPage\",\"@id\":\"https:\\\/\\\/www.bellunopress.it\\\/2025\\\/10\\\/05\\\/successo-oggi-allopen-day-del-tiro-a-segno-di-belluno\\\/\",\"url\":\"https:\\\/\\\/www.bellunopress.it\\\/2025\\\/10\\\/05\\\/successo-oggi-allopen-day-del-tiro-a-segno-di-belluno\\\/\",\"name\":\"Successo oggi all'Open day del Tiro a Segno di Belluno - Bellunopress - Dolomiti\",\"isPartOf\":{\"@id\":\"https:\\\/\\\/www.bellunopress.it\\\/#website\"},\"primaryImageOfPage\":{\"@id\":\"https:\\\/\\\/www.bellunopress.it\\\/2025\\\/10\\\/05\\\/successo-oggi-allopen-day-del-tiro-a-segno-di-belluno\\\/#primaryimage\"},\"image\":{\"@id\":\"https:\\\/\\\/www.bellunopress.it\\\/2025\\\/10\\\/05\\\/successo-oggi-allopen-day-del-tiro-a-segno-di-belluno\\\/#primaryimage\"},\"thumbnailUrl\":\"https:\\\/\\\/www.bellunopress.it\\\/wp-content\\\/uploads\\\/2025\\\/10\\\/Open-Day-al-Tiro-a-segno-di-Belluno.jpg\",\"datePublished\":\"2025-10-05T16:14:39+00:00\",\"breadcrumb\":{\"@id\":\"https:\\\/\\\/www.bellunopress.it\\\/2025\\\/10\\\/05\\\/successo-oggi-allopen-day-del-tiro-a-segno-di-belluno\\\/#breadcrumb\"},\"inLanguage\":\"fr-FR\",\"potentialAction\":[{\"@type\":\"ReadAction\",\"target\":[\"https:\\\/\\\/www.bellunopress.it\\\/2025\\\/10\\\/05\\\/successo-oggi-allopen-day-del-tiro-a-segno-di-belluno\\\/\"]}]},{\"@type\":\"ImageObject\",\"inLanguage\":\"fr-FR\",\"@id\":\"https:\\\/\\\/www.bellunopress.it\\\/2025\\\/10\\\/05\\\/successo-oggi-allopen-day-del-tiro-a-segno-di-belluno\\\/#primaryimage\",\"url\":\"https:\\\/\\\/www.bellunopress.it\\\/wp-content\\\/uploads\\\/2025\\\/10\\\/Open-Day-al-Tiro-a-segno-di-Belluno.jpg\",\"contentUrl\":\"https:\\\/\\\/www.bellunopress.it\\\/wp-content\\\/uploads\\\/2025\\\/10\\\/Open-Day-al-Tiro-a-segno-di-Belluno.jpg\",\"width\":800,\"height\":600,\"caption\":\"Open Day al Tiro a Segno di Belluno\"},{\"@type\":\"BreadcrumbList\",\"@id\":\"https:\\\/\\\/www.bellunopress.it\\\/2025\\\/10\\\/05\\\/successo-oggi-allopen-day-del-tiro-a-segno-di-belluno\\\/#breadcrumb\",\"itemListElement\":[{\"@type\":\"ListItem\",\"position\":1,\"name\":\"Home\",\"item\":\"https:\\\/\\\/www.bellunopress.it\\\/\"},{\"@type\":\"ListItem\",\"position\":2,\"name\":\"Successo oggi all&#8217;Open day del Tiro a Segno di Belluno\"}]},{\"@type\":\"WebSite\",\"@id\":\"https:\\\/\\\/www.bellunopress.it\\\/#website\",\"url\":\"https:\\\/\\\/www.bellunopress.it\\\/\",\"name\":\"Bellunopress - Dolomiti\",\"description\":\"e-mail: redazione@bellunopress.it\",\"publisher\":{\"@id\":\"https:\\\/\\\/www.bellunopress.it\\\/#organization\"},\"potentialAction\":[{\"@type\":\"SearchAction\",\"target\":{\"@type\":\"EntryPoint\",\"urlTemplate\":\"https:\\\/\\\/www.bellunopress.it\\\/?s={search_term_string}\"},\"query-input\":{\"@type\":\"PropertyValueSpecification\",\"valueRequired\":true,\"valueName\":\"search_term_string\"}}],\"inLanguage\":\"fr-FR\"},{\"@type\":\"Organization\",\"@id\":\"https:\\\/\\\/www.bellunopress.it\\\/#organization\",\"name\":\"Bellunopress\",\"url\":\"https:\\\/\\\/www.bellunopress.it\\\/\",\"logo\":{\"@type\":\"ImageObject\",\"inLanguage\":\"fr-FR\",\"@id\":\"https:\\\/\\\/www.bellunopress.it\\\/#\\\/schema\\\/logo\\\/image\\\/\",\"url\":\"https:\\\/\\\/www.bellunopress.it\\\/wp-content\\\/uploads\\\/2011\\\/05\\\/cropped-logo-bellunopress-.jpg\",\"contentUrl\":\"https:\\\/\\\/www.bellunopress.it\\\/wp-content\\\/uploads\\\/2011\\\/05\\\/cropped-logo-bellunopress-.jpg\",\"width\":512,\"height\":512,\"caption\":\"Bellunopress\"},\"image\":{\"@id\":\"https:\\\/\\\/www.bellunopress.it\\\/#\\\/schema\\\/logo\\\/image\\\/\"},\"sameAs\":[\"https:\\\/\\\/www.facebook.com\\\/profile.php?id=100008943462799\",\"https:\\\/\\\/x.com\\\/bellunopress\",\"https:\\\/\\\/www.linkedin.com\\\/hp\\\/?dnr=JBzUWaJfMUw8vbXJJ2tVW5-I3jZKvC4wsoxE&amp;amp;amp;amp;amp;amp;trk=nav_responsive_tab_home\",\"https:\\\/\\\/www.youtube.com\\\/channel\\\/UCxL0wu1uN0_3_7hGG0306cw\"]},{\"@type\":\"Person\",\"@id\":\"https:\\\/\\\/www.bellunopress.it\\\/#\\\/schema\\\/person\\\/79bb06722b37ece1c03d3e94beb30d73\",\"name\":\"redazione\",\"image\":{\"@type\":\"ImageObject\",\"inLanguage\":\"fr-FR\",\"@id\":\"https:\\\/\\\/secure.gravatar.com\\\/avatar\\\/37d968a2e67a6fd04c169c4bdef102d0bc5d31b2546345219e348575eb80e9a0?s=96&d=mm&r=g\",\"url\":\"https:\\\/\\\/secure.gravatar.com\\\/avatar\\\/37d968a2e67a6fd04c169c4bdef102d0bc5d31b2546345219e348575eb80e9a0?s=96&d=mm&r=g\",\"contentUrl\":\"https:\\\/\\\/secure.gravatar.com\\\/avatar\\\/37d968a2e67a6fd04c169c4bdef102d0bc5d31b2546345219e348575eb80e9a0?s=96&d=mm&r=g\",\"caption\":\"redazione\"},\"sameAs\":[\"http:\\\/\\\/www.bellunopress.it\",\"https:\\\/\\\/x.com\\\/bellunopress\"],\"url\":\"https:\\\/\\\/www.bellunopress.it\\\/fr\\\/author\\\/redazione\\\/\"}]}<\/script>\n<!-- \/ Yoast SEO plugin. -->","yoast_head_json":{"title":"Successo oggi all'Open day del Tiro a Segno di Belluno - Bellunopress - Dolomiti","robots":{"index":"index","follow":"follow","max-snippet":"max-snippet:-1","max-image-preview":"max-image-preview:large","max-video-preview":"max-video-preview:-1"},"canonical":"https:\/\/www.bellunopress.it\/fr\/2025\/10\/05\/successo-oggi-allopen-day-del-tiro-a-segno-di-belluno\/","og_locale":"fr_FR","og_type":"article","og_title":"Successo oggi all'Open day del Tiro a Segno di Belluno - Bellunopress - Dolomiti","og_description":"Belluno, 5 ottobre 2025 &#8211; Una sala gremita di appassionati, di neofiti e di curiosi. La mattinata \u00e8 iniziata con i saluti istituzionali dell&#8217;assessore allo sport del Comune di Belluno Monica Mazzoccoli e a seguire la presentazione da parte del presidente del poligono di Belluno Renato Cafiero che ha illustrato la storia del poligono di [&hellip;]","og_url":"https:\/\/www.bellunopress.it\/fr\/2025\/10\/05\/successo-oggi-allopen-day-del-tiro-a-segno-di-belluno\/","og_site_name":"Bellunopress - Dolomiti","article_publisher":"https:\/\/www.facebook.com\/profile.php?id=100008943462799","article_published_time":"2025-10-05T16:14:39+00:00","og_image":[{"width":800,"height":600,"url":"https:\/\/www.bellunopress.it\/wp-content\/uploads\/2025\/10\/Open-Day-al-Tiro-a-segno-di-Belluno.jpg","type":"image\/jpeg"}],"author":"redazione","twitter_card":"summary_large_image","twitter_creator":"@bellunopress","twitter_site":"@bellunopress","twitter_misc":{"\u00c9crit par":"redazione","Dur\u00e9e de lecture estim\u00e9e":"2 minutes"},"schema":{"@context":"https:\/\/schema.org","@graph":[{"@type":"Article","@id":"https:\/\/www.bellunopress.it\/2025\/10\/05\/successo-oggi-allopen-day-del-tiro-a-segno-di-belluno\/#article","isPartOf":{"@id":"https:\/\/www.bellunopress.it\/2025\/10\/05\/successo-oggi-allopen-day-del-tiro-a-segno-di-belluno\/"},"author":{"name":"redazione","@id":"https:\/\/www.bellunopress.it\/#\/schema\/person\/79bb06722b37ece1c03d3e94beb30d73"},"headline":"Successo oggi all&#8217;Open day del Tiro a Segno di Belluno","datePublished":"2025-10-05T16:14:39+00:00","mainEntityOfPage":{"@id":"https:\/\/www.bellunopress.it\/2025\/10\/05\/successo-oggi-allopen-day-del-tiro-a-segno-di-belluno\/"},"wordCount":483,"publisher":{"@id":"https:\/\/www.bellunopress.it\/#organization"},"image":{"@id":"https:\/\/www.bellunopress.it\/2025\/10\/05\/successo-oggi-allopen-day-del-tiro-a-segno-di-belluno\/#primaryimage"},"thumbnailUrl":"https:\/\/www.bellunopress.it\/wp-content\/uploads\/2025\/10\/Open-Day-al-Tiro-a-segno-di-Belluno.jpg","articleSection":["Prima Pagina","Sport, tempo libero"],"inLanguage":"fr-FR"},{"@type":"WebPage","@id":"https:\/\/www.bellunopress.it\/2025\/10\/05\/successo-oggi-allopen-day-del-tiro-a-segno-di-belluno\/","url":"https:\/\/www.bellunopress.it\/2025\/10\/05\/successo-oggi-allopen-day-del-tiro-a-segno-di-belluno\/","name":"Successo oggi all'Open day del Tiro a Segno di Belluno - Bellunopress - Dolomiti","isPartOf":{"@id":"https:\/\/www.bellunopress.it\/#website"},"primaryImageOfPage":{"@id":"https:\/\/www.bellunopress.it\/2025\/10\/05\/successo-oggi-allopen-day-del-tiro-a-segno-di-belluno\/#primaryimage"},"image":{"@id":"https:\/\/www.bellunopress.it\/2025\/10\/05\/successo-oggi-allopen-day-del-tiro-a-segno-di-belluno\/#primaryimage"},"thumbnailUrl":"https:\/\/www.bellunopress.it\/wp-content\/uploads\/2025\/10\/Open-Day-al-Tiro-a-segno-di-Belluno.jpg","datePublished":"2025-10-05T16:14:39+00:00","breadcrumb":{"@id":"https:\/\/www.bellunopress.it\/2025\/10\/05\/successo-oggi-allopen-day-del-tiro-a-segno-di-belluno\/#breadcrumb"},"inLanguage":"fr-FR","potentialAction":[{"@type":"ReadAction","target":["https:\/\/www.bellunopress.it\/2025\/10\/05\/successo-oggi-allopen-day-del-tiro-a-segno-di-belluno\/"]}]},{"@type":"ImageObject","inLanguage":"fr-FR","@id":"https:\/\/www.bellunopress.it\/2025\/10\/05\/successo-oggi-allopen-day-del-tiro-a-segno-di-belluno\/#primaryimage","url":"https:\/\/www.bellunopress.it\/wp-content\/uploads\/2025\/10\/Open-Day-al-Tiro-a-segno-di-Belluno.jpg","contentUrl":"https:\/\/www.bellunopress.it\/wp-content\/uploads\/2025\/10\/Open-Day-al-Tiro-a-segno-di-Belluno.jpg","width":800,"height":600,"caption":"Open Day al Tiro a Segno di Belluno"},{"@type":"BreadcrumbList","@id":"https:\/\/www.bellunopress.it\/2025\/10\/05\/successo-oggi-allopen-day-del-tiro-a-segno-di-belluno\/#breadcrumb","itemListElement":[{"@type":"ListItem","position":1,"name":"Home","item":"https:\/\/www.bellunopress.it\/"},{"@type":"ListItem","position":2,"name":"Successo oggi all&#8217;Open day del Tiro a Segno di Belluno"}]},{"@type":"WebSite","@id":"https:\/\/www.bellunopress.it\/#website","url":"https:\/\/www.bellunopress.it\/","name":"Bellunopress - Dolomiti","description":"e-mail: redazione@bellunopress.it","publisher":{"@id":"https:\/\/www.bellunopress.it\/#organization"},"potentialAction":[{"@type":"SearchAction","target":{"@type":"EntryPoint","urlTemplate":"https:\/\/www.bellunopress.it\/?s={search_term_string}"},"query-input":{"@type":"PropertyValueSpecification","valueRequired":true,"valueName":"search_term_string"}}],"inLanguage":"fr-FR"},{"@type":"Organization","@id":"https:\/\/www.bellunopress.it\/#organization","name":"Bellunopress","url":"https:\/\/www.bellunopress.it\/","logo":{"@type":"ImageObject","inLanguage":"fr-FR","@id":"https:\/\/www.bellunopress.it\/#\/schema\/logo\/image\/","url":"https:\/\/www.bellunopress.it\/wp-content\/uploads\/2011\/05\/cropped-logo-bellunopress-.jpg","contentUrl":"https:\/\/www.bellunopress.it\/wp-content\/uploads\/2011\/05\/cropped-logo-bellunopress-.jpg","width":512,"height":512,"caption":"Bellunopress"},"image":{"@id":"https:\/\/www.bellunopress.it\/#\/schema\/logo\/image\/"},"sameAs":["https:\/\/www.facebook.com\/profile.php?id=100008943462799","https:\/\/x.com\/bellunopress","https:\/\/www.linkedin.com\/hp\/?dnr=JBzUWaJfMUw8vbXJJ2tVW5-I3jZKvC4wsoxE&amp;amp;amp;amp;amp;amp;trk=nav_responsive_tab_home","https:\/\/www.youtube.com\/channel\/UCxL0wu1uN0_3_7hGG0306cw"]},{"@type":"Person","@id":"https:\/\/www.bellunopress.it\/#\/schema\/person\/79bb06722b37ece1c03d3e94beb30d73","name":"r\u00e9daction","image":{"@type":"ImageObject","inLanguage":"fr-FR","@id":"https:\/\/secure.gravatar.com\/avatar\/37d968a2e67a6fd04c169c4bdef102d0bc5d31b2546345219e348575eb80e9a0?s=96&d=mm&r=g","url":"https:\/\/secure.gravatar.com\/avatar\/37d968a2e67a6fd04c169c4bdef102d0bc5d31b2546345219e348575eb80e9a0?s=96&d=mm&r=g","contentUrl":"https:\/\/secure.gravatar.com\/avatar\/37d968a2e67a6fd04c169c4bdef102d0bc5d31b2546345219e348575eb80e9a0?s=96&d=mm&r=g","caption":"redazione"},"sameAs":["http:\/\/www.bellunopress.it","https:\/\/x.com\/bellunopress"],"url":"https:\/\/www.bellunopress.it\/fr\/author\/redazione\/"}]}},"_links":{"self":[{"href":"https:\/\/www.bellunopress.it\/fr\/wp-json\/wp\/v2\/posts\/163867","targetHints":{"allow":["GET"]}}],"collection":[{"href":"https:\/\/www.bellunopress.it\/fr\/wp-json\/wp\/v2\/posts"}],"about":[{"href":"https:\/\/www.bellunopress.it\/fr\/wp-json\/wp\/v2\/types\/post"}],"author":[{"embeddable":true,"href":"https:\/\/www.bellunopress.it\/fr\/wp-json\/wp\/v2\/users\/2"}],"replies":[{"embeddable":true,"href":"https:\/\/www.bellunopress.it\/fr\/wp-json\/wp\/v2\/comments?post=163867"}],"version-history":[{"count":1,"href":"https:\/\/www.bellunopress.it\/fr\/wp-json\/wp\/v2\/posts\/163867\/revisions"}],"predecessor-version":[{"id":163869,"href":"https:\/\/www.bellunopress.it\/fr\/wp-json\/wp\/v2\/posts\/163867\/revisions\/163869"}],"wp:featuredmedia":[{"embeddable":true,"href":"https:\/\/www.bellunopress.it\/fr\/wp-json\/wp\/v2\/media\/163868"}],"wp:attachment":[{"href":"https:\/\/www.bellunopress.it\/fr\/wp-json\/wp\/v2\/media?parent=163867"}],"wp:term":[{"taxonomy":"category","embeddable":true,"href":"https:\/\/www.bellunopress.it\/fr\/wp-json\/wp\/v2\/categories?post=163867"},{"taxonomy":"post_tag","embeddable":true,"href":"https:\/\/www.bellunopress.it\/fr\/wp-json\/wp\/v2\/tags?post=163867"}],"curies":[{"name":"wp","href":"https:\/\/api.w.org\/{rel}","templated":true}]}}