{"id":163809,"date":"2025-10-02T20:44:24","date_gmt":"2025-10-02T18:44:24","guid":{"rendered":"https:\/\/www.bellunopress.it\/?p=163809"},"modified":"2025-10-02T20:44:24","modified_gmt":"2025-10-02T18:44:24","slug":"la-replica-della-ulss-a-del-bianco-sulla-transizione-digitale","status":"publish","type":"post","link":"https:\/\/www.bellunopress.it\/fr\/2025\/10\/02\/la-replica-della-ulss-a-del-bianco-sulla-transizione-digitale\/","title":{"rendered":"La replica della Ulss a Del Bianco sulla transizione digitale"},"content":{"rendered":"<p><img loading=\"lazy\" decoding=\"async\" class=\"aligncenter size-full wp-image-84065\" src=\"https:\/\/www.bellunopress.it\/wp-content\/uploads\/2017\/02\/ulss-1-dolomiti.jpg\" alt=\"\" width=\"214\" height=\"110\" \/>Belluno, 2 ottobre 2025 &#8211; In merito alle affermazioni rese dal consigliere di opposizione del Comune di Feltre, Alessandro Del Bianco, durante il Consiglio comunale del 29 settembre 2025, riguardanti l\u2019istituzione del Dipartimento interaziendale \u201cSistemi informativi per la transizione digitale\u201d tra Ulss 1 Dolomiti e Ulss 2 Marca Trevigiana, sulle quali sono state richieste precisazioni, la direzione Ulss 1 Dolomiti comunica quanto segue:<\/p>\n<p>L\u2019istituzione del Dipartimento interaziendale funzionale tra Ulss 1 e Ulss 2 dedicato ai sistemi informativi \u00e8 un aspetto squisitamente tecnico destinato a portare delle migliorie per entrambi i territori e finalizzato allo sviluppo di modalit\u00e0 sinergiche e coordinate in ambito informatico.<br \/>\nAd esempio: potranno essere condivisi sistemi di telemedicina sperimentati in una o nell\u2019altra azienda, utilizzare soluzioni tecniche comuni per la cybersicurezza, condividere la formazione e il peer teaching del personale, rendere pi\u00f9 efficace lo sviluppo del nuovo Sistema Informativo Ospedaliero che ha lo stesso fornitore in entrambe le aziende.<br \/>\nNon si tratta di unificare ma sviluppare progettualit\u00e0 comuni.<br \/>\nSi tratta quindi di una collaborazione, che potr\u00e0 migliorer\u00e0 in termini di efficacia ed efficienza i servizi ai cittadini.<br \/>\nLeggere l\u2019istituzione di un dipartimento funzionale, quindi senza alcuna dipendenza gerarchica tre le due unit\u00e0 operative, come un preludio all\u2019unificazione delle Ulss \u00e8 fuorviante e senza alcun fondamento.<br \/>\nEsistono gi\u00e0, peraltro, esempi di dipartimenti funzionali interaziendali: uno fra tutti il CREU (coordinamento regionale emergenza urgenza) che racchiude i SUEM delle varie Ulss, da diversi anni, per assicurare i soccorsi in rete. Ogni giorno ne apprezziamo i vantaggi, senza per questo veder sminuite le singole unit\u00e0 operative territoriali anzi, aumentandone l\u2019efficienza.<br \/>\nAltro esempio: esiste un dipartimento interaziendale funzionale di odontoiatria tra l\u2019Azienda Ospedaliera Universitaria di Padova e l\u2019Ulss Marca Trevigiana. Qualcuno ha mai letto questo come una unificazione tra Padova e Treviso?!? Oppure: i dipartimenti interaziendali funzionali tra Azienda Ospedaliera di Padova, Ulss 6 e\/o IOV sono ben 7.<br \/>\nNon \u00e8 la prima e non sar\u00e0 l\u2019ultima volta che vengono sviluppate modalit\u00e0 di collaborazione tra aziende in forma dipartimentale.<\/p>\n<p>\u201cSpiace che ancora una volta si usino falsit\u00e0 per creare allarmismi inutili tra i cittadini\u201d commenta il sindaco di Feltre, Viviana Fusaro \u201cnessuna unificazione, nessuna chiusura di servizi all\u2019orizzonte, anzi, il nostro Direttore Generale mi ha assicurato che si tratta di una opportunit\u00e0. Anche tra Comuni \u00e8 normale formalizzare collaborazioni senza che questo significhi fusione o perdita di autonomia. \u00c8 ora di smetterla di strumentalizzare temi delicati che riguardano la salute dei cittadini.\u201d<\/p>","protected":false},"excerpt":{"rendered":"<p>Belluno, 2 ottobre 2025 &#8211; In merito alle affermazioni rese dal consigliere di opposizione del Comune di Feltre, Alessandro Del Bianco, durante il Consiglio comunale del 29 settembre 2025, riguardanti l\u2019istituzione del Dipartimento interaziendale \u201cSistemi informativi per la transizione digitale\u201d tra Ulss 1 Dolomiti e Ulss 2 Marca Trevigiana, sulle quali sono state richieste precisazioni, [&hellip;]<\/p>\n","protected":false},"author":2,"featured_media":122834,"comment_status":"closed","ping_status":"open","sticky":false,"template":"","format":"standard","meta":{"footnotes":""},"categories":[5,3446,26,17],"tags":[],"class_list":["post-163809","post","type-post","status-publish","format-standard","has-post-thumbnail","category-cronaca","category-featured","category-prima-pagina","category-sanita"],"yoast_head":"<!-- This site is optimized with the Yoast SEO plugin v28.4 - https:\/\/yoast.com\/product\/yoast-seo-wordpress\/ -->\n<title>La replica della Ulss a Del Bianco sulla transizione digitale - Bellunopress - Dolomiti<\/title>\n<meta name=\"robots\" content=\"index, follow, max-snippet:-1, max-image-preview:large, max-video-preview:-1\" \/>\n<link rel=\"canonical\" href=\"https:\/\/www.bellunopress.it\/fr\/2025\/10\/02\/la-replica-della-ulss-a-del-bianco-sulla-transizione-digitale\/\" \/>\n<meta property=\"og:locale\" content=\"fr_FR\" \/>\n<meta property=\"og:type\" content=\"article\" \/>\n<meta property=\"og:title\" content=\"La replica della Ulss a Del Bianco sulla transizione digitale - Bellunopress - Dolomiti\" \/>\n<meta property=\"og:description\" content=\"Belluno, 2 ottobre 2025 &#8211; In merito alle affermazioni rese dal consigliere di opposizione del Comune di Feltre, Alessandro Del Bianco, durante il Consiglio comunale del 29 settembre 2025, riguardanti l\u2019istituzione del Dipartimento interaziendale \u201cSistemi informativi per la transizione digitale\u201d tra Ulss 1 Dolomiti e Ulss 2 Marca Trevigiana, sulle quali sono state richieste precisazioni, [&hellip;]\" \/>\n<meta property=\"og:url\" content=\"https:\/\/www.bellunopress.it\/fr\/2025\/10\/02\/la-replica-della-ulss-a-del-bianco-sulla-transizione-digitale\/\" \/>\n<meta property=\"og:site_name\" content=\"Bellunopress - Dolomiti\" \/>\n<meta property=\"article:publisher\" content=\"https:\/\/www.facebook.com\/profile.php?id=100008943462799\" \/>\n<meta property=\"article:published_time\" content=\"2025-10-02T18:44:24+00:00\" \/>\n<meta property=\"og:image\" content=\"https:\/\/www.bellunopress.it\/wp-content\/uploads\/2021\/03\/Ulss-Dolomiti_edited.jpg\" \/>\n\t<meta property=\"og:image:width\" content=\"900\" \/>\n\t<meta property=\"og:image:height\" content=\"900\" \/>\n\t<meta property=\"og:image:type\" content=\"image\/jpeg\" \/>\n<meta name=\"author\" content=\"redazione\" \/>\n<meta name=\"twitter:card\" content=\"summary_large_image\" \/>\n<meta name=\"twitter:creator\" content=\"@bellunopress\" \/>\n<meta name=\"twitter:site\" content=\"@bellunopress\" \/>\n<meta name=\"twitter:label1\" content=\"\u00c9crit par\" \/>\n\t<meta name=\"twitter:data1\" content=\"redazione\" \/>\n\t<meta name=\"twitter:label2\" content=\"Dur\u00e9e de lecture estim\u00e9e\" \/>\n\t<meta name=\"twitter:data2\" content=\"2 minutes\" \/>\n<script type=\"application\/ld+json\" class=\"yoast-schema-graph\">{\"@context\":\"https:\\\/\\\/schema.org\",\"@graph\":[{\"@type\":\"Article\",\"@id\":\"https:\\\/\\\/www.bellunopress.it\\\/2025\\\/10\\\/02\\\/la-replica-della-ulss-a-del-bianco-sulla-transizione-digitale\\\/#article\",\"isPartOf\":{\"@id\":\"https:\\\/\\\/www.bellunopress.it\\\/2025\\\/10\\\/02\\\/la-replica-della-ulss-a-del-bianco-sulla-transizione-digitale\\\/\"},\"author\":{\"name\":\"redazione\",\"@id\":\"https:\\\/\\\/www.bellunopress.it\\\/#\\\/schema\\\/person\\\/79bb06722b37ece1c03d3e94beb30d73\"},\"headline\":\"La replica della Ulss a Del Bianco sulla transizione digitale\",\"datePublished\":\"2025-10-02T18:44:24+00:00\",\"mainEntityOfPage\":{\"@id\":\"https:\\\/\\\/www.bellunopress.it\\\/2025\\\/10\\\/02\\\/la-replica-della-ulss-a-del-bianco-sulla-transizione-digitale\\\/\"},\"wordCount\":407,\"publisher\":{\"@id\":\"https:\\\/\\\/www.bellunopress.it\\\/#organization\"},\"image\":{\"@id\":\"https:\\\/\\\/www.bellunopress.it\\\/2025\\\/10\\\/02\\\/la-replica-della-ulss-a-del-bianco-sulla-transizione-digitale\\\/#primaryimage\"},\"thumbnailUrl\":\"https:\\\/\\\/www.bellunopress.it\\\/wp-content\\\/uploads\\\/2021\\\/03\\\/Ulss-Dolomiti_edited.jpg\",\"articleSection\":[\"Cronaca\\\/Politica\",\"Featured\",\"Prima Pagina\",\"Sanit\u00e0 Medicina\"],\"inLanguage\":\"fr-FR\"},{\"@type\":\"WebPage\",\"@id\":\"https:\\\/\\\/www.bellunopress.it\\\/2025\\\/10\\\/02\\\/la-replica-della-ulss-a-del-bianco-sulla-transizione-digitale\\\/\",\"url\":\"https:\\\/\\\/www.bellunopress.it\\\/2025\\\/10\\\/02\\\/la-replica-della-ulss-a-del-bianco-sulla-transizione-digitale\\\/\",\"name\":\"La replica della Ulss a Del Bianco sulla transizione digitale - Bellunopress - Dolomiti\",\"isPartOf\":{\"@id\":\"https:\\\/\\\/www.bellunopress.it\\\/#website\"},\"primaryImageOfPage\":{\"@id\":\"https:\\\/\\\/www.bellunopress.it\\\/2025\\\/10\\\/02\\\/la-replica-della-ulss-a-del-bianco-sulla-transizione-digitale\\\/#primaryimage\"},\"image\":{\"@id\":\"https:\\\/\\\/www.bellunopress.it\\\/2025\\\/10\\\/02\\\/la-replica-della-ulss-a-del-bianco-sulla-transizione-digitale\\\/#primaryimage\"},\"thumbnailUrl\":\"https:\\\/\\\/www.bellunopress.it\\\/wp-content\\\/uploads\\\/2021\\\/03\\\/Ulss-Dolomiti_edited.jpg\",\"datePublished\":\"2025-10-02T18:44:24+00:00\",\"breadcrumb\":{\"@id\":\"https:\\\/\\\/www.bellunopress.it\\\/2025\\\/10\\\/02\\\/la-replica-della-ulss-a-del-bianco-sulla-transizione-digitale\\\/#breadcrumb\"},\"inLanguage\":\"fr-FR\",\"potentialAction\":[{\"@type\":\"ReadAction\",\"target\":[\"https:\\\/\\\/www.bellunopress.it\\\/2025\\\/10\\\/02\\\/la-replica-della-ulss-a-del-bianco-sulla-transizione-digitale\\\/\"]}]},{\"@type\":\"ImageObject\",\"inLanguage\":\"fr-FR\",\"@id\":\"https:\\\/\\\/www.bellunopress.it\\\/2025\\\/10\\\/02\\\/la-replica-della-ulss-a-del-bianco-sulla-transizione-digitale\\\/#primaryimage\",\"url\":\"https:\\\/\\\/www.bellunopress.it\\\/wp-content\\\/uploads\\\/2021\\\/03\\\/Ulss-Dolomiti_edited.jpg\",\"contentUrl\":\"https:\\\/\\\/www.bellunopress.it\\\/wp-content\\\/uploads\\\/2021\\\/03\\\/Ulss-Dolomiti_edited.jpg\",\"width\":900,\"height\":900},{\"@type\":\"BreadcrumbList\",\"@id\":\"https:\\\/\\\/www.bellunopress.it\\\/2025\\\/10\\\/02\\\/la-replica-della-ulss-a-del-bianco-sulla-transizione-digitale\\\/#breadcrumb\",\"itemListElement\":[{\"@type\":\"ListItem\",\"position\":1,\"name\":\"Home\",\"item\":\"https:\\\/\\\/www.bellunopress.it\\\/\"},{\"@type\":\"ListItem\",\"position\":2,\"name\":\"La replica della Ulss a Del Bianco sulla transizione digitale\"}]},{\"@type\":\"WebSite\",\"@id\":\"https:\\\/\\\/www.bellunopress.it\\\/#website\",\"url\":\"https:\\\/\\\/www.bellunopress.it\\\/\",\"name\":\"Bellunopress - Dolomiti\",\"description\":\"e-mail: redazione@bellunopress.it\",\"publisher\":{\"@id\":\"https:\\\/\\\/www.bellunopress.it\\\/#organization\"},\"potentialAction\":[{\"@type\":\"SearchAction\",\"target\":{\"@type\":\"EntryPoint\",\"urlTemplate\":\"https:\\\/\\\/www.bellunopress.it\\\/?s={search_term_string}\"},\"query-input\":{\"@type\":\"PropertyValueSpecification\",\"valueRequired\":true,\"valueName\":\"search_term_string\"}}],\"inLanguage\":\"fr-FR\"},{\"@type\":\"Organization\",\"@id\":\"https:\\\/\\\/www.bellunopress.it\\\/#organization\",\"name\":\"Bellunopress\",\"url\":\"https:\\\/\\\/www.bellunopress.it\\\/\",\"logo\":{\"@type\":\"ImageObject\",\"inLanguage\":\"fr-FR\",\"@id\":\"https:\\\/\\\/www.bellunopress.it\\\/#\\\/schema\\\/logo\\\/image\\\/\",\"url\":\"https:\\\/\\\/www.bellunopress.it\\\/wp-content\\\/uploads\\\/2011\\\/05\\\/cropped-logo-bellunopress-.jpg\",\"contentUrl\":\"https:\\\/\\\/www.bellunopress.it\\\/wp-content\\\/uploads\\\/2011\\\/05\\\/cropped-logo-bellunopress-.jpg\",\"width\":512,\"height\":512,\"caption\":\"Bellunopress\"},\"image\":{\"@id\":\"https:\\\/\\\/www.bellunopress.it\\\/#\\\/schema\\\/logo\\\/image\\\/\"},\"sameAs\":[\"https:\\\/\\\/www.facebook.com\\\/profile.php?id=100008943462799\",\"https:\\\/\\\/x.com\\\/bellunopress\",\"https:\\\/\\\/www.linkedin.com\\\/hp\\\/?dnr=JBzUWaJfMUw8vbXJJ2tVW5-I3jZKvC4wsoxE&amp;amp;amp;amp;amp;amp;trk=nav_responsive_tab_home\",\"https:\\\/\\\/www.youtube.com\\\/channel\\\/UCxL0wu1uN0_3_7hGG0306cw\"]},{\"@type\":\"Person\",\"@id\":\"https:\\\/\\\/www.bellunopress.it\\\/#\\\/schema\\\/person\\\/79bb06722b37ece1c03d3e94beb30d73\",\"name\":\"redazione\",\"image\":{\"@type\":\"ImageObject\",\"inLanguage\":\"fr-FR\",\"@id\":\"https:\\\/\\\/secure.gravatar.com\\\/avatar\\\/37d968a2e67a6fd04c169c4bdef102d0bc5d31b2546345219e348575eb80e9a0?s=96&d=mm&r=g\",\"url\":\"https:\\\/\\\/secure.gravatar.com\\\/avatar\\\/37d968a2e67a6fd04c169c4bdef102d0bc5d31b2546345219e348575eb80e9a0?s=96&d=mm&r=g\",\"contentUrl\":\"https:\\\/\\\/secure.gravatar.com\\\/avatar\\\/37d968a2e67a6fd04c169c4bdef102d0bc5d31b2546345219e348575eb80e9a0?s=96&d=mm&r=g\",\"caption\":\"redazione\"},\"sameAs\":[\"http:\\\/\\\/www.bellunopress.it\",\"https:\\\/\\\/x.com\\\/bellunopress\"],\"url\":\"https:\\\/\\\/www.bellunopress.it\\\/fr\\\/author\\\/redazione\\\/\"}]}<\/script>\n<!-- \/ Yoast SEO plugin. -->","yoast_head_json":{"title":"La replica della Ulss a Del Bianco sulla transizione digitale - Bellunopress - Dolomiti","robots":{"index":"index","follow":"follow","max-snippet":"max-snippet:-1","max-image-preview":"max-image-preview:large","max-video-preview":"max-video-preview:-1"},"canonical":"https:\/\/www.bellunopress.it\/fr\/2025\/10\/02\/la-replica-della-ulss-a-del-bianco-sulla-transizione-digitale\/","og_locale":"fr_FR","og_type":"article","og_title":"La replica della Ulss a Del Bianco sulla transizione digitale - Bellunopress - Dolomiti","og_description":"Belluno, 2 ottobre 2025 &#8211; In merito alle affermazioni rese dal consigliere di opposizione del Comune di Feltre, Alessandro Del Bianco, durante il Consiglio comunale del 29 settembre 2025, riguardanti l\u2019istituzione del Dipartimento interaziendale \u201cSistemi informativi per la transizione digitale\u201d tra Ulss 1 Dolomiti e Ulss 2 Marca Trevigiana, sulle quali sono state richieste precisazioni, [&hellip;]","og_url":"https:\/\/www.bellunopress.it\/fr\/2025\/10\/02\/la-replica-della-ulss-a-del-bianco-sulla-transizione-digitale\/","og_site_name":"Bellunopress - Dolomiti","article_publisher":"https:\/\/www.facebook.com\/profile.php?id=100008943462799","article_published_time":"2025-10-02T18:44:24+00:00","og_image":[{"width":900,"height":900,"url":"https:\/\/www.bellunopress.it\/wp-content\/uploads\/2021\/03\/Ulss-Dolomiti_edited.jpg","type":"image\/jpeg"}],"author":"redazione","twitter_card":"summary_large_image","twitter_creator":"@bellunopress","twitter_site":"@bellunopress","twitter_misc":{"\u00c9crit par":"redazione","Dur\u00e9e de lecture estim\u00e9e":"2 minutes"},"schema":{"@context":"https:\/\/schema.org","@graph":[{"@type":"Article","@id":"https:\/\/www.bellunopress.it\/2025\/10\/02\/la-replica-della-ulss-a-del-bianco-sulla-transizione-digitale\/#article","isPartOf":{"@id":"https:\/\/www.bellunopress.it\/2025\/10\/02\/la-replica-della-ulss-a-del-bianco-sulla-transizione-digitale\/"},"author":{"name":"redazione","@id":"https:\/\/www.bellunopress.it\/#\/schema\/person\/79bb06722b37ece1c03d3e94beb30d73"},"headline":"La replica della Ulss a Del Bianco sulla transizione digitale","datePublished":"2025-10-02T18:44:24+00:00","mainEntityOfPage":{"@id":"https:\/\/www.bellunopress.it\/2025\/10\/02\/la-replica-della-ulss-a-del-bianco-sulla-transizione-digitale\/"},"wordCount":407,"publisher":{"@id":"https:\/\/www.bellunopress.it\/#organization"},"image":{"@id":"https:\/\/www.bellunopress.it\/2025\/10\/02\/la-replica-della-ulss-a-del-bianco-sulla-transizione-digitale\/#primaryimage"},"thumbnailUrl":"https:\/\/www.bellunopress.it\/wp-content\/uploads\/2021\/03\/Ulss-Dolomiti_edited.jpg","articleSection":["Cronaca\/Politica","Featured","Prima Pagina","Sanit\u00e0 Medicina"],"inLanguage":"fr-FR"},{"@type":"WebPage","@id":"https:\/\/www.bellunopress.it\/2025\/10\/02\/la-replica-della-ulss-a-del-bianco-sulla-transizione-digitale\/","url":"https:\/\/www.bellunopress.it\/2025\/10\/02\/la-replica-della-ulss-a-del-bianco-sulla-transizione-digitale\/","name":"La replica della Ulss a Del Bianco sulla transizione digitale - Bellunopress - Dolomiti","isPartOf":{"@id":"https:\/\/www.bellunopress.it\/#website"},"primaryImageOfPage":{"@id":"https:\/\/www.bellunopress.it\/2025\/10\/02\/la-replica-della-ulss-a-del-bianco-sulla-transizione-digitale\/#primaryimage"},"image":{"@id":"https:\/\/www.bellunopress.it\/2025\/10\/02\/la-replica-della-ulss-a-del-bianco-sulla-transizione-digitale\/#primaryimage"},"thumbnailUrl":"https:\/\/www.bellunopress.it\/wp-content\/uploads\/2021\/03\/Ulss-Dolomiti_edited.jpg","datePublished":"2025-10-02T18:44:24+00:00","breadcrumb":{"@id":"https:\/\/www.bellunopress.it\/2025\/10\/02\/la-replica-della-ulss-a-del-bianco-sulla-transizione-digitale\/#breadcrumb"},"inLanguage":"fr-FR","potentialAction":[{"@type":"ReadAction","target":["https:\/\/www.bellunopress.it\/2025\/10\/02\/la-replica-della-ulss-a-del-bianco-sulla-transizione-digitale\/"]}]},{"@type":"ImageObject","inLanguage":"fr-FR","@id":"https:\/\/www.bellunopress.it\/2025\/10\/02\/la-replica-della-ulss-a-del-bianco-sulla-transizione-digitale\/#primaryimage","url":"https:\/\/www.bellunopress.it\/wp-content\/uploads\/2021\/03\/Ulss-Dolomiti_edited.jpg","contentUrl":"https:\/\/www.bellunopress.it\/wp-content\/uploads\/2021\/03\/Ulss-Dolomiti_edited.jpg","width":900,"height":900},{"@type":"BreadcrumbList","@id":"https:\/\/www.bellunopress.it\/2025\/10\/02\/la-replica-della-ulss-a-del-bianco-sulla-transizione-digitale\/#breadcrumb","itemListElement":[{"@type":"ListItem","position":1,"name":"Home","item":"https:\/\/www.bellunopress.it\/"},{"@type":"ListItem","position":2,"name":"La replica della Ulss a Del Bianco sulla transizione digitale"}]},{"@type":"WebSite","@id":"https:\/\/www.bellunopress.it\/#website","url":"https:\/\/www.bellunopress.it\/","name":"Bellunopress - Dolomiti","description":"e-mail: redazione@bellunopress.it","publisher":{"@id":"https:\/\/www.bellunopress.it\/#organization"},"potentialAction":[{"@type":"SearchAction","target":{"@type":"EntryPoint","urlTemplate":"https:\/\/www.bellunopress.it\/?s={search_term_string}"},"query-input":{"@type":"PropertyValueSpecification","valueRequired":true,"valueName":"search_term_string"}}],"inLanguage":"fr-FR"},{"@type":"Organization","@id":"https:\/\/www.bellunopress.it\/#organization","name":"Bellunopress","url":"https:\/\/www.bellunopress.it\/","logo":{"@type":"ImageObject","inLanguage":"fr-FR","@id":"https:\/\/www.bellunopress.it\/#\/schema\/logo\/image\/","url":"https:\/\/www.bellunopress.it\/wp-content\/uploads\/2011\/05\/cropped-logo-bellunopress-.jpg","contentUrl":"https:\/\/www.bellunopress.it\/wp-content\/uploads\/2011\/05\/cropped-logo-bellunopress-.jpg","width":512,"height":512,"caption":"Bellunopress"},"image":{"@id":"https:\/\/www.bellunopress.it\/#\/schema\/logo\/image\/"},"sameAs":["https:\/\/www.facebook.com\/profile.php?id=100008943462799","https:\/\/x.com\/bellunopress","https:\/\/www.linkedin.com\/hp\/?dnr=JBzUWaJfMUw8vbXJJ2tVW5-I3jZKvC4wsoxE&amp;amp;amp;amp;amp;amp;trk=nav_responsive_tab_home","https:\/\/www.youtube.com\/channel\/UCxL0wu1uN0_3_7hGG0306cw"]},{"@type":"Person","@id":"https:\/\/www.bellunopress.it\/#\/schema\/person\/79bb06722b37ece1c03d3e94beb30d73","name":"r\u00e9daction","image":{"@type":"ImageObject","inLanguage":"fr-FR","@id":"https:\/\/secure.gravatar.com\/avatar\/37d968a2e67a6fd04c169c4bdef102d0bc5d31b2546345219e348575eb80e9a0?s=96&d=mm&r=g","url":"https:\/\/secure.gravatar.com\/avatar\/37d968a2e67a6fd04c169c4bdef102d0bc5d31b2546345219e348575eb80e9a0?s=96&d=mm&r=g","contentUrl":"https:\/\/secure.gravatar.com\/avatar\/37d968a2e67a6fd04c169c4bdef102d0bc5d31b2546345219e348575eb80e9a0?s=96&d=mm&r=g","caption":"redazione"},"sameAs":["http:\/\/www.bellunopress.it","https:\/\/x.com\/bellunopress"],"url":"https:\/\/www.bellunopress.it\/fr\/author\/redazione\/"}]}},"_links":{"self":[{"href":"https:\/\/www.bellunopress.it\/fr\/wp-json\/wp\/v2\/posts\/163809","targetHints":{"allow":["GET"]}}],"collection":[{"href":"https:\/\/www.bellunopress.it\/fr\/wp-json\/wp\/v2\/posts"}],"about":[{"href":"https:\/\/www.bellunopress.it\/fr\/wp-json\/wp\/v2\/types\/post"}],"author":[{"embeddable":true,"href":"https:\/\/www.bellunopress.it\/fr\/wp-json\/wp\/v2\/users\/2"}],"replies":[{"embeddable":true,"href":"https:\/\/www.bellunopress.it\/fr\/wp-json\/wp\/v2\/comments?post=163809"}],"version-history":[{"count":1,"href":"https:\/\/www.bellunopress.it\/fr\/wp-json\/wp\/v2\/posts\/163809\/revisions"}],"predecessor-version":[{"id":163810,"href":"https:\/\/www.bellunopress.it\/fr\/wp-json\/wp\/v2\/posts\/163809\/revisions\/163810"}],"wp:featuredmedia":[{"embeddable":true,"href":"https:\/\/www.bellunopress.it\/fr\/wp-json\/wp\/v2\/media\/122834"}],"wp:attachment":[{"href":"https:\/\/www.bellunopress.it\/fr\/wp-json\/wp\/v2\/media?parent=163809"}],"wp:term":[{"taxonomy":"category","embeddable":true,"href":"https:\/\/www.bellunopress.it\/fr\/wp-json\/wp\/v2\/categories?post=163809"},{"taxonomy":"post_tag","embeddable":true,"href":"https:\/\/www.bellunopress.it\/fr\/wp-json\/wp\/v2\/tags?post=163809"}],"curies":[{"name":"wp","href":"https:\/\/api.w.org\/{rel}","templated":true}]}}