{"id":163807,"date":"2025-10-02T16:16:26","date_gmt":"2025-10-02T14:16:26","guid":{"rendered":"https:\/\/www.bellunopress.it\/?p=163807"},"modified":"2025-10-02T16:16:26","modified_gmt":"2025-10-02T14:16:26","slug":"sanita-del-bianco-unificazione-informatica-ulss-1-e-ulss-2-qual-e-il-vero-piano-della-regione","status":"publish","type":"post","link":"https:\/\/www.bellunopress.it\/fr\/2025\/10\/02\/sanita-del-bianco-unificazione-informatica-ulss-1-e-ulss-2-qual-e-il-vero-piano-della-regione\/","title":{"rendered":"Sanit\u00e0. Del Bianco: \u00abUnificazione informatica Ulss 1 e Ulss 2. Qual \u00e8 il vero piano della Regione?"},"content":{"rendered":"<figure id=\"attachment_163675\" aria-describedby=\"caption-attachment-163675\" style=\"width: 800px\" class=\"wp-caption aligncenter\"><img loading=\"lazy\" decoding=\"async\" class=\"size-full wp-image-163675\" src=\"https:\/\/www.bellunopress.it\/wp-content\/uploads\/2025\/09\/Alessandro-Del-Bianco_edited.jpg\" alt=\"\" width=\"800\" height=\"631\" srcset=\"https:\/\/www.bellunopress.it\/wp-content\/uploads\/2025\/09\/Alessandro-Del-Bianco_edited.jpg 800w, https:\/\/www.bellunopress.it\/wp-content\/uploads\/2025\/09\/Alessandro-Del-Bianco_edited-500x394.jpg 500w, https:\/\/www.bellunopress.it\/wp-content\/uploads\/2025\/09\/Alessandro-Del-Bianco_edited-532x420.jpg 532w, https:\/\/www.bellunopress.it\/wp-content\/uploads\/2025\/09\/Alessandro-Del-Bianco_edited-696x549.jpg 696w\" sizes=\"auto, (max-width: 800px) 100vw, 800px\" \/><figcaption id=\"caption-attachment-163675\" class=\"wp-caption-text\">Alessandro Del Bianco, segretario provinciale PD e candidato alle Regionali 2025<\/figcaption><\/figure>\n<p><strong>Perch\u00e9 nessuno ne ha parlato?<\/strong><\/p>\n<p>Belluno, 2 ottobre 2025 &#8211; Com&#8217;\u00e8 possibile che una delibera regionale cos\u00ec rilevante sia<br \/>\npassata completamente sotto silenzio? Perch\u00e9 nessuno \u2013 n\u00e9 dalla Regione, n\u00e9 dalle<br \/>\ndirezioni sanitarie \u2013 ha ritenuto di comunicarla pubblicamente fino ad oggi? E soprattutto:<br \/>\nquesta unificazione informatica tra Ulss 1 Dolomiti e Ulss 2 Marca Trevigiana \u00e8 davvero solo<br \/>\nuna questione tecnica, oppure segna l&#8217;inizio di un processo di accorpamento pi\u00f9 ampio tra le due aziende sanitarie?<\/p>\n<p>Sono le domande che si pone con forza Alessandro Del Bianco, consigliere comunale a<br \/>\nFeltre, candidato alle elezioni regionali del 23 e 24 novembre con il Partito Democratico e<br \/>\nsegretario provinciale, temporaneamente autosospeso, del PD bellunese.<br \/>\n\u00abQuando pochi giorni fa, durante una ricerca sul Bollettino Ufficiale della Regione, ci siamo<br \/>\nimbattuti nella delibera di Giunta Regionale n. 854\/2025, pubblicata il 12 agosto, siamo<br \/>\nrimasti senza parole. Non solo per il contenuto tecnico, ma soprattutto per la portata<br \/>\npolitica e strategica che questa decisione pu\u00f2 avere. Ancora pi\u00f9 incredibile \u00e8 stato<br \/>\nscoprire che nessuno ne aveva parlato prima: nessuna comunicazione ufficiale, nessuna<br \/>\ninformazione ai territori\u00bb.<\/p>\n<p>Il provvedimento votato dalla Giunta Zaia, e illustrato dall\u2019assessora Manuela Lanzarin,<br \/>\nistituisce un Dipartimento interaziendale \u201cSistemi informativi per la transizione digitale\u201d tra<br \/>\nl\u2019Ulss 1 Dolomiti e l\u2019Ulss 2 Marca Trevigiana. \u00abSi parla di fatto di una vera e propria<br \/>\nfusione dipartimentale. E allora ci chiediamo: se si trattasse davvero solo di un passaggio<br \/>\ntecnico, perch\u00e9 riguarda esclusivamente l\u2019Ulss 1 Dolomiti e l\u2019Ulss 2 Marca Trevigiana? A<br \/>\nquanto ci risulta, nessun\u2019altra azienda sanitaria in Veneto ha avviato un processo<br \/>\nsimile di fusione dei servizi informatici con un\u2019altra Ulss. Perch\u00e9 proprio Belluno?<br \/>\nPerch\u00e9 sempre Belluno?\u00bb<\/p>\n<p>Le preoccupazioni si inseriscono in un contesto gi\u00e0 critico: l&#8217;Ulss 1 Dolomiti \u00e8 l\u2019unica in<br \/>\nVeneto a non avere un direttore generale, ma un commissario il cui incarico scade solo<br \/>\nnella primavera del 2026, dopo Olimpiadi e Paralimpiadi. Una scelta temporanea che, unita<br \/>\na questa nuova delibera, lascia intravedere un disegno pi\u00f9 ampio di riorganizzazione, se non di vera e propria fusione.<\/p>\n<p>\u00abSi tratta forse di una razionalizzazione sanitaria mascherata?\u00bb chiede Del Bianco. \u00abE i<br \/>\nrappresentanti locali? Sono stati informati? I sindaci di Belluno e Feltre, che ricoprono a<br \/>\nrotazione il ruolo di presidente e vicepresidente della conferenza dei sindaci dell&#8217;Ulss<br \/>\n1, sapevano di questa delibera?<\/p>\n<p>A giudicare dalle parole evasive pronunciate dalla sindaca Fusaro in consiglio comunale a Feltre, sembrerebbe proprio di no. E Oscar De Pellegrin, sindaco del capoluogo, \u00e8 stato messo al corrente? E se s\u00ec, perch\u00e9 non ha detto nulla? Perch\u00e9 non \u00e8 mai stata data una comunicazione pubblica trasparente?\u00bb<\/p>\n<p>I cittadini hanno diritto di sapere cosa sta accadendo \u2013 e soprattutto cosa accadr\u00e0 nei<br \/>\nprossimi mesi. A fronte di un progressivo svuotamento dei servizi, \u00e8 lecito chiedersi se il<br \/>\ndestino dell\u2019Ulss Dolomiti sia segnato. Serve un chiarimento immediato e pubblico: la<br \/>\npolitica regionale deve rispondere.<\/p>\n<p>Di fronte a questo scenario, rivolgiamo un appello chiaro alla politica regionale, a partire<br \/>\ndal presidente della Giunta e dall\u2019assessore alla sanit\u00e0, ma anche a tutti i<br \/>\nrappresentanti parlamentari veneti, in particolare quelli eletti in provincia di Belluno: \u00e8<br \/>\nnecessario fare immediatamente chiarezza su quanto sta accadendo.<\/p>\n<p>Francamente, questi segnali non sembrano affatto denotare attenzione della giunta<br \/>\nregionale per la sanit\u00e0 bellunese. Tutt&#8217;altro. Il rischio che anche l\u2019Ulss, come troppo<br \/>\nspesso gi\u00e0 avvenuto con altri servizi pubblici, venga \u201ctrascinata a valle\u201d \u00e8 uno<br \/>\nscenario che non ci possiamo permettere, tanto meno in un territorio difficile, fragile e<br \/>\ncomplesso come il nostro.<\/p>","protected":false},"excerpt":{"rendered":"<p>Perch\u00e9 nessuno ne ha parlato? Belluno, 2 ottobre 2025 &#8211; Com&#8217;\u00e8 possibile che una delibera regionale cos\u00ec rilevante sia passata completamente sotto silenzio? Perch\u00e9 nessuno \u2013 n\u00e9 dalla Regione, n\u00e9 dalle direzioni sanitarie \u2013 ha ritenuto di comunicarla pubblicamente fino ad oggi? E soprattutto: questa unificazione informatica tra Ulss 1 Dolomiti e Ulss 2 Marca [&hellip;]<\/p>\n","protected":false},"author":2,"featured_media":163675,"comment_status":"closed","ping_status":"open","sticky":false,"template":"","format":"standard","meta":{"footnotes":""},"categories":[5,3446,26,17],"tags":[],"class_list":["post-163807","post","type-post","status-publish","format-standard","has-post-thumbnail","category-cronaca","category-featured","category-prima-pagina","category-sanita"],"yoast_head":"<!-- This site is optimized with the Yoast SEO plugin v28.4 - https:\/\/yoast.com\/product\/yoast-seo-wordpress\/ -->\n<title>Sanit\u00e0. Del Bianco: \u00abUnificazione informatica Ulss 1 e Ulss 2. Qual \u00e8 il vero piano della Regione? - Bellunopress - Dolomiti<\/title>\n<meta name=\"robots\" content=\"index, follow, max-snippet:-1, max-image-preview:large, max-video-preview:-1\" \/>\n<link rel=\"canonical\" href=\"https:\/\/www.bellunopress.it\/fr\/2025\/10\/02\/sanita-del-bianco-unificazione-informatica-ulss-1-e-ulss-2-qual-e-il-vero-piano-della-regione\/\" \/>\n<meta property=\"og:locale\" content=\"fr_FR\" \/>\n<meta property=\"og:type\" content=\"article\" \/>\n<meta property=\"og:title\" content=\"Sanit\u00e0. Del Bianco: \u00abUnificazione informatica Ulss 1 e Ulss 2. Qual \u00e8 il vero piano della Regione? - Bellunopress - Dolomiti\" \/>\n<meta property=\"og:description\" content=\"Perch\u00e9 nessuno ne ha parlato? Belluno, 2 ottobre 2025 &#8211; Com&#8217;\u00e8 possibile che una delibera regionale cos\u00ec rilevante sia passata completamente sotto silenzio? Perch\u00e9 nessuno \u2013 n\u00e9 dalla Regione, n\u00e9 dalle direzioni sanitarie \u2013 ha ritenuto di comunicarla pubblicamente fino ad oggi? E soprattutto: questa unificazione informatica tra Ulss 1 Dolomiti e Ulss 2 Marca [&hellip;]\" \/>\n<meta property=\"og:url\" content=\"https:\/\/www.bellunopress.it\/fr\/2025\/10\/02\/sanita-del-bianco-unificazione-informatica-ulss-1-e-ulss-2-qual-e-il-vero-piano-della-regione\/\" \/>\n<meta property=\"og:site_name\" content=\"Bellunopress - Dolomiti\" \/>\n<meta property=\"article:publisher\" content=\"https:\/\/www.facebook.com\/profile.php?id=100008943462799\" \/>\n<meta property=\"article:published_time\" content=\"2025-10-02T14:16:26+00:00\" \/>\n<meta property=\"og:image\" content=\"https:\/\/www.bellunopress.it\/wp-content\/uploads\/2025\/09\/Alessandro-Del-Bianco_edited.jpg\" \/>\n\t<meta property=\"og:image:width\" content=\"800\" \/>\n\t<meta property=\"og:image:height\" content=\"631\" \/>\n\t<meta property=\"og:image:type\" content=\"image\/jpeg\" \/>\n<meta name=\"author\" content=\"redazione\" \/>\n<meta name=\"twitter:card\" content=\"summary_large_image\" \/>\n<meta name=\"twitter:creator\" content=\"@bellunopress\" \/>\n<meta name=\"twitter:site\" content=\"@bellunopress\" \/>\n<meta name=\"twitter:label1\" content=\"\u00c9crit par\" \/>\n\t<meta name=\"twitter:data1\" content=\"redazione\" \/>\n\t<meta name=\"twitter:label2\" content=\"Dur\u00e9e de lecture estim\u00e9e\" \/>\n\t<meta name=\"twitter:data2\" content=\"3 minutes\" \/>\n<script type=\"application\/ld+json\" class=\"yoast-schema-graph\">{\"@context\":\"https:\\\/\\\/schema.org\",\"@graph\":[{\"@type\":\"Article\",\"@id\":\"https:\\\/\\\/www.bellunopress.it\\\/2025\\\/10\\\/02\\\/sanita-del-bianco-unificazione-informatica-ulss-1-e-ulss-2-qual-e-il-vero-piano-della-regione\\\/#article\",\"isPartOf\":{\"@id\":\"https:\\\/\\\/www.bellunopress.it\\\/2025\\\/10\\\/02\\\/sanita-del-bianco-unificazione-informatica-ulss-1-e-ulss-2-qual-e-il-vero-piano-della-regione\\\/\"},\"author\":{\"name\":\"redazione\",\"@id\":\"https:\\\/\\\/www.bellunopress.it\\\/#\\\/schema\\\/person\\\/79bb06722b37ece1c03d3e94beb30d73\"},\"headline\":\"Sanit\u00e0. Del Bianco: \u00abUnificazione informatica Ulss 1 e Ulss 2. Qual \u00e8 il vero piano della Regione?\",\"datePublished\":\"2025-10-02T14:16:26+00:00\",\"mainEntityOfPage\":{\"@id\":\"https:\\\/\\\/www.bellunopress.it\\\/2025\\\/10\\\/02\\\/sanita-del-bianco-unificazione-informatica-ulss-1-e-ulss-2-qual-e-il-vero-piano-della-regione\\\/\"},\"wordCount\":595,\"publisher\":{\"@id\":\"https:\\\/\\\/www.bellunopress.it\\\/#organization\"},\"image\":{\"@id\":\"https:\\\/\\\/www.bellunopress.it\\\/2025\\\/10\\\/02\\\/sanita-del-bianco-unificazione-informatica-ulss-1-e-ulss-2-qual-e-il-vero-piano-della-regione\\\/#primaryimage\"},\"thumbnailUrl\":\"https:\\\/\\\/www.bellunopress.it\\\/wp-content\\\/uploads\\\/2025\\\/09\\\/Alessandro-Del-Bianco_edited.jpg\",\"articleSection\":[\"Cronaca\\\/Politica\",\"Featured\",\"Prima Pagina\",\"Sanit\u00e0 Medicina\"],\"inLanguage\":\"fr-FR\"},{\"@type\":\"WebPage\",\"@id\":\"https:\\\/\\\/www.bellunopress.it\\\/2025\\\/10\\\/02\\\/sanita-del-bianco-unificazione-informatica-ulss-1-e-ulss-2-qual-e-il-vero-piano-della-regione\\\/\",\"url\":\"https:\\\/\\\/www.bellunopress.it\\\/2025\\\/10\\\/02\\\/sanita-del-bianco-unificazione-informatica-ulss-1-e-ulss-2-qual-e-il-vero-piano-della-regione\\\/\",\"name\":\"Sanit\u00e0. Del Bianco: \u00abUnificazione informatica Ulss 1 e Ulss 2. Qual \u00e8 il vero piano della Regione? - Bellunopress - Dolomiti\",\"isPartOf\":{\"@id\":\"https:\\\/\\\/www.bellunopress.it\\\/#website\"},\"primaryImageOfPage\":{\"@id\":\"https:\\\/\\\/www.bellunopress.it\\\/2025\\\/10\\\/02\\\/sanita-del-bianco-unificazione-informatica-ulss-1-e-ulss-2-qual-e-il-vero-piano-della-regione\\\/#primaryimage\"},\"image\":{\"@id\":\"https:\\\/\\\/www.bellunopress.it\\\/2025\\\/10\\\/02\\\/sanita-del-bianco-unificazione-informatica-ulss-1-e-ulss-2-qual-e-il-vero-piano-della-regione\\\/#primaryimage\"},\"thumbnailUrl\":\"https:\\\/\\\/www.bellunopress.it\\\/wp-content\\\/uploads\\\/2025\\\/09\\\/Alessandro-Del-Bianco_edited.jpg\",\"datePublished\":\"2025-10-02T14:16:26+00:00\",\"breadcrumb\":{\"@id\":\"https:\\\/\\\/www.bellunopress.it\\\/2025\\\/10\\\/02\\\/sanita-del-bianco-unificazione-informatica-ulss-1-e-ulss-2-qual-e-il-vero-piano-della-regione\\\/#breadcrumb\"},\"inLanguage\":\"fr-FR\",\"potentialAction\":[{\"@type\":\"ReadAction\",\"target\":[\"https:\\\/\\\/www.bellunopress.it\\\/2025\\\/10\\\/02\\\/sanita-del-bianco-unificazione-informatica-ulss-1-e-ulss-2-qual-e-il-vero-piano-della-regione\\\/\"]}]},{\"@type\":\"ImageObject\",\"inLanguage\":\"fr-FR\",\"@id\":\"https:\\\/\\\/www.bellunopress.it\\\/2025\\\/10\\\/02\\\/sanita-del-bianco-unificazione-informatica-ulss-1-e-ulss-2-qual-e-il-vero-piano-della-regione\\\/#primaryimage\",\"url\":\"https:\\\/\\\/www.bellunopress.it\\\/wp-content\\\/uploads\\\/2025\\\/09\\\/Alessandro-Del-Bianco_edited.jpg\",\"contentUrl\":\"https:\\\/\\\/www.bellunopress.it\\\/wp-content\\\/uploads\\\/2025\\\/09\\\/Alessandro-Del-Bianco_edited.jpg\",\"width\":800,\"height\":631,\"caption\":\"Alessandro Del Bianco, consigliere regionale\"},{\"@type\":\"BreadcrumbList\",\"@id\":\"https:\\\/\\\/www.bellunopress.it\\\/2025\\\/10\\\/02\\\/sanita-del-bianco-unificazione-informatica-ulss-1-e-ulss-2-qual-e-il-vero-piano-della-regione\\\/#breadcrumb\",\"itemListElement\":[{\"@type\":\"ListItem\",\"position\":1,\"name\":\"Home\",\"item\":\"https:\\\/\\\/www.bellunopress.it\\\/\"},{\"@type\":\"ListItem\",\"position\":2,\"name\":\"Sanit\u00e0. Del Bianco: \u00abUnificazione informatica Ulss 1 e Ulss 2. Qual \u00e8 il vero piano della Regione?\"}]},{\"@type\":\"WebSite\",\"@id\":\"https:\\\/\\\/www.bellunopress.it\\\/#website\",\"url\":\"https:\\\/\\\/www.bellunopress.it\\\/\",\"name\":\"Bellunopress - Dolomiti\",\"description\":\"e-mail: redazione@bellunopress.it\",\"publisher\":{\"@id\":\"https:\\\/\\\/www.bellunopress.it\\\/#organization\"},\"potentialAction\":[{\"@type\":\"SearchAction\",\"target\":{\"@type\":\"EntryPoint\",\"urlTemplate\":\"https:\\\/\\\/www.bellunopress.it\\\/?s={search_term_string}\"},\"query-input\":{\"@type\":\"PropertyValueSpecification\",\"valueRequired\":true,\"valueName\":\"search_term_string\"}}],\"inLanguage\":\"fr-FR\"},{\"@type\":\"Organization\",\"@id\":\"https:\\\/\\\/www.bellunopress.it\\\/#organization\",\"name\":\"Bellunopress\",\"url\":\"https:\\\/\\\/www.bellunopress.it\\\/\",\"logo\":{\"@type\":\"ImageObject\",\"inLanguage\":\"fr-FR\",\"@id\":\"https:\\\/\\\/www.bellunopress.it\\\/#\\\/schema\\\/logo\\\/image\\\/\",\"url\":\"https:\\\/\\\/www.bellunopress.it\\\/wp-content\\\/uploads\\\/2011\\\/05\\\/cropped-logo-bellunopress-.jpg\",\"contentUrl\":\"https:\\\/\\\/www.bellunopress.it\\\/wp-content\\\/uploads\\\/2011\\\/05\\\/cropped-logo-bellunopress-.jpg\",\"width\":512,\"height\":512,\"caption\":\"Bellunopress\"},\"image\":{\"@id\":\"https:\\\/\\\/www.bellunopress.it\\\/#\\\/schema\\\/logo\\\/image\\\/\"},\"sameAs\":[\"https:\\\/\\\/www.facebook.com\\\/profile.php?id=100008943462799\",\"https:\\\/\\\/x.com\\\/bellunopress\",\"https:\\\/\\\/www.linkedin.com\\\/hp\\\/?dnr=JBzUWaJfMUw8vbXJJ2tVW5-I3jZKvC4wsoxE&amp;amp;amp;amp;amp;amp;trk=nav_responsive_tab_home\",\"https:\\\/\\\/www.youtube.com\\\/channel\\\/UCxL0wu1uN0_3_7hGG0306cw\"]},{\"@type\":\"Person\",\"@id\":\"https:\\\/\\\/www.bellunopress.it\\\/#\\\/schema\\\/person\\\/79bb06722b37ece1c03d3e94beb30d73\",\"name\":\"redazione\",\"image\":{\"@type\":\"ImageObject\",\"inLanguage\":\"fr-FR\",\"@id\":\"https:\\\/\\\/secure.gravatar.com\\\/avatar\\\/37d968a2e67a6fd04c169c4bdef102d0bc5d31b2546345219e348575eb80e9a0?s=96&d=mm&r=g\",\"url\":\"https:\\\/\\\/secure.gravatar.com\\\/avatar\\\/37d968a2e67a6fd04c169c4bdef102d0bc5d31b2546345219e348575eb80e9a0?s=96&d=mm&r=g\",\"contentUrl\":\"https:\\\/\\\/secure.gravatar.com\\\/avatar\\\/37d968a2e67a6fd04c169c4bdef102d0bc5d31b2546345219e348575eb80e9a0?s=96&d=mm&r=g\",\"caption\":\"redazione\"},\"sameAs\":[\"http:\\\/\\\/www.bellunopress.it\",\"https:\\\/\\\/x.com\\\/bellunopress\"],\"url\":\"https:\\\/\\\/www.bellunopress.it\\\/fr\\\/author\\\/redazione\\\/\"}]}<\/script>\n<!-- \/ Yoast SEO plugin. -->","yoast_head_json":{"title":"Sanit\u00e0. Del Bianco: \u00abUnificazione informatica Ulss 1 e Ulss 2. Qual \u00e8 il vero piano della Regione? - Bellunopress - Dolomiti","robots":{"index":"index","follow":"follow","max-snippet":"max-snippet:-1","max-image-preview":"max-image-preview:large","max-video-preview":"max-video-preview:-1"},"canonical":"https:\/\/www.bellunopress.it\/fr\/2025\/10\/02\/sanita-del-bianco-unificazione-informatica-ulss-1-e-ulss-2-qual-e-il-vero-piano-della-regione\/","og_locale":"fr_FR","og_type":"article","og_title":"Sanit\u00e0. Del Bianco: \u00abUnificazione informatica Ulss 1 e Ulss 2. Qual \u00e8 il vero piano della Regione? - Bellunopress - Dolomiti","og_description":"Perch\u00e9 nessuno ne ha parlato? Belluno, 2 ottobre 2025 &#8211; Com&#8217;\u00e8 possibile che una delibera regionale cos\u00ec rilevante sia passata completamente sotto silenzio? Perch\u00e9 nessuno \u2013 n\u00e9 dalla Regione, n\u00e9 dalle direzioni sanitarie \u2013 ha ritenuto di comunicarla pubblicamente fino ad oggi? E soprattutto: questa unificazione informatica tra Ulss 1 Dolomiti e Ulss 2 Marca [&hellip;]","og_url":"https:\/\/www.bellunopress.it\/fr\/2025\/10\/02\/sanita-del-bianco-unificazione-informatica-ulss-1-e-ulss-2-qual-e-il-vero-piano-della-regione\/","og_site_name":"Bellunopress - Dolomiti","article_publisher":"https:\/\/www.facebook.com\/profile.php?id=100008943462799","article_published_time":"2025-10-02T14:16:26+00:00","og_image":[{"width":800,"height":631,"url":"https:\/\/www.bellunopress.it\/wp-content\/uploads\/2025\/09\/Alessandro-Del-Bianco_edited.jpg","type":"image\/jpeg"}],"author":"redazione","twitter_card":"summary_large_image","twitter_creator":"@bellunopress","twitter_site":"@bellunopress","twitter_misc":{"\u00c9crit par":"redazione","Dur\u00e9e de lecture estim\u00e9e":"3 minutes"},"schema":{"@context":"https:\/\/schema.org","@graph":[{"@type":"Article","@id":"https:\/\/www.bellunopress.it\/2025\/10\/02\/sanita-del-bianco-unificazione-informatica-ulss-1-e-ulss-2-qual-e-il-vero-piano-della-regione\/#article","isPartOf":{"@id":"https:\/\/www.bellunopress.it\/2025\/10\/02\/sanita-del-bianco-unificazione-informatica-ulss-1-e-ulss-2-qual-e-il-vero-piano-della-regione\/"},"author":{"name":"redazione","@id":"https:\/\/www.bellunopress.it\/#\/schema\/person\/79bb06722b37ece1c03d3e94beb30d73"},"headline":"Sanit\u00e0. Del Bianco: \u00abUnificazione informatica Ulss 1 e Ulss 2. Qual \u00e8 il vero piano della Regione?","datePublished":"2025-10-02T14:16:26+00:00","mainEntityOfPage":{"@id":"https:\/\/www.bellunopress.it\/2025\/10\/02\/sanita-del-bianco-unificazione-informatica-ulss-1-e-ulss-2-qual-e-il-vero-piano-della-regione\/"},"wordCount":595,"publisher":{"@id":"https:\/\/www.bellunopress.it\/#organization"},"image":{"@id":"https:\/\/www.bellunopress.it\/2025\/10\/02\/sanita-del-bianco-unificazione-informatica-ulss-1-e-ulss-2-qual-e-il-vero-piano-della-regione\/#primaryimage"},"thumbnailUrl":"https:\/\/www.bellunopress.it\/wp-content\/uploads\/2025\/09\/Alessandro-Del-Bianco_edited.jpg","articleSection":["Cronaca\/Politica","Featured","Prima Pagina","Sanit\u00e0 Medicina"],"inLanguage":"fr-FR"},{"@type":"WebPage","@id":"https:\/\/www.bellunopress.it\/2025\/10\/02\/sanita-del-bianco-unificazione-informatica-ulss-1-e-ulss-2-qual-e-il-vero-piano-della-regione\/","url":"https:\/\/www.bellunopress.it\/2025\/10\/02\/sanita-del-bianco-unificazione-informatica-ulss-1-e-ulss-2-qual-e-il-vero-piano-della-regione\/","name":"Sanit\u00e0. Del Bianco: \u00abUnificazione informatica Ulss 1 e Ulss 2. Qual \u00e8 il vero piano della Regione? - Bellunopress - Dolomiti","isPartOf":{"@id":"https:\/\/www.bellunopress.it\/#website"},"primaryImageOfPage":{"@id":"https:\/\/www.bellunopress.it\/2025\/10\/02\/sanita-del-bianco-unificazione-informatica-ulss-1-e-ulss-2-qual-e-il-vero-piano-della-regione\/#primaryimage"},"image":{"@id":"https:\/\/www.bellunopress.it\/2025\/10\/02\/sanita-del-bianco-unificazione-informatica-ulss-1-e-ulss-2-qual-e-il-vero-piano-della-regione\/#primaryimage"},"thumbnailUrl":"https:\/\/www.bellunopress.it\/wp-content\/uploads\/2025\/09\/Alessandro-Del-Bianco_edited.jpg","datePublished":"2025-10-02T14:16:26+00:00","breadcrumb":{"@id":"https:\/\/www.bellunopress.it\/2025\/10\/02\/sanita-del-bianco-unificazione-informatica-ulss-1-e-ulss-2-qual-e-il-vero-piano-della-regione\/#breadcrumb"},"inLanguage":"fr-FR","potentialAction":[{"@type":"ReadAction","target":["https:\/\/www.bellunopress.it\/2025\/10\/02\/sanita-del-bianco-unificazione-informatica-ulss-1-e-ulss-2-qual-e-il-vero-piano-della-regione\/"]}]},{"@type":"ImageObject","inLanguage":"fr-FR","@id":"https:\/\/www.bellunopress.it\/2025\/10\/02\/sanita-del-bianco-unificazione-informatica-ulss-1-e-ulss-2-qual-e-il-vero-piano-della-regione\/#primaryimage","url":"https:\/\/www.bellunopress.it\/wp-content\/uploads\/2025\/09\/Alessandro-Del-Bianco_edited.jpg","contentUrl":"https:\/\/www.bellunopress.it\/wp-content\/uploads\/2025\/09\/Alessandro-Del-Bianco_edited.jpg","width":800,"height":631,"caption":"Alessandro Del Bianco, consigliere regionale"},{"@type":"BreadcrumbList","@id":"https:\/\/www.bellunopress.it\/2025\/10\/02\/sanita-del-bianco-unificazione-informatica-ulss-1-e-ulss-2-qual-e-il-vero-piano-della-regione\/#breadcrumb","itemListElement":[{"@type":"ListItem","position":1,"name":"Home","item":"https:\/\/www.bellunopress.it\/"},{"@type":"ListItem","position":2,"name":"Sanit\u00e0. Del Bianco: \u00abUnificazione informatica Ulss 1 e Ulss 2. Qual \u00e8 il vero piano della Regione?"}]},{"@type":"WebSite","@id":"https:\/\/www.bellunopress.it\/#website","url":"https:\/\/www.bellunopress.it\/","name":"Bellunopress - Dolomiti","description":"e-mail: redazione@bellunopress.it","publisher":{"@id":"https:\/\/www.bellunopress.it\/#organization"},"potentialAction":[{"@type":"SearchAction","target":{"@type":"EntryPoint","urlTemplate":"https:\/\/www.bellunopress.it\/?s={search_term_string}"},"query-input":{"@type":"PropertyValueSpecification","valueRequired":true,"valueName":"search_term_string"}}],"inLanguage":"fr-FR"},{"@type":"Organization","@id":"https:\/\/www.bellunopress.it\/#organization","name":"Bellunopress","url":"https:\/\/www.bellunopress.it\/","logo":{"@type":"ImageObject","inLanguage":"fr-FR","@id":"https:\/\/www.bellunopress.it\/#\/schema\/logo\/image\/","url":"https:\/\/www.bellunopress.it\/wp-content\/uploads\/2011\/05\/cropped-logo-bellunopress-.jpg","contentUrl":"https:\/\/www.bellunopress.it\/wp-content\/uploads\/2011\/05\/cropped-logo-bellunopress-.jpg","width":512,"height":512,"caption":"Bellunopress"},"image":{"@id":"https:\/\/www.bellunopress.it\/#\/schema\/logo\/image\/"},"sameAs":["https:\/\/www.facebook.com\/profile.php?id=100008943462799","https:\/\/x.com\/bellunopress","https:\/\/www.linkedin.com\/hp\/?dnr=JBzUWaJfMUw8vbXJJ2tVW5-I3jZKvC4wsoxE&amp;amp;amp;amp;amp;amp;trk=nav_responsive_tab_home","https:\/\/www.youtube.com\/channel\/UCxL0wu1uN0_3_7hGG0306cw"]},{"@type":"Person","@id":"https:\/\/www.bellunopress.it\/#\/schema\/person\/79bb06722b37ece1c03d3e94beb30d73","name":"r\u00e9daction","image":{"@type":"ImageObject","inLanguage":"fr-FR","@id":"https:\/\/secure.gravatar.com\/avatar\/37d968a2e67a6fd04c169c4bdef102d0bc5d31b2546345219e348575eb80e9a0?s=96&d=mm&r=g","url":"https:\/\/secure.gravatar.com\/avatar\/37d968a2e67a6fd04c169c4bdef102d0bc5d31b2546345219e348575eb80e9a0?s=96&d=mm&r=g","contentUrl":"https:\/\/secure.gravatar.com\/avatar\/37d968a2e67a6fd04c169c4bdef102d0bc5d31b2546345219e348575eb80e9a0?s=96&d=mm&r=g","caption":"redazione"},"sameAs":["http:\/\/www.bellunopress.it","https:\/\/x.com\/bellunopress"],"url":"https:\/\/www.bellunopress.it\/fr\/author\/redazione\/"}]}},"_links":{"self":[{"href":"https:\/\/www.bellunopress.it\/fr\/wp-json\/wp\/v2\/posts\/163807","targetHints":{"allow":["GET"]}}],"collection":[{"href":"https:\/\/www.bellunopress.it\/fr\/wp-json\/wp\/v2\/posts"}],"about":[{"href":"https:\/\/www.bellunopress.it\/fr\/wp-json\/wp\/v2\/types\/post"}],"author":[{"embeddable":true,"href":"https:\/\/www.bellunopress.it\/fr\/wp-json\/wp\/v2\/users\/2"}],"replies":[{"embeddable":true,"href":"https:\/\/www.bellunopress.it\/fr\/wp-json\/wp\/v2\/comments?post=163807"}],"version-history":[{"count":1,"href":"https:\/\/www.bellunopress.it\/fr\/wp-json\/wp\/v2\/posts\/163807\/revisions"}],"predecessor-version":[{"id":163808,"href":"https:\/\/www.bellunopress.it\/fr\/wp-json\/wp\/v2\/posts\/163807\/revisions\/163808"}],"wp:featuredmedia":[{"embeddable":true,"href":"https:\/\/www.bellunopress.it\/fr\/wp-json\/wp\/v2\/media\/163675"}],"wp:attachment":[{"href":"https:\/\/www.bellunopress.it\/fr\/wp-json\/wp\/v2\/media?parent=163807"}],"wp:term":[{"taxonomy":"category","embeddable":true,"href":"https:\/\/www.bellunopress.it\/fr\/wp-json\/wp\/v2\/categories?post=163807"},{"taxonomy":"post_tag","embeddable":true,"href":"https:\/\/www.bellunopress.it\/fr\/wp-json\/wp\/v2\/tags?post=163807"}],"curies":[{"name":"wp","href":"https:\/\/api.w.org\/{rel}","templated":true}]}}