{"id":163730,"date":"2025-09-30T08:55:06","date_gmt":"2025-09-30T06:55:06","guid":{"rendered":"https:\/\/www.bellunopress.it\/?p=163730"},"modified":"2025-09-30T08:55:06","modified_gmt":"2025-09-30T06:55:06","slug":"cortina-e-laeroporto-di-venezia-insieme-per-promuovere-la-regina-delle-dolomiti-con-una-campagna-di-marketing","status":"publish","type":"post","link":"https:\/\/www.bellunopress.it\/fr\/2025\/09\/30\/cortina-e-laeroporto-di-venezia-insieme-per-promuovere-la-regina-delle-dolomiti-con-una-campagna-di-marketing\/","title":{"rendered":"Cortina e l\u2019Aeroporto di Venezia insieme per promuovere la Regina delle Dolomiti con una campagna di marketing"},"content":{"rendered":"<p><img loading=\"lazy\" decoding=\"async\" class=\"aligncenter size-full wp-image-163731\" src=\"https:\/\/www.bellunopress.it\/wp-content\/uploads\/2025\/09\/aeroporto-marco-polo-VE_edited.jpg\" alt=\"\" width=\"800\" height=\"505\" srcset=\"https:\/\/www.bellunopress.it\/wp-content\/uploads\/2025\/09\/aeroporto-marco-polo-VE_edited.jpg 800w, https:\/\/www.bellunopress.it\/wp-content\/uploads\/2025\/09\/aeroporto-marco-polo-VE_edited-500x316.jpg 500w, https:\/\/www.bellunopress.it\/wp-content\/uploads\/2025\/09\/aeroporto-marco-polo-VE_edited-665x420.jpg 665w, https:\/\/www.bellunopress.it\/wp-content\/uploads\/2025\/09\/aeroporto-marco-polo-VE_edited-696x439.jpg 696w\" sizes=\"auto, (max-width: 800px) 100vw, 800px\" \/>Cortina d\u2019Ampezzo &#8211; Venezia, 30 settembre 2025<br \/>\nCortina d\u2019Ampezzo e l\u2019Aeroporto \u201cMarco Polo\u201d di Venezia rafforzano la loro collaborazione con la campagna di marketing territoriale \u201cJust 2 hours away from here!\u201d esposta nell\u2019area arrivi del terminal, che ricorda ai passeggeri la vicinanza di Cortina e delle Dolomiti, raggiungibili dallo scalo di Venezia in sole due ore di viaggio.<\/p>\n<p>Un richiamo realizzato attraverso immagini suggestive delle montagne pi\u00f9 rappresentative di Cortina, accompagnate dall\u2019iconico simbolo dello scoiattolo rosso, inserite nell\u2019area di<br \/>\nriconsegna bagagli che diviene vetrina internazionale per la Regina delle Dolomiti.<br \/>\nL\u2019iniziativa, che nasce da un accordo tra Cortina Marketing e il Gruppo SAVE, \u00e8 finalizzata in<br \/>\nparticolare a sensibilizzare i viaggiatori provenienti da destinazioni di lungo raggio, che<br \/>\ncompongono un segmento di traffico in continua espansione al Marco Polo.<\/p>\n<p>\u201cL\u2019aeroporto di Venezia \u00e8 di fatto l\u2019aeroporto di Cortina d\u2019Ampezzo. Per questo motivo siamo<br \/>\norgogliosi della partnership stretta con Save che promuove l\u2019immagine di Cortina nell\u2019area arrivi dello scalo veneziano. In questo momento in cui Cortina e il resto del territorio \u00e8 lanciata verso uno sviluppo turistico internazionale, a seguito della visibilit\u00e0 che le Olimpiadi e Paralimpiadi ci daranno, diventano fondamentali tutte le sinergie con le realt\u00e0 interessate a collaborare a tale sviluppo. Cortina Marketing sta facendo un ottimo lavoro proprio per favorire queste collaborazioni\u201d \u2013 ha dichiarato Roberta Alver\u00e0, Vicesindaco di Cortina d\u2019Ampezzo.<br \/>\n\u201cLa collaborazione con Cortina Marketing, nel dare seguito a quanto gi\u00e0 avviato con la<br \/>\nFondazione Dolomiti Bellunesi, si inserisce nel nostro obiettivo di riduzione della stagionalit\u00e0 dei flussi di traffico dell\u2019aeroporto di Venezia, prolungandoli nel periodo invernale. A meno di 140 giorni dall\u2019evento delle Olimpiadi e Paralimpiadi, per il quale il Marco Polo \u00e8 porta ufficiale d\u2019ingresso per il Nord Est, richiamare la vicinanza di Cortina e delle Dolomiti all\u2019aeroporto \u00e8 un\u2019occasione preziosa per rafforzare insieme questo messaggio\u201d \u2013 ha affermato Camillo Bozzolo, Direttore Sviluppo Aviation del Gruppo SAVE.<\/p>","protected":false},"excerpt":{"rendered":"<p>Cortina d\u2019Ampezzo &#8211; Venezia, 30 settembre 2025 Cortina d\u2019Ampezzo e l\u2019Aeroporto \u201cMarco Polo\u201d di Venezia rafforzano la loro collaborazione con la campagna di marketing territoriale \u201cJust 2 hours away from here!\u201d esposta nell\u2019area arrivi del terminal, che ricorda ai passeggeri la vicinanza di Cortina e delle Dolomiti, raggiungibili dallo scalo di Venezia in sole due [&hellip;]<\/p>\n","protected":false},"author":2,"featured_media":163731,"comment_status":"closed","ping_status":"open","sticky":false,"template":"","format":"standard","meta":{"footnotes":""},"categories":[36,26],"tags":[],"class_list":["post-163730","post","type-post","status-publish","format-standard","has-post-thumbnail","category-lavoro-economia","category-prima-pagina"],"yoast_head":"<!-- This site is optimized with the Yoast SEO plugin v28.4 - https:\/\/yoast.com\/product\/yoast-seo-wordpress\/ -->\n<title>Cortina e l\u2019Aeroporto di Venezia insieme per promuovere la Regina delle Dolomiti con una campagna di marketing - Bellunopress - Dolomiti<\/title>\n<meta name=\"robots\" content=\"index, follow, max-snippet:-1, max-image-preview:large, max-video-preview:-1\" \/>\n<link rel=\"canonical\" href=\"https:\/\/www.bellunopress.it\/fr\/2025\/09\/30\/cortina-e-laeroporto-di-venezia-insieme-per-promuovere-la-regina-delle-dolomiti-con-una-campagna-di-marketing\/\" \/>\n<meta property=\"og:locale\" content=\"fr_FR\" \/>\n<meta property=\"og:type\" content=\"article\" \/>\n<meta property=\"og:title\" content=\"Cortina e l\u2019Aeroporto di Venezia insieme per promuovere la Regina delle Dolomiti con una campagna di marketing - Bellunopress - Dolomiti\" \/>\n<meta property=\"og:description\" content=\"Cortina d\u2019Ampezzo &#8211; Venezia, 30 settembre 2025 Cortina d\u2019Ampezzo e l\u2019Aeroporto \u201cMarco Polo\u201d di Venezia rafforzano la loro collaborazione con la campagna di marketing territoriale \u201cJust 2 hours away from here!\u201d esposta nell\u2019area arrivi del terminal, che ricorda ai passeggeri la vicinanza di Cortina e delle Dolomiti, raggiungibili dallo scalo di Venezia in sole due [&hellip;]\" \/>\n<meta property=\"og:url\" content=\"https:\/\/www.bellunopress.it\/fr\/2025\/09\/30\/cortina-e-laeroporto-di-venezia-insieme-per-promuovere-la-regina-delle-dolomiti-con-una-campagna-di-marketing\/\" \/>\n<meta property=\"og:site_name\" content=\"Bellunopress - Dolomiti\" \/>\n<meta property=\"article:publisher\" content=\"https:\/\/www.facebook.com\/profile.php?id=100008943462799\" \/>\n<meta property=\"article:published_time\" content=\"2025-09-30T06:55:06+00:00\" \/>\n<meta property=\"og:image\" content=\"https:\/\/www.bellunopress.it\/wp-content\/uploads\/2025\/09\/aeroporto-marco-polo-VE_edited.jpg\" \/>\n\t<meta property=\"og:image:width\" content=\"800\" \/>\n\t<meta property=\"og:image:height\" content=\"505\" \/>\n\t<meta property=\"og:image:type\" content=\"image\/jpeg\" \/>\n<meta name=\"author\" content=\"redazione\" \/>\n<meta name=\"twitter:card\" content=\"summary_large_image\" \/>\n<meta name=\"twitter:creator\" content=\"@bellunopress\" \/>\n<meta name=\"twitter:site\" content=\"@bellunopress\" \/>\n<meta name=\"twitter:label1\" content=\"\u00c9crit par\" \/>\n\t<meta name=\"twitter:data1\" content=\"redazione\" \/>\n\t<meta name=\"twitter:label2\" content=\"Dur\u00e9e de lecture estim\u00e9e\" \/>\n\t<meta name=\"twitter:data2\" content=\"2 minutes\" \/>\n<script type=\"application\/ld+json\" class=\"yoast-schema-graph\">{\"@context\":\"https:\\\/\\\/schema.org\",\"@graph\":[{\"@type\":\"Article\",\"@id\":\"https:\\\/\\\/www.bellunopress.it\\\/2025\\\/09\\\/30\\\/cortina-e-laeroporto-di-venezia-insieme-per-promuovere-la-regina-delle-dolomiti-con-una-campagna-di-marketing\\\/#article\",\"isPartOf\":{\"@id\":\"https:\\\/\\\/www.bellunopress.it\\\/2025\\\/09\\\/30\\\/cortina-e-laeroporto-di-venezia-insieme-per-promuovere-la-regina-delle-dolomiti-con-una-campagna-di-marketing\\\/\"},\"author\":{\"name\":\"redazione\",\"@id\":\"https:\\\/\\\/www.bellunopress.it\\\/#\\\/schema\\\/person\\\/79bb06722b37ece1c03d3e94beb30d73\"},\"headline\":\"Cortina e l\u2019Aeroporto di Venezia insieme per promuovere la Regina delle Dolomiti con una campagna di marketing\",\"datePublished\":\"2025-09-30T06:55:06+00:00\",\"mainEntityOfPage\":{\"@id\":\"https:\\\/\\\/www.bellunopress.it\\\/2025\\\/09\\\/30\\\/cortina-e-laeroporto-di-venezia-insieme-per-promuovere-la-regina-delle-dolomiti-con-una-campagna-di-marketing\\\/\"},\"wordCount\":337,\"publisher\":{\"@id\":\"https:\\\/\\\/www.bellunopress.it\\\/#organization\"},\"image\":{\"@id\":\"https:\\\/\\\/www.bellunopress.it\\\/2025\\\/09\\\/30\\\/cortina-e-laeroporto-di-venezia-insieme-per-promuovere-la-regina-delle-dolomiti-con-una-campagna-di-marketing\\\/#primaryimage\"},\"thumbnailUrl\":\"https:\\\/\\\/www.bellunopress.it\\\/wp-content\\\/uploads\\\/2025\\\/09\\\/aeroporto-marco-polo-VE_edited.jpg\",\"articleSection\":[\"Lavoro, Economia, Turismo\",\"Prima Pagina\"],\"inLanguage\":\"fr-FR\"},{\"@type\":\"WebPage\",\"@id\":\"https:\\\/\\\/www.bellunopress.it\\\/2025\\\/09\\\/30\\\/cortina-e-laeroporto-di-venezia-insieme-per-promuovere-la-regina-delle-dolomiti-con-una-campagna-di-marketing\\\/\",\"url\":\"https:\\\/\\\/www.bellunopress.it\\\/2025\\\/09\\\/30\\\/cortina-e-laeroporto-di-venezia-insieme-per-promuovere-la-regina-delle-dolomiti-con-una-campagna-di-marketing\\\/\",\"name\":\"Cortina e l\u2019Aeroporto di Venezia insieme per promuovere la Regina delle Dolomiti con una campagna di marketing - Bellunopress - Dolomiti\",\"isPartOf\":{\"@id\":\"https:\\\/\\\/www.bellunopress.it\\\/#website\"},\"primaryImageOfPage\":{\"@id\":\"https:\\\/\\\/www.bellunopress.it\\\/2025\\\/09\\\/30\\\/cortina-e-laeroporto-di-venezia-insieme-per-promuovere-la-regina-delle-dolomiti-con-una-campagna-di-marketing\\\/#primaryimage\"},\"image\":{\"@id\":\"https:\\\/\\\/www.bellunopress.it\\\/2025\\\/09\\\/30\\\/cortina-e-laeroporto-di-venezia-insieme-per-promuovere-la-regina-delle-dolomiti-con-una-campagna-di-marketing\\\/#primaryimage\"},\"thumbnailUrl\":\"https:\\\/\\\/www.bellunopress.it\\\/wp-content\\\/uploads\\\/2025\\\/09\\\/aeroporto-marco-polo-VE_edited.jpg\",\"datePublished\":\"2025-09-30T06:55:06+00:00\",\"breadcrumb\":{\"@id\":\"https:\\\/\\\/www.bellunopress.it\\\/2025\\\/09\\\/30\\\/cortina-e-laeroporto-di-venezia-insieme-per-promuovere-la-regina-delle-dolomiti-con-una-campagna-di-marketing\\\/#breadcrumb\"},\"inLanguage\":\"fr-FR\",\"potentialAction\":[{\"@type\":\"ReadAction\",\"target\":[\"https:\\\/\\\/www.bellunopress.it\\\/2025\\\/09\\\/30\\\/cortina-e-laeroporto-di-venezia-insieme-per-promuovere-la-regina-delle-dolomiti-con-una-campagna-di-marketing\\\/\"]}]},{\"@type\":\"ImageObject\",\"inLanguage\":\"fr-FR\",\"@id\":\"https:\\\/\\\/www.bellunopress.it\\\/2025\\\/09\\\/30\\\/cortina-e-laeroporto-di-venezia-insieme-per-promuovere-la-regina-delle-dolomiti-con-una-campagna-di-marketing\\\/#primaryimage\",\"url\":\"https:\\\/\\\/www.bellunopress.it\\\/wp-content\\\/uploads\\\/2025\\\/09\\\/aeroporto-marco-polo-VE_edited.jpg\",\"contentUrl\":\"https:\\\/\\\/www.bellunopress.it\\\/wp-content\\\/uploads\\\/2025\\\/09\\\/aeroporto-marco-polo-VE_edited.jpg\",\"width\":800,\"height\":505},{\"@type\":\"BreadcrumbList\",\"@id\":\"https:\\\/\\\/www.bellunopress.it\\\/2025\\\/09\\\/30\\\/cortina-e-laeroporto-di-venezia-insieme-per-promuovere-la-regina-delle-dolomiti-con-una-campagna-di-marketing\\\/#breadcrumb\",\"itemListElement\":[{\"@type\":\"ListItem\",\"position\":1,\"name\":\"Home\",\"item\":\"https:\\\/\\\/www.bellunopress.it\\\/\"},{\"@type\":\"ListItem\",\"position\":2,\"name\":\"Cortina e l\u2019Aeroporto di Venezia insieme per promuovere la Regina delle Dolomiti con una campagna di marketing\"}]},{\"@type\":\"WebSite\",\"@id\":\"https:\\\/\\\/www.bellunopress.it\\\/#website\",\"url\":\"https:\\\/\\\/www.bellunopress.it\\\/\",\"name\":\"Bellunopress - Dolomiti\",\"description\":\"e-mail: redazione@bellunopress.it\",\"publisher\":{\"@id\":\"https:\\\/\\\/www.bellunopress.it\\\/#organization\"},\"potentialAction\":[{\"@type\":\"SearchAction\",\"target\":{\"@type\":\"EntryPoint\",\"urlTemplate\":\"https:\\\/\\\/www.bellunopress.it\\\/?s={search_term_string}\"},\"query-input\":{\"@type\":\"PropertyValueSpecification\",\"valueRequired\":true,\"valueName\":\"search_term_string\"}}],\"inLanguage\":\"fr-FR\"},{\"@type\":\"Organization\",\"@id\":\"https:\\\/\\\/www.bellunopress.it\\\/#organization\",\"name\":\"Bellunopress\",\"url\":\"https:\\\/\\\/www.bellunopress.it\\\/\",\"logo\":{\"@type\":\"ImageObject\",\"inLanguage\":\"fr-FR\",\"@id\":\"https:\\\/\\\/www.bellunopress.it\\\/#\\\/schema\\\/logo\\\/image\\\/\",\"url\":\"https:\\\/\\\/www.bellunopress.it\\\/wp-content\\\/uploads\\\/2011\\\/05\\\/cropped-logo-bellunopress-.jpg\",\"contentUrl\":\"https:\\\/\\\/www.bellunopress.it\\\/wp-content\\\/uploads\\\/2011\\\/05\\\/cropped-logo-bellunopress-.jpg\",\"width\":512,\"height\":512,\"caption\":\"Bellunopress\"},\"image\":{\"@id\":\"https:\\\/\\\/www.bellunopress.it\\\/#\\\/schema\\\/logo\\\/image\\\/\"},\"sameAs\":[\"https:\\\/\\\/www.facebook.com\\\/profile.php?id=100008943462799\",\"https:\\\/\\\/x.com\\\/bellunopress\",\"https:\\\/\\\/www.linkedin.com\\\/hp\\\/?dnr=JBzUWaJfMUw8vbXJJ2tVW5-I3jZKvC4wsoxE&amp;amp;amp;amp;amp;amp;trk=nav_responsive_tab_home\",\"https:\\\/\\\/www.youtube.com\\\/channel\\\/UCxL0wu1uN0_3_7hGG0306cw\"]},{\"@type\":\"Person\",\"@id\":\"https:\\\/\\\/www.bellunopress.it\\\/#\\\/schema\\\/person\\\/79bb06722b37ece1c03d3e94beb30d73\",\"name\":\"redazione\",\"image\":{\"@type\":\"ImageObject\",\"inLanguage\":\"fr-FR\",\"@id\":\"https:\\\/\\\/secure.gravatar.com\\\/avatar\\\/37d968a2e67a6fd04c169c4bdef102d0bc5d31b2546345219e348575eb80e9a0?s=96&d=mm&r=g\",\"url\":\"https:\\\/\\\/secure.gravatar.com\\\/avatar\\\/37d968a2e67a6fd04c169c4bdef102d0bc5d31b2546345219e348575eb80e9a0?s=96&d=mm&r=g\",\"contentUrl\":\"https:\\\/\\\/secure.gravatar.com\\\/avatar\\\/37d968a2e67a6fd04c169c4bdef102d0bc5d31b2546345219e348575eb80e9a0?s=96&d=mm&r=g\",\"caption\":\"redazione\"},\"sameAs\":[\"http:\\\/\\\/www.bellunopress.it\",\"https:\\\/\\\/x.com\\\/bellunopress\"],\"url\":\"https:\\\/\\\/www.bellunopress.it\\\/fr\\\/author\\\/redazione\\\/\"}]}<\/script>\n<!-- \/ Yoast SEO plugin. -->","yoast_head_json":{"title":"Cortina e l\u2019Aeroporto di Venezia insieme per promuovere la Regina delle Dolomiti con una campagna di marketing - Bellunopress - Dolomiti","robots":{"index":"index","follow":"follow","max-snippet":"max-snippet:-1","max-image-preview":"max-image-preview:large","max-video-preview":"max-video-preview:-1"},"canonical":"https:\/\/www.bellunopress.it\/fr\/2025\/09\/30\/cortina-e-laeroporto-di-venezia-insieme-per-promuovere-la-regina-delle-dolomiti-con-una-campagna-di-marketing\/","og_locale":"fr_FR","og_type":"article","og_title":"Cortina e l\u2019Aeroporto di Venezia insieme per promuovere la Regina delle Dolomiti con una campagna di marketing - Bellunopress - Dolomiti","og_description":"Cortina d\u2019Ampezzo &#8211; Venezia, 30 settembre 2025 Cortina d\u2019Ampezzo e l\u2019Aeroporto \u201cMarco Polo\u201d di Venezia rafforzano la loro collaborazione con la campagna di marketing territoriale \u201cJust 2 hours away from here!\u201d esposta nell\u2019area arrivi del terminal, che ricorda ai passeggeri la vicinanza di Cortina e delle Dolomiti, raggiungibili dallo scalo di Venezia in sole due [&hellip;]","og_url":"https:\/\/www.bellunopress.it\/fr\/2025\/09\/30\/cortina-e-laeroporto-di-venezia-insieme-per-promuovere-la-regina-delle-dolomiti-con-una-campagna-di-marketing\/","og_site_name":"Bellunopress - Dolomiti","article_publisher":"https:\/\/www.facebook.com\/profile.php?id=100008943462799","article_published_time":"2025-09-30T06:55:06+00:00","og_image":[{"width":800,"height":505,"url":"https:\/\/www.bellunopress.it\/wp-content\/uploads\/2025\/09\/aeroporto-marco-polo-VE_edited.jpg","type":"image\/jpeg"}],"author":"redazione","twitter_card":"summary_large_image","twitter_creator":"@bellunopress","twitter_site":"@bellunopress","twitter_misc":{"\u00c9crit par":"redazione","Dur\u00e9e de lecture estim\u00e9e":"2 minutes"},"schema":{"@context":"https:\/\/schema.org","@graph":[{"@type":"Article","@id":"https:\/\/www.bellunopress.it\/2025\/09\/30\/cortina-e-laeroporto-di-venezia-insieme-per-promuovere-la-regina-delle-dolomiti-con-una-campagna-di-marketing\/#article","isPartOf":{"@id":"https:\/\/www.bellunopress.it\/2025\/09\/30\/cortina-e-laeroporto-di-venezia-insieme-per-promuovere-la-regina-delle-dolomiti-con-una-campagna-di-marketing\/"},"author":{"name":"redazione","@id":"https:\/\/www.bellunopress.it\/#\/schema\/person\/79bb06722b37ece1c03d3e94beb30d73"},"headline":"Cortina e l\u2019Aeroporto di Venezia insieme per promuovere la Regina delle Dolomiti con una campagna di marketing","datePublished":"2025-09-30T06:55:06+00:00","mainEntityOfPage":{"@id":"https:\/\/www.bellunopress.it\/2025\/09\/30\/cortina-e-laeroporto-di-venezia-insieme-per-promuovere-la-regina-delle-dolomiti-con-una-campagna-di-marketing\/"},"wordCount":337,"publisher":{"@id":"https:\/\/www.bellunopress.it\/#organization"},"image":{"@id":"https:\/\/www.bellunopress.it\/2025\/09\/30\/cortina-e-laeroporto-di-venezia-insieme-per-promuovere-la-regina-delle-dolomiti-con-una-campagna-di-marketing\/#primaryimage"},"thumbnailUrl":"https:\/\/www.bellunopress.it\/wp-content\/uploads\/2025\/09\/aeroporto-marco-polo-VE_edited.jpg","articleSection":["Lavoro, Economia, Turismo","Prima Pagina"],"inLanguage":"fr-FR"},{"@type":"WebPage","@id":"https:\/\/www.bellunopress.it\/2025\/09\/30\/cortina-e-laeroporto-di-venezia-insieme-per-promuovere-la-regina-delle-dolomiti-con-una-campagna-di-marketing\/","url":"https:\/\/www.bellunopress.it\/2025\/09\/30\/cortina-e-laeroporto-di-venezia-insieme-per-promuovere-la-regina-delle-dolomiti-con-una-campagna-di-marketing\/","name":"Cortina e l\u2019Aeroporto di Venezia insieme per promuovere la Regina delle Dolomiti con una campagna di marketing - Bellunopress - Dolomiti","isPartOf":{"@id":"https:\/\/www.bellunopress.it\/#website"},"primaryImageOfPage":{"@id":"https:\/\/www.bellunopress.it\/2025\/09\/30\/cortina-e-laeroporto-di-venezia-insieme-per-promuovere-la-regina-delle-dolomiti-con-una-campagna-di-marketing\/#primaryimage"},"image":{"@id":"https:\/\/www.bellunopress.it\/2025\/09\/30\/cortina-e-laeroporto-di-venezia-insieme-per-promuovere-la-regina-delle-dolomiti-con-una-campagna-di-marketing\/#primaryimage"},"thumbnailUrl":"https:\/\/www.bellunopress.it\/wp-content\/uploads\/2025\/09\/aeroporto-marco-polo-VE_edited.jpg","datePublished":"2025-09-30T06:55:06+00:00","breadcrumb":{"@id":"https:\/\/www.bellunopress.it\/2025\/09\/30\/cortina-e-laeroporto-di-venezia-insieme-per-promuovere-la-regina-delle-dolomiti-con-una-campagna-di-marketing\/#breadcrumb"},"inLanguage":"fr-FR","potentialAction":[{"@type":"ReadAction","target":["https:\/\/www.bellunopress.it\/2025\/09\/30\/cortina-e-laeroporto-di-venezia-insieme-per-promuovere-la-regina-delle-dolomiti-con-una-campagna-di-marketing\/"]}]},{"@type":"ImageObject","inLanguage":"fr-FR","@id":"https:\/\/www.bellunopress.it\/2025\/09\/30\/cortina-e-laeroporto-di-venezia-insieme-per-promuovere-la-regina-delle-dolomiti-con-una-campagna-di-marketing\/#primaryimage","url":"https:\/\/www.bellunopress.it\/wp-content\/uploads\/2025\/09\/aeroporto-marco-polo-VE_edited.jpg","contentUrl":"https:\/\/www.bellunopress.it\/wp-content\/uploads\/2025\/09\/aeroporto-marco-polo-VE_edited.jpg","width":800,"height":505},{"@type":"BreadcrumbList","@id":"https:\/\/www.bellunopress.it\/2025\/09\/30\/cortina-e-laeroporto-di-venezia-insieme-per-promuovere-la-regina-delle-dolomiti-con-una-campagna-di-marketing\/#breadcrumb","itemListElement":[{"@type":"ListItem","position":1,"name":"Home","item":"https:\/\/www.bellunopress.it\/"},{"@type":"ListItem","position":2,"name":"Cortina e l\u2019Aeroporto di Venezia insieme per promuovere la Regina delle Dolomiti con una campagna di marketing"}]},{"@type":"WebSite","@id":"https:\/\/www.bellunopress.it\/#website","url":"https:\/\/www.bellunopress.it\/","name":"Bellunopress - Dolomiti","description":"e-mail: redazione@bellunopress.it","publisher":{"@id":"https:\/\/www.bellunopress.it\/#organization"},"potentialAction":[{"@type":"SearchAction","target":{"@type":"EntryPoint","urlTemplate":"https:\/\/www.bellunopress.it\/?s={search_term_string}"},"query-input":{"@type":"PropertyValueSpecification","valueRequired":true,"valueName":"search_term_string"}}],"inLanguage":"fr-FR"},{"@type":"Organization","@id":"https:\/\/www.bellunopress.it\/#organization","name":"Bellunopress","url":"https:\/\/www.bellunopress.it\/","logo":{"@type":"ImageObject","inLanguage":"fr-FR","@id":"https:\/\/www.bellunopress.it\/#\/schema\/logo\/image\/","url":"https:\/\/www.bellunopress.it\/wp-content\/uploads\/2011\/05\/cropped-logo-bellunopress-.jpg","contentUrl":"https:\/\/www.bellunopress.it\/wp-content\/uploads\/2011\/05\/cropped-logo-bellunopress-.jpg","width":512,"height":512,"caption":"Bellunopress"},"image":{"@id":"https:\/\/www.bellunopress.it\/#\/schema\/logo\/image\/"},"sameAs":["https:\/\/www.facebook.com\/profile.php?id=100008943462799","https:\/\/x.com\/bellunopress","https:\/\/www.linkedin.com\/hp\/?dnr=JBzUWaJfMUw8vbXJJ2tVW5-I3jZKvC4wsoxE&amp;amp;amp;amp;amp;amp;trk=nav_responsive_tab_home","https:\/\/www.youtube.com\/channel\/UCxL0wu1uN0_3_7hGG0306cw"]},{"@type":"Person","@id":"https:\/\/www.bellunopress.it\/#\/schema\/person\/79bb06722b37ece1c03d3e94beb30d73","name":"r\u00e9daction","image":{"@type":"ImageObject","inLanguage":"fr-FR","@id":"https:\/\/secure.gravatar.com\/avatar\/37d968a2e67a6fd04c169c4bdef102d0bc5d31b2546345219e348575eb80e9a0?s=96&d=mm&r=g","url":"https:\/\/secure.gravatar.com\/avatar\/37d968a2e67a6fd04c169c4bdef102d0bc5d31b2546345219e348575eb80e9a0?s=96&d=mm&r=g","contentUrl":"https:\/\/secure.gravatar.com\/avatar\/37d968a2e67a6fd04c169c4bdef102d0bc5d31b2546345219e348575eb80e9a0?s=96&d=mm&r=g","caption":"redazione"},"sameAs":["http:\/\/www.bellunopress.it","https:\/\/x.com\/bellunopress"],"url":"https:\/\/www.bellunopress.it\/fr\/author\/redazione\/"}]}},"_links":{"self":[{"href":"https:\/\/www.bellunopress.it\/fr\/wp-json\/wp\/v2\/posts\/163730","targetHints":{"allow":["GET"]}}],"collection":[{"href":"https:\/\/www.bellunopress.it\/fr\/wp-json\/wp\/v2\/posts"}],"about":[{"href":"https:\/\/www.bellunopress.it\/fr\/wp-json\/wp\/v2\/types\/post"}],"author":[{"embeddable":true,"href":"https:\/\/www.bellunopress.it\/fr\/wp-json\/wp\/v2\/users\/2"}],"replies":[{"embeddable":true,"href":"https:\/\/www.bellunopress.it\/fr\/wp-json\/wp\/v2\/comments?post=163730"}],"version-history":[{"count":1,"href":"https:\/\/www.bellunopress.it\/fr\/wp-json\/wp\/v2\/posts\/163730\/revisions"}],"predecessor-version":[{"id":163732,"href":"https:\/\/www.bellunopress.it\/fr\/wp-json\/wp\/v2\/posts\/163730\/revisions\/163732"}],"wp:featuredmedia":[{"embeddable":true,"href":"https:\/\/www.bellunopress.it\/fr\/wp-json\/wp\/v2\/media\/163731"}],"wp:attachment":[{"href":"https:\/\/www.bellunopress.it\/fr\/wp-json\/wp\/v2\/media?parent=163730"}],"wp:term":[{"taxonomy":"category","embeddable":true,"href":"https:\/\/www.bellunopress.it\/fr\/wp-json\/wp\/v2\/categories?post=163730"},{"taxonomy":"post_tag","embeddable":true,"href":"https:\/\/www.bellunopress.it\/fr\/wp-json\/wp\/v2\/tags?post=163730"}],"curies":[{"name":"wp","href":"https:\/\/api.w.org\/{rel}","templated":true}]}}