{"id":163724,"date":"2025-09-30T08:25:47","date_gmt":"2025-09-30T06:25:47","guid":{"rendered":"https:\/\/www.bellunopress.it\/?p=163724"},"modified":"2025-09-29T22:34:50","modified_gmt":"2025-09-29T20:34:50","slug":"cortina-2026-e-i-suoi-cambiamenti-sotto-la-lente-dingrandimento-a-san-gregorio-nelle-alpi","status":"publish","type":"post","link":"https:\/\/www.bellunopress.it\/fr\/2025\/09\/30\/cortina-2026-e-i-suoi-cambiamenti-sotto-la-lente-dingrandimento-a-san-gregorio-nelle-alpi\/","title":{"rendered":"Cortina 2026 e i suoi cambiamenti sotto la lente d&#8217;ingrandimento a San Gregorio nelle Alpi"},"content":{"rendered":"<p><strong><img loading=\"lazy\" decoding=\"async\" class=\"aligncenter size-full wp-image-163725\" src=\"https:\/\/www.bellunopress.it\/wp-content\/uploads\/2025\/09\/DISCORSI-DA-BAR-02-ottobre_edited.jpg\" alt=\"\" width=\"600\" height=\"800\" srcset=\"https:\/\/www.bellunopress.it\/wp-content\/uploads\/2025\/09\/DISCORSI-DA-BAR-02-ottobre_edited.jpg 600w, https:\/\/www.bellunopress.it\/wp-content\/uploads\/2025\/09\/DISCORSI-DA-BAR-02-ottobre_edited-375x500.jpg 375w, https:\/\/www.bellunopress.it\/wp-content\/uploads\/2025\/09\/DISCORSI-DA-BAR-02-ottobre_edited-315x420.jpg 315w\" sizes=\"auto, (max-width: 600px) 100vw, 600px\" \/>Quarto appuntamento con &#8220;Discorsi da Bar&#8221;: si analizzano le trasformazioni in atto nel territorio ampezzano<\/strong><\/p>\n<p>San Gregorio nelle Alpi \u2013 La rassegna culturale &#8220;Discorsi da Bar&#8221; torna per il suo quarto appuntamento, mettendo al centro del dibattito il futuro e le profonde trasformazioni del territorio ampezzano in vista delle Olimpiadi Milano-Cortina 2026.<\/p>\n<p>L&#8217;evento, intitolato &#8220;Storie da Cortina&#8221;, \u00e8 in programma per gioved\u00ec 2 ottobre 2025 alle ore 18:30 all&#8217;Osteria Al Leon De Oro a San Gregorio nelle Alpi.<\/p>\n<p>A dialogare sulle sfide e le opportunit\u00e0 che stanno plasmando Cortina d&#8217;Ampezzo saranno due voci autorevoli del territorio: la consigliera comunale di Cortina, Roberta De Zanna, e la giornalista Marina Menardi. Insieme alle ospiti, il pubblico avr\u00e0 l&#8217;occasione di approfondire i cambiamenti che l&#8217;imminente evento olimpico sta portando e porter\u00e0 nella quotidianit\u00e0 e nella vita dei cittadini. Non solo focus sulle infrastrutture, dunque, ma anche una disamina attenta degli impatti sociali ed economici a lungo termine.<\/p>\n<p>L&#8217;iniziativa si inserisce nel pi\u00f9 ampio cartellone di &#8220;Discorsi da Bar&#8221;, una rassegna culturale avviata con successo nel mese di luglio, riscontrando un&#8217;ottima affluenza sia da parte del pubblico locale che da fuori comune. Il successo \u00e8 attribuito in larga parte al format stesso, che riesce a coniugare argomenti di spessore culturale e di stretta attualit\u00e0 con un contesto informale e conviviale.<\/p>\n<p>L&#8217;obiettivo della rassegna \u00e8 chiaro: &#8220;tornare a parlare, discutere (e volendo bere un bicchiere) tutti assieme&#8221;. Promossa a San Gregorio nelle Alpi, l&#8217;iniziativa \u00e8 nata con l&#8217;intento di offrire alla comunit\u00e0 un&#8217;opportunit\u00e0 di approfondimento su temi di interesse comune in un&#8217;atmosfera rilassata, stimolando la socialit\u00e0 e il confronto.<\/p>\n<p>L&#8217;organizzazione \u00e8 frutto della collaborazione tra i quattro bar locali e i due gruppi Alpini, che vedono in questa iniziativa un modo per valorizzare i luoghi di aggregazione e il tessuto commerciale e associativo del comune, trasformando i tradizionali spazi di socialit\u00e0 in veri e propri luoghi di incontro, dibattito e approfondimento su tematiche cruciali per i territori montani.<\/p>","protected":false},"excerpt":{"rendered":"<p>Quarto appuntamento con &#8220;Discorsi da Bar&#8221;: si analizzano le trasformazioni in atto nel territorio ampezzano San Gregorio nelle Alpi \u2013 La rassegna culturale &#8220;Discorsi da Bar&#8221; torna per il suo quarto appuntamento, mettendo al centro del dibattito il futuro e le profonde trasformazioni del territorio ampezzano in vista delle Olimpiadi Milano-Cortina 2026. L&#8217;evento, intitolato &#8220;Storie [&hellip;]<\/p>\n","protected":false},"author":2,"featured_media":163725,"comment_status":"closed","ping_status":"open","sticky":false,"template":"","format":"standard","meta":{"footnotes":""},"categories":[27,25],"tags":[],"class_list":["post-163724","post","type-post","status-publish","format-standard","has-post-thumbnail","category-appuntamenti","category-pausa-caffe"],"yoast_head":"<!-- This site is optimized with the Yoast SEO plugin v28.4 - https:\/\/yoast.com\/product\/yoast-seo-wordpress\/ -->\n<title>Cortina 2026 e i suoi cambiamenti sotto la lente d&#039;ingrandimento a San Gregorio nelle Alpi - Bellunopress - Dolomiti<\/title>\n<meta name=\"robots\" content=\"index, follow, max-snippet:-1, max-image-preview:large, max-video-preview:-1\" \/>\n<link rel=\"canonical\" href=\"https:\/\/www.bellunopress.it\/fr\/2025\/09\/30\/cortina-2026-e-i-suoi-cambiamenti-sotto-la-lente-dingrandimento-a-san-gregorio-nelle-alpi\/\" \/>\n<meta property=\"og:locale\" content=\"fr_FR\" \/>\n<meta property=\"og:type\" content=\"article\" \/>\n<meta property=\"og:title\" content=\"Cortina 2026 e i suoi cambiamenti sotto la lente d&#039;ingrandimento a San Gregorio nelle Alpi - Bellunopress - Dolomiti\" \/>\n<meta property=\"og:description\" content=\"Quarto appuntamento con &#8220;Discorsi da Bar&#8221;: si analizzano le trasformazioni in atto nel territorio ampezzano San Gregorio nelle Alpi \u2013 La rassegna culturale &#8220;Discorsi da Bar&#8221; torna per il suo quarto appuntamento, mettendo al centro del dibattito il futuro e le profonde trasformazioni del territorio ampezzano in vista delle Olimpiadi Milano-Cortina 2026. L&#8217;evento, intitolato &#8220;Storie [&hellip;]\" \/>\n<meta property=\"og:url\" content=\"https:\/\/www.bellunopress.it\/fr\/2025\/09\/30\/cortina-2026-e-i-suoi-cambiamenti-sotto-la-lente-dingrandimento-a-san-gregorio-nelle-alpi\/\" \/>\n<meta property=\"og:site_name\" content=\"Bellunopress - Dolomiti\" \/>\n<meta property=\"article:publisher\" content=\"https:\/\/www.facebook.com\/profile.php?id=100008943462799\" \/>\n<meta property=\"article:published_time\" content=\"2025-09-30T06:25:47+00:00\" \/>\n<meta property=\"og:image\" content=\"https:\/\/www.bellunopress.it\/wp-content\/uploads\/2025\/09\/DISCORSI-DA-BAR-02-ottobre_edited.jpg\" \/>\n\t<meta property=\"og:image:width\" content=\"600\" \/>\n\t<meta property=\"og:image:height\" content=\"800\" \/>\n\t<meta property=\"og:image:type\" content=\"image\/jpeg\" \/>\n<meta name=\"author\" content=\"redazione\" \/>\n<meta name=\"twitter:card\" content=\"summary_large_image\" \/>\n<meta name=\"twitter:creator\" content=\"@bellunopress\" \/>\n<meta name=\"twitter:site\" content=\"@bellunopress\" \/>\n<meta name=\"twitter:label1\" content=\"\u00c9crit par\" \/>\n\t<meta name=\"twitter:data1\" content=\"redazione\" \/>\n\t<meta name=\"twitter:label2\" content=\"Dur\u00e9e de lecture estim\u00e9e\" \/>\n\t<meta name=\"twitter:data2\" content=\"2 minutes\" \/>\n<script type=\"application\/ld+json\" class=\"yoast-schema-graph\">{\"@context\":\"https:\\\/\\\/schema.org\",\"@graph\":[{\"@type\":\"Article\",\"@id\":\"https:\\\/\\\/www.bellunopress.it\\\/2025\\\/09\\\/30\\\/cortina-2026-e-i-suoi-cambiamenti-sotto-la-lente-dingrandimento-a-san-gregorio-nelle-alpi\\\/#article\",\"isPartOf\":{\"@id\":\"https:\\\/\\\/www.bellunopress.it\\\/2025\\\/09\\\/30\\\/cortina-2026-e-i-suoi-cambiamenti-sotto-la-lente-dingrandimento-a-san-gregorio-nelle-alpi\\\/\"},\"author\":{\"name\":\"redazione\",\"@id\":\"https:\\\/\\\/www.bellunopress.it\\\/#\\\/schema\\\/person\\\/79bb06722b37ece1c03d3e94beb30d73\"},\"headline\":\"Cortina 2026 e i suoi cambiamenti sotto la lente d&#8217;ingrandimento a San Gregorio nelle Alpi\",\"datePublished\":\"2025-09-30T06:25:47+00:00\",\"mainEntityOfPage\":{\"@id\":\"https:\\\/\\\/www.bellunopress.it\\\/2025\\\/09\\\/30\\\/cortina-2026-e-i-suoi-cambiamenti-sotto-la-lente-dingrandimento-a-san-gregorio-nelle-alpi\\\/\"},\"wordCount\":341,\"publisher\":{\"@id\":\"https:\\\/\\\/www.bellunopress.it\\\/#organization\"},\"image\":{\"@id\":\"https:\\\/\\\/www.bellunopress.it\\\/2025\\\/09\\\/30\\\/cortina-2026-e-i-suoi-cambiamenti-sotto-la-lente-dingrandimento-a-san-gregorio-nelle-alpi\\\/#primaryimage\"},\"thumbnailUrl\":\"https:\\\/\\\/www.bellunopress.it\\\/wp-content\\\/uploads\\\/2025\\\/09\\\/DISCORSI-DA-BAR-02-ottobre_edited.jpg\",\"articleSection\":[\"Appuntamenti, Eventi\",\"Pausa Caff\u00e8\"],\"inLanguage\":\"fr-FR\"},{\"@type\":\"WebPage\",\"@id\":\"https:\\\/\\\/www.bellunopress.it\\\/2025\\\/09\\\/30\\\/cortina-2026-e-i-suoi-cambiamenti-sotto-la-lente-dingrandimento-a-san-gregorio-nelle-alpi\\\/\",\"url\":\"https:\\\/\\\/www.bellunopress.it\\\/2025\\\/09\\\/30\\\/cortina-2026-e-i-suoi-cambiamenti-sotto-la-lente-dingrandimento-a-san-gregorio-nelle-alpi\\\/\",\"name\":\"Cortina 2026 e i suoi cambiamenti sotto la lente d'ingrandimento a San Gregorio nelle Alpi - Bellunopress - Dolomiti\",\"isPartOf\":{\"@id\":\"https:\\\/\\\/www.bellunopress.it\\\/#website\"},\"primaryImageOfPage\":{\"@id\":\"https:\\\/\\\/www.bellunopress.it\\\/2025\\\/09\\\/30\\\/cortina-2026-e-i-suoi-cambiamenti-sotto-la-lente-dingrandimento-a-san-gregorio-nelle-alpi\\\/#primaryimage\"},\"image\":{\"@id\":\"https:\\\/\\\/www.bellunopress.it\\\/2025\\\/09\\\/30\\\/cortina-2026-e-i-suoi-cambiamenti-sotto-la-lente-dingrandimento-a-san-gregorio-nelle-alpi\\\/#primaryimage\"},\"thumbnailUrl\":\"https:\\\/\\\/www.bellunopress.it\\\/wp-content\\\/uploads\\\/2025\\\/09\\\/DISCORSI-DA-BAR-02-ottobre_edited.jpg\",\"datePublished\":\"2025-09-30T06:25:47+00:00\",\"breadcrumb\":{\"@id\":\"https:\\\/\\\/www.bellunopress.it\\\/2025\\\/09\\\/30\\\/cortina-2026-e-i-suoi-cambiamenti-sotto-la-lente-dingrandimento-a-san-gregorio-nelle-alpi\\\/#breadcrumb\"},\"inLanguage\":\"fr-FR\",\"potentialAction\":[{\"@type\":\"ReadAction\",\"target\":[\"https:\\\/\\\/www.bellunopress.it\\\/2025\\\/09\\\/30\\\/cortina-2026-e-i-suoi-cambiamenti-sotto-la-lente-dingrandimento-a-san-gregorio-nelle-alpi\\\/\"]}]},{\"@type\":\"ImageObject\",\"inLanguage\":\"fr-FR\",\"@id\":\"https:\\\/\\\/www.bellunopress.it\\\/2025\\\/09\\\/30\\\/cortina-2026-e-i-suoi-cambiamenti-sotto-la-lente-dingrandimento-a-san-gregorio-nelle-alpi\\\/#primaryimage\",\"url\":\"https:\\\/\\\/www.bellunopress.it\\\/wp-content\\\/uploads\\\/2025\\\/09\\\/DISCORSI-DA-BAR-02-ottobre_edited.jpg\",\"contentUrl\":\"https:\\\/\\\/www.bellunopress.it\\\/wp-content\\\/uploads\\\/2025\\\/09\\\/DISCORSI-DA-BAR-02-ottobre_edited.jpg\",\"width\":600,\"height\":800},{\"@type\":\"BreadcrumbList\",\"@id\":\"https:\\\/\\\/www.bellunopress.it\\\/2025\\\/09\\\/30\\\/cortina-2026-e-i-suoi-cambiamenti-sotto-la-lente-dingrandimento-a-san-gregorio-nelle-alpi\\\/#breadcrumb\",\"itemListElement\":[{\"@type\":\"ListItem\",\"position\":1,\"name\":\"Home\",\"item\":\"https:\\\/\\\/www.bellunopress.it\\\/\"},{\"@type\":\"ListItem\",\"position\":2,\"name\":\"Cortina 2026 e i suoi cambiamenti sotto la lente d&#8217;ingrandimento a San Gregorio nelle Alpi\"}]},{\"@type\":\"WebSite\",\"@id\":\"https:\\\/\\\/www.bellunopress.it\\\/#website\",\"url\":\"https:\\\/\\\/www.bellunopress.it\\\/\",\"name\":\"Bellunopress - Dolomiti\",\"description\":\"e-mail: redazione@bellunopress.it\",\"publisher\":{\"@id\":\"https:\\\/\\\/www.bellunopress.it\\\/#organization\"},\"potentialAction\":[{\"@type\":\"SearchAction\",\"target\":{\"@type\":\"EntryPoint\",\"urlTemplate\":\"https:\\\/\\\/www.bellunopress.it\\\/?s={search_term_string}\"},\"query-input\":{\"@type\":\"PropertyValueSpecification\",\"valueRequired\":true,\"valueName\":\"search_term_string\"}}],\"inLanguage\":\"fr-FR\"},{\"@type\":\"Organization\",\"@id\":\"https:\\\/\\\/www.bellunopress.it\\\/#organization\",\"name\":\"Bellunopress\",\"url\":\"https:\\\/\\\/www.bellunopress.it\\\/\",\"logo\":{\"@type\":\"ImageObject\",\"inLanguage\":\"fr-FR\",\"@id\":\"https:\\\/\\\/www.bellunopress.it\\\/#\\\/schema\\\/logo\\\/image\\\/\",\"url\":\"https:\\\/\\\/www.bellunopress.it\\\/wp-content\\\/uploads\\\/2011\\\/05\\\/cropped-logo-bellunopress-.jpg\",\"contentUrl\":\"https:\\\/\\\/www.bellunopress.it\\\/wp-content\\\/uploads\\\/2011\\\/05\\\/cropped-logo-bellunopress-.jpg\",\"width\":512,\"height\":512,\"caption\":\"Bellunopress\"},\"image\":{\"@id\":\"https:\\\/\\\/www.bellunopress.it\\\/#\\\/schema\\\/logo\\\/image\\\/\"},\"sameAs\":[\"https:\\\/\\\/www.facebook.com\\\/profile.php?id=100008943462799\",\"https:\\\/\\\/x.com\\\/bellunopress\",\"https:\\\/\\\/www.linkedin.com\\\/hp\\\/?dnr=JBzUWaJfMUw8vbXJJ2tVW5-I3jZKvC4wsoxE&amp;amp;amp;amp;amp;amp;trk=nav_responsive_tab_home\",\"https:\\\/\\\/www.youtube.com\\\/channel\\\/UCxL0wu1uN0_3_7hGG0306cw\"]},{\"@type\":\"Person\",\"@id\":\"https:\\\/\\\/www.bellunopress.it\\\/#\\\/schema\\\/person\\\/79bb06722b37ece1c03d3e94beb30d73\",\"name\":\"redazione\",\"image\":{\"@type\":\"ImageObject\",\"inLanguage\":\"fr-FR\",\"@id\":\"https:\\\/\\\/secure.gravatar.com\\\/avatar\\\/37d968a2e67a6fd04c169c4bdef102d0bc5d31b2546345219e348575eb80e9a0?s=96&d=mm&r=g\",\"url\":\"https:\\\/\\\/secure.gravatar.com\\\/avatar\\\/37d968a2e67a6fd04c169c4bdef102d0bc5d31b2546345219e348575eb80e9a0?s=96&d=mm&r=g\",\"contentUrl\":\"https:\\\/\\\/secure.gravatar.com\\\/avatar\\\/37d968a2e67a6fd04c169c4bdef102d0bc5d31b2546345219e348575eb80e9a0?s=96&d=mm&r=g\",\"caption\":\"redazione\"},\"sameAs\":[\"http:\\\/\\\/www.bellunopress.it\",\"https:\\\/\\\/x.com\\\/bellunopress\"],\"url\":\"https:\\\/\\\/www.bellunopress.it\\\/fr\\\/author\\\/redazione\\\/\"}]}<\/script>\n<!-- \/ Yoast SEO plugin. -->","yoast_head_json":{"title":"Cortina 2026 e i suoi cambiamenti sotto la lente d'ingrandimento a San Gregorio nelle Alpi - Bellunopress - Dolomiti","robots":{"index":"index","follow":"follow","max-snippet":"max-snippet:-1","max-image-preview":"max-image-preview:large","max-video-preview":"max-video-preview:-1"},"canonical":"https:\/\/www.bellunopress.it\/fr\/2025\/09\/30\/cortina-2026-e-i-suoi-cambiamenti-sotto-la-lente-dingrandimento-a-san-gregorio-nelle-alpi\/","og_locale":"fr_FR","og_type":"article","og_title":"Cortina 2026 e i suoi cambiamenti sotto la lente d'ingrandimento a San Gregorio nelle Alpi - Bellunopress - Dolomiti","og_description":"Quarto appuntamento con &#8220;Discorsi da Bar&#8221;: si analizzano le trasformazioni in atto nel territorio ampezzano San Gregorio nelle Alpi \u2013 La rassegna culturale &#8220;Discorsi da Bar&#8221; torna per il suo quarto appuntamento, mettendo al centro del dibattito il futuro e le profonde trasformazioni del territorio ampezzano in vista delle Olimpiadi Milano-Cortina 2026. L&#8217;evento, intitolato &#8220;Storie [&hellip;]","og_url":"https:\/\/www.bellunopress.it\/fr\/2025\/09\/30\/cortina-2026-e-i-suoi-cambiamenti-sotto-la-lente-dingrandimento-a-san-gregorio-nelle-alpi\/","og_site_name":"Bellunopress - Dolomiti","article_publisher":"https:\/\/www.facebook.com\/profile.php?id=100008943462799","article_published_time":"2025-09-30T06:25:47+00:00","og_image":[{"width":600,"height":800,"url":"https:\/\/www.bellunopress.it\/wp-content\/uploads\/2025\/09\/DISCORSI-DA-BAR-02-ottobre_edited.jpg","type":"image\/jpeg"}],"author":"redazione","twitter_card":"summary_large_image","twitter_creator":"@bellunopress","twitter_site":"@bellunopress","twitter_misc":{"\u00c9crit par":"redazione","Dur\u00e9e de lecture estim\u00e9e":"2 minutes"},"schema":{"@context":"https:\/\/schema.org","@graph":[{"@type":"Article","@id":"https:\/\/www.bellunopress.it\/2025\/09\/30\/cortina-2026-e-i-suoi-cambiamenti-sotto-la-lente-dingrandimento-a-san-gregorio-nelle-alpi\/#article","isPartOf":{"@id":"https:\/\/www.bellunopress.it\/2025\/09\/30\/cortina-2026-e-i-suoi-cambiamenti-sotto-la-lente-dingrandimento-a-san-gregorio-nelle-alpi\/"},"author":{"name":"redazione","@id":"https:\/\/www.bellunopress.it\/#\/schema\/person\/79bb06722b37ece1c03d3e94beb30d73"},"headline":"Cortina 2026 e i suoi cambiamenti sotto la lente d&#8217;ingrandimento a San Gregorio nelle Alpi","datePublished":"2025-09-30T06:25:47+00:00","mainEntityOfPage":{"@id":"https:\/\/www.bellunopress.it\/2025\/09\/30\/cortina-2026-e-i-suoi-cambiamenti-sotto-la-lente-dingrandimento-a-san-gregorio-nelle-alpi\/"},"wordCount":341,"publisher":{"@id":"https:\/\/www.bellunopress.it\/#organization"},"image":{"@id":"https:\/\/www.bellunopress.it\/2025\/09\/30\/cortina-2026-e-i-suoi-cambiamenti-sotto-la-lente-dingrandimento-a-san-gregorio-nelle-alpi\/#primaryimage"},"thumbnailUrl":"https:\/\/www.bellunopress.it\/wp-content\/uploads\/2025\/09\/DISCORSI-DA-BAR-02-ottobre_edited.jpg","articleSection":["Appuntamenti, Eventi","Pausa Caff\u00e8"],"inLanguage":"fr-FR"},{"@type":"WebPage","@id":"https:\/\/www.bellunopress.it\/2025\/09\/30\/cortina-2026-e-i-suoi-cambiamenti-sotto-la-lente-dingrandimento-a-san-gregorio-nelle-alpi\/","url":"https:\/\/www.bellunopress.it\/2025\/09\/30\/cortina-2026-e-i-suoi-cambiamenti-sotto-la-lente-dingrandimento-a-san-gregorio-nelle-alpi\/","name":"Cortina 2026 e i suoi cambiamenti sotto la lente d'ingrandimento a San Gregorio nelle Alpi - Bellunopress - Dolomiti","isPartOf":{"@id":"https:\/\/www.bellunopress.it\/#website"},"primaryImageOfPage":{"@id":"https:\/\/www.bellunopress.it\/2025\/09\/30\/cortina-2026-e-i-suoi-cambiamenti-sotto-la-lente-dingrandimento-a-san-gregorio-nelle-alpi\/#primaryimage"},"image":{"@id":"https:\/\/www.bellunopress.it\/2025\/09\/30\/cortina-2026-e-i-suoi-cambiamenti-sotto-la-lente-dingrandimento-a-san-gregorio-nelle-alpi\/#primaryimage"},"thumbnailUrl":"https:\/\/www.bellunopress.it\/wp-content\/uploads\/2025\/09\/DISCORSI-DA-BAR-02-ottobre_edited.jpg","datePublished":"2025-09-30T06:25:47+00:00","breadcrumb":{"@id":"https:\/\/www.bellunopress.it\/2025\/09\/30\/cortina-2026-e-i-suoi-cambiamenti-sotto-la-lente-dingrandimento-a-san-gregorio-nelle-alpi\/#breadcrumb"},"inLanguage":"fr-FR","potentialAction":[{"@type":"ReadAction","target":["https:\/\/www.bellunopress.it\/2025\/09\/30\/cortina-2026-e-i-suoi-cambiamenti-sotto-la-lente-dingrandimento-a-san-gregorio-nelle-alpi\/"]}]},{"@type":"ImageObject","inLanguage":"fr-FR","@id":"https:\/\/www.bellunopress.it\/2025\/09\/30\/cortina-2026-e-i-suoi-cambiamenti-sotto-la-lente-dingrandimento-a-san-gregorio-nelle-alpi\/#primaryimage","url":"https:\/\/www.bellunopress.it\/wp-content\/uploads\/2025\/09\/DISCORSI-DA-BAR-02-ottobre_edited.jpg","contentUrl":"https:\/\/www.bellunopress.it\/wp-content\/uploads\/2025\/09\/DISCORSI-DA-BAR-02-ottobre_edited.jpg","width":600,"height":800},{"@type":"BreadcrumbList","@id":"https:\/\/www.bellunopress.it\/2025\/09\/30\/cortina-2026-e-i-suoi-cambiamenti-sotto-la-lente-dingrandimento-a-san-gregorio-nelle-alpi\/#breadcrumb","itemListElement":[{"@type":"ListItem","position":1,"name":"Home","item":"https:\/\/www.bellunopress.it\/"},{"@type":"ListItem","position":2,"name":"Cortina 2026 e i suoi cambiamenti sotto la lente d&#8217;ingrandimento a San Gregorio nelle Alpi"}]},{"@type":"WebSite","@id":"https:\/\/www.bellunopress.it\/#website","url":"https:\/\/www.bellunopress.it\/","name":"Bellunopress - Dolomiti","description":"e-mail: redazione@bellunopress.it","publisher":{"@id":"https:\/\/www.bellunopress.it\/#organization"},"potentialAction":[{"@type":"SearchAction","target":{"@type":"EntryPoint","urlTemplate":"https:\/\/www.bellunopress.it\/?s={search_term_string}"},"query-input":{"@type":"PropertyValueSpecification","valueRequired":true,"valueName":"search_term_string"}}],"inLanguage":"fr-FR"},{"@type":"Organization","@id":"https:\/\/www.bellunopress.it\/#organization","name":"Bellunopress","url":"https:\/\/www.bellunopress.it\/","logo":{"@type":"ImageObject","inLanguage":"fr-FR","@id":"https:\/\/www.bellunopress.it\/#\/schema\/logo\/image\/","url":"https:\/\/www.bellunopress.it\/wp-content\/uploads\/2011\/05\/cropped-logo-bellunopress-.jpg","contentUrl":"https:\/\/www.bellunopress.it\/wp-content\/uploads\/2011\/05\/cropped-logo-bellunopress-.jpg","width":512,"height":512,"caption":"Bellunopress"},"image":{"@id":"https:\/\/www.bellunopress.it\/#\/schema\/logo\/image\/"},"sameAs":["https:\/\/www.facebook.com\/profile.php?id=100008943462799","https:\/\/x.com\/bellunopress","https:\/\/www.linkedin.com\/hp\/?dnr=JBzUWaJfMUw8vbXJJ2tVW5-I3jZKvC4wsoxE&amp;amp;amp;amp;amp;amp;trk=nav_responsive_tab_home","https:\/\/www.youtube.com\/channel\/UCxL0wu1uN0_3_7hGG0306cw"]},{"@type":"Person","@id":"https:\/\/www.bellunopress.it\/#\/schema\/person\/79bb06722b37ece1c03d3e94beb30d73","name":"r\u00e9daction","image":{"@type":"ImageObject","inLanguage":"fr-FR","@id":"https:\/\/secure.gravatar.com\/avatar\/37d968a2e67a6fd04c169c4bdef102d0bc5d31b2546345219e348575eb80e9a0?s=96&d=mm&r=g","url":"https:\/\/secure.gravatar.com\/avatar\/37d968a2e67a6fd04c169c4bdef102d0bc5d31b2546345219e348575eb80e9a0?s=96&d=mm&r=g","contentUrl":"https:\/\/secure.gravatar.com\/avatar\/37d968a2e67a6fd04c169c4bdef102d0bc5d31b2546345219e348575eb80e9a0?s=96&d=mm&r=g","caption":"redazione"},"sameAs":["http:\/\/www.bellunopress.it","https:\/\/x.com\/bellunopress"],"url":"https:\/\/www.bellunopress.it\/fr\/author\/redazione\/"}]}},"_links":{"self":[{"href":"https:\/\/www.bellunopress.it\/fr\/wp-json\/wp\/v2\/posts\/163724","targetHints":{"allow":["GET"]}}],"collection":[{"href":"https:\/\/www.bellunopress.it\/fr\/wp-json\/wp\/v2\/posts"}],"about":[{"href":"https:\/\/www.bellunopress.it\/fr\/wp-json\/wp\/v2\/types\/post"}],"author":[{"embeddable":true,"href":"https:\/\/www.bellunopress.it\/fr\/wp-json\/wp\/v2\/users\/2"}],"replies":[{"embeddable":true,"href":"https:\/\/www.bellunopress.it\/fr\/wp-json\/wp\/v2\/comments?post=163724"}],"version-history":[{"count":1,"href":"https:\/\/www.bellunopress.it\/fr\/wp-json\/wp\/v2\/posts\/163724\/revisions"}],"predecessor-version":[{"id":163726,"href":"https:\/\/www.bellunopress.it\/fr\/wp-json\/wp\/v2\/posts\/163724\/revisions\/163726"}],"wp:featuredmedia":[{"embeddable":true,"href":"https:\/\/www.bellunopress.it\/fr\/wp-json\/wp\/v2\/media\/163725"}],"wp:attachment":[{"href":"https:\/\/www.bellunopress.it\/fr\/wp-json\/wp\/v2\/media?parent=163724"}],"wp:term":[{"taxonomy":"category","embeddable":true,"href":"https:\/\/www.bellunopress.it\/fr\/wp-json\/wp\/v2\/categories?post=163724"},{"taxonomy":"post_tag","embeddable":true,"href":"https:\/\/www.bellunopress.it\/fr\/wp-json\/wp\/v2\/tags?post=163724"}],"curies":[{"name":"wp","href":"https:\/\/api.w.org\/{rel}","templated":true}]}}