{"id":163721,"date":"2025-09-30T08:56:43","date_gmt":"2025-09-30T06:56:43","guid":{"rendered":"https:\/\/www.bellunopress.it\/?p=163721"},"modified":"2025-09-29T22:03:08","modified_gmt":"2025-09-29T20:03:08","slug":"i-sanitari-bellunesi-che-aderiscono-al-flash-mob-luci-sulla-palestina","status":"publish","type":"post","link":"https:\/\/www.bellunopress.it\/fr\/2025\/09\/30\/i-sanitari-bellunesi-che-aderiscono-al-flash-mob-luci-sulla-palestina\/","title":{"rendered":"I sanitari bellunesi che aderiscono al flash mob \u201cLuci sulla Palestina\u201d"},"content":{"rendered":"<p><img loading=\"lazy\" decoding=\"async\" class=\"aligncenter size-full wp-image-163722\" src=\"https:\/\/www.bellunopress.it\/wp-content\/uploads\/2025\/09\/luci-sulla-palestina.jpg\" alt=\"\" width=\"530\" height=\"760\" srcset=\"https:\/\/www.bellunopress.it\/wp-content\/uploads\/2025\/09\/luci-sulla-palestina.jpg 530w, https:\/\/www.bellunopress.it\/wp-content\/uploads\/2025\/09\/luci-sulla-palestina-349x500.jpg 349w, https:\/\/www.bellunopress.it\/wp-content\/uploads\/2025\/09\/luci-sulla-palestina-293x420.jpg 293w\" sizes=\"auto, (max-width: 530px) 100vw, 530px\" \/>Gli operatori sanitari della provincia di Belluno aderiscono al flash mob: \u201cLuci sulla Palestina \u2013 100 ospedali per Gaza\u201d, organizzato per gioved\u00ec 2 ottobre dalla Rete #DigiunoGaza.<\/p>\n<p>Si tratta di una rete nazionale di operatrici ed operatori sanitari che si sono uniti per organizzare azioni di testimonianza personale e protesta collettiva, come il digiuno a staffetta, per manifestare il proprio dissenso ed orrore per il genocidio del popolo palestinese.<br \/>\nQuesta manifestazione, che avverr\u00e0 contemporaneamente in 100 ospedali in tutta Italia, viene organizzata per esprimere solidariet\u00e0 al popolo palestinese, condannare il genocidio in corso e ricordare i 1677 sanitari uccisi a Gaza.<br \/>\nGli operatori sanitari della provincia invitano i cittadini a partecipare al flash mob che si terr\u00e0 all\u2019Ospedale San Martino di Belluno, all\u2019entrata principale, alle ore 21.00, dove accenderemo le nostre luci per illuminare simbolicamente la notte di Gaza e per ricordare gli oltre 60.000 palestinesi uccisi in questi ultimi due anni, tra cui 1677 sanitari di cui ricorderemo i nomi in una lettura collettiva.<\/p>\n<p>Chiediamo di portare torce, lampade, lumini o qualsiasi fonte luminosa, come mobilitazione<br \/>\nsimbolica e pacifica. Non si tratta di un atto politico ma di un gesto etico, fondato sul principio di neutralit\u00e0 medica. A Gaza il 94% delle strutture sanitarie \u00e8 stato distrutto o danneggiato, i pazienti vengono privati di terapie salvavita, il diritto universale alla salute \u00e8 disatteso. Rimanere in silenzio \u00e8 una forma di complicit\u00e0. Chiediamo di non portare bandiere o simboli di associazioni, sindacati o partiti. Portiamo le bandiere della Palestina.<br \/>\nCi sar\u00e0 una breve introduzione per spiegare gli scopi della rete #digiunoGaza, e per ricordare cosa \u00e8 successo e sta succedendo a Gaza. Quindi avverr\u00e0 la lettura dei nomi dei sanitari uccisi.<br \/>\nRingraziamo gi\u00e0 da ora per la partecipazione. Ricordiamo a tutti che la manifestazione avverr\u00e0 presso un luogo di cura, simbolicamente importante, ma che dobbiamo rispettare.<\/p>","protected":false},"excerpt":{"rendered":"<p>Gli operatori sanitari della provincia di Belluno aderiscono al flash mob: \u201cLuci sulla Palestina \u2013 100 ospedali per Gaza\u201d, organizzato per gioved\u00ec 2 ottobre dalla Rete #DigiunoGaza. Si tratta di una rete nazionale di operatrici ed operatori sanitari che si sono uniti per organizzare azioni di testimonianza personale e protesta collettiva, come il digiuno a [&hellip;]<\/p>\n","protected":false},"author":2,"featured_media":163722,"comment_status":"closed","ping_status":"open","sticky":false,"template":"","format":"standard","meta":{"footnotes":""},"categories":[25,17,8],"tags":[],"class_list":["post-163721","post","type-post","status-publish","format-standard","has-post-thumbnail","category-pausa-caffe","category-sanita","category-societa-istituzioni"],"yoast_head":"<!-- This site is optimized with the Yoast SEO plugin v28.4 - https:\/\/yoast.com\/product\/yoast-seo-wordpress\/ -->\n<title>I sanitari bellunesi che aderiscono al flash mob \u201cLuci sulla Palestina\u201d - Bellunopress - Dolomiti<\/title>\n<meta name=\"robots\" content=\"index, follow, max-snippet:-1, max-image-preview:large, max-video-preview:-1\" \/>\n<link rel=\"canonical\" href=\"https:\/\/www.bellunopress.it\/fr\/2025\/09\/30\/i-sanitari-bellunesi-che-aderiscono-al-flash-mob-luci-sulla-palestina\/\" \/>\n<meta property=\"og:locale\" content=\"fr_FR\" \/>\n<meta property=\"og:type\" content=\"article\" \/>\n<meta property=\"og:title\" content=\"I sanitari bellunesi che aderiscono al flash mob \u201cLuci sulla Palestina\u201d - Bellunopress - Dolomiti\" \/>\n<meta property=\"og:description\" content=\"Gli operatori sanitari della provincia di Belluno aderiscono al flash mob: \u201cLuci sulla Palestina \u2013 100 ospedali per Gaza\u201d, organizzato per gioved\u00ec 2 ottobre dalla Rete #DigiunoGaza. Si tratta di una rete nazionale di operatrici ed operatori sanitari che si sono uniti per organizzare azioni di testimonianza personale e protesta collettiva, come il digiuno a [&hellip;]\" \/>\n<meta property=\"og:url\" content=\"https:\/\/www.bellunopress.it\/fr\/2025\/09\/30\/i-sanitari-bellunesi-che-aderiscono-al-flash-mob-luci-sulla-palestina\/\" \/>\n<meta property=\"og:site_name\" content=\"Bellunopress - Dolomiti\" \/>\n<meta property=\"article:publisher\" content=\"https:\/\/www.facebook.com\/profile.php?id=100008943462799\" \/>\n<meta property=\"article:published_time\" content=\"2025-09-30T06:56:43+00:00\" \/>\n<meta property=\"og:image\" content=\"https:\/\/www.bellunopress.it\/wp-content\/uploads\/2025\/09\/luci-sulla-palestina.jpg\" \/>\n\t<meta property=\"og:image:width\" content=\"530\" \/>\n\t<meta property=\"og:image:height\" content=\"760\" \/>\n\t<meta property=\"og:image:type\" content=\"image\/jpeg\" \/>\n<meta name=\"author\" content=\"redazione\" \/>\n<meta name=\"twitter:card\" content=\"summary_large_image\" \/>\n<meta name=\"twitter:creator\" content=\"@bellunopress\" \/>\n<meta name=\"twitter:site\" content=\"@bellunopress\" \/>\n<meta name=\"twitter:label1\" content=\"\u00c9crit par\" \/>\n\t<meta name=\"twitter:data1\" content=\"redazione\" \/>\n\t<meta name=\"twitter:label2\" content=\"Dur\u00e9e de lecture estim\u00e9e\" \/>\n\t<meta name=\"twitter:data2\" content=\"1 minute\" \/>\n<script type=\"application\/ld+json\" class=\"yoast-schema-graph\">{\"@context\":\"https:\\\/\\\/schema.org\",\"@graph\":[{\"@type\":\"Article\",\"@id\":\"https:\\\/\\\/www.bellunopress.it\\\/2025\\\/09\\\/30\\\/i-sanitari-bellunesi-che-aderiscono-al-flash-mob-luci-sulla-palestina\\\/#article\",\"isPartOf\":{\"@id\":\"https:\\\/\\\/www.bellunopress.it\\\/2025\\\/09\\\/30\\\/i-sanitari-bellunesi-che-aderiscono-al-flash-mob-luci-sulla-palestina\\\/\"},\"author\":{\"name\":\"redazione\",\"@id\":\"https:\\\/\\\/www.bellunopress.it\\\/#\\\/schema\\\/person\\\/79bb06722b37ece1c03d3e94beb30d73\"},\"headline\":\"I sanitari bellunesi che aderiscono al flash mob \u201cLuci sulla Palestina\u201d\",\"datePublished\":\"2025-09-30T06:56:43+00:00\",\"mainEntityOfPage\":{\"@id\":\"https:\\\/\\\/www.bellunopress.it\\\/2025\\\/09\\\/30\\\/i-sanitari-bellunesi-che-aderiscono-al-flash-mob-luci-sulla-palestina\\\/\"},\"wordCount\":306,\"publisher\":{\"@id\":\"https:\\\/\\\/www.bellunopress.it\\\/#organization\"},\"image\":{\"@id\":\"https:\\\/\\\/www.bellunopress.it\\\/2025\\\/09\\\/30\\\/i-sanitari-bellunesi-che-aderiscono-al-flash-mob-luci-sulla-palestina\\\/#primaryimage\"},\"thumbnailUrl\":\"https:\\\/\\\/www.bellunopress.it\\\/wp-content\\\/uploads\\\/2025\\\/09\\\/luci-sulla-palestina.jpg\",\"articleSection\":[\"Pausa Caff\u00e8\",\"Sanit\u00e0 Medicina\",\"Societ\u00e0, Associazioni, Istituzioni\"],\"inLanguage\":\"fr-FR\"},{\"@type\":\"WebPage\",\"@id\":\"https:\\\/\\\/www.bellunopress.it\\\/2025\\\/09\\\/30\\\/i-sanitari-bellunesi-che-aderiscono-al-flash-mob-luci-sulla-palestina\\\/\",\"url\":\"https:\\\/\\\/www.bellunopress.it\\\/2025\\\/09\\\/30\\\/i-sanitari-bellunesi-che-aderiscono-al-flash-mob-luci-sulla-palestina\\\/\",\"name\":\"I sanitari bellunesi che aderiscono al flash mob \u201cLuci sulla Palestina\u201d - Bellunopress - Dolomiti\",\"isPartOf\":{\"@id\":\"https:\\\/\\\/www.bellunopress.it\\\/#website\"},\"primaryImageOfPage\":{\"@id\":\"https:\\\/\\\/www.bellunopress.it\\\/2025\\\/09\\\/30\\\/i-sanitari-bellunesi-che-aderiscono-al-flash-mob-luci-sulla-palestina\\\/#primaryimage\"},\"image\":{\"@id\":\"https:\\\/\\\/www.bellunopress.it\\\/2025\\\/09\\\/30\\\/i-sanitari-bellunesi-che-aderiscono-al-flash-mob-luci-sulla-palestina\\\/#primaryimage\"},\"thumbnailUrl\":\"https:\\\/\\\/www.bellunopress.it\\\/wp-content\\\/uploads\\\/2025\\\/09\\\/luci-sulla-palestina.jpg\",\"datePublished\":\"2025-09-30T06:56:43+00:00\",\"breadcrumb\":{\"@id\":\"https:\\\/\\\/www.bellunopress.it\\\/2025\\\/09\\\/30\\\/i-sanitari-bellunesi-che-aderiscono-al-flash-mob-luci-sulla-palestina\\\/#breadcrumb\"},\"inLanguage\":\"fr-FR\",\"potentialAction\":[{\"@type\":\"ReadAction\",\"target\":[\"https:\\\/\\\/www.bellunopress.it\\\/2025\\\/09\\\/30\\\/i-sanitari-bellunesi-che-aderiscono-al-flash-mob-luci-sulla-palestina\\\/\"]}]},{\"@type\":\"ImageObject\",\"inLanguage\":\"fr-FR\",\"@id\":\"https:\\\/\\\/www.bellunopress.it\\\/2025\\\/09\\\/30\\\/i-sanitari-bellunesi-che-aderiscono-al-flash-mob-luci-sulla-palestina\\\/#primaryimage\",\"url\":\"https:\\\/\\\/www.bellunopress.it\\\/wp-content\\\/uploads\\\/2025\\\/09\\\/luci-sulla-palestina.jpg\",\"contentUrl\":\"https:\\\/\\\/www.bellunopress.it\\\/wp-content\\\/uploads\\\/2025\\\/09\\\/luci-sulla-palestina.jpg\",\"width\":530,\"height\":760},{\"@type\":\"BreadcrumbList\",\"@id\":\"https:\\\/\\\/www.bellunopress.it\\\/2025\\\/09\\\/30\\\/i-sanitari-bellunesi-che-aderiscono-al-flash-mob-luci-sulla-palestina\\\/#breadcrumb\",\"itemListElement\":[{\"@type\":\"ListItem\",\"position\":1,\"name\":\"Home\",\"item\":\"https:\\\/\\\/www.bellunopress.it\\\/\"},{\"@type\":\"ListItem\",\"position\":2,\"name\":\"I sanitari bellunesi che aderiscono al flash mob \u201cLuci sulla Palestina\u201d\"}]},{\"@type\":\"WebSite\",\"@id\":\"https:\\\/\\\/www.bellunopress.it\\\/#website\",\"url\":\"https:\\\/\\\/www.bellunopress.it\\\/\",\"name\":\"Bellunopress - Dolomiti\",\"description\":\"e-mail: redazione@bellunopress.it\",\"publisher\":{\"@id\":\"https:\\\/\\\/www.bellunopress.it\\\/#organization\"},\"potentialAction\":[{\"@type\":\"SearchAction\",\"target\":{\"@type\":\"EntryPoint\",\"urlTemplate\":\"https:\\\/\\\/www.bellunopress.it\\\/?s={search_term_string}\"},\"query-input\":{\"@type\":\"PropertyValueSpecification\",\"valueRequired\":true,\"valueName\":\"search_term_string\"}}],\"inLanguage\":\"fr-FR\"},{\"@type\":\"Organization\",\"@id\":\"https:\\\/\\\/www.bellunopress.it\\\/#organization\",\"name\":\"Bellunopress\",\"url\":\"https:\\\/\\\/www.bellunopress.it\\\/\",\"logo\":{\"@type\":\"ImageObject\",\"inLanguage\":\"fr-FR\",\"@id\":\"https:\\\/\\\/www.bellunopress.it\\\/#\\\/schema\\\/logo\\\/image\\\/\",\"url\":\"https:\\\/\\\/www.bellunopress.it\\\/wp-content\\\/uploads\\\/2011\\\/05\\\/cropped-logo-bellunopress-.jpg\",\"contentUrl\":\"https:\\\/\\\/www.bellunopress.it\\\/wp-content\\\/uploads\\\/2011\\\/05\\\/cropped-logo-bellunopress-.jpg\",\"width\":512,\"height\":512,\"caption\":\"Bellunopress\"},\"image\":{\"@id\":\"https:\\\/\\\/www.bellunopress.it\\\/#\\\/schema\\\/logo\\\/image\\\/\"},\"sameAs\":[\"https:\\\/\\\/www.facebook.com\\\/profile.php?id=100008943462799\",\"https:\\\/\\\/x.com\\\/bellunopress\",\"https:\\\/\\\/www.linkedin.com\\\/hp\\\/?dnr=JBzUWaJfMUw8vbXJJ2tVW5-I3jZKvC4wsoxE&amp;amp;amp;amp;amp;amp;trk=nav_responsive_tab_home\",\"https:\\\/\\\/www.youtube.com\\\/channel\\\/UCxL0wu1uN0_3_7hGG0306cw\"]},{\"@type\":\"Person\",\"@id\":\"https:\\\/\\\/www.bellunopress.it\\\/#\\\/schema\\\/person\\\/79bb06722b37ece1c03d3e94beb30d73\",\"name\":\"redazione\",\"image\":{\"@type\":\"ImageObject\",\"inLanguage\":\"fr-FR\",\"@id\":\"https:\\\/\\\/secure.gravatar.com\\\/avatar\\\/37d968a2e67a6fd04c169c4bdef102d0bc5d31b2546345219e348575eb80e9a0?s=96&d=mm&r=g\",\"url\":\"https:\\\/\\\/secure.gravatar.com\\\/avatar\\\/37d968a2e67a6fd04c169c4bdef102d0bc5d31b2546345219e348575eb80e9a0?s=96&d=mm&r=g\",\"contentUrl\":\"https:\\\/\\\/secure.gravatar.com\\\/avatar\\\/37d968a2e67a6fd04c169c4bdef102d0bc5d31b2546345219e348575eb80e9a0?s=96&d=mm&r=g\",\"caption\":\"redazione\"},\"sameAs\":[\"http:\\\/\\\/www.bellunopress.it\",\"https:\\\/\\\/x.com\\\/bellunopress\"],\"url\":\"https:\\\/\\\/www.bellunopress.it\\\/fr\\\/author\\\/redazione\\\/\"}]}<\/script>\n<!-- \/ Yoast SEO plugin. -->","yoast_head_json":{"title":"I sanitari bellunesi che aderiscono al flash mob \u201cLuci sulla Palestina\u201d - Bellunopress - Dolomiti","robots":{"index":"index","follow":"follow","max-snippet":"max-snippet:-1","max-image-preview":"max-image-preview:large","max-video-preview":"max-video-preview:-1"},"canonical":"https:\/\/www.bellunopress.it\/fr\/2025\/09\/30\/i-sanitari-bellunesi-che-aderiscono-al-flash-mob-luci-sulla-palestina\/","og_locale":"fr_FR","og_type":"article","og_title":"I sanitari bellunesi che aderiscono al flash mob \u201cLuci sulla Palestina\u201d - Bellunopress - Dolomiti","og_description":"Gli operatori sanitari della provincia di Belluno aderiscono al flash mob: \u201cLuci sulla Palestina \u2013 100 ospedali per Gaza\u201d, organizzato per gioved\u00ec 2 ottobre dalla Rete #DigiunoGaza. Si tratta di una rete nazionale di operatrici ed operatori sanitari che si sono uniti per organizzare azioni di testimonianza personale e protesta collettiva, come il digiuno a [&hellip;]","og_url":"https:\/\/www.bellunopress.it\/fr\/2025\/09\/30\/i-sanitari-bellunesi-che-aderiscono-al-flash-mob-luci-sulla-palestina\/","og_site_name":"Bellunopress - Dolomiti","article_publisher":"https:\/\/www.facebook.com\/profile.php?id=100008943462799","article_published_time":"2025-09-30T06:56:43+00:00","og_image":[{"width":530,"height":760,"url":"https:\/\/www.bellunopress.it\/wp-content\/uploads\/2025\/09\/luci-sulla-palestina.jpg","type":"image\/jpeg"}],"author":"redazione","twitter_card":"summary_large_image","twitter_creator":"@bellunopress","twitter_site":"@bellunopress","twitter_misc":{"\u00c9crit par":"redazione","Dur\u00e9e de lecture estim\u00e9e":"1 minute"},"schema":{"@context":"https:\/\/schema.org","@graph":[{"@type":"Article","@id":"https:\/\/www.bellunopress.it\/2025\/09\/30\/i-sanitari-bellunesi-che-aderiscono-al-flash-mob-luci-sulla-palestina\/#article","isPartOf":{"@id":"https:\/\/www.bellunopress.it\/2025\/09\/30\/i-sanitari-bellunesi-che-aderiscono-al-flash-mob-luci-sulla-palestina\/"},"author":{"name":"redazione","@id":"https:\/\/www.bellunopress.it\/#\/schema\/person\/79bb06722b37ece1c03d3e94beb30d73"},"headline":"I sanitari bellunesi che aderiscono al flash mob \u201cLuci sulla Palestina\u201d","datePublished":"2025-09-30T06:56:43+00:00","mainEntityOfPage":{"@id":"https:\/\/www.bellunopress.it\/2025\/09\/30\/i-sanitari-bellunesi-che-aderiscono-al-flash-mob-luci-sulla-palestina\/"},"wordCount":306,"publisher":{"@id":"https:\/\/www.bellunopress.it\/#organization"},"image":{"@id":"https:\/\/www.bellunopress.it\/2025\/09\/30\/i-sanitari-bellunesi-che-aderiscono-al-flash-mob-luci-sulla-palestina\/#primaryimage"},"thumbnailUrl":"https:\/\/www.bellunopress.it\/wp-content\/uploads\/2025\/09\/luci-sulla-palestina.jpg","articleSection":["Pausa Caff\u00e8","Sanit\u00e0 Medicina","Societ\u00e0, Associazioni, Istituzioni"],"inLanguage":"fr-FR"},{"@type":"WebPage","@id":"https:\/\/www.bellunopress.it\/2025\/09\/30\/i-sanitari-bellunesi-che-aderiscono-al-flash-mob-luci-sulla-palestina\/","url":"https:\/\/www.bellunopress.it\/2025\/09\/30\/i-sanitari-bellunesi-che-aderiscono-al-flash-mob-luci-sulla-palestina\/","name":"I sanitari bellunesi che aderiscono al flash mob \u201cLuci sulla Palestina\u201d - Bellunopress - Dolomiti","isPartOf":{"@id":"https:\/\/www.bellunopress.it\/#website"},"primaryImageOfPage":{"@id":"https:\/\/www.bellunopress.it\/2025\/09\/30\/i-sanitari-bellunesi-che-aderiscono-al-flash-mob-luci-sulla-palestina\/#primaryimage"},"image":{"@id":"https:\/\/www.bellunopress.it\/2025\/09\/30\/i-sanitari-bellunesi-che-aderiscono-al-flash-mob-luci-sulla-palestina\/#primaryimage"},"thumbnailUrl":"https:\/\/www.bellunopress.it\/wp-content\/uploads\/2025\/09\/luci-sulla-palestina.jpg","datePublished":"2025-09-30T06:56:43+00:00","breadcrumb":{"@id":"https:\/\/www.bellunopress.it\/2025\/09\/30\/i-sanitari-bellunesi-che-aderiscono-al-flash-mob-luci-sulla-palestina\/#breadcrumb"},"inLanguage":"fr-FR","potentialAction":[{"@type":"ReadAction","target":["https:\/\/www.bellunopress.it\/2025\/09\/30\/i-sanitari-bellunesi-che-aderiscono-al-flash-mob-luci-sulla-palestina\/"]}]},{"@type":"ImageObject","inLanguage":"fr-FR","@id":"https:\/\/www.bellunopress.it\/2025\/09\/30\/i-sanitari-bellunesi-che-aderiscono-al-flash-mob-luci-sulla-palestina\/#primaryimage","url":"https:\/\/www.bellunopress.it\/wp-content\/uploads\/2025\/09\/luci-sulla-palestina.jpg","contentUrl":"https:\/\/www.bellunopress.it\/wp-content\/uploads\/2025\/09\/luci-sulla-palestina.jpg","width":530,"height":760},{"@type":"BreadcrumbList","@id":"https:\/\/www.bellunopress.it\/2025\/09\/30\/i-sanitari-bellunesi-che-aderiscono-al-flash-mob-luci-sulla-palestina\/#breadcrumb","itemListElement":[{"@type":"ListItem","position":1,"name":"Home","item":"https:\/\/www.bellunopress.it\/"},{"@type":"ListItem","position":2,"name":"I sanitari bellunesi che aderiscono al flash mob \u201cLuci sulla Palestina\u201d"}]},{"@type":"WebSite","@id":"https:\/\/www.bellunopress.it\/#website","url":"https:\/\/www.bellunopress.it\/","name":"Bellunopress - Dolomiti","description":"e-mail: redazione@bellunopress.it","publisher":{"@id":"https:\/\/www.bellunopress.it\/#organization"},"potentialAction":[{"@type":"SearchAction","target":{"@type":"EntryPoint","urlTemplate":"https:\/\/www.bellunopress.it\/?s={search_term_string}"},"query-input":{"@type":"PropertyValueSpecification","valueRequired":true,"valueName":"search_term_string"}}],"inLanguage":"fr-FR"},{"@type":"Organization","@id":"https:\/\/www.bellunopress.it\/#organization","name":"Bellunopress","url":"https:\/\/www.bellunopress.it\/","logo":{"@type":"ImageObject","inLanguage":"fr-FR","@id":"https:\/\/www.bellunopress.it\/#\/schema\/logo\/image\/","url":"https:\/\/www.bellunopress.it\/wp-content\/uploads\/2011\/05\/cropped-logo-bellunopress-.jpg","contentUrl":"https:\/\/www.bellunopress.it\/wp-content\/uploads\/2011\/05\/cropped-logo-bellunopress-.jpg","width":512,"height":512,"caption":"Bellunopress"},"image":{"@id":"https:\/\/www.bellunopress.it\/#\/schema\/logo\/image\/"},"sameAs":["https:\/\/www.facebook.com\/profile.php?id=100008943462799","https:\/\/x.com\/bellunopress","https:\/\/www.linkedin.com\/hp\/?dnr=JBzUWaJfMUw8vbXJJ2tVW5-I3jZKvC4wsoxE&amp;amp;amp;amp;amp;amp;trk=nav_responsive_tab_home","https:\/\/www.youtube.com\/channel\/UCxL0wu1uN0_3_7hGG0306cw"]},{"@type":"Person","@id":"https:\/\/www.bellunopress.it\/#\/schema\/person\/79bb06722b37ece1c03d3e94beb30d73","name":"r\u00e9daction","image":{"@type":"ImageObject","inLanguage":"fr-FR","@id":"https:\/\/secure.gravatar.com\/avatar\/37d968a2e67a6fd04c169c4bdef102d0bc5d31b2546345219e348575eb80e9a0?s=96&d=mm&r=g","url":"https:\/\/secure.gravatar.com\/avatar\/37d968a2e67a6fd04c169c4bdef102d0bc5d31b2546345219e348575eb80e9a0?s=96&d=mm&r=g","contentUrl":"https:\/\/secure.gravatar.com\/avatar\/37d968a2e67a6fd04c169c4bdef102d0bc5d31b2546345219e348575eb80e9a0?s=96&d=mm&r=g","caption":"redazione"},"sameAs":["http:\/\/www.bellunopress.it","https:\/\/x.com\/bellunopress"],"url":"https:\/\/www.bellunopress.it\/fr\/author\/redazione\/"}]}},"_links":{"self":[{"href":"https:\/\/www.bellunopress.it\/fr\/wp-json\/wp\/v2\/posts\/163721","targetHints":{"allow":["GET"]}}],"collection":[{"href":"https:\/\/www.bellunopress.it\/fr\/wp-json\/wp\/v2\/posts"}],"about":[{"href":"https:\/\/www.bellunopress.it\/fr\/wp-json\/wp\/v2\/types\/post"}],"author":[{"embeddable":true,"href":"https:\/\/www.bellunopress.it\/fr\/wp-json\/wp\/v2\/users\/2"}],"replies":[{"embeddable":true,"href":"https:\/\/www.bellunopress.it\/fr\/wp-json\/wp\/v2\/comments?post=163721"}],"version-history":[{"count":1,"href":"https:\/\/www.bellunopress.it\/fr\/wp-json\/wp\/v2\/posts\/163721\/revisions"}],"predecessor-version":[{"id":163723,"href":"https:\/\/www.bellunopress.it\/fr\/wp-json\/wp\/v2\/posts\/163721\/revisions\/163723"}],"wp:featuredmedia":[{"embeddable":true,"href":"https:\/\/www.bellunopress.it\/fr\/wp-json\/wp\/v2\/media\/163722"}],"wp:attachment":[{"href":"https:\/\/www.bellunopress.it\/fr\/wp-json\/wp\/v2\/media?parent=163721"}],"wp:term":[{"taxonomy":"category","embeddable":true,"href":"https:\/\/www.bellunopress.it\/fr\/wp-json\/wp\/v2\/categories?post=163721"},{"taxonomy":"post_tag","embeddable":true,"href":"https:\/\/www.bellunopress.it\/fr\/wp-json\/wp\/v2\/tags?post=163721"}],"curies":[{"name":"wp","href":"https:\/\/api.w.org\/{rel}","templated":true}]}}