{"id":163717,"date":"2025-09-29T19:02:31","date_gmt":"2025-09-29T17:02:31","guid":{"rendered":"https:\/\/www.bellunopress.it\/?p=163717"},"modified":"2025-09-29T19:02:31","modified_gmt":"2025-09-29T17:02:31","slug":"inaugurata-la-nuova-sede-del-pd-feltrino","status":"publish","type":"post","link":"https:\/\/www.bellunopress.it\/fr\/2025\/09\/29\/inaugurata-la-nuova-sede-del-pd-feltrino\/","title":{"rendered":"Inaugurata la nuova sede del Pd feltrino"},"content":{"rendered":"<figure id=\"attachment_163718\" aria-describedby=\"caption-attachment-163718\" style=\"width: 800px\" class=\"wp-caption aligncenter\"><img loading=\"lazy\" decoding=\"async\" class=\"size-full wp-image-163718\" src=\"https:\/\/www.bellunopress.it\/wp-content\/uploads\/2025\/09\/Nuova-sede-Susy-Candiago-Luca-Balbinot-Giovanni-Manildo-Marta-Picinotti-Irma-Visalli-Yuki-dEmilia-Alessandro-Del-Bianco_edited.jpg\" alt=\"\" width=\"800\" height=\"533\" srcset=\"https:\/\/www.bellunopress.it\/wp-content\/uploads\/2025\/09\/Nuova-sede-Susy-Candiago-Luca-Balbinot-Giovanni-Manildo-Marta-Picinotti-Irma-Visalli-Yuki-dEmilia-Alessandro-Del-Bianco_edited.jpg 800w, https:\/\/www.bellunopress.it\/wp-content\/uploads\/2025\/09\/Nuova-sede-Susy-Candiago-Luca-Balbinot-Giovanni-Manildo-Marta-Picinotti-Irma-Visalli-Yuki-dEmilia-Alessandro-Del-Bianco_edited-500x333.jpg 500w, https:\/\/www.bellunopress.it\/wp-content\/uploads\/2025\/09\/Nuova-sede-Susy-Candiago-Luca-Balbinot-Giovanni-Manildo-Marta-Picinotti-Irma-Visalli-Yuki-dEmilia-Alessandro-Del-Bianco_edited-630x420.jpg 630w, https:\/\/www.bellunopress.it\/wp-content\/uploads\/2025\/09\/Nuova-sede-Susy-Candiago-Luca-Balbinot-Giovanni-Manildo-Marta-Picinotti-Irma-Visalli-Yuki-dEmilia-Alessandro-Del-Bianco_edited-696x464.jpg 696w\" sizes=\"auto, (max-width: 800px) 100vw, 800px\" \/><figcaption id=\"caption-attachment-163718\" class=\"wp-caption-text\">Susy Candiago, Luca Balbinot, Giovanni Manildo, Marta Picinotti, Irma Visalli, Yuki d&#8217;Emilia, Alessandro Del Bianco<\/figcaption><\/figure>\n<p><strong>Taglio del nastro per la sede del PD feltrino: \u00abAprire una sede \u00e8 atto politico: qui unit\u00e0 e confronto\u00bb. Presenti i candidati alle regionali e Giovanni Manildo: \u00abAbitare la montagna vuol dire servizi, sanit\u00e0, infrastrutture, lavoro\u00bb<\/strong><\/p>\n<p>Belluno, 29 settembre 2025 \u2013 \u00abAprire una sede \u00e8 un atto politico\u00bb: con queste parole della Segretaria del circolo Lidia Maoret, ieri mattina, domenica 28 settembre, il Partito Democratico ha ufficialmente inaugurato la nuova sede del circolo di Feltre-Seren-Pedavena in Piazzetta Trento e Trieste a Feltre.<\/p>\n<p>Una cerimonia condotta dalla consigliera comunale di Feltre Carla Cassol, che si \u00e8 aperta con il commosso ricordo di Edi Fontana, scomparso sabato e salutato dall\u2019applauso e dalle lacrime dei presenti che con lui hanno attraversato tanti anni di vita politica, amministrativa e sociale bellunese.<\/p>\n<p>Tantissimi i tesserati arrivati a Feltre da tutta la provincia, ma forte anche il sostegno delle altre forze del centrosinistra: \u00abQuesto spazio non vuole essere solo la sede di un partito, ma vuole essere la casa del centrosinistra che si riunisce e si confronta per costruire un futuro nuovo per questa citt\u00e0 e per il Paese\u00bb, l\u2019impegno giunto dal palco.<\/p>\n<p>Il taglio del nastro della nuova sede, che in passato ha gi\u00e0 ospitato il Partito Comunista prima e il PDS poi, \u00e8 stato l\u2019occasione per presentare anche i candidati del Partito Democratico Belluno Dolomiti ai feltrini: dal palco Susy Candiago, Irma Visalli, Luca Balbinot, Yuki d\u2019Emilia e Alessandro Del Bianco hanno toccato i temi a loro pi\u00f9 cari, dalla partecipazione alla mobilit\u00e0, dai servizi al turismo, dalla sanit\u00e0 alle infrastrutture.<\/p>\n<p>A chiudere, il candidato alla presidenza della Regione Veneto per il centrosinistra, Giovanni Manildo: ambiente, difesa della sanit\u00e0 pubblica come valore, trasporti, lotta allo spopolamento, lavoro, i capisaldi del suo impegno per il territorio montano. \u00abDopo trent\u2019anni di governo di centrodestra e quindici del presidente Zaia, si respira voglia di cambiamento\u00bb ha sottolineato Manildo. \u00abSono orgoglioso di poter lavorare gi\u00e0 da due mesi con una coalizione unita in cui tutti gli attori partecipano con un obiettivo comune. Ci troviamo in un momento di nuova fondazione, e per questo sono decisivi la partecipazione e la concretezza\u00bb.<\/p>","protected":false},"excerpt":{"rendered":"<p>Taglio del nastro per la sede del PD feltrino: \u00abAprire una sede \u00e8 atto politico: qui unit\u00e0 e confronto\u00bb. Presenti i candidati alle regionali e Giovanni Manildo: \u00abAbitare la montagna vuol dire servizi, sanit\u00e0, infrastrutture, lavoro\u00bb Belluno, 29 settembre 2025 \u2013 \u00abAprire una sede \u00e8 un atto politico\u00bb: con queste parole della Segretaria del circolo [&hellip;]<\/p>\n","protected":false},"author":2,"featured_media":163718,"comment_status":"closed","ping_status":"open","sticky":false,"template":"","format":"standard","meta":{"footnotes":""},"categories":[5,26],"tags":[],"class_list":["post-163717","post","type-post","status-publish","format-standard","has-post-thumbnail","category-cronaca","category-prima-pagina"],"yoast_head":"<!-- This site is optimized with the Yoast SEO plugin v28.4 - https:\/\/yoast.com\/product\/yoast-seo-wordpress\/ -->\n<title>Inaugurata la nuova sede del Pd feltrino - Bellunopress - Dolomiti<\/title>\n<meta name=\"robots\" content=\"index, follow, max-snippet:-1, max-image-preview:large, max-video-preview:-1\" \/>\n<link rel=\"canonical\" href=\"https:\/\/www.bellunopress.it\/fr\/2025\/09\/29\/inaugurata-la-nuova-sede-del-pd-feltrino\/\" \/>\n<meta property=\"og:locale\" content=\"fr_FR\" \/>\n<meta property=\"og:type\" content=\"article\" \/>\n<meta property=\"og:title\" content=\"Inaugurata la nuova sede del Pd feltrino - Bellunopress - Dolomiti\" \/>\n<meta property=\"og:description\" content=\"Taglio del nastro per la sede del PD feltrino: \u00abAprire una sede \u00e8 atto politico: qui unit\u00e0 e confronto\u00bb. Presenti i candidati alle regionali e Giovanni Manildo: \u00abAbitare la montagna vuol dire servizi, sanit\u00e0, infrastrutture, lavoro\u00bb Belluno, 29 settembre 2025 \u2013 \u00abAprire una sede \u00e8 un atto politico\u00bb: con queste parole della Segretaria del circolo [&hellip;]\" \/>\n<meta property=\"og:url\" content=\"https:\/\/www.bellunopress.it\/fr\/2025\/09\/29\/inaugurata-la-nuova-sede-del-pd-feltrino\/\" \/>\n<meta property=\"og:site_name\" content=\"Bellunopress - Dolomiti\" \/>\n<meta property=\"article:publisher\" content=\"https:\/\/www.facebook.com\/profile.php?id=100008943462799\" \/>\n<meta property=\"article:published_time\" content=\"2025-09-29T17:02:31+00:00\" \/>\n<meta property=\"og:image\" content=\"https:\/\/www.bellunopress.it\/wp-content\/uploads\/2025\/09\/Nuova-sede-Susy-Candiago-Luca-Balbinot-Giovanni-Manildo-Marta-Picinotti-Irma-Visalli-Yuki-dEmilia-Alessandro-Del-Bianco_edited.jpg\" \/>\n\t<meta property=\"og:image:width\" content=\"800\" \/>\n\t<meta property=\"og:image:height\" content=\"533\" \/>\n\t<meta property=\"og:image:type\" content=\"image\/jpeg\" \/>\n<meta name=\"author\" content=\"redazione\" \/>\n<meta name=\"twitter:card\" content=\"summary_large_image\" \/>\n<meta name=\"twitter:creator\" content=\"@bellunopress\" \/>\n<meta name=\"twitter:site\" content=\"@bellunopress\" \/>\n<meta name=\"twitter:label1\" content=\"\u00c9crit par\" \/>\n\t<meta name=\"twitter:data1\" content=\"redazione\" \/>\n\t<meta name=\"twitter:label2\" content=\"Dur\u00e9e de lecture estim\u00e9e\" \/>\n\t<meta name=\"twitter:data2\" content=\"2 minutes\" \/>\n<script type=\"application\/ld+json\" class=\"yoast-schema-graph\">{\"@context\":\"https:\\\/\\\/schema.org\",\"@graph\":[{\"@type\":\"Article\",\"@id\":\"https:\\\/\\\/www.bellunopress.it\\\/2025\\\/09\\\/29\\\/inaugurata-la-nuova-sede-del-pd-feltrino\\\/#article\",\"isPartOf\":{\"@id\":\"https:\\\/\\\/www.bellunopress.it\\\/2025\\\/09\\\/29\\\/inaugurata-la-nuova-sede-del-pd-feltrino\\\/\"},\"author\":{\"name\":\"redazione\",\"@id\":\"https:\\\/\\\/www.bellunopress.it\\\/#\\\/schema\\\/person\\\/79bb06722b37ece1c03d3e94beb30d73\"},\"headline\":\"Inaugurata la nuova sede del Pd feltrino\",\"datePublished\":\"2025-09-29T17:02:31+00:00\",\"mainEntityOfPage\":{\"@id\":\"https:\\\/\\\/www.bellunopress.it\\\/2025\\\/09\\\/29\\\/inaugurata-la-nuova-sede-del-pd-feltrino\\\/\"},\"wordCount\":379,\"publisher\":{\"@id\":\"https:\\\/\\\/www.bellunopress.it\\\/#organization\"},\"image\":{\"@id\":\"https:\\\/\\\/www.bellunopress.it\\\/2025\\\/09\\\/29\\\/inaugurata-la-nuova-sede-del-pd-feltrino\\\/#primaryimage\"},\"thumbnailUrl\":\"https:\\\/\\\/www.bellunopress.it\\\/wp-content\\\/uploads\\\/2025\\\/09\\\/Nuova-sede-Susy-Candiago-Luca-Balbinot-Giovanni-Manildo-Marta-Picinotti-Irma-Visalli-Yuki-dEmilia-Alessandro-Del-Bianco_edited.jpg\",\"articleSection\":[\"Cronaca\\\/Politica\",\"Prima Pagina\"],\"inLanguage\":\"fr-FR\"},{\"@type\":\"WebPage\",\"@id\":\"https:\\\/\\\/www.bellunopress.it\\\/2025\\\/09\\\/29\\\/inaugurata-la-nuova-sede-del-pd-feltrino\\\/\",\"url\":\"https:\\\/\\\/www.bellunopress.it\\\/2025\\\/09\\\/29\\\/inaugurata-la-nuova-sede-del-pd-feltrino\\\/\",\"name\":\"Inaugurata la nuova sede del Pd feltrino - Bellunopress - Dolomiti\",\"isPartOf\":{\"@id\":\"https:\\\/\\\/www.bellunopress.it\\\/#website\"},\"primaryImageOfPage\":{\"@id\":\"https:\\\/\\\/www.bellunopress.it\\\/2025\\\/09\\\/29\\\/inaugurata-la-nuova-sede-del-pd-feltrino\\\/#primaryimage\"},\"image\":{\"@id\":\"https:\\\/\\\/www.bellunopress.it\\\/2025\\\/09\\\/29\\\/inaugurata-la-nuova-sede-del-pd-feltrino\\\/#primaryimage\"},\"thumbnailUrl\":\"https:\\\/\\\/www.bellunopress.it\\\/wp-content\\\/uploads\\\/2025\\\/09\\\/Nuova-sede-Susy-Candiago-Luca-Balbinot-Giovanni-Manildo-Marta-Picinotti-Irma-Visalli-Yuki-dEmilia-Alessandro-Del-Bianco_edited.jpg\",\"datePublished\":\"2025-09-29T17:02:31+00:00\",\"breadcrumb\":{\"@id\":\"https:\\\/\\\/www.bellunopress.it\\\/2025\\\/09\\\/29\\\/inaugurata-la-nuova-sede-del-pd-feltrino\\\/#breadcrumb\"},\"inLanguage\":\"fr-FR\",\"potentialAction\":[{\"@type\":\"ReadAction\",\"target\":[\"https:\\\/\\\/www.bellunopress.it\\\/2025\\\/09\\\/29\\\/inaugurata-la-nuova-sede-del-pd-feltrino\\\/\"]}]},{\"@type\":\"ImageObject\",\"inLanguage\":\"fr-FR\",\"@id\":\"https:\\\/\\\/www.bellunopress.it\\\/2025\\\/09\\\/29\\\/inaugurata-la-nuova-sede-del-pd-feltrino\\\/#primaryimage\",\"url\":\"https:\\\/\\\/www.bellunopress.it\\\/wp-content\\\/uploads\\\/2025\\\/09\\\/Nuova-sede-Susy-Candiago-Luca-Balbinot-Giovanni-Manildo-Marta-Picinotti-Irma-Visalli-Yuki-dEmilia-Alessandro-Del-Bianco_edited.jpg\",\"contentUrl\":\"https:\\\/\\\/www.bellunopress.it\\\/wp-content\\\/uploads\\\/2025\\\/09\\\/Nuova-sede-Susy-Candiago-Luca-Balbinot-Giovanni-Manildo-Marta-Picinotti-Irma-Visalli-Yuki-dEmilia-Alessandro-Del-Bianco_edited.jpg\",\"width\":800,\"height\":533,\"caption\":\"Susy Candiago, Luca Balbinot, Giovanni Manildo, Marta Picinotti, Irma Visalli, Yuki d'Emilia, Alessandro Del Bianco\"},{\"@type\":\"BreadcrumbList\",\"@id\":\"https:\\\/\\\/www.bellunopress.it\\\/2025\\\/09\\\/29\\\/inaugurata-la-nuova-sede-del-pd-feltrino\\\/#breadcrumb\",\"itemListElement\":[{\"@type\":\"ListItem\",\"position\":1,\"name\":\"Home\",\"item\":\"https:\\\/\\\/www.bellunopress.it\\\/\"},{\"@type\":\"ListItem\",\"position\":2,\"name\":\"Inaugurata la nuova sede del Pd feltrino\"}]},{\"@type\":\"WebSite\",\"@id\":\"https:\\\/\\\/www.bellunopress.it\\\/#website\",\"url\":\"https:\\\/\\\/www.bellunopress.it\\\/\",\"name\":\"Bellunopress - Dolomiti\",\"description\":\"e-mail: redazione@bellunopress.it\",\"publisher\":{\"@id\":\"https:\\\/\\\/www.bellunopress.it\\\/#organization\"},\"potentialAction\":[{\"@type\":\"SearchAction\",\"target\":{\"@type\":\"EntryPoint\",\"urlTemplate\":\"https:\\\/\\\/www.bellunopress.it\\\/?s={search_term_string}\"},\"query-input\":{\"@type\":\"PropertyValueSpecification\",\"valueRequired\":true,\"valueName\":\"search_term_string\"}}],\"inLanguage\":\"fr-FR\"},{\"@type\":\"Organization\",\"@id\":\"https:\\\/\\\/www.bellunopress.it\\\/#organization\",\"name\":\"Bellunopress\",\"url\":\"https:\\\/\\\/www.bellunopress.it\\\/\",\"logo\":{\"@type\":\"ImageObject\",\"inLanguage\":\"fr-FR\",\"@id\":\"https:\\\/\\\/www.bellunopress.it\\\/#\\\/schema\\\/logo\\\/image\\\/\",\"url\":\"https:\\\/\\\/www.bellunopress.it\\\/wp-content\\\/uploads\\\/2011\\\/05\\\/cropped-logo-bellunopress-.jpg\",\"contentUrl\":\"https:\\\/\\\/www.bellunopress.it\\\/wp-content\\\/uploads\\\/2011\\\/05\\\/cropped-logo-bellunopress-.jpg\",\"width\":512,\"height\":512,\"caption\":\"Bellunopress\"},\"image\":{\"@id\":\"https:\\\/\\\/www.bellunopress.it\\\/#\\\/schema\\\/logo\\\/image\\\/\"},\"sameAs\":[\"https:\\\/\\\/www.facebook.com\\\/profile.php?id=100008943462799\",\"https:\\\/\\\/x.com\\\/bellunopress\",\"https:\\\/\\\/www.linkedin.com\\\/hp\\\/?dnr=JBzUWaJfMUw8vbXJJ2tVW5-I3jZKvC4wsoxE&amp;amp;amp;amp;amp;amp;trk=nav_responsive_tab_home\",\"https:\\\/\\\/www.youtube.com\\\/channel\\\/UCxL0wu1uN0_3_7hGG0306cw\"]},{\"@type\":\"Person\",\"@id\":\"https:\\\/\\\/www.bellunopress.it\\\/#\\\/schema\\\/person\\\/79bb06722b37ece1c03d3e94beb30d73\",\"name\":\"redazione\",\"image\":{\"@type\":\"ImageObject\",\"inLanguage\":\"fr-FR\",\"@id\":\"https:\\\/\\\/secure.gravatar.com\\\/avatar\\\/37d968a2e67a6fd04c169c4bdef102d0bc5d31b2546345219e348575eb80e9a0?s=96&d=mm&r=g\",\"url\":\"https:\\\/\\\/secure.gravatar.com\\\/avatar\\\/37d968a2e67a6fd04c169c4bdef102d0bc5d31b2546345219e348575eb80e9a0?s=96&d=mm&r=g\",\"contentUrl\":\"https:\\\/\\\/secure.gravatar.com\\\/avatar\\\/37d968a2e67a6fd04c169c4bdef102d0bc5d31b2546345219e348575eb80e9a0?s=96&d=mm&r=g\",\"caption\":\"redazione\"},\"sameAs\":[\"http:\\\/\\\/www.bellunopress.it\",\"https:\\\/\\\/x.com\\\/bellunopress\"],\"url\":\"https:\\\/\\\/www.bellunopress.it\\\/fr\\\/author\\\/redazione\\\/\"}]}<\/script>\n<!-- \/ Yoast SEO plugin. -->","yoast_head_json":{"title":"Inaugurata la nuova sede del Pd feltrino - Bellunopress - Dolomiti","robots":{"index":"index","follow":"follow","max-snippet":"max-snippet:-1","max-image-preview":"max-image-preview:large","max-video-preview":"max-video-preview:-1"},"canonical":"https:\/\/www.bellunopress.it\/fr\/2025\/09\/29\/inaugurata-la-nuova-sede-del-pd-feltrino\/","og_locale":"fr_FR","og_type":"article","og_title":"Inaugurata la nuova sede del Pd feltrino - Bellunopress - Dolomiti","og_description":"Taglio del nastro per la sede del PD feltrino: \u00abAprire una sede \u00e8 atto politico: qui unit\u00e0 e confronto\u00bb. Presenti i candidati alle regionali e Giovanni Manildo: \u00abAbitare la montagna vuol dire servizi, sanit\u00e0, infrastrutture, lavoro\u00bb Belluno, 29 settembre 2025 \u2013 \u00abAprire una sede \u00e8 un atto politico\u00bb: con queste parole della Segretaria del circolo [&hellip;]","og_url":"https:\/\/www.bellunopress.it\/fr\/2025\/09\/29\/inaugurata-la-nuova-sede-del-pd-feltrino\/","og_site_name":"Bellunopress - Dolomiti","article_publisher":"https:\/\/www.facebook.com\/profile.php?id=100008943462799","article_published_time":"2025-09-29T17:02:31+00:00","og_image":[{"width":800,"height":533,"url":"https:\/\/www.bellunopress.it\/wp-content\/uploads\/2025\/09\/Nuova-sede-Susy-Candiago-Luca-Balbinot-Giovanni-Manildo-Marta-Picinotti-Irma-Visalli-Yuki-dEmilia-Alessandro-Del-Bianco_edited.jpg","type":"image\/jpeg"}],"author":"redazione","twitter_card":"summary_large_image","twitter_creator":"@bellunopress","twitter_site":"@bellunopress","twitter_misc":{"\u00c9crit par":"redazione","Dur\u00e9e de lecture estim\u00e9e":"2 minutes"},"schema":{"@context":"https:\/\/schema.org","@graph":[{"@type":"Article","@id":"https:\/\/www.bellunopress.it\/2025\/09\/29\/inaugurata-la-nuova-sede-del-pd-feltrino\/#article","isPartOf":{"@id":"https:\/\/www.bellunopress.it\/2025\/09\/29\/inaugurata-la-nuova-sede-del-pd-feltrino\/"},"author":{"name":"redazione","@id":"https:\/\/www.bellunopress.it\/#\/schema\/person\/79bb06722b37ece1c03d3e94beb30d73"},"headline":"Inaugurata la nuova sede del Pd feltrino","datePublished":"2025-09-29T17:02:31+00:00","mainEntityOfPage":{"@id":"https:\/\/www.bellunopress.it\/2025\/09\/29\/inaugurata-la-nuova-sede-del-pd-feltrino\/"},"wordCount":379,"publisher":{"@id":"https:\/\/www.bellunopress.it\/#organization"},"image":{"@id":"https:\/\/www.bellunopress.it\/2025\/09\/29\/inaugurata-la-nuova-sede-del-pd-feltrino\/#primaryimage"},"thumbnailUrl":"https:\/\/www.bellunopress.it\/wp-content\/uploads\/2025\/09\/Nuova-sede-Susy-Candiago-Luca-Balbinot-Giovanni-Manildo-Marta-Picinotti-Irma-Visalli-Yuki-dEmilia-Alessandro-Del-Bianco_edited.jpg","articleSection":["Cronaca\/Politica","Prima Pagina"],"inLanguage":"fr-FR"},{"@type":"WebPage","@id":"https:\/\/www.bellunopress.it\/2025\/09\/29\/inaugurata-la-nuova-sede-del-pd-feltrino\/","url":"https:\/\/www.bellunopress.it\/2025\/09\/29\/inaugurata-la-nuova-sede-del-pd-feltrino\/","name":"Inaugurata la nuova sede del Pd feltrino - Bellunopress - Dolomiti","isPartOf":{"@id":"https:\/\/www.bellunopress.it\/#website"},"primaryImageOfPage":{"@id":"https:\/\/www.bellunopress.it\/2025\/09\/29\/inaugurata-la-nuova-sede-del-pd-feltrino\/#primaryimage"},"image":{"@id":"https:\/\/www.bellunopress.it\/2025\/09\/29\/inaugurata-la-nuova-sede-del-pd-feltrino\/#primaryimage"},"thumbnailUrl":"https:\/\/www.bellunopress.it\/wp-content\/uploads\/2025\/09\/Nuova-sede-Susy-Candiago-Luca-Balbinot-Giovanni-Manildo-Marta-Picinotti-Irma-Visalli-Yuki-dEmilia-Alessandro-Del-Bianco_edited.jpg","datePublished":"2025-09-29T17:02:31+00:00","breadcrumb":{"@id":"https:\/\/www.bellunopress.it\/2025\/09\/29\/inaugurata-la-nuova-sede-del-pd-feltrino\/#breadcrumb"},"inLanguage":"fr-FR","potentialAction":[{"@type":"ReadAction","target":["https:\/\/www.bellunopress.it\/2025\/09\/29\/inaugurata-la-nuova-sede-del-pd-feltrino\/"]}]},{"@type":"ImageObject","inLanguage":"fr-FR","@id":"https:\/\/www.bellunopress.it\/2025\/09\/29\/inaugurata-la-nuova-sede-del-pd-feltrino\/#primaryimage","url":"https:\/\/www.bellunopress.it\/wp-content\/uploads\/2025\/09\/Nuova-sede-Susy-Candiago-Luca-Balbinot-Giovanni-Manildo-Marta-Picinotti-Irma-Visalli-Yuki-dEmilia-Alessandro-Del-Bianco_edited.jpg","contentUrl":"https:\/\/www.bellunopress.it\/wp-content\/uploads\/2025\/09\/Nuova-sede-Susy-Candiago-Luca-Balbinot-Giovanni-Manildo-Marta-Picinotti-Irma-Visalli-Yuki-dEmilia-Alessandro-Del-Bianco_edited.jpg","width":800,"height":533,"caption":"Susy Candiago, Luca Balbinot, Giovanni Manildo, Marta Picinotti, Irma Visalli, Yuki d'Emilia, Alessandro Del Bianco"},{"@type":"BreadcrumbList","@id":"https:\/\/www.bellunopress.it\/2025\/09\/29\/inaugurata-la-nuova-sede-del-pd-feltrino\/#breadcrumb","itemListElement":[{"@type":"ListItem","position":1,"name":"Home","item":"https:\/\/www.bellunopress.it\/"},{"@type":"ListItem","position":2,"name":"Inaugurata la nuova sede del Pd feltrino"}]},{"@type":"WebSite","@id":"https:\/\/www.bellunopress.it\/#website","url":"https:\/\/www.bellunopress.it\/","name":"Bellunopress - Dolomiti","description":"e-mail: redazione@bellunopress.it","publisher":{"@id":"https:\/\/www.bellunopress.it\/#organization"},"potentialAction":[{"@type":"SearchAction","target":{"@type":"EntryPoint","urlTemplate":"https:\/\/www.bellunopress.it\/?s={search_term_string}"},"query-input":{"@type":"PropertyValueSpecification","valueRequired":true,"valueName":"search_term_string"}}],"inLanguage":"fr-FR"},{"@type":"Organization","@id":"https:\/\/www.bellunopress.it\/#organization","name":"Bellunopress","url":"https:\/\/www.bellunopress.it\/","logo":{"@type":"ImageObject","inLanguage":"fr-FR","@id":"https:\/\/www.bellunopress.it\/#\/schema\/logo\/image\/","url":"https:\/\/www.bellunopress.it\/wp-content\/uploads\/2011\/05\/cropped-logo-bellunopress-.jpg","contentUrl":"https:\/\/www.bellunopress.it\/wp-content\/uploads\/2011\/05\/cropped-logo-bellunopress-.jpg","width":512,"height":512,"caption":"Bellunopress"},"image":{"@id":"https:\/\/www.bellunopress.it\/#\/schema\/logo\/image\/"},"sameAs":["https:\/\/www.facebook.com\/profile.php?id=100008943462799","https:\/\/x.com\/bellunopress","https:\/\/www.linkedin.com\/hp\/?dnr=JBzUWaJfMUw8vbXJJ2tVW5-I3jZKvC4wsoxE&amp;amp;amp;amp;amp;amp;trk=nav_responsive_tab_home","https:\/\/www.youtube.com\/channel\/UCxL0wu1uN0_3_7hGG0306cw"]},{"@type":"Person","@id":"https:\/\/www.bellunopress.it\/#\/schema\/person\/79bb06722b37ece1c03d3e94beb30d73","name":"r\u00e9daction","image":{"@type":"ImageObject","inLanguage":"fr-FR","@id":"https:\/\/secure.gravatar.com\/avatar\/37d968a2e67a6fd04c169c4bdef102d0bc5d31b2546345219e348575eb80e9a0?s=96&d=mm&r=g","url":"https:\/\/secure.gravatar.com\/avatar\/37d968a2e67a6fd04c169c4bdef102d0bc5d31b2546345219e348575eb80e9a0?s=96&d=mm&r=g","contentUrl":"https:\/\/secure.gravatar.com\/avatar\/37d968a2e67a6fd04c169c4bdef102d0bc5d31b2546345219e348575eb80e9a0?s=96&d=mm&r=g","caption":"redazione"},"sameAs":["http:\/\/www.bellunopress.it","https:\/\/x.com\/bellunopress"],"url":"https:\/\/www.bellunopress.it\/fr\/author\/redazione\/"}]}},"_links":{"self":[{"href":"https:\/\/www.bellunopress.it\/fr\/wp-json\/wp\/v2\/posts\/163717","targetHints":{"allow":["GET"]}}],"collection":[{"href":"https:\/\/www.bellunopress.it\/fr\/wp-json\/wp\/v2\/posts"}],"about":[{"href":"https:\/\/www.bellunopress.it\/fr\/wp-json\/wp\/v2\/types\/post"}],"author":[{"embeddable":true,"href":"https:\/\/www.bellunopress.it\/fr\/wp-json\/wp\/v2\/users\/2"}],"replies":[{"embeddable":true,"href":"https:\/\/www.bellunopress.it\/fr\/wp-json\/wp\/v2\/comments?post=163717"}],"version-history":[{"count":1,"href":"https:\/\/www.bellunopress.it\/fr\/wp-json\/wp\/v2\/posts\/163717\/revisions"}],"predecessor-version":[{"id":163719,"href":"https:\/\/www.bellunopress.it\/fr\/wp-json\/wp\/v2\/posts\/163717\/revisions\/163719"}],"wp:featuredmedia":[{"embeddable":true,"href":"https:\/\/www.bellunopress.it\/fr\/wp-json\/wp\/v2\/media\/163718"}],"wp:attachment":[{"href":"https:\/\/www.bellunopress.it\/fr\/wp-json\/wp\/v2\/media?parent=163717"}],"wp:term":[{"taxonomy":"category","embeddable":true,"href":"https:\/\/www.bellunopress.it\/fr\/wp-json\/wp\/v2\/categories?post=163717"},{"taxonomy":"post_tag","embeddable":true,"href":"https:\/\/www.bellunopress.it\/fr\/wp-json\/wp\/v2\/tags?post=163717"}],"curies":[{"name":"wp","href":"https:\/\/api.w.org\/{rel}","templated":true}]}}