{"id":163715,"date":"2025-09-29T18:05:16","date_gmt":"2025-09-29T16:05:16","guid":{"rendered":"https:\/\/www.bellunopress.it\/?p=163715"},"modified":"2025-09-29T18:05:16","modified_gmt":"2025-09-29T16:05:16","slug":"gusto-dolomiti-torna-allhotel-boite-di-borca-di-cadore","status":"publish","type":"post","link":"https:\/\/www.bellunopress.it\/fr\/2025\/09\/29\/gusto-dolomiti-torna-allhotel-boite-di-borca-di-cadore\/","title":{"rendered":"&#8220;Gusto Dolomiti&#8221; torna all&#8217;Hotel Boite di Borca di Cadore"},"content":{"rendered":"<figure id=\"attachment_153466\" aria-describedby=\"caption-attachment-153466\" style=\"width: 1000px\" class=\"wp-caption aligncenter\"><img loading=\"lazy\" decoding=\"async\" class=\"size-full wp-image-153466\" src=\"https:\/\/www.bellunopress.it\/wp-content\/uploads\/2024\/08\/hotel-boite-borca-di-cadore_edited.jpg\" alt=\"\" width=\"1000\" height=\"683\" srcset=\"https:\/\/www.bellunopress.it\/wp-content\/uploads\/2024\/08\/hotel-boite-borca-di-cadore_edited.jpg 1000w, https:\/\/www.bellunopress.it\/wp-content\/uploads\/2024\/08\/hotel-boite-borca-di-cadore_edited-500x342.jpg 500w, https:\/\/www.bellunopress.it\/wp-content\/uploads\/2024\/08\/hotel-boite-borca-di-cadore_edited-615x420.jpg 615w, https:\/\/www.bellunopress.it\/wp-content\/uploads\/2024\/08\/hotel-boite-borca-di-cadore_edited-218x150.jpg 218w, https:\/\/www.bellunopress.it\/wp-content\/uploads\/2024\/08\/hotel-boite-borca-di-cadore_edited-696x475.jpg 696w\" sizes=\"auto, (max-width: 1000px) 100vw, 1000px\" \/><figcaption id=\"caption-attachment-153466\" class=\"wp-caption-text\">Hotel Boite &#8211; Borca di Cadore<\/figcaption><\/figure>\n<p>Torna gioved\u00ec 2 ottobre a Borca di Cadore \u201cGusto Dolomiti\u201d, l&#8217;evento promosso da Welcome Dolomiti con Corte delle Dolomiti e Red Squirrel Events per promuovere le aziende agricole del territorio cadorino e ampezzano e incentivare l&#8217;incontro con i ristoratori dell&#8217;area per l&#8217;utilizzo dei prodotti tipici nei loro men\u00f9.<\/p>\n<p>Anche per la seconda edizione, confermata la formula vincente dello scorso anno, con la Gellner Hall dell&#8217;Hotel Boite che si trasformer\u00e0 in una \u201cfiera\u201d dove i produttori potranno illustrare a ristoratori e chef le proprie eccellenze e discutere con loro di tipicit\u00e0 e stagionalit\u00e0.<br \/>\n\u00abSiamo orgogliosi e felici di poter riproporre per il secondo anno questo appuntamento, dopo il successo della prima edizione. \u2013 spiegano da Welcome Dolomiti \u2013 Lo scorso anno abbiamo gettato le prima basi per aiutare agricoltori e produttori locali a prendere ancora maggior coscienza del \u201cvalore\u201d delle loro produzioni e per spingere maggiormente sulla bellunesit\u00e0 dell&#8217;offerta gastronomica di hotel e ristoranti. Siamo convinti che sia un messaggio importante e crediamo che in molti abbiano apprezzato l&#8217;opportunit\u00e0 data da questo appuntamento\u00bb.<\/p>\n<p><strong>Il programma<\/strong><br \/>\n\u201cGusto Dolomiti 2025\u201d occuper\u00e0 l&#8217;intera mattinata di gioved\u00ec 2: si inizia alle 9.00 con i saluti istituzionali \u2013 il senatore Luca De Carlo, presidente della Nona Commissione al Senato Industria, commercio, turismo, agricoltura e produzione agroalimentare, in rappresentanza anche del Ministero dell&#8217;agricoltura, della sovranit\u00e0 alimentare e delle foreste; la vicepresidente della Provincia di Belluno Silvia Calligaro; il presidente di Federalberghi Belluno Walter De Cassan; il responsabile Ascom Cadore Marco Genova; il presidente del consorzio turistico Cadore Dolomiti Gildo Trevisan; lo chef Graziano Prest, con la sua testimonianza sul ruolo delle eccellenze del territorio all&#8217;estero -, a seguire dalle 10.00 gli incontri modalit\u00e0 B2B (business-to-business) e a chiudere, alle 12.00 i saluti finali e il rinfresco.<\/p>\n<p><strong>Le novit\u00e0<\/strong><br \/>\nIn questa seconda edizione di \u201cGusto Dolomiti\u201d non mancheranno poi le novit\u00e0 aperte a tutti: la prima (in programma alle 11.30) sar\u00e0 la presentazione del progetto sperimentale Vigna 1350 che ha mirato alla produzione di vino a Cortina d&#8217;Ampezzo; a raccontare l&#8217;avventura di quella che \u00e8 stata la vigna pi\u00f9 alta d&#8217;Europa sar\u00e0 uno dei protagonisti, Federico Menardi, gi\u00e0 ideatore negli Anni Novanta di VinoVip.<br \/>\nA seguire, verso le 12.00, ci sar\u00e0 la presentazione del \u201cPanettone Olimpico\u201d, prodotto artigianale lavorato a mano con licenza ufficiale delle Olimpiadi di Milano Cortina 2026: a realizzarlo sar\u00e0 il Panificio Marchesi di Bergamo, e \u201cGusto Dolomiti\u201d a Borca di Cadore sar\u00e0 l&#8217;occasione per scoprire con il creatore e maestro pasticcere Roberto Marchesi il percorso che ha portato all&#8217;accordo con Fondazione Milano Cortina 2026 e il packaging del prodotto, chiaramente tutto a tema olimpico.<\/p>\n<p><strong>Partner e patrocini<\/strong><br \/>\nSignificativo anche quest&#8217;anno il numero di patrocini e di partner, a dimostrazione dell&#8217;interesse e dell&#8217;importanza della tematica per il territorio: confermati i patrocini della Provincia di Belluno, del Comune di Borca di Cadore e della Magnifica Comunit\u00e0 di Cadore.<br \/>\nPartner di Welcome Dolomiti in questa avventura sono Hotel Boite, Cooperativa di Cortina e \u2013 new entry in questa edizione \u2013 CortinaBanca; novit\u00e0 anche tra le collaborazioni, dove Federalberghi Belluno e Cortina for us vanno da quest&#8217;anno ad affiancarsi ad Ascom Belluno, DMO Dolomiti Bellunesi, Red Squirrel Events e Consorzio Cadore Dolomiti.<\/p>","protected":false},"excerpt":{"rendered":"<p>Torna gioved\u00ec 2 ottobre a Borca di Cadore \u201cGusto Dolomiti\u201d, l&#8217;evento promosso da Welcome Dolomiti con Corte delle Dolomiti e Red Squirrel Events per promuovere le aziende agricole del territorio cadorino e ampezzano e incentivare l&#8217;incontro con i ristoratori dell&#8217;area per l&#8217;utilizzo dei prodotti tipici nei loro men\u00f9. Anche per la seconda edizione, confermata la [&hellip;]<\/p>\n","protected":false},"author":2,"featured_media":153466,"comment_status":"closed","ping_status":"open","sticky":false,"template":"","format":"standard","meta":{"footnotes":""},"categories":[3393,25],"tags":[],"class_list":["post-163715","post","type-post","status-publish","format-standard","has-post-thumbnail","category-eventi-enogastronomici","category-pausa-caffe"],"yoast_head":"<!-- This site is optimized with the Yoast SEO plugin v28.4 - https:\/\/yoast.com\/product\/yoast-seo-wordpress\/ -->\n<title>&quot;Gusto Dolomiti&quot; torna all&#039;Hotel Boite di Borca di Cadore - Bellunopress - Dolomiti<\/title>\n<meta name=\"robots\" content=\"index, follow, max-snippet:-1, max-image-preview:large, max-video-preview:-1\" \/>\n<link rel=\"canonical\" href=\"https:\/\/www.bellunopress.it\/fr\/2025\/09\/29\/gusto-dolomiti-torna-allhotel-boite-di-borca-di-cadore\/\" \/>\n<meta property=\"og:locale\" content=\"fr_FR\" \/>\n<meta property=\"og:type\" content=\"article\" \/>\n<meta property=\"og:title\" content=\"&quot;Gusto Dolomiti&quot; torna all&#039;Hotel Boite di Borca di Cadore - Bellunopress - Dolomiti\" \/>\n<meta property=\"og:description\" content=\"Torna gioved\u00ec 2 ottobre a Borca di Cadore \u201cGusto Dolomiti\u201d, l&#8217;evento promosso da Welcome Dolomiti con Corte delle Dolomiti e Red Squirrel Events per promuovere le aziende agricole del territorio cadorino e ampezzano e incentivare l&#8217;incontro con i ristoratori dell&#8217;area per l&#8217;utilizzo dei prodotti tipici nei loro men\u00f9. Anche per la seconda edizione, confermata la [&hellip;]\" \/>\n<meta property=\"og:url\" content=\"https:\/\/www.bellunopress.it\/fr\/2025\/09\/29\/gusto-dolomiti-torna-allhotel-boite-di-borca-di-cadore\/\" \/>\n<meta property=\"og:site_name\" content=\"Bellunopress - Dolomiti\" \/>\n<meta property=\"article:publisher\" content=\"https:\/\/www.facebook.com\/profile.php?id=100008943462799\" \/>\n<meta property=\"article:published_time\" content=\"2025-09-29T16:05:16+00:00\" \/>\n<meta property=\"og:image\" content=\"https:\/\/www.bellunopress.it\/wp-content\/uploads\/2024\/08\/hotel-boite-borca-di-cadore_edited.jpg\" \/>\n\t<meta property=\"og:image:width\" content=\"1000\" \/>\n\t<meta property=\"og:image:height\" content=\"683\" \/>\n\t<meta property=\"og:image:type\" content=\"image\/jpeg\" \/>\n<meta name=\"author\" content=\"redazione\" \/>\n<meta name=\"twitter:card\" content=\"summary_large_image\" \/>\n<meta name=\"twitter:creator\" content=\"@bellunopress\" \/>\n<meta name=\"twitter:site\" content=\"@bellunopress\" \/>\n<meta name=\"twitter:label1\" content=\"\u00c9crit par\" \/>\n\t<meta name=\"twitter:data1\" content=\"redazione\" \/>\n\t<meta name=\"twitter:label2\" content=\"Dur\u00e9e de lecture estim\u00e9e\" \/>\n\t<meta name=\"twitter:data2\" content=\"3 minutes\" \/>\n<script type=\"application\/ld+json\" class=\"yoast-schema-graph\">{\"@context\":\"https:\\\/\\\/schema.org\",\"@graph\":[{\"@type\":\"Article\",\"@id\":\"https:\\\/\\\/www.bellunopress.it\\\/2025\\\/09\\\/29\\\/gusto-dolomiti-torna-allhotel-boite-di-borca-di-cadore\\\/#article\",\"isPartOf\":{\"@id\":\"https:\\\/\\\/www.bellunopress.it\\\/2025\\\/09\\\/29\\\/gusto-dolomiti-torna-allhotel-boite-di-borca-di-cadore\\\/\"},\"author\":{\"name\":\"redazione\",\"@id\":\"https:\\\/\\\/www.bellunopress.it\\\/#\\\/schema\\\/person\\\/79bb06722b37ece1c03d3e94beb30d73\"},\"headline\":\"&#8220;Gusto Dolomiti&#8221; torna all&#8217;Hotel Boite di Borca di Cadore\",\"datePublished\":\"2025-09-29T16:05:16+00:00\",\"mainEntityOfPage\":{\"@id\":\"https:\\\/\\\/www.bellunopress.it\\\/2025\\\/09\\\/29\\\/gusto-dolomiti-torna-allhotel-boite-di-borca-di-cadore\\\/\"},\"wordCount\":550,\"publisher\":{\"@id\":\"https:\\\/\\\/www.bellunopress.it\\\/#organization\"},\"image\":{\"@id\":\"https:\\\/\\\/www.bellunopress.it\\\/2025\\\/09\\\/29\\\/gusto-dolomiti-torna-allhotel-boite-di-borca-di-cadore\\\/#primaryimage\"},\"thumbnailUrl\":\"https:\\\/\\\/www.bellunopress.it\\\/wp-content\\\/uploads\\\/2024\\\/08\\\/hotel-boite-borca-di-cadore_edited.jpg\",\"articleSection\":[\"Eventi enogastronomici\",\"Pausa Caff\u00e8\"],\"inLanguage\":\"fr-FR\"},{\"@type\":\"WebPage\",\"@id\":\"https:\\\/\\\/www.bellunopress.it\\\/2025\\\/09\\\/29\\\/gusto-dolomiti-torna-allhotel-boite-di-borca-di-cadore\\\/\",\"url\":\"https:\\\/\\\/www.bellunopress.it\\\/2025\\\/09\\\/29\\\/gusto-dolomiti-torna-allhotel-boite-di-borca-di-cadore\\\/\",\"name\":\"\\\"Gusto Dolomiti\\\" torna all'Hotel Boite di Borca di Cadore - Bellunopress - Dolomiti\",\"isPartOf\":{\"@id\":\"https:\\\/\\\/www.bellunopress.it\\\/#website\"},\"primaryImageOfPage\":{\"@id\":\"https:\\\/\\\/www.bellunopress.it\\\/2025\\\/09\\\/29\\\/gusto-dolomiti-torna-allhotel-boite-di-borca-di-cadore\\\/#primaryimage\"},\"image\":{\"@id\":\"https:\\\/\\\/www.bellunopress.it\\\/2025\\\/09\\\/29\\\/gusto-dolomiti-torna-allhotel-boite-di-borca-di-cadore\\\/#primaryimage\"},\"thumbnailUrl\":\"https:\\\/\\\/www.bellunopress.it\\\/wp-content\\\/uploads\\\/2024\\\/08\\\/hotel-boite-borca-di-cadore_edited.jpg\",\"datePublished\":\"2025-09-29T16:05:16+00:00\",\"breadcrumb\":{\"@id\":\"https:\\\/\\\/www.bellunopress.it\\\/2025\\\/09\\\/29\\\/gusto-dolomiti-torna-allhotel-boite-di-borca-di-cadore\\\/#breadcrumb\"},\"inLanguage\":\"fr-FR\",\"potentialAction\":[{\"@type\":\"ReadAction\",\"target\":[\"https:\\\/\\\/www.bellunopress.it\\\/2025\\\/09\\\/29\\\/gusto-dolomiti-torna-allhotel-boite-di-borca-di-cadore\\\/\"]}]},{\"@type\":\"ImageObject\",\"inLanguage\":\"fr-FR\",\"@id\":\"https:\\\/\\\/www.bellunopress.it\\\/2025\\\/09\\\/29\\\/gusto-dolomiti-torna-allhotel-boite-di-borca-di-cadore\\\/#primaryimage\",\"url\":\"https:\\\/\\\/www.bellunopress.it\\\/wp-content\\\/uploads\\\/2024\\\/08\\\/hotel-boite-borca-di-cadore_edited.jpg\",\"contentUrl\":\"https:\\\/\\\/www.bellunopress.it\\\/wp-content\\\/uploads\\\/2024\\\/08\\\/hotel-boite-borca-di-cadore_edited.jpg\",\"width\":1000,\"height\":683,\"caption\":\"Hotel Boite - Borca di Cadore\"},{\"@type\":\"BreadcrumbList\",\"@id\":\"https:\\\/\\\/www.bellunopress.it\\\/2025\\\/09\\\/29\\\/gusto-dolomiti-torna-allhotel-boite-di-borca-di-cadore\\\/#breadcrumb\",\"itemListElement\":[{\"@type\":\"ListItem\",\"position\":1,\"name\":\"Home\",\"item\":\"https:\\\/\\\/www.bellunopress.it\\\/\"},{\"@type\":\"ListItem\",\"position\":2,\"name\":\"&#8220;Gusto Dolomiti&#8221; torna all&#8217;Hotel Boite di Borca di Cadore\"}]},{\"@type\":\"WebSite\",\"@id\":\"https:\\\/\\\/www.bellunopress.it\\\/#website\",\"url\":\"https:\\\/\\\/www.bellunopress.it\\\/\",\"name\":\"Bellunopress - Dolomiti\",\"description\":\"e-mail: redazione@bellunopress.it\",\"publisher\":{\"@id\":\"https:\\\/\\\/www.bellunopress.it\\\/#organization\"},\"potentialAction\":[{\"@type\":\"SearchAction\",\"target\":{\"@type\":\"EntryPoint\",\"urlTemplate\":\"https:\\\/\\\/www.bellunopress.it\\\/?s={search_term_string}\"},\"query-input\":{\"@type\":\"PropertyValueSpecification\",\"valueRequired\":true,\"valueName\":\"search_term_string\"}}],\"inLanguage\":\"fr-FR\"},{\"@type\":\"Organization\",\"@id\":\"https:\\\/\\\/www.bellunopress.it\\\/#organization\",\"name\":\"Bellunopress\",\"url\":\"https:\\\/\\\/www.bellunopress.it\\\/\",\"logo\":{\"@type\":\"ImageObject\",\"inLanguage\":\"fr-FR\",\"@id\":\"https:\\\/\\\/www.bellunopress.it\\\/#\\\/schema\\\/logo\\\/image\\\/\",\"url\":\"https:\\\/\\\/www.bellunopress.it\\\/wp-content\\\/uploads\\\/2011\\\/05\\\/cropped-logo-bellunopress-.jpg\",\"contentUrl\":\"https:\\\/\\\/www.bellunopress.it\\\/wp-content\\\/uploads\\\/2011\\\/05\\\/cropped-logo-bellunopress-.jpg\",\"width\":512,\"height\":512,\"caption\":\"Bellunopress\"},\"image\":{\"@id\":\"https:\\\/\\\/www.bellunopress.it\\\/#\\\/schema\\\/logo\\\/image\\\/\"},\"sameAs\":[\"https:\\\/\\\/www.facebook.com\\\/profile.php?id=100008943462799\",\"https:\\\/\\\/x.com\\\/bellunopress\",\"https:\\\/\\\/www.linkedin.com\\\/hp\\\/?dnr=JBzUWaJfMUw8vbXJJ2tVW5-I3jZKvC4wsoxE&amp;amp;amp;amp;amp;amp;trk=nav_responsive_tab_home\",\"https:\\\/\\\/www.youtube.com\\\/channel\\\/UCxL0wu1uN0_3_7hGG0306cw\"]},{\"@type\":\"Person\",\"@id\":\"https:\\\/\\\/www.bellunopress.it\\\/#\\\/schema\\\/person\\\/79bb06722b37ece1c03d3e94beb30d73\",\"name\":\"redazione\",\"image\":{\"@type\":\"ImageObject\",\"inLanguage\":\"fr-FR\",\"@id\":\"https:\\\/\\\/secure.gravatar.com\\\/avatar\\\/37d968a2e67a6fd04c169c4bdef102d0bc5d31b2546345219e348575eb80e9a0?s=96&d=mm&r=g\",\"url\":\"https:\\\/\\\/secure.gravatar.com\\\/avatar\\\/37d968a2e67a6fd04c169c4bdef102d0bc5d31b2546345219e348575eb80e9a0?s=96&d=mm&r=g\",\"contentUrl\":\"https:\\\/\\\/secure.gravatar.com\\\/avatar\\\/37d968a2e67a6fd04c169c4bdef102d0bc5d31b2546345219e348575eb80e9a0?s=96&d=mm&r=g\",\"caption\":\"redazione\"},\"sameAs\":[\"http:\\\/\\\/www.bellunopress.it\",\"https:\\\/\\\/x.com\\\/bellunopress\"],\"url\":\"https:\\\/\\\/www.bellunopress.it\\\/fr\\\/author\\\/redazione\\\/\"}]}<\/script>\n<!-- \/ Yoast SEO plugin. -->","yoast_head_json":{"title":"\"Gusto Dolomiti\" torna all'Hotel Boite di Borca di Cadore - Bellunopress - Dolomiti","robots":{"index":"index","follow":"follow","max-snippet":"max-snippet:-1","max-image-preview":"max-image-preview:large","max-video-preview":"max-video-preview:-1"},"canonical":"https:\/\/www.bellunopress.it\/fr\/2025\/09\/29\/gusto-dolomiti-torna-allhotel-boite-di-borca-di-cadore\/","og_locale":"fr_FR","og_type":"article","og_title":"\"Gusto Dolomiti\" torna all'Hotel Boite di Borca di Cadore - Bellunopress - Dolomiti","og_description":"Torna gioved\u00ec 2 ottobre a Borca di Cadore \u201cGusto Dolomiti\u201d, l&#8217;evento promosso da Welcome Dolomiti con Corte delle Dolomiti e Red Squirrel Events per promuovere le aziende agricole del territorio cadorino e ampezzano e incentivare l&#8217;incontro con i ristoratori dell&#8217;area per l&#8217;utilizzo dei prodotti tipici nei loro men\u00f9. Anche per la seconda edizione, confermata la [&hellip;]","og_url":"https:\/\/www.bellunopress.it\/fr\/2025\/09\/29\/gusto-dolomiti-torna-allhotel-boite-di-borca-di-cadore\/","og_site_name":"Bellunopress - Dolomiti","article_publisher":"https:\/\/www.facebook.com\/profile.php?id=100008943462799","article_published_time":"2025-09-29T16:05:16+00:00","og_image":[{"width":1000,"height":683,"url":"https:\/\/www.bellunopress.it\/wp-content\/uploads\/2024\/08\/hotel-boite-borca-di-cadore_edited.jpg","type":"image\/jpeg"}],"author":"redazione","twitter_card":"summary_large_image","twitter_creator":"@bellunopress","twitter_site":"@bellunopress","twitter_misc":{"\u00c9crit par":"redazione","Dur\u00e9e de lecture estim\u00e9e":"3 minutes"},"schema":{"@context":"https:\/\/schema.org","@graph":[{"@type":"Article","@id":"https:\/\/www.bellunopress.it\/2025\/09\/29\/gusto-dolomiti-torna-allhotel-boite-di-borca-di-cadore\/#article","isPartOf":{"@id":"https:\/\/www.bellunopress.it\/2025\/09\/29\/gusto-dolomiti-torna-allhotel-boite-di-borca-di-cadore\/"},"author":{"name":"redazione","@id":"https:\/\/www.bellunopress.it\/#\/schema\/person\/79bb06722b37ece1c03d3e94beb30d73"},"headline":"&#8220;Gusto Dolomiti&#8221; torna all&#8217;Hotel Boite di Borca di Cadore","datePublished":"2025-09-29T16:05:16+00:00","mainEntityOfPage":{"@id":"https:\/\/www.bellunopress.it\/2025\/09\/29\/gusto-dolomiti-torna-allhotel-boite-di-borca-di-cadore\/"},"wordCount":550,"publisher":{"@id":"https:\/\/www.bellunopress.it\/#organization"},"image":{"@id":"https:\/\/www.bellunopress.it\/2025\/09\/29\/gusto-dolomiti-torna-allhotel-boite-di-borca-di-cadore\/#primaryimage"},"thumbnailUrl":"https:\/\/www.bellunopress.it\/wp-content\/uploads\/2024\/08\/hotel-boite-borca-di-cadore_edited.jpg","articleSection":["Eventi enogastronomici","Pausa Caff\u00e8"],"inLanguage":"fr-FR"},{"@type":"WebPage","@id":"https:\/\/www.bellunopress.it\/2025\/09\/29\/gusto-dolomiti-torna-allhotel-boite-di-borca-di-cadore\/","url":"https:\/\/www.bellunopress.it\/2025\/09\/29\/gusto-dolomiti-torna-allhotel-boite-di-borca-di-cadore\/","name":"\"Gusto Dolomiti\" torna all'Hotel Boite di Borca di Cadore - Bellunopress - Dolomiti","isPartOf":{"@id":"https:\/\/www.bellunopress.it\/#website"},"primaryImageOfPage":{"@id":"https:\/\/www.bellunopress.it\/2025\/09\/29\/gusto-dolomiti-torna-allhotel-boite-di-borca-di-cadore\/#primaryimage"},"image":{"@id":"https:\/\/www.bellunopress.it\/2025\/09\/29\/gusto-dolomiti-torna-allhotel-boite-di-borca-di-cadore\/#primaryimage"},"thumbnailUrl":"https:\/\/www.bellunopress.it\/wp-content\/uploads\/2024\/08\/hotel-boite-borca-di-cadore_edited.jpg","datePublished":"2025-09-29T16:05:16+00:00","breadcrumb":{"@id":"https:\/\/www.bellunopress.it\/2025\/09\/29\/gusto-dolomiti-torna-allhotel-boite-di-borca-di-cadore\/#breadcrumb"},"inLanguage":"fr-FR","potentialAction":[{"@type":"ReadAction","target":["https:\/\/www.bellunopress.it\/2025\/09\/29\/gusto-dolomiti-torna-allhotel-boite-di-borca-di-cadore\/"]}]},{"@type":"ImageObject","inLanguage":"fr-FR","@id":"https:\/\/www.bellunopress.it\/2025\/09\/29\/gusto-dolomiti-torna-allhotel-boite-di-borca-di-cadore\/#primaryimage","url":"https:\/\/www.bellunopress.it\/wp-content\/uploads\/2024\/08\/hotel-boite-borca-di-cadore_edited.jpg","contentUrl":"https:\/\/www.bellunopress.it\/wp-content\/uploads\/2024\/08\/hotel-boite-borca-di-cadore_edited.jpg","width":1000,"height":683,"caption":"Hotel Boite - Borca di Cadore"},{"@type":"BreadcrumbList","@id":"https:\/\/www.bellunopress.it\/2025\/09\/29\/gusto-dolomiti-torna-allhotel-boite-di-borca-di-cadore\/#breadcrumb","itemListElement":[{"@type":"ListItem","position":1,"name":"Home","item":"https:\/\/www.bellunopress.it\/"},{"@type":"ListItem","position":2,"name":"&#8220;Gusto Dolomiti&#8221; torna all&#8217;Hotel Boite di Borca di Cadore"}]},{"@type":"WebSite","@id":"https:\/\/www.bellunopress.it\/#website","url":"https:\/\/www.bellunopress.it\/","name":"Bellunopress - Dolomiti","description":"e-mail: redazione@bellunopress.it","publisher":{"@id":"https:\/\/www.bellunopress.it\/#organization"},"potentialAction":[{"@type":"SearchAction","target":{"@type":"EntryPoint","urlTemplate":"https:\/\/www.bellunopress.it\/?s={search_term_string}"},"query-input":{"@type":"PropertyValueSpecification","valueRequired":true,"valueName":"search_term_string"}}],"inLanguage":"fr-FR"},{"@type":"Organization","@id":"https:\/\/www.bellunopress.it\/#organization","name":"Bellunopress","url":"https:\/\/www.bellunopress.it\/","logo":{"@type":"ImageObject","inLanguage":"fr-FR","@id":"https:\/\/www.bellunopress.it\/#\/schema\/logo\/image\/","url":"https:\/\/www.bellunopress.it\/wp-content\/uploads\/2011\/05\/cropped-logo-bellunopress-.jpg","contentUrl":"https:\/\/www.bellunopress.it\/wp-content\/uploads\/2011\/05\/cropped-logo-bellunopress-.jpg","width":512,"height":512,"caption":"Bellunopress"},"image":{"@id":"https:\/\/www.bellunopress.it\/#\/schema\/logo\/image\/"},"sameAs":["https:\/\/www.facebook.com\/profile.php?id=100008943462799","https:\/\/x.com\/bellunopress","https:\/\/www.linkedin.com\/hp\/?dnr=JBzUWaJfMUw8vbXJJ2tVW5-I3jZKvC4wsoxE&amp;amp;amp;amp;amp;amp;trk=nav_responsive_tab_home","https:\/\/www.youtube.com\/channel\/UCxL0wu1uN0_3_7hGG0306cw"]},{"@type":"Person","@id":"https:\/\/www.bellunopress.it\/#\/schema\/person\/79bb06722b37ece1c03d3e94beb30d73","name":"r\u00e9daction","image":{"@type":"ImageObject","inLanguage":"fr-FR","@id":"https:\/\/secure.gravatar.com\/avatar\/37d968a2e67a6fd04c169c4bdef102d0bc5d31b2546345219e348575eb80e9a0?s=96&d=mm&r=g","url":"https:\/\/secure.gravatar.com\/avatar\/37d968a2e67a6fd04c169c4bdef102d0bc5d31b2546345219e348575eb80e9a0?s=96&d=mm&r=g","contentUrl":"https:\/\/secure.gravatar.com\/avatar\/37d968a2e67a6fd04c169c4bdef102d0bc5d31b2546345219e348575eb80e9a0?s=96&d=mm&r=g","caption":"redazione"},"sameAs":["http:\/\/www.bellunopress.it","https:\/\/x.com\/bellunopress"],"url":"https:\/\/www.bellunopress.it\/fr\/author\/redazione\/"}]}},"_links":{"self":[{"href":"https:\/\/www.bellunopress.it\/fr\/wp-json\/wp\/v2\/posts\/163715","targetHints":{"allow":["GET"]}}],"collection":[{"href":"https:\/\/www.bellunopress.it\/fr\/wp-json\/wp\/v2\/posts"}],"about":[{"href":"https:\/\/www.bellunopress.it\/fr\/wp-json\/wp\/v2\/types\/post"}],"author":[{"embeddable":true,"href":"https:\/\/www.bellunopress.it\/fr\/wp-json\/wp\/v2\/users\/2"}],"replies":[{"embeddable":true,"href":"https:\/\/www.bellunopress.it\/fr\/wp-json\/wp\/v2\/comments?post=163715"}],"version-history":[{"count":1,"href":"https:\/\/www.bellunopress.it\/fr\/wp-json\/wp\/v2\/posts\/163715\/revisions"}],"predecessor-version":[{"id":163716,"href":"https:\/\/www.bellunopress.it\/fr\/wp-json\/wp\/v2\/posts\/163715\/revisions\/163716"}],"wp:featuredmedia":[{"embeddable":true,"href":"https:\/\/www.bellunopress.it\/fr\/wp-json\/wp\/v2\/media\/153466"}],"wp:attachment":[{"href":"https:\/\/www.bellunopress.it\/fr\/wp-json\/wp\/v2\/media?parent=163715"}],"wp:term":[{"taxonomy":"category","embeddable":true,"href":"https:\/\/www.bellunopress.it\/fr\/wp-json\/wp\/v2\/categories?post=163715"},{"taxonomy":"post_tag","embeddable":true,"href":"https:\/\/www.bellunopress.it\/fr\/wp-json\/wp\/v2\/tags?post=163715"}],"curies":[{"name":"wp","href":"https:\/\/api.w.org\/{rel}","templated":true}]}}