{"id":163713,"date":"2025-09-29T15:29:17","date_gmt":"2025-09-29T13:29:17","guid":{"rendered":"https:\/\/www.bellunopress.it\/?p=163713"},"modified":"2025-09-29T15:29:17","modified_gmt":"2025-09-29T13:29:17","slug":"belluno-al-via-il-censimento-permanente-della-popolazione-e-delle-abitazioni-2","status":"publish","type":"post","link":"https:\/\/www.bellunopress.it\/fr\/2025\/09\/29\/belluno-al-via-il-censimento-permanente-della-popolazione-e-delle-abitazioni-2\/","title":{"rendered":"Belluno. Al via il Censimento permanente della popolazione e delle abitazioni"},"content":{"rendered":"<figure id=\"attachment_113617\" aria-describedby=\"caption-attachment-113617\" style=\"width: 800px\" class=\"wp-caption aligncenter\"><img loading=\"lazy\" decoding=\"async\" class=\"size-full wp-image-113617\" src=\"https:\/\/www.bellunopress.it\/wp-content\/uploads\/2020\/04\/palazzo-rosso_edited.jpg\" alt=\"\" width=\"800\" height=\"563\" srcset=\"https:\/\/www.bellunopress.it\/wp-content\/uploads\/2020\/04\/palazzo-rosso_edited.jpg 800w, https:\/\/www.bellunopress.it\/wp-content\/uploads\/2020\/04\/palazzo-rosso_edited-500x352.jpg 500w, https:\/\/www.bellunopress.it\/wp-content\/uploads\/2020\/04\/palazzo-rosso_edited-696x490.jpg 696w, https:\/\/www.bellunopress.it\/wp-content\/uploads\/2020\/04\/palazzo-rosso_edited-597x420.jpg 597w, https:\/\/www.bellunopress.it\/wp-content\/uploads\/2020\/04\/palazzo-rosso_edited-100x70.jpg 100w\" sizes=\"auto, (max-width: 800px) 100vw, 800px\" \/><figcaption id=\"caption-attachment-113617\" class=\"wp-caption-text\">Palazzo Rosso, sede dell&#8217;amministrazione comunale di Belluno<\/figcaption><\/figure>\n<p>Il 6 ottobre 2025 prende l\u2019avvio il Censimento permanente della Popolazione e delle abitazioni. L\u2019edizione 2025 coinvolge 2.533 Comuni e circa 1,5 milioni di famiglie e individui e, come di consueto, anche il Comune di Belluno sar\u00e0 interessato da questa tornata censuaria.<\/p>\n<p>La rilevazione censuaria quest\u2019anno si svolger\u00e0 in due fasi, la prima sar\u00e0 una<br \/>\n\u201crilevazione Areale\u201d, in cui verranno censite le famiglie dimoranti<br \/>\nall\u2019interno di un elenco di indirizzi estratti dal Registro statistico di base<br \/>\ndei luoghi dell\u2019Istat e che saranno contattate direttamente dai rilevatori statistici<br \/>\nautorizzati da ISTAT e una seconda fase di rilevazione denominata \u201cda Lista\u201d,<br \/>\nche interesser\u00e0 le 1295 famiglie estratte dal Registro statistico della<br \/>\npopolazione tenuto dall\u2019Istat, a cui \u00e8 gi\u00e0 pervenuta una lettera personalizzata,<br \/>\ninviata dall\u2019Istituto Istat, con tutte le necessarie informazioni su come compilare il<br \/>\nquestionario che da molti anni non \u00e8 pi\u00f9 cartaceo.<\/p>\n<p>La data di riferimento da prendere in considerazione per rispondere alle domande del<br \/>\nquestionario \u00e8 il 5 ottobre 2025: le risposte ai quesiti inseriti nel questionario<br \/>\ndevono essere riferite a quella specifica data.<br \/>\nIl censimento si chiuder\u00e0 il 23 dicembre 2025 e i primi risultati saranno diffusi a<br \/>\ndicembre 2026.<\/p>\n<p>L\u2019Istat raccomanda la compilazione in autonomia del questionario entro la<br \/>\ndata dell\u201911 novembre 2025 per la rilevazione di tipo AREALE (codice ISTAT<br \/>\n02493) e entro il 9 dicembre 2025 per la rilevazione di tipo LISTA (codice ISTAT<br \/>\n02494), che dovr\u00e0 essere fatta online e svolta con le seguenti modalit\u00e0:<\/p>\n<p>1) con proprio dispositivo collegandosi a specifico link<br \/>\n2) online, ma avvalendosi di un computer con accesso a Internet, al Centro<\/p>\n<p>Il Centro Comunale di Rilevazione, al quale \u00e8 possibile chiedere tutte le informazioni<br \/>\na partire dal 29 settembre e fino al 23 dicembre 2025, si trova in via Mezzaterra 45<br \/>\n(ingresso sul retro da via Brustolon) e pu\u00f2 essere contattato per prendere un<br \/>\nappuntamento al numero 0437 913403.<br \/>\nGli orari di apertura al pubblico di questo ufficio, sempre dal 29 settembre e fino al<br \/>\n23 dicembre 2025, sono i seguenti: luned\u00ec, mercoled\u00ec e venerd\u00ec, dalle 9.00 alle 11.00,<br \/>\ne gioved\u00ec, dalle 15.00 alle 17.00.<\/p>\n<p>Le famiglie che incontreranno delle difficolt\u00e0 a rispondere autonomamente<br \/>\nal questionario, a partire dal 12 novembre 2025, saranno contattate al<br \/>\ntelefono e\/o riceveranno la visita a domicilio dei rilevatori incaricati dal<br \/>\nComune di Belluno, che si presenteranno con apposito cartellino di<br \/>\nriconoscimento. L\u2019identit\u00e0 del rilevatore potr\u00e0 essere verificata<br \/>\ntelefonando all\u2019Ufficio Statistica del Comune di Belluno: 0437 913276. Il<br \/>\ncompito del rilevatore sar\u00e0 quello di aiutare le famiglie nella compilazione<br \/>\ndel questionario, lavorando su tablet fornito da Istat.<\/p>\n<p>I dati raccolti con il Censimento della popolazione e delle abitazioni restituiscono<br \/>\ninformazioni sugli individui (genere, et\u00e0, luogo di nascita, cittadinanza, formazione,<br \/>\ntitolo di studio, condizione professionale, tipo di lavoro svolto, mobilit\u00e0) collegandole<br \/>\ncon quelle familiari (per esempio, numero di componenti, le loro caratteristiche e<br \/>\nquelle dell\u2019abitazione in cui vivono) e con quelle relative al territorio (luogo di<br \/>\nresidenza). Altro importante fattore di rilevazione riguarda la mobilit\u00e0: le informazioni<br \/>\nsugli spostamenti quotidiani per motivi di lavoro e studio permetteranno di operare<br \/>\nper migliorare i sistemi di trasporto.<\/p>\n<p>Per arricchire questo importante patrimonio di dati statistici e conoscere meglio il<br \/>\nPaese in cui viviamo, \u00e8 fondamentale la piena collaborazione di tutte le famiglie<br \/>\ncampione e il Comune confida nella partecipazione attiva da parte delle famiglie<br \/>\ncoinvolte, considerato anche che compilare le risposte al questionario del<br \/>\nCensimento \u00e8 obbligo di legge.<\/p>\n<p>Recapiti per maggiori informazioni:<br \/>\nCentro Comunale di Rilevazione:<br \/>\nVia Mezzaterra, 45<br \/>\nOrari di apertura: luned\u00ec, mercoled\u00ec e venerd\u00ec dalle 9 alle 11.00<br \/>\ngioved\u00ec dalle 15 alle 17<br \/>\nTelefono: 0437 913403<br \/>\nUfficio Comunale di Statistica:<br \/>\nVia Mezzaterra, 45<br \/>\nOrari di apertura: dal luned\u00ec al venerd\u00ec dalle 9 alle 11.00<br \/>\nmarted\u00ec e gioved\u00ec dalle 15 alle 17<br \/>\nTelefono: 0437 913276<br \/>\ninfo@comune.belluno.it<br \/>\nwww.comune.belluno.it<br \/>\nfacebook.com\/comunebelluno<br \/>\ntwitter.com\/comunebelluno<br \/>\nCOMUNE DI BELLUNO<br \/>\nSERVIZIO COMUNICAZIONE<br \/>\nTel. 0437 913265\/913223<br \/>\nNuovo numero unico gratuito per i rispondenti ISTAT: 1510<br \/>\nPer tutto il periodo di rilevazione, le famiglie possono contattare il numero unico<br \/>\ngratuito ISTAT 1510 per chiedere assistenza, chiarimenti e informazioni sulle<br \/>\nrilevazioni.<br \/>\nSito Internet dell\u2019ISTAT: https:\/\/www.istat.it\/it\/censimenti<\/p>","protected":false},"excerpt":{"rendered":"<p>Il 6 ottobre 2025 prende l\u2019avvio il Censimento permanente della Popolazione e delle abitazioni. L\u2019edizione 2025 coinvolge 2.533 Comuni e circa 1,5 milioni di famiglie e individui e, come di consueto, anche il Comune di Belluno sar\u00e0 interessato da questa tornata censuaria. La rilevazione censuaria quest\u2019anno si svolger\u00e0 in due fasi, la prima sar\u00e0 una [&hellip;]<\/p>\n","protected":false},"author":2,"featured_media":108633,"comment_status":"closed","ping_status":"open","sticky":false,"template":"","format":"standard","meta":{"footnotes":""},"categories":[26,8],"tags":[],"class_list":["post-163713","post","type-post","status-publish","format-standard","has-post-thumbnail","category-prima-pagina","category-societa-istituzioni"],"yoast_head":"<!-- This site is optimized with the Yoast SEO plugin v28.4 - https:\/\/yoast.com\/product\/yoast-seo-wordpress\/ -->\n<title>Belluno. Al via il Censimento permanente della popolazione e delle abitazioni - Bellunopress - Dolomiti<\/title>\n<meta name=\"robots\" content=\"index, follow, max-snippet:-1, max-image-preview:large, max-video-preview:-1\" \/>\n<link rel=\"canonical\" href=\"https:\/\/www.bellunopress.it\/fr\/2025\/09\/29\/belluno-al-via-il-censimento-permanente-della-popolazione-e-delle-abitazioni-2\/\" \/>\n<meta property=\"og:locale\" content=\"fr_FR\" \/>\n<meta property=\"og:type\" content=\"article\" \/>\n<meta property=\"og:title\" content=\"Belluno. Al via il Censimento permanente della popolazione e delle abitazioni - Bellunopress - Dolomiti\" \/>\n<meta property=\"og:description\" content=\"Il 6 ottobre 2025 prende l\u2019avvio il Censimento permanente della Popolazione e delle abitazioni. L\u2019edizione 2025 coinvolge 2.533 Comuni e circa 1,5 milioni di famiglie e individui e, come di consueto, anche il Comune di Belluno sar\u00e0 interessato da questa tornata censuaria. La rilevazione censuaria quest\u2019anno si svolger\u00e0 in due fasi, la prima sar\u00e0 una [&hellip;]\" \/>\n<meta property=\"og:url\" content=\"https:\/\/www.bellunopress.it\/fr\/2025\/09\/29\/belluno-al-via-il-censimento-permanente-della-popolazione-e-delle-abitazioni-2\/\" \/>\n<meta property=\"og:site_name\" content=\"Bellunopress - Dolomiti\" \/>\n<meta property=\"article:publisher\" content=\"https:\/\/www.facebook.com\/profile.php?id=100008943462799\" \/>\n<meta property=\"article:published_time\" content=\"2025-09-29T13:29:17+00:00\" \/>\n<meta property=\"og:image\" content=\"https:\/\/www.bellunopress.it\/wp-content\/uploads\/2019\/10\/palazzo-rosso-notte.jpg\" \/>\n\t<meta property=\"og:image:width\" content=\"300\" \/>\n\t<meta property=\"og:image:height\" content=\"226\" \/>\n\t<meta property=\"og:image:type\" content=\"image\/jpeg\" \/>\n<meta name=\"author\" content=\"redazione\" \/>\n<meta name=\"twitter:card\" content=\"summary_large_image\" \/>\n<meta name=\"twitter:creator\" content=\"@bellunopress\" \/>\n<meta name=\"twitter:site\" content=\"@bellunopress\" \/>\n<meta name=\"twitter:label1\" content=\"\u00c9crit par\" \/>\n\t<meta name=\"twitter:data1\" content=\"redazione\" \/>\n\t<meta name=\"twitter:label2\" content=\"Dur\u00e9e de lecture estim\u00e9e\" \/>\n\t<meta name=\"twitter:data2\" content=\"3 minutes\" \/>\n<script type=\"application\/ld+json\" class=\"yoast-schema-graph\">{\"@context\":\"https:\\\/\\\/schema.org\",\"@graph\":[{\"@type\":\"Article\",\"@id\":\"https:\\\/\\\/www.bellunopress.it\\\/2025\\\/09\\\/29\\\/belluno-al-via-il-censimento-permanente-della-popolazione-e-delle-abitazioni-2\\\/#article\",\"isPartOf\":{\"@id\":\"https:\\\/\\\/www.bellunopress.it\\\/2025\\\/09\\\/29\\\/belluno-al-via-il-censimento-permanente-della-popolazione-e-delle-abitazioni-2\\\/\"},\"author\":{\"name\":\"redazione\",\"@id\":\"https:\\\/\\\/www.bellunopress.it\\\/#\\\/schema\\\/person\\\/79bb06722b37ece1c03d3e94beb30d73\"},\"headline\":\"Belluno. Al via il Censimento permanente della popolazione e delle abitazioni\",\"datePublished\":\"2025-09-29T13:29:17+00:00\",\"mainEntityOfPage\":{\"@id\":\"https:\\\/\\\/www.bellunopress.it\\\/2025\\\/09\\\/29\\\/belluno-al-via-il-censimento-permanente-della-popolazione-e-delle-abitazioni-2\\\/\"},\"wordCount\":663,\"publisher\":{\"@id\":\"https:\\\/\\\/www.bellunopress.it\\\/#organization\"},\"image\":{\"@id\":\"https:\\\/\\\/www.bellunopress.it\\\/2025\\\/09\\\/29\\\/belluno-al-via-il-censimento-permanente-della-popolazione-e-delle-abitazioni-2\\\/#primaryimage\"},\"thumbnailUrl\":\"https:\\\/\\\/www.bellunopress.it\\\/wp-content\\\/uploads\\\/2019\\\/10\\\/palazzo-rosso-notte.jpg\",\"articleSection\":[\"Prima Pagina\",\"Societ\u00e0, Associazioni, Istituzioni\"],\"inLanguage\":\"fr-FR\"},{\"@type\":\"WebPage\",\"@id\":\"https:\\\/\\\/www.bellunopress.it\\\/2025\\\/09\\\/29\\\/belluno-al-via-il-censimento-permanente-della-popolazione-e-delle-abitazioni-2\\\/\",\"url\":\"https:\\\/\\\/www.bellunopress.it\\\/2025\\\/09\\\/29\\\/belluno-al-via-il-censimento-permanente-della-popolazione-e-delle-abitazioni-2\\\/\",\"name\":\"Belluno. Al via il Censimento permanente della popolazione e delle abitazioni - Bellunopress - Dolomiti\",\"isPartOf\":{\"@id\":\"https:\\\/\\\/www.bellunopress.it\\\/#website\"},\"primaryImageOfPage\":{\"@id\":\"https:\\\/\\\/www.bellunopress.it\\\/2025\\\/09\\\/29\\\/belluno-al-via-il-censimento-permanente-della-popolazione-e-delle-abitazioni-2\\\/#primaryimage\"},\"image\":{\"@id\":\"https:\\\/\\\/www.bellunopress.it\\\/2025\\\/09\\\/29\\\/belluno-al-via-il-censimento-permanente-della-popolazione-e-delle-abitazioni-2\\\/#primaryimage\"},\"thumbnailUrl\":\"https:\\\/\\\/www.bellunopress.it\\\/wp-content\\\/uploads\\\/2019\\\/10\\\/palazzo-rosso-notte.jpg\",\"datePublished\":\"2025-09-29T13:29:17+00:00\",\"breadcrumb\":{\"@id\":\"https:\\\/\\\/www.bellunopress.it\\\/2025\\\/09\\\/29\\\/belluno-al-via-il-censimento-permanente-della-popolazione-e-delle-abitazioni-2\\\/#breadcrumb\"},\"inLanguage\":\"fr-FR\",\"potentialAction\":[{\"@type\":\"ReadAction\",\"target\":[\"https:\\\/\\\/www.bellunopress.it\\\/2025\\\/09\\\/29\\\/belluno-al-via-il-censimento-permanente-della-popolazione-e-delle-abitazioni-2\\\/\"]}]},{\"@type\":\"ImageObject\",\"inLanguage\":\"fr-FR\",\"@id\":\"https:\\\/\\\/www.bellunopress.it\\\/2025\\\/09\\\/29\\\/belluno-al-via-il-censimento-permanente-della-popolazione-e-delle-abitazioni-2\\\/#primaryimage\",\"url\":\"https:\\\/\\\/www.bellunopress.it\\\/wp-content\\\/uploads\\\/2019\\\/10\\\/palazzo-rosso-notte.jpg\",\"contentUrl\":\"https:\\\/\\\/www.bellunopress.it\\\/wp-content\\\/uploads\\\/2019\\\/10\\\/palazzo-rosso-notte.jpg\",\"width\":300,\"height\":226,\"caption\":\"Palazzo Rosso, sede dell'amministrazione comunale di Belluno\"},{\"@type\":\"BreadcrumbList\",\"@id\":\"https:\\\/\\\/www.bellunopress.it\\\/2025\\\/09\\\/29\\\/belluno-al-via-il-censimento-permanente-della-popolazione-e-delle-abitazioni-2\\\/#breadcrumb\",\"itemListElement\":[{\"@type\":\"ListItem\",\"position\":1,\"name\":\"Home\",\"item\":\"https:\\\/\\\/www.bellunopress.it\\\/\"},{\"@type\":\"ListItem\",\"position\":2,\"name\":\"Belluno. Al via il Censimento permanente della popolazione e delle abitazioni\"}]},{\"@type\":\"WebSite\",\"@id\":\"https:\\\/\\\/www.bellunopress.it\\\/#website\",\"url\":\"https:\\\/\\\/www.bellunopress.it\\\/\",\"name\":\"Bellunopress - Dolomiti\",\"description\":\"e-mail: redazione@bellunopress.it\",\"publisher\":{\"@id\":\"https:\\\/\\\/www.bellunopress.it\\\/#organization\"},\"potentialAction\":[{\"@type\":\"SearchAction\",\"target\":{\"@type\":\"EntryPoint\",\"urlTemplate\":\"https:\\\/\\\/www.bellunopress.it\\\/?s={search_term_string}\"},\"query-input\":{\"@type\":\"PropertyValueSpecification\",\"valueRequired\":true,\"valueName\":\"search_term_string\"}}],\"inLanguage\":\"fr-FR\"},{\"@type\":\"Organization\",\"@id\":\"https:\\\/\\\/www.bellunopress.it\\\/#organization\",\"name\":\"Bellunopress\",\"url\":\"https:\\\/\\\/www.bellunopress.it\\\/\",\"logo\":{\"@type\":\"ImageObject\",\"inLanguage\":\"fr-FR\",\"@id\":\"https:\\\/\\\/www.bellunopress.it\\\/#\\\/schema\\\/logo\\\/image\\\/\",\"url\":\"https:\\\/\\\/www.bellunopress.it\\\/wp-content\\\/uploads\\\/2011\\\/05\\\/cropped-logo-bellunopress-.jpg\",\"contentUrl\":\"https:\\\/\\\/www.bellunopress.it\\\/wp-content\\\/uploads\\\/2011\\\/05\\\/cropped-logo-bellunopress-.jpg\",\"width\":512,\"height\":512,\"caption\":\"Bellunopress\"},\"image\":{\"@id\":\"https:\\\/\\\/www.bellunopress.it\\\/#\\\/schema\\\/logo\\\/image\\\/\"},\"sameAs\":[\"https:\\\/\\\/www.facebook.com\\\/profile.php?id=100008943462799\",\"https:\\\/\\\/x.com\\\/bellunopress\",\"https:\\\/\\\/www.linkedin.com\\\/hp\\\/?dnr=JBzUWaJfMUw8vbXJJ2tVW5-I3jZKvC4wsoxE&amp;amp;amp;amp;amp;amp;trk=nav_responsive_tab_home\",\"https:\\\/\\\/www.youtube.com\\\/channel\\\/UCxL0wu1uN0_3_7hGG0306cw\"]},{\"@type\":\"Person\",\"@id\":\"https:\\\/\\\/www.bellunopress.it\\\/#\\\/schema\\\/person\\\/79bb06722b37ece1c03d3e94beb30d73\",\"name\":\"redazione\",\"image\":{\"@type\":\"ImageObject\",\"inLanguage\":\"fr-FR\",\"@id\":\"https:\\\/\\\/secure.gravatar.com\\\/avatar\\\/37d968a2e67a6fd04c169c4bdef102d0bc5d31b2546345219e348575eb80e9a0?s=96&d=mm&r=g\",\"url\":\"https:\\\/\\\/secure.gravatar.com\\\/avatar\\\/37d968a2e67a6fd04c169c4bdef102d0bc5d31b2546345219e348575eb80e9a0?s=96&d=mm&r=g\",\"contentUrl\":\"https:\\\/\\\/secure.gravatar.com\\\/avatar\\\/37d968a2e67a6fd04c169c4bdef102d0bc5d31b2546345219e348575eb80e9a0?s=96&d=mm&r=g\",\"caption\":\"redazione\"},\"sameAs\":[\"http:\\\/\\\/www.bellunopress.it\",\"https:\\\/\\\/x.com\\\/bellunopress\"],\"url\":\"https:\\\/\\\/www.bellunopress.it\\\/fr\\\/author\\\/redazione\\\/\"}]}<\/script>\n<!-- \/ Yoast SEO plugin. -->","yoast_head_json":{"title":"Belluno. Al via il Censimento permanente della popolazione e delle abitazioni - Bellunopress - Dolomiti","robots":{"index":"index","follow":"follow","max-snippet":"max-snippet:-1","max-image-preview":"max-image-preview:large","max-video-preview":"max-video-preview:-1"},"canonical":"https:\/\/www.bellunopress.it\/fr\/2025\/09\/29\/belluno-al-via-il-censimento-permanente-della-popolazione-e-delle-abitazioni-2\/","og_locale":"fr_FR","og_type":"article","og_title":"Belluno. Al via il Censimento permanente della popolazione e delle abitazioni - Bellunopress - Dolomiti","og_description":"Il 6 ottobre 2025 prende l\u2019avvio il Censimento permanente della Popolazione e delle abitazioni. L\u2019edizione 2025 coinvolge 2.533 Comuni e circa 1,5 milioni di famiglie e individui e, come di consueto, anche il Comune di Belluno sar\u00e0 interessato da questa tornata censuaria. La rilevazione censuaria quest\u2019anno si svolger\u00e0 in due fasi, la prima sar\u00e0 una [&hellip;]","og_url":"https:\/\/www.bellunopress.it\/fr\/2025\/09\/29\/belluno-al-via-il-censimento-permanente-della-popolazione-e-delle-abitazioni-2\/","og_site_name":"Bellunopress - Dolomiti","article_publisher":"https:\/\/www.facebook.com\/profile.php?id=100008943462799","article_published_time":"2025-09-29T13:29:17+00:00","og_image":[{"width":300,"height":226,"url":"https:\/\/www.bellunopress.it\/wp-content\/uploads\/2019\/10\/palazzo-rosso-notte.jpg","type":"image\/jpeg"}],"author":"redazione","twitter_card":"summary_large_image","twitter_creator":"@bellunopress","twitter_site":"@bellunopress","twitter_misc":{"\u00c9crit par":"redazione","Dur\u00e9e de lecture estim\u00e9e":"3 minutes"},"schema":{"@context":"https:\/\/schema.org","@graph":[{"@type":"Article","@id":"https:\/\/www.bellunopress.it\/2025\/09\/29\/belluno-al-via-il-censimento-permanente-della-popolazione-e-delle-abitazioni-2\/#article","isPartOf":{"@id":"https:\/\/www.bellunopress.it\/2025\/09\/29\/belluno-al-via-il-censimento-permanente-della-popolazione-e-delle-abitazioni-2\/"},"author":{"name":"redazione","@id":"https:\/\/www.bellunopress.it\/#\/schema\/person\/79bb06722b37ece1c03d3e94beb30d73"},"headline":"Belluno. Al via il Censimento permanente della popolazione e delle abitazioni","datePublished":"2025-09-29T13:29:17+00:00","mainEntityOfPage":{"@id":"https:\/\/www.bellunopress.it\/2025\/09\/29\/belluno-al-via-il-censimento-permanente-della-popolazione-e-delle-abitazioni-2\/"},"wordCount":663,"publisher":{"@id":"https:\/\/www.bellunopress.it\/#organization"},"image":{"@id":"https:\/\/www.bellunopress.it\/2025\/09\/29\/belluno-al-via-il-censimento-permanente-della-popolazione-e-delle-abitazioni-2\/#primaryimage"},"thumbnailUrl":"https:\/\/www.bellunopress.it\/wp-content\/uploads\/2019\/10\/palazzo-rosso-notte.jpg","articleSection":["Prima Pagina","Societ\u00e0, Associazioni, Istituzioni"],"inLanguage":"fr-FR"},{"@type":"WebPage","@id":"https:\/\/www.bellunopress.it\/2025\/09\/29\/belluno-al-via-il-censimento-permanente-della-popolazione-e-delle-abitazioni-2\/","url":"https:\/\/www.bellunopress.it\/2025\/09\/29\/belluno-al-via-il-censimento-permanente-della-popolazione-e-delle-abitazioni-2\/","name":"Belluno. Al via il Censimento permanente della popolazione e delle abitazioni - Bellunopress - Dolomiti","isPartOf":{"@id":"https:\/\/www.bellunopress.it\/#website"},"primaryImageOfPage":{"@id":"https:\/\/www.bellunopress.it\/2025\/09\/29\/belluno-al-via-il-censimento-permanente-della-popolazione-e-delle-abitazioni-2\/#primaryimage"},"image":{"@id":"https:\/\/www.bellunopress.it\/2025\/09\/29\/belluno-al-via-il-censimento-permanente-della-popolazione-e-delle-abitazioni-2\/#primaryimage"},"thumbnailUrl":"https:\/\/www.bellunopress.it\/wp-content\/uploads\/2019\/10\/palazzo-rosso-notte.jpg","datePublished":"2025-09-29T13:29:17+00:00","breadcrumb":{"@id":"https:\/\/www.bellunopress.it\/2025\/09\/29\/belluno-al-via-il-censimento-permanente-della-popolazione-e-delle-abitazioni-2\/#breadcrumb"},"inLanguage":"fr-FR","potentialAction":[{"@type":"ReadAction","target":["https:\/\/www.bellunopress.it\/2025\/09\/29\/belluno-al-via-il-censimento-permanente-della-popolazione-e-delle-abitazioni-2\/"]}]},{"@type":"ImageObject","inLanguage":"fr-FR","@id":"https:\/\/www.bellunopress.it\/2025\/09\/29\/belluno-al-via-il-censimento-permanente-della-popolazione-e-delle-abitazioni-2\/#primaryimage","url":"https:\/\/www.bellunopress.it\/wp-content\/uploads\/2019\/10\/palazzo-rosso-notte.jpg","contentUrl":"https:\/\/www.bellunopress.it\/wp-content\/uploads\/2019\/10\/palazzo-rosso-notte.jpg","width":300,"height":226,"caption":"Palazzo Rosso, sede dell'amministrazione comunale di Belluno"},{"@type":"BreadcrumbList","@id":"https:\/\/www.bellunopress.it\/2025\/09\/29\/belluno-al-via-il-censimento-permanente-della-popolazione-e-delle-abitazioni-2\/#breadcrumb","itemListElement":[{"@type":"ListItem","position":1,"name":"Home","item":"https:\/\/www.bellunopress.it\/"},{"@type":"ListItem","position":2,"name":"Belluno. Al via il Censimento permanente della popolazione e delle abitazioni"}]},{"@type":"WebSite","@id":"https:\/\/www.bellunopress.it\/#website","url":"https:\/\/www.bellunopress.it\/","name":"Bellunopress - Dolomiti","description":"e-mail: redazione@bellunopress.it","publisher":{"@id":"https:\/\/www.bellunopress.it\/#organization"},"potentialAction":[{"@type":"SearchAction","target":{"@type":"EntryPoint","urlTemplate":"https:\/\/www.bellunopress.it\/?s={search_term_string}"},"query-input":{"@type":"PropertyValueSpecification","valueRequired":true,"valueName":"search_term_string"}}],"inLanguage":"fr-FR"},{"@type":"Organization","@id":"https:\/\/www.bellunopress.it\/#organization","name":"Bellunopress","url":"https:\/\/www.bellunopress.it\/","logo":{"@type":"ImageObject","inLanguage":"fr-FR","@id":"https:\/\/www.bellunopress.it\/#\/schema\/logo\/image\/","url":"https:\/\/www.bellunopress.it\/wp-content\/uploads\/2011\/05\/cropped-logo-bellunopress-.jpg","contentUrl":"https:\/\/www.bellunopress.it\/wp-content\/uploads\/2011\/05\/cropped-logo-bellunopress-.jpg","width":512,"height":512,"caption":"Bellunopress"},"image":{"@id":"https:\/\/www.bellunopress.it\/#\/schema\/logo\/image\/"},"sameAs":["https:\/\/www.facebook.com\/profile.php?id=100008943462799","https:\/\/x.com\/bellunopress","https:\/\/www.linkedin.com\/hp\/?dnr=JBzUWaJfMUw8vbXJJ2tVW5-I3jZKvC4wsoxE&amp;amp;amp;amp;amp;amp;trk=nav_responsive_tab_home","https:\/\/www.youtube.com\/channel\/UCxL0wu1uN0_3_7hGG0306cw"]},{"@type":"Person","@id":"https:\/\/www.bellunopress.it\/#\/schema\/person\/79bb06722b37ece1c03d3e94beb30d73","name":"r\u00e9daction","image":{"@type":"ImageObject","inLanguage":"fr-FR","@id":"https:\/\/secure.gravatar.com\/avatar\/37d968a2e67a6fd04c169c4bdef102d0bc5d31b2546345219e348575eb80e9a0?s=96&d=mm&r=g","url":"https:\/\/secure.gravatar.com\/avatar\/37d968a2e67a6fd04c169c4bdef102d0bc5d31b2546345219e348575eb80e9a0?s=96&d=mm&r=g","contentUrl":"https:\/\/secure.gravatar.com\/avatar\/37d968a2e67a6fd04c169c4bdef102d0bc5d31b2546345219e348575eb80e9a0?s=96&d=mm&r=g","caption":"redazione"},"sameAs":["http:\/\/www.bellunopress.it","https:\/\/x.com\/bellunopress"],"url":"https:\/\/www.bellunopress.it\/fr\/author\/redazione\/"}]}},"_links":{"self":[{"href":"https:\/\/www.bellunopress.it\/fr\/wp-json\/wp\/v2\/posts\/163713","targetHints":{"allow":["GET"]}}],"collection":[{"href":"https:\/\/www.bellunopress.it\/fr\/wp-json\/wp\/v2\/posts"}],"about":[{"href":"https:\/\/www.bellunopress.it\/fr\/wp-json\/wp\/v2\/types\/post"}],"author":[{"embeddable":true,"href":"https:\/\/www.bellunopress.it\/fr\/wp-json\/wp\/v2\/users\/2"}],"replies":[{"embeddable":true,"href":"https:\/\/www.bellunopress.it\/fr\/wp-json\/wp\/v2\/comments?post=163713"}],"version-history":[{"count":1,"href":"https:\/\/www.bellunopress.it\/fr\/wp-json\/wp\/v2\/posts\/163713\/revisions"}],"predecessor-version":[{"id":163714,"href":"https:\/\/www.bellunopress.it\/fr\/wp-json\/wp\/v2\/posts\/163713\/revisions\/163714"}],"wp:featuredmedia":[{"embeddable":true,"href":"https:\/\/www.bellunopress.it\/fr\/wp-json\/wp\/v2\/media\/108633"}],"wp:attachment":[{"href":"https:\/\/www.bellunopress.it\/fr\/wp-json\/wp\/v2\/media?parent=163713"}],"wp:term":[{"taxonomy":"category","embeddable":true,"href":"https:\/\/www.bellunopress.it\/fr\/wp-json\/wp\/v2\/categories?post=163713"},{"taxonomy":"post_tag","embeddable":true,"href":"https:\/\/www.bellunopress.it\/fr\/wp-json\/wp\/v2\/tags?post=163713"}],"curies":[{"name":"wp","href":"https:\/\/api.w.org\/{rel}","templated":true}]}}