{"id":163710,"date":"2025-09-29T13:30:35","date_gmt":"2025-09-29T11:30:35","guid":{"rendered":"https:\/\/www.bellunopress.it\/?p=163710"},"modified":"2025-09-29T13:31:30","modified_gmt":"2025-09-29T11:31:30","slug":"la-mappatura-dei-nei-approda-in-consiglio-comunale-di-feltre-e-di-belluno","status":"publish","type":"post","link":"https:\/\/www.bellunopress.it\/fr\/2025\/09\/29\/la-mappatura-dei-nei-approda-in-consiglio-comunale-di-feltre-e-di-belluno\/","title":{"rendered":"La mappatura dei nei approda in consiglio comunale di Feltre e di Belluno"},"content":{"rendered":"<p><img loading=\"lazy\" decoding=\"async\" class=\"aligncenter size-full wp-image-151167\" src=\"https:\/\/www.bellunopress.it\/wp-content\/uploads\/2024\/05\/comitato-feltrino-per-il-diritto-alla-salute.jpg\" alt=\"\" width=\"510\" height=\"401\" srcset=\"https:\/\/www.bellunopress.it\/wp-content\/uploads\/2024\/05\/comitato-feltrino-per-il-diritto-alla-salute.jpg 510w, https:\/\/www.bellunopress.it\/wp-content\/uploads\/2024\/05\/comitato-feltrino-per-il-diritto-alla-salute-500x393.jpg 500w\" sizes=\"auto, (max-width: 510px) 100vw, 510px\" \/>Belluno\/Feltre, 29 settembre 2025 &#8211; Dopo mesi di forte preoccupazione e mobilitazione da parte dei cittadini e dei comitati locali, il tema cruciale della mappatura dei nei e l&#8217;accesso alla prevenzione dermatologica sbarca sui tavoli dei consigli comunali di Belluno e Feltre. L&#8217;iniziativa segue la protesta sollevata dal Comitato Feltrino per il Diritto alla Salute &#8211; Gi\u00f9 le mani dalla Sanit\u00e0 bellunese e da altri comitati del CoVeSaP (Coordinamento Veneto Sanit\u00e0 Pubblica) contro le recenti limitazioni introdotte nell&#8217;ULSS1 Dolomiti.<\/p>\n<p>Al centro del dibattito c&#8217;\u00e8 la nuova disposizione che vincola la prescrizione delle visite dermatologiche di primo accesso da parte dei medici di Medicina generale solo in presenza di lesioni sospette, escludendo di fatto le valutazioni preventive per i soggetti a rischio e la cosiddetta &#8220;mappatura&#8221; dei nei.<\/p>\n<p>&#8220;Queste modifiche, che riducono l&#8217;accesso a un esame fondamentale nel Servizio Sanitario Pubblico e sembrano preludere a una sua possibile privatizzazione, ci sono sembrate alquanto gravi,&#8221; denunciano i rappresentanti del Comitato. L&#8217;ULSS1 Dolomiti \u00e8 stata, a quanto pare, la prima nel Veneto ad applicare tali restrizioni.<\/p>\n<p>L&#8217;urgenza della questione \u00e8 aggravata dai tempi di attesa gi\u00e0 insostenibili. Lo &#8220;Sportello Diritto alle Cure&#8221; ha evidenziato in pi\u00f9 occasioni ritardi che superano i termini massimi, arrivando a oltre 600 giorni di attesa per pazienti che necessitavano di un intervento di asportazione.<\/p>\n<p>La posta in gioco \u00e8 alta: \u00e8 assodato che negli ultimi anni si \u00e8 registrato un progressivo aumento delle diagnosi di tumori cutanei, in particolare dei melanomi (con un&#8217;incidenza stimata di circa 15 casi ogni 100.000 abitanti). In questo scenario, la diagnosi precoce rappresenta lo strumento pi\u00f9 efficace per salvare vite.<\/p>\n<p>&#8220;La conseguenza di diagnosi tardive, o garantite solo a chi se lo pu\u00f2 permettere economicamente, non pu\u00f2 essere sottovalutata, specie in una provincia gravata da spese in ogni altro ambito, dal riscaldamento ai trasporti,&#8221; sottolinea il Comitato.<\/p>\n<p>A distanza di un mese dall&#8217;invio delle lettere a tutti i sindaci, l&#8217;appello dei comitati ha trovato ascolto nell&#8217;opposizione, che ha presentato delle mozioni per impegnare i primi cittadini presso la Regione Veneto.<\/p>\n<p><strong>A Feltre<\/strong>: La discussione \u00e8 prevista per oggi, luned\u00ec 29 settembre 2025, dalle ore 18:30 al punto 11 del Consiglio Comunale. La mozione, presentata dai consiglieri Carla Cassol e Alessandro Del Bianco (a nome dei gruppi PD, Cittadinanza e Partecipazione, Idea per Feltre, Sinistra Feltrina), chiede di &#8220;garantire la &#8216;mappatura dei nei&#8217; quale prestazione erogata a carico del sistema sanitario regionale, quale forma di tutela per tutti i cittadini che hanno necessit\u00e0 di eseguire questo screening per prevenire l&#8217;insorgenza del melanoma.&#8221; La seduta sar\u00e0 trasmessa in diretta via Youtube.<\/p>\n<p><strong>A Belluno<\/strong>: Il tema sar\u00e0 affrontato marted\u00ec 30 settembre 2025, dalle ore 9:30, al punto 20 dell&#8217;Ordine del Giorno. La mozione \u00e8 stata presentata dalle consigliere Claudia Bettiol e Maria Teresa Cassol (Partito Democratico) con un obiettivo analogo: l&#8217;impegno del sindaco affinch\u00e9 la mappatura sia garantita dal Servizio Sanitario Regionale.<\/p>\n<p>Il Comitato feltrino per il diritto alla salute &#8211; gi\u00f9 le mani dalla Sanit\u00e0 bellunese resta in attesa anche di una risposta ufficiale dalla Conferenza dei Sindaci bellunese, organo con un ruolo chiave nella programmazione e nel controllo dell&#8217;attivit\u00e0 socio-sanitaria.<\/p>","protected":false},"excerpt":{"rendered":"<p>Belluno\/Feltre, 29 settembre 2025 &#8211; Dopo mesi di forte preoccupazione e mobilitazione da parte dei cittadini e dei comitati locali, il tema cruciale della mappatura dei nei e l&#8217;accesso alla prevenzione dermatologica sbarca sui tavoli dei consigli comunali di Belluno e Feltre. L&#8217;iniziativa segue la protesta sollevata dal Comitato Feltrino per il Diritto alla Salute [&hellip;]<\/p>\n","protected":false},"author":2,"featured_media":141395,"comment_status":"closed","ping_status":"open","sticky":false,"template":"","format":"standard","meta":{"footnotes":""},"categories":[5,26],"tags":[],"class_list":["post-163710","post","type-post","status-publish","format-standard","has-post-thumbnail","category-cronaca","category-prima-pagina"],"yoast_head":"<!-- This site is optimized with the Yoast SEO plugin v28.4 - https:\/\/yoast.com\/product\/yoast-seo-wordpress\/ -->\n<title>La mappatura dei nei approda in consiglio comunale di Feltre e di Belluno - Bellunopress - Dolomiti<\/title>\n<meta name=\"robots\" content=\"index, follow, max-snippet:-1, max-image-preview:large, max-video-preview:-1\" \/>\n<link rel=\"canonical\" href=\"https:\/\/www.bellunopress.it\/fr\/2025\/09\/29\/la-mappatura-dei-nei-approda-in-consiglio-comunale-di-feltre-e-di-belluno\/\" \/>\n<meta property=\"og:locale\" content=\"fr_FR\" \/>\n<meta property=\"og:type\" content=\"article\" \/>\n<meta property=\"og:title\" content=\"La mappatura dei nei approda in consiglio comunale di Feltre e di Belluno - Bellunopress - Dolomiti\" \/>\n<meta property=\"og:description\" content=\"Belluno\/Feltre, 29 settembre 2025 &#8211; Dopo mesi di forte preoccupazione e mobilitazione da parte dei cittadini e dei comitati locali, il tema cruciale della mappatura dei nei e l&#8217;accesso alla prevenzione dermatologica sbarca sui tavoli dei consigli comunali di Belluno e Feltre. L&#8217;iniziativa segue la protesta sollevata dal Comitato Feltrino per il Diritto alla Salute [&hellip;]\" \/>\n<meta property=\"og:url\" content=\"https:\/\/www.bellunopress.it\/fr\/2025\/09\/29\/la-mappatura-dei-nei-approda-in-consiglio-comunale-di-feltre-e-di-belluno\/\" \/>\n<meta property=\"og:site_name\" content=\"Bellunopress - Dolomiti\" \/>\n<meta property=\"article:publisher\" content=\"https:\/\/www.facebook.com\/profile.php?id=100008943462799\" \/>\n<meta property=\"article:published_time\" content=\"2025-09-29T11:30:35+00:00\" \/>\n<meta property=\"article:modified_time\" content=\"2025-09-29T11:31:30+00:00\" \/>\n<meta property=\"og:image\" content=\"https:\/\/www.bellunopress.it\/wp-content\/uploads\/2023\/05\/Covesap-coordinamento-veneto-sanita-pubblica.jpg\" \/>\n\t<meta property=\"og:image:width\" content=\"1000\" \/>\n\t<meta property=\"og:image:height\" content=\"1000\" \/>\n\t<meta property=\"og:image:type\" content=\"image\/jpeg\" \/>\n<meta name=\"author\" content=\"redazione\" \/>\n<meta name=\"twitter:card\" content=\"summary_large_image\" \/>\n<meta name=\"twitter:creator\" content=\"@bellunopress\" \/>\n<meta name=\"twitter:site\" content=\"@bellunopress\" \/>\n<meta name=\"twitter:label1\" content=\"\u00c9crit par\" \/>\n\t<meta name=\"twitter:data1\" content=\"redazione\" \/>\n\t<meta name=\"twitter:label2\" content=\"Dur\u00e9e de lecture estim\u00e9e\" \/>\n\t<meta name=\"twitter:data2\" content=\"2 minutes\" \/>\n<script type=\"application\/ld+json\" class=\"yoast-schema-graph\">{\"@context\":\"https:\\\/\\\/schema.org\",\"@graph\":[{\"@type\":\"Article\",\"@id\":\"https:\\\/\\\/www.bellunopress.it\\\/2025\\\/09\\\/29\\\/la-mappatura-dei-nei-approda-in-consiglio-comunale-di-feltre-e-di-belluno\\\/#article\",\"isPartOf\":{\"@id\":\"https:\\\/\\\/www.bellunopress.it\\\/2025\\\/09\\\/29\\\/la-mappatura-dei-nei-approda-in-consiglio-comunale-di-feltre-e-di-belluno\\\/\"},\"author\":{\"name\":\"redazione\",\"@id\":\"https:\\\/\\\/www.bellunopress.it\\\/#\\\/schema\\\/person\\\/79bb06722b37ece1c03d3e94beb30d73\"},\"headline\":\"La mappatura dei nei approda in consiglio comunale di Feltre e di Belluno\",\"datePublished\":\"2025-09-29T11:30:35+00:00\",\"dateModified\":\"2025-09-29T11:31:30+00:00\",\"mainEntityOfPage\":{\"@id\":\"https:\\\/\\\/www.bellunopress.it\\\/2025\\\/09\\\/29\\\/la-mappatura-dei-nei-approda-in-consiglio-comunale-di-feltre-e-di-belluno\\\/\"},\"wordCount\":524,\"publisher\":{\"@id\":\"https:\\\/\\\/www.bellunopress.it\\\/#organization\"},\"image\":{\"@id\":\"https:\\\/\\\/www.bellunopress.it\\\/2025\\\/09\\\/29\\\/la-mappatura-dei-nei-approda-in-consiglio-comunale-di-feltre-e-di-belluno\\\/#primaryimage\"},\"thumbnailUrl\":\"https:\\\/\\\/www.bellunopress.it\\\/wp-content\\\/uploads\\\/2023\\\/05\\\/Covesap-coordinamento-veneto-sanita-pubblica.jpg\",\"articleSection\":[\"Cronaca\\\/Politica\",\"Prima Pagina\"],\"inLanguage\":\"fr-FR\"},{\"@type\":\"WebPage\",\"@id\":\"https:\\\/\\\/www.bellunopress.it\\\/2025\\\/09\\\/29\\\/la-mappatura-dei-nei-approda-in-consiglio-comunale-di-feltre-e-di-belluno\\\/\",\"url\":\"https:\\\/\\\/www.bellunopress.it\\\/2025\\\/09\\\/29\\\/la-mappatura-dei-nei-approda-in-consiglio-comunale-di-feltre-e-di-belluno\\\/\",\"name\":\"La mappatura dei nei approda in consiglio comunale di Feltre e di Belluno - Bellunopress - Dolomiti\",\"isPartOf\":{\"@id\":\"https:\\\/\\\/www.bellunopress.it\\\/#website\"},\"primaryImageOfPage\":{\"@id\":\"https:\\\/\\\/www.bellunopress.it\\\/2025\\\/09\\\/29\\\/la-mappatura-dei-nei-approda-in-consiglio-comunale-di-feltre-e-di-belluno\\\/#primaryimage\"},\"image\":{\"@id\":\"https:\\\/\\\/www.bellunopress.it\\\/2025\\\/09\\\/29\\\/la-mappatura-dei-nei-approda-in-consiglio-comunale-di-feltre-e-di-belluno\\\/#primaryimage\"},\"thumbnailUrl\":\"https:\\\/\\\/www.bellunopress.it\\\/wp-content\\\/uploads\\\/2023\\\/05\\\/Covesap-coordinamento-veneto-sanita-pubblica.jpg\",\"datePublished\":\"2025-09-29T11:30:35+00:00\",\"dateModified\":\"2025-09-29T11:31:30+00:00\",\"breadcrumb\":{\"@id\":\"https:\\\/\\\/www.bellunopress.it\\\/2025\\\/09\\\/29\\\/la-mappatura-dei-nei-approda-in-consiglio-comunale-di-feltre-e-di-belluno\\\/#breadcrumb\"},\"inLanguage\":\"fr-FR\",\"potentialAction\":[{\"@type\":\"ReadAction\",\"target\":[\"https:\\\/\\\/www.bellunopress.it\\\/2025\\\/09\\\/29\\\/la-mappatura-dei-nei-approda-in-consiglio-comunale-di-feltre-e-di-belluno\\\/\"]}]},{\"@type\":\"ImageObject\",\"inLanguage\":\"fr-FR\",\"@id\":\"https:\\\/\\\/www.bellunopress.it\\\/2025\\\/09\\\/29\\\/la-mappatura-dei-nei-approda-in-consiglio-comunale-di-feltre-e-di-belluno\\\/#primaryimage\",\"url\":\"https:\\\/\\\/www.bellunopress.it\\\/wp-content\\\/uploads\\\/2023\\\/05\\\/Covesap-coordinamento-veneto-sanita-pubblica.jpg\",\"contentUrl\":\"https:\\\/\\\/www.bellunopress.it\\\/wp-content\\\/uploads\\\/2023\\\/05\\\/Covesap-coordinamento-veneto-sanita-pubblica.jpg\",\"width\":1000,\"height\":1000},{\"@type\":\"BreadcrumbList\",\"@id\":\"https:\\\/\\\/www.bellunopress.it\\\/2025\\\/09\\\/29\\\/la-mappatura-dei-nei-approda-in-consiglio-comunale-di-feltre-e-di-belluno\\\/#breadcrumb\",\"itemListElement\":[{\"@type\":\"ListItem\",\"position\":1,\"name\":\"Home\",\"item\":\"https:\\\/\\\/www.bellunopress.it\\\/\"},{\"@type\":\"ListItem\",\"position\":2,\"name\":\"La mappatura dei nei approda in consiglio comunale di Feltre e di Belluno\"}]},{\"@type\":\"WebSite\",\"@id\":\"https:\\\/\\\/www.bellunopress.it\\\/#website\",\"url\":\"https:\\\/\\\/www.bellunopress.it\\\/\",\"name\":\"Bellunopress - Dolomiti\",\"description\":\"e-mail: redazione@bellunopress.it\",\"publisher\":{\"@id\":\"https:\\\/\\\/www.bellunopress.it\\\/#organization\"},\"potentialAction\":[{\"@type\":\"SearchAction\",\"target\":{\"@type\":\"EntryPoint\",\"urlTemplate\":\"https:\\\/\\\/www.bellunopress.it\\\/?s={search_term_string}\"},\"query-input\":{\"@type\":\"PropertyValueSpecification\",\"valueRequired\":true,\"valueName\":\"search_term_string\"}}],\"inLanguage\":\"fr-FR\"},{\"@type\":\"Organization\",\"@id\":\"https:\\\/\\\/www.bellunopress.it\\\/#organization\",\"name\":\"Bellunopress\",\"url\":\"https:\\\/\\\/www.bellunopress.it\\\/\",\"logo\":{\"@type\":\"ImageObject\",\"inLanguage\":\"fr-FR\",\"@id\":\"https:\\\/\\\/www.bellunopress.it\\\/#\\\/schema\\\/logo\\\/image\\\/\",\"url\":\"https:\\\/\\\/www.bellunopress.it\\\/wp-content\\\/uploads\\\/2011\\\/05\\\/cropped-logo-bellunopress-.jpg\",\"contentUrl\":\"https:\\\/\\\/www.bellunopress.it\\\/wp-content\\\/uploads\\\/2011\\\/05\\\/cropped-logo-bellunopress-.jpg\",\"width\":512,\"height\":512,\"caption\":\"Bellunopress\"},\"image\":{\"@id\":\"https:\\\/\\\/www.bellunopress.it\\\/#\\\/schema\\\/logo\\\/image\\\/\"},\"sameAs\":[\"https:\\\/\\\/www.facebook.com\\\/profile.php?id=100008943462799\",\"https:\\\/\\\/x.com\\\/bellunopress\",\"https:\\\/\\\/www.linkedin.com\\\/hp\\\/?dnr=JBzUWaJfMUw8vbXJJ2tVW5-I3jZKvC4wsoxE&amp;amp;amp;amp;amp;amp;trk=nav_responsive_tab_home\",\"https:\\\/\\\/www.youtube.com\\\/channel\\\/UCxL0wu1uN0_3_7hGG0306cw\"]},{\"@type\":\"Person\",\"@id\":\"https:\\\/\\\/www.bellunopress.it\\\/#\\\/schema\\\/person\\\/79bb06722b37ece1c03d3e94beb30d73\",\"name\":\"redazione\",\"image\":{\"@type\":\"ImageObject\",\"inLanguage\":\"fr-FR\",\"@id\":\"https:\\\/\\\/secure.gravatar.com\\\/avatar\\\/37d968a2e67a6fd04c169c4bdef102d0bc5d31b2546345219e348575eb80e9a0?s=96&d=mm&r=g\",\"url\":\"https:\\\/\\\/secure.gravatar.com\\\/avatar\\\/37d968a2e67a6fd04c169c4bdef102d0bc5d31b2546345219e348575eb80e9a0?s=96&d=mm&r=g\",\"contentUrl\":\"https:\\\/\\\/secure.gravatar.com\\\/avatar\\\/37d968a2e67a6fd04c169c4bdef102d0bc5d31b2546345219e348575eb80e9a0?s=96&d=mm&r=g\",\"caption\":\"redazione\"},\"sameAs\":[\"http:\\\/\\\/www.bellunopress.it\",\"https:\\\/\\\/x.com\\\/bellunopress\"],\"url\":\"https:\\\/\\\/www.bellunopress.it\\\/fr\\\/author\\\/redazione\\\/\"}]}<\/script>\n<!-- \/ Yoast SEO plugin. -->","yoast_head_json":{"title":"La mappatura dei nei approda in consiglio comunale di Feltre e di Belluno - Bellunopress - Dolomiti","robots":{"index":"index","follow":"follow","max-snippet":"max-snippet:-1","max-image-preview":"max-image-preview:large","max-video-preview":"max-video-preview:-1"},"canonical":"https:\/\/www.bellunopress.it\/fr\/2025\/09\/29\/la-mappatura-dei-nei-approda-in-consiglio-comunale-di-feltre-e-di-belluno\/","og_locale":"fr_FR","og_type":"article","og_title":"La mappatura dei nei approda in consiglio comunale di Feltre e di Belluno - Bellunopress - Dolomiti","og_description":"Belluno\/Feltre, 29 settembre 2025 &#8211; Dopo mesi di forte preoccupazione e mobilitazione da parte dei cittadini e dei comitati locali, il tema cruciale della mappatura dei nei e l&#8217;accesso alla prevenzione dermatologica sbarca sui tavoli dei consigli comunali di Belluno e Feltre. L&#8217;iniziativa segue la protesta sollevata dal Comitato Feltrino per il Diritto alla Salute [&hellip;]","og_url":"https:\/\/www.bellunopress.it\/fr\/2025\/09\/29\/la-mappatura-dei-nei-approda-in-consiglio-comunale-di-feltre-e-di-belluno\/","og_site_name":"Bellunopress - Dolomiti","article_publisher":"https:\/\/www.facebook.com\/profile.php?id=100008943462799","article_published_time":"2025-09-29T11:30:35+00:00","article_modified_time":"2025-09-29T11:31:30+00:00","og_image":[{"width":1000,"height":1000,"url":"https:\/\/www.bellunopress.it\/wp-content\/uploads\/2023\/05\/Covesap-coordinamento-veneto-sanita-pubblica.jpg","type":"image\/jpeg"}],"author":"redazione","twitter_card":"summary_large_image","twitter_creator":"@bellunopress","twitter_site":"@bellunopress","twitter_misc":{"\u00c9crit par":"redazione","Dur\u00e9e de lecture estim\u00e9e":"2 minutes"},"schema":{"@context":"https:\/\/schema.org","@graph":[{"@type":"Article","@id":"https:\/\/www.bellunopress.it\/2025\/09\/29\/la-mappatura-dei-nei-approda-in-consiglio-comunale-di-feltre-e-di-belluno\/#article","isPartOf":{"@id":"https:\/\/www.bellunopress.it\/2025\/09\/29\/la-mappatura-dei-nei-approda-in-consiglio-comunale-di-feltre-e-di-belluno\/"},"author":{"name":"redazione","@id":"https:\/\/www.bellunopress.it\/#\/schema\/person\/79bb06722b37ece1c03d3e94beb30d73"},"headline":"La mappatura dei nei approda in consiglio comunale di Feltre e di Belluno","datePublished":"2025-09-29T11:30:35+00:00","dateModified":"2025-09-29T11:31:30+00:00","mainEntityOfPage":{"@id":"https:\/\/www.bellunopress.it\/2025\/09\/29\/la-mappatura-dei-nei-approda-in-consiglio-comunale-di-feltre-e-di-belluno\/"},"wordCount":524,"publisher":{"@id":"https:\/\/www.bellunopress.it\/#organization"},"image":{"@id":"https:\/\/www.bellunopress.it\/2025\/09\/29\/la-mappatura-dei-nei-approda-in-consiglio-comunale-di-feltre-e-di-belluno\/#primaryimage"},"thumbnailUrl":"https:\/\/www.bellunopress.it\/wp-content\/uploads\/2023\/05\/Covesap-coordinamento-veneto-sanita-pubblica.jpg","articleSection":["Cronaca\/Politica","Prima Pagina"],"inLanguage":"fr-FR"},{"@type":"WebPage","@id":"https:\/\/www.bellunopress.it\/2025\/09\/29\/la-mappatura-dei-nei-approda-in-consiglio-comunale-di-feltre-e-di-belluno\/","url":"https:\/\/www.bellunopress.it\/2025\/09\/29\/la-mappatura-dei-nei-approda-in-consiglio-comunale-di-feltre-e-di-belluno\/","name":"La mappatura dei nei approda in consiglio comunale di Feltre e di Belluno - Bellunopress - Dolomiti","isPartOf":{"@id":"https:\/\/www.bellunopress.it\/#website"},"primaryImageOfPage":{"@id":"https:\/\/www.bellunopress.it\/2025\/09\/29\/la-mappatura-dei-nei-approda-in-consiglio-comunale-di-feltre-e-di-belluno\/#primaryimage"},"image":{"@id":"https:\/\/www.bellunopress.it\/2025\/09\/29\/la-mappatura-dei-nei-approda-in-consiglio-comunale-di-feltre-e-di-belluno\/#primaryimage"},"thumbnailUrl":"https:\/\/www.bellunopress.it\/wp-content\/uploads\/2023\/05\/Covesap-coordinamento-veneto-sanita-pubblica.jpg","datePublished":"2025-09-29T11:30:35+00:00","dateModified":"2025-09-29T11:31:30+00:00","breadcrumb":{"@id":"https:\/\/www.bellunopress.it\/2025\/09\/29\/la-mappatura-dei-nei-approda-in-consiglio-comunale-di-feltre-e-di-belluno\/#breadcrumb"},"inLanguage":"fr-FR","potentialAction":[{"@type":"ReadAction","target":["https:\/\/www.bellunopress.it\/2025\/09\/29\/la-mappatura-dei-nei-approda-in-consiglio-comunale-di-feltre-e-di-belluno\/"]}]},{"@type":"ImageObject","inLanguage":"fr-FR","@id":"https:\/\/www.bellunopress.it\/2025\/09\/29\/la-mappatura-dei-nei-approda-in-consiglio-comunale-di-feltre-e-di-belluno\/#primaryimage","url":"https:\/\/www.bellunopress.it\/wp-content\/uploads\/2023\/05\/Covesap-coordinamento-veneto-sanita-pubblica.jpg","contentUrl":"https:\/\/www.bellunopress.it\/wp-content\/uploads\/2023\/05\/Covesap-coordinamento-veneto-sanita-pubblica.jpg","width":1000,"height":1000},{"@type":"BreadcrumbList","@id":"https:\/\/www.bellunopress.it\/2025\/09\/29\/la-mappatura-dei-nei-approda-in-consiglio-comunale-di-feltre-e-di-belluno\/#breadcrumb","itemListElement":[{"@type":"ListItem","position":1,"name":"Home","item":"https:\/\/www.bellunopress.it\/"},{"@type":"ListItem","position":2,"name":"La mappatura dei nei approda in consiglio comunale di Feltre e di Belluno"}]},{"@type":"WebSite","@id":"https:\/\/www.bellunopress.it\/#website","url":"https:\/\/www.bellunopress.it\/","name":"Bellunopress - Dolomiti","description":"e-mail: redazione@bellunopress.it","publisher":{"@id":"https:\/\/www.bellunopress.it\/#organization"},"potentialAction":[{"@type":"SearchAction","target":{"@type":"EntryPoint","urlTemplate":"https:\/\/www.bellunopress.it\/?s={search_term_string}"},"query-input":{"@type":"PropertyValueSpecification","valueRequired":true,"valueName":"search_term_string"}}],"inLanguage":"fr-FR"},{"@type":"Organization","@id":"https:\/\/www.bellunopress.it\/#organization","name":"Bellunopress","url":"https:\/\/www.bellunopress.it\/","logo":{"@type":"ImageObject","inLanguage":"fr-FR","@id":"https:\/\/www.bellunopress.it\/#\/schema\/logo\/image\/","url":"https:\/\/www.bellunopress.it\/wp-content\/uploads\/2011\/05\/cropped-logo-bellunopress-.jpg","contentUrl":"https:\/\/www.bellunopress.it\/wp-content\/uploads\/2011\/05\/cropped-logo-bellunopress-.jpg","width":512,"height":512,"caption":"Bellunopress"},"image":{"@id":"https:\/\/www.bellunopress.it\/#\/schema\/logo\/image\/"},"sameAs":["https:\/\/www.facebook.com\/profile.php?id=100008943462799","https:\/\/x.com\/bellunopress","https:\/\/www.linkedin.com\/hp\/?dnr=JBzUWaJfMUw8vbXJJ2tVW5-I3jZKvC4wsoxE&amp;amp;amp;amp;amp;amp;trk=nav_responsive_tab_home","https:\/\/www.youtube.com\/channel\/UCxL0wu1uN0_3_7hGG0306cw"]},{"@type":"Person","@id":"https:\/\/www.bellunopress.it\/#\/schema\/person\/79bb06722b37ece1c03d3e94beb30d73","name":"r\u00e9daction","image":{"@type":"ImageObject","inLanguage":"fr-FR","@id":"https:\/\/secure.gravatar.com\/avatar\/37d968a2e67a6fd04c169c4bdef102d0bc5d31b2546345219e348575eb80e9a0?s=96&d=mm&r=g","url":"https:\/\/secure.gravatar.com\/avatar\/37d968a2e67a6fd04c169c4bdef102d0bc5d31b2546345219e348575eb80e9a0?s=96&d=mm&r=g","contentUrl":"https:\/\/secure.gravatar.com\/avatar\/37d968a2e67a6fd04c169c4bdef102d0bc5d31b2546345219e348575eb80e9a0?s=96&d=mm&r=g","caption":"redazione"},"sameAs":["http:\/\/www.bellunopress.it","https:\/\/x.com\/bellunopress"],"url":"https:\/\/www.bellunopress.it\/fr\/author\/redazione\/"}]}},"_links":{"self":[{"href":"https:\/\/www.bellunopress.it\/fr\/wp-json\/wp\/v2\/posts\/163710","targetHints":{"allow":["GET"]}}],"collection":[{"href":"https:\/\/www.bellunopress.it\/fr\/wp-json\/wp\/v2\/posts"}],"about":[{"href":"https:\/\/www.bellunopress.it\/fr\/wp-json\/wp\/v2\/types\/post"}],"author":[{"embeddable":true,"href":"https:\/\/www.bellunopress.it\/fr\/wp-json\/wp\/v2\/users\/2"}],"replies":[{"embeddable":true,"href":"https:\/\/www.bellunopress.it\/fr\/wp-json\/wp\/v2\/comments?post=163710"}],"version-history":[{"count":2,"href":"https:\/\/www.bellunopress.it\/fr\/wp-json\/wp\/v2\/posts\/163710\/revisions"}],"predecessor-version":[{"id":163712,"href":"https:\/\/www.bellunopress.it\/fr\/wp-json\/wp\/v2\/posts\/163710\/revisions\/163712"}],"wp:featuredmedia":[{"embeddable":true,"href":"https:\/\/www.bellunopress.it\/fr\/wp-json\/wp\/v2\/media\/141395"}],"wp:attachment":[{"href":"https:\/\/www.bellunopress.it\/fr\/wp-json\/wp\/v2\/media?parent=163710"}],"wp:term":[{"taxonomy":"category","embeddable":true,"href":"https:\/\/www.bellunopress.it\/fr\/wp-json\/wp\/v2\/categories?post=163710"},{"taxonomy":"post_tag","embeddable":true,"href":"https:\/\/www.bellunopress.it\/fr\/wp-json\/wp\/v2\/tags?post=163710"}],"curies":[{"name":"wp","href":"https:\/\/api.w.org\/{rel}","templated":true}]}}