{"id":163703,"date":"2025-09-29T10:44:33","date_gmt":"2025-09-29T08:44:33","guid":{"rendered":"https:\/\/www.bellunopress.it\/?p=163703"},"modified":"2025-09-29T10:44:33","modified_gmt":"2025-09-29T08:44:33","slug":"eleganza-spettacolo-e-un-tripudio-di-cappelli-unici-al-gran-premio-merano-alto-adige","status":"publish","type":"post","link":"https:\/\/www.bellunopress.it\/fr\/2025\/09\/29\/eleganza-spettacolo-e-un-tripudio-di-cappelli-unici-al-gran-premio-merano-alto-adige\/","title":{"rendered":"Eleganza, spettacolo e un tripudio di cappelli unici al Gran Premio Merano Alto Adige"},"content":{"rendered":"<figure id=\"attachment_163704\" aria-describedby=\"caption-attachment-163704\" style=\"width: 800px\" class=\"wp-caption aligncenter\"><img loading=\"lazy\" decoding=\"async\" class=\"size-full wp-image-163704\" src=\"https:\/\/www.bellunopress.it\/wp-content\/uploads\/2025\/09\/Gran-Premio-Merano-Alto-Adige_edited-1.jpg\" alt=\"\" width=\"800\" height=\"533\" srcset=\"https:\/\/www.bellunopress.it\/wp-content\/uploads\/2025\/09\/Gran-Premio-Merano-Alto-Adige_edited-1.jpg 800w, https:\/\/www.bellunopress.it\/wp-content\/uploads\/2025\/09\/Gran-Premio-Merano-Alto-Adige_edited-1-500x333.jpg 500w, https:\/\/www.bellunopress.it\/wp-content\/uploads\/2025\/09\/Gran-Premio-Merano-Alto-Adige_edited-1-630x420.jpg 630w, https:\/\/www.bellunopress.it\/wp-content\/uploads\/2025\/09\/Gran-Premio-Merano-Alto-Adige_edited-1-696x464.jpg 696w\" sizes=\"auto, (max-width: 800px) 100vw, 800px\" \/><figcaption id=\"caption-attachment-163704\" class=\"wp-caption-text\">Gran Premio Merano Alto Adige (\u00aeFoto Press Arigossi)<\/figcaption><\/figure>\n<p><strong>Merano come Ascot: 12.000 persone hanno assistito all\u2019evento pi\u00f9 importante dell\u2019ippica italiana tra sport e mondanit\u00e0, ieri pomeriggio presso l\u2019ippodromo Maia<\/strong><\/p>\n<p>Si \u00e8 concluso ieri, domenica 28 settembre, l\u201986\u00b0 Gran Premio Merano Alto Adige, il pi\u00f9 prestigioso appuntamento dell\u2019ippica italiana.<\/p>\n<p>12.000 persone hanno assistito alla giornata pi\u00f9 attesa, tra spettacoli, degustazioni, tanta eleganza e un incredibile sfilata di cappelli sfoggiati da eleganti signore sugli spalti, al tondino e lungo tutta l\u2019area riservata agli spettatori della maestosa struttura dell\u2019Ippodromo Maia di Merano, che ha aperto i propri cancelli alle ore 11.30.<\/p>\n<p>Il ricco programma comprendeva sette corse, a circa mezz\u2019ora l\u2019una dall\u2019altra, l\u2019anteprima Merano Wine Festival, un eccellente servizio di gastronomia oltre a una rassegna di eleganti spettacoli e divertimento per i pi\u00f9 piccoli.<\/p>\n<p>Anche per i non appassionati \u00e8 stata l\u2019occasione per sfilare tra gli spalti, con eleganza e stile, indossando vestiti eccentrici o capi molto classici, con cappelli di ogni forma e misura che di sicuro non sono passati inosservati e dei quali alleghiamo una gallery fotografica.<\/p>\n<p>Nel pomeriggio, prima della corsa pi\u00f9 importante si \u00e8 svolta l\u2019elezione della donna e dell\u2019uomo pi\u00f9 eleganti della giornata, Lady e Mister Fashion.<\/p>\n<p>Alle ore 17.00, il grande momento: prima la sfilata dei fantini e poi la Corsa, l\u201986\u00b0 GRAN PREMIO MERANO ALTO ADIGE, che \u00e8 stata vinta da Speed Emile e Leclerc.<\/p>\n<p>Gangster de Coddes, Grand de Thaix, Krokodile Dundee e Ches Demonmirail sono stati rispettivamente secondo, terzo, quarto e quinto.<\/p>\n<p>&nbsp;<\/p>","protected":false},"excerpt":{"rendered":"<p>Merano come Ascot: 12.000 persone hanno assistito all\u2019evento pi\u00f9 importante dell\u2019ippica italiana tra sport e mondanit\u00e0, ieri pomeriggio presso l\u2019ippodromo Maia Si \u00e8 concluso ieri, domenica 28 settembre, l\u201986\u00b0 Gran Premio Merano Alto Adige, il pi\u00f9 prestigioso appuntamento dell\u2019ippica italiana. 12.000 persone hanno assistito alla giornata pi\u00f9 attesa, tra spettacoli, degustazioni, tanta eleganza e un [&hellip;]<\/p>\n","protected":false},"author":2,"featured_media":163704,"comment_status":"closed","ping_status":"open","sticky":false,"template":"","format":"standard","meta":{"footnotes":""},"categories":[3394],"tags":[],"class_list":["post-163703","post","type-post","status-publish","format-standard","has-post-thumbnail","category-cultura-e-spettacoli-fuori-provincia"],"yoast_head":"<!-- This site is optimized with the Yoast SEO plugin v28.4 - https:\/\/yoast.com\/product\/yoast-seo-wordpress\/ -->\n<title>Eleganza, spettacolo e un tripudio di cappelli unici al Gran Premio Merano Alto Adige - Bellunopress - Dolomiti<\/title>\n<meta name=\"robots\" content=\"index, follow, max-snippet:-1, max-image-preview:large, max-video-preview:-1\" \/>\n<link rel=\"canonical\" href=\"https:\/\/www.bellunopress.it\/fr\/2025\/09\/29\/eleganza-spettacolo-e-un-tripudio-di-cappelli-unici-al-gran-premio-merano-alto-adige\/\" \/>\n<meta property=\"og:locale\" content=\"fr_FR\" \/>\n<meta property=\"og:type\" content=\"article\" \/>\n<meta property=\"og:title\" content=\"Eleganza, spettacolo e un tripudio di cappelli unici al Gran Premio Merano Alto Adige - Bellunopress - Dolomiti\" \/>\n<meta property=\"og:description\" content=\"Merano come Ascot: 12.000 persone hanno assistito all\u2019evento pi\u00f9 importante dell\u2019ippica italiana tra sport e mondanit\u00e0, ieri pomeriggio presso l\u2019ippodromo Maia Si \u00e8 concluso ieri, domenica 28 settembre, l\u201986\u00b0 Gran Premio Merano Alto Adige, il pi\u00f9 prestigioso appuntamento dell\u2019ippica italiana. 12.000 persone hanno assistito alla giornata pi\u00f9 attesa, tra spettacoli, degustazioni, tanta eleganza e un [&hellip;]\" \/>\n<meta property=\"og:url\" content=\"https:\/\/www.bellunopress.it\/fr\/2025\/09\/29\/eleganza-spettacolo-e-un-tripudio-di-cappelli-unici-al-gran-premio-merano-alto-adige\/\" \/>\n<meta property=\"og:site_name\" content=\"Bellunopress - Dolomiti\" \/>\n<meta property=\"article:publisher\" content=\"https:\/\/www.facebook.com\/profile.php?id=100008943462799\" \/>\n<meta property=\"article:published_time\" content=\"2025-09-29T08:44:33+00:00\" \/>\n<meta property=\"og:image\" content=\"https:\/\/www.bellunopress.it\/wp-content\/uploads\/2025\/09\/Gran-Premio-Merano-Alto-Adige_edited-1.jpg\" \/>\n\t<meta property=\"og:image:width\" content=\"800\" \/>\n\t<meta property=\"og:image:height\" content=\"533\" \/>\n\t<meta property=\"og:image:type\" content=\"image\/jpeg\" \/>\n<meta name=\"author\" content=\"redazione\" \/>\n<meta name=\"twitter:card\" content=\"summary_large_image\" \/>\n<meta name=\"twitter:creator\" content=\"@bellunopress\" \/>\n<meta name=\"twitter:site\" content=\"@bellunopress\" \/>\n<meta name=\"twitter:label1\" content=\"\u00c9crit par\" \/>\n\t<meta name=\"twitter:data1\" content=\"redazione\" \/>\n\t<meta name=\"twitter:label2\" content=\"Dur\u00e9e de lecture estim\u00e9e\" \/>\n\t<meta name=\"twitter:data2\" content=\"1 minute\" \/>\n<script type=\"application\/ld+json\" class=\"yoast-schema-graph\">{\"@context\":\"https:\\\/\\\/schema.org\",\"@graph\":[{\"@type\":\"Article\",\"@id\":\"https:\\\/\\\/www.bellunopress.it\\\/2025\\\/09\\\/29\\\/eleganza-spettacolo-e-un-tripudio-di-cappelli-unici-al-gran-premio-merano-alto-adige\\\/#article\",\"isPartOf\":{\"@id\":\"https:\\\/\\\/www.bellunopress.it\\\/2025\\\/09\\\/29\\\/eleganza-spettacolo-e-un-tripudio-di-cappelli-unici-al-gran-premio-merano-alto-adige\\\/\"},\"author\":{\"name\":\"redazione\",\"@id\":\"https:\\\/\\\/www.bellunopress.it\\\/#\\\/schema\\\/person\\\/79bb06722b37ece1c03d3e94beb30d73\"},\"headline\":\"Eleganza, spettacolo e un tripudio di cappelli unici al Gran Premio Merano Alto Adige\",\"datePublished\":\"2025-09-29T08:44:33+00:00\",\"mainEntityOfPage\":{\"@id\":\"https:\\\/\\\/www.bellunopress.it\\\/2025\\\/09\\\/29\\\/eleganza-spettacolo-e-un-tripudio-di-cappelli-unici-al-gran-premio-merano-alto-adige\\\/\"},\"wordCount\":274,\"publisher\":{\"@id\":\"https:\\\/\\\/www.bellunopress.it\\\/#organization\"},\"image\":{\"@id\":\"https:\\\/\\\/www.bellunopress.it\\\/2025\\\/09\\\/29\\\/eleganza-spettacolo-e-un-tripudio-di-cappelli-unici-al-gran-premio-merano-alto-adige\\\/#primaryimage\"},\"thumbnailUrl\":\"https:\\\/\\\/www.bellunopress.it\\\/wp-content\\\/uploads\\\/2025\\\/09\\\/Gran-Premio-Merano-Alto-Adige_edited-1.jpg\",\"articleSection\":[\"Cultura e spettacoli, tempo libero, benessere, fuori provincia\"],\"inLanguage\":\"fr-FR\"},{\"@type\":\"WebPage\",\"@id\":\"https:\\\/\\\/www.bellunopress.it\\\/2025\\\/09\\\/29\\\/eleganza-spettacolo-e-un-tripudio-di-cappelli-unici-al-gran-premio-merano-alto-adige\\\/\",\"url\":\"https:\\\/\\\/www.bellunopress.it\\\/2025\\\/09\\\/29\\\/eleganza-spettacolo-e-un-tripudio-di-cappelli-unici-al-gran-premio-merano-alto-adige\\\/\",\"name\":\"Eleganza, spettacolo e un tripudio di cappelli unici al Gran Premio Merano Alto Adige - Bellunopress - Dolomiti\",\"isPartOf\":{\"@id\":\"https:\\\/\\\/www.bellunopress.it\\\/#website\"},\"primaryImageOfPage\":{\"@id\":\"https:\\\/\\\/www.bellunopress.it\\\/2025\\\/09\\\/29\\\/eleganza-spettacolo-e-un-tripudio-di-cappelli-unici-al-gran-premio-merano-alto-adige\\\/#primaryimage\"},\"image\":{\"@id\":\"https:\\\/\\\/www.bellunopress.it\\\/2025\\\/09\\\/29\\\/eleganza-spettacolo-e-un-tripudio-di-cappelli-unici-al-gran-premio-merano-alto-adige\\\/#primaryimage\"},\"thumbnailUrl\":\"https:\\\/\\\/www.bellunopress.it\\\/wp-content\\\/uploads\\\/2025\\\/09\\\/Gran-Premio-Merano-Alto-Adige_edited-1.jpg\",\"datePublished\":\"2025-09-29T08:44:33+00:00\",\"breadcrumb\":{\"@id\":\"https:\\\/\\\/www.bellunopress.it\\\/2025\\\/09\\\/29\\\/eleganza-spettacolo-e-un-tripudio-di-cappelli-unici-al-gran-premio-merano-alto-adige\\\/#breadcrumb\"},\"inLanguage\":\"fr-FR\",\"potentialAction\":[{\"@type\":\"ReadAction\",\"target\":[\"https:\\\/\\\/www.bellunopress.it\\\/2025\\\/09\\\/29\\\/eleganza-spettacolo-e-un-tripudio-di-cappelli-unici-al-gran-premio-merano-alto-adige\\\/\"]}]},{\"@type\":\"ImageObject\",\"inLanguage\":\"fr-FR\",\"@id\":\"https:\\\/\\\/www.bellunopress.it\\\/2025\\\/09\\\/29\\\/eleganza-spettacolo-e-un-tripudio-di-cappelli-unici-al-gran-premio-merano-alto-adige\\\/#primaryimage\",\"url\":\"https:\\\/\\\/www.bellunopress.it\\\/wp-content\\\/uploads\\\/2025\\\/09\\\/Gran-Premio-Merano-Alto-Adige_edited-1.jpg\",\"contentUrl\":\"https:\\\/\\\/www.bellunopress.it\\\/wp-content\\\/uploads\\\/2025\\\/09\\\/Gran-Premio-Merano-Alto-Adige_edited-1.jpg\",\"width\":800,\"height\":533,\"caption\":\"Gran Premio Merano Alto Adige (\u00aeFoto Press Arigossi)\"},{\"@type\":\"BreadcrumbList\",\"@id\":\"https:\\\/\\\/www.bellunopress.it\\\/2025\\\/09\\\/29\\\/eleganza-spettacolo-e-un-tripudio-di-cappelli-unici-al-gran-premio-merano-alto-adige\\\/#breadcrumb\",\"itemListElement\":[{\"@type\":\"ListItem\",\"position\":1,\"name\":\"Home\",\"item\":\"https:\\\/\\\/www.bellunopress.it\\\/\"},{\"@type\":\"ListItem\",\"position\":2,\"name\":\"Eleganza, spettacolo e un tripudio di cappelli unici al Gran Premio Merano Alto Adige\"}]},{\"@type\":\"WebSite\",\"@id\":\"https:\\\/\\\/www.bellunopress.it\\\/#website\",\"url\":\"https:\\\/\\\/www.bellunopress.it\\\/\",\"name\":\"Bellunopress - Dolomiti\",\"description\":\"e-mail: redazione@bellunopress.it\",\"publisher\":{\"@id\":\"https:\\\/\\\/www.bellunopress.it\\\/#organization\"},\"potentialAction\":[{\"@type\":\"SearchAction\",\"target\":{\"@type\":\"EntryPoint\",\"urlTemplate\":\"https:\\\/\\\/www.bellunopress.it\\\/?s={search_term_string}\"},\"query-input\":{\"@type\":\"PropertyValueSpecification\",\"valueRequired\":true,\"valueName\":\"search_term_string\"}}],\"inLanguage\":\"fr-FR\"},{\"@type\":\"Organization\",\"@id\":\"https:\\\/\\\/www.bellunopress.it\\\/#organization\",\"name\":\"Bellunopress\",\"url\":\"https:\\\/\\\/www.bellunopress.it\\\/\",\"logo\":{\"@type\":\"ImageObject\",\"inLanguage\":\"fr-FR\",\"@id\":\"https:\\\/\\\/www.bellunopress.it\\\/#\\\/schema\\\/logo\\\/image\\\/\",\"url\":\"https:\\\/\\\/www.bellunopress.it\\\/wp-content\\\/uploads\\\/2011\\\/05\\\/cropped-logo-bellunopress-.jpg\",\"contentUrl\":\"https:\\\/\\\/www.bellunopress.it\\\/wp-content\\\/uploads\\\/2011\\\/05\\\/cropped-logo-bellunopress-.jpg\",\"width\":512,\"height\":512,\"caption\":\"Bellunopress\"},\"image\":{\"@id\":\"https:\\\/\\\/www.bellunopress.it\\\/#\\\/schema\\\/logo\\\/image\\\/\"},\"sameAs\":[\"https:\\\/\\\/www.facebook.com\\\/profile.php?id=100008943462799\",\"https:\\\/\\\/x.com\\\/bellunopress\",\"https:\\\/\\\/www.linkedin.com\\\/hp\\\/?dnr=JBzUWaJfMUw8vbXJJ2tVW5-I3jZKvC4wsoxE&amp;amp;amp;amp;amp;amp;trk=nav_responsive_tab_home\",\"https:\\\/\\\/www.youtube.com\\\/channel\\\/UCxL0wu1uN0_3_7hGG0306cw\"]},{\"@type\":\"Person\",\"@id\":\"https:\\\/\\\/www.bellunopress.it\\\/#\\\/schema\\\/person\\\/79bb06722b37ece1c03d3e94beb30d73\",\"name\":\"redazione\",\"image\":{\"@type\":\"ImageObject\",\"inLanguage\":\"fr-FR\",\"@id\":\"https:\\\/\\\/secure.gravatar.com\\\/avatar\\\/37d968a2e67a6fd04c169c4bdef102d0bc5d31b2546345219e348575eb80e9a0?s=96&d=mm&r=g\",\"url\":\"https:\\\/\\\/secure.gravatar.com\\\/avatar\\\/37d968a2e67a6fd04c169c4bdef102d0bc5d31b2546345219e348575eb80e9a0?s=96&d=mm&r=g\",\"contentUrl\":\"https:\\\/\\\/secure.gravatar.com\\\/avatar\\\/37d968a2e67a6fd04c169c4bdef102d0bc5d31b2546345219e348575eb80e9a0?s=96&d=mm&r=g\",\"caption\":\"redazione\"},\"sameAs\":[\"http:\\\/\\\/www.bellunopress.it\",\"https:\\\/\\\/x.com\\\/bellunopress\"],\"url\":\"https:\\\/\\\/www.bellunopress.it\\\/fr\\\/author\\\/redazione\\\/\"}]}<\/script>\n<!-- \/ Yoast SEO plugin. -->","yoast_head_json":{"title":"Eleganza, spettacolo e un tripudio di cappelli unici al Gran Premio Merano Alto Adige - Bellunopress - Dolomiti","robots":{"index":"index","follow":"follow","max-snippet":"max-snippet:-1","max-image-preview":"max-image-preview:large","max-video-preview":"max-video-preview:-1"},"canonical":"https:\/\/www.bellunopress.it\/fr\/2025\/09\/29\/eleganza-spettacolo-e-un-tripudio-di-cappelli-unici-al-gran-premio-merano-alto-adige\/","og_locale":"fr_FR","og_type":"article","og_title":"Eleganza, spettacolo e un tripudio di cappelli unici al Gran Premio Merano Alto Adige - Bellunopress - Dolomiti","og_description":"Merano come Ascot: 12.000 persone hanno assistito all\u2019evento pi\u00f9 importante dell\u2019ippica italiana tra sport e mondanit\u00e0, ieri pomeriggio presso l\u2019ippodromo Maia Si \u00e8 concluso ieri, domenica 28 settembre, l\u201986\u00b0 Gran Premio Merano Alto Adige, il pi\u00f9 prestigioso appuntamento dell\u2019ippica italiana. 12.000 persone hanno assistito alla giornata pi\u00f9 attesa, tra spettacoli, degustazioni, tanta eleganza e un [&hellip;]","og_url":"https:\/\/www.bellunopress.it\/fr\/2025\/09\/29\/eleganza-spettacolo-e-un-tripudio-di-cappelli-unici-al-gran-premio-merano-alto-adige\/","og_site_name":"Bellunopress - Dolomiti","article_publisher":"https:\/\/www.facebook.com\/profile.php?id=100008943462799","article_published_time":"2025-09-29T08:44:33+00:00","og_image":[{"width":800,"height":533,"url":"https:\/\/www.bellunopress.it\/wp-content\/uploads\/2025\/09\/Gran-Premio-Merano-Alto-Adige_edited-1.jpg","type":"image\/jpeg"}],"author":"redazione","twitter_card":"summary_large_image","twitter_creator":"@bellunopress","twitter_site":"@bellunopress","twitter_misc":{"\u00c9crit par":"redazione","Dur\u00e9e de lecture estim\u00e9e":"1 minute"},"schema":{"@context":"https:\/\/schema.org","@graph":[{"@type":"Article","@id":"https:\/\/www.bellunopress.it\/2025\/09\/29\/eleganza-spettacolo-e-un-tripudio-di-cappelli-unici-al-gran-premio-merano-alto-adige\/#article","isPartOf":{"@id":"https:\/\/www.bellunopress.it\/2025\/09\/29\/eleganza-spettacolo-e-un-tripudio-di-cappelli-unici-al-gran-premio-merano-alto-adige\/"},"author":{"name":"redazione","@id":"https:\/\/www.bellunopress.it\/#\/schema\/person\/79bb06722b37ece1c03d3e94beb30d73"},"headline":"Eleganza, spettacolo e un tripudio di cappelli unici al Gran Premio Merano Alto Adige","datePublished":"2025-09-29T08:44:33+00:00","mainEntityOfPage":{"@id":"https:\/\/www.bellunopress.it\/2025\/09\/29\/eleganza-spettacolo-e-un-tripudio-di-cappelli-unici-al-gran-premio-merano-alto-adige\/"},"wordCount":274,"publisher":{"@id":"https:\/\/www.bellunopress.it\/#organization"},"image":{"@id":"https:\/\/www.bellunopress.it\/2025\/09\/29\/eleganza-spettacolo-e-un-tripudio-di-cappelli-unici-al-gran-premio-merano-alto-adige\/#primaryimage"},"thumbnailUrl":"https:\/\/www.bellunopress.it\/wp-content\/uploads\/2025\/09\/Gran-Premio-Merano-Alto-Adige_edited-1.jpg","articleSection":["Cultura e spettacoli, tempo libero, benessere, fuori provincia"],"inLanguage":"fr-FR"},{"@type":"WebPage","@id":"https:\/\/www.bellunopress.it\/2025\/09\/29\/eleganza-spettacolo-e-un-tripudio-di-cappelli-unici-al-gran-premio-merano-alto-adige\/","url":"https:\/\/www.bellunopress.it\/2025\/09\/29\/eleganza-spettacolo-e-un-tripudio-di-cappelli-unici-al-gran-premio-merano-alto-adige\/","name":"Eleganza, spettacolo e un tripudio di cappelli unici al Gran Premio Merano Alto Adige - Bellunopress - Dolomiti","isPartOf":{"@id":"https:\/\/www.bellunopress.it\/#website"},"primaryImageOfPage":{"@id":"https:\/\/www.bellunopress.it\/2025\/09\/29\/eleganza-spettacolo-e-un-tripudio-di-cappelli-unici-al-gran-premio-merano-alto-adige\/#primaryimage"},"image":{"@id":"https:\/\/www.bellunopress.it\/2025\/09\/29\/eleganza-spettacolo-e-un-tripudio-di-cappelli-unici-al-gran-premio-merano-alto-adige\/#primaryimage"},"thumbnailUrl":"https:\/\/www.bellunopress.it\/wp-content\/uploads\/2025\/09\/Gran-Premio-Merano-Alto-Adige_edited-1.jpg","datePublished":"2025-09-29T08:44:33+00:00","breadcrumb":{"@id":"https:\/\/www.bellunopress.it\/2025\/09\/29\/eleganza-spettacolo-e-un-tripudio-di-cappelli-unici-al-gran-premio-merano-alto-adige\/#breadcrumb"},"inLanguage":"fr-FR","potentialAction":[{"@type":"ReadAction","target":["https:\/\/www.bellunopress.it\/2025\/09\/29\/eleganza-spettacolo-e-un-tripudio-di-cappelli-unici-al-gran-premio-merano-alto-adige\/"]}]},{"@type":"ImageObject","inLanguage":"fr-FR","@id":"https:\/\/www.bellunopress.it\/2025\/09\/29\/eleganza-spettacolo-e-un-tripudio-di-cappelli-unici-al-gran-premio-merano-alto-adige\/#primaryimage","url":"https:\/\/www.bellunopress.it\/wp-content\/uploads\/2025\/09\/Gran-Premio-Merano-Alto-Adige_edited-1.jpg","contentUrl":"https:\/\/www.bellunopress.it\/wp-content\/uploads\/2025\/09\/Gran-Premio-Merano-Alto-Adige_edited-1.jpg","width":800,"height":533,"caption":"Gran Premio Merano Alto Adige (\u00aeFoto Press Arigossi)"},{"@type":"BreadcrumbList","@id":"https:\/\/www.bellunopress.it\/2025\/09\/29\/eleganza-spettacolo-e-un-tripudio-di-cappelli-unici-al-gran-premio-merano-alto-adige\/#breadcrumb","itemListElement":[{"@type":"ListItem","position":1,"name":"Home","item":"https:\/\/www.bellunopress.it\/"},{"@type":"ListItem","position":2,"name":"Eleganza, spettacolo e un tripudio di cappelli unici al Gran Premio Merano Alto Adige"}]},{"@type":"WebSite","@id":"https:\/\/www.bellunopress.it\/#website","url":"https:\/\/www.bellunopress.it\/","name":"Bellunopress - Dolomiti","description":"e-mail: redazione@bellunopress.it","publisher":{"@id":"https:\/\/www.bellunopress.it\/#organization"},"potentialAction":[{"@type":"SearchAction","target":{"@type":"EntryPoint","urlTemplate":"https:\/\/www.bellunopress.it\/?s={search_term_string}"},"query-input":{"@type":"PropertyValueSpecification","valueRequired":true,"valueName":"search_term_string"}}],"inLanguage":"fr-FR"},{"@type":"Organization","@id":"https:\/\/www.bellunopress.it\/#organization","name":"Bellunopress","url":"https:\/\/www.bellunopress.it\/","logo":{"@type":"ImageObject","inLanguage":"fr-FR","@id":"https:\/\/www.bellunopress.it\/#\/schema\/logo\/image\/","url":"https:\/\/www.bellunopress.it\/wp-content\/uploads\/2011\/05\/cropped-logo-bellunopress-.jpg","contentUrl":"https:\/\/www.bellunopress.it\/wp-content\/uploads\/2011\/05\/cropped-logo-bellunopress-.jpg","width":512,"height":512,"caption":"Bellunopress"},"image":{"@id":"https:\/\/www.bellunopress.it\/#\/schema\/logo\/image\/"},"sameAs":["https:\/\/www.facebook.com\/profile.php?id=100008943462799","https:\/\/x.com\/bellunopress","https:\/\/www.linkedin.com\/hp\/?dnr=JBzUWaJfMUw8vbXJJ2tVW5-I3jZKvC4wsoxE&amp;amp;amp;amp;amp;amp;trk=nav_responsive_tab_home","https:\/\/www.youtube.com\/channel\/UCxL0wu1uN0_3_7hGG0306cw"]},{"@type":"Person","@id":"https:\/\/www.bellunopress.it\/#\/schema\/person\/79bb06722b37ece1c03d3e94beb30d73","name":"r\u00e9daction","image":{"@type":"ImageObject","inLanguage":"fr-FR","@id":"https:\/\/secure.gravatar.com\/avatar\/37d968a2e67a6fd04c169c4bdef102d0bc5d31b2546345219e348575eb80e9a0?s=96&d=mm&r=g","url":"https:\/\/secure.gravatar.com\/avatar\/37d968a2e67a6fd04c169c4bdef102d0bc5d31b2546345219e348575eb80e9a0?s=96&d=mm&r=g","contentUrl":"https:\/\/secure.gravatar.com\/avatar\/37d968a2e67a6fd04c169c4bdef102d0bc5d31b2546345219e348575eb80e9a0?s=96&d=mm&r=g","caption":"redazione"},"sameAs":["http:\/\/www.bellunopress.it","https:\/\/x.com\/bellunopress"],"url":"https:\/\/www.bellunopress.it\/fr\/author\/redazione\/"}]}},"_links":{"self":[{"href":"https:\/\/www.bellunopress.it\/fr\/wp-json\/wp\/v2\/posts\/163703","targetHints":{"allow":["GET"]}}],"collection":[{"href":"https:\/\/www.bellunopress.it\/fr\/wp-json\/wp\/v2\/posts"}],"about":[{"href":"https:\/\/www.bellunopress.it\/fr\/wp-json\/wp\/v2\/types\/post"}],"author":[{"embeddable":true,"href":"https:\/\/www.bellunopress.it\/fr\/wp-json\/wp\/v2\/users\/2"}],"replies":[{"embeddable":true,"href":"https:\/\/www.bellunopress.it\/fr\/wp-json\/wp\/v2\/comments?post=163703"}],"version-history":[{"count":1,"href":"https:\/\/www.bellunopress.it\/fr\/wp-json\/wp\/v2\/posts\/163703\/revisions"}],"predecessor-version":[{"id":163705,"href":"https:\/\/www.bellunopress.it\/fr\/wp-json\/wp\/v2\/posts\/163703\/revisions\/163705"}],"wp:featuredmedia":[{"embeddable":true,"href":"https:\/\/www.bellunopress.it\/fr\/wp-json\/wp\/v2\/media\/163704"}],"wp:attachment":[{"href":"https:\/\/www.bellunopress.it\/fr\/wp-json\/wp\/v2\/media?parent=163703"}],"wp:term":[{"taxonomy":"category","embeddable":true,"href":"https:\/\/www.bellunopress.it\/fr\/wp-json\/wp\/v2\/categories?post=163703"},{"taxonomy":"post_tag","embeddable":true,"href":"https:\/\/www.bellunopress.it\/fr\/wp-json\/wp\/v2\/tags?post=163703"}],"curies":[{"name":"wp","href":"https:\/\/api.w.org\/{rel}","templated":true}]}}