{"id":163690,"date":"2025-09-29T09:35:04","date_gmt":"2025-09-29T07:35:04","guid":{"rendered":"https:\/\/www.bellunopress.it\/?p=163690"},"modified":"2025-09-28T21:45:37","modified_gmt":"2025-09-28T19:45:37","slug":"regolamento-benessere-animale-mercoledi-1-ottobre-in-sala-bianchi-a-belluno-la-presentazione-pubblica","status":"publish","type":"post","link":"https:\/\/www.bellunopress.it\/fr\/2025\/09\/29\/regolamento-benessere-animale-mercoledi-1-ottobre-in-sala-bianchi-a-belluno-la-presentazione-pubblica\/","title":{"rendered":"Regolamento benessere animale. Mercoled\u00ec 1\u00b0 ottobre in Sala Bianchi a Belluno la presentazione pubblica"},"content":{"rendered":"<figure id=\"attachment_139207\" aria-describedby=\"caption-attachment-139207\" style=\"width: 1000px\" class=\"wp-caption aligncenter\"><img loading=\"lazy\" decoding=\"async\" class=\"size-full wp-image-139207\" src=\"https:\/\/www.bellunopress.it\/wp-content\/uploads\/2023\/01\/sala-bianchi_edited.jpg\" alt=\"\" width=\"1000\" height=\"750\" srcset=\"https:\/\/www.bellunopress.it\/wp-content\/uploads\/2023\/01\/sala-bianchi_edited.jpg 1000w, https:\/\/www.bellunopress.it\/wp-content\/uploads\/2023\/01\/sala-bianchi_edited-500x375.jpg 500w, https:\/\/www.bellunopress.it\/wp-content\/uploads\/2023\/01\/sala-bianchi_edited-696x522.jpg 696w, https:\/\/www.bellunopress.it\/wp-content\/uploads\/2023\/01\/sala-bianchi_edited-560x420.jpg 560w, https:\/\/www.bellunopress.it\/wp-content\/uploads\/2023\/01\/sala-bianchi_edited-80x60.jpg 80w, https:\/\/www.bellunopress.it\/wp-content\/uploads\/2023\/01\/sala-bianchi_edited-265x198.jpg 265w\" sizes=\"auto, (max-width: 1000px) 100vw, 1000px\" \/><figcaption id=\"caption-attachment-139207\" class=\"wp-caption-text\">Sala Bianchi &#8211; Belluno<\/figcaption><\/figure>\n<p>Belluno, 29 settembre 2025 &#8211; \u201cRegolamento comunale per il benessere animale e per una migliore convivenza con la collettivit\u00e0 umana\u201d: mercoled\u00ec primo ottobre alle 17.30 in Sala Bianchi la presentazione del nuovo documento, revisionato e implementato.<\/p>\n<p>Il regolamento, approvato in una prima versione nel 2017, \u00e8 stato oggetto di un approfondito lavoro di aggiornamento durato circa un anno, e condotto da questa Amministrazione. Un aggiornamento reso necessario sia dalle novit\u00e0 normative intervenute, sia dalla crescente sensibilit\u00e0 dei cittadini nei confronti degli animali da affezione. L\u2019iniziativa ha visto la collaborazione di associazioni, professionisti e uffici comunali, ed \u00e8 stata seguita passo dopo passo dall\u2019assessore all\u2019ambiente Lorenza De Kunovich e dal consigliere comunale con delega al benessere animale, Lorenzo Bortoluzzi.<\/p>\n<p>\u201cL\u2019Amministrazione comunale ha sempre posto grande attenzione al tema del benessere animale \u2013 spiega il sindaco, Oscar De Pellegrin \u2013 e con questo aggiornamento diamo ulteriore concretezza a un percorso fatto di sensibilizzazione, tutela e rispetto. Le regole non sono mai fini a s\u00e9 stesse, ma strumenti per favorire una convivenza pi\u00f9 equilibrata tra persone e animali, in un\u2019ottica di civilt\u00e0 e responsabilit\u00e0 condivisa\u201d.<\/p>\n<p>\u201cIl testo del 2017 era gi\u00e0 importante e innovativo per contenuti \u2013 spiega Bortoluzzi \u2013 ma con le modifiche introdotte si compie un ulteriore passo avanti, sia nella tutela degli animali, sia nel rendere pi\u00f9 agevole la convivenza con la cittadinanza. Penso, ad esempio, al divieto assoluto di botti entro 200 metri dalle colonie feline o da qualsiasi ricovero di animali, o alla possibilit\u00e0 di portare con s\u00e9 i propri animali in spazi prima interdetti come i cimiteri. Non solo, abbiamo ritenuto di andare nella direzione, anche, di favorire le interazioni con gli animali anche in ambiti fino ad oggi vietati come strutture sanitarie o residenze per anziani. Sono norme che rafforzano il rispetto dell\u2019etologia delle diverse specie, considerando il benessere non solo dal punto di vista fisico, ma anche da quello sociale e relazionale: l\u2019isolamento, infatti, \u00e8 anch\u2019esso una forma di maltrattamento\u201d.<\/p>\n<p>\u201cIl lavoro che ci ha portato a questo nuovo regolamento \u00e8 stato intenso e corale \u2013 aggiunge l\u2019assessore all\u2019ambiente Lorenza De Kunovich -: un vero percorso condiviso tra uffici, associazioni, professionisti e amministratori. Non si tratta solo di un aggiornamento tecnico, ma di un passo in avanti culturale: un documento che interpreta la crescente sensibilit\u00e0 verso gli animali e la traduce in regole concrete, al passo con i tempi. Credo che questo sia il valore pi\u00f9 importante: non aver scritto norme calate dall\u2019alto, ma aver costruito insieme uno strumento che unisce tutela, responsabilit\u00e0 e attenzione alle relazioni tra persone e animali, perch\u00e9 il benessere animale \u00e8 anche benessere della comunit\u00e0\u201d.<\/p>\n<p>L\u2019incontro del 1\u00b0 ottobre sar\u00e0 aperto alla cittadinanza e avr\u00e0 l\u2019obiettivo di illustrare in maniera chiara i contenuti del nuovo regolamento, favorendo un confronto costruttivo con i cittadini. Tra le principali novit\u00e0 che saranno illustrate mercoled\u00ec nella serata pubblica, figurano:<br \/>\n\u2022 maggiori tutele per le colonie feline e per le strutture di ricovero di animali;<br \/>\n\u2022 apertura all\u2019ingresso degli animali in alcuni luoghi prima vietati, come i cimiteri, le strutture sanitarie e le residenze per anziani, laddove possibile;<br \/>\n\u2022 norme pi\u00f9 puntuali per la gestione quotidiana degli animali di affezione, finalizzate a garantirne socializzazione e benessere complessivo.<\/p>\n<p>La revisione \u00e8 stata resa possibile anche grazie al contributo delle associazioni e delle istituzioni coinvolte: Apaca e il suo presidente Walter Capraro, l\u2019Ulss 1 Dolomiti con il servizio veterinario guidato dal dott. Gianluigi Zanola, la Polizia Locale, l\u2019assessore Lorenza De Kunovich, i consiglieri comunali Irene Gallon e lo stesso Bortoluzzi, e il Servizio Ambiente e Territorio del Comune.<\/p>","protected":false},"excerpt":{"rendered":"<p>Belluno, 29 settembre 2025 &#8211; \u201cRegolamento comunale per il benessere animale e per una migliore convivenza con la collettivit\u00e0 umana\u201d: mercoled\u00ec primo ottobre alle 17.30 in Sala Bianchi la presentazione del nuovo documento, revisionato e implementato. Il regolamento, approvato in una prima versione nel 2017, \u00e8 stato oggetto di un approfondito lavoro di aggiornamento durato [&hellip;]<\/p>\n","protected":false},"author":2,"featured_media":112653,"comment_status":"closed","ping_status":"open","sticky":false,"template":"","format":"standard","meta":{"footnotes":""},"categories":[38,25],"tags":[],"class_list":["post-163690","post","type-post","status-publish","format-standard","has-post-thumbnail","category-natura-ambiente","category-pausa-caffe"],"yoast_head":"<!-- This site is optimized with the Yoast SEO plugin v28.4 - https:\/\/yoast.com\/product\/yoast-seo-wordpress\/ -->\n<title>Regolamento benessere animale. Mercoled\u00ec 1\u00b0 ottobre in Sala Bianchi a Belluno la presentazione pubblica - Bellunopress - Dolomiti<\/title>\n<meta name=\"robots\" content=\"index, follow, max-snippet:-1, max-image-preview:large, max-video-preview:-1\" \/>\n<link rel=\"canonical\" href=\"https:\/\/www.bellunopress.it\/fr\/2025\/09\/29\/regolamento-benessere-animale-mercoledi-1-ottobre-in-sala-bianchi-a-belluno-la-presentazione-pubblica\/\" \/>\n<meta property=\"og:locale\" content=\"fr_FR\" \/>\n<meta property=\"og:type\" content=\"article\" \/>\n<meta property=\"og:title\" content=\"Regolamento benessere animale. Mercoled\u00ec 1\u00b0 ottobre in Sala Bianchi a Belluno la presentazione pubblica - Bellunopress - Dolomiti\" \/>\n<meta property=\"og:description\" content=\"Belluno, 29 settembre 2025 &#8211; \u201cRegolamento comunale per il benessere animale e per una migliore convivenza con la collettivit\u00e0 umana\u201d: mercoled\u00ec primo ottobre alle 17.30 in Sala Bianchi la presentazione del nuovo documento, revisionato e implementato. Il regolamento, approvato in una prima versione nel 2017, \u00e8 stato oggetto di un approfondito lavoro di aggiornamento durato [&hellip;]\" \/>\n<meta property=\"og:url\" content=\"https:\/\/www.bellunopress.it\/fr\/2025\/09\/29\/regolamento-benessere-animale-mercoledi-1-ottobre-in-sala-bianchi-a-belluno-la-presentazione-pubblica\/\" \/>\n<meta property=\"og:site_name\" content=\"Bellunopress - Dolomiti\" \/>\n<meta property=\"article:publisher\" content=\"https:\/\/www.facebook.com\/profile.php?id=100008943462799\" \/>\n<meta property=\"article:published_time\" content=\"2025-09-29T07:35:04+00:00\" \/>\n<meta property=\"og:image\" content=\"https:\/\/www.bellunopress.it\/wp-content\/uploads\/2020\/03\/sala-bianchi-belluno.jpg\" \/>\n\t<meta property=\"og:image:width\" content=\"900\" \/>\n\t<meta property=\"og:image:height\" content=\"600\" \/>\n\t<meta property=\"og:image:type\" content=\"image\/jpeg\" \/>\n<meta name=\"author\" content=\"redazione\" \/>\n<meta name=\"twitter:card\" content=\"summary_large_image\" \/>\n<meta name=\"twitter:creator\" content=\"@bellunopress\" \/>\n<meta name=\"twitter:site\" content=\"@bellunopress\" \/>\n<meta name=\"twitter:label1\" content=\"\u00c9crit par\" \/>\n\t<meta name=\"twitter:data1\" content=\"redazione\" \/>\n\t<meta name=\"twitter:label2\" content=\"Dur\u00e9e de lecture estim\u00e9e\" \/>\n\t<meta name=\"twitter:data2\" content=\"3 minutes\" \/>\n<script type=\"application\/ld+json\" class=\"yoast-schema-graph\">{\"@context\":\"https:\\\/\\\/schema.org\",\"@graph\":[{\"@type\":\"Article\",\"@id\":\"https:\\\/\\\/www.bellunopress.it\\\/2025\\\/09\\\/29\\\/regolamento-benessere-animale-mercoledi-1-ottobre-in-sala-bianchi-a-belluno-la-presentazione-pubblica\\\/#article\",\"isPartOf\":{\"@id\":\"https:\\\/\\\/www.bellunopress.it\\\/2025\\\/09\\\/29\\\/regolamento-benessere-animale-mercoledi-1-ottobre-in-sala-bianchi-a-belluno-la-presentazione-pubblica\\\/\"},\"author\":{\"name\":\"redazione\",\"@id\":\"https:\\\/\\\/www.bellunopress.it\\\/#\\\/schema\\\/person\\\/79bb06722b37ece1c03d3e94beb30d73\"},\"headline\":\"Regolamento benessere animale. Mercoled\u00ec 1\u00b0 ottobre in Sala Bianchi a Belluno la presentazione pubblica\",\"datePublished\":\"2025-09-29T07:35:04+00:00\",\"mainEntityOfPage\":{\"@id\":\"https:\\\/\\\/www.bellunopress.it\\\/2025\\\/09\\\/29\\\/regolamento-benessere-animale-mercoledi-1-ottobre-in-sala-bianchi-a-belluno-la-presentazione-pubblica\\\/\"},\"wordCount\":609,\"publisher\":{\"@id\":\"https:\\\/\\\/www.bellunopress.it\\\/#organization\"},\"image\":{\"@id\":\"https:\\\/\\\/www.bellunopress.it\\\/2025\\\/09\\\/29\\\/regolamento-benessere-animale-mercoledi-1-ottobre-in-sala-bianchi-a-belluno-la-presentazione-pubblica\\\/#primaryimage\"},\"thumbnailUrl\":\"https:\\\/\\\/www.bellunopress.it\\\/wp-content\\\/uploads\\\/2020\\\/03\\\/sala-bianchi-belluno.jpg\",\"articleSection\":[\"Meteo, natura, ambiente, animali\",\"Pausa Caff\u00e8\"],\"inLanguage\":\"fr-FR\"},{\"@type\":\"WebPage\",\"@id\":\"https:\\\/\\\/www.bellunopress.it\\\/2025\\\/09\\\/29\\\/regolamento-benessere-animale-mercoledi-1-ottobre-in-sala-bianchi-a-belluno-la-presentazione-pubblica\\\/\",\"url\":\"https:\\\/\\\/www.bellunopress.it\\\/2025\\\/09\\\/29\\\/regolamento-benessere-animale-mercoledi-1-ottobre-in-sala-bianchi-a-belluno-la-presentazione-pubblica\\\/\",\"name\":\"Regolamento benessere animale. Mercoled\u00ec 1\u00b0 ottobre in Sala Bianchi a Belluno la presentazione pubblica - Bellunopress - Dolomiti\",\"isPartOf\":{\"@id\":\"https:\\\/\\\/www.bellunopress.it\\\/#website\"},\"primaryImageOfPage\":{\"@id\":\"https:\\\/\\\/www.bellunopress.it\\\/2025\\\/09\\\/29\\\/regolamento-benessere-animale-mercoledi-1-ottobre-in-sala-bianchi-a-belluno-la-presentazione-pubblica\\\/#primaryimage\"},\"image\":{\"@id\":\"https:\\\/\\\/www.bellunopress.it\\\/2025\\\/09\\\/29\\\/regolamento-benessere-animale-mercoledi-1-ottobre-in-sala-bianchi-a-belluno-la-presentazione-pubblica\\\/#primaryimage\"},\"thumbnailUrl\":\"https:\\\/\\\/www.bellunopress.it\\\/wp-content\\\/uploads\\\/2020\\\/03\\\/sala-bianchi-belluno.jpg\",\"datePublished\":\"2025-09-29T07:35:04+00:00\",\"breadcrumb\":{\"@id\":\"https:\\\/\\\/www.bellunopress.it\\\/2025\\\/09\\\/29\\\/regolamento-benessere-animale-mercoledi-1-ottobre-in-sala-bianchi-a-belluno-la-presentazione-pubblica\\\/#breadcrumb\"},\"inLanguage\":\"fr-FR\",\"potentialAction\":[{\"@type\":\"ReadAction\",\"target\":[\"https:\\\/\\\/www.bellunopress.it\\\/2025\\\/09\\\/29\\\/regolamento-benessere-animale-mercoledi-1-ottobre-in-sala-bianchi-a-belluno-la-presentazione-pubblica\\\/\"]}]},{\"@type\":\"ImageObject\",\"inLanguage\":\"fr-FR\",\"@id\":\"https:\\\/\\\/www.bellunopress.it\\\/2025\\\/09\\\/29\\\/regolamento-benessere-animale-mercoledi-1-ottobre-in-sala-bianchi-a-belluno-la-presentazione-pubblica\\\/#primaryimage\",\"url\":\"https:\\\/\\\/www.bellunopress.it\\\/wp-content\\\/uploads\\\/2020\\\/03\\\/sala-bianchi-belluno.jpg\",\"contentUrl\":\"https:\\\/\\\/www.bellunopress.it\\\/wp-content\\\/uploads\\\/2020\\\/03\\\/sala-bianchi-belluno.jpg\",\"width\":900,\"height\":600,\"caption\":\"Sala Bianchi - Belluno\"},{\"@type\":\"BreadcrumbList\",\"@id\":\"https:\\\/\\\/www.bellunopress.it\\\/2025\\\/09\\\/29\\\/regolamento-benessere-animale-mercoledi-1-ottobre-in-sala-bianchi-a-belluno-la-presentazione-pubblica\\\/#breadcrumb\",\"itemListElement\":[{\"@type\":\"ListItem\",\"position\":1,\"name\":\"Home\",\"item\":\"https:\\\/\\\/www.bellunopress.it\\\/\"},{\"@type\":\"ListItem\",\"position\":2,\"name\":\"Regolamento benessere animale. Mercoled\u00ec 1\u00b0 ottobre in Sala Bianchi a Belluno la presentazione pubblica\"}]},{\"@type\":\"WebSite\",\"@id\":\"https:\\\/\\\/www.bellunopress.it\\\/#website\",\"url\":\"https:\\\/\\\/www.bellunopress.it\\\/\",\"name\":\"Bellunopress - Dolomiti\",\"description\":\"e-mail: redazione@bellunopress.it\",\"publisher\":{\"@id\":\"https:\\\/\\\/www.bellunopress.it\\\/#organization\"},\"potentialAction\":[{\"@type\":\"SearchAction\",\"target\":{\"@type\":\"EntryPoint\",\"urlTemplate\":\"https:\\\/\\\/www.bellunopress.it\\\/?s={search_term_string}\"},\"query-input\":{\"@type\":\"PropertyValueSpecification\",\"valueRequired\":true,\"valueName\":\"search_term_string\"}}],\"inLanguage\":\"fr-FR\"},{\"@type\":\"Organization\",\"@id\":\"https:\\\/\\\/www.bellunopress.it\\\/#organization\",\"name\":\"Bellunopress\",\"url\":\"https:\\\/\\\/www.bellunopress.it\\\/\",\"logo\":{\"@type\":\"ImageObject\",\"inLanguage\":\"fr-FR\",\"@id\":\"https:\\\/\\\/www.bellunopress.it\\\/#\\\/schema\\\/logo\\\/image\\\/\",\"url\":\"https:\\\/\\\/www.bellunopress.it\\\/wp-content\\\/uploads\\\/2011\\\/05\\\/cropped-logo-bellunopress-.jpg\",\"contentUrl\":\"https:\\\/\\\/www.bellunopress.it\\\/wp-content\\\/uploads\\\/2011\\\/05\\\/cropped-logo-bellunopress-.jpg\",\"width\":512,\"height\":512,\"caption\":\"Bellunopress\"},\"image\":{\"@id\":\"https:\\\/\\\/www.bellunopress.it\\\/#\\\/schema\\\/logo\\\/image\\\/\"},\"sameAs\":[\"https:\\\/\\\/www.facebook.com\\\/profile.php?id=100008943462799\",\"https:\\\/\\\/x.com\\\/bellunopress\",\"https:\\\/\\\/www.linkedin.com\\\/hp\\\/?dnr=JBzUWaJfMUw8vbXJJ2tVW5-I3jZKvC4wsoxE&amp;amp;amp;amp;amp;amp;trk=nav_responsive_tab_home\",\"https:\\\/\\\/www.youtube.com\\\/channel\\\/UCxL0wu1uN0_3_7hGG0306cw\"]},{\"@type\":\"Person\",\"@id\":\"https:\\\/\\\/www.bellunopress.it\\\/#\\\/schema\\\/person\\\/79bb06722b37ece1c03d3e94beb30d73\",\"name\":\"redazione\",\"image\":{\"@type\":\"ImageObject\",\"inLanguage\":\"fr-FR\",\"@id\":\"https:\\\/\\\/secure.gravatar.com\\\/avatar\\\/37d968a2e67a6fd04c169c4bdef102d0bc5d31b2546345219e348575eb80e9a0?s=96&d=mm&r=g\",\"url\":\"https:\\\/\\\/secure.gravatar.com\\\/avatar\\\/37d968a2e67a6fd04c169c4bdef102d0bc5d31b2546345219e348575eb80e9a0?s=96&d=mm&r=g\",\"contentUrl\":\"https:\\\/\\\/secure.gravatar.com\\\/avatar\\\/37d968a2e67a6fd04c169c4bdef102d0bc5d31b2546345219e348575eb80e9a0?s=96&d=mm&r=g\",\"caption\":\"redazione\"},\"sameAs\":[\"http:\\\/\\\/www.bellunopress.it\",\"https:\\\/\\\/x.com\\\/bellunopress\"],\"url\":\"https:\\\/\\\/www.bellunopress.it\\\/fr\\\/author\\\/redazione\\\/\"}]}<\/script>\n<!-- \/ Yoast SEO plugin. -->","yoast_head_json":{"title":"Regolamento benessere animale. Mercoled\u00ec 1\u00b0 ottobre in Sala Bianchi a Belluno la presentazione pubblica - Bellunopress - Dolomiti","robots":{"index":"index","follow":"follow","max-snippet":"max-snippet:-1","max-image-preview":"max-image-preview:large","max-video-preview":"max-video-preview:-1"},"canonical":"https:\/\/www.bellunopress.it\/fr\/2025\/09\/29\/regolamento-benessere-animale-mercoledi-1-ottobre-in-sala-bianchi-a-belluno-la-presentazione-pubblica\/","og_locale":"fr_FR","og_type":"article","og_title":"Regolamento benessere animale. Mercoled\u00ec 1\u00b0 ottobre in Sala Bianchi a Belluno la presentazione pubblica - Bellunopress - Dolomiti","og_description":"Belluno, 29 settembre 2025 &#8211; \u201cRegolamento comunale per il benessere animale e per una migliore convivenza con la collettivit\u00e0 umana\u201d: mercoled\u00ec primo ottobre alle 17.30 in Sala Bianchi la presentazione del nuovo documento, revisionato e implementato. Il regolamento, approvato in una prima versione nel 2017, \u00e8 stato oggetto di un approfondito lavoro di aggiornamento durato [&hellip;]","og_url":"https:\/\/www.bellunopress.it\/fr\/2025\/09\/29\/regolamento-benessere-animale-mercoledi-1-ottobre-in-sala-bianchi-a-belluno-la-presentazione-pubblica\/","og_site_name":"Bellunopress - Dolomiti","article_publisher":"https:\/\/www.facebook.com\/profile.php?id=100008943462799","article_published_time":"2025-09-29T07:35:04+00:00","og_image":[{"width":900,"height":600,"url":"https:\/\/www.bellunopress.it\/wp-content\/uploads\/2020\/03\/sala-bianchi-belluno.jpg","type":"image\/jpeg"}],"author":"redazione","twitter_card":"summary_large_image","twitter_creator":"@bellunopress","twitter_site":"@bellunopress","twitter_misc":{"\u00c9crit par":"redazione","Dur\u00e9e de lecture estim\u00e9e":"3 minutes"},"schema":{"@context":"https:\/\/schema.org","@graph":[{"@type":"Article","@id":"https:\/\/www.bellunopress.it\/2025\/09\/29\/regolamento-benessere-animale-mercoledi-1-ottobre-in-sala-bianchi-a-belluno-la-presentazione-pubblica\/#article","isPartOf":{"@id":"https:\/\/www.bellunopress.it\/2025\/09\/29\/regolamento-benessere-animale-mercoledi-1-ottobre-in-sala-bianchi-a-belluno-la-presentazione-pubblica\/"},"author":{"name":"redazione","@id":"https:\/\/www.bellunopress.it\/#\/schema\/person\/79bb06722b37ece1c03d3e94beb30d73"},"headline":"Regolamento benessere animale. Mercoled\u00ec 1\u00b0 ottobre in Sala Bianchi a Belluno la presentazione pubblica","datePublished":"2025-09-29T07:35:04+00:00","mainEntityOfPage":{"@id":"https:\/\/www.bellunopress.it\/2025\/09\/29\/regolamento-benessere-animale-mercoledi-1-ottobre-in-sala-bianchi-a-belluno-la-presentazione-pubblica\/"},"wordCount":609,"publisher":{"@id":"https:\/\/www.bellunopress.it\/#organization"},"image":{"@id":"https:\/\/www.bellunopress.it\/2025\/09\/29\/regolamento-benessere-animale-mercoledi-1-ottobre-in-sala-bianchi-a-belluno-la-presentazione-pubblica\/#primaryimage"},"thumbnailUrl":"https:\/\/www.bellunopress.it\/wp-content\/uploads\/2020\/03\/sala-bianchi-belluno.jpg","articleSection":["Meteo, natura, ambiente, animali","Pausa Caff\u00e8"],"inLanguage":"fr-FR"},{"@type":"WebPage","@id":"https:\/\/www.bellunopress.it\/2025\/09\/29\/regolamento-benessere-animale-mercoledi-1-ottobre-in-sala-bianchi-a-belluno-la-presentazione-pubblica\/","url":"https:\/\/www.bellunopress.it\/2025\/09\/29\/regolamento-benessere-animale-mercoledi-1-ottobre-in-sala-bianchi-a-belluno-la-presentazione-pubblica\/","name":"Regolamento benessere animale. Mercoled\u00ec 1\u00b0 ottobre in Sala Bianchi a Belluno la presentazione pubblica - Bellunopress - Dolomiti","isPartOf":{"@id":"https:\/\/www.bellunopress.it\/#website"},"primaryImageOfPage":{"@id":"https:\/\/www.bellunopress.it\/2025\/09\/29\/regolamento-benessere-animale-mercoledi-1-ottobre-in-sala-bianchi-a-belluno-la-presentazione-pubblica\/#primaryimage"},"image":{"@id":"https:\/\/www.bellunopress.it\/2025\/09\/29\/regolamento-benessere-animale-mercoledi-1-ottobre-in-sala-bianchi-a-belluno-la-presentazione-pubblica\/#primaryimage"},"thumbnailUrl":"https:\/\/www.bellunopress.it\/wp-content\/uploads\/2020\/03\/sala-bianchi-belluno.jpg","datePublished":"2025-09-29T07:35:04+00:00","breadcrumb":{"@id":"https:\/\/www.bellunopress.it\/2025\/09\/29\/regolamento-benessere-animale-mercoledi-1-ottobre-in-sala-bianchi-a-belluno-la-presentazione-pubblica\/#breadcrumb"},"inLanguage":"fr-FR","potentialAction":[{"@type":"ReadAction","target":["https:\/\/www.bellunopress.it\/2025\/09\/29\/regolamento-benessere-animale-mercoledi-1-ottobre-in-sala-bianchi-a-belluno-la-presentazione-pubblica\/"]}]},{"@type":"ImageObject","inLanguage":"fr-FR","@id":"https:\/\/www.bellunopress.it\/2025\/09\/29\/regolamento-benessere-animale-mercoledi-1-ottobre-in-sala-bianchi-a-belluno-la-presentazione-pubblica\/#primaryimage","url":"https:\/\/www.bellunopress.it\/wp-content\/uploads\/2020\/03\/sala-bianchi-belluno.jpg","contentUrl":"https:\/\/www.bellunopress.it\/wp-content\/uploads\/2020\/03\/sala-bianchi-belluno.jpg","width":900,"height":600,"caption":"Sala Bianchi - Belluno"},{"@type":"BreadcrumbList","@id":"https:\/\/www.bellunopress.it\/2025\/09\/29\/regolamento-benessere-animale-mercoledi-1-ottobre-in-sala-bianchi-a-belluno-la-presentazione-pubblica\/#breadcrumb","itemListElement":[{"@type":"ListItem","position":1,"name":"Home","item":"https:\/\/www.bellunopress.it\/"},{"@type":"ListItem","position":2,"name":"Regolamento benessere animale. Mercoled\u00ec 1\u00b0 ottobre in Sala Bianchi a Belluno la presentazione pubblica"}]},{"@type":"WebSite","@id":"https:\/\/www.bellunopress.it\/#website","url":"https:\/\/www.bellunopress.it\/","name":"Bellunopress - Dolomiti","description":"e-mail: redazione@bellunopress.it","publisher":{"@id":"https:\/\/www.bellunopress.it\/#organization"},"potentialAction":[{"@type":"SearchAction","target":{"@type":"EntryPoint","urlTemplate":"https:\/\/www.bellunopress.it\/?s={search_term_string}"},"query-input":{"@type":"PropertyValueSpecification","valueRequired":true,"valueName":"search_term_string"}}],"inLanguage":"fr-FR"},{"@type":"Organization","@id":"https:\/\/www.bellunopress.it\/#organization","name":"Bellunopress","url":"https:\/\/www.bellunopress.it\/","logo":{"@type":"ImageObject","inLanguage":"fr-FR","@id":"https:\/\/www.bellunopress.it\/#\/schema\/logo\/image\/","url":"https:\/\/www.bellunopress.it\/wp-content\/uploads\/2011\/05\/cropped-logo-bellunopress-.jpg","contentUrl":"https:\/\/www.bellunopress.it\/wp-content\/uploads\/2011\/05\/cropped-logo-bellunopress-.jpg","width":512,"height":512,"caption":"Bellunopress"},"image":{"@id":"https:\/\/www.bellunopress.it\/#\/schema\/logo\/image\/"},"sameAs":["https:\/\/www.facebook.com\/profile.php?id=100008943462799","https:\/\/x.com\/bellunopress","https:\/\/www.linkedin.com\/hp\/?dnr=JBzUWaJfMUw8vbXJJ2tVW5-I3jZKvC4wsoxE&amp;amp;amp;amp;amp;amp;trk=nav_responsive_tab_home","https:\/\/www.youtube.com\/channel\/UCxL0wu1uN0_3_7hGG0306cw"]},{"@type":"Person","@id":"https:\/\/www.bellunopress.it\/#\/schema\/person\/79bb06722b37ece1c03d3e94beb30d73","name":"r\u00e9daction","image":{"@type":"ImageObject","inLanguage":"fr-FR","@id":"https:\/\/secure.gravatar.com\/avatar\/37d968a2e67a6fd04c169c4bdef102d0bc5d31b2546345219e348575eb80e9a0?s=96&d=mm&r=g","url":"https:\/\/secure.gravatar.com\/avatar\/37d968a2e67a6fd04c169c4bdef102d0bc5d31b2546345219e348575eb80e9a0?s=96&d=mm&r=g","contentUrl":"https:\/\/secure.gravatar.com\/avatar\/37d968a2e67a6fd04c169c4bdef102d0bc5d31b2546345219e348575eb80e9a0?s=96&d=mm&r=g","caption":"redazione"},"sameAs":["http:\/\/www.bellunopress.it","https:\/\/x.com\/bellunopress"],"url":"https:\/\/www.bellunopress.it\/fr\/author\/redazione\/"}]}},"_links":{"self":[{"href":"https:\/\/www.bellunopress.it\/fr\/wp-json\/wp\/v2\/posts\/163690","targetHints":{"allow":["GET"]}}],"collection":[{"href":"https:\/\/www.bellunopress.it\/fr\/wp-json\/wp\/v2\/posts"}],"about":[{"href":"https:\/\/www.bellunopress.it\/fr\/wp-json\/wp\/v2\/types\/post"}],"author":[{"embeddable":true,"href":"https:\/\/www.bellunopress.it\/fr\/wp-json\/wp\/v2\/users\/2"}],"replies":[{"embeddable":true,"href":"https:\/\/www.bellunopress.it\/fr\/wp-json\/wp\/v2\/comments?post=163690"}],"version-history":[{"count":1,"href":"https:\/\/www.bellunopress.it\/fr\/wp-json\/wp\/v2\/posts\/163690\/revisions"}],"predecessor-version":[{"id":163691,"href":"https:\/\/www.bellunopress.it\/fr\/wp-json\/wp\/v2\/posts\/163690\/revisions\/163691"}],"wp:featuredmedia":[{"embeddable":true,"href":"https:\/\/www.bellunopress.it\/fr\/wp-json\/wp\/v2\/media\/112653"}],"wp:attachment":[{"href":"https:\/\/www.bellunopress.it\/fr\/wp-json\/wp\/v2\/media?parent=163690"}],"wp:term":[{"taxonomy":"category","embeddable":true,"href":"https:\/\/www.bellunopress.it\/fr\/wp-json\/wp\/v2\/categories?post=163690"},{"taxonomy":"post_tag","embeddable":true,"href":"https:\/\/www.bellunopress.it\/fr\/wp-json\/wp\/v2\/tags?post=163690"}],"curies":[{"name":"wp","href":"https:\/\/api.w.org\/{rel}","templated":true}]}}