{"id":163632,"date":"2025-09-26T10:05:31","date_gmt":"2025-09-26T08:05:31","guid":{"rendered":"https:\/\/www.bellunopress.it\/?p=163632"},"modified":"2025-09-26T10:05:46","modified_gmt":"2025-09-26T08:05:46","slug":"alpago-protagonista-alla-biennale-di-venezia-premiato-lo-studio-di-architettura-facchinelli-daboit-saviane","status":"publish","type":"post","link":"https:\/\/www.bellunopress.it\/fr\/2025\/09\/26\/alpago-protagonista-alla-biennale-di-venezia-premiato-lo-studio-di-architettura-facchinelli-daboit-saviane\/","title":{"rendered":"Alpago protagonista alla Biennale di Venezia. Premiato lo Studio di Architettura Facchinelli, Daboit, Saviane"},"content":{"rendered":"<figure id=\"attachment_163633\" aria-describedby=\"caption-attachment-163633\" style=\"width: 575px\" class=\"wp-caption aligncenter\"><img loading=\"lazy\" decoding=\"async\" class=\"size-full wp-image-163633\" src=\"https:\/\/www.bellunopress.it\/wp-content\/uploads\/2025\/09\/Il-Comune-di-Alpago-insieme-ai-vincitori-del-Premio-Architettura-Citta-di-Oderzo-dello-studio-Facchinelli-Daboit-Saviane-alla-Biennale-di-Venezia.jpg\" alt=\"\" width=\"575\" height=\"800\" srcset=\"https:\/\/www.bellunopress.it\/wp-content\/uploads\/2025\/09\/Il-Comune-di-Alpago-insieme-ai-vincitori-del-Premio-Architettura-Citta-di-Oderzo-dello-studio-Facchinelli-Daboit-Saviane-alla-Biennale-di-Venezia.jpg 575w, https:\/\/www.bellunopress.it\/wp-content\/uploads\/2025\/09\/Il-Comune-di-Alpago-insieme-ai-vincitori-del-Premio-Architettura-Citta-di-Oderzo-dello-studio-Facchinelli-Daboit-Saviane-alla-Biennale-di-Venezia-359x500.jpg 359w, https:\/\/www.bellunopress.it\/wp-content\/uploads\/2025\/09\/Il-Comune-di-Alpago-insieme-ai-vincitori-del-Premio-Architettura-Citta-di-Oderzo-dello-studio-Facchinelli-Daboit-Saviane-alla-Biennale-di-Venezia-302x420.jpg 302w\" sizes=\"auto, (max-width: 575px) 100vw, 575px\" \/><figcaption id=\"caption-attachment-163633\" class=\"wp-caption-text\">Il Comune di Alpago insieme ai vincitori del Premio Architettura Citt\u00e0 di Oderzo dello studio Facchinelli Daboit Saviane alla Biennale di Venezia<\/figcaption><\/figure>\n<p>Alpago, 26 settembre 2025 \u2013 Il Comune di Alpago ha portato l&#8217;esempio virtuoso della sua nuova scuola secondaria di primo grado di Puos fino alla Biennale di Venezia, partecipando ieri, 25 settembre, a un\u2019iniziativa di alto profilo che ha celebrato l&#8217;architettura come strumento di rigenerazione territoriale e sociale.<\/p>\n<p>L\u2019evento, tenutosi presso la Sala delle Colonne a Ca\u2019 Giustinian, sede storica della Biennale, \u00e8 stato organizzato in occasione della presentazione del catalogo della XIX edizione del Premio Architettura Citt\u00e0 di Oderzo (PAO) e del suo conferimento all\u2019Archivio PAO, depositato presso l\u2019Archivio Storico della Biennale.<\/p>\n<p>Il cuore dell&#8217;incontro \u00e8 stata una tavola rotonda che ha coinvolto rappresentanti istituzionali e del mondo dell\u2019architettura, moderata da Maria Chiara Voci, giornalista del Sole 24 Ore. Tra i relatori, erano presenti il Sindaco di Alpago Alberto Peterle, il Responsabile dei Lavori Pubblici Luca Facchin e i progettisti vincitori del PAO: lo studio Facchinelli Daboit Saviane.<\/p>\n<p>Proprio durante il dibattito, \u00e8 stato messo in luce il progetto della scuola di Puos d\u2019Alpago. L&#8217;opera, inaugurata nel settembre 2024 per l&#8217;apertura dell&#8217;anno scolastico, ha conquistato lo scorso marzo 2025 il rinomato Premio Architettura Citt\u00e0 di Oderzo, riconoscimento della sua alta qualit\u00e0 progettuale.<\/p>\n<p>Il progetto, del valore di $4.345.000,00 e finanziato interamente da fondi nazionali (Ministero dell\u2019Istruzione e Ministero dell\u2019Interno), \u00e8 stato concepito con una duplice valenza: quella didattica e quella civica. Non \u00e8 solo un istituto scolastico, ma un &#8220;agor\u00e0 cittadino&#8221;, uno spazio pubblico multifunzionale ideato per contrastare attivamente il fenomeno dello spopolamento.<\/p>\n<p>La Visione del Sindaco Peterle: Istruzione come Strumento di Rigenerazione<br \/>\nIl Sindaco Alberto Peterle ha espresso grande soddisfazione per la partecipazione, sottolineando l&#8217;importanza di condividere l\u2019esperienza di Alpago in un contesto cos\u00ec ampio:<\/p>\n<p>\u201c\u00c8 con grande gioia che come Amministrazione comunale abbiamo accolto subito l\u2019invito a partecipare a questa iniziativa in Biennale insieme ai progettisti,\u201d ha commentato Peterle. \u201cLa nuova scuola rappresenta un simbolo di contrasto al fenomeno dello spopolamento, perseguito anche tramite la riorganizzazione delle strutture scolastiche avviata con la fusione dei Comuni nel 2016. L\u2019istruzione diventa strumento generatore di spazi e relazioni, capaci di produrre ricadute sull\u2019intera collettivit\u00e0.\u201d<\/p>\n<p>Il Sindaco ha inoltre evidenziato come gli ambienti della scuola siano gi\u00e0 aperti alla comunit\u00e0, utilizzati per eventi e iniziative culturali, realizzando appieno la visione di un polo per il long life learning.<\/p>\n<p><strong>Il Valore del Premio Architettura Citt\u00e0 di Oderzo<\/strong><br \/>\nL&#8217;iniziativa ha avuto il suo culmine con la presentazione ufficiale del catalogo del Premio, che raccoglie i progetti concorsi e che ora include la nuova scuola di Puos come opera vincitrice.<\/p>\n<p>Il PAO, istituito nel 1997, si pone l\u2019obiettivo di promuovere la qualit\u00e0 architettonica applicata ai territori, stimolando una migliore qualit\u00e0 di vita nei luoghi antropizzati. Con un gesto suggestivo e conclusivo, i progettisti hanno poi conferito i materiali dei loro lavori all\u2019Archivio del Premio, consolidandone la memoria storica proprio all&#8217;interno dell&#8217;Archivio Storico della Biennale di Venezia. La presenza di Alpago in Laguna conferma quindi l&#8217;eccellenza del suo progetto e il suo ruolo di modello per il futuro dei territori.<\/p>","protected":false},"excerpt":{"rendered":"<p>Alpago, 26 settembre 2025 \u2013 Il Comune di Alpago ha portato l&#8217;esempio virtuoso della sua nuova scuola secondaria di primo grado di Puos fino alla Biennale di Venezia, partecipando ieri, 25 settembre, a un\u2019iniziativa di alto profilo che ha celebrato l&#8217;architettura come strumento di rigenerazione territoriale e sociale. L\u2019evento, tenutosi presso la Sala delle Colonne [&hellip;]<\/p>\n","protected":false},"author":2,"featured_media":163633,"comment_status":"closed","ping_status":"open","sticky":false,"template":"","format":"standard","meta":{"footnotes":""},"categories":[3446,36,26],"tags":[],"class_list":["post-163632","post","type-post","status-publish","format-standard","has-post-thumbnail","category-featured","category-lavoro-economia","category-prima-pagina"],"yoast_head":"<!-- This site is optimized with the Yoast SEO plugin v28.4 - https:\/\/yoast.com\/product\/yoast-seo-wordpress\/ -->\n<title>Alpago protagonista alla Biennale di Venezia. Premiato lo Studio di Architettura Facchinelli, Daboit, Saviane - Bellunopress - Dolomiti<\/title>\n<meta name=\"robots\" content=\"index, follow, max-snippet:-1, max-image-preview:large, max-video-preview:-1\" \/>\n<link rel=\"canonical\" href=\"https:\/\/www.bellunopress.it\/fr\/2025\/09\/26\/alpago-protagonista-alla-biennale-di-venezia-premiato-lo-studio-di-architettura-facchinelli-daboit-saviane\/\" \/>\n<meta property=\"og:locale\" content=\"fr_FR\" \/>\n<meta property=\"og:type\" content=\"article\" \/>\n<meta property=\"og:title\" content=\"Alpago protagonista alla Biennale di Venezia. Premiato lo Studio di Architettura Facchinelli, Daboit, Saviane - Bellunopress - Dolomiti\" \/>\n<meta property=\"og:description\" content=\"Alpago, 26 settembre 2025 \u2013 Il Comune di Alpago ha portato l&#8217;esempio virtuoso della sua nuova scuola secondaria di primo grado di Puos fino alla Biennale di Venezia, partecipando ieri, 25 settembre, a un\u2019iniziativa di alto profilo che ha celebrato l&#8217;architettura come strumento di rigenerazione territoriale e sociale. L\u2019evento, tenutosi presso la Sala delle Colonne [&hellip;]\" \/>\n<meta property=\"og:url\" content=\"https:\/\/www.bellunopress.it\/fr\/2025\/09\/26\/alpago-protagonista-alla-biennale-di-venezia-premiato-lo-studio-di-architettura-facchinelli-daboit-saviane\/\" \/>\n<meta property=\"og:site_name\" content=\"Bellunopress - Dolomiti\" \/>\n<meta property=\"article:publisher\" content=\"https:\/\/www.facebook.com\/profile.php?id=100008943462799\" \/>\n<meta property=\"article:published_time\" content=\"2025-09-26T08:05:31+00:00\" \/>\n<meta property=\"article:modified_time\" content=\"2025-09-26T08:05:46+00:00\" \/>\n<meta property=\"og:image\" content=\"https:\/\/www.bellunopress.it\/wp-content\/uploads\/2025\/09\/Il-Comune-di-Alpago-insieme-ai-vincitori-del-Premio-Architettura-Citta-di-Oderzo-dello-studio-Facchinelli-Daboit-Saviane-alla-Biennale-di-Venezia.jpg\" \/>\n\t<meta property=\"og:image:width\" content=\"575\" \/>\n\t<meta property=\"og:image:height\" content=\"800\" \/>\n\t<meta property=\"og:image:type\" content=\"image\/jpeg\" \/>\n<meta name=\"author\" content=\"redazione\" \/>\n<meta name=\"twitter:card\" content=\"summary_large_image\" \/>\n<meta name=\"twitter:creator\" content=\"@bellunopress\" \/>\n<meta name=\"twitter:site\" content=\"@bellunopress\" \/>\n<meta name=\"twitter:label1\" content=\"\u00c9crit par\" \/>\n\t<meta name=\"twitter:data1\" content=\"redazione\" \/>\n\t<meta name=\"twitter:label2\" content=\"Dur\u00e9e de lecture estim\u00e9e\" \/>\n\t<meta name=\"twitter:data2\" content=\"3 minutes\" \/>\n<script type=\"application\/ld+json\" class=\"yoast-schema-graph\">{\"@context\":\"https:\\\/\\\/schema.org\",\"@graph\":[{\"@type\":\"Article\",\"@id\":\"https:\\\/\\\/www.bellunopress.it\\\/2025\\\/09\\\/26\\\/alpago-protagonista-alla-biennale-di-venezia-premiato-lo-studio-di-architettura-facchinelli-daboit-saviane\\\/#article\",\"isPartOf\":{\"@id\":\"https:\\\/\\\/www.bellunopress.it\\\/2025\\\/09\\\/26\\\/alpago-protagonista-alla-biennale-di-venezia-premiato-lo-studio-di-architettura-facchinelli-daboit-saviane\\\/\"},\"author\":{\"name\":\"redazione\",\"@id\":\"https:\\\/\\\/www.bellunopress.it\\\/#\\\/schema\\\/person\\\/79bb06722b37ece1c03d3e94beb30d73\"},\"headline\":\"Alpago protagonista alla Biennale di Venezia. Premiato lo Studio di Architettura Facchinelli, Daboit, Saviane\",\"datePublished\":\"2025-09-26T08:05:31+00:00\",\"dateModified\":\"2025-09-26T08:05:46+00:00\",\"mainEntityOfPage\":{\"@id\":\"https:\\\/\\\/www.bellunopress.it\\\/2025\\\/09\\\/26\\\/alpago-protagonista-alla-biennale-di-venezia-premiato-lo-studio-di-architettura-facchinelli-daboit-saviane\\\/\"},\"wordCount\":547,\"publisher\":{\"@id\":\"https:\\\/\\\/www.bellunopress.it\\\/#organization\"},\"image\":{\"@id\":\"https:\\\/\\\/www.bellunopress.it\\\/2025\\\/09\\\/26\\\/alpago-protagonista-alla-biennale-di-venezia-premiato-lo-studio-di-architettura-facchinelli-daboit-saviane\\\/#primaryimage\"},\"thumbnailUrl\":\"https:\\\/\\\/www.bellunopress.it\\\/wp-content\\\/uploads\\\/2025\\\/09\\\/Il-Comune-di-Alpago-insieme-ai-vincitori-del-Premio-Architettura-Citta-di-Oderzo-dello-studio-Facchinelli-Daboit-Saviane-alla-Biennale-di-Venezia.jpg\",\"articleSection\":[\"Featured\",\"Lavoro, Economia, Turismo\",\"Prima Pagina\"],\"inLanguage\":\"fr-FR\"},{\"@type\":\"WebPage\",\"@id\":\"https:\\\/\\\/www.bellunopress.it\\\/2025\\\/09\\\/26\\\/alpago-protagonista-alla-biennale-di-venezia-premiato-lo-studio-di-architettura-facchinelli-daboit-saviane\\\/\",\"url\":\"https:\\\/\\\/www.bellunopress.it\\\/2025\\\/09\\\/26\\\/alpago-protagonista-alla-biennale-di-venezia-premiato-lo-studio-di-architettura-facchinelli-daboit-saviane\\\/\",\"name\":\"Alpago protagonista alla Biennale di Venezia. Premiato lo Studio di Architettura Facchinelli, Daboit, Saviane - Bellunopress - Dolomiti\",\"isPartOf\":{\"@id\":\"https:\\\/\\\/www.bellunopress.it\\\/#website\"},\"primaryImageOfPage\":{\"@id\":\"https:\\\/\\\/www.bellunopress.it\\\/2025\\\/09\\\/26\\\/alpago-protagonista-alla-biennale-di-venezia-premiato-lo-studio-di-architettura-facchinelli-daboit-saviane\\\/#primaryimage\"},\"image\":{\"@id\":\"https:\\\/\\\/www.bellunopress.it\\\/2025\\\/09\\\/26\\\/alpago-protagonista-alla-biennale-di-venezia-premiato-lo-studio-di-architettura-facchinelli-daboit-saviane\\\/#primaryimage\"},\"thumbnailUrl\":\"https:\\\/\\\/www.bellunopress.it\\\/wp-content\\\/uploads\\\/2025\\\/09\\\/Il-Comune-di-Alpago-insieme-ai-vincitori-del-Premio-Architettura-Citta-di-Oderzo-dello-studio-Facchinelli-Daboit-Saviane-alla-Biennale-di-Venezia.jpg\",\"datePublished\":\"2025-09-26T08:05:31+00:00\",\"dateModified\":\"2025-09-26T08:05:46+00:00\",\"breadcrumb\":{\"@id\":\"https:\\\/\\\/www.bellunopress.it\\\/2025\\\/09\\\/26\\\/alpago-protagonista-alla-biennale-di-venezia-premiato-lo-studio-di-architettura-facchinelli-daboit-saviane\\\/#breadcrumb\"},\"inLanguage\":\"fr-FR\",\"potentialAction\":[{\"@type\":\"ReadAction\",\"target\":[\"https:\\\/\\\/www.bellunopress.it\\\/2025\\\/09\\\/26\\\/alpago-protagonista-alla-biennale-di-venezia-premiato-lo-studio-di-architettura-facchinelli-daboit-saviane\\\/\"]}]},{\"@type\":\"ImageObject\",\"inLanguage\":\"fr-FR\",\"@id\":\"https:\\\/\\\/www.bellunopress.it\\\/2025\\\/09\\\/26\\\/alpago-protagonista-alla-biennale-di-venezia-premiato-lo-studio-di-architettura-facchinelli-daboit-saviane\\\/#primaryimage\",\"url\":\"https:\\\/\\\/www.bellunopress.it\\\/wp-content\\\/uploads\\\/2025\\\/09\\\/Il-Comune-di-Alpago-insieme-ai-vincitori-del-Premio-Architettura-Citta-di-Oderzo-dello-studio-Facchinelli-Daboit-Saviane-alla-Biennale-di-Venezia.jpg\",\"contentUrl\":\"https:\\\/\\\/www.bellunopress.it\\\/wp-content\\\/uploads\\\/2025\\\/09\\\/Il-Comune-di-Alpago-insieme-ai-vincitori-del-Premio-Architettura-Citta-di-Oderzo-dello-studio-Facchinelli-Daboit-Saviane-alla-Biennale-di-Venezia.jpg\",\"width\":575,\"height\":800,\"caption\":\"Il Comune di Alpago insieme ai vincitori del Premio Architettura Citt\u00e0 di Oderzo dello studio Facchinelli Daboit Saviane alla Biennale di Venezia\"},{\"@type\":\"BreadcrumbList\",\"@id\":\"https:\\\/\\\/www.bellunopress.it\\\/2025\\\/09\\\/26\\\/alpago-protagonista-alla-biennale-di-venezia-premiato-lo-studio-di-architettura-facchinelli-daboit-saviane\\\/#breadcrumb\",\"itemListElement\":[{\"@type\":\"ListItem\",\"position\":1,\"name\":\"Home\",\"item\":\"https:\\\/\\\/www.bellunopress.it\\\/\"},{\"@type\":\"ListItem\",\"position\":2,\"name\":\"Alpago protagonista alla Biennale di Venezia. Premiato lo Studio di Architettura Facchinelli, Daboit, Saviane\"}]},{\"@type\":\"WebSite\",\"@id\":\"https:\\\/\\\/www.bellunopress.it\\\/#website\",\"url\":\"https:\\\/\\\/www.bellunopress.it\\\/\",\"name\":\"Bellunopress - Dolomiti\",\"description\":\"e-mail: redazione@bellunopress.it\",\"publisher\":{\"@id\":\"https:\\\/\\\/www.bellunopress.it\\\/#organization\"},\"potentialAction\":[{\"@type\":\"SearchAction\",\"target\":{\"@type\":\"EntryPoint\",\"urlTemplate\":\"https:\\\/\\\/www.bellunopress.it\\\/?s={search_term_string}\"},\"query-input\":{\"@type\":\"PropertyValueSpecification\",\"valueRequired\":true,\"valueName\":\"search_term_string\"}}],\"inLanguage\":\"fr-FR\"},{\"@type\":\"Organization\",\"@id\":\"https:\\\/\\\/www.bellunopress.it\\\/#organization\",\"name\":\"Bellunopress\",\"url\":\"https:\\\/\\\/www.bellunopress.it\\\/\",\"logo\":{\"@type\":\"ImageObject\",\"inLanguage\":\"fr-FR\",\"@id\":\"https:\\\/\\\/www.bellunopress.it\\\/#\\\/schema\\\/logo\\\/image\\\/\",\"url\":\"https:\\\/\\\/www.bellunopress.it\\\/wp-content\\\/uploads\\\/2011\\\/05\\\/cropped-logo-bellunopress-.jpg\",\"contentUrl\":\"https:\\\/\\\/www.bellunopress.it\\\/wp-content\\\/uploads\\\/2011\\\/05\\\/cropped-logo-bellunopress-.jpg\",\"width\":512,\"height\":512,\"caption\":\"Bellunopress\"},\"image\":{\"@id\":\"https:\\\/\\\/www.bellunopress.it\\\/#\\\/schema\\\/logo\\\/image\\\/\"},\"sameAs\":[\"https:\\\/\\\/www.facebook.com\\\/profile.php?id=100008943462799\",\"https:\\\/\\\/x.com\\\/bellunopress\",\"https:\\\/\\\/www.linkedin.com\\\/hp\\\/?dnr=JBzUWaJfMUw8vbXJJ2tVW5-I3jZKvC4wsoxE&amp;amp;amp;amp;amp;amp;trk=nav_responsive_tab_home\",\"https:\\\/\\\/www.youtube.com\\\/channel\\\/UCxL0wu1uN0_3_7hGG0306cw\"]},{\"@type\":\"Person\",\"@id\":\"https:\\\/\\\/www.bellunopress.it\\\/#\\\/schema\\\/person\\\/79bb06722b37ece1c03d3e94beb30d73\",\"name\":\"redazione\",\"image\":{\"@type\":\"ImageObject\",\"inLanguage\":\"fr-FR\",\"@id\":\"https:\\\/\\\/secure.gravatar.com\\\/avatar\\\/37d968a2e67a6fd04c169c4bdef102d0bc5d31b2546345219e348575eb80e9a0?s=96&d=mm&r=g\",\"url\":\"https:\\\/\\\/secure.gravatar.com\\\/avatar\\\/37d968a2e67a6fd04c169c4bdef102d0bc5d31b2546345219e348575eb80e9a0?s=96&d=mm&r=g\",\"contentUrl\":\"https:\\\/\\\/secure.gravatar.com\\\/avatar\\\/37d968a2e67a6fd04c169c4bdef102d0bc5d31b2546345219e348575eb80e9a0?s=96&d=mm&r=g\",\"caption\":\"redazione\"},\"sameAs\":[\"http:\\\/\\\/www.bellunopress.it\",\"https:\\\/\\\/x.com\\\/bellunopress\"],\"url\":\"https:\\\/\\\/www.bellunopress.it\\\/fr\\\/author\\\/redazione\\\/\"}]}<\/script>\n<!-- \/ Yoast SEO plugin. -->","yoast_head_json":{"title":"Alpago protagonista alla Biennale di Venezia. Premiato lo Studio di Architettura Facchinelli, Daboit, Saviane - Bellunopress - Dolomiti","robots":{"index":"index","follow":"follow","max-snippet":"max-snippet:-1","max-image-preview":"max-image-preview:large","max-video-preview":"max-video-preview:-1"},"canonical":"https:\/\/www.bellunopress.it\/fr\/2025\/09\/26\/alpago-protagonista-alla-biennale-di-venezia-premiato-lo-studio-di-architettura-facchinelli-daboit-saviane\/","og_locale":"fr_FR","og_type":"article","og_title":"Alpago protagonista alla Biennale di Venezia. Premiato lo Studio di Architettura Facchinelli, Daboit, Saviane - Bellunopress - Dolomiti","og_description":"Alpago, 26 settembre 2025 \u2013 Il Comune di Alpago ha portato l&#8217;esempio virtuoso della sua nuova scuola secondaria di primo grado di Puos fino alla Biennale di Venezia, partecipando ieri, 25 settembre, a un\u2019iniziativa di alto profilo che ha celebrato l&#8217;architettura come strumento di rigenerazione territoriale e sociale. L\u2019evento, tenutosi presso la Sala delle Colonne [&hellip;]","og_url":"https:\/\/www.bellunopress.it\/fr\/2025\/09\/26\/alpago-protagonista-alla-biennale-di-venezia-premiato-lo-studio-di-architettura-facchinelli-daboit-saviane\/","og_site_name":"Bellunopress - Dolomiti","article_publisher":"https:\/\/www.facebook.com\/profile.php?id=100008943462799","article_published_time":"2025-09-26T08:05:31+00:00","article_modified_time":"2025-09-26T08:05:46+00:00","og_image":[{"width":575,"height":800,"url":"https:\/\/www.bellunopress.it\/wp-content\/uploads\/2025\/09\/Il-Comune-di-Alpago-insieme-ai-vincitori-del-Premio-Architettura-Citta-di-Oderzo-dello-studio-Facchinelli-Daboit-Saviane-alla-Biennale-di-Venezia.jpg","type":"image\/jpeg"}],"author":"redazione","twitter_card":"summary_large_image","twitter_creator":"@bellunopress","twitter_site":"@bellunopress","twitter_misc":{"\u00c9crit par":"redazione","Dur\u00e9e de lecture estim\u00e9e":"3 minutes"},"schema":{"@context":"https:\/\/schema.org","@graph":[{"@type":"Article","@id":"https:\/\/www.bellunopress.it\/2025\/09\/26\/alpago-protagonista-alla-biennale-di-venezia-premiato-lo-studio-di-architettura-facchinelli-daboit-saviane\/#article","isPartOf":{"@id":"https:\/\/www.bellunopress.it\/2025\/09\/26\/alpago-protagonista-alla-biennale-di-venezia-premiato-lo-studio-di-architettura-facchinelli-daboit-saviane\/"},"author":{"name":"redazione","@id":"https:\/\/www.bellunopress.it\/#\/schema\/person\/79bb06722b37ece1c03d3e94beb30d73"},"headline":"Alpago protagonista alla Biennale di Venezia. Premiato lo Studio di Architettura Facchinelli, Daboit, Saviane","datePublished":"2025-09-26T08:05:31+00:00","dateModified":"2025-09-26T08:05:46+00:00","mainEntityOfPage":{"@id":"https:\/\/www.bellunopress.it\/2025\/09\/26\/alpago-protagonista-alla-biennale-di-venezia-premiato-lo-studio-di-architettura-facchinelli-daboit-saviane\/"},"wordCount":547,"publisher":{"@id":"https:\/\/www.bellunopress.it\/#organization"},"image":{"@id":"https:\/\/www.bellunopress.it\/2025\/09\/26\/alpago-protagonista-alla-biennale-di-venezia-premiato-lo-studio-di-architettura-facchinelli-daboit-saviane\/#primaryimage"},"thumbnailUrl":"https:\/\/www.bellunopress.it\/wp-content\/uploads\/2025\/09\/Il-Comune-di-Alpago-insieme-ai-vincitori-del-Premio-Architettura-Citta-di-Oderzo-dello-studio-Facchinelli-Daboit-Saviane-alla-Biennale-di-Venezia.jpg","articleSection":["Featured","Lavoro, Economia, Turismo","Prima Pagina"],"inLanguage":"fr-FR"},{"@type":"WebPage","@id":"https:\/\/www.bellunopress.it\/2025\/09\/26\/alpago-protagonista-alla-biennale-di-venezia-premiato-lo-studio-di-architettura-facchinelli-daboit-saviane\/","url":"https:\/\/www.bellunopress.it\/2025\/09\/26\/alpago-protagonista-alla-biennale-di-venezia-premiato-lo-studio-di-architettura-facchinelli-daboit-saviane\/","name":"Alpago protagonista alla Biennale di Venezia. Premiato lo Studio di Architettura Facchinelli, Daboit, Saviane - Bellunopress - Dolomiti","isPartOf":{"@id":"https:\/\/www.bellunopress.it\/#website"},"primaryImageOfPage":{"@id":"https:\/\/www.bellunopress.it\/2025\/09\/26\/alpago-protagonista-alla-biennale-di-venezia-premiato-lo-studio-di-architettura-facchinelli-daboit-saviane\/#primaryimage"},"image":{"@id":"https:\/\/www.bellunopress.it\/2025\/09\/26\/alpago-protagonista-alla-biennale-di-venezia-premiato-lo-studio-di-architettura-facchinelli-daboit-saviane\/#primaryimage"},"thumbnailUrl":"https:\/\/www.bellunopress.it\/wp-content\/uploads\/2025\/09\/Il-Comune-di-Alpago-insieme-ai-vincitori-del-Premio-Architettura-Citta-di-Oderzo-dello-studio-Facchinelli-Daboit-Saviane-alla-Biennale-di-Venezia.jpg","datePublished":"2025-09-26T08:05:31+00:00","dateModified":"2025-09-26T08:05:46+00:00","breadcrumb":{"@id":"https:\/\/www.bellunopress.it\/2025\/09\/26\/alpago-protagonista-alla-biennale-di-venezia-premiato-lo-studio-di-architettura-facchinelli-daboit-saviane\/#breadcrumb"},"inLanguage":"fr-FR","potentialAction":[{"@type":"ReadAction","target":["https:\/\/www.bellunopress.it\/2025\/09\/26\/alpago-protagonista-alla-biennale-di-venezia-premiato-lo-studio-di-architettura-facchinelli-daboit-saviane\/"]}]},{"@type":"ImageObject","inLanguage":"fr-FR","@id":"https:\/\/www.bellunopress.it\/2025\/09\/26\/alpago-protagonista-alla-biennale-di-venezia-premiato-lo-studio-di-architettura-facchinelli-daboit-saviane\/#primaryimage","url":"https:\/\/www.bellunopress.it\/wp-content\/uploads\/2025\/09\/Il-Comune-di-Alpago-insieme-ai-vincitori-del-Premio-Architettura-Citta-di-Oderzo-dello-studio-Facchinelli-Daboit-Saviane-alla-Biennale-di-Venezia.jpg","contentUrl":"https:\/\/www.bellunopress.it\/wp-content\/uploads\/2025\/09\/Il-Comune-di-Alpago-insieme-ai-vincitori-del-Premio-Architettura-Citta-di-Oderzo-dello-studio-Facchinelli-Daboit-Saviane-alla-Biennale-di-Venezia.jpg","width":575,"height":800,"caption":"Il Comune di Alpago insieme ai vincitori del Premio Architettura Citt\u00e0 di Oderzo dello studio Facchinelli Daboit Saviane alla Biennale di Venezia"},{"@type":"BreadcrumbList","@id":"https:\/\/www.bellunopress.it\/2025\/09\/26\/alpago-protagonista-alla-biennale-di-venezia-premiato-lo-studio-di-architettura-facchinelli-daboit-saviane\/#breadcrumb","itemListElement":[{"@type":"ListItem","position":1,"name":"Home","item":"https:\/\/www.bellunopress.it\/"},{"@type":"ListItem","position":2,"name":"Alpago protagonista alla Biennale di Venezia. Premiato lo Studio di Architettura Facchinelli, Daboit, Saviane"}]},{"@type":"WebSite","@id":"https:\/\/www.bellunopress.it\/#website","url":"https:\/\/www.bellunopress.it\/","name":"Bellunopress - Dolomiti","description":"e-mail: redazione@bellunopress.it","publisher":{"@id":"https:\/\/www.bellunopress.it\/#organization"},"potentialAction":[{"@type":"SearchAction","target":{"@type":"EntryPoint","urlTemplate":"https:\/\/www.bellunopress.it\/?s={search_term_string}"},"query-input":{"@type":"PropertyValueSpecification","valueRequired":true,"valueName":"search_term_string"}}],"inLanguage":"fr-FR"},{"@type":"Organization","@id":"https:\/\/www.bellunopress.it\/#organization","name":"Bellunopress","url":"https:\/\/www.bellunopress.it\/","logo":{"@type":"ImageObject","inLanguage":"fr-FR","@id":"https:\/\/www.bellunopress.it\/#\/schema\/logo\/image\/","url":"https:\/\/www.bellunopress.it\/wp-content\/uploads\/2011\/05\/cropped-logo-bellunopress-.jpg","contentUrl":"https:\/\/www.bellunopress.it\/wp-content\/uploads\/2011\/05\/cropped-logo-bellunopress-.jpg","width":512,"height":512,"caption":"Bellunopress"},"image":{"@id":"https:\/\/www.bellunopress.it\/#\/schema\/logo\/image\/"},"sameAs":["https:\/\/www.facebook.com\/profile.php?id=100008943462799","https:\/\/x.com\/bellunopress","https:\/\/www.linkedin.com\/hp\/?dnr=JBzUWaJfMUw8vbXJJ2tVW5-I3jZKvC4wsoxE&amp;amp;amp;amp;amp;amp;trk=nav_responsive_tab_home","https:\/\/www.youtube.com\/channel\/UCxL0wu1uN0_3_7hGG0306cw"]},{"@type":"Person","@id":"https:\/\/www.bellunopress.it\/#\/schema\/person\/79bb06722b37ece1c03d3e94beb30d73","name":"r\u00e9daction","image":{"@type":"ImageObject","inLanguage":"fr-FR","@id":"https:\/\/secure.gravatar.com\/avatar\/37d968a2e67a6fd04c169c4bdef102d0bc5d31b2546345219e348575eb80e9a0?s=96&d=mm&r=g","url":"https:\/\/secure.gravatar.com\/avatar\/37d968a2e67a6fd04c169c4bdef102d0bc5d31b2546345219e348575eb80e9a0?s=96&d=mm&r=g","contentUrl":"https:\/\/secure.gravatar.com\/avatar\/37d968a2e67a6fd04c169c4bdef102d0bc5d31b2546345219e348575eb80e9a0?s=96&d=mm&r=g","caption":"redazione"},"sameAs":["http:\/\/www.bellunopress.it","https:\/\/x.com\/bellunopress"],"url":"https:\/\/www.bellunopress.it\/fr\/author\/redazione\/"}]}},"_links":{"self":[{"href":"https:\/\/www.bellunopress.it\/fr\/wp-json\/wp\/v2\/posts\/163632","targetHints":{"allow":["GET"]}}],"collection":[{"href":"https:\/\/www.bellunopress.it\/fr\/wp-json\/wp\/v2\/posts"}],"about":[{"href":"https:\/\/www.bellunopress.it\/fr\/wp-json\/wp\/v2\/types\/post"}],"author":[{"embeddable":true,"href":"https:\/\/www.bellunopress.it\/fr\/wp-json\/wp\/v2\/users\/2"}],"replies":[{"embeddable":true,"href":"https:\/\/www.bellunopress.it\/fr\/wp-json\/wp\/v2\/comments?post=163632"}],"version-history":[{"count":2,"href":"https:\/\/www.bellunopress.it\/fr\/wp-json\/wp\/v2\/posts\/163632\/revisions"}],"predecessor-version":[{"id":163635,"href":"https:\/\/www.bellunopress.it\/fr\/wp-json\/wp\/v2\/posts\/163632\/revisions\/163635"}],"wp:featuredmedia":[{"embeddable":true,"href":"https:\/\/www.bellunopress.it\/fr\/wp-json\/wp\/v2\/media\/163633"}],"wp:attachment":[{"href":"https:\/\/www.bellunopress.it\/fr\/wp-json\/wp\/v2\/media?parent=163632"}],"wp:term":[{"taxonomy":"category","embeddable":true,"href":"https:\/\/www.bellunopress.it\/fr\/wp-json\/wp\/v2\/categories?post=163632"},{"taxonomy":"post_tag","embeddable":true,"href":"https:\/\/www.bellunopress.it\/fr\/wp-json\/wp\/v2\/tags?post=163632"}],"curies":[{"name":"wp","href":"https:\/\/api.w.org\/{rel}","templated":true}]}}