{"id":163628,"date":"2025-09-26T09:24:43","date_gmt":"2025-09-26T07:24:43","guid":{"rendered":"https:\/\/www.bellunopress.it\/?p=163628"},"modified":"2025-09-26T09:24:43","modified_gmt":"2025-09-26T07:24:43","slug":"carlo-barni-da-20-mq-a-re-ditalia-degli-elettrodomestici","status":"publish","type":"post","link":"https:\/\/www.bellunopress.it\/fr\/2025\/09\/26\/carlo-barni-da-20-mq-a-re-ditalia-degli-elettrodomestici\/","title":{"rendered":"Carlo Barni: da 20 mq a Re d\u2019Italia degli elettrodomestici"},"content":{"rendered":"<figure id=\"attachment_163629\" aria-describedby=\"caption-attachment-163629\" style=\"width: 800px\" class=\"wp-caption aligncenter\"><img loading=\"lazy\" decoding=\"async\" class=\"size-full wp-image-163629\" src=\"https:\/\/www.bellunopress.it\/wp-content\/uploads\/2025\/09\/Carlo-Barni-1953-primo_mezzo_aziendale_edited.jpg\" alt=\"\" width=\"800\" height=\"450\" srcset=\"https:\/\/www.bellunopress.it\/wp-content\/uploads\/2025\/09\/Carlo-Barni-1953-primo_mezzo_aziendale_edited.jpg 800w, https:\/\/www.bellunopress.it\/wp-content\/uploads\/2025\/09\/Carlo-Barni-1953-primo_mezzo_aziendale_edited-500x281.jpg 500w, https:\/\/www.bellunopress.it\/wp-content\/uploads\/2025\/09\/Carlo-Barni-1953-primo_mezzo_aziendale_edited-747x420.jpg 747w, https:\/\/www.bellunopress.it\/wp-content\/uploads\/2025\/09\/Carlo-Barni-1953-primo_mezzo_aziendale_edited-696x392.jpg 696w\" sizes=\"auto, (max-width: 800px) 100vw, 800px\" \/><figcaption id=\"caption-attachment-163629\" class=\"wp-caption-text\">Carlo Barni: 1953 primo mezzo aziendale<\/figcaption><\/figure>\n<figure id=\"attachment_163630\" aria-describedby=\"caption-attachment-163630\" style=\"width: 800px\" class=\"wp-caption aligncenter\"><img loading=\"lazy\" decoding=\"async\" class=\"size-full wp-image-163630\" src=\"https:\/\/www.bellunopress.it\/wp-content\/uploads\/2025\/09\/Gigi_Giuseppe_Carlo_Barni_e_Giovanna_edited.jpg\" alt=\"\" width=\"800\" height=\"450\" srcset=\"https:\/\/www.bellunopress.it\/wp-content\/uploads\/2025\/09\/Gigi_Giuseppe_Carlo_Barni_e_Giovanna_edited.jpg 800w, https:\/\/www.bellunopress.it\/wp-content\/uploads\/2025\/09\/Gigi_Giuseppe_Carlo_Barni_e_Giovanna_edited-500x281.jpg 500w, https:\/\/www.bellunopress.it\/wp-content\/uploads\/2025\/09\/Gigi_Giuseppe_Carlo_Barni_e_Giovanna_edited-747x420.jpg 747w, https:\/\/www.bellunopress.it\/wp-content\/uploads\/2025\/09\/Gigi_Giuseppe_Carlo_Barni_e_Giovanna_edited-696x392.jpg 696w\" sizes=\"auto, (max-width: 800px) 100vw, 800px\" \/><figcaption id=\"caption-attachment-163630\" class=\"wp-caption-text\">Carlo Barni con moglie e figli per la festa di compleanno dei suoi 100 anni<\/figcaption><\/figure>\n<p><strong>Cento candeline per il Cavaliere della Repubblica che ha acceso le case degli italiani<\/strong><\/p>\n<p>Nato a Inveruno (Milano), apre una bottega sotto i portici di Busto Garolfo: una vita tra conti sul tavolo di cucina, clienti da ascoltare e partner da rispettare. Seriet\u00e0, concretezza e una visione che negli anni \u201980 sped\u00ec i figli in Cina e, oggi, tiene l\u2019azienda nel futuro: 110 milioni nel 2024, 40mila mq di logistica integrata, riferimento per GDO e principali piattaforme e-commerce<br \/>\nC\u2019\u00e8 una foto in bianco e nero. Tre ragazzi, un furgoncino 600 con \u201cBARNI\u201d sulla fiancata e il marchio Rex. Se la mostri a Carlo Barni, lui sorride: \u00abMe l\u2019avevano quasi regalata, perch\u00e9 ero un buon cliente\u00bb. In quel \u201cquasi regalata\u201d c\u2019\u00e8 gi\u00e0 tutta la sua grammatica: fiducia da meritare, gratitudine da restituire, lavoro come promessa mantenuta.<\/p>\n<p>La storia comincia a Inveruno, dove Carlo nasce il 25 settembre 1925, e prende forma a Busto Garolfo. \u00abDopo la guerra, con un diploma di radiotecnica e tecnica delle trasmissioni, riparavo radio e altri piccoli apparecchi\u00bb, racconta. \u00abNel 1953 ebbi l\u2019occasione di rilevare un\u2019attivit\u00e0 sotto i portici in piazza Lombardia. Da quei 20 metri quadrati ho mosso i primi passi e, negli anni Settanta, quando cominciava ad affermarsi la grande distribuzione organizzata, facemmo la scelta strategica di entrare in questo mercato\u00bb. Prima della bottega c\u2019\u00e8 la vita che insegna il mestiere: tanti lavori, anche l\u2019elettricista che monta le luci della Madonna Pellegrina, rione per rione. Perch\u00e9 il lavoro, prima di tutto, \u00e8 saper accendere.<\/p>\n<p>Sotto i portici si vendono fornelli con la bombola, stufe \u201ceconomiche\u201d, poi le prime cucine a gas. Arrivano i frigoriferi, rito di passaggio domestico. \u00abAprivi e trovavi un pezzo di burro: era vuoto, ma era il futuro\u00bb, ricorda. Il futuro, per\u00f2, Carlo non l\u2019ha aspettato: l\u2019ha caricato a mano sul portapacchi, poi su una familiare, quindi su camion, treni e cargo navali; ha bussato alle porte, ha pagato puntuale, ha detto s\u00ec alle occasioni che gli altri lasciavano sul banco.<\/p>\n<p>E, soprattutto, ha scelto una regola semplice: pochi slogan, tanta sostanza.<\/p>\n<p>Quella bottega \u00e8 diventata impresa, poi rete, poi metodo. Oggi la storia personale di Carlo coincide con una realt\u00e0 che presidia l\u2019intera filiera, dall\u2019importazione all\u2019e-commerce, dal trade marketing alla GDO: da un negozio di 20 mq a un leader nazionale. Distributore ufficiale dei principali marchi di audio, video e home appliances; una logistica integrata con i marketplace italiani ed esteri che ogni giorno consegna oltre cinquecento colli direttamente a casa dei consumatori. Nel 2024 il giro d\u2019affari ha superato i 110 milioni di euro e la logistica viaggia su quarantamila metri quadrati; nel tempo sono passati dai loro magazzini centinaia di migliaia di grandi e piccoli elettrodomestici, televisori e prodotti audio-video. Sono numeri che dicono efficienza. Ma a spiegarne il perch\u00e9 \u00e8 il carattere: seriet\u00e0, concretezza, rapporto solido con i partner. E la continuit\u00e0 familiare: oggi la seconda generazione (Giuseppe e Gigi) guida l\u2019azienda, mentre la terza (Giulia e Riccardo) porta nuova energia e visione in un mercato complesso ed esigente.<\/p>\n<p>Chi lo conosce sa che Carlo ama pi\u00f9 fare che parlare. \u00abSu 365 giorni, per 360 l\u2019ho visto in azienda\u00bb, dice Fabio, in Barni dal 1991: primo ad arrivare, ultimo a uscire; fogli usati su entrambi i lati \u201cquando il green non si chiamava green\u201d; il naso nei conti e nel magazzino \u201cperch\u00e9 deve girare\u201d. E una forte attenzione alla comunit\u00e0: \u00abIn trent\u2019anni non ho mai dovuto chiedere: Carlo ha sempre anticipato i bisogni\u00bb, ricorda Maria Carla Ceriotti, della Caritas. Non il superfluo, ma il meglio: \u00abVettovaglie di qualit\u00e0, pasta buona, prosciutto buono. E chiamava per sapere come stavano le famiglie\u00bb. La sindaca di allora, Susanna Biondi, lo definisce \u201craro\u201d: borsisti sostenuti in silenzio, progetti di lavoro per chi era rimasto indietro, incontri frequenti \u201cper fare il bene senza rumore\u201d. Don Ambrogio, parroco per quattordici anni, sintetizza: \u00abUn uomo davvero di cuore, innamorato del suo paese e della sua gente\u00bb.<\/p>\n<p>La sua leggenda \u00e8 un rosario di episodi: Mike Bongiorno in negozio per una dimostrazione (e un pisolino epico sul divano), Tony Dallara e una lavastoviglie \u201cevaporata\u201d. E poi la bicicletta -venti chilometri al giorno, \u201cse non pioveva\u201d-, le corse organizzate \u201cper far muovere la gente\u201d, la coda \u00abper il sale\u00bb nei giorni della guerra. Dentro, un credo semplice. \u00abLa volont\u00e0 \u00e8 stata la prima cosa\u00bb, dice Giovanna, la moglie. Volont\u00e0 di arrivare \u00abpartendo da niente\u00bb, di farsi un nome senza scorciatoie, di preparare i figli e poi i nipoti a prendersi responsabilit\u00e0 vere.<\/p>\n<p>La famiglia per Carlo \u00e8 tutto. La moglie Giovanna, che ha \u201ccorteggiato\u201d vendendo prima un radiogrammofono a casa di lei e poi tutto quello che poteva con il solo obiettivo di poterla rivedere e, infine, sposare. Famiglia: quella costruita di notte, tra cambiali e conti sul tavolo di cucina, e di giorno, in negozio, tra clienti e prodotti all\u2019avanguardia per l\u2019epoca. Famiglia: quella allargata ai dipendenti, ai rappresentanti, ai clienti che diventano compagni di strada. Famiglia \u00e8 la dedizione operosa e mai fredda alla sua impresa, perch\u00e9, dice \u00abQuesta \u00e8 un\u2019azienda, s\u00ec, ma \u00e8 soprattutto una famiglia\u00bb. Famiglia \u00e8 la comunit\u00e0 di Busto Garolfo, che l\u2019ha accolto e l\u2019ha visto crescere. Famiglia: quella che oggi comprende figli e nipoti.<\/p>\n<p>\u00c8 Giovanna a ricordare anche un passaggio decisivo: \u00abLa Cina era lontana\u00bb. Agli inizi degli anni Ottanta, Carlo manda Giuseppe e Gigi a cogliere occasioni e cercare fornitori in quel mondo che allora sembrava remoto: \u00e8 una scuola di fiducia e responsabilit\u00e0. Da allora la Cina non \u00e8 pi\u00f9 lontana: i figli ci sono tornati spesso, hanno costruito relazioni e filiere, e oggi importano e distribuiscono un mare di prodotti che riforniscono la GDO e le principali piattaforme di e-commerce, Amazon compresa. Un ponte aperto sul futuro, senza tradire le radici.<\/p>\n<p>Questo stile -pochi slogan, molta sostanza-, che gli ha valso il riconoscimento di Cavaliere della Repubblica, giunto nel 1976 per \u201cmeriti di lavoro\u201d, lo riconoscono anche i partner. Nel suo videomessaggio, Mark Bissell (Ceo e presidente dell\u2019americana Bissell Inc.) parla di \u00abpartnership basata sulla fiducia\u00bb, di famiglie imprenditoriali che preparano la successione e danno continuit\u00e0 a dipendenti, comunit\u00e0 e clienti.<\/p>\n<p>Non \u00e8 nostalgia: \u00e8 un\u2019agenda. Perch\u00e9 il sogno italiano qui ha smesso di essere raccontato ed \u00e8 diventato struttura.<\/p>\n<p>Ieri, gioved\u00ec 25 settembre, Carlo ha festeggiato i 100 anni con una festa a sorpresa nei capannoni che l\u2019hanno visto diventare grande, insieme a 200 tra parenti, amici, dipendenti e clienti. Cent\u2019anni cos\u00ec non sono \u201ctanti\u201d: sono giusti. Perch\u00e9 Carlo non ha rincorso la grandezza, l\u2019ha costruita al livello degli occhi, con la forza di chi ha imparato a vendere senza imbrogliare, di chi ha capito che il profitto \u00e8 una conseguenza della seriet\u00e0, di chi sa che la dignit\u00e0 passa anche da un frigorifero che finalmente tiene fresca l\u2019acqua.<\/p>\n<p>E oggi, quando gli rimostri la foto del furgoncino, Carlo dice al ragazzo al centro: \u00abVai avanti cos\u00ec. \u00c8 la strada giusta\u00bb.<\/p>\n<p>Il 25 settembre, Busto Garolfo non ha festeggiato il \u201cre degli elettrodomestici\u201d. Ha festeggiato Carlo: il marito che contava le cambiali di notte, il padre che spingeva i figli al mondo perch\u00e9 tornassero pi\u00f9 grandi, il capo che arrivava per primo e se non rispondevi al telefono tornava dalla montagna. L\u2019uomo che ha trasformato un mestiere in una carezza lunga un secolo.<\/p>\n<p>Buon compleanno, Carlo. Hai tenuto accesa la luce. Ora lasciaci il tempo di dirti grazie.<\/p>\n<p>&nbsp;<\/p>\n<p><strong>Carlo Barni Spa<\/strong> &#8211; Da quasi 40 anni importatore di prodotti elettronici dai principali mercati internazionali, oltre 2 milioni di prodotti trattati tra grandi e piccoli elettrodomestici, televisori, audio e video, pi\u00f9 di 110 milioni di fatturato nel 2024, 50 dipendenti, 40mila metri quadri di logistica, consegne giornaliere a oltre 450 negozi di elettrodomestici e elettronica di consumo, 500 spedizioni quotidiane direttamente a casa del consumatore perch\u00e9, oltre a essere \u201cAmazon vendor\u201d ufficiale nei principali marketplace europei, la sua logistica \u00e8 integrata con le maggiori piattaforme di vendita on line operanti in Italia e nel Vecchio continente. Da pi\u00f9 di 50 anni fornitore di riferimento delle pi\u00f9 importanti catene della grande distribuzione e della distribuzione organizzata (come Carrefour, Coop, Conad, MD, Panorama, Il Gigante, Tigros, Famila), creatore e gestore dei cataloghi premi di aziende come Philip Morris, Il Gigante, CartaS\u00ec, Enel, American Express, Banco di Roma. E, in pi\u00f9, distributore ufficiale di tutti i pi\u00f9 prestigiosi marchi di audio video e di home appliances (come Samsung, Whirlpool, Sony, Canon, LG) e artefice del rilancio in Europa del marchio Akai, brand cult dell\u2019elettronica di consumo, da lei oggi portato anche nel mondo degli elettrodomestici.<\/p>\n<p>&nbsp;<\/p>","protected":false},"excerpt":{"rendered":"<p>Cento candeline per il Cavaliere della Repubblica che ha acceso le case degli italiani Nato a Inveruno (Milano), apre una bottega sotto i portici di Busto Garolfo: una vita tra conti sul tavolo di cucina, clienti da ascoltare e partner da rispettare. Seriet\u00e0, concretezza e una visione che negli anni \u201980 sped\u00ec i figli in [&hellip;]<\/p>\n","protected":false},"author":2,"featured_media":163629,"comment_status":"closed","ping_status":"open","sticky":false,"template":"","format":"standard","meta":{"footnotes":""},"categories":[36,26],"tags":[],"class_list":["post-163628","post","type-post","status-publish","format-standard","has-post-thumbnail","category-lavoro-economia","category-prima-pagina"],"yoast_head":"<!-- This site is optimized with the Yoast SEO plugin v28.4 - https:\/\/yoast.com\/product\/yoast-seo-wordpress\/ -->\n<title>Carlo Barni: da 20 mq a Re d\u2019Italia degli elettrodomestici - Bellunopress - Dolomiti<\/title>\n<meta name=\"robots\" content=\"index, follow, max-snippet:-1, max-image-preview:large, max-video-preview:-1\" \/>\n<link rel=\"canonical\" href=\"https:\/\/www.bellunopress.it\/fr\/2025\/09\/26\/carlo-barni-da-20-mq-a-re-ditalia-degli-elettrodomestici\/\" \/>\n<meta property=\"og:locale\" content=\"fr_FR\" \/>\n<meta property=\"og:type\" content=\"article\" \/>\n<meta property=\"og:title\" content=\"Carlo Barni: da 20 mq a Re d\u2019Italia degli elettrodomestici - Bellunopress - Dolomiti\" \/>\n<meta property=\"og:description\" content=\"Cento candeline per il Cavaliere della Repubblica che ha acceso le case degli italiani Nato a Inveruno (Milano), apre una bottega sotto i portici di Busto Garolfo: una vita tra conti sul tavolo di cucina, clienti da ascoltare e partner da rispettare. Seriet\u00e0, concretezza e una visione che negli anni \u201980 sped\u00ec i figli in [&hellip;]\" \/>\n<meta property=\"og:url\" content=\"https:\/\/www.bellunopress.it\/fr\/2025\/09\/26\/carlo-barni-da-20-mq-a-re-ditalia-degli-elettrodomestici\/\" \/>\n<meta property=\"og:site_name\" content=\"Bellunopress - Dolomiti\" \/>\n<meta property=\"article:publisher\" content=\"https:\/\/www.facebook.com\/profile.php?id=100008943462799\" \/>\n<meta property=\"article:published_time\" content=\"2025-09-26T07:24:43+00:00\" \/>\n<meta property=\"og:image\" content=\"https:\/\/www.bellunopress.it\/wp-content\/uploads\/2025\/09\/Carlo-Barni-1953-primo_mezzo_aziendale_edited.jpg\" \/>\n\t<meta property=\"og:image:width\" content=\"800\" \/>\n\t<meta property=\"og:image:height\" content=\"450\" \/>\n\t<meta property=\"og:image:type\" content=\"image\/jpeg\" \/>\n<meta name=\"author\" content=\"redazione\" \/>\n<meta name=\"twitter:card\" content=\"summary_large_image\" \/>\n<meta name=\"twitter:creator\" content=\"@bellunopress\" \/>\n<meta name=\"twitter:site\" content=\"@bellunopress\" \/>\n<meta name=\"twitter:label1\" content=\"\u00c9crit par\" \/>\n\t<meta name=\"twitter:data1\" content=\"redazione\" \/>\n\t<meta name=\"twitter:label2\" content=\"Dur\u00e9e de lecture estim\u00e9e\" \/>\n\t<meta name=\"twitter:data2\" content=\"7 minutes\" \/>\n<script type=\"application\/ld+json\" class=\"yoast-schema-graph\">{\"@context\":\"https:\\\/\\\/schema.org\",\"@graph\":[{\"@type\":\"Article\",\"@id\":\"https:\\\/\\\/www.bellunopress.it\\\/2025\\\/09\\\/26\\\/carlo-barni-da-20-mq-a-re-ditalia-degli-elettrodomestici\\\/#article\",\"isPartOf\":{\"@id\":\"https:\\\/\\\/www.bellunopress.it\\\/2025\\\/09\\\/26\\\/carlo-barni-da-20-mq-a-re-ditalia-degli-elettrodomestici\\\/\"},\"author\":{\"name\":\"redazione\",\"@id\":\"https:\\\/\\\/www.bellunopress.it\\\/#\\\/schema\\\/person\\\/79bb06722b37ece1c03d3e94beb30d73\"},\"headline\":\"Carlo Barni: da 20 mq a Re d\u2019Italia degli elettrodomestici\",\"datePublished\":\"2025-09-26T07:24:43+00:00\",\"mainEntityOfPage\":{\"@id\":\"https:\\\/\\\/www.bellunopress.it\\\/2025\\\/09\\\/26\\\/carlo-barni-da-20-mq-a-re-ditalia-degli-elettrodomestici\\\/\"},\"wordCount\":1443,\"publisher\":{\"@id\":\"https:\\\/\\\/www.bellunopress.it\\\/#organization\"},\"image\":{\"@id\":\"https:\\\/\\\/www.bellunopress.it\\\/2025\\\/09\\\/26\\\/carlo-barni-da-20-mq-a-re-ditalia-degli-elettrodomestici\\\/#primaryimage\"},\"thumbnailUrl\":\"https:\\\/\\\/www.bellunopress.it\\\/wp-content\\\/uploads\\\/2025\\\/09\\\/Carlo-Barni-1953-primo_mezzo_aziendale_edited.jpg\",\"articleSection\":[\"Lavoro, Economia, Turismo\",\"Prima Pagina\"],\"inLanguage\":\"fr-FR\"},{\"@type\":\"WebPage\",\"@id\":\"https:\\\/\\\/www.bellunopress.it\\\/2025\\\/09\\\/26\\\/carlo-barni-da-20-mq-a-re-ditalia-degli-elettrodomestici\\\/\",\"url\":\"https:\\\/\\\/www.bellunopress.it\\\/2025\\\/09\\\/26\\\/carlo-barni-da-20-mq-a-re-ditalia-degli-elettrodomestici\\\/\",\"name\":\"Carlo Barni: da 20 mq a Re d\u2019Italia degli elettrodomestici - Bellunopress - Dolomiti\",\"isPartOf\":{\"@id\":\"https:\\\/\\\/www.bellunopress.it\\\/#website\"},\"primaryImageOfPage\":{\"@id\":\"https:\\\/\\\/www.bellunopress.it\\\/2025\\\/09\\\/26\\\/carlo-barni-da-20-mq-a-re-ditalia-degli-elettrodomestici\\\/#primaryimage\"},\"image\":{\"@id\":\"https:\\\/\\\/www.bellunopress.it\\\/2025\\\/09\\\/26\\\/carlo-barni-da-20-mq-a-re-ditalia-degli-elettrodomestici\\\/#primaryimage\"},\"thumbnailUrl\":\"https:\\\/\\\/www.bellunopress.it\\\/wp-content\\\/uploads\\\/2025\\\/09\\\/Carlo-Barni-1953-primo_mezzo_aziendale_edited.jpg\",\"datePublished\":\"2025-09-26T07:24:43+00:00\",\"breadcrumb\":{\"@id\":\"https:\\\/\\\/www.bellunopress.it\\\/2025\\\/09\\\/26\\\/carlo-barni-da-20-mq-a-re-ditalia-degli-elettrodomestici\\\/#breadcrumb\"},\"inLanguage\":\"fr-FR\",\"potentialAction\":[{\"@type\":\"ReadAction\",\"target\":[\"https:\\\/\\\/www.bellunopress.it\\\/2025\\\/09\\\/26\\\/carlo-barni-da-20-mq-a-re-ditalia-degli-elettrodomestici\\\/\"]}]},{\"@type\":\"ImageObject\",\"inLanguage\":\"fr-FR\",\"@id\":\"https:\\\/\\\/www.bellunopress.it\\\/2025\\\/09\\\/26\\\/carlo-barni-da-20-mq-a-re-ditalia-degli-elettrodomestici\\\/#primaryimage\",\"url\":\"https:\\\/\\\/www.bellunopress.it\\\/wp-content\\\/uploads\\\/2025\\\/09\\\/Carlo-Barni-1953-primo_mezzo_aziendale_edited.jpg\",\"contentUrl\":\"https:\\\/\\\/www.bellunopress.it\\\/wp-content\\\/uploads\\\/2025\\\/09\\\/Carlo-Barni-1953-primo_mezzo_aziendale_edited.jpg\",\"width\":800,\"height\":450,\"caption\":\"Carlo Barni: 1953 primo mezzo aziendale\"},{\"@type\":\"BreadcrumbList\",\"@id\":\"https:\\\/\\\/www.bellunopress.it\\\/2025\\\/09\\\/26\\\/carlo-barni-da-20-mq-a-re-ditalia-degli-elettrodomestici\\\/#breadcrumb\",\"itemListElement\":[{\"@type\":\"ListItem\",\"position\":1,\"name\":\"Home\",\"item\":\"https:\\\/\\\/www.bellunopress.it\\\/\"},{\"@type\":\"ListItem\",\"position\":2,\"name\":\"Carlo Barni: da 20 mq a Re d\u2019Italia degli elettrodomestici\"}]},{\"@type\":\"WebSite\",\"@id\":\"https:\\\/\\\/www.bellunopress.it\\\/#website\",\"url\":\"https:\\\/\\\/www.bellunopress.it\\\/\",\"name\":\"Bellunopress - Dolomiti\",\"description\":\"e-mail: redazione@bellunopress.it\",\"publisher\":{\"@id\":\"https:\\\/\\\/www.bellunopress.it\\\/#organization\"},\"potentialAction\":[{\"@type\":\"SearchAction\",\"target\":{\"@type\":\"EntryPoint\",\"urlTemplate\":\"https:\\\/\\\/www.bellunopress.it\\\/?s={search_term_string}\"},\"query-input\":{\"@type\":\"PropertyValueSpecification\",\"valueRequired\":true,\"valueName\":\"search_term_string\"}}],\"inLanguage\":\"fr-FR\"},{\"@type\":\"Organization\",\"@id\":\"https:\\\/\\\/www.bellunopress.it\\\/#organization\",\"name\":\"Bellunopress\",\"url\":\"https:\\\/\\\/www.bellunopress.it\\\/\",\"logo\":{\"@type\":\"ImageObject\",\"inLanguage\":\"fr-FR\",\"@id\":\"https:\\\/\\\/www.bellunopress.it\\\/#\\\/schema\\\/logo\\\/image\\\/\",\"url\":\"https:\\\/\\\/www.bellunopress.it\\\/wp-content\\\/uploads\\\/2011\\\/05\\\/cropped-logo-bellunopress-.jpg\",\"contentUrl\":\"https:\\\/\\\/www.bellunopress.it\\\/wp-content\\\/uploads\\\/2011\\\/05\\\/cropped-logo-bellunopress-.jpg\",\"width\":512,\"height\":512,\"caption\":\"Bellunopress\"},\"image\":{\"@id\":\"https:\\\/\\\/www.bellunopress.it\\\/#\\\/schema\\\/logo\\\/image\\\/\"},\"sameAs\":[\"https:\\\/\\\/www.facebook.com\\\/profile.php?id=100008943462799\",\"https:\\\/\\\/x.com\\\/bellunopress\",\"https:\\\/\\\/www.linkedin.com\\\/hp\\\/?dnr=JBzUWaJfMUw8vbXJJ2tVW5-I3jZKvC4wsoxE&amp;amp;amp;amp;amp;amp;trk=nav_responsive_tab_home\",\"https:\\\/\\\/www.youtube.com\\\/channel\\\/UCxL0wu1uN0_3_7hGG0306cw\"]},{\"@type\":\"Person\",\"@id\":\"https:\\\/\\\/www.bellunopress.it\\\/#\\\/schema\\\/person\\\/79bb06722b37ece1c03d3e94beb30d73\",\"name\":\"redazione\",\"image\":{\"@type\":\"ImageObject\",\"inLanguage\":\"fr-FR\",\"@id\":\"https:\\\/\\\/secure.gravatar.com\\\/avatar\\\/37d968a2e67a6fd04c169c4bdef102d0bc5d31b2546345219e348575eb80e9a0?s=96&d=mm&r=g\",\"url\":\"https:\\\/\\\/secure.gravatar.com\\\/avatar\\\/37d968a2e67a6fd04c169c4bdef102d0bc5d31b2546345219e348575eb80e9a0?s=96&d=mm&r=g\",\"contentUrl\":\"https:\\\/\\\/secure.gravatar.com\\\/avatar\\\/37d968a2e67a6fd04c169c4bdef102d0bc5d31b2546345219e348575eb80e9a0?s=96&d=mm&r=g\",\"caption\":\"redazione\"},\"sameAs\":[\"http:\\\/\\\/www.bellunopress.it\",\"https:\\\/\\\/x.com\\\/bellunopress\"],\"url\":\"https:\\\/\\\/www.bellunopress.it\\\/fr\\\/author\\\/redazione\\\/\"}]}<\/script>\n<!-- \/ Yoast SEO plugin. -->","yoast_head_json":{"title":"Carlo Barni: da 20 mq a Re d\u2019Italia degli elettrodomestici - Bellunopress - Dolomiti","robots":{"index":"index","follow":"follow","max-snippet":"max-snippet:-1","max-image-preview":"max-image-preview:large","max-video-preview":"max-video-preview:-1"},"canonical":"https:\/\/www.bellunopress.it\/fr\/2025\/09\/26\/carlo-barni-da-20-mq-a-re-ditalia-degli-elettrodomestici\/","og_locale":"fr_FR","og_type":"article","og_title":"Carlo Barni: da 20 mq a Re d\u2019Italia degli elettrodomestici - Bellunopress - Dolomiti","og_description":"Cento candeline per il Cavaliere della Repubblica che ha acceso le case degli italiani Nato a Inveruno (Milano), apre una bottega sotto i portici di Busto Garolfo: una vita tra conti sul tavolo di cucina, clienti da ascoltare e partner da rispettare. Seriet\u00e0, concretezza e una visione che negli anni \u201980 sped\u00ec i figli in [&hellip;]","og_url":"https:\/\/www.bellunopress.it\/fr\/2025\/09\/26\/carlo-barni-da-20-mq-a-re-ditalia-degli-elettrodomestici\/","og_site_name":"Bellunopress - Dolomiti","article_publisher":"https:\/\/www.facebook.com\/profile.php?id=100008943462799","article_published_time":"2025-09-26T07:24:43+00:00","og_image":[{"width":800,"height":450,"url":"https:\/\/www.bellunopress.it\/wp-content\/uploads\/2025\/09\/Carlo-Barni-1953-primo_mezzo_aziendale_edited.jpg","type":"image\/jpeg"}],"author":"redazione","twitter_card":"summary_large_image","twitter_creator":"@bellunopress","twitter_site":"@bellunopress","twitter_misc":{"\u00c9crit par":"redazione","Dur\u00e9e de lecture estim\u00e9e":"7 minutes"},"schema":{"@context":"https:\/\/schema.org","@graph":[{"@type":"Article","@id":"https:\/\/www.bellunopress.it\/2025\/09\/26\/carlo-barni-da-20-mq-a-re-ditalia-degli-elettrodomestici\/#article","isPartOf":{"@id":"https:\/\/www.bellunopress.it\/2025\/09\/26\/carlo-barni-da-20-mq-a-re-ditalia-degli-elettrodomestici\/"},"author":{"name":"redazione","@id":"https:\/\/www.bellunopress.it\/#\/schema\/person\/79bb06722b37ece1c03d3e94beb30d73"},"headline":"Carlo Barni: da 20 mq a Re d\u2019Italia degli elettrodomestici","datePublished":"2025-09-26T07:24:43+00:00","mainEntityOfPage":{"@id":"https:\/\/www.bellunopress.it\/2025\/09\/26\/carlo-barni-da-20-mq-a-re-ditalia-degli-elettrodomestici\/"},"wordCount":1443,"publisher":{"@id":"https:\/\/www.bellunopress.it\/#organization"},"image":{"@id":"https:\/\/www.bellunopress.it\/2025\/09\/26\/carlo-barni-da-20-mq-a-re-ditalia-degli-elettrodomestici\/#primaryimage"},"thumbnailUrl":"https:\/\/www.bellunopress.it\/wp-content\/uploads\/2025\/09\/Carlo-Barni-1953-primo_mezzo_aziendale_edited.jpg","articleSection":["Lavoro, Economia, Turismo","Prima Pagina"],"inLanguage":"fr-FR"},{"@type":"WebPage","@id":"https:\/\/www.bellunopress.it\/2025\/09\/26\/carlo-barni-da-20-mq-a-re-ditalia-degli-elettrodomestici\/","url":"https:\/\/www.bellunopress.it\/2025\/09\/26\/carlo-barni-da-20-mq-a-re-ditalia-degli-elettrodomestici\/","name":"Carlo Barni: da 20 mq a Re d\u2019Italia degli elettrodomestici - Bellunopress - Dolomiti","isPartOf":{"@id":"https:\/\/www.bellunopress.it\/#website"},"primaryImageOfPage":{"@id":"https:\/\/www.bellunopress.it\/2025\/09\/26\/carlo-barni-da-20-mq-a-re-ditalia-degli-elettrodomestici\/#primaryimage"},"image":{"@id":"https:\/\/www.bellunopress.it\/2025\/09\/26\/carlo-barni-da-20-mq-a-re-ditalia-degli-elettrodomestici\/#primaryimage"},"thumbnailUrl":"https:\/\/www.bellunopress.it\/wp-content\/uploads\/2025\/09\/Carlo-Barni-1953-primo_mezzo_aziendale_edited.jpg","datePublished":"2025-09-26T07:24:43+00:00","breadcrumb":{"@id":"https:\/\/www.bellunopress.it\/2025\/09\/26\/carlo-barni-da-20-mq-a-re-ditalia-degli-elettrodomestici\/#breadcrumb"},"inLanguage":"fr-FR","potentialAction":[{"@type":"ReadAction","target":["https:\/\/www.bellunopress.it\/2025\/09\/26\/carlo-barni-da-20-mq-a-re-ditalia-degli-elettrodomestici\/"]}]},{"@type":"ImageObject","inLanguage":"fr-FR","@id":"https:\/\/www.bellunopress.it\/2025\/09\/26\/carlo-barni-da-20-mq-a-re-ditalia-degli-elettrodomestici\/#primaryimage","url":"https:\/\/www.bellunopress.it\/wp-content\/uploads\/2025\/09\/Carlo-Barni-1953-primo_mezzo_aziendale_edited.jpg","contentUrl":"https:\/\/www.bellunopress.it\/wp-content\/uploads\/2025\/09\/Carlo-Barni-1953-primo_mezzo_aziendale_edited.jpg","width":800,"height":450,"caption":"Carlo Barni: 1953 primo mezzo aziendale"},{"@type":"BreadcrumbList","@id":"https:\/\/www.bellunopress.it\/2025\/09\/26\/carlo-barni-da-20-mq-a-re-ditalia-degli-elettrodomestici\/#breadcrumb","itemListElement":[{"@type":"ListItem","position":1,"name":"Home","item":"https:\/\/www.bellunopress.it\/"},{"@type":"ListItem","position":2,"name":"Carlo Barni: da 20 mq a Re d\u2019Italia degli elettrodomestici"}]},{"@type":"WebSite","@id":"https:\/\/www.bellunopress.it\/#website","url":"https:\/\/www.bellunopress.it\/","name":"Bellunopress - Dolomiti","description":"e-mail: redazione@bellunopress.it","publisher":{"@id":"https:\/\/www.bellunopress.it\/#organization"},"potentialAction":[{"@type":"SearchAction","target":{"@type":"EntryPoint","urlTemplate":"https:\/\/www.bellunopress.it\/?s={search_term_string}"},"query-input":{"@type":"PropertyValueSpecification","valueRequired":true,"valueName":"search_term_string"}}],"inLanguage":"fr-FR"},{"@type":"Organization","@id":"https:\/\/www.bellunopress.it\/#organization","name":"Bellunopress","url":"https:\/\/www.bellunopress.it\/","logo":{"@type":"ImageObject","inLanguage":"fr-FR","@id":"https:\/\/www.bellunopress.it\/#\/schema\/logo\/image\/","url":"https:\/\/www.bellunopress.it\/wp-content\/uploads\/2011\/05\/cropped-logo-bellunopress-.jpg","contentUrl":"https:\/\/www.bellunopress.it\/wp-content\/uploads\/2011\/05\/cropped-logo-bellunopress-.jpg","width":512,"height":512,"caption":"Bellunopress"},"image":{"@id":"https:\/\/www.bellunopress.it\/#\/schema\/logo\/image\/"},"sameAs":["https:\/\/www.facebook.com\/profile.php?id=100008943462799","https:\/\/x.com\/bellunopress","https:\/\/www.linkedin.com\/hp\/?dnr=JBzUWaJfMUw8vbXJJ2tVW5-I3jZKvC4wsoxE&amp;amp;amp;amp;amp;amp;trk=nav_responsive_tab_home","https:\/\/www.youtube.com\/channel\/UCxL0wu1uN0_3_7hGG0306cw"]},{"@type":"Person","@id":"https:\/\/www.bellunopress.it\/#\/schema\/person\/79bb06722b37ece1c03d3e94beb30d73","name":"r\u00e9daction","image":{"@type":"ImageObject","inLanguage":"fr-FR","@id":"https:\/\/secure.gravatar.com\/avatar\/37d968a2e67a6fd04c169c4bdef102d0bc5d31b2546345219e348575eb80e9a0?s=96&d=mm&r=g","url":"https:\/\/secure.gravatar.com\/avatar\/37d968a2e67a6fd04c169c4bdef102d0bc5d31b2546345219e348575eb80e9a0?s=96&d=mm&r=g","contentUrl":"https:\/\/secure.gravatar.com\/avatar\/37d968a2e67a6fd04c169c4bdef102d0bc5d31b2546345219e348575eb80e9a0?s=96&d=mm&r=g","caption":"redazione"},"sameAs":["http:\/\/www.bellunopress.it","https:\/\/x.com\/bellunopress"],"url":"https:\/\/www.bellunopress.it\/fr\/author\/redazione\/"}]}},"_links":{"self":[{"href":"https:\/\/www.bellunopress.it\/fr\/wp-json\/wp\/v2\/posts\/163628","targetHints":{"allow":["GET"]}}],"collection":[{"href":"https:\/\/www.bellunopress.it\/fr\/wp-json\/wp\/v2\/posts"}],"about":[{"href":"https:\/\/www.bellunopress.it\/fr\/wp-json\/wp\/v2\/types\/post"}],"author":[{"embeddable":true,"href":"https:\/\/www.bellunopress.it\/fr\/wp-json\/wp\/v2\/users\/2"}],"replies":[{"embeddable":true,"href":"https:\/\/www.bellunopress.it\/fr\/wp-json\/wp\/v2\/comments?post=163628"}],"version-history":[{"count":1,"href":"https:\/\/www.bellunopress.it\/fr\/wp-json\/wp\/v2\/posts\/163628\/revisions"}],"predecessor-version":[{"id":163631,"href":"https:\/\/www.bellunopress.it\/fr\/wp-json\/wp\/v2\/posts\/163628\/revisions\/163631"}],"wp:featuredmedia":[{"embeddable":true,"href":"https:\/\/www.bellunopress.it\/fr\/wp-json\/wp\/v2\/media\/163629"}],"wp:attachment":[{"href":"https:\/\/www.bellunopress.it\/fr\/wp-json\/wp\/v2\/media?parent=163628"}],"wp:term":[{"taxonomy":"category","embeddable":true,"href":"https:\/\/www.bellunopress.it\/fr\/wp-json\/wp\/v2\/categories?post=163628"},{"taxonomy":"post_tag","embeddable":true,"href":"https:\/\/www.bellunopress.it\/fr\/wp-json\/wp\/v2\/tags?post=163628"}],"curies":[{"name":"wp","href":"https:\/\/api.w.org\/{rel}","templated":true}]}}