{"id":163622,"date":"2025-09-26T08:33:16","date_gmt":"2025-09-26T06:33:16","guid":{"rendered":"https:\/\/www.bellunopress.it\/?p=163622"},"modified":"2025-09-26T08:33:16","modified_gmt":"2025-09-26T06:33:16","slug":"dolomiti-bellunesi-non-basta-un-gran-primo-tempo","status":"publish","type":"post","link":"https:\/\/www.bellunopress.it\/fr\/2025\/09\/26\/dolomiti-bellunesi-non-basta-un-gran-primo-tempo\/","title":{"rendered":"Dolomiti Bellunesi: non basta un gran primo tempo"},"content":{"rendered":"<figure id=\"attachment_163623\" aria-describedby=\"caption-attachment-163623\" style=\"width: 800px\" class=\"wp-caption aligncenter\"><img loading=\"lazy\" decoding=\"async\" class=\"size-full wp-image-163623\" src=\"https:\/\/www.bellunopress.it\/wp-content\/uploads\/2025\/09\/Dolomiti-Bellunesi-calcio-Zanini_e_Gallo.jpg\" alt=\"\" width=\"800\" height=\"534\" srcset=\"https:\/\/www.bellunopress.it\/wp-content\/uploads\/2025\/09\/Dolomiti-Bellunesi-calcio-Zanini_e_Gallo.jpg 800w, https:\/\/www.bellunopress.it\/wp-content\/uploads\/2025\/09\/Dolomiti-Bellunesi-calcio-Zanini_e_Gallo-500x334.jpg 500w, https:\/\/www.bellunopress.it\/wp-content\/uploads\/2025\/09\/Dolomiti-Bellunesi-calcio-Zanini_e_Gallo-629x420.jpg 629w, https:\/\/www.bellunopress.it\/wp-content\/uploads\/2025\/09\/Dolomiti-Bellunesi-calcio-Zanini_e_Gallo-696x465.jpg 696w\" sizes=\"auto, (max-width: 800px) 100vw, 800px\" \/><figcaption id=\"caption-attachment-163623\" class=\"wp-caption-text\">Dolomiti Bellunesi calcio:Zanini e Gallo (Foto: Giuseppe De Zanet)<\/figcaption><\/figure>\n<p><strong>Sesta giornata di campionato: met\u00e0 gara da incorniciare, ma la capolista la spunta<\/strong><\/p>\n<p>DOLOMITI BELLUNESI-LR VICENZA 1-2<\/p>\n<p>GOL: pt 9&#8242; Alcides, 47&#8242; Rauti; st 19&#8242; Rauti.<\/p>\n<p>DOLOMITI BELLUNESI: Consiglio; Mondonico, Milesi, Gobetti; Alcides, Mutanda (st 40&#8242; Masut), Burrai (st 26&#8242; Clemenza), Mignanelli (st 40&#8242; Piazza); Saccani (st 14&#8242; Brugnolo), De Paoli (st 26&#8242; Marconi); Olonisakin (in panchina: Abati, Barbini, Casanova, Tavanti). Allenatore: N. Zanini.<\/p>\n<p>LR VICENZA: Gagno; Cuomo, Leverbe, Benassai; Caferri, Pellizzari (st 38&#8242; Vitale), Carraro, Rada (st 31&#8242; Cavion), Sandon; Rauti (st 24&#8242; Morra), Capello (st 38&#8242; Capello) (in panchina: Basso, Massolo, Stuckler, Golin, Tribuzzi, Cester, Costa, Vescovi, Talarico, Fantoni). Allenatore: F. Gallo.<\/p>\n<p>ARBITRO: Fabrizio Ramondino di Palermo (assistenti: Luca Bernasso di Milano e Usman Ghani Arshad di Bergamo; quarto ufficiale: Andrea Mazzer di Conegliano; operatore FVS: Mateo Sadikaj di Mestre).<\/p>\n<p>NOTE. Spettatori: 2400 circa. Angoli: 6-4. Ammoniti: mister Gallo, Olonisakin, Rada, Pellizzari. Recupero: pt 2&#8242;; st 5&#8242;.<\/p>\n<p>Seconda sconfitta in campionato per la Dolomiti Bellunesi: la prima maturata allo stadio &#8220;Omero Tognon&#8221; di Fontanafredda, dove finora il gruppo di Zanini aveva ottenuto un punto sia col Novara, sia con l&#8217;Alcione Milano. Ma \u00e8 un passivo che deve aumentare la fiducia, perch\u00e9 prende forma al cospetto di una squadra che non ha solo storia, tradizione e ambizione. Ha pure un radioso presente da capolista di un girone A di Serie C a forti tinte biancorosse: il Vicenza, infatti, confeziona la quinta vittoria in sei partite e continua a pedalare in vetta alla graduatoria. Di fronte al pubblico delle grandi occasioni, i dolomitici hanno il merito di giocare alla pari, e forse anche meglio, per met\u00e0 gara. Proprio qui risiede il principale motivo di rammarico: perch\u00e9 Burrai e compagni avrebbero meritato di arrivare all&#8217;intervallo in vantaggio. E invece, l&#8217;1-1 di Rauti, a livellare la rete di Alcides, si materializza allo scadere del secondo minuto di recupero. Si va oltre, comunque. Giusto il tempo di archiviare il turno infrasettimanale e poi bisogner\u00e0 subito riconnettersi sulle frequenze di un campionato che non concede pause. Perch\u00e9 domenica 28 settembre (ore 17.30), bisogner\u00e0 raggiungere Crema per affrontare la Pergolettese.<\/p>\n<p>PARTENZA LANCIATA &#8211; Mister Zanini, in avvio, vara un fluido 3-4-2-1, in cui Saccani e De Paoli, al debutto da titolare in C, hanno il compito di ispirare l&#8217;unica punta: Olonisakin. Dopo lo stop per squalifica, invece, Milesi riprende il suo posto nel cuore della retroguardia. E, in mediana, c&#8217;\u00e8 subito spazio per Mutanda, al fianco di Burrai, con Alcides e Mignanelli sulle fasce, mentre partono dalla panchina Brugnolo e il protagonista del derby di Verona: Clemenza. Il primo pericolo lo crea proprio la Dolomiti Bellunesi: al 4&#8242;, la retroguardia vicentina respinge corto un cross di Mignanelli, arriva di gran carriera Mutanda, ma la sua sventola termina sull&#8217;esterno della rete. E l&#8217;epilogo \u00e8 lo stesso per Caferri. Al 9&#8242;, per\u00f2, passano i dolomitici: Olonisakin scappa sulla sinistra e mette in mezzo una palla al bacio su cui si avventa Alcides, puntuale all&#8217;appuntamento col primo centro nel professionismo. E Taiwo veste ancora i panni di assist man per servire Saccani, che non inquadra la porta per questione di centimetri. Poi, poco oltre la mezz&#8217;ora, Mignanelli col destro impegna Gagno in tuffo. E Saccani, in contropiede, provoca un altro brivido alla capolista. Insomma, c&#8217;\u00e8 tanta, tanta Dolomiti. Ma la beffa \u00e8 dietro l&#8217;angolo, perch\u00e9 Rauti, dopo un minuto e mezzo di recupero, insacca l&#8217;1-1.<\/p>\n<p>LA CAPOLISTA ACCELERA &#8211; Nella ripresa, ha subito un gran lavoro Consiglio, bravissimo a respingere prima su Caferri, quindi su Sandon. Il Vicenza preme forte e recrimina per la mancata concessione di un penalty, in seguito all&#8217;intervento di Consiglio su Rauti. Solo che l&#8217;azione era viziata da un fuorigioco. E Consiglio \u00e8 di nuovo protagonista su Rauti: una parata super, a inchiodare la palla sulla linea. Nel mezzo, Mutanda scheggia il palo a botta sicura, su assist di De Paoli. Ma la rete biancorossa non tarda ad arrivare. La firma? Sempre la stessa: Nicola Rauti. Il match winner. Per l&#8217;ennesima volta.<\/p>","protected":false},"excerpt":{"rendered":"<p>Sesta giornata di campionato: met\u00e0 gara da incorniciare, ma la capolista la spunta DOLOMITI BELLUNESI-LR VICENZA 1-2 GOL: pt 9&#8242; Alcides, 47&#8242; Rauti; st 19&#8242; Rauti. DOLOMITI BELLUNESI: Consiglio; Mondonico, Milesi, Gobetti; Alcides, Mutanda (st 40&#8242; Masut), Burrai (st 26&#8242; Clemenza), Mignanelli (st 40&#8242; Piazza); Saccani (st 14&#8242; Brugnolo), De Paoli (st 26&#8242; Marconi); Olonisakin [&hellip;]<\/p>\n","protected":false},"author":2,"featured_media":163623,"comment_status":"closed","ping_status":"open","sticky":false,"template":"","format":"standard","meta":{"footnotes":""},"categories":[26,4],"tags":[],"class_list":["post-163622","post","type-post","status-publish","format-standard","has-post-thumbnail","category-prima-pagina","category-sport"],"yoast_head":"<!-- This site is optimized with the Yoast SEO plugin v28.4 - https:\/\/yoast.com\/product\/yoast-seo-wordpress\/ -->\n<title>Dolomiti Bellunesi: non basta un gran primo tempo - Bellunopress - Dolomiti<\/title>\n<meta name=\"robots\" content=\"index, follow, max-snippet:-1, max-image-preview:large, max-video-preview:-1\" \/>\n<link rel=\"canonical\" href=\"https:\/\/www.bellunopress.it\/fr\/2025\/09\/26\/dolomiti-bellunesi-non-basta-un-gran-primo-tempo\/\" \/>\n<meta property=\"og:locale\" content=\"fr_FR\" \/>\n<meta property=\"og:type\" content=\"article\" \/>\n<meta property=\"og:title\" content=\"Dolomiti Bellunesi: non basta un gran primo tempo - Bellunopress - Dolomiti\" \/>\n<meta property=\"og:description\" content=\"Sesta giornata di campionato: met\u00e0 gara da incorniciare, ma la capolista la spunta DOLOMITI BELLUNESI-LR VICENZA 1-2 GOL: pt 9&#8242; Alcides, 47&#8242; Rauti; st 19&#8242; Rauti. DOLOMITI BELLUNESI: Consiglio; Mondonico, Milesi, Gobetti; Alcides, Mutanda (st 40&#8242; Masut), Burrai (st 26&#8242; Clemenza), Mignanelli (st 40&#8242; Piazza); Saccani (st 14&#8242; Brugnolo), De Paoli (st 26&#8242; Marconi); Olonisakin [&hellip;]\" \/>\n<meta property=\"og:url\" content=\"https:\/\/www.bellunopress.it\/fr\/2025\/09\/26\/dolomiti-bellunesi-non-basta-un-gran-primo-tempo\/\" \/>\n<meta property=\"og:site_name\" content=\"Bellunopress - Dolomiti\" \/>\n<meta property=\"article:publisher\" content=\"https:\/\/www.facebook.com\/profile.php?id=100008943462799\" \/>\n<meta property=\"article:published_time\" content=\"2025-09-26T06:33:16+00:00\" \/>\n<meta property=\"og:image\" content=\"https:\/\/www.bellunopress.it\/wp-content\/uploads\/2025\/09\/Dolomiti-Bellunesi-calcio-Zanini_e_Gallo.jpg\" \/>\n\t<meta property=\"og:image:width\" content=\"800\" \/>\n\t<meta property=\"og:image:height\" content=\"534\" \/>\n\t<meta property=\"og:image:type\" content=\"image\/jpeg\" \/>\n<meta name=\"author\" content=\"redazione\" \/>\n<meta name=\"twitter:card\" content=\"summary_large_image\" \/>\n<meta name=\"twitter:creator\" content=\"@bellunopress\" \/>\n<meta name=\"twitter:site\" content=\"@bellunopress\" \/>\n<meta name=\"twitter:label1\" content=\"\u00c9crit par\" \/>\n\t<meta name=\"twitter:data1\" content=\"redazione\" \/>\n\t<meta name=\"twitter:label2\" content=\"Dur\u00e9e de lecture estim\u00e9e\" \/>\n\t<meta name=\"twitter:data2\" content=\"3 minutes\" \/>\n<script type=\"application\/ld+json\" class=\"yoast-schema-graph\">{\"@context\":\"https:\\\/\\\/schema.org\",\"@graph\":[{\"@type\":\"Article\",\"@id\":\"https:\\\/\\\/www.bellunopress.it\\\/2025\\\/09\\\/26\\\/dolomiti-bellunesi-non-basta-un-gran-primo-tempo\\\/#article\",\"isPartOf\":{\"@id\":\"https:\\\/\\\/www.bellunopress.it\\\/2025\\\/09\\\/26\\\/dolomiti-bellunesi-non-basta-un-gran-primo-tempo\\\/\"},\"author\":{\"name\":\"redazione\",\"@id\":\"https:\\\/\\\/www.bellunopress.it\\\/#\\\/schema\\\/person\\\/79bb06722b37ece1c03d3e94beb30d73\"},\"headline\":\"Dolomiti Bellunesi: non basta un gran primo tempo\",\"datePublished\":\"2025-09-26T06:33:16+00:00\",\"mainEntityOfPage\":{\"@id\":\"https:\\\/\\\/www.bellunopress.it\\\/2025\\\/09\\\/26\\\/dolomiti-bellunesi-non-basta-un-gran-primo-tempo\\\/\"},\"wordCount\":675,\"publisher\":{\"@id\":\"https:\\\/\\\/www.bellunopress.it\\\/#organization\"},\"image\":{\"@id\":\"https:\\\/\\\/www.bellunopress.it\\\/2025\\\/09\\\/26\\\/dolomiti-bellunesi-non-basta-un-gran-primo-tempo\\\/#primaryimage\"},\"thumbnailUrl\":\"https:\\\/\\\/www.bellunopress.it\\\/wp-content\\\/uploads\\\/2025\\\/09\\\/Dolomiti-Bellunesi-calcio-Zanini_e_Gallo.jpg\",\"articleSection\":[\"Prima Pagina\",\"Sport, tempo libero\"],\"inLanguage\":\"fr-FR\"},{\"@type\":\"WebPage\",\"@id\":\"https:\\\/\\\/www.bellunopress.it\\\/2025\\\/09\\\/26\\\/dolomiti-bellunesi-non-basta-un-gran-primo-tempo\\\/\",\"url\":\"https:\\\/\\\/www.bellunopress.it\\\/2025\\\/09\\\/26\\\/dolomiti-bellunesi-non-basta-un-gran-primo-tempo\\\/\",\"name\":\"Dolomiti Bellunesi: non basta un gran primo tempo - Bellunopress - Dolomiti\",\"isPartOf\":{\"@id\":\"https:\\\/\\\/www.bellunopress.it\\\/#website\"},\"primaryImageOfPage\":{\"@id\":\"https:\\\/\\\/www.bellunopress.it\\\/2025\\\/09\\\/26\\\/dolomiti-bellunesi-non-basta-un-gran-primo-tempo\\\/#primaryimage\"},\"image\":{\"@id\":\"https:\\\/\\\/www.bellunopress.it\\\/2025\\\/09\\\/26\\\/dolomiti-bellunesi-non-basta-un-gran-primo-tempo\\\/#primaryimage\"},\"thumbnailUrl\":\"https:\\\/\\\/www.bellunopress.it\\\/wp-content\\\/uploads\\\/2025\\\/09\\\/Dolomiti-Bellunesi-calcio-Zanini_e_Gallo.jpg\",\"datePublished\":\"2025-09-26T06:33:16+00:00\",\"breadcrumb\":{\"@id\":\"https:\\\/\\\/www.bellunopress.it\\\/2025\\\/09\\\/26\\\/dolomiti-bellunesi-non-basta-un-gran-primo-tempo\\\/#breadcrumb\"},\"inLanguage\":\"fr-FR\",\"potentialAction\":[{\"@type\":\"ReadAction\",\"target\":[\"https:\\\/\\\/www.bellunopress.it\\\/2025\\\/09\\\/26\\\/dolomiti-bellunesi-non-basta-un-gran-primo-tempo\\\/\"]}]},{\"@type\":\"ImageObject\",\"inLanguage\":\"fr-FR\",\"@id\":\"https:\\\/\\\/www.bellunopress.it\\\/2025\\\/09\\\/26\\\/dolomiti-bellunesi-non-basta-un-gran-primo-tempo\\\/#primaryimage\",\"url\":\"https:\\\/\\\/www.bellunopress.it\\\/wp-content\\\/uploads\\\/2025\\\/09\\\/Dolomiti-Bellunesi-calcio-Zanini_e_Gallo.jpg\",\"contentUrl\":\"https:\\\/\\\/www.bellunopress.it\\\/wp-content\\\/uploads\\\/2025\\\/09\\\/Dolomiti-Bellunesi-calcio-Zanini_e_Gallo.jpg\",\"width\":800,\"height\":534,\"caption\":\"Dolomiti Bellunesi calcio:Zanini e Gallo (Foto: Giuseppe De Zanet)\"},{\"@type\":\"BreadcrumbList\",\"@id\":\"https:\\\/\\\/www.bellunopress.it\\\/2025\\\/09\\\/26\\\/dolomiti-bellunesi-non-basta-un-gran-primo-tempo\\\/#breadcrumb\",\"itemListElement\":[{\"@type\":\"ListItem\",\"position\":1,\"name\":\"Home\",\"item\":\"https:\\\/\\\/www.bellunopress.it\\\/\"},{\"@type\":\"ListItem\",\"position\":2,\"name\":\"Dolomiti Bellunesi: non basta un gran primo tempo\"}]},{\"@type\":\"WebSite\",\"@id\":\"https:\\\/\\\/www.bellunopress.it\\\/#website\",\"url\":\"https:\\\/\\\/www.bellunopress.it\\\/\",\"name\":\"Bellunopress - Dolomiti\",\"description\":\"e-mail: redazione@bellunopress.it\",\"publisher\":{\"@id\":\"https:\\\/\\\/www.bellunopress.it\\\/#organization\"},\"potentialAction\":[{\"@type\":\"SearchAction\",\"target\":{\"@type\":\"EntryPoint\",\"urlTemplate\":\"https:\\\/\\\/www.bellunopress.it\\\/?s={search_term_string}\"},\"query-input\":{\"@type\":\"PropertyValueSpecification\",\"valueRequired\":true,\"valueName\":\"search_term_string\"}}],\"inLanguage\":\"fr-FR\"},{\"@type\":\"Organization\",\"@id\":\"https:\\\/\\\/www.bellunopress.it\\\/#organization\",\"name\":\"Bellunopress\",\"url\":\"https:\\\/\\\/www.bellunopress.it\\\/\",\"logo\":{\"@type\":\"ImageObject\",\"inLanguage\":\"fr-FR\",\"@id\":\"https:\\\/\\\/www.bellunopress.it\\\/#\\\/schema\\\/logo\\\/image\\\/\",\"url\":\"https:\\\/\\\/www.bellunopress.it\\\/wp-content\\\/uploads\\\/2011\\\/05\\\/cropped-logo-bellunopress-.jpg\",\"contentUrl\":\"https:\\\/\\\/www.bellunopress.it\\\/wp-content\\\/uploads\\\/2011\\\/05\\\/cropped-logo-bellunopress-.jpg\",\"width\":512,\"height\":512,\"caption\":\"Bellunopress\"},\"image\":{\"@id\":\"https:\\\/\\\/www.bellunopress.it\\\/#\\\/schema\\\/logo\\\/image\\\/\"},\"sameAs\":[\"https:\\\/\\\/www.facebook.com\\\/profile.php?id=100008943462799\",\"https:\\\/\\\/x.com\\\/bellunopress\",\"https:\\\/\\\/www.linkedin.com\\\/hp\\\/?dnr=JBzUWaJfMUw8vbXJJ2tVW5-I3jZKvC4wsoxE&amp;amp;amp;amp;amp;amp;trk=nav_responsive_tab_home\",\"https:\\\/\\\/www.youtube.com\\\/channel\\\/UCxL0wu1uN0_3_7hGG0306cw\"]},{\"@type\":\"Person\",\"@id\":\"https:\\\/\\\/www.bellunopress.it\\\/#\\\/schema\\\/person\\\/79bb06722b37ece1c03d3e94beb30d73\",\"name\":\"redazione\",\"image\":{\"@type\":\"ImageObject\",\"inLanguage\":\"fr-FR\",\"@id\":\"https:\\\/\\\/secure.gravatar.com\\\/avatar\\\/37d968a2e67a6fd04c169c4bdef102d0bc5d31b2546345219e348575eb80e9a0?s=96&d=mm&r=g\",\"url\":\"https:\\\/\\\/secure.gravatar.com\\\/avatar\\\/37d968a2e67a6fd04c169c4bdef102d0bc5d31b2546345219e348575eb80e9a0?s=96&d=mm&r=g\",\"contentUrl\":\"https:\\\/\\\/secure.gravatar.com\\\/avatar\\\/37d968a2e67a6fd04c169c4bdef102d0bc5d31b2546345219e348575eb80e9a0?s=96&d=mm&r=g\",\"caption\":\"redazione\"},\"sameAs\":[\"http:\\\/\\\/www.bellunopress.it\",\"https:\\\/\\\/x.com\\\/bellunopress\"],\"url\":\"https:\\\/\\\/www.bellunopress.it\\\/fr\\\/author\\\/redazione\\\/\"}]}<\/script>\n<!-- \/ Yoast SEO plugin. -->","yoast_head_json":{"title":"Dolomiti Bellunesi: non basta un gran primo tempo - Bellunopress - Dolomiti","robots":{"index":"index","follow":"follow","max-snippet":"max-snippet:-1","max-image-preview":"max-image-preview:large","max-video-preview":"max-video-preview:-1"},"canonical":"https:\/\/www.bellunopress.it\/fr\/2025\/09\/26\/dolomiti-bellunesi-non-basta-un-gran-primo-tempo\/","og_locale":"fr_FR","og_type":"article","og_title":"Dolomiti Bellunesi: non basta un gran primo tempo - Bellunopress - Dolomiti","og_description":"Sesta giornata di campionato: met\u00e0 gara da incorniciare, ma la capolista la spunta DOLOMITI BELLUNESI-LR VICENZA 1-2 GOL: pt 9&#8242; Alcides, 47&#8242; Rauti; st 19&#8242; Rauti. DOLOMITI BELLUNESI: Consiglio; Mondonico, Milesi, Gobetti; Alcides, Mutanda (st 40&#8242; Masut), Burrai (st 26&#8242; Clemenza), Mignanelli (st 40&#8242; Piazza); Saccani (st 14&#8242; Brugnolo), De Paoli (st 26&#8242; Marconi); Olonisakin [&hellip;]","og_url":"https:\/\/www.bellunopress.it\/fr\/2025\/09\/26\/dolomiti-bellunesi-non-basta-un-gran-primo-tempo\/","og_site_name":"Bellunopress - Dolomiti","article_publisher":"https:\/\/www.facebook.com\/profile.php?id=100008943462799","article_published_time":"2025-09-26T06:33:16+00:00","og_image":[{"width":800,"height":534,"url":"https:\/\/www.bellunopress.it\/wp-content\/uploads\/2025\/09\/Dolomiti-Bellunesi-calcio-Zanini_e_Gallo.jpg","type":"image\/jpeg"}],"author":"redazione","twitter_card":"summary_large_image","twitter_creator":"@bellunopress","twitter_site":"@bellunopress","twitter_misc":{"\u00c9crit par":"redazione","Dur\u00e9e de lecture estim\u00e9e":"3 minutes"},"schema":{"@context":"https:\/\/schema.org","@graph":[{"@type":"Article","@id":"https:\/\/www.bellunopress.it\/2025\/09\/26\/dolomiti-bellunesi-non-basta-un-gran-primo-tempo\/#article","isPartOf":{"@id":"https:\/\/www.bellunopress.it\/2025\/09\/26\/dolomiti-bellunesi-non-basta-un-gran-primo-tempo\/"},"author":{"name":"redazione","@id":"https:\/\/www.bellunopress.it\/#\/schema\/person\/79bb06722b37ece1c03d3e94beb30d73"},"headline":"Dolomiti Bellunesi: non basta un gran primo tempo","datePublished":"2025-09-26T06:33:16+00:00","mainEntityOfPage":{"@id":"https:\/\/www.bellunopress.it\/2025\/09\/26\/dolomiti-bellunesi-non-basta-un-gran-primo-tempo\/"},"wordCount":675,"publisher":{"@id":"https:\/\/www.bellunopress.it\/#organization"},"image":{"@id":"https:\/\/www.bellunopress.it\/2025\/09\/26\/dolomiti-bellunesi-non-basta-un-gran-primo-tempo\/#primaryimage"},"thumbnailUrl":"https:\/\/www.bellunopress.it\/wp-content\/uploads\/2025\/09\/Dolomiti-Bellunesi-calcio-Zanini_e_Gallo.jpg","articleSection":["Prima Pagina","Sport, tempo libero"],"inLanguage":"fr-FR"},{"@type":"WebPage","@id":"https:\/\/www.bellunopress.it\/2025\/09\/26\/dolomiti-bellunesi-non-basta-un-gran-primo-tempo\/","url":"https:\/\/www.bellunopress.it\/2025\/09\/26\/dolomiti-bellunesi-non-basta-un-gran-primo-tempo\/","name":"Dolomiti Bellunesi: non basta un gran primo tempo - Bellunopress - Dolomiti","isPartOf":{"@id":"https:\/\/www.bellunopress.it\/#website"},"primaryImageOfPage":{"@id":"https:\/\/www.bellunopress.it\/2025\/09\/26\/dolomiti-bellunesi-non-basta-un-gran-primo-tempo\/#primaryimage"},"image":{"@id":"https:\/\/www.bellunopress.it\/2025\/09\/26\/dolomiti-bellunesi-non-basta-un-gran-primo-tempo\/#primaryimage"},"thumbnailUrl":"https:\/\/www.bellunopress.it\/wp-content\/uploads\/2025\/09\/Dolomiti-Bellunesi-calcio-Zanini_e_Gallo.jpg","datePublished":"2025-09-26T06:33:16+00:00","breadcrumb":{"@id":"https:\/\/www.bellunopress.it\/2025\/09\/26\/dolomiti-bellunesi-non-basta-un-gran-primo-tempo\/#breadcrumb"},"inLanguage":"fr-FR","potentialAction":[{"@type":"ReadAction","target":["https:\/\/www.bellunopress.it\/2025\/09\/26\/dolomiti-bellunesi-non-basta-un-gran-primo-tempo\/"]}]},{"@type":"ImageObject","inLanguage":"fr-FR","@id":"https:\/\/www.bellunopress.it\/2025\/09\/26\/dolomiti-bellunesi-non-basta-un-gran-primo-tempo\/#primaryimage","url":"https:\/\/www.bellunopress.it\/wp-content\/uploads\/2025\/09\/Dolomiti-Bellunesi-calcio-Zanini_e_Gallo.jpg","contentUrl":"https:\/\/www.bellunopress.it\/wp-content\/uploads\/2025\/09\/Dolomiti-Bellunesi-calcio-Zanini_e_Gallo.jpg","width":800,"height":534,"caption":"Dolomiti Bellunesi calcio:Zanini e Gallo (Foto: Giuseppe De Zanet)"},{"@type":"BreadcrumbList","@id":"https:\/\/www.bellunopress.it\/2025\/09\/26\/dolomiti-bellunesi-non-basta-un-gran-primo-tempo\/#breadcrumb","itemListElement":[{"@type":"ListItem","position":1,"name":"Home","item":"https:\/\/www.bellunopress.it\/"},{"@type":"ListItem","position":2,"name":"Dolomiti Bellunesi: non basta un gran primo tempo"}]},{"@type":"WebSite","@id":"https:\/\/www.bellunopress.it\/#website","url":"https:\/\/www.bellunopress.it\/","name":"Bellunopress - Dolomiti","description":"e-mail: redazione@bellunopress.it","publisher":{"@id":"https:\/\/www.bellunopress.it\/#organization"},"potentialAction":[{"@type":"SearchAction","target":{"@type":"EntryPoint","urlTemplate":"https:\/\/www.bellunopress.it\/?s={search_term_string}"},"query-input":{"@type":"PropertyValueSpecification","valueRequired":true,"valueName":"search_term_string"}}],"inLanguage":"fr-FR"},{"@type":"Organization","@id":"https:\/\/www.bellunopress.it\/#organization","name":"Bellunopress","url":"https:\/\/www.bellunopress.it\/","logo":{"@type":"ImageObject","inLanguage":"fr-FR","@id":"https:\/\/www.bellunopress.it\/#\/schema\/logo\/image\/","url":"https:\/\/www.bellunopress.it\/wp-content\/uploads\/2011\/05\/cropped-logo-bellunopress-.jpg","contentUrl":"https:\/\/www.bellunopress.it\/wp-content\/uploads\/2011\/05\/cropped-logo-bellunopress-.jpg","width":512,"height":512,"caption":"Bellunopress"},"image":{"@id":"https:\/\/www.bellunopress.it\/#\/schema\/logo\/image\/"},"sameAs":["https:\/\/www.facebook.com\/profile.php?id=100008943462799","https:\/\/x.com\/bellunopress","https:\/\/www.linkedin.com\/hp\/?dnr=JBzUWaJfMUw8vbXJJ2tVW5-I3jZKvC4wsoxE&amp;amp;amp;amp;amp;amp;trk=nav_responsive_tab_home","https:\/\/www.youtube.com\/channel\/UCxL0wu1uN0_3_7hGG0306cw"]},{"@type":"Person","@id":"https:\/\/www.bellunopress.it\/#\/schema\/person\/79bb06722b37ece1c03d3e94beb30d73","name":"r\u00e9daction","image":{"@type":"ImageObject","inLanguage":"fr-FR","@id":"https:\/\/secure.gravatar.com\/avatar\/37d968a2e67a6fd04c169c4bdef102d0bc5d31b2546345219e348575eb80e9a0?s=96&d=mm&r=g","url":"https:\/\/secure.gravatar.com\/avatar\/37d968a2e67a6fd04c169c4bdef102d0bc5d31b2546345219e348575eb80e9a0?s=96&d=mm&r=g","contentUrl":"https:\/\/secure.gravatar.com\/avatar\/37d968a2e67a6fd04c169c4bdef102d0bc5d31b2546345219e348575eb80e9a0?s=96&d=mm&r=g","caption":"redazione"},"sameAs":["http:\/\/www.bellunopress.it","https:\/\/x.com\/bellunopress"],"url":"https:\/\/www.bellunopress.it\/fr\/author\/redazione\/"}]}},"_links":{"self":[{"href":"https:\/\/www.bellunopress.it\/fr\/wp-json\/wp\/v2\/posts\/163622","targetHints":{"allow":["GET"]}}],"collection":[{"href":"https:\/\/www.bellunopress.it\/fr\/wp-json\/wp\/v2\/posts"}],"about":[{"href":"https:\/\/www.bellunopress.it\/fr\/wp-json\/wp\/v2\/types\/post"}],"author":[{"embeddable":true,"href":"https:\/\/www.bellunopress.it\/fr\/wp-json\/wp\/v2\/users\/2"}],"replies":[{"embeddable":true,"href":"https:\/\/www.bellunopress.it\/fr\/wp-json\/wp\/v2\/comments?post=163622"}],"version-history":[{"count":1,"href":"https:\/\/www.bellunopress.it\/fr\/wp-json\/wp\/v2\/posts\/163622\/revisions"}],"predecessor-version":[{"id":163624,"href":"https:\/\/www.bellunopress.it\/fr\/wp-json\/wp\/v2\/posts\/163622\/revisions\/163624"}],"wp:featuredmedia":[{"embeddable":true,"href":"https:\/\/www.bellunopress.it\/fr\/wp-json\/wp\/v2\/media\/163623"}],"wp:attachment":[{"href":"https:\/\/www.bellunopress.it\/fr\/wp-json\/wp\/v2\/media?parent=163622"}],"wp:term":[{"taxonomy":"category","embeddable":true,"href":"https:\/\/www.bellunopress.it\/fr\/wp-json\/wp\/v2\/categories?post=163622"},{"taxonomy":"post_tag","embeddable":true,"href":"https:\/\/www.bellunopress.it\/fr\/wp-json\/wp\/v2\/tags?post=163622"}],"curies":[{"name":"wp","href":"https:\/\/api.w.org\/{rel}","templated":true}]}}