{"id":163608,"date":"2025-09-26T06:10:58","date_gmt":"2025-09-26T04:10:58","guid":{"rendered":"https:\/\/www.bellunopress.it\/?p=163608"},"modified":"2025-09-26T06:10:58","modified_gmt":"2025-09-26T04:10:58","slug":"sabato-il-gran-premio-merano-alto-adige-dal-1935-e-la-corsa-di-cavalli-piu-attesa-dellanno","status":"publish","type":"post","link":"https:\/\/www.bellunopress.it\/fr\/2025\/09\/26\/sabato-il-gran-premio-merano-alto-adige-dal-1935-e-la-corsa-di-cavalli-piu-attesa-dellanno\/","title":{"rendered":"Sabato il Gran Premio Merano Alto Adige: dal 1935 \u00e8 la corsa di cavalli pi\u00f9 attesa dell\u2019anno"},"content":{"rendered":"<figure id=\"attachment_163609\" aria-describedby=\"caption-attachment-163609\" style=\"width: 800px\" class=\"wp-caption aligncenter\"><img loading=\"lazy\" decoding=\"async\" class=\"size-full wp-image-163609\" src=\"https:\/\/www.bellunopress.it\/wp-content\/uploads\/2025\/09\/Gran-Premio-Merano-Alto-Adige_edited.jpg\" alt=\"\" width=\"800\" height=\"414\" srcset=\"https:\/\/www.bellunopress.it\/wp-content\/uploads\/2025\/09\/Gran-Premio-Merano-Alto-Adige_edited.jpg 800w, https:\/\/www.bellunopress.it\/wp-content\/uploads\/2025\/09\/Gran-Premio-Merano-Alto-Adige_edited-500x259.jpg 500w, https:\/\/www.bellunopress.it\/wp-content\/uploads\/2025\/09\/Gran-Premio-Merano-Alto-Adige_edited-696x360.jpg 696w\" sizes=\"auto, (max-width: 800px) 100vw, 800px\" \/><figcaption id=\"caption-attachment-163609\" class=\"wp-caption-text\">Gram Premio Merano Alto Adige &#8211; \u00aeFOTO PRESS ARIGOSSI<\/figcaption><\/figure>\n<p><strong>L\u2019evento internazionale sar\u00e0 caratterizzato da emozionanti corse e momenti di spettacolo e mondanit\u00e0.<\/strong><\/p>\n<p>Il Gran Premio Merano Alto Adige \u00e8 l\u2019appuntamento fisso con l\u2019ippica internazionale che si svolger\u00e0 domenica prossima, 28 settembre, ma che avr\u00e0 un prologo il pomeriggio di sabato 27, con tante interessanti corse.<\/p>\n<p>Il Gran Premio Merano Alto Adige \u00e8 la corsa di cavalli pi\u00f9 attesa dell\u2019anno, un evento di lunga tradizione con una storia che risale al 1935, anno in cui fu costruita l\u2019imponente struttura dell\u2019ippodromo. Si tratta di una corsa a ostacoli dall\u2019alta difficolt\u00e0 tecnica e dal contesto unico, nel cuore della citt\u00e0, con un panorama spettacolare sulle vette delle montagne che circondano Merano.<\/p>\n<p>Quest\u2019anno sar\u00e0 un evento che varcher\u00e0, come non mai, i confini nazionali, visto la presenza alle corse di scuderie da 6 Paesi, ovvero, Italia, Svizzera, Francia, Polonia, Germania e Repubblica Ceca.<\/p>\n<p>L\u2019ippodromo sar\u00e0 gremito e gli spalti colorati da centinaia di cappelli, vestiti e accessori che le signore porteranno con classe ed eleganza, come ormai di consueto accade ogni anno.<\/p>\n<p>Sono attesi oltre 10.000 spettatori provenienti da pi\u00f9 di 10 nazioni, tutti interessati a coniugare l\u2019importante valore sportivo della manifestazione con gli altri tanti momenti di intrattenimento.<\/p>\n<p>L\u201986\u2070 meeting Gran Premio Merano Alto Adige \u00e8 la corsa pi\u00f9 importante della stagione ippica in Italia ed \u00e8 infatti, capace di attrarre non solo gli appassionati di corse di cavalli ma tutti coloro che hanno voglia di passare un fine settimana all\u2019aperto, assaporando e gustando l\u2019evento ippico e tutti i momenti di intrattenimento.<\/p>\n<p>Sabato 27, sono previste sette corse, tra cui il Premio delle Nazioni, la Crystal Cup e il Gran Premio Haflinger. Domenica 28, sempre sette corse, l\u2019ultima delle quali sar\u00e0 appunto il Gran Premio, la corsa steeple per eccellenza in Italia, che si svolge come di consueto lungo un percorso a ostacoli di 5.000 metri, nella quale si sfidano i migliori talenti provenienti da tutta Europa.<\/p>\n<p>Il programma prevede sia sabato 27 che domenica 28 l\u2019Anteprima Merano WineFestival, con un eccellente servizio di ristorazione e una \u201cChampagneria\u201d e circa 50 produttori che faranno da cornice alla gara con bottiglie provenienti da tutta l\u2019Italia. Inoltre, tanta musica dal vivo e, per i pi\u00f9 piccoli, piacevoli giri sui pony.<\/p>\n<p>Domenica 28 sar\u00e0, invece, una giornata ricca di scenografici spettacoli di intrattenimento, balletti e, soprattutto, l\u2019occasione irripetibile per sfoggiare cappelli e indumenti sgargianti, dando spazio alla fantasia. Inoltre, si svolger\u00e0 anche il concorso Lady Fashion &amp; MR Fashion, per eleggere la \u201cSignora e il Signore\u201d pi\u00f9 eleganti della giornata. Una commissione valuter\u00e0\u0300, nell\u2019arco del pomeriggio, le fotografie di tutti i partecipanti al concorso ed elegger\u00e0\u0300 una vincitrice e un vincitore, secondo criteri di classe ed eleganza.<\/p>\n<p>&nbsp;<\/p>\n<p><strong>Dove e come arrivare<\/strong><\/p>\n<p>L\u2019Ippodromo di Merano si trova in via Palade ed \u00e8 facilmente raggiungibile con i mezzi pubblici. Per chi arriva in auto, dalle uscite della superstrada Mebo (uscita \u201cMaia Bassa\u201d, per chi arriva da Bolzano, uscita \u201cMarlengo\u201d, provenendo da Lagundo\/Val Venosta) l\u2019ippodromo dista appena due minuti. La stazione ferroviaria di Maia Bassa &#8211; sulla tratta Bolzano\/Merano &#8211; si trova all\u2019inizio di via Palade, a duecento metri dall\u2019ingresso dell\u2019ippodromo. Lungo tutta la via Palade si trova anche una pista ciclabile. Due ampi parcheggi gratuiti completano le opportunit\u00e0 di arrivo per gli spettatori.<\/p>\n<p>&nbsp;<\/p>\n<p><strong>I biglietti<\/strong><\/p>\n<p>L\u2019acquisto dei biglietti, oltre che online, sar\u00e0 possibile presso l\u2019ippodromo di Merano nelle giornate di corsa o negli uffici di Merano Galoppo, Via Scuderie 37.<\/p>\n<p>Per informazioni: 0473 446.222 www.ippodromomerano.it<\/p>\n<p>&nbsp;<\/p>","protected":false},"excerpt":{"rendered":"<p>L\u2019evento internazionale sar\u00e0 caratterizzato da emozionanti corse e momenti di spettacolo e mondanit\u00e0. Il Gran Premio Merano Alto Adige \u00e8 l\u2019appuntamento fisso con l\u2019ippica internazionale che si svolger\u00e0 domenica prossima, 28 settembre, ma che avr\u00e0 un prologo il pomeriggio di sabato 27, con tante interessanti corse. Il Gran Premio Merano Alto Adige \u00e8 la corsa [&hellip;]<\/p>\n","protected":false},"author":2,"featured_media":163609,"comment_status":"closed","ping_status":"open","sticky":false,"template":"","format":"standard","meta":{"footnotes":""},"categories":[25,4],"tags":[],"class_list":["post-163608","post","type-post","status-publish","format-standard","has-post-thumbnail","category-pausa-caffe","category-sport"],"yoast_head":"<!-- This site is optimized with the Yoast SEO plugin v28.4 - https:\/\/yoast.com\/product\/yoast-seo-wordpress\/ -->\n<title>Sabato il Gran Premio Merano Alto Adige: dal 1935 \u00e8 la corsa di cavalli pi\u00f9 attesa dell\u2019anno - Bellunopress - Dolomiti<\/title>\n<meta name=\"robots\" content=\"index, follow, max-snippet:-1, max-image-preview:large, max-video-preview:-1\" \/>\n<link rel=\"canonical\" href=\"https:\/\/www.bellunopress.it\/fr\/2025\/09\/26\/sabato-il-gran-premio-merano-alto-adige-dal-1935-e-la-corsa-di-cavalli-piu-attesa-dellanno\/\" \/>\n<meta property=\"og:locale\" content=\"fr_FR\" \/>\n<meta property=\"og:type\" content=\"article\" \/>\n<meta property=\"og:title\" content=\"Sabato il Gran Premio Merano Alto Adige: dal 1935 \u00e8 la corsa di cavalli pi\u00f9 attesa dell\u2019anno - Bellunopress - Dolomiti\" \/>\n<meta property=\"og:description\" content=\"L\u2019evento internazionale sar\u00e0 caratterizzato da emozionanti corse e momenti di spettacolo e mondanit\u00e0. Il Gran Premio Merano Alto Adige \u00e8 l\u2019appuntamento fisso con l\u2019ippica internazionale che si svolger\u00e0 domenica prossima, 28 settembre, ma che avr\u00e0 un prologo il pomeriggio di sabato 27, con tante interessanti corse. Il Gran Premio Merano Alto Adige \u00e8 la corsa [&hellip;]\" \/>\n<meta property=\"og:url\" content=\"https:\/\/www.bellunopress.it\/fr\/2025\/09\/26\/sabato-il-gran-premio-merano-alto-adige-dal-1935-e-la-corsa-di-cavalli-piu-attesa-dellanno\/\" \/>\n<meta property=\"og:site_name\" content=\"Bellunopress - Dolomiti\" \/>\n<meta property=\"article:publisher\" content=\"https:\/\/www.facebook.com\/profile.php?id=100008943462799\" \/>\n<meta property=\"article:published_time\" content=\"2025-09-26T04:10:58+00:00\" \/>\n<meta property=\"og:image\" content=\"https:\/\/www.bellunopress.it\/wp-content\/uploads\/2025\/09\/Gran-Premio-Merano-Alto-Adige_edited.jpg\" \/>\n\t<meta property=\"og:image:width\" content=\"800\" \/>\n\t<meta property=\"og:image:height\" content=\"414\" \/>\n\t<meta property=\"og:image:type\" content=\"image\/jpeg\" \/>\n<meta name=\"author\" content=\"redazione\" \/>\n<meta name=\"twitter:card\" content=\"summary_large_image\" \/>\n<meta name=\"twitter:creator\" content=\"@bellunopress\" \/>\n<meta name=\"twitter:site\" content=\"@bellunopress\" \/>\n<meta name=\"twitter:label1\" content=\"\u00c9crit par\" \/>\n\t<meta name=\"twitter:data1\" content=\"redazione\" \/>\n\t<meta name=\"twitter:label2\" content=\"Dur\u00e9e de lecture estim\u00e9e\" \/>\n\t<meta name=\"twitter:data2\" content=\"3 minutes\" \/>\n<script type=\"application\/ld+json\" class=\"yoast-schema-graph\">{\"@context\":\"https:\\\/\\\/schema.org\",\"@graph\":[{\"@type\":\"Article\",\"@id\":\"https:\\\/\\\/www.bellunopress.it\\\/2025\\\/09\\\/26\\\/sabato-il-gran-premio-merano-alto-adige-dal-1935-e-la-corsa-di-cavalli-piu-attesa-dellanno\\\/#article\",\"isPartOf\":{\"@id\":\"https:\\\/\\\/www.bellunopress.it\\\/2025\\\/09\\\/26\\\/sabato-il-gran-premio-merano-alto-adige-dal-1935-e-la-corsa-di-cavalli-piu-attesa-dellanno\\\/\"},\"author\":{\"name\":\"redazione\",\"@id\":\"https:\\\/\\\/www.bellunopress.it\\\/#\\\/schema\\\/person\\\/79bb06722b37ece1c03d3e94beb30d73\"},\"headline\":\"Sabato il Gran Premio Merano Alto Adige: dal 1935 \u00e8 la corsa di cavalli pi\u00f9 attesa dell\u2019anno\",\"datePublished\":\"2025-09-26T04:10:58+00:00\",\"mainEntityOfPage\":{\"@id\":\"https:\\\/\\\/www.bellunopress.it\\\/2025\\\/09\\\/26\\\/sabato-il-gran-premio-merano-alto-adige-dal-1935-e-la-corsa-di-cavalli-piu-attesa-dellanno\\\/\"},\"wordCount\":610,\"publisher\":{\"@id\":\"https:\\\/\\\/www.bellunopress.it\\\/#organization\"},\"image\":{\"@id\":\"https:\\\/\\\/www.bellunopress.it\\\/2025\\\/09\\\/26\\\/sabato-il-gran-premio-merano-alto-adige-dal-1935-e-la-corsa-di-cavalli-piu-attesa-dellanno\\\/#primaryimage\"},\"thumbnailUrl\":\"https:\\\/\\\/www.bellunopress.it\\\/wp-content\\\/uploads\\\/2025\\\/09\\\/Gran-Premio-Merano-Alto-Adige_edited.jpg\",\"articleSection\":[\"Pausa Caff\u00e8\",\"Sport, tempo libero\"],\"inLanguage\":\"fr-FR\"},{\"@type\":\"WebPage\",\"@id\":\"https:\\\/\\\/www.bellunopress.it\\\/2025\\\/09\\\/26\\\/sabato-il-gran-premio-merano-alto-adige-dal-1935-e-la-corsa-di-cavalli-piu-attesa-dellanno\\\/\",\"url\":\"https:\\\/\\\/www.bellunopress.it\\\/2025\\\/09\\\/26\\\/sabato-il-gran-premio-merano-alto-adige-dal-1935-e-la-corsa-di-cavalli-piu-attesa-dellanno\\\/\",\"name\":\"Sabato il Gran Premio Merano Alto Adige: dal 1935 \u00e8 la corsa di cavalli pi\u00f9 attesa dell\u2019anno - Bellunopress - Dolomiti\",\"isPartOf\":{\"@id\":\"https:\\\/\\\/www.bellunopress.it\\\/#website\"},\"primaryImageOfPage\":{\"@id\":\"https:\\\/\\\/www.bellunopress.it\\\/2025\\\/09\\\/26\\\/sabato-il-gran-premio-merano-alto-adige-dal-1935-e-la-corsa-di-cavalli-piu-attesa-dellanno\\\/#primaryimage\"},\"image\":{\"@id\":\"https:\\\/\\\/www.bellunopress.it\\\/2025\\\/09\\\/26\\\/sabato-il-gran-premio-merano-alto-adige-dal-1935-e-la-corsa-di-cavalli-piu-attesa-dellanno\\\/#primaryimage\"},\"thumbnailUrl\":\"https:\\\/\\\/www.bellunopress.it\\\/wp-content\\\/uploads\\\/2025\\\/09\\\/Gran-Premio-Merano-Alto-Adige_edited.jpg\",\"datePublished\":\"2025-09-26T04:10:58+00:00\",\"breadcrumb\":{\"@id\":\"https:\\\/\\\/www.bellunopress.it\\\/2025\\\/09\\\/26\\\/sabato-il-gran-premio-merano-alto-adige-dal-1935-e-la-corsa-di-cavalli-piu-attesa-dellanno\\\/#breadcrumb\"},\"inLanguage\":\"fr-FR\",\"potentialAction\":[{\"@type\":\"ReadAction\",\"target\":[\"https:\\\/\\\/www.bellunopress.it\\\/2025\\\/09\\\/26\\\/sabato-il-gran-premio-merano-alto-adige-dal-1935-e-la-corsa-di-cavalli-piu-attesa-dellanno\\\/\"]}]},{\"@type\":\"ImageObject\",\"inLanguage\":\"fr-FR\",\"@id\":\"https:\\\/\\\/www.bellunopress.it\\\/2025\\\/09\\\/26\\\/sabato-il-gran-premio-merano-alto-adige-dal-1935-e-la-corsa-di-cavalli-piu-attesa-dellanno\\\/#primaryimage\",\"url\":\"https:\\\/\\\/www.bellunopress.it\\\/wp-content\\\/uploads\\\/2025\\\/09\\\/Gran-Premio-Merano-Alto-Adige_edited.jpg\",\"contentUrl\":\"https:\\\/\\\/www.bellunopress.it\\\/wp-content\\\/uploads\\\/2025\\\/09\\\/Gran-Premio-Merano-Alto-Adige_edited.jpg\",\"width\":800,\"height\":414,\"caption\":\"Gram Premio Merano Alto Adige - \u00aeFOTO PRESS ARIGOSSI\"},{\"@type\":\"BreadcrumbList\",\"@id\":\"https:\\\/\\\/www.bellunopress.it\\\/2025\\\/09\\\/26\\\/sabato-il-gran-premio-merano-alto-adige-dal-1935-e-la-corsa-di-cavalli-piu-attesa-dellanno\\\/#breadcrumb\",\"itemListElement\":[{\"@type\":\"ListItem\",\"position\":1,\"name\":\"Home\",\"item\":\"https:\\\/\\\/www.bellunopress.it\\\/\"},{\"@type\":\"ListItem\",\"position\":2,\"name\":\"Sabato il Gran Premio Merano Alto Adige: dal 1935 \u00e8 la corsa di cavalli pi\u00f9 attesa dell\u2019anno\"}]},{\"@type\":\"WebSite\",\"@id\":\"https:\\\/\\\/www.bellunopress.it\\\/#website\",\"url\":\"https:\\\/\\\/www.bellunopress.it\\\/\",\"name\":\"Bellunopress - Dolomiti\",\"description\":\"e-mail: redazione@bellunopress.it\",\"publisher\":{\"@id\":\"https:\\\/\\\/www.bellunopress.it\\\/#organization\"},\"potentialAction\":[{\"@type\":\"SearchAction\",\"target\":{\"@type\":\"EntryPoint\",\"urlTemplate\":\"https:\\\/\\\/www.bellunopress.it\\\/?s={search_term_string}\"},\"query-input\":{\"@type\":\"PropertyValueSpecification\",\"valueRequired\":true,\"valueName\":\"search_term_string\"}}],\"inLanguage\":\"fr-FR\"},{\"@type\":\"Organization\",\"@id\":\"https:\\\/\\\/www.bellunopress.it\\\/#organization\",\"name\":\"Bellunopress\",\"url\":\"https:\\\/\\\/www.bellunopress.it\\\/\",\"logo\":{\"@type\":\"ImageObject\",\"inLanguage\":\"fr-FR\",\"@id\":\"https:\\\/\\\/www.bellunopress.it\\\/#\\\/schema\\\/logo\\\/image\\\/\",\"url\":\"https:\\\/\\\/www.bellunopress.it\\\/wp-content\\\/uploads\\\/2011\\\/05\\\/cropped-logo-bellunopress-.jpg\",\"contentUrl\":\"https:\\\/\\\/www.bellunopress.it\\\/wp-content\\\/uploads\\\/2011\\\/05\\\/cropped-logo-bellunopress-.jpg\",\"width\":512,\"height\":512,\"caption\":\"Bellunopress\"},\"image\":{\"@id\":\"https:\\\/\\\/www.bellunopress.it\\\/#\\\/schema\\\/logo\\\/image\\\/\"},\"sameAs\":[\"https:\\\/\\\/www.facebook.com\\\/profile.php?id=100008943462799\",\"https:\\\/\\\/x.com\\\/bellunopress\",\"https:\\\/\\\/www.linkedin.com\\\/hp\\\/?dnr=JBzUWaJfMUw8vbXJJ2tVW5-I3jZKvC4wsoxE&amp;amp;amp;amp;amp;amp;trk=nav_responsive_tab_home\",\"https:\\\/\\\/www.youtube.com\\\/channel\\\/UCxL0wu1uN0_3_7hGG0306cw\"]},{\"@type\":\"Person\",\"@id\":\"https:\\\/\\\/www.bellunopress.it\\\/#\\\/schema\\\/person\\\/79bb06722b37ece1c03d3e94beb30d73\",\"name\":\"redazione\",\"image\":{\"@type\":\"ImageObject\",\"inLanguage\":\"fr-FR\",\"@id\":\"https:\\\/\\\/secure.gravatar.com\\\/avatar\\\/37d968a2e67a6fd04c169c4bdef102d0bc5d31b2546345219e348575eb80e9a0?s=96&d=mm&r=g\",\"url\":\"https:\\\/\\\/secure.gravatar.com\\\/avatar\\\/37d968a2e67a6fd04c169c4bdef102d0bc5d31b2546345219e348575eb80e9a0?s=96&d=mm&r=g\",\"contentUrl\":\"https:\\\/\\\/secure.gravatar.com\\\/avatar\\\/37d968a2e67a6fd04c169c4bdef102d0bc5d31b2546345219e348575eb80e9a0?s=96&d=mm&r=g\",\"caption\":\"redazione\"},\"sameAs\":[\"http:\\\/\\\/www.bellunopress.it\",\"https:\\\/\\\/x.com\\\/bellunopress\"],\"url\":\"https:\\\/\\\/www.bellunopress.it\\\/fr\\\/author\\\/redazione\\\/\"}]}<\/script>\n<!-- \/ Yoast SEO plugin. -->","yoast_head_json":{"title":"Sabato il Gran Premio Merano Alto Adige: dal 1935 \u00e8 la corsa di cavalli pi\u00f9 attesa dell\u2019anno - Bellunopress - Dolomiti","robots":{"index":"index","follow":"follow","max-snippet":"max-snippet:-1","max-image-preview":"max-image-preview:large","max-video-preview":"max-video-preview:-1"},"canonical":"https:\/\/www.bellunopress.it\/fr\/2025\/09\/26\/sabato-il-gran-premio-merano-alto-adige-dal-1935-e-la-corsa-di-cavalli-piu-attesa-dellanno\/","og_locale":"fr_FR","og_type":"article","og_title":"Sabato il Gran Premio Merano Alto Adige: dal 1935 \u00e8 la corsa di cavalli pi\u00f9 attesa dell\u2019anno - Bellunopress - Dolomiti","og_description":"L\u2019evento internazionale sar\u00e0 caratterizzato da emozionanti corse e momenti di spettacolo e mondanit\u00e0. Il Gran Premio Merano Alto Adige \u00e8 l\u2019appuntamento fisso con l\u2019ippica internazionale che si svolger\u00e0 domenica prossima, 28 settembre, ma che avr\u00e0 un prologo il pomeriggio di sabato 27, con tante interessanti corse. Il Gran Premio Merano Alto Adige \u00e8 la corsa [&hellip;]","og_url":"https:\/\/www.bellunopress.it\/fr\/2025\/09\/26\/sabato-il-gran-premio-merano-alto-adige-dal-1935-e-la-corsa-di-cavalli-piu-attesa-dellanno\/","og_site_name":"Bellunopress - Dolomiti","article_publisher":"https:\/\/www.facebook.com\/profile.php?id=100008943462799","article_published_time":"2025-09-26T04:10:58+00:00","og_image":[{"width":800,"height":414,"url":"https:\/\/www.bellunopress.it\/wp-content\/uploads\/2025\/09\/Gran-Premio-Merano-Alto-Adige_edited.jpg","type":"image\/jpeg"}],"author":"redazione","twitter_card":"summary_large_image","twitter_creator":"@bellunopress","twitter_site":"@bellunopress","twitter_misc":{"\u00c9crit par":"redazione","Dur\u00e9e de lecture estim\u00e9e":"3 minutes"},"schema":{"@context":"https:\/\/schema.org","@graph":[{"@type":"Article","@id":"https:\/\/www.bellunopress.it\/2025\/09\/26\/sabato-il-gran-premio-merano-alto-adige-dal-1935-e-la-corsa-di-cavalli-piu-attesa-dellanno\/#article","isPartOf":{"@id":"https:\/\/www.bellunopress.it\/2025\/09\/26\/sabato-il-gran-premio-merano-alto-adige-dal-1935-e-la-corsa-di-cavalli-piu-attesa-dellanno\/"},"author":{"name":"redazione","@id":"https:\/\/www.bellunopress.it\/#\/schema\/person\/79bb06722b37ece1c03d3e94beb30d73"},"headline":"Sabato il Gran Premio Merano Alto Adige: dal 1935 \u00e8 la corsa di cavalli pi\u00f9 attesa dell\u2019anno","datePublished":"2025-09-26T04:10:58+00:00","mainEntityOfPage":{"@id":"https:\/\/www.bellunopress.it\/2025\/09\/26\/sabato-il-gran-premio-merano-alto-adige-dal-1935-e-la-corsa-di-cavalli-piu-attesa-dellanno\/"},"wordCount":610,"publisher":{"@id":"https:\/\/www.bellunopress.it\/#organization"},"image":{"@id":"https:\/\/www.bellunopress.it\/2025\/09\/26\/sabato-il-gran-premio-merano-alto-adige-dal-1935-e-la-corsa-di-cavalli-piu-attesa-dellanno\/#primaryimage"},"thumbnailUrl":"https:\/\/www.bellunopress.it\/wp-content\/uploads\/2025\/09\/Gran-Premio-Merano-Alto-Adige_edited.jpg","articleSection":["Pausa Caff\u00e8","Sport, tempo libero"],"inLanguage":"fr-FR"},{"@type":"WebPage","@id":"https:\/\/www.bellunopress.it\/2025\/09\/26\/sabato-il-gran-premio-merano-alto-adige-dal-1935-e-la-corsa-di-cavalli-piu-attesa-dellanno\/","url":"https:\/\/www.bellunopress.it\/2025\/09\/26\/sabato-il-gran-premio-merano-alto-adige-dal-1935-e-la-corsa-di-cavalli-piu-attesa-dellanno\/","name":"Sabato il Gran Premio Merano Alto Adige: dal 1935 \u00e8 la corsa di cavalli pi\u00f9 attesa dell\u2019anno - Bellunopress - Dolomiti","isPartOf":{"@id":"https:\/\/www.bellunopress.it\/#website"},"primaryImageOfPage":{"@id":"https:\/\/www.bellunopress.it\/2025\/09\/26\/sabato-il-gran-premio-merano-alto-adige-dal-1935-e-la-corsa-di-cavalli-piu-attesa-dellanno\/#primaryimage"},"image":{"@id":"https:\/\/www.bellunopress.it\/2025\/09\/26\/sabato-il-gran-premio-merano-alto-adige-dal-1935-e-la-corsa-di-cavalli-piu-attesa-dellanno\/#primaryimage"},"thumbnailUrl":"https:\/\/www.bellunopress.it\/wp-content\/uploads\/2025\/09\/Gran-Premio-Merano-Alto-Adige_edited.jpg","datePublished":"2025-09-26T04:10:58+00:00","breadcrumb":{"@id":"https:\/\/www.bellunopress.it\/2025\/09\/26\/sabato-il-gran-premio-merano-alto-adige-dal-1935-e-la-corsa-di-cavalli-piu-attesa-dellanno\/#breadcrumb"},"inLanguage":"fr-FR","potentialAction":[{"@type":"ReadAction","target":["https:\/\/www.bellunopress.it\/2025\/09\/26\/sabato-il-gran-premio-merano-alto-adige-dal-1935-e-la-corsa-di-cavalli-piu-attesa-dellanno\/"]}]},{"@type":"ImageObject","inLanguage":"fr-FR","@id":"https:\/\/www.bellunopress.it\/2025\/09\/26\/sabato-il-gran-premio-merano-alto-adige-dal-1935-e-la-corsa-di-cavalli-piu-attesa-dellanno\/#primaryimage","url":"https:\/\/www.bellunopress.it\/wp-content\/uploads\/2025\/09\/Gran-Premio-Merano-Alto-Adige_edited.jpg","contentUrl":"https:\/\/www.bellunopress.it\/wp-content\/uploads\/2025\/09\/Gran-Premio-Merano-Alto-Adige_edited.jpg","width":800,"height":414,"caption":"Gram Premio Merano Alto Adige - \u00aeFOTO PRESS ARIGOSSI"},{"@type":"BreadcrumbList","@id":"https:\/\/www.bellunopress.it\/2025\/09\/26\/sabato-il-gran-premio-merano-alto-adige-dal-1935-e-la-corsa-di-cavalli-piu-attesa-dellanno\/#breadcrumb","itemListElement":[{"@type":"ListItem","position":1,"name":"Home","item":"https:\/\/www.bellunopress.it\/"},{"@type":"ListItem","position":2,"name":"Sabato il Gran Premio Merano Alto Adige: dal 1935 \u00e8 la corsa di cavalli pi\u00f9 attesa dell\u2019anno"}]},{"@type":"WebSite","@id":"https:\/\/www.bellunopress.it\/#website","url":"https:\/\/www.bellunopress.it\/","name":"Bellunopress - Dolomiti","description":"e-mail: redazione@bellunopress.it","publisher":{"@id":"https:\/\/www.bellunopress.it\/#organization"},"potentialAction":[{"@type":"SearchAction","target":{"@type":"EntryPoint","urlTemplate":"https:\/\/www.bellunopress.it\/?s={search_term_string}"},"query-input":{"@type":"PropertyValueSpecification","valueRequired":true,"valueName":"search_term_string"}}],"inLanguage":"fr-FR"},{"@type":"Organization","@id":"https:\/\/www.bellunopress.it\/#organization","name":"Bellunopress","url":"https:\/\/www.bellunopress.it\/","logo":{"@type":"ImageObject","inLanguage":"fr-FR","@id":"https:\/\/www.bellunopress.it\/#\/schema\/logo\/image\/","url":"https:\/\/www.bellunopress.it\/wp-content\/uploads\/2011\/05\/cropped-logo-bellunopress-.jpg","contentUrl":"https:\/\/www.bellunopress.it\/wp-content\/uploads\/2011\/05\/cropped-logo-bellunopress-.jpg","width":512,"height":512,"caption":"Bellunopress"},"image":{"@id":"https:\/\/www.bellunopress.it\/#\/schema\/logo\/image\/"},"sameAs":["https:\/\/www.facebook.com\/profile.php?id=100008943462799","https:\/\/x.com\/bellunopress","https:\/\/www.linkedin.com\/hp\/?dnr=JBzUWaJfMUw8vbXJJ2tVW5-I3jZKvC4wsoxE&amp;amp;amp;amp;amp;amp;trk=nav_responsive_tab_home","https:\/\/www.youtube.com\/channel\/UCxL0wu1uN0_3_7hGG0306cw"]},{"@type":"Person","@id":"https:\/\/www.bellunopress.it\/#\/schema\/person\/79bb06722b37ece1c03d3e94beb30d73","name":"r\u00e9daction","image":{"@type":"ImageObject","inLanguage":"fr-FR","@id":"https:\/\/secure.gravatar.com\/avatar\/37d968a2e67a6fd04c169c4bdef102d0bc5d31b2546345219e348575eb80e9a0?s=96&d=mm&r=g","url":"https:\/\/secure.gravatar.com\/avatar\/37d968a2e67a6fd04c169c4bdef102d0bc5d31b2546345219e348575eb80e9a0?s=96&d=mm&r=g","contentUrl":"https:\/\/secure.gravatar.com\/avatar\/37d968a2e67a6fd04c169c4bdef102d0bc5d31b2546345219e348575eb80e9a0?s=96&d=mm&r=g","caption":"redazione"},"sameAs":["http:\/\/www.bellunopress.it","https:\/\/x.com\/bellunopress"],"url":"https:\/\/www.bellunopress.it\/fr\/author\/redazione\/"}]}},"_links":{"self":[{"href":"https:\/\/www.bellunopress.it\/fr\/wp-json\/wp\/v2\/posts\/163608","targetHints":{"allow":["GET"]}}],"collection":[{"href":"https:\/\/www.bellunopress.it\/fr\/wp-json\/wp\/v2\/posts"}],"about":[{"href":"https:\/\/www.bellunopress.it\/fr\/wp-json\/wp\/v2\/types\/post"}],"author":[{"embeddable":true,"href":"https:\/\/www.bellunopress.it\/fr\/wp-json\/wp\/v2\/users\/2"}],"replies":[{"embeddable":true,"href":"https:\/\/www.bellunopress.it\/fr\/wp-json\/wp\/v2\/comments?post=163608"}],"version-history":[{"count":1,"href":"https:\/\/www.bellunopress.it\/fr\/wp-json\/wp\/v2\/posts\/163608\/revisions"}],"predecessor-version":[{"id":163610,"href":"https:\/\/www.bellunopress.it\/fr\/wp-json\/wp\/v2\/posts\/163608\/revisions\/163610"}],"wp:featuredmedia":[{"embeddable":true,"href":"https:\/\/www.bellunopress.it\/fr\/wp-json\/wp\/v2\/media\/163609"}],"wp:attachment":[{"href":"https:\/\/www.bellunopress.it\/fr\/wp-json\/wp\/v2\/media?parent=163608"}],"wp:term":[{"taxonomy":"category","embeddable":true,"href":"https:\/\/www.bellunopress.it\/fr\/wp-json\/wp\/v2\/categories?post=163608"},{"taxonomy":"post_tag","embeddable":true,"href":"https:\/\/www.bellunopress.it\/fr\/wp-json\/wp\/v2\/tags?post=163608"}],"curies":[{"name":"wp","href":"https:\/\/api.w.org\/{rel}","templated":true}]}}