{"id":163606,"date":"2025-09-25T17:11:44","date_gmt":"2025-09-25T15:11:44","guid":{"rendered":"https:\/\/www.bellunopress.it\/?p=163606"},"modified":"2025-09-25T17:11:44","modified_gmt":"2025-09-25T15:11:44","slug":"il-convegno-dal-dire-al-fare-sensi-in-gioco-per-crescere-sabato-al-comunale","status":"publish","type":"post","link":"https:\/\/www.bellunopress.it\/fr\/2025\/09\/25\/il-convegno-dal-dire-al-fare-sensi-in-gioco-per-crescere-sabato-al-comunale\/","title":{"rendered":"Il convegno. Dal dire al fare: sensi in gioco per crescere. Sabato al Comunale"},"content":{"rendered":"<figure id=\"attachment_155535\" aria-describedby=\"caption-attachment-155535\" style=\"width: 1000px\" class=\"wp-caption aligncenter\"><img loading=\"lazy\" decoding=\"async\" class=\"size-full wp-image-155535\" src=\"https:\/\/www.bellunopress.it\/wp-content\/uploads\/2024\/11\/teatro-comunale-dino-buzzati.jpg\" alt=\"\" width=\"1000\" height=\"750\" srcset=\"https:\/\/www.bellunopress.it\/wp-content\/uploads\/2024\/11\/teatro-comunale-dino-buzzati.jpg 1000w, https:\/\/www.bellunopress.it\/wp-content\/uploads\/2024\/11\/teatro-comunale-dino-buzzati-500x375.jpg 500w, https:\/\/www.bellunopress.it\/wp-content\/uploads\/2024\/11\/teatro-comunale-dino-buzzati-560x420.jpg 560w, https:\/\/www.bellunopress.it\/wp-content\/uploads\/2024\/11\/teatro-comunale-dino-buzzati-80x60.jpg 80w, https:\/\/www.bellunopress.it\/wp-content\/uploads\/2024\/11\/teatro-comunale-dino-buzzati-696x522.jpg 696w\" sizes=\"auto, (max-width: 1000px) 100vw, 1000px\" \/><figcaption id=\"caption-attachment-155535\" class=\"wp-caption-text\">Teatro Comunale &#8220;Dino Buzzati&#8221; di Belluno<\/figcaption><\/figure>\n<p>Dal dire al fare: sensi in gioco per crescere. Nella mattinata di sabato 27 settembre 2025, al Teatro comunale \u201cDino Buzzati\u201d di Belluno, si terr\u00e0 il convegno promosso dal Coordinamento Pedagogico Territoriale di Belluno, in collaborazione con il Comune di Belluno.<\/p>\n<p>Una giornata rivolta agli educatori e agli insegnanti della fascia 0 \u2013 6 anni dedicata all\u2019importanza dell\u2019esperienza sensoriale nei primi anni di vita, con interventi di esperti che porteranno contributi teorici e pratici su strumenti e metodologie educative capaci di stimolare la crescita armonica dei bambini. \u201cEducare nella prima infanzia significa gettare le fondamenta dello sviluppo cognitivo, emotivo e relazionale delle nuove generazioni. \u00c8 in questa fase che si formano le basi della curiosit\u00e0, della fiducia e della relazione con il mondo \u2014 afferma il sindaco, Oscar De Pellegrin \u2014. E\u2019 dunque fondamentale non solo garantire servizi, ma anche creare contesti educativi stimolanti, innovativi e di qualit\u00e0. In questo senso, iniziative come questa rappresentano un investimento culturale e sociale, che valorizza il ruolo degli educatori e degli insegnanti e rafforza l\u2019intero sistema educativo del territorio.\u201d<\/p>\n<p>\u201cQuesta iniziativa rappresenta un ulteriore passo nel percorso di cura e attenzione che il Comune di Belluno riserva al mondo dell\u2019infanzia e delle famiglie \u2014 commenta l\u2019assessore alle Politiche educative e Istruzione, Roberta Olivotto \u2014. Ringrazio il Coordinamento Pedagogico Territoriale e la sua coordinatrice, la dottoressa Federica Carlot &#8211; psicologa dell\u2019educazione e dipendente del Comune, responsabile dell\u2019organizzazione del convegno e della gestione del Coordinamento stesso &#8211; per aver costruito un\u2019occasione preziosa di confronto e formazione. Un appuntamento che contribuisce a rafforzare la qualit\u00e0 dei servizi educativi e a sostenere il lavoro di chi, ogni giorno, accompagna i nostri bambini nel loro percorso di crescita\u201d.<\/p>\n<p><strong>Programma della mattinata al Teatro \u201cDino Buzzati\u201d<\/strong><\/p>\n<p>\u2022 09.30 \u2014 Saluti istituzionali e saluti alle autorit\u00e0<br \/>\nCon il Sindaco Oscar De Pellegrin e l\u2019Assessore alle Politiche educative e Istruzione Roberta Olivotto<br \/>\n\u2022 10.00 \u2014 \u201cL\u2019albo illustrato e la sua animazione, come strumento di cura educativa\u201d. Relatrice: Laura Elia<br \/>\n\u2022 10.45 \u2014 \u201cLa cura del gesto, dal tattilismo alla manipolazione: il frottage creativo\u201d. Relatore: Roberto Pittarello<br \/>\n\u2022 11.30 \u2014 \u201cLa magia dei suoni. Dall\u2019orchestra primordiale al dialogo sonoro nell\u2019infanzia\u201d. Relatrice: Silvia Azzolin<br \/>\n\u2022 12.15 \u2014 Conclusione e saluti<\/p>\n<p>&nbsp;<\/p>\n<p><strong>Workshop del pomeriggio alla scuola Gabelli di Belluno<\/strong><\/p>\n<p>I laboratori andranno a tradurre in pratica quanto ascoltato e appreso in mattinata.<br \/>\n\u2022 Workshop 1 (14.00-15.00) \u2014 \u201cIncontriamoci ascoltandoci\u201d<br \/>\nEsperienze di relazione sonora attraverso suoni, giochi cantati e musiche con Silvia Azzolin<br \/>\n\u2022 Workshop 2 (15.00-16.00) \u2014 \u201cIl libro bianco e i libri senza parole\u201d. Laboratorio creativo per creare un libro senza testo che comunichi con forme e colori con Roberto Pittarello<br \/>\n\u2022 Workshop 3 (14.00-16.00) \u2014 \u201cAlbi illustrati\u201d. Esperienze di utilizzo del corpo e della voce quali strumenti di animazione della lettura e della relazione educativa con il bambino con Laura Elia<\/p>\n<p>Relatori<br \/>\n\u2022 Laura Elia \u2014 Docente presso l\u2019Area di pedagogia in IUSVE, e\u0300 da anni impegnata con offerte formative per l\u2019infanzia e l\u2019adolescenza e nella formazione degli adulti che con queste fasce d\u2019eta\u0300 si relazionano. Particolarmente formata sulla metodologia di teatro sociale e sulla pedagogia di Paulo Freire, opera in vari contesti a supporto del benessere personale e relazionale delle persone, affiancando anche la lettura animata degli albi illustrati e delle fiabe quali strumenti educativi.<\/p>\n<p>\u2022 Roberto Pittarello \u2014 Laureato in lettere ha tenuto i corsi di \u201cDidattica delle arti visive&#8221; e \u201cLaboratorio di attivita\u0300 espressive grafiche e plastiche\u201d alla Facolta\u0300 di Scienze della Formazione Primaria dell&#8217;Ateneo di Padova. Da oltre un trentennio progetta e anima i laboratori creativi sui linguaggi tattile, visivo e di scrittura interiore con bambini, ragazzi e adulti.<\/p>\n<p>\u2022 Silvia Azzolin \u2014 Laureata in lettere moderne e musicologia, diploma di conservatorio, Insegnante di scuola dell\u2019Infanzia, primaria e secondaria, esperta di musica. Tiene numerosi corsi di aggiornamento per docenti di scuola d\u2019infanzia e primaria, per enti, associazioni e istituzioni scolastiche. Oltre a essere autrice di contributi relativi alla didattica musicale nella scuola d\u2019infanzia, ha curato in collaborazione la pubblicazione di canti infantili di tradizione veneta.<\/p>\n<p><strong>Iscrizioni<\/strong><\/p>\n<p>La partecipazione \u00e8 gratuita ma l\u2019iscrizione \u00e8 obbligatoria.<br \/>\nPer iscriversi: tramite il QR code in locandina o al link dedicato.<br \/>\nPer informazioni: cell. 327 894 9693 \u2014 cptbelluno@gmail.com<\/p>","protected":false},"excerpt":{"rendered":"<p>Dal dire al fare: sensi in gioco per crescere. Nella mattinata di sabato 27 settembre 2025, al Teatro comunale \u201cDino Buzzati\u201d di Belluno, si terr\u00e0 il convegno promosso dal Coordinamento Pedagogico Territoriale di Belluno, in collaborazione con il Comune di Belluno. Una giornata rivolta agli educatori e agli insegnanti della fascia 0 \u2013 6 anni [&hellip;]<\/p>\n","protected":false},"author":2,"featured_media":155535,"comment_status":"closed","ping_status":"open","sticky":false,"template":"","format":"standard","meta":{"footnotes":""},"categories":[25,15],"tags":[],"class_list":["post-163606","post","type-post","status-publish","format-standard","has-post-thumbnail","category-pausa-caffe","category-scuola"],"yoast_head":"<!-- This site is optimized with the Yoast SEO plugin v28.4 - https:\/\/yoast.com\/product\/yoast-seo-wordpress\/ -->\n<title>Il convegno. Dal dire al fare: sensi in gioco per crescere. Sabato al Comunale - Bellunopress - Dolomiti<\/title>\n<meta name=\"robots\" content=\"index, follow, max-snippet:-1, max-image-preview:large, max-video-preview:-1\" \/>\n<link rel=\"canonical\" href=\"https:\/\/www.bellunopress.it\/fr\/2025\/09\/25\/il-convegno-dal-dire-al-fare-sensi-in-gioco-per-crescere-sabato-al-comunale\/\" \/>\n<meta property=\"og:locale\" content=\"fr_FR\" \/>\n<meta property=\"og:type\" content=\"article\" \/>\n<meta property=\"og:title\" content=\"Il convegno. Dal dire al fare: sensi in gioco per crescere. Sabato al Comunale - Bellunopress - Dolomiti\" \/>\n<meta property=\"og:description\" content=\"Dal dire al fare: sensi in gioco per crescere. Nella mattinata di sabato 27 settembre 2025, al Teatro comunale \u201cDino Buzzati\u201d di Belluno, si terr\u00e0 il convegno promosso dal Coordinamento Pedagogico Territoriale di Belluno, in collaborazione con il Comune di Belluno. Una giornata rivolta agli educatori e agli insegnanti della fascia 0 \u2013 6 anni [&hellip;]\" \/>\n<meta property=\"og:url\" content=\"https:\/\/www.bellunopress.it\/fr\/2025\/09\/25\/il-convegno-dal-dire-al-fare-sensi-in-gioco-per-crescere-sabato-al-comunale\/\" \/>\n<meta property=\"og:site_name\" content=\"Bellunopress - Dolomiti\" \/>\n<meta property=\"article:publisher\" content=\"https:\/\/www.facebook.com\/profile.php?id=100008943462799\" \/>\n<meta property=\"article:published_time\" content=\"2025-09-25T15:11:44+00:00\" \/>\n<meta property=\"og:image\" content=\"https:\/\/www.bellunopress.it\/wp-content\/uploads\/2024\/11\/teatro-comunale-dino-buzzati.jpg\" \/>\n\t<meta property=\"og:image:width\" content=\"1000\" \/>\n\t<meta property=\"og:image:height\" content=\"750\" \/>\n\t<meta property=\"og:image:type\" content=\"image\/jpeg\" \/>\n<meta name=\"author\" content=\"redazione\" \/>\n<meta name=\"twitter:card\" content=\"summary_large_image\" \/>\n<meta name=\"twitter:creator\" content=\"@bellunopress\" \/>\n<meta name=\"twitter:site\" content=\"@bellunopress\" \/>\n<meta name=\"twitter:label1\" content=\"\u00c9crit par\" \/>\n\t<meta name=\"twitter:data1\" content=\"redazione\" \/>\n\t<meta name=\"twitter:label2\" content=\"Dur\u00e9e de lecture estim\u00e9e\" \/>\n\t<meta name=\"twitter:data2\" content=\"3 minutes\" \/>\n<script type=\"application\/ld+json\" class=\"yoast-schema-graph\">{\"@context\":\"https:\\\/\\\/schema.org\",\"@graph\":[{\"@type\":\"Article\",\"@id\":\"https:\\\/\\\/www.bellunopress.it\\\/2025\\\/09\\\/25\\\/il-convegno-dal-dire-al-fare-sensi-in-gioco-per-crescere-sabato-al-comunale\\\/#article\",\"isPartOf\":{\"@id\":\"https:\\\/\\\/www.bellunopress.it\\\/2025\\\/09\\\/25\\\/il-convegno-dal-dire-al-fare-sensi-in-gioco-per-crescere-sabato-al-comunale\\\/\"},\"author\":{\"name\":\"redazione\",\"@id\":\"https:\\\/\\\/www.bellunopress.it\\\/#\\\/schema\\\/person\\\/79bb06722b37ece1c03d3e94beb30d73\"},\"headline\":\"Il convegno. Dal dire al fare: sensi in gioco per crescere. Sabato al Comunale\",\"datePublished\":\"2025-09-25T15:11:44+00:00\",\"mainEntityOfPage\":{\"@id\":\"https:\\\/\\\/www.bellunopress.it\\\/2025\\\/09\\\/25\\\/il-convegno-dal-dire-al-fare-sensi-in-gioco-per-crescere-sabato-al-comunale\\\/\"},\"wordCount\":701,\"publisher\":{\"@id\":\"https:\\\/\\\/www.bellunopress.it\\\/#organization\"},\"image\":{\"@id\":\"https:\\\/\\\/www.bellunopress.it\\\/2025\\\/09\\\/25\\\/il-convegno-dal-dire-al-fare-sensi-in-gioco-per-crescere-sabato-al-comunale\\\/#primaryimage\"},\"thumbnailUrl\":\"https:\\\/\\\/www.bellunopress.it\\\/wp-content\\\/uploads\\\/2024\\\/11\\\/teatro-comunale-dino-buzzati.jpg\",\"articleSection\":[\"Pausa Caff\u00e8\",\"Scuola\"],\"inLanguage\":\"fr-FR\"},{\"@type\":\"WebPage\",\"@id\":\"https:\\\/\\\/www.bellunopress.it\\\/2025\\\/09\\\/25\\\/il-convegno-dal-dire-al-fare-sensi-in-gioco-per-crescere-sabato-al-comunale\\\/\",\"url\":\"https:\\\/\\\/www.bellunopress.it\\\/2025\\\/09\\\/25\\\/il-convegno-dal-dire-al-fare-sensi-in-gioco-per-crescere-sabato-al-comunale\\\/\",\"name\":\"Il convegno. Dal dire al fare: sensi in gioco per crescere. Sabato al Comunale - Bellunopress - Dolomiti\",\"isPartOf\":{\"@id\":\"https:\\\/\\\/www.bellunopress.it\\\/#website\"},\"primaryImageOfPage\":{\"@id\":\"https:\\\/\\\/www.bellunopress.it\\\/2025\\\/09\\\/25\\\/il-convegno-dal-dire-al-fare-sensi-in-gioco-per-crescere-sabato-al-comunale\\\/#primaryimage\"},\"image\":{\"@id\":\"https:\\\/\\\/www.bellunopress.it\\\/2025\\\/09\\\/25\\\/il-convegno-dal-dire-al-fare-sensi-in-gioco-per-crescere-sabato-al-comunale\\\/#primaryimage\"},\"thumbnailUrl\":\"https:\\\/\\\/www.bellunopress.it\\\/wp-content\\\/uploads\\\/2024\\\/11\\\/teatro-comunale-dino-buzzati.jpg\",\"datePublished\":\"2025-09-25T15:11:44+00:00\",\"breadcrumb\":{\"@id\":\"https:\\\/\\\/www.bellunopress.it\\\/2025\\\/09\\\/25\\\/il-convegno-dal-dire-al-fare-sensi-in-gioco-per-crescere-sabato-al-comunale\\\/#breadcrumb\"},\"inLanguage\":\"fr-FR\",\"potentialAction\":[{\"@type\":\"ReadAction\",\"target\":[\"https:\\\/\\\/www.bellunopress.it\\\/2025\\\/09\\\/25\\\/il-convegno-dal-dire-al-fare-sensi-in-gioco-per-crescere-sabato-al-comunale\\\/\"]}]},{\"@type\":\"ImageObject\",\"inLanguage\":\"fr-FR\",\"@id\":\"https:\\\/\\\/www.bellunopress.it\\\/2025\\\/09\\\/25\\\/il-convegno-dal-dire-al-fare-sensi-in-gioco-per-crescere-sabato-al-comunale\\\/#primaryimage\",\"url\":\"https:\\\/\\\/www.bellunopress.it\\\/wp-content\\\/uploads\\\/2024\\\/11\\\/teatro-comunale-dino-buzzati.jpg\",\"contentUrl\":\"https:\\\/\\\/www.bellunopress.it\\\/wp-content\\\/uploads\\\/2024\\\/11\\\/teatro-comunale-dino-buzzati.jpg\",\"width\":1000,\"height\":750,\"caption\":\"Teatro Comunale \\\"Dino Buzzati\\\" di Belluno\"},{\"@type\":\"BreadcrumbList\",\"@id\":\"https:\\\/\\\/www.bellunopress.it\\\/2025\\\/09\\\/25\\\/il-convegno-dal-dire-al-fare-sensi-in-gioco-per-crescere-sabato-al-comunale\\\/#breadcrumb\",\"itemListElement\":[{\"@type\":\"ListItem\",\"position\":1,\"name\":\"Home\",\"item\":\"https:\\\/\\\/www.bellunopress.it\\\/\"},{\"@type\":\"ListItem\",\"position\":2,\"name\":\"Il convegno. Dal dire al fare: sensi in gioco per crescere. Sabato al Comunale\"}]},{\"@type\":\"WebSite\",\"@id\":\"https:\\\/\\\/www.bellunopress.it\\\/#website\",\"url\":\"https:\\\/\\\/www.bellunopress.it\\\/\",\"name\":\"Bellunopress - Dolomiti\",\"description\":\"e-mail: redazione@bellunopress.it\",\"publisher\":{\"@id\":\"https:\\\/\\\/www.bellunopress.it\\\/#organization\"},\"potentialAction\":[{\"@type\":\"SearchAction\",\"target\":{\"@type\":\"EntryPoint\",\"urlTemplate\":\"https:\\\/\\\/www.bellunopress.it\\\/?s={search_term_string}\"},\"query-input\":{\"@type\":\"PropertyValueSpecification\",\"valueRequired\":true,\"valueName\":\"search_term_string\"}}],\"inLanguage\":\"fr-FR\"},{\"@type\":\"Organization\",\"@id\":\"https:\\\/\\\/www.bellunopress.it\\\/#organization\",\"name\":\"Bellunopress\",\"url\":\"https:\\\/\\\/www.bellunopress.it\\\/\",\"logo\":{\"@type\":\"ImageObject\",\"inLanguage\":\"fr-FR\",\"@id\":\"https:\\\/\\\/www.bellunopress.it\\\/#\\\/schema\\\/logo\\\/image\\\/\",\"url\":\"https:\\\/\\\/www.bellunopress.it\\\/wp-content\\\/uploads\\\/2011\\\/05\\\/cropped-logo-bellunopress-.jpg\",\"contentUrl\":\"https:\\\/\\\/www.bellunopress.it\\\/wp-content\\\/uploads\\\/2011\\\/05\\\/cropped-logo-bellunopress-.jpg\",\"width\":512,\"height\":512,\"caption\":\"Bellunopress\"},\"image\":{\"@id\":\"https:\\\/\\\/www.bellunopress.it\\\/#\\\/schema\\\/logo\\\/image\\\/\"},\"sameAs\":[\"https:\\\/\\\/www.facebook.com\\\/profile.php?id=100008943462799\",\"https:\\\/\\\/x.com\\\/bellunopress\",\"https:\\\/\\\/www.linkedin.com\\\/hp\\\/?dnr=JBzUWaJfMUw8vbXJJ2tVW5-I3jZKvC4wsoxE&amp;amp;amp;amp;amp;amp;trk=nav_responsive_tab_home\",\"https:\\\/\\\/www.youtube.com\\\/channel\\\/UCxL0wu1uN0_3_7hGG0306cw\"]},{\"@type\":\"Person\",\"@id\":\"https:\\\/\\\/www.bellunopress.it\\\/#\\\/schema\\\/person\\\/79bb06722b37ece1c03d3e94beb30d73\",\"name\":\"redazione\",\"image\":{\"@type\":\"ImageObject\",\"inLanguage\":\"fr-FR\",\"@id\":\"https:\\\/\\\/secure.gravatar.com\\\/avatar\\\/37d968a2e67a6fd04c169c4bdef102d0bc5d31b2546345219e348575eb80e9a0?s=96&d=mm&r=g\",\"url\":\"https:\\\/\\\/secure.gravatar.com\\\/avatar\\\/37d968a2e67a6fd04c169c4bdef102d0bc5d31b2546345219e348575eb80e9a0?s=96&d=mm&r=g\",\"contentUrl\":\"https:\\\/\\\/secure.gravatar.com\\\/avatar\\\/37d968a2e67a6fd04c169c4bdef102d0bc5d31b2546345219e348575eb80e9a0?s=96&d=mm&r=g\",\"caption\":\"redazione\"},\"sameAs\":[\"http:\\\/\\\/www.bellunopress.it\",\"https:\\\/\\\/x.com\\\/bellunopress\"],\"url\":\"https:\\\/\\\/www.bellunopress.it\\\/fr\\\/author\\\/redazione\\\/\"}]}<\/script>\n<!-- \/ Yoast SEO plugin. -->","yoast_head_json":{"title":"Il convegno. Dal dire al fare: sensi in gioco per crescere. Sabato al Comunale - Bellunopress - Dolomiti","robots":{"index":"index","follow":"follow","max-snippet":"max-snippet:-1","max-image-preview":"max-image-preview:large","max-video-preview":"max-video-preview:-1"},"canonical":"https:\/\/www.bellunopress.it\/fr\/2025\/09\/25\/il-convegno-dal-dire-al-fare-sensi-in-gioco-per-crescere-sabato-al-comunale\/","og_locale":"fr_FR","og_type":"article","og_title":"Il convegno. Dal dire al fare: sensi in gioco per crescere. Sabato al Comunale - Bellunopress - Dolomiti","og_description":"Dal dire al fare: sensi in gioco per crescere. Nella mattinata di sabato 27 settembre 2025, al Teatro comunale \u201cDino Buzzati\u201d di Belluno, si terr\u00e0 il convegno promosso dal Coordinamento Pedagogico Territoriale di Belluno, in collaborazione con il Comune di Belluno. Una giornata rivolta agli educatori e agli insegnanti della fascia 0 \u2013 6 anni [&hellip;]","og_url":"https:\/\/www.bellunopress.it\/fr\/2025\/09\/25\/il-convegno-dal-dire-al-fare-sensi-in-gioco-per-crescere-sabato-al-comunale\/","og_site_name":"Bellunopress - Dolomiti","article_publisher":"https:\/\/www.facebook.com\/profile.php?id=100008943462799","article_published_time":"2025-09-25T15:11:44+00:00","og_image":[{"width":1000,"height":750,"url":"https:\/\/www.bellunopress.it\/wp-content\/uploads\/2024\/11\/teatro-comunale-dino-buzzati.jpg","type":"image\/jpeg"}],"author":"redazione","twitter_card":"summary_large_image","twitter_creator":"@bellunopress","twitter_site":"@bellunopress","twitter_misc":{"\u00c9crit par":"redazione","Dur\u00e9e de lecture estim\u00e9e":"3 minutes"},"schema":{"@context":"https:\/\/schema.org","@graph":[{"@type":"Article","@id":"https:\/\/www.bellunopress.it\/2025\/09\/25\/il-convegno-dal-dire-al-fare-sensi-in-gioco-per-crescere-sabato-al-comunale\/#article","isPartOf":{"@id":"https:\/\/www.bellunopress.it\/2025\/09\/25\/il-convegno-dal-dire-al-fare-sensi-in-gioco-per-crescere-sabato-al-comunale\/"},"author":{"name":"redazione","@id":"https:\/\/www.bellunopress.it\/#\/schema\/person\/79bb06722b37ece1c03d3e94beb30d73"},"headline":"Il convegno. Dal dire al fare: sensi in gioco per crescere. Sabato al Comunale","datePublished":"2025-09-25T15:11:44+00:00","mainEntityOfPage":{"@id":"https:\/\/www.bellunopress.it\/2025\/09\/25\/il-convegno-dal-dire-al-fare-sensi-in-gioco-per-crescere-sabato-al-comunale\/"},"wordCount":701,"publisher":{"@id":"https:\/\/www.bellunopress.it\/#organization"},"image":{"@id":"https:\/\/www.bellunopress.it\/2025\/09\/25\/il-convegno-dal-dire-al-fare-sensi-in-gioco-per-crescere-sabato-al-comunale\/#primaryimage"},"thumbnailUrl":"https:\/\/www.bellunopress.it\/wp-content\/uploads\/2024\/11\/teatro-comunale-dino-buzzati.jpg","articleSection":["Pausa Caff\u00e8","Scuola"],"inLanguage":"fr-FR"},{"@type":"WebPage","@id":"https:\/\/www.bellunopress.it\/2025\/09\/25\/il-convegno-dal-dire-al-fare-sensi-in-gioco-per-crescere-sabato-al-comunale\/","url":"https:\/\/www.bellunopress.it\/2025\/09\/25\/il-convegno-dal-dire-al-fare-sensi-in-gioco-per-crescere-sabato-al-comunale\/","name":"Il convegno. Dal dire al fare: sensi in gioco per crescere. Sabato al Comunale - Bellunopress - Dolomiti","isPartOf":{"@id":"https:\/\/www.bellunopress.it\/#website"},"primaryImageOfPage":{"@id":"https:\/\/www.bellunopress.it\/2025\/09\/25\/il-convegno-dal-dire-al-fare-sensi-in-gioco-per-crescere-sabato-al-comunale\/#primaryimage"},"image":{"@id":"https:\/\/www.bellunopress.it\/2025\/09\/25\/il-convegno-dal-dire-al-fare-sensi-in-gioco-per-crescere-sabato-al-comunale\/#primaryimage"},"thumbnailUrl":"https:\/\/www.bellunopress.it\/wp-content\/uploads\/2024\/11\/teatro-comunale-dino-buzzati.jpg","datePublished":"2025-09-25T15:11:44+00:00","breadcrumb":{"@id":"https:\/\/www.bellunopress.it\/2025\/09\/25\/il-convegno-dal-dire-al-fare-sensi-in-gioco-per-crescere-sabato-al-comunale\/#breadcrumb"},"inLanguage":"fr-FR","potentialAction":[{"@type":"ReadAction","target":["https:\/\/www.bellunopress.it\/2025\/09\/25\/il-convegno-dal-dire-al-fare-sensi-in-gioco-per-crescere-sabato-al-comunale\/"]}]},{"@type":"ImageObject","inLanguage":"fr-FR","@id":"https:\/\/www.bellunopress.it\/2025\/09\/25\/il-convegno-dal-dire-al-fare-sensi-in-gioco-per-crescere-sabato-al-comunale\/#primaryimage","url":"https:\/\/www.bellunopress.it\/wp-content\/uploads\/2024\/11\/teatro-comunale-dino-buzzati.jpg","contentUrl":"https:\/\/www.bellunopress.it\/wp-content\/uploads\/2024\/11\/teatro-comunale-dino-buzzati.jpg","width":1000,"height":750,"caption":"Teatro Comunale \"Dino Buzzati\" di Belluno"},{"@type":"BreadcrumbList","@id":"https:\/\/www.bellunopress.it\/2025\/09\/25\/il-convegno-dal-dire-al-fare-sensi-in-gioco-per-crescere-sabato-al-comunale\/#breadcrumb","itemListElement":[{"@type":"ListItem","position":1,"name":"Home","item":"https:\/\/www.bellunopress.it\/"},{"@type":"ListItem","position":2,"name":"Il convegno. Dal dire al fare: sensi in gioco per crescere. Sabato al Comunale"}]},{"@type":"WebSite","@id":"https:\/\/www.bellunopress.it\/#website","url":"https:\/\/www.bellunopress.it\/","name":"Bellunopress - Dolomiti","description":"e-mail: redazione@bellunopress.it","publisher":{"@id":"https:\/\/www.bellunopress.it\/#organization"},"potentialAction":[{"@type":"SearchAction","target":{"@type":"EntryPoint","urlTemplate":"https:\/\/www.bellunopress.it\/?s={search_term_string}"},"query-input":{"@type":"PropertyValueSpecification","valueRequired":true,"valueName":"search_term_string"}}],"inLanguage":"fr-FR"},{"@type":"Organization","@id":"https:\/\/www.bellunopress.it\/#organization","name":"Bellunopress","url":"https:\/\/www.bellunopress.it\/","logo":{"@type":"ImageObject","inLanguage":"fr-FR","@id":"https:\/\/www.bellunopress.it\/#\/schema\/logo\/image\/","url":"https:\/\/www.bellunopress.it\/wp-content\/uploads\/2011\/05\/cropped-logo-bellunopress-.jpg","contentUrl":"https:\/\/www.bellunopress.it\/wp-content\/uploads\/2011\/05\/cropped-logo-bellunopress-.jpg","width":512,"height":512,"caption":"Bellunopress"},"image":{"@id":"https:\/\/www.bellunopress.it\/#\/schema\/logo\/image\/"},"sameAs":["https:\/\/www.facebook.com\/profile.php?id=100008943462799","https:\/\/x.com\/bellunopress","https:\/\/www.linkedin.com\/hp\/?dnr=JBzUWaJfMUw8vbXJJ2tVW5-I3jZKvC4wsoxE&amp;amp;amp;amp;amp;amp;trk=nav_responsive_tab_home","https:\/\/www.youtube.com\/channel\/UCxL0wu1uN0_3_7hGG0306cw"]},{"@type":"Person","@id":"https:\/\/www.bellunopress.it\/#\/schema\/person\/79bb06722b37ece1c03d3e94beb30d73","name":"r\u00e9daction","image":{"@type":"ImageObject","inLanguage":"fr-FR","@id":"https:\/\/secure.gravatar.com\/avatar\/37d968a2e67a6fd04c169c4bdef102d0bc5d31b2546345219e348575eb80e9a0?s=96&d=mm&r=g","url":"https:\/\/secure.gravatar.com\/avatar\/37d968a2e67a6fd04c169c4bdef102d0bc5d31b2546345219e348575eb80e9a0?s=96&d=mm&r=g","contentUrl":"https:\/\/secure.gravatar.com\/avatar\/37d968a2e67a6fd04c169c4bdef102d0bc5d31b2546345219e348575eb80e9a0?s=96&d=mm&r=g","caption":"redazione"},"sameAs":["http:\/\/www.bellunopress.it","https:\/\/x.com\/bellunopress"],"url":"https:\/\/www.bellunopress.it\/fr\/author\/redazione\/"}]}},"_links":{"self":[{"href":"https:\/\/www.bellunopress.it\/fr\/wp-json\/wp\/v2\/posts\/163606","targetHints":{"allow":["GET"]}}],"collection":[{"href":"https:\/\/www.bellunopress.it\/fr\/wp-json\/wp\/v2\/posts"}],"about":[{"href":"https:\/\/www.bellunopress.it\/fr\/wp-json\/wp\/v2\/types\/post"}],"author":[{"embeddable":true,"href":"https:\/\/www.bellunopress.it\/fr\/wp-json\/wp\/v2\/users\/2"}],"replies":[{"embeddable":true,"href":"https:\/\/www.bellunopress.it\/fr\/wp-json\/wp\/v2\/comments?post=163606"}],"version-history":[{"count":1,"href":"https:\/\/www.bellunopress.it\/fr\/wp-json\/wp\/v2\/posts\/163606\/revisions"}],"predecessor-version":[{"id":163607,"href":"https:\/\/www.bellunopress.it\/fr\/wp-json\/wp\/v2\/posts\/163606\/revisions\/163607"}],"wp:featuredmedia":[{"embeddable":true,"href":"https:\/\/www.bellunopress.it\/fr\/wp-json\/wp\/v2\/media\/155535"}],"wp:attachment":[{"href":"https:\/\/www.bellunopress.it\/fr\/wp-json\/wp\/v2\/media?parent=163606"}],"wp:term":[{"taxonomy":"category","embeddable":true,"href":"https:\/\/www.bellunopress.it\/fr\/wp-json\/wp\/v2\/categories?post=163606"},{"taxonomy":"post_tag","embeddable":true,"href":"https:\/\/www.bellunopress.it\/fr\/wp-json\/wp\/v2\/tags?post=163606"}],"curies":[{"name":"wp","href":"https:\/\/api.w.org\/{rel}","templated":true}]}}