{"id":163525,"date":"2025-09-22T18:26:52","date_gmt":"2025-09-22T16:26:52","guid":{"rendered":"https:\/\/www.bellunopress.it\/?p=163525"},"modified":"2025-09-22T18:26:52","modified_gmt":"2025-09-22T16:26:52","slug":"belluno-un-ponte-verso-il-vietnam-la-cultura-apre-nuove-vie-per-leconomia","status":"publish","type":"post","link":"https:\/\/www.bellunopress.it\/fr\/2025\/09\/22\/belluno-un-ponte-verso-il-vietnam-la-cultura-apre-nuove-vie-per-leconomia\/","title":{"rendered":"Belluno, un ponte verso il Vietnam: la cultura apre nuove vie per l&#8217;economia"},"content":{"rendered":"<figure id=\"attachment_163526\" aria-describedby=\"caption-attachment-163526\" style=\"width: 800px\" class=\"wp-caption aligncenter\"><img loading=\"lazy\" decoding=\"async\" class=\"size-full wp-image-163526\" src=\"https:\/\/www.bellunopress.it\/wp-content\/uploads\/2025\/09\/Giulia-Burigo-e-a-Kim-Le-giovane-vietnamita-a-Belluno.jpg\" alt=\"\" width=\"800\" height=\"478\" srcset=\"https:\/\/www.bellunopress.it\/wp-content\/uploads\/2025\/09\/Giulia-Burigo-e-a-Kim-Le-giovane-vietnamita-a-Belluno.jpg 800w, https:\/\/www.bellunopress.it\/wp-content\/uploads\/2025\/09\/Giulia-Burigo-e-a-Kim-Le-giovane-vietnamita-a-Belluno-500x299.jpg 500w, https:\/\/www.bellunopress.it\/wp-content\/uploads\/2025\/09\/Giulia-Burigo-e-a-Kim-Le-giovane-vietnamita-a-Belluno-703x420.jpg 703w, https:\/\/www.bellunopress.it\/wp-content\/uploads\/2025\/09\/Giulia-Burigo-e-a-Kim-Le-giovane-vietnamita-a-Belluno-696x416.jpg 696w\" sizes=\"auto, (max-width: 800px) 100vw, 800px\" \/><figcaption id=\"caption-attachment-163526\" class=\"wp-caption-text\">Giulia Burigo e Kim L\u1ec7, giovane vietnamita a Belluno<\/figcaption><\/figure>\n<p>Dall&#8217;armonia con la natura alla forza d&#8217;animo, il Vietnam sbarca a Belluno, non solo come meta turistica, ma come nuovo partner commerciale. Un recente evento culturale, seguito dalla visita di due imprese vietnamite, ha acceso i riflettori su un potenziale di cooperazione economica finora inesplorato. \u00c8 l&#8217;inizio di una relazione che, partendo dalla cultura, punta a solidificare i legami tra le due nazioni.<\/p>\n<p>Tutto ha avuto inizio l\u201911 settembre scorso, con l\u2019evento \u201cAperitivo culturale Vietnamita\u201d all\u2019Urban Hub di Belluno. Oltre 60 persone hanno partecipato a un&#8217;esperienza guidate dalla psicologa bellunese Giulia Burigo, appena tornata da un viaggio nel paese asiatico, e dalla giovane vietnamita L\u00ea Th\u1ecb Kim L\u1ec7, che si \u00e8 appena stabilita a Belluno.<\/p>\n<p>Giulia Burigo ha raccontato il suo viaggio come un percorso di crescita personale, condividendo tre valori &#8220;invisibili&#8221; che l&#8217;hanno colpita: il rispetto per gli anziani, l\u2019armonia con la natura e la profonda resilienza del popolo vietnamita. &#8220;Il Vietnam non \u00e8 solo una meta turistica, ma un viaggio trasformativo,&#8221; ha affermato, sottolineando come questi valori possano essere un vero e proprio &#8220;souvenir invisibile&#8221; per i viaggiatori.<\/p>\n<p>La dottoressa Kim L\u1ec7 ha invece offerto al pubblico un racconto vivace e autentico. Con poche frasi in un italiano semplice e il suo abito tradizionale, l&#8217;ao dai, ha conquistato i presenti. Ha svelato misteri come il &#8220;mese dei fantasmi&#8221; e la tradizione del Vu Lan, e ha incuriosito con aneddoti sul caff\u00e8 civetta e l&#8217;uovo fecondato. Il pubblico si \u00e8 divertito a provare a leggere il vietnamita, dimostrando come la cultura possa creare ponti in modo spontaneo e coinvolgente.<\/p>\n<p>Il vero risultato di questa serata \u00e8 arrivato pochi giorni dopo, quando Belluno ha accolto le prime due imprese vietnamite, il Nara International Institute e l&#8217;organizzazione Gerimmi. I rappresentanti sono arrivati in citt\u00e0 per esplorare opportunit\u00e0 di collaborazione nel turismo, nell&#8217;istruzione e nella cultura.<\/p>\n<p>In soli due giorni, le delegazioni vietnamite hanno visitato il Centro Consorzi, Enaip e il Liceo Dal Pia, gettando le basi per progetti futuri nel 2026. La loro visita \u00e8 stata anche un\u2019occasione per scoprire le potenzialit\u00e0 del territorio bellunese, che li ha accolti con la praticit\u00e0 dei trasporti locali, la bellezza mozzafiato dei paesaggi e la cordialit\u00e0 delle persone.<\/p>\n<p>Secondo la dottoressa Kim, che ha conseguito un master in Polonia e ha una passione per lo sviluppo del turismo sostenibile, eventi come questo dimostrano che la cultura vietnamita non \u00e8 un bene esclusivo di una nazione, ma un dono da condividere. &#8220;Chiunque, anche con poche parole, pu\u00f2 diventare un ambasciatore culturale,&#8221; ha dichiarato, sottolineando come le &#8220;recensioni invisibili&#8221; fatte di racconti ed esperienze autentiche siano il vero vantaggio competitivo nell&#8217;era della globalizzazione.<\/p>\n<p>L&#8217;evento ha confermato che non \u00e8 necessario andare lontano per conoscere il mondo. Belluno ha dimostrato di essere pronta a diventare un punto di riferimento per la cooperazione internazionale, offrendo alle imprese vietnamite un&#8217;accoglienza calorosa e l\u2019opportunit\u00e0 di costruire un futuro di sviluppo e collaborazione. Questo \u00e8 il primo passo: la cultura ha aperto la porta, e ora spetta alle imprese bellunesi cogliere il potenziale economico che si \u00e8 manifestato.<\/p>","protected":false},"excerpt":{"rendered":"<p>Dall&#8217;armonia con la natura alla forza d&#8217;animo, il Vietnam sbarca a Belluno, non solo come meta turistica, ma come nuovo partner commerciale. Un recente evento culturale, seguito dalla visita di due imprese vietnamite, ha acceso i riflettori su un potenziale di cooperazione economica finora inesplorato. \u00c8 l&#8217;inizio di una relazione che, partendo dalla cultura, punta [&hellip;]<\/p>\n","protected":false},"author":2,"featured_media":163526,"comment_status":"closed","ping_status":"open","sticky":false,"template":"","format":"standard","meta":{"footnotes":""},"categories":[26,8],"tags":[],"class_list":["post-163525","post","type-post","status-publish","format-standard","has-post-thumbnail","category-prima-pagina","category-societa-istituzioni"],"yoast_head":"<!-- This site is optimized with the Yoast SEO plugin v28.4 - https:\/\/yoast.com\/product\/yoast-seo-wordpress\/ -->\n<title>Belluno, un ponte verso il Vietnam: la cultura apre nuove vie per l&#039;economia - Bellunopress - Dolomiti<\/title>\n<meta name=\"robots\" content=\"index, follow, max-snippet:-1, max-image-preview:large, max-video-preview:-1\" \/>\n<link rel=\"canonical\" href=\"https:\/\/www.bellunopress.it\/fr\/2025\/09\/22\/belluno-un-ponte-verso-il-vietnam-la-cultura-apre-nuove-vie-per-leconomia\/\" \/>\n<meta property=\"og:locale\" content=\"fr_FR\" \/>\n<meta property=\"og:type\" content=\"article\" \/>\n<meta property=\"og:title\" content=\"Belluno, un ponte verso il Vietnam: la cultura apre nuove vie per l&#039;economia - Bellunopress - Dolomiti\" \/>\n<meta property=\"og:description\" content=\"Dall&#8217;armonia con la natura alla forza d&#8217;animo, il Vietnam sbarca a Belluno, non solo come meta turistica, ma come nuovo partner commerciale. Un recente evento culturale, seguito dalla visita di due imprese vietnamite, ha acceso i riflettori su un potenziale di cooperazione economica finora inesplorato. \u00c8 l&#8217;inizio di una relazione che, partendo dalla cultura, punta [&hellip;]\" \/>\n<meta property=\"og:url\" content=\"https:\/\/www.bellunopress.it\/fr\/2025\/09\/22\/belluno-un-ponte-verso-il-vietnam-la-cultura-apre-nuove-vie-per-leconomia\/\" \/>\n<meta property=\"og:site_name\" content=\"Bellunopress - Dolomiti\" \/>\n<meta property=\"article:publisher\" content=\"https:\/\/www.facebook.com\/profile.php?id=100008943462799\" \/>\n<meta property=\"article:published_time\" content=\"2025-09-22T16:26:52+00:00\" \/>\n<meta property=\"og:image\" content=\"https:\/\/www.bellunopress.it\/wp-content\/uploads\/2025\/09\/Giulia-Burigo-e-a-Kim-Le-giovane-vietnamita-a-Belluno.jpg\" \/>\n\t<meta property=\"og:image:width\" content=\"800\" \/>\n\t<meta property=\"og:image:height\" content=\"478\" \/>\n\t<meta property=\"og:image:type\" content=\"image\/jpeg\" \/>\n<meta name=\"author\" content=\"redazione\" \/>\n<meta name=\"twitter:card\" content=\"summary_large_image\" \/>\n<meta name=\"twitter:creator\" content=\"@bellunopress\" \/>\n<meta name=\"twitter:site\" content=\"@bellunopress\" \/>\n<meta name=\"twitter:label1\" content=\"\u00c9crit par\" \/>\n\t<meta name=\"twitter:data1\" content=\"redazione\" \/>\n\t<meta name=\"twitter:label2\" content=\"Dur\u00e9e de lecture estim\u00e9e\" \/>\n\t<meta name=\"twitter:data2\" content=\"3 minutes\" \/>\n<script type=\"application\/ld+json\" class=\"yoast-schema-graph\">{\"@context\":\"https:\\\/\\\/schema.org\",\"@graph\":[{\"@type\":\"Article\",\"@id\":\"https:\\\/\\\/www.bellunopress.it\\\/2025\\\/09\\\/22\\\/belluno-un-ponte-verso-il-vietnam-la-cultura-apre-nuove-vie-per-leconomia\\\/#article\",\"isPartOf\":{\"@id\":\"https:\\\/\\\/www.bellunopress.it\\\/2025\\\/09\\\/22\\\/belluno-un-ponte-verso-il-vietnam-la-cultura-apre-nuove-vie-per-leconomia\\\/\"},\"author\":{\"name\":\"redazione\",\"@id\":\"https:\\\/\\\/www.bellunopress.it\\\/#\\\/schema\\\/person\\\/79bb06722b37ece1c03d3e94beb30d73\"},\"headline\":\"Belluno, un ponte verso il Vietnam: la cultura apre nuove vie per l&#8217;economia\",\"datePublished\":\"2025-09-22T16:26:52+00:00\",\"mainEntityOfPage\":{\"@id\":\"https:\\\/\\\/www.bellunopress.it\\\/2025\\\/09\\\/22\\\/belluno-un-ponte-verso-il-vietnam-la-cultura-apre-nuove-vie-per-leconomia\\\/\"},\"wordCount\":542,\"publisher\":{\"@id\":\"https:\\\/\\\/www.bellunopress.it\\\/#organization\"},\"image\":{\"@id\":\"https:\\\/\\\/www.bellunopress.it\\\/2025\\\/09\\\/22\\\/belluno-un-ponte-verso-il-vietnam-la-cultura-apre-nuove-vie-per-leconomia\\\/#primaryimage\"},\"thumbnailUrl\":\"https:\\\/\\\/www.bellunopress.it\\\/wp-content\\\/uploads\\\/2025\\\/09\\\/Giulia-Burigo-e-a-Kim-Le-giovane-vietnamita-a-Belluno.jpg\",\"articleSection\":[\"Prima Pagina\",\"Societ\u00e0, Associazioni, Istituzioni\"],\"inLanguage\":\"fr-FR\"},{\"@type\":\"WebPage\",\"@id\":\"https:\\\/\\\/www.bellunopress.it\\\/2025\\\/09\\\/22\\\/belluno-un-ponte-verso-il-vietnam-la-cultura-apre-nuove-vie-per-leconomia\\\/\",\"url\":\"https:\\\/\\\/www.bellunopress.it\\\/2025\\\/09\\\/22\\\/belluno-un-ponte-verso-il-vietnam-la-cultura-apre-nuove-vie-per-leconomia\\\/\",\"name\":\"Belluno, un ponte verso il Vietnam: la cultura apre nuove vie per l'economia - Bellunopress - Dolomiti\",\"isPartOf\":{\"@id\":\"https:\\\/\\\/www.bellunopress.it\\\/#website\"},\"primaryImageOfPage\":{\"@id\":\"https:\\\/\\\/www.bellunopress.it\\\/2025\\\/09\\\/22\\\/belluno-un-ponte-verso-il-vietnam-la-cultura-apre-nuove-vie-per-leconomia\\\/#primaryimage\"},\"image\":{\"@id\":\"https:\\\/\\\/www.bellunopress.it\\\/2025\\\/09\\\/22\\\/belluno-un-ponte-verso-il-vietnam-la-cultura-apre-nuove-vie-per-leconomia\\\/#primaryimage\"},\"thumbnailUrl\":\"https:\\\/\\\/www.bellunopress.it\\\/wp-content\\\/uploads\\\/2025\\\/09\\\/Giulia-Burigo-e-a-Kim-Le-giovane-vietnamita-a-Belluno.jpg\",\"datePublished\":\"2025-09-22T16:26:52+00:00\",\"breadcrumb\":{\"@id\":\"https:\\\/\\\/www.bellunopress.it\\\/2025\\\/09\\\/22\\\/belluno-un-ponte-verso-il-vietnam-la-cultura-apre-nuove-vie-per-leconomia\\\/#breadcrumb\"},\"inLanguage\":\"fr-FR\",\"potentialAction\":[{\"@type\":\"ReadAction\",\"target\":[\"https:\\\/\\\/www.bellunopress.it\\\/2025\\\/09\\\/22\\\/belluno-un-ponte-verso-il-vietnam-la-cultura-apre-nuove-vie-per-leconomia\\\/\"]}]},{\"@type\":\"ImageObject\",\"inLanguage\":\"fr-FR\",\"@id\":\"https:\\\/\\\/www.bellunopress.it\\\/2025\\\/09\\\/22\\\/belluno-un-ponte-verso-il-vietnam-la-cultura-apre-nuove-vie-per-leconomia\\\/#primaryimage\",\"url\":\"https:\\\/\\\/www.bellunopress.it\\\/wp-content\\\/uploads\\\/2025\\\/09\\\/Giulia-Burigo-e-a-Kim-Le-giovane-vietnamita-a-Belluno.jpg\",\"contentUrl\":\"https:\\\/\\\/www.bellunopress.it\\\/wp-content\\\/uploads\\\/2025\\\/09\\\/Giulia-Burigo-e-a-Kim-Le-giovane-vietnamita-a-Belluno.jpg\",\"width\":800,\"height\":478,\"caption\":\"Giulia Burigo e Kim L\u1ec7, giovane vietnamita a Belluno\"},{\"@type\":\"BreadcrumbList\",\"@id\":\"https:\\\/\\\/www.bellunopress.it\\\/2025\\\/09\\\/22\\\/belluno-un-ponte-verso-il-vietnam-la-cultura-apre-nuove-vie-per-leconomia\\\/#breadcrumb\",\"itemListElement\":[{\"@type\":\"ListItem\",\"position\":1,\"name\":\"Home\",\"item\":\"https:\\\/\\\/www.bellunopress.it\\\/\"},{\"@type\":\"ListItem\",\"position\":2,\"name\":\"Belluno, un ponte verso il Vietnam: la cultura apre nuove vie per l&#8217;economia\"}]},{\"@type\":\"WebSite\",\"@id\":\"https:\\\/\\\/www.bellunopress.it\\\/#website\",\"url\":\"https:\\\/\\\/www.bellunopress.it\\\/\",\"name\":\"Bellunopress - Dolomiti\",\"description\":\"e-mail: redazione@bellunopress.it\",\"publisher\":{\"@id\":\"https:\\\/\\\/www.bellunopress.it\\\/#organization\"},\"potentialAction\":[{\"@type\":\"SearchAction\",\"target\":{\"@type\":\"EntryPoint\",\"urlTemplate\":\"https:\\\/\\\/www.bellunopress.it\\\/?s={search_term_string}\"},\"query-input\":{\"@type\":\"PropertyValueSpecification\",\"valueRequired\":true,\"valueName\":\"search_term_string\"}}],\"inLanguage\":\"fr-FR\"},{\"@type\":\"Organization\",\"@id\":\"https:\\\/\\\/www.bellunopress.it\\\/#organization\",\"name\":\"Bellunopress\",\"url\":\"https:\\\/\\\/www.bellunopress.it\\\/\",\"logo\":{\"@type\":\"ImageObject\",\"inLanguage\":\"fr-FR\",\"@id\":\"https:\\\/\\\/www.bellunopress.it\\\/#\\\/schema\\\/logo\\\/image\\\/\",\"url\":\"https:\\\/\\\/www.bellunopress.it\\\/wp-content\\\/uploads\\\/2011\\\/05\\\/cropped-logo-bellunopress-.jpg\",\"contentUrl\":\"https:\\\/\\\/www.bellunopress.it\\\/wp-content\\\/uploads\\\/2011\\\/05\\\/cropped-logo-bellunopress-.jpg\",\"width\":512,\"height\":512,\"caption\":\"Bellunopress\"},\"image\":{\"@id\":\"https:\\\/\\\/www.bellunopress.it\\\/#\\\/schema\\\/logo\\\/image\\\/\"},\"sameAs\":[\"https:\\\/\\\/www.facebook.com\\\/profile.php?id=100008943462799\",\"https:\\\/\\\/x.com\\\/bellunopress\",\"https:\\\/\\\/www.linkedin.com\\\/hp\\\/?dnr=JBzUWaJfMUw8vbXJJ2tVW5-I3jZKvC4wsoxE&amp;amp;amp;amp;amp;amp;trk=nav_responsive_tab_home\",\"https:\\\/\\\/www.youtube.com\\\/channel\\\/UCxL0wu1uN0_3_7hGG0306cw\"]},{\"@type\":\"Person\",\"@id\":\"https:\\\/\\\/www.bellunopress.it\\\/#\\\/schema\\\/person\\\/79bb06722b37ece1c03d3e94beb30d73\",\"name\":\"redazione\",\"image\":{\"@type\":\"ImageObject\",\"inLanguage\":\"fr-FR\",\"@id\":\"https:\\\/\\\/secure.gravatar.com\\\/avatar\\\/37d968a2e67a6fd04c169c4bdef102d0bc5d31b2546345219e348575eb80e9a0?s=96&d=mm&r=g\",\"url\":\"https:\\\/\\\/secure.gravatar.com\\\/avatar\\\/37d968a2e67a6fd04c169c4bdef102d0bc5d31b2546345219e348575eb80e9a0?s=96&d=mm&r=g\",\"contentUrl\":\"https:\\\/\\\/secure.gravatar.com\\\/avatar\\\/37d968a2e67a6fd04c169c4bdef102d0bc5d31b2546345219e348575eb80e9a0?s=96&d=mm&r=g\",\"caption\":\"redazione\"},\"sameAs\":[\"http:\\\/\\\/www.bellunopress.it\",\"https:\\\/\\\/x.com\\\/bellunopress\"],\"url\":\"https:\\\/\\\/www.bellunopress.it\\\/fr\\\/author\\\/redazione\\\/\"}]}<\/script>\n<!-- \/ Yoast SEO plugin. -->","yoast_head_json":{"title":"Belluno, un ponte verso il Vietnam: la cultura apre nuove vie per l'economia - Bellunopress - Dolomiti","robots":{"index":"index","follow":"follow","max-snippet":"max-snippet:-1","max-image-preview":"max-image-preview:large","max-video-preview":"max-video-preview:-1"},"canonical":"https:\/\/www.bellunopress.it\/fr\/2025\/09\/22\/belluno-un-ponte-verso-il-vietnam-la-cultura-apre-nuove-vie-per-leconomia\/","og_locale":"fr_FR","og_type":"article","og_title":"Belluno, un ponte verso il Vietnam: la cultura apre nuove vie per l'economia - Bellunopress - Dolomiti","og_description":"Dall&#8217;armonia con la natura alla forza d&#8217;animo, il Vietnam sbarca a Belluno, non solo come meta turistica, ma come nuovo partner commerciale. Un recente evento culturale, seguito dalla visita di due imprese vietnamite, ha acceso i riflettori su un potenziale di cooperazione economica finora inesplorato. \u00c8 l&#8217;inizio di una relazione che, partendo dalla cultura, punta [&hellip;]","og_url":"https:\/\/www.bellunopress.it\/fr\/2025\/09\/22\/belluno-un-ponte-verso-il-vietnam-la-cultura-apre-nuove-vie-per-leconomia\/","og_site_name":"Bellunopress - Dolomiti","article_publisher":"https:\/\/www.facebook.com\/profile.php?id=100008943462799","article_published_time":"2025-09-22T16:26:52+00:00","og_image":[{"width":800,"height":478,"url":"https:\/\/www.bellunopress.it\/wp-content\/uploads\/2025\/09\/Giulia-Burigo-e-a-Kim-Le-giovane-vietnamita-a-Belluno.jpg","type":"image\/jpeg"}],"author":"redazione","twitter_card":"summary_large_image","twitter_creator":"@bellunopress","twitter_site":"@bellunopress","twitter_misc":{"\u00c9crit par":"redazione","Dur\u00e9e de lecture estim\u00e9e":"3 minutes"},"schema":{"@context":"https:\/\/schema.org","@graph":[{"@type":"Article","@id":"https:\/\/www.bellunopress.it\/2025\/09\/22\/belluno-un-ponte-verso-il-vietnam-la-cultura-apre-nuove-vie-per-leconomia\/#article","isPartOf":{"@id":"https:\/\/www.bellunopress.it\/2025\/09\/22\/belluno-un-ponte-verso-il-vietnam-la-cultura-apre-nuove-vie-per-leconomia\/"},"author":{"name":"redazione","@id":"https:\/\/www.bellunopress.it\/#\/schema\/person\/79bb06722b37ece1c03d3e94beb30d73"},"headline":"Belluno, un ponte verso il Vietnam: la cultura apre nuove vie per l&#8217;economia","datePublished":"2025-09-22T16:26:52+00:00","mainEntityOfPage":{"@id":"https:\/\/www.bellunopress.it\/2025\/09\/22\/belluno-un-ponte-verso-il-vietnam-la-cultura-apre-nuove-vie-per-leconomia\/"},"wordCount":542,"publisher":{"@id":"https:\/\/www.bellunopress.it\/#organization"},"image":{"@id":"https:\/\/www.bellunopress.it\/2025\/09\/22\/belluno-un-ponte-verso-il-vietnam-la-cultura-apre-nuove-vie-per-leconomia\/#primaryimage"},"thumbnailUrl":"https:\/\/www.bellunopress.it\/wp-content\/uploads\/2025\/09\/Giulia-Burigo-e-a-Kim-Le-giovane-vietnamita-a-Belluno.jpg","articleSection":["Prima Pagina","Societ\u00e0, Associazioni, Istituzioni"],"inLanguage":"fr-FR"},{"@type":"WebPage","@id":"https:\/\/www.bellunopress.it\/2025\/09\/22\/belluno-un-ponte-verso-il-vietnam-la-cultura-apre-nuove-vie-per-leconomia\/","url":"https:\/\/www.bellunopress.it\/2025\/09\/22\/belluno-un-ponte-verso-il-vietnam-la-cultura-apre-nuove-vie-per-leconomia\/","name":"Belluno, un ponte verso il Vietnam: la cultura apre nuove vie per l'economia - Bellunopress - Dolomiti","isPartOf":{"@id":"https:\/\/www.bellunopress.it\/#website"},"primaryImageOfPage":{"@id":"https:\/\/www.bellunopress.it\/2025\/09\/22\/belluno-un-ponte-verso-il-vietnam-la-cultura-apre-nuove-vie-per-leconomia\/#primaryimage"},"image":{"@id":"https:\/\/www.bellunopress.it\/2025\/09\/22\/belluno-un-ponte-verso-il-vietnam-la-cultura-apre-nuove-vie-per-leconomia\/#primaryimage"},"thumbnailUrl":"https:\/\/www.bellunopress.it\/wp-content\/uploads\/2025\/09\/Giulia-Burigo-e-a-Kim-Le-giovane-vietnamita-a-Belluno.jpg","datePublished":"2025-09-22T16:26:52+00:00","breadcrumb":{"@id":"https:\/\/www.bellunopress.it\/2025\/09\/22\/belluno-un-ponte-verso-il-vietnam-la-cultura-apre-nuove-vie-per-leconomia\/#breadcrumb"},"inLanguage":"fr-FR","potentialAction":[{"@type":"ReadAction","target":["https:\/\/www.bellunopress.it\/2025\/09\/22\/belluno-un-ponte-verso-il-vietnam-la-cultura-apre-nuove-vie-per-leconomia\/"]}]},{"@type":"ImageObject","inLanguage":"fr-FR","@id":"https:\/\/www.bellunopress.it\/2025\/09\/22\/belluno-un-ponte-verso-il-vietnam-la-cultura-apre-nuove-vie-per-leconomia\/#primaryimage","url":"https:\/\/www.bellunopress.it\/wp-content\/uploads\/2025\/09\/Giulia-Burigo-e-a-Kim-Le-giovane-vietnamita-a-Belluno.jpg","contentUrl":"https:\/\/www.bellunopress.it\/wp-content\/uploads\/2025\/09\/Giulia-Burigo-e-a-Kim-Le-giovane-vietnamita-a-Belluno.jpg","width":800,"height":478,"caption":"Giulia Burigo e Kim L\u1ec7, giovane vietnamita a Belluno"},{"@type":"BreadcrumbList","@id":"https:\/\/www.bellunopress.it\/2025\/09\/22\/belluno-un-ponte-verso-il-vietnam-la-cultura-apre-nuove-vie-per-leconomia\/#breadcrumb","itemListElement":[{"@type":"ListItem","position":1,"name":"Home","item":"https:\/\/www.bellunopress.it\/"},{"@type":"ListItem","position":2,"name":"Belluno, un ponte verso il Vietnam: la cultura apre nuove vie per l&#8217;economia"}]},{"@type":"WebSite","@id":"https:\/\/www.bellunopress.it\/#website","url":"https:\/\/www.bellunopress.it\/","name":"Bellunopress - Dolomiti","description":"e-mail: redazione@bellunopress.it","publisher":{"@id":"https:\/\/www.bellunopress.it\/#organization"},"potentialAction":[{"@type":"SearchAction","target":{"@type":"EntryPoint","urlTemplate":"https:\/\/www.bellunopress.it\/?s={search_term_string}"},"query-input":{"@type":"PropertyValueSpecification","valueRequired":true,"valueName":"search_term_string"}}],"inLanguage":"fr-FR"},{"@type":"Organization","@id":"https:\/\/www.bellunopress.it\/#organization","name":"Bellunopress","url":"https:\/\/www.bellunopress.it\/","logo":{"@type":"ImageObject","inLanguage":"fr-FR","@id":"https:\/\/www.bellunopress.it\/#\/schema\/logo\/image\/","url":"https:\/\/www.bellunopress.it\/wp-content\/uploads\/2011\/05\/cropped-logo-bellunopress-.jpg","contentUrl":"https:\/\/www.bellunopress.it\/wp-content\/uploads\/2011\/05\/cropped-logo-bellunopress-.jpg","width":512,"height":512,"caption":"Bellunopress"},"image":{"@id":"https:\/\/www.bellunopress.it\/#\/schema\/logo\/image\/"},"sameAs":["https:\/\/www.facebook.com\/profile.php?id=100008943462799","https:\/\/x.com\/bellunopress","https:\/\/www.linkedin.com\/hp\/?dnr=JBzUWaJfMUw8vbXJJ2tVW5-I3jZKvC4wsoxE&amp;amp;amp;amp;amp;amp;trk=nav_responsive_tab_home","https:\/\/www.youtube.com\/channel\/UCxL0wu1uN0_3_7hGG0306cw"]},{"@type":"Person","@id":"https:\/\/www.bellunopress.it\/#\/schema\/person\/79bb06722b37ece1c03d3e94beb30d73","name":"r\u00e9daction","image":{"@type":"ImageObject","inLanguage":"fr-FR","@id":"https:\/\/secure.gravatar.com\/avatar\/37d968a2e67a6fd04c169c4bdef102d0bc5d31b2546345219e348575eb80e9a0?s=96&d=mm&r=g","url":"https:\/\/secure.gravatar.com\/avatar\/37d968a2e67a6fd04c169c4bdef102d0bc5d31b2546345219e348575eb80e9a0?s=96&d=mm&r=g","contentUrl":"https:\/\/secure.gravatar.com\/avatar\/37d968a2e67a6fd04c169c4bdef102d0bc5d31b2546345219e348575eb80e9a0?s=96&d=mm&r=g","caption":"redazione"},"sameAs":["http:\/\/www.bellunopress.it","https:\/\/x.com\/bellunopress"],"url":"https:\/\/www.bellunopress.it\/fr\/author\/redazione\/"}]}},"_links":{"self":[{"href":"https:\/\/www.bellunopress.it\/fr\/wp-json\/wp\/v2\/posts\/163525","targetHints":{"allow":["GET"]}}],"collection":[{"href":"https:\/\/www.bellunopress.it\/fr\/wp-json\/wp\/v2\/posts"}],"about":[{"href":"https:\/\/www.bellunopress.it\/fr\/wp-json\/wp\/v2\/types\/post"}],"author":[{"embeddable":true,"href":"https:\/\/www.bellunopress.it\/fr\/wp-json\/wp\/v2\/users\/2"}],"replies":[{"embeddable":true,"href":"https:\/\/www.bellunopress.it\/fr\/wp-json\/wp\/v2\/comments?post=163525"}],"version-history":[{"count":1,"href":"https:\/\/www.bellunopress.it\/fr\/wp-json\/wp\/v2\/posts\/163525\/revisions"}],"predecessor-version":[{"id":163527,"href":"https:\/\/www.bellunopress.it\/fr\/wp-json\/wp\/v2\/posts\/163525\/revisions\/163527"}],"wp:featuredmedia":[{"embeddable":true,"href":"https:\/\/www.bellunopress.it\/fr\/wp-json\/wp\/v2\/media\/163526"}],"wp:attachment":[{"href":"https:\/\/www.bellunopress.it\/fr\/wp-json\/wp\/v2\/media?parent=163525"}],"wp:term":[{"taxonomy":"category","embeddable":true,"href":"https:\/\/www.bellunopress.it\/fr\/wp-json\/wp\/v2\/categories?post=163525"},{"taxonomy":"post_tag","embeddable":true,"href":"https:\/\/www.bellunopress.it\/fr\/wp-json\/wp\/v2\/tags?post=163525"}],"curies":[{"name":"wp","href":"https:\/\/api.w.org\/{rel}","templated":true}]}}