{"id":163522,"date":"2025-09-22T17:11:45","date_gmt":"2025-09-22T15:11:45","guid":{"rendered":"https:\/\/www.bellunopress.it\/?p=163522"},"modified":"2025-09-22T17:11:45","modified_gmt":"2025-09-22T15:11:45","slug":"il-riconoscimento-dello-stato-di-palestina-nel-mondo","status":"publish","type":"post","link":"https:\/\/www.bellunopress.it\/fr\/2025\/09\/22\/il-riconoscimento-dello-stato-di-palestina-nel-mondo\/","title":{"rendered":"Il riconoscimento dello Stato di Palestina nel mondo"},"content":{"rendered":"<figure id=\"attachment_163523\" aria-describedby=\"caption-attachment-163523\" style=\"width: 960px\" class=\"wp-caption aligncenter\"><img loading=\"lazy\" decoding=\"async\" class=\"size-full wp-image-163523\" src=\"https:\/\/www.bellunopress.it\/wp-content\/uploads\/2025\/09\/mappa-stati-riconoscimento-Palestina.jpg\" alt=\"\" width=\"960\" height=\"528\" srcset=\"https:\/\/www.bellunopress.it\/wp-content\/uploads\/2025\/09\/mappa-stati-riconoscimento-Palestina.jpg 960w, https:\/\/www.bellunopress.it\/wp-content\/uploads\/2025\/09\/mappa-stati-riconoscimento-Palestina-500x275.jpg 500w, https:\/\/www.bellunopress.it\/wp-content\/uploads\/2025\/09\/mappa-stati-riconoscimento-Palestina-764x420.jpg 764w, https:\/\/www.bellunopress.it\/wp-content\/uploads\/2025\/09\/mappa-stati-riconoscimento-Palestina-696x383.jpg 696w\" sizes=\"auto, (max-width: 960px) 100vw, 960px\" \/><figcaption id=\"caption-attachment-163523\" class=\"wp-caption-text\">Gli stati colorati di verde riconoscono lo Stato della Palestina. Quelli colorati di rosso non riconoscono lo Stato della Palestina<\/figcaption><\/figure>\n<p>Oggi a Marghera sono stati respinti i manifestanti Pro Palestina con idrandi e mezzi blindati, L&#8217;Italia fa parte di quella minoranza che chiude gli occhi di fronte al genocidio in atto.\u00a0Il numero di Paesi che riconoscono ufficialmente la Palestina, infatti, ha superato la soglia dei 150, con recenti adesioni che hanno arricchito il quadro del sostegno internazionale. Tra i membri del G7, il riconoscimento \u00e8 stato formalizzato da Regno Unito, Francia e Canada. Queste nazioni si uniscono a un gruppo di Paesi che hanno consolidato la loro posizione in occasione dell&#8217;ultima Assemblea Generale delle Nazioni Unite a New York.<\/p>\n<p><strong>La situazione in Europa<\/strong><br \/>\nL&#8217;Europa ha mostrato un approccio diversificato. La Svezia \u00e8 stata la prima nazione dell&#8217;Unione Europea a riconoscere la Palestina, un gesto compiuto nel 2014 a seguito di mesi di tensioni. Altri Paesi europei avevano gi\u00e0 adottato tale posizione prima della loro adesione all&#8217;UE, come Cipro nel 1998, e diverse nazioni dell&#8217;ex blocco sovietico, tra cui Bulgaria, Ungheria, Polonia, Romania e l&#8217;ex Cecoslovacchia (oggi Slovacchia e Repubblica Ceca). Nonostante alcuni di questi Paesi abbiano in seguito rivisto la loro posizione, mantengono rapporti diplomatici attivi.<\/p>\n<p>Pi\u00f9 recentemente, l&#8217;anno scorso, Irlanda, Spagna, Slovenia e Norvegia (che non fa parte dell&#8217;UE) hanno ufficializzato il riconoscimento. Nel corso dell&#8217;ultima Assemblea ONU, anche Andorra, Belgio, Lussemburgo, Portogallo, Malta e San Marino hanno seguito l&#8217;esempio di Regno Unito e Francia.<\/p>\n<p>Paesi come Italia, Stati Uniti e Germania non hanno ancora riconosciuto formalmente lo Stato palestinese, sostenendo che una soluzione definitiva debba emergere da negoziati diretti tra israeliani e palestinesi, mirati alla formula dei &#8220;due Stati&#8221;. Ciononostante, mantengono relazioni diplomatiche con l&#8217;Autorit\u00e0 Nazionale Palestinese.<\/p>\n<p><strong>Il contesto globale<\/strong><br \/>\nIl riconoscimento della Palestina \u00e8 largamente diffuso in Asia, Africa e America Latina. L&#8217;Algeria fu il primo Paese a farlo nel 1988, poco dopo la dichiarazione di indipendenza. Seguirono a ruota molte nazioni del mondo arabo, oltre a India, Turchia, Cina e Russia.<\/p>\n<p>Nel corso degli anni, altri importanti attori globali si sono uniti a questo elenco. Tra il 2010 e il 2011, diversi Paesi sudamericani, inclusi Argentina, Brasile e Cile, hanno preso questa decisione. Durante l&#8217;ultima Assemblea ONU, anche Australia e Canada hanno aggiunto il loro nome alla lista. Altri Paesi come Giappone, Corea del Sud e Nuova Zelanda hanno manifestato un&#8217;apertura al riconoscimento, ma non hanno ancora compiuto il passo decisivo.<\/p>\n<p>A livello delle Nazioni Unite, la Palestina ha progressivamente rafforzato il suo status. Nel 2012, l&#8217;Assemblea Generale le ha conferito lo status di &#8220;Stato osservatore non membro&#8221; e lo scorso anno ha votato per confermare che la Palestina &#8220;ha i requisiti per diventare Stato membro&#8221; a pieno titolo.<\/p>","protected":false},"excerpt":{"rendered":"<p>Oggi a Marghera sono stati respinti i manifestanti Pro Palestina con idrandi e mezzi blindati, L&#8217;Italia fa parte di quella minoranza che chiude gli occhi di fronte al genocidio in atto.\u00a0Il numero di Paesi che riconoscono ufficialmente la Palestina, infatti, ha superato la soglia dei 150, con recenti adesioni che hanno arricchito il quadro del [&hellip;]<\/p>\n","protected":false},"author":2,"featured_media":163523,"comment_status":"closed","ping_status":"open","sticky":false,"template":"","format":"standard","meta":{"footnotes":""},"categories":[5,3446,26],"tags":[],"class_list":["post-163522","post","type-post","status-publish","format-standard","has-post-thumbnail","category-cronaca","category-featured","category-prima-pagina"],"yoast_head":"<!-- This site is optimized with the Yoast SEO plugin v28.4 - https:\/\/yoast.com\/product\/yoast-seo-wordpress\/ -->\n<title>Il riconoscimento dello Stato di Palestina nel mondo - Bellunopress - Dolomiti<\/title>\n<meta name=\"robots\" content=\"index, follow, max-snippet:-1, max-image-preview:large, max-video-preview:-1\" \/>\n<link rel=\"canonical\" href=\"https:\/\/www.bellunopress.it\/fr\/2025\/09\/22\/il-riconoscimento-dello-stato-di-palestina-nel-mondo\/\" \/>\n<meta property=\"og:locale\" content=\"fr_FR\" \/>\n<meta property=\"og:type\" content=\"article\" \/>\n<meta property=\"og:title\" content=\"Il riconoscimento dello Stato di Palestina nel mondo - Bellunopress - Dolomiti\" \/>\n<meta property=\"og:description\" content=\"Oggi a Marghera sono stati respinti i manifestanti Pro Palestina con idrandi e mezzi blindati, L&#8217;Italia fa parte di quella minoranza che chiude gli occhi di fronte al genocidio in atto.\u00a0Il numero di Paesi che riconoscono ufficialmente la Palestina, infatti, ha superato la soglia dei 150, con recenti adesioni che hanno arricchito il quadro del [&hellip;]\" \/>\n<meta property=\"og:url\" content=\"https:\/\/www.bellunopress.it\/fr\/2025\/09\/22\/il-riconoscimento-dello-stato-di-palestina-nel-mondo\/\" \/>\n<meta property=\"og:site_name\" content=\"Bellunopress - Dolomiti\" \/>\n<meta property=\"article:publisher\" content=\"https:\/\/www.facebook.com\/profile.php?id=100008943462799\" \/>\n<meta property=\"article:published_time\" content=\"2025-09-22T15:11:45+00:00\" \/>\n<meta property=\"og:image\" content=\"https:\/\/www.bellunopress.it\/wp-content\/uploads\/2025\/09\/mappa-stati-riconoscimento-Palestina.jpg\" \/>\n\t<meta property=\"og:image:width\" content=\"960\" \/>\n\t<meta property=\"og:image:height\" content=\"528\" \/>\n\t<meta property=\"og:image:type\" content=\"image\/jpeg\" \/>\n<meta name=\"author\" content=\"redazione\" \/>\n<meta name=\"twitter:card\" content=\"summary_large_image\" \/>\n<meta name=\"twitter:creator\" content=\"@bellunopress\" \/>\n<meta name=\"twitter:site\" content=\"@bellunopress\" \/>\n<meta name=\"twitter:label1\" content=\"\u00c9crit par\" \/>\n\t<meta name=\"twitter:data1\" content=\"redazione\" \/>\n\t<meta name=\"twitter:label2\" content=\"Dur\u00e9e de lecture estim\u00e9e\" \/>\n\t<meta name=\"twitter:data2\" content=\"2 minutes\" \/>\n<script type=\"application\/ld+json\" class=\"yoast-schema-graph\">{\"@context\":\"https:\\\/\\\/schema.org\",\"@graph\":[{\"@type\":\"Article\",\"@id\":\"https:\\\/\\\/www.bellunopress.it\\\/2025\\\/09\\\/22\\\/il-riconoscimento-dello-stato-di-palestina-nel-mondo\\\/#article\",\"isPartOf\":{\"@id\":\"https:\\\/\\\/www.bellunopress.it\\\/2025\\\/09\\\/22\\\/il-riconoscimento-dello-stato-di-palestina-nel-mondo\\\/\"},\"author\":{\"name\":\"redazione\",\"@id\":\"https:\\\/\\\/www.bellunopress.it\\\/#\\\/schema\\\/person\\\/79bb06722b37ece1c03d3e94beb30d73\"},\"headline\":\"Il riconoscimento dello Stato di Palestina nel mondo\",\"datePublished\":\"2025-09-22T15:11:45+00:00\",\"mainEntityOfPage\":{\"@id\":\"https:\\\/\\\/www.bellunopress.it\\\/2025\\\/09\\\/22\\\/il-riconoscimento-dello-stato-di-palestina-nel-mondo\\\/\"},\"wordCount\":475,\"publisher\":{\"@id\":\"https:\\\/\\\/www.bellunopress.it\\\/#organization\"},\"image\":{\"@id\":\"https:\\\/\\\/www.bellunopress.it\\\/2025\\\/09\\\/22\\\/il-riconoscimento-dello-stato-di-palestina-nel-mondo\\\/#primaryimage\"},\"thumbnailUrl\":\"https:\\\/\\\/www.bellunopress.it\\\/wp-content\\\/uploads\\\/2025\\\/09\\\/mappa-stati-riconoscimento-Palestina.jpg\",\"articleSection\":[\"Cronaca\\\/Politica\",\"Featured\",\"Prima Pagina\"],\"inLanguage\":\"fr-FR\"},{\"@type\":\"WebPage\",\"@id\":\"https:\\\/\\\/www.bellunopress.it\\\/2025\\\/09\\\/22\\\/il-riconoscimento-dello-stato-di-palestina-nel-mondo\\\/\",\"url\":\"https:\\\/\\\/www.bellunopress.it\\\/2025\\\/09\\\/22\\\/il-riconoscimento-dello-stato-di-palestina-nel-mondo\\\/\",\"name\":\"Il riconoscimento dello Stato di Palestina nel mondo - Bellunopress - Dolomiti\",\"isPartOf\":{\"@id\":\"https:\\\/\\\/www.bellunopress.it\\\/#website\"},\"primaryImageOfPage\":{\"@id\":\"https:\\\/\\\/www.bellunopress.it\\\/2025\\\/09\\\/22\\\/il-riconoscimento-dello-stato-di-palestina-nel-mondo\\\/#primaryimage\"},\"image\":{\"@id\":\"https:\\\/\\\/www.bellunopress.it\\\/2025\\\/09\\\/22\\\/il-riconoscimento-dello-stato-di-palestina-nel-mondo\\\/#primaryimage\"},\"thumbnailUrl\":\"https:\\\/\\\/www.bellunopress.it\\\/wp-content\\\/uploads\\\/2025\\\/09\\\/mappa-stati-riconoscimento-Palestina.jpg\",\"datePublished\":\"2025-09-22T15:11:45+00:00\",\"breadcrumb\":{\"@id\":\"https:\\\/\\\/www.bellunopress.it\\\/2025\\\/09\\\/22\\\/il-riconoscimento-dello-stato-di-palestina-nel-mondo\\\/#breadcrumb\"},\"inLanguage\":\"fr-FR\",\"potentialAction\":[{\"@type\":\"ReadAction\",\"target\":[\"https:\\\/\\\/www.bellunopress.it\\\/2025\\\/09\\\/22\\\/il-riconoscimento-dello-stato-di-palestina-nel-mondo\\\/\"]}]},{\"@type\":\"ImageObject\",\"inLanguage\":\"fr-FR\",\"@id\":\"https:\\\/\\\/www.bellunopress.it\\\/2025\\\/09\\\/22\\\/il-riconoscimento-dello-stato-di-palestina-nel-mondo\\\/#primaryimage\",\"url\":\"https:\\\/\\\/www.bellunopress.it\\\/wp-content\\\/uploads\\\/2025\\\/09\\\/mappa-stati-riconoscimento-Palestina.jpg\",\"contentUrl\":\"https:\\\/\\\/www.bellunopress.it\\\/wp-content\\\/uploads\\\/2025\\\/09\\\/mappa-stati-riconoscimento-Palestina.jpg\",\"width\":960,\"height\":528,\"caption\":\"Gli stati colorati di verde riconoscono lo Stato della Palestina. Quelli colorati di rosso non riconoscono lo Stato della Palestina\"},{\"@type\":\"BreadcrumbList\",\"@id\":\"https:\\\/\\\/www.bellunopress.it\\\/2025\\\/09\\\/22\\\/il-riconoscimento-dello-stato-di-palestina-nel-mondo\\\/#breadcrumb\",\"itemListElement\":[{\"@type\":\"ListItem\",\"position\":1,\"name\":\"Home\",\"item\":\"https:\\\/\\\/www.bellunopress.it\\\/\"},{\"@type\":\"ListItem\",\"position\":2,\"name\":\"Il riconoscimento dello Stato di Palestina nel mondo\"}]},{\"@type\":\"WebSite\",\"@id\":\"https:\\\/\\\/www.bellunopress.it\\\/#website\",\"url\":\"https:\\\/\\\/www.bellunopress.it\\\/\",\"name\":\"Bellunopress - Dolomiti\",\"description\":\"e-mail: redazione@bellunopress.it\",\"publisher\":{\"@id\":\"https:\\\/\\\/www.bellunopress.it\\\/#organization\"},\"potentialAction\":[{\"@type\":\"SearchAction\",\"target\":{\"@type\":\"EntryPoint\",\"urlTemplate\":\"https:\\\/\\\/www.bellunopress.it\\\/?s={search_term_string}\"},\"query-input\":{\"@type\":\"PropertyValueSpecification\",\"valueRequired\":true,\"valueName\":\"search_term_string\"}}],\"inLanguage\":\"fr-FR\"},{\"@type\":\"Organization\",\"@id\":\"https:\\\/\\\/www.bellunopress.it\\\/#organization\",\"name\":\"Bellunopress\",\"url\":\"https:\\\/\\\/www.bellunopress.it\\\/\",\"logo\":{\"@type\":\"ImageObject\",\"inLanguage\":\"fr-FR\",\"@id\":\"https:\\\/\\\/www.bellunopress.it\\\/#\\\/schema\\\/logo\\\/image\\\/\",\"url\":\"https:\\\/\\\/www.bellunopress.it\\\/wp-content\\\/uploads\\\/2011\\\/05\\\/cropped-logo-bellunopress-.jpg\",\"contentUrl\":\"https:\\\/\\\/www.bellunopress.it\\\/wp-content\\\/uploads\\\/2011\\\/05\\\/cropped-logo-bellunopress-.jpg\",\"width\":512,\"height\":512,\"caption\":\"Bellunopress\"},\"image\":{\"@id\":\"https:\\\/\\\/www.bellunopress.it\\\/#\\\/schema\\\/logo\\\/image\\\/\"},\"sameAs\":[\"https:\\\/\\\/www.facebook.com\\\/profile.php?id=100008943462799\",\"https:\\\/\\\/x.com\\\/bellunopress\",\"https:\\\/\\\/www.linkedin.com\\\/hp\\\/?dnr=JBzUWaJfMUw8vbXJJ2tVW5-I3jZKvC4wsoxE&amp;amp;amp;amp;amp;amp;trk=nav_responsive_tab_home\",\"https:\\\/\\\/www.youtube.com\\\/channel\\\/UCxL0wu1uN0_3_7hGG0306cw\"]},{\"@type\":\"Person\",\"@id\":\"https:\\\/\\\/www.bellunopress.it\\\/#\\\/schema\\\/person\\\/79bb06722b37ece1c03d3e94beb30d73\",\"name\":\"redazione\",\"image\":{\"@type\":\"ImageObject\",\"inLanguage\":\"fr-FR\",\"@id\":\"https:\\\/\\\/secure.gravatar.com\\\/avatar\\\/37d968a2e67a6fd04c169c4bdef102d0bc5d31b2546345219e348575eb80e9a0?s=96&d=mm&r=g\",\"url\":\"https:\\\/\\\/secure.gravatar.com\\\/avatar\\\/37d968a2e67a6fd04c169c4bdef102d0bc5d31b2546345219e348575eb80e9a0?s=96&d=mm&r=g\",\"contentUrl\":\"https:\\\/\\\/secure.gravatar.com\\\/avatar\\\/37d968a2e67a6fd04c169c4bdef102d0bc5d31b2546345219e348575eb80e9a0?s=96&d=mm&r=g\",\"caption\":\"redazione\"},\"sameAs\":[\"http:\\\/\\\/www.bellunopress.it\",\"https:\\\/\\\/x.com\\\/bellunopress\"],\"url\":\"https:\\\/\\\/www.bellunopress.it\\\/fr\\\/author\\\/redazione\\\/\"}]}<\/script>\n<!-- \/ Yoast SEO plugin. -->","yoast_head_json":{"title":"Il riconoscimento dello Stato di Palestina nel mondo - Bellunopress - Dolomiti","robots":{"index":"index","follow":"follow","max-snippet":"max-snippet:-1","max-image-preview":"max-image-preview:large","max-video-preview":"max-video-preview:-1"},"canonical":"https:\/\/www.bellunopress.it\/fr\/2025\/09\/22\/il-riconoscimento-dello-stato-di-palestina-nel-mondo\/","og_locale":"fr_FR","og_type":"article","og_title":"Il riconoscimento dello Stato di Palestina nel mondo - Bellunopress - Dolomiti","og_description":"Oggi a Marghera sono stati respinti i manifestanti Pro Palestina con idrandi e mezzi blindati, L&#8217;Italia fa parte di quella minoranza che chiude gli occhi di fronte al genocidio in atto.\u00a0Il numero di Paesi che riconoscono ufficialmente la Palestina, infatti, ha superato la soglia dei 150, con recenti adesioni che hanno arricchito il quadro del [&hellip;]","og_url":"https:\/\/www.bellunopress.it\/fr\/2025\/09\/22\/il-riconoscimento-dello-stato-di-palestina-nel-mondo\/","og_site_name":"Bellunopress - Dolomiti","article_publisher":"https:\/\/www.facebook.com\/profile.php?id=100008943462799","article_published_time":"2025-09-22T15:11:45+00:00","og_image":[{"width":960,"height":528,"url":"https:\/\/www.bellunopress.it\/wp-content\/uploads\/2025\/09\/mappa-stati-riconoscimento-Palestina.jpg","type":"image\/jpeg"}],"author":"redazione","twitter_card":"summary_large_image","twitter_creator":"@bellunopress","twitter_site":"@bellunopress","twitter_misc":{"\u00c9crit par":"redazione","Dur\u00e9e de lecture estim\u00e9e":"2 minutes"},"schema":{"@context":"https:\/\/schema.org","@graph":[{"@type":"Article","@id":"https:\/\/www.bellunopress.it\/2025\/09\/22\/il-riconoscimento-dello-stato-di-palestina-nel-mondo\/#article","isPartOf":{"@id":"https:\/\/www.bellunopress.it\/2025\/09\/22\/il-riconoscimento-dello-stato-di-palestina-nel-mondo\/"},"author":{"name":"redazione","@id":"https:\/\/www.bellunopress.it\/#\/schema\/person\/79bb06722b37ece1c03d3e94beb30d73"},"headline":"Il riconoscimento dello Stato di Palestina nel mondo","datePublished":"2025-09-22T15:11:45+00:00","mainEntityOfPage":{"@id":"https:\/\/www.bellunopress.it\/2025\/09\/22\/il-riconoscimento-dello-stato-di-palestina-nel-mondo\/"},"wordCount":475,"publisher":{"@id":"https:\/\/www.bellunopress.it\/#organization"},"image":{"@id":"https:\/\/www.bellunopress.it\/2025\/09\/22\/il-riconoscimento-dello-stato-di-palestina-nel-mondo\/#primaryimage"},"thumbnailUrl":"https:\/\/www.bellunopress.it\/wp-content\/uploads\/2025\/09\/mappa-stati-riconoscimento-Palestina.jpg","articleSection":["Cronaca\/Politica","Featured","Prima Pagina"],"inLanguage":"fr-FR"},{"@type":"WebPage","@id":"https:\/\/www.bellunopress.it\/2025\/09\/22\/il-riconoscimento-dello-stato-di-palestina-nel-mondo\/","url":"https:\/\/www.bellunopress.it\/2025\/09\/22\/il-riconoscimento-dello-stato-di-palestina-nel-mondo\/","name":"Il riconoscimento dello Stato di Palestina nel mondo - Bellunopress - Dolomiti","isPartOf":{"@id":"https:\/\/www.bellunopress.it\/#website"},"primaryImageOfPage":{"@id":"https:\/\/www.bellunopress.it\/2025\/09\/22\/il-riconoscimento-dello-stato-di-palestina-nel-mondo\/#primaryimage"},"image":{"@id":"https:\/\/www.bellunopress.it\/2025\/09\/22\/il-riconoscimento-dello-stato-di-palestina-nel-mondo\/#primaryimage"},"thumbnailUrl":"https:\/\/www.bellunopress.it\/wp-content\/uploads\/2025\/09\/mappa-stati-riconoscimento-Palestina.jpg","datePublished":"2025-09-22T15:11:45+00:00","breadcrumb":{"@id":"https:\/\/www.bellunopress.it\/2025\/09\/22\/il-riconoscimento-dello-stato-di-palestina-nel-mondo\/#breadcrumb"},"inLanguage":"fr-FR","potentialAction":[{"@type":"ReadAction","target":["https:\/\/www.bellunopress.it\/2025\/09\/22\/il-riconoscimento-dello-stato-di-palestina-nel-mondo\/"]}]},{"@type":"ImageObject","inLanguage":"fr-FR","@id":"https:\/\/www.bellunopress.it\/2025\/09\/22\/il-riconoscimento-dello-stato-di-palestina-nel-mondo\/#primaryimage","url":"https:\/\/www.bellunopress.it\/wp-content\/uploads\/2025\/09\/mappa-stati-riconoscimento-Palestina.jpg","contentUrl":"https:\/\/www.bellunopress.it\/wp-content\/uploads\/2025\/09\/mappa-stati-riconoscimento-Palestina.jpg","width":960,"height":528,"caption":"Gli stati colorati di verde riconoscono lo Stato della Palestina. Quelli colorati di rosso non riconoscono lo Stato della Palestina"},{"@type":"BreadcrumbList","@id":"https:\/\/www.bellunopress.it\/2025\/09\/22\/il-riconoscimento-dello-stato-di-palestina-nel-mondo\/#breadcrumb","itemListElement":[{"@type":"ListItem","position":1,"name":"Home","item":"https:\/\/www.bellunopress.it\/"},{"@type":"ListItem","position":2,"name":"Il riconoscimento dello Stato di Palestina nel mondo"}]},{"@type":"WebSite","@id":"https:\/\/www.bellunopress.it\/#website","url":"https:\/\/www.bellunopress.it\/","name":"Bellunopress - Dolomiti","description":"e-mail: redazione@bellunopress.it","publisher":{"@id":"https:\/\/www.bellunopress.it\/#organization"},"potentialAction":[{"@type":"SearchAction","target":{"@type":"EntryPoint","urlTemplate":"https:\/\/www.bellunopress.it\/?s={search_term_string}"},"query-input":{"@type":"PropertyValueSpecification","valueRequired":true,"valueName":"search_term_string"}}],"inLanguage":"fr-FR"},{"@type":"Organization","@id":"https:\/\/www.bellunopress.it\/#organization","name":"Bellunopress","url":"https:\/\/www.bellunopress.it\/","logo":{"@type":"ImageObject","inLanguage":"fr-FR","@id":"https:\/\/www.bellunopress.it\/#\/schema\/logo\/image\/","url":"https:\/\/www.bellunopress.it\/wp-content\/uploads\/2011\/05\/cropped-logo-bellunopress-.jpg","contentUrl":"https:\/\/www.bellunopress.it\/wp-content\/uploads\/2011\/05\/cropped-logo-bellunopress-.jpg","width":512,"height":512,"caption":"Bellunopress"},"image":{"@id":"https:\/\/www.bellunopress.it\/#\/schema\/logo\/image\/"},"sameAs":["https:\/\/www.facebook.com\/profile.php?id=100008943462799","https:\/\/x.com\/bellunopress","https:\/\/www.linkedin.com\/hp\/?dnr=JBzUWaJfMUw8vbXJJ2tVW5-I3jZKvC4wsoxE&amp;amp;amp;amp;amp;amp;trk=nav_responsive_tab_home","https:\/\/www.youtube.com\/channel\/UCxL0wu1uN0_3_7hGG0306cw"]},{"@type":"Person","@id":"https:\/\/www.bellunopress.it\/#\/schema\/person\/79bb06722b37ece1c03d3e94beb30d73","name":"r\u00e9daction","image":{"@type":"ImageObject","inLanguage":"fr-FR","@id":"https:\/\/secure.gravatar.com\/avatar\/37d968a2e67a6fd04c169c4bdef102d0bc5d31b2546345219e348575eb80e9a0?s=96&d=mm&r=g","url":"https:\/\/secure.gravatar.com\/avatar\/37d968a2e67a6fd04c169c4bdef102d0bc5d31b2546345219e348575eb80e9a0?s=96&d=mm&r=g","contentUrl":"https:\/\/secure.gravatar.com\/avatar\/37d968a2e67a6fd04c169c4bdef102d0bc5d31b2546345219e348575eb80e9a0?s=96&d=mm&r=g","caption":"redazione"},"sameAs":["http:\/\/www.bellunopress.it","https:\/\/x.com\/bellunopress"],"url":"https:\/\/www.bellunopress.it\/fr\/author\/redazione\/"}]}},"_links":{"self":[{"href":"https:\/\/www.bellunopress.it\/fr\/wp-json\/wp\/v2\/posts\/163522","targetHints":{"allow":["GET"]}}],"collection":[{"href":"https:\/\/www.bellunopress.it\/fr\/wp-json\/wp\/v2\/posts"}],"about":[{"href":"https:\/\/www.bellunopress.it\/fr\/wp-json\/wp\/v2\/types\/post"}],"author":[{"embeddable":true,"href":"https:\/\/www.bellunopress.it\/fr\/wp-json\/wp\/v2\/users\/2"}],"replies":[{"embeddable":true,"href":"https:\/\/www.bellunopress.it\/fr\/wp-json\/wp\/v2\/comments?post=163522"}],"version-history":[{"count":1,"href":"https:\/\/www.bellunopress.it\/fr\/wp-json\/wp\/v2\/posts\/163522\/revisions"}],"predecessor-version":[{"id":163524,"href":"https:\/\/www.bellunopress.it\/fr\/wp-json\/wp\/v2\/posts\/163522\/revisions\/163524"}],"wp:featuredmedia":[{"embeddable":true,"href":"https:\/\/www.bellunopress.it\/fr\/wp-json\/wp\/v2\/media\/163523"}],"wp:attachment":[{"href":"https:\/\/www.bellunopress.it\/fr\/wp-json\/wp\/v2\/media?parent=163522"}],"wp:term":[{"taxonomy":"category","embeddable":true,"href":"https:\/\/www.bellunopress.it\/fr\/wp-json\/wp\/v2\/categories?post=163522"},{"taxonomy":"post_tag","embeddable":true,"href":"https:\/\/www.bellunopress.it\/fr\/wp-json\/wp\/v2\/tags?post=163522"}],"curies":[{"name":"wp","href":"https:\/\/api.w.org\/{rel}","templated":true}]}}