{"id":163519,"date":"2025-09-22T16:45:34","date_gmt":"2025-09-22T14:45:34","guid":{"rendered":"https:\/\/www.bellunopress.it\/?p=163519"},"modified":"2025-09-22T16:45:34","modified_gmt":"2025-09-22T14:45:34","slug":"renzo-andrich-e-vicepresidente-del-csv-belluno-treviso","status":"publish","type":"post","link":"https:\/\/www.bellunopress.it\/fr\/2025\/09\/22\/renzo-andrich-e-vicepresidente-del-csv-belluno-treviso\/","title":{"rendered":"Renzo Andrich \u00e8 vicepresidente del Csv Belluno Treviso"},"content":{"rendered":"<figure id=\"attachment_163520\" aria-describedby=\"caption-attachment-163520\" style=\"width: 800px\" class=\"wp-caption aligncenter\"><img loading=\"lazy\" decoding=\"async\" class=\"size-full wp-image-163520\" src=\"https:\/\/www.bellunopress.it\/wp-content\/uploads\/2025\/09\/Da-sx-il-presidente-del-Csv-Belluno-Treviso-Giancarlo-Cavallin-e-il-vicepresidente-Renzo-Andrich_edited.jpg\" alt=\"\" width=\"800\" height=\"644\" srcset=\"https:\/\/www.bellunopress.it\/wp-content\/uploads\/2025\/09\/Da-sx-il-presidente-del-Csv-Belluno-Treviso-Giancarlo-Cavallin-e-il-vicepresidente-Renzo-Andrich_edited.jpg 800w, https:\/\/www.bellunopress.it\/wp-content\/uploads\/2025\/09\/Da-sx-il-presidente-del-Csv-Belluno-Treviso-Giancarlo-Cavallin-e-il-vicepresidente-Renzo-Andrich_edited-500x403.jpg 500w, https:\/\/www.bellunopress.it\/wp-content\/uploads\/2025\/09\/Da-sx-il-presidente-del-Csv-Belluno-Treviso-Giancarlo-Cavallin-e-il-vicepresidente-Renzo-Andrich_edited-522x420.jpg 522w, https:\/\/www.bellunopress.it\/wp-content\/uploads\/2025\/09\/Da-sx-il-presidente-del-Csv-Belluno-Treviso-Giancarlo-Cavallin-e-il-vicepresidente-Renzo-Andrich_edited-696x560.jpg 696w\" sizes=\"auto, (max-width: 800px) 100vw, 800px\" \/><figcaption id=\"caption-attachment-163520\" class=\"wp-caption-text\">Da sinistra: il presidente del Csv Belluno Treviso Giancarlo Cavallin e il vicepresidente Renzo Andrich<\/figcaption><\/figure>\n<p><strong>Affiancher\u00e0 il presidente Giancarlo Cavallin nella gestione. La dichiarazione: \u00abIl Csv motore di sostegno ad associazioni basate sul volontariato puro\u00bb<\/strong><\/p>\n<p>\u00c8 Renzo Andrich il vicepresidente del Csv Belluno Treviso. Bellunese, da anni impegnato nel mondo del volontariato, affiancher\u00e0, per i prossimi tre anni, il presidente Giancarlo Cavallin nella guida dell\u2019ente vocato a offrire servizi di supporto tecnico, formativo ed informativo agli enti del Terzo settore.<\/p>\n<p>Questo ruolo si aggiunge alle due cariche, sempre di vicepresidente, gi\u00e0 in essere per Comitato d\u2019Intesa e Anffas Belluno; un impegno \u2013 quello come volontario \u2013 che Andrich porta avanti sin dalle scuole superiori, quando incominci\u00f2 a manifestare interesse verso il mondo della disabilit\u00e0 in Anffas, UILDM-Unione Italiana Lotta alla Distrofia Muscolare e in altri gruppi informali.<br \/>\n\u00c8 stato uno dei promotori nel 1977 per la costituzione del Comitato d\u2019Intesa e tra i fondatori del Centro Studi Prisma che si occupava pionieristicamente della promozione della cultura dell\u2019autonomia per persone con disabilit\u00e0 su scala nazionale ed europea.<br \/>\nProfessionalmente \u00e8 stato impegnato per quasi 40 anni con la Fondazione Don Gnocchi a Milano come responsabile del centro di ricerca di ausili tecnologici per la disabilit\u00e0.<\/p>\n<p>\u00abHo accettato volentieri la collaborazione con il Csv Belluno Treviso, in quanto sono convinto esso offra un prezioso servizio alle associazioni, soprattutto di tipo tecnico, in un periodo complesso che presenta molte sfide ai volontari, tra cui un crescente peso burocratico\u00bb, spiega Renzo Andrich. \u00abDalle consulenze alla formazione, dalla comunicazione alla promozione, sono molti i servizi offerti che consentono alle associazioni di operare con tranquillit\u00e0, sapendo di avere un appoggio su cui contare. Uno staff qualificato e distribuito sulle due province fa inoltre s\u00ec che si possano garantire risposte su temi complessi e a misura di territorio\u00bb.<br \/>\nAggiunge il vicepresidente: \u00abOggi appare in maniera chiara la distinzione nel Terzo settore tra mondo del volontariato puro e altre realt\u00e0 pi\u00f9 strutturate con forma d\u2019impresa in cui i volontari si limitano a comporre gli organi direttivi o a fornire un aiuto accessorio. Crediamo sia il primo il target prioritario a cui il Csv debba dedicarsi e l\u2019auspicio \u00e8 che esso possa rappresentare un motore fondamentale di sostegno ad associazioni basate su volontari\u00bb.<br \/>\nTra i principali progetti cui il Csv si sta dedicando in questi giorni spiccano i corsi di formazione sulla gestione degli Ets e sul microcredito (per la formazione di volontari a sostegno di persone e famiglie in difficolt\u00e0 economica), ma anche proposte progettuali che mettono in contatto studenti e associazioni dei territori bellunese e trevigiano.<\/p>","protected":false},"excerpt":{"rendered":"<p>Affiancher\u00e0 il presidente Giancarlo Cavallin nella gestione. La dichiarazione: \u00abIl Csv motore di sostegno ad associazioni basate sul volontariato puro\u00bb \u00c8 Renzo Andrich il vicepresidente del Csv Belluno Treviso. Bellunese, da anni impegnato nel mondo del volontariato, affiancher\u00e0, per i prossimi tre anni, il presidente Giancarlo Cavallin nella guida dell\u2019ente vocato a offrire servizi di [&hellip;]<\/p>\n","protected":false},"author":2,"featured_media":163520,"comment_status":"closed","ping_status":"open","sticky":false,"template":"","format":"standard","meta":{"footnotes":""},"categories":[8],"tags":[],"class_list":["post-163519","post","type-post","status-publish","format-standard","has-post-thumbnail","category-societa-istituzioni"],"yoast_head":"<!-- This site is optimized with the Yoast SEO plugin v28.4 - https:\/\/yoast.com\/product\/yoast-seo-wordpress\/ -->\n<title>Renzo Andrich \u00e8 vicepresidente del Csv Belluno Treviso - Bellunopress - Dolomiti<\/title>\n<meta name=\"robots\" content=\"index, follow, max-snippet:-1, max-image-preview:large, max-video-preview:-1\" \/>\n<link rel=\"canonical\" href=\"https:\/\/www.bellunopress.it\/fr\/2025\/09\/22\/renzo-andrich-e-vicepresidente-del-csv-belluno-treviso\/\" \/>\n<meta property=\"og:locale\" content=\"fr_FR\" \/>\n<meta property=\"og:type\" content=\"article\" \/>\n<meta property=\"og:title\" content=\"Renzo Andrich \u00e8 vicepresidente del Csv Belluno Treviso - Bellunopress - Dolomiti\" \/>\n<meta property=\"og:description\" content=\"Affiancher\u00e0 il presidente Giancarlo Cavallin nella gestione. La dichiarazione: \u00abIl Csv motore di sostegno ad associazioni basate sul volontariato puro\u00bb \u00c8 Renzo Andrich il vicepresidente del Csv Belluno Treviso. Bellunese, da anni impegnato nel mondo del volontariato, affiancher\u00e0, per i prossimi tre anni, il presidente Giancarlo Cavallin nella guida dell\u2019ente vocato a offrire servizi di [&hellip;]\" \/>\n<meta property=\"og:url\" content=\"https:\/\/www.bellunopress.it\/fr\/2025\/09\/22\/renzo-andrich-e-vicepresidente-del-csv-belluno-treviso\/\" \/>\n<meta property=\"og:site_name\" content=\"Bellunopress - Dolomiti\" \/>\n<meta property=\"article:publisher\" content=\"https:\/\/www.facebook.com\/profile.php?id=100008943462799\" \/>\n<meta property=\"article:published_time\" content=\"2025-09-22T14:45:34+00:00\" \/>\n<meta property=\"og:image\" content=\"https:\/\/www.bellunopress.it\/wp-content\/uploads\/2025\/09\/Da-sx-il-presidente-del-Csv-Belluno-Treviso-Giancarlo-Cavallin-e-il-vicepresidente-Renzo-Andrich_edited.jpg\" \/>\n\t<meta property=\"og:image:width\" content=\"800\" \/>\n\t<meta property=\"og:image:height\" content=\"644\" \/>\n\t<meta property=\"og:image:type\" content=\"image\/jpeg\" \/>\n<meta name=\"author\" content=\"redazione\" \/>\n<meta name=\"twitter:card\" content=\"summary_large_image\" \/>\n<meta name=\"twitter:creator\" content=\"@bellunopress\" \/>\n<meta name=\"twitter:site\" content=\"@bellunopress\" \/>\n<meta name=\"twitter:label1\" content=\"\u00c9crit par\" \/>\n\t<meta name=\"twitter:data1\" content=\"redazione\" \/>\n\t<meta name=\"twitter:label2\" content=\"Dur\u00e9e de lecture estim\u00e9e\" \/>\n\t<meta name=\"twitter:data2\" content=\"2 minutes\" \/>\n<script type=\"application\/ld+json\" class=\"yoast-schema-graph\">{\"@context\":\"https:\\\/\\\/schema.org\",\"@graph\":[{\"@type\":\"Article\",\"@id\":\"https:\\\/\\\/www.bellunopress.it\\\/2025\\\/09\\\/22\\\/renzo-andrich-e-vicepresidente-del-csv-belluno-treviso\\\/#article\",\"isPartOf\":{\"@id\":\"https:\\\/\\\/www.bellunopress.it\\\/2025\\\/09\\\/22\\\/renzo-andrich-e-vicepresidente-del-csv-belluno-treviso\\\/\"},\"author\":{\"name\":\"redazione\",\"@id\":\"https:\\\/\\\/www.bellunopress.it\\\/#\\\/schema\\\/person\\\/79bb06722b37ece1c03d3e94beb30d73\"},\"headline\":\"Renzo Andrich \u00e8 vicepresidente del Csv Belluno Treviso\",\"datePublished\":\"2025-09-22T14:45:34+00:00\",\"mainEntityOfPage\":{\"@id\":\"https:\\\/\\\/www.bellunopress.it\\\/2025\\\/09\\\/22\\\/renzo-andrich-e-vicepresidente-del-csv-belluno-treviso\\\/\"},\"wordCount\":440,\"publisher\":{\"@id\":\"https:\\\/\\\/www.bellunopress.it\\\/#organization\"},\"image\":{\"@id\":\"https:\\\/\\\/www.bellunopress.it\\\/2025\\\/09\\\/22\\\/renzo-andrich-e-vicepresidente-del-csv-belluno-treviso\\\/#primaryimage\"},\"thumbnailUrl\":\"https:\\\/\\\/www.bellunopress.it\\\/wp-content\\\/uploads\\\/2025\\\/09\\\/Da-sx-il-presidente-del-Csv-Belluno-Treviso-Giancarlo-Cavallin-e-il-vicepresidente-Renzo-Andrich_edited.jpg\",\"articleSection\":[\"Societ\u00e0, Associazioni, Istituzioni\"],\"inLanguage\":\"fr-FR\"},{\"@type\":\"WebPage\",\"@id\":\"https:\\\/\\\/www.bellunopress.it\\\/2025\\\/09\\\/22\\\/renzo-andrich-e-vicepresidente-del-csv-belluno-treviso\\\/\",\"url\":\"https:\\\/\\\/www.bellunopress.it\\\/2025\\\/09\\\/22\\\/renzo-andrich-e-vicepresidente-del-csv-belluno-treviso\\\/\",\"name\":\"Renzo Andrich \u00e8 vicepresidente del Csv Belluno Treviso - Bellunopress - Dolomiti\",\"isPartOf\":{\"@id\":\"https:\\\/\\\/www.bellunopress.it\\\/#website\"},\"primaryImageOfPage\":{\"@id\":\"https:\\\/\\\/www.bellunopress.it\\\/2025\\\/09\\\/22\\\/renzo-andrich-e-vicepresidente-del-csv-belluno-treviso\\\/#primaryimage\"},\"image\":{\"@id\":\"https:\\\/\\\/www.bellunopress.it\\\/2025\\\/09\\\/22\\\/renzo-andrich-e-vicepresidente-del-csv-belluno-treviso\\\/#primaryimage\"},\"thumbnailUrl\":\"https:\\\/\\\/www.bellunopress.it\\\/wp-content\\\/uploads\\\/2025\\\/09\\\/Da-sx-il-presidente-del-Csv-Belluno-Treviso-Giancarlo-Cavallin-e-il-vicepresidente-Renzo-Andrich_edited.jpg\",\"datePublished\":\"2025-09-22T14:45:34+00:00\",\"breadcrumb\":{\"@id\":\"https:\\\/\\\/www.bellunopress.it\\\/2025\\\/09\\\/22\\\/renzo-andrich-e-vicepresidente-del-csv-belluno-treviso\\\/#breadcrumb\"},\"inLanguage\":\"fr-FR\",\"potentialAction\":[{\"@type\":\"ReadAction\",\"target\":[\"https:\\\/\\\/www.bellunopress.it\\\/2025\\\/09\\\/22\\\/renzo-andrich-e-vicepresidente-del-csv-belluno-treviso\\\/\"]}]},{\"@type\":\"ImageObject\",\"inLanguage\":\"fr-FR\",\"@id\":\"https:\\\/\\\/www.bellunopress.it\\\/2025\\\/09\\\/22\\\/renzo-andrich-e-vicepresidente-del-csv-belluno-treviso\\\/#primaryimage\",\"url\":\"https:\\\/\\\/www.bellunopress.it\\\/wp-content\\\/uploads\\\/2025\\\/09\\\/Da-sx-il-presidente-del-Csv-Belluno-Treviso-Giancarlo-Cavallin-e-il-vicepresidente-Renzo-Andrich_edited.jpg\",\"contentUrl\":\"https:\\\/\\\/www.bellunopress.it\\\/wp-content\\\/uploads\\\/2025\\\/09\\\/Da-sx-il-presidente-del-Csv-Belluno-Treviso-Giancarlo-Cavallin-e-il-vicepresidente-Renzo-Andrich_edited.jpg\",\"width\":800,\"height\":644,\"caption\":\"Da sinistra: il presidente del Csv Belluno Treviso Giancarlo Cavallin e il vicepresidente Renzo Andrich\"},{\"@type\":\"BreadcrumbList\",\"@id\":\"https:\\\/\\\/www.bellunopress.it\\\/2025\\\/09\\\/22\\\/renzo-andrich-e-vicepresidente-del-csv-belluno-treviso\\\/#breadcrumb\",\"itemListElement\":[{\"@type\":\"ListItem\",\"position\":1,\"name\":\"Home\",\"item\":\"https:\\\/\\\/www.bellunopress.it\\\/\"},{\"@type\":\"ListItem\",\"position\":2,\"name\":\"Renzo Andrich \u00e8 vicepresidente del Csv Belluno Treviso\"}]},{\"@type\":\"WebSite\",\"@id\":\"https:\\\/\\\/www.bellunopress.it\\\/#website\",\"url\":\"https:\\\/\\\/www.bellunopress.it\\\/\",\"name\":\"Bellunopress - Dolomiti\",\"description\":\"e-mail: redazione@bellunopress.it\",\"publisher\":{\"@id\":\"https:\\\/\\\/www.bellunopress.it\\\/#organization\"},\"potentialAction\":[{\"@type\":\"SearchAction\",\"target\":{\"@type\":\"EntryPoint\",\"urlTemplate\":\"https:\\\/\\\/www.bellunopress.it\\\/?s={search_term_string}\"},\"query-input\":{\"@type\":\"PropertyValueSpecification\",\"valueRequired\":true,\"valueName\":\"search_term_string\"}}],\"inLanguage\":\"fr-FR\"},{\"@type\":\"Organization\",\"@id\":\"https:\\\/\\\/www.bellunopress.it\\\/#organization\",\"name\":\"Bellunopress\",\"url\":\"https:\\\/\\\/www.bellunopress.it\\\/\",\"logo\":{\"@type\":\"ImageObject\",\"inLanguage\":\"fr-FR\",\"@id\":\"https:\\\/\\\/www.bellunopress.it\\\/#\\\/schema\\\/logo\\\/image\\\/\",\"url\":\"https:\\\/\\\/www.bellunopress.it\\\/wp-content\\\/uploads\\\/2011\\\/05\\\/cropped-logo-bellunopress-.jpg\",\"contentUrl\":\"https:\\\/\\\/www.bellunopress.it\\\/wp-content\\\/uploads\\\/2011\\\/05\\\/cropped-logo-bellunopress-.jpg\",\"width\":512,\"height\":512,\"caption\":\"Bellunopress\"},\"image\":{\"@id\":\"https:\\\/\\\/www.bellunopress.it\\\/#\\\/schema\\\/logo\\\/image\\\/\"},\"sameAs\":[\"https:\\\/\\\/www.facebook.com\\\/profile.php?id=100008943462799\",\"https:\\\/\\\/x.com\\\/bellunopress\",\"https:\\\/\\\/www.linkedin.com\\\/hp\\\/?dnr=JBzUWaJfMUw8vbXJJ2tVW5-I3jZKvC4wsoxE&amp;amp;amp;amp;amp;amp;trk=nav_responsive_tab_home\",\"https:\\\/\\\/www.youtube.com\\\/channel\\\/UCxL0wu1uN0_3_7hGG0306cw\"]},{\"@type\":\"Person\",\"@id\":\"https:\\\/\\\/www.bellunopress.it\\\/#\\\/schema\\\/person\\\/79bb06722b37ece1c03d3e94beb30d73\",\"name\":\"redazione\",\"image\":{\"@type\":\"ImageObject\",\"inLanguage\":\"fr-FR\",\"@id\":\"https:\\\/\\\/secure.gravatar.com\\\/avatar\\\/37d968a2e67a6fd04c169c4bdef102d0bc5d31b2546345219e348575eb80e9a0?s=96&d=mm&r=g\",\"url\":\"https:\\\/\\\/secure.gravatar.com\\\/avatar\\\/37d968a2e67a6fd04c169c4bdef102d0bc5d31b2546345219e348575eb80e9a0?s=96&d=mm&r=g\",\"contentUrl\":\"https:\\\/\\\/secure.gravatar.com\\\/avatar\\\/37d968a2e67a6fd04c169c4bdef102d0bc5d31b2546345219e348575eb80e9a0?s=96&d=mm&r=g\",\"caption\":\"redazione\"},\"sameAs\":[\"http:\\\/\\\/www.bellunopress.it\",\"https:\\\/\\\/x.com\\\/bellunopress\"],\"url\":\"https:\\\/\\\/www.bellunopress.it\\\/fr\\\/author\\\/redazione\\\/\"}]}<\/script>\n<!-- \/ Yoast SEO plugin. -->","yoast_head_json":{"title":"Renzo Andrich \u00e8 vicepresidente del Csv Belluno Treviso - Bellunopress - Dolomiti","robots":{"index":"index","follow":"follow","max-snippet":"max-snippet:-1","max-image-preview":"max-image-preview:large","max-video-preview":"max-video-preview:-1"},"canonical":"https:\/\/www.bellunopress.it\/fr\/2025\/09\/22\/renzo-andrich-e-vicepresidente-del-csv-belluno-treviso\/","og_locale":"fr_FR","og_type":"article","og_title":"Renzo Andrich \u00e8 vicepresidente del Csv Belluno Treviso - Bellunopress - Dolomiti","og_description":"Affiancher\u00e0 il presidente Giancarlo Cavallin nella gestione. La dichiarazione: \u00abIl Csv motore di sostegno ad associazioni basate sul volontariato puro\u00bb \u00c8 Renzo Andrich il vicepresidente del Csv Belluno Treviso. Bellunese, da anni impegnato nel mondo del volontariato, affiancher\u00e0, per i prossimi tre anni, il presidente Giancarlo Cavallin nella guida dell\u2019ente vocato a offrire servizi di [&hellip;]","og_url":"https:\/\/www.bellunopress.it\/fr\/2025\/09\/22\/renzo-andrich-e-vicepresidente-del-csv-belluno-treviso\/","og_site_name":"Bellunopress - Dolomiti","article_publisher":"https:\/\/www.facebook.com\/profile.php?id=100008943462799","article_published_time":"2025-09-22T14:45:34+00:00","og_image":[{"width":800,"height":644,"url":"https:\/\/www.bellunopress.it\/wp-content\/uploads\/2025\/09\/Da-sx-il-presidente-del-Csv-Belluno-Treviso-Giancarlo-Cavallin-e-il-vicepresidente-Renzo-Andrich_edited.jpg","type":"image\/jpeg"}],"author":"redazione","twitter_card":"summary_large_image","twitter_creator":"@bellunopress","twitter_site":"@bellunopress","twitter_misc":{"\u00c9crit par":"redazione","Dur\u00e9e de lecture estim\u00e9e":"2 minutes"},"schema":{"@context":"https:\/\/schema.org","@graph":[{"@type":"Article","@id":"https:\/\/www.bellunopress.it\/2025\/09\/22\/renzo-andrich-e-vicepresidente-del-csv-belluno-treviso\/#article","isPartOf":{"@id":"https:\/\/www.bellunopress.it\/2025\/09\/22\/renzo-andrich-e-vicepresidente-del-csv-belluno-treviso\/"},"author":{"name":"redazione","@id":"https:\/\/www.bellunopress.it\/#\/schema\/person\/79bb06722b37ece1c03d3e94beb30d73"},"headline":"Renzo Andrich \u00e8 vicepresidente del Csv Belluno Treviso","datePublished":"2025-09-22T14:45:34+00:00","mainEntityOfPage":{"@id":"https:\/\/www.bellunopress.it\/2025\/09\/22\/renzo-andrich-e-vicepresidente-del-csv-belluno-treviso\/"},"wordCount":440,"publisher":{"@id":"https:\/\/www.bellunopress.it\/#organization"},"image":{"@id":"https:\/\/www.bellunopress.it\/2025\/09\/22\/renzo-andrich-e-vicepresidente-del-csv-belluno-treviso\/#primaryimage"},"thumbnailUrl":"https:\/\/www.bellunopress.it\/wp-content\/uploads\/2025\/09\/Da-sx-il-presidente-del-Csv-Belluno-Treviso-Giancarlo-Cavallin-e-il-vicepresidente-Renzo-Andrich_edited.jpg","articleSection":["Societ\u00e0, Associazioni, Istituzioni"],"inLanguage":"fr-FR"},{"@type":"WebPage","@id":"https:\/\/www.bellunopress.it\/2025\/09\/22\/renzo-andrich-e-vicepresidente-del-csv-belluno-treviso\/","url":"https:\/\/www.bellunopress.it\/2025\/09\/22\/renzo-andrich-e-vicepresidente-del-csv-belluno-treviso\/","name":"Renzo Andrich \u00e8 vicepresidente del Csv Belluno Treviso - Bellunopress - Dolomiti","isPartOf":{"@id":"https:\/\/www.bellunopress.it\/#website"},"primaryImageOfPage":{"@id":"https:\/\/www.bellunopress.it\/2025\/09\/22\/renzo-andrich-e-vicepresidente-del-csv-belluno-treviso\/#primaryimage"},"image":{"@id":"https:\/\/www.bellunopress.it\/2025\/09\/22\/renzo-andrich-e-vicepresidente-del-csv-belluno-treviso\/#primaryimage"},"thumbnailUrl":"https:\/\/www.bellunopress.it\/wp-content\/uploads\/2025\/09\/Da-sx-il-presidente-del-Csv-Belluno-Treviso-Giancarlo-Cavallin-e-il-vicepresidente-Renzo-Andrich_edited.jpg","datePublished":"2025-09-22T14:45:34+00:00","breadcrumb":{"@id":"https:\/\/www.bellunopress.it\/2025\/09\/22\/renzo-andrich-e-vicepresidente-del-csv-belluno-treviso\/#breadcrumb"},"inLanguage":"fr-FR","potentialAction":[{"@type":"ReadAction","target":["https:\/\/www.bellunopress.it\/2025\/09\/22\/renzo-andrich-e-vicepresidente-del-csv-belluno-treviso\/"]}]},{"@type":"ImageObject","inLanguage":"fr-FR","@id":"https:\/\/www.bellunopress.it\/2025\/09\/22\/renzo-andrich-e-vicepresidente-del-csv-belluno-treviso\/#primaryimage","url":"https:\/\/www.bellunopress.it\/wp-content\/uploads\/2025\/09\/Da-sx-il-presidente-del-Csv-Belluno-Treviso-Giancarlo-Cavallin-e-il-vicepresidente-Renzo-Andrich_edited.jpg","contentUrl":"https:\/\/www.bellunopress.it\/wp-content\/uploads\/2025\/09\/Da-sx-il-presidente-del-Csv-Belluno-Treviso-Giancarlo-Cavallin-e-il-vicepresidente-Renzo-Andrich_edited.jpg","width":800,"height":644,"caption":"Da sinistra: il presidente del Csv Belluno Treviso Giancarlo Cavallin e il vicepresidente Renzo Andrich"},{"@type":"BreadcrumbList","@id":"https:\/\/www.bellunopress.it\/2025\/09\/22\/renzo-andrich-e-vicepresidente-del-csv-belluno-treviso\/#breadcrumb","itemListElement":[{"@type":"ListItem","position":1,"name":"Home","item":"https:\/\/www.bellunopress.it\/"},{"@type":"ListItem","position":2,"name":"Renzo Andrich \u00e8 vicepresidente del Csv Belluno Treviso"}]},{"@type":"WebSite","@id":"https:\/\/www.bellunopress.it\/#website","url":"https:\/\/www.bellunopress.it\/","name":"Bellunopress - Dolomiti","description":"e-mail: redazione@bellunopress.it","publisher":{"@id":"https:\/\/www.bellunopress.it\/#organization"},"potentialAction":[{"@type":"SearchAction","target":{"@type":"EntryPoint","urlTemplate":"https:\/\/www.bellunopress.it\/?s={search_term_string}"},"query-input":{"@type":"PropertyValueSpecification","valueRequired":true,"valueName":"search_term_string"}}],"inLanguage":"fr-FR"},{"@type":"Organization","@id":"https:\/\/www.bellunopress.it\/#organization","name":"Bellunopress","url":"https:\/\/www.bellunopress.it\/","logo":{"@type":"ImageObject","inLanguage":"fr-FR","@id":"https:\/\/www.bellunopress.it\/#\/schema\/logo\/image\/","url":"https:\/\/www.bellunopress.it\/wp-content\/uploads\/2011\/05\/cropped-logo-bellunopress-.jpg","contentUrl":"https:\/\/www.bellunopress.it\/wp-content\/uploads\/2011\/05\/cropped-logo-bellunopress-.jpg","width":512,"height":512,"caption":"Bellunopress"},"image":{"@id":"https:\/\/www.bellunopress.it\/#\/schema\/logo\/image\/"},"sameAs":["https:\/\/www.facebook.com\/profile.php?id=100008943462799","https:\/\/x.com\/bellunopress","https:\/\/www.linkedin.com\/hp\/?dnr=JBzUWaJfMUw8vbXJJ2tVW5-I3jZKvC4wsoxE&amp;amp;amp;amp;amp;amp;trk=nav_responsive_tab_home","https:\/\/www.youtube.com\/channel\/UCxL0wu1uN0_3_7hGG0306cw"]},{"@type":"Person","@id":"https:\/\/www.bellunopress.it\/#\/schema\/person\/79bb06722b37ece1c03d3e94beb30d73","name":"r\u00e9daction","image":{"@type":"ImageObject","inLanguage":"fr-FR","@id":"https:\/\/secure.gravatar.com\/avatar\/37d968a2e67a6fd04c169c4bdef102d0bc5d31b2546345219e348575eb80e9a0?s=96&d=mm&r=g","url":"https:\/\/secure.gravatar.com\/avatar\/37d968a2e67a6fd04c169c4bdef102d0bc5d31b2546345219e348575eb80e9a0?s=96&d=mm&r=g","contentUrl":"https:\/\/secure.gravatar.com\/avatar\/37d968a2e67a6fd04c169c4bdef102d0bc5d31b2546345219e348575eb80e9a0?s=96&d=mm&r=g","caption":"redazione"},"sameAs":["http:\/\/www.bellunopress.it","https:\/\/x.com\/bellunopress"],"url":"https:\/\/www.bellunopress.it\/fr\/author\/redazione\/"}]}},"_links":{"self":[{"href":"https:\/\/www.bellunopress.it\/fr\/wp-json\/wp\/v2\/posts\/163519","targetHints":{"allow":["GET"]}}],"collection":[{"href":"https:\/\/www.bellunopress.it\/fr\/wp-json\/wp\/v2\/posts"}],"about":[{"href":"https:\/\/www.bellunopress.it\/fr\/wp-json\/wp\/v2\/types\/post"}],"author":[{"embeddable":true,"href":"https:\/\/www.bellunopress.it\/fr\/wp-json\/wp\/v2\/users\/2"}],"replies":[{"embeddable":true,"href":"https:\/\/www.bellunopress.it\/fr\/wp-json\/wp\/v2\/comments?post=163519"}],"version-history":[{"count":1,"href":"https:\/\/www.bellunopress.it\/fr\/wp-json\/wp\/v2\/posts\/163519\/revisions"}],"predecessor-version":[{"id":163521,"href":"https:\/\/www.bellunopress.it\/fr\/wp-json\/wp\/v2\/posts\/163519\/revisions\/163521"}],"wp:featuredmedia":[{"embeddable":true,"href":"https:\/\/www.bellunopress.it\/fr\/wp-json\/wp\/v2\/media\/163520"}],"wp:attachment":[{"href":"https:\/\/www.bellunopress.it\/fr\/wp-json\/wp\/v2\/media?parent=163519"}],"wp:term":[{"taxonomy":"category","embeddable":true,"href":"https:\/\/www.bellunopress.it\/fr\/wp-json\/wp\/v2\/categories?post=163519"},{"taxonomy":"post_tag","embeddable":true,"href":"https:\/\/www.bellunopress.it\/fr\/wp-json\/wp\/v2\/tags?post=163519"}],"curies":[{"name":"wp","href":"https:\/\/api.w.org\/{rel}","templated":true}]}}