{"id":163445,"date":"2025-09-21T15:29:52","date_gmt":"2025-09-21T13:29:52","guid":{"rendered":"https:\/\/www.bellunopress.it\/?p=163445"},"modified":"2025-09-19T15:30:47","modified_gmt":"2025-09-19T13:30:47","slug":"feltre-lancio-del-progetto-gea-2-nuove-opportunita-per-i-giovani-under-30","status":"publish","type":"post","link":"https:\/\/www.bellunopress.it\/fr\/2025\/09\/21\/feltre-lancio-del-progetto-gea-2-nuove-opportunita-per-i-giovani-under-30\/","title":{"rendered":"Feltre. Lancio del progetto GEA 2: nuove opportunit\u00e0 per i giovani under 30"},"content":{"rendered":"<p><img loading=\"lazy\" decoding=\"async\" class=\"aligncenter size-full wp-image-163446\" src=\"https:\/\/www.bellunopress.it\/wp-content\/uploads\/2025\/09\/Feltre-Il-tuo-futuro-giovani-under-30.jpg\" alt=\"\" width=\"566\" height=\"800\" srcset=\"https:\/\/www.bellunopress.it\/wp-content\/uploads\/2025\/09\/Feltre-Il-tuo-futuro-giovani-under-30.jpg 566w, https:\/\/www.bellunopress.it\/wp-content\/uploads\/2025\/09\/Feltre-Il-tuo-futuro-giovani-under-30-354x500.jpg 354w, https:\/\/www.bellunopress.it\/wp-content\/uploads\/2025\/09\/Feltre-Il-tuo-futuro-giovani-under-30-297x420.jpg 297w\" sizes=\"auto, (max-width: 566px) 100vw, 566px\" \/>Venerd\u00ec 26 settembre 2025, dalle 16.00 alle 18.00, al bar Bariol\u00e9 di Feltre, si terr\u00e0 l\u2019evento di lancio del progetto GEA 2, un\u2019iniziativa rivolta ai giovani under 30 che stanno cercando lavoro.<\/p>\n<p>Il progetto GEA 2, coordinato dalla Fondazione ENAC Veneto (sede di Feltre) e finanziato dalla Regione Veneto (dgr 307\/2025) tramite il Fondo Sociale Europeo, nasce con l\u2019obiettivo di offrire strumenti concreti ai giovani under 30 per facilitare l\u2019ingresso nel mondo del lavoro attraverso percorsi di orientamento, formazione e tirocinio. Durante l\u2019evento, aperto al pubblico, verranno presentate le attivit\u00e0 previste e le modalit\u00e0 di partecipazione.<\/p>\n<p>L\u2019evento sar\u00e0 anche un\u2019occasione per dialogare con il team di progetto, conoscere le realt\u00e0 coinvolte e favorire la creazione di reti tra giovani, enti e imprese del territorio.<\/p>\n<p>GEA 2 si propone come un ponte tra le aspirazioni dei giovani e le esigenze del mercato locale, valorizzando competenze, talenti e potenzialit\u00e0 individuali.<\/p>\n<p>L\u2019evento \u00e8 gratuito e aperto a tutti (\u00e8 gradita l\u2019iscrizione). A conclusione ci sar\u00e0 un aperitivo offerto a tutti partecipanti.<\/p>\n<ul>\n<li>Luogo: Bar Bariol\u00e9 di Feltre, Piazzale Silvio Guarnieri (ex Manifattura)<\/li>\n<li>Data: Venerd\u00ec 26 settembre 2025<\/li>\n<li>Orario: 16.00 \u2013 18.00<\/li>\n<\/ul>\n<p>Per info e iscrizioni: <a href=\"mailto:gea@enacveneto.it\">gea@enacveneto.it<\/a> \/ 388 5664001<\/p>\n<p>Link diretto d\u2019iscrizione: <a href=\"https:\/\/forms.office.com\/e\/dPpeJyxmjV\">https:\/\/forms.office.com\/e\/dPpeJyxmjV<\/a><\/p>\n<p>Sito web: <a href=\"https:\/\/www.enacveneto.it\/progetto\/gea-2-giovani-energie-in-azione-2\">https:\/\/www.enacveneto.it\/progetto\/gea-2-giovani-energie-in-azione-2<\/a><\/p>","protected":false},"excerpt":{"rendered":"<p>Venerd\u00ec 26 settembre 2025, dalle 16.00 alle 18.00, al bar Bariol\u00e9 di Feltre, si terr\u00e0 l\u2019evento di lancio del progetto GEA 2, un\u2019iniziativa rivolta ai giovani under 30 che stanno cercando lavoro. Il progetto GEA 2, coordinato dalla Fondazione ENAC Veneto (sede di Feltre) e finanziato dalla Regione Veneto (dgr 307\/2025) tramite il Fondo Sociale [&hellip;]<\/p>\n","protected":false},"author":2,"featured_media":163446,"comment_status":"closed","ping_status":"open","sticky":false,"template":"","format":"standard","meta":{"footnotes":""},"categories":[36,25,8],"tags":[],"class_list":["post-163445","post","type-post","status-publish","format-standard","has-post-thumbnail","category-lavoro-economia","category-pausa-caffe","category-societa-istituzioni"],"yoast_head":"<!-- This site is optimized with the Yoast SEO plugin v28.4 - https:\/\/yoast.com\/product\/yoast-seo-wordpress\/ -->\n<title>Feltre. Lancio del progetto GEA 2: nuove opportunit\u00e0 per i giovani under 30 - Bellunopress - Dolomiti<\/title>\n<meta name=\"robots\" content=\"index, follow, max-snippet:-1, max-image-preview:large, max-video-preview:-1\" \/>\n<link rel=\"canonical\" href=\"https:\/\/www.bellunopress.it\/fr\/2025\/09\/21\/feltre-lancio-del-progetto-gea-2-nuove-opportunita-per-i-giovani-under-30\/\" \/>\n<meta property=\"og:locale\" content=\"fr_FR\" \/>\n<meta property=\"og:type\" content=\"article\" \/>\n<meta property=\"og:title\" content=\"Feltre. Lancio del progetto GEA 2: nuove opportunit\u00e0 per i giovani under 30 - Bellunopress - Dolomiti\" \/>\n<meta property=\"og:description\" content=\"Venerd\u00ec 26 settembre 2025, dalle 16.00 alle 18.00, al bar Bariol\u00e9 di Feltre, si terr\u00e0 l\u2019evento di lancio del progetto GEA 2, un\u2019iniziativa rivolta ai giovani under 30 che stanno cercando lavoro. Il progetto GEA 2, coordinato dalla Fondazione ENAC Veneto (sede di Feltre) e finanziato dalla Regione Veneto (dgr 307\/2025) tramite il Fondo Sociale [&hellip;]\" \/>\n<meta property=\"og:url\" content=\"https:\/\/www.bellunopress.it\/fr\/2025\/09\/21\/feltre-lancio-del-progetto-gea-2-nuove-opportunita-per-i-giovani-under-30\/\" \/>\n<meta property=\"og:site_name\" content=\"Bellunopress - Dolomiti\" \/>\n<meta property=\"article:publisher\" content=\"https:\/\/www.facebook.com\/profile.php?id=100008943462799\" \/>\n<meta property=\"article:published_time\" content=\"2025-09-21T13:29:52+00:00\" \/>\n<meta property=\"og:image\" content=\"https:\/\/www.bellunopress.it\/wp-content\/uploads\/2025\/09\/Feltre-Il-tuo-futuro-giovani-under-30.jpg\" \/>\n\t<meta property=\"og:image:width\" content=\"566\" \/>\n\t<meta property=\"og:image:height\" content=\"800\" \/>\n\t<meta property=\"og:image:type\" content=\"image\/jpeg\" \/>\n<meta name=\"author\" content=\"redazione\" \/>\n<meta name=\"twitter:card\" content=\"summary_large_image\" \/>\n<meta name=\"twitter:creator\" content=\"@bellunopress\" \/>\n<meta name=\"twitter:site\" content=\"@bellunopress\" \/>\n<meta name=\"twitter:label1\" content=\"\u00c9crit par\" \/>\n\t<meta name=\"twitter:data1\" content=\"redazione\" \/>\n\t<meta name=\"twitter:label2\" content=\"Dur\u00e9e de lecture estim\u00e9e\" \/>\n\t<meta name=\"twitter:data2\" content=\"1 minute\" \/>\n<script type=\"application\/ld+json\" class=\"yoast-schema-graph\">{\"@context\":\"https:\\\/\\\/schema.org\",\"@graph\":[{\"@type\":\"Article\",\"@id\":\"https:\\\/\\\/www.bellunopress.it\\\/2025\\\/09\\\/21\\\/feltre-lancio-del-progetto-gea-2-nuove-opportunita-per-i-giovani-under-30\\\/#article\",\"isPartOf\":{\"@id\":\"https:\\\/\\\/www.bellunopress.it\\\/2025\\\/09\\\/21\\\/feltre-lancio-del-progetto-gea-2-nuove-opportunita-per-i-giovani-under-30\\\/\"},\"author\":{\"name\":\"redazione\",\"@id\":\"https:\\\/\\\/www.bellunopress.it\\\/#\\\/schema\\\/person\\\/79bb06722b37ece1c03d3e94beb30d73\"},\"headline\":\"Feltre. Lancio del progetto GEA 2: nuove opportunit\u00e0 per i giovani under 30\",\"datePublished\":\"2025-09-21T13:29:52+00:00\",\"mainEntityOfPage\":{\"@id\":\"https:\\\/\\\/www.bellunopress.it\\\/2025\\\/09\\\/21\\\/feltre-lancio-del-progetto-gea-2-nuove-opportunita-per-i-giovani-under-30\\\/\"},\"wordCount\":216,\"publisher\":{\"@id\":\"https:\\\/\\\/www.bellunopress.it\\\/#organization\"},\"image\":{\"@id\":\"https:\\\/\\\/www.bellunopress.it\\\/2025\\\/09\\\/21\\\/feltre-lancio-del-progetto-gea-2-nuove-opportunita-per-i-giovani-under-30\\\/#primaryimage\"},\"thumbnailUrl\":\"https:\\\/\\\/www.bellunopress.it\\\/wp-content\\\/uploads\\\/2025\\\/09\\\/Feltre-Il-tuo-futuro-giovani-under-30.jpg\",\"articleSection\":[\"Lavoro, Economia, Turismo\",\"Pausa Caff\u00e8\",\"Societ\u00e0, Associazioni, Istituzioni\"],\"inLanguage\":\"fr-FR\"},{\"@type\":\"WebPage\",\"@id\":\"https:\\\/\\\/www.bellunopress.it\\\/2025\\\/09\\\/21\\\/feltre-lancio-del-progetto-gea-2-nuove-opportunita-per-i-giovani-under-30\\\/\",\"url\":\"https:\\\/\\\/www.bellunopress.it\\\/2025\\\/09\\\/21\\\/feltre-lancio-del-progetto-gea-2-nuove-opportunita-per-i-giovani-under-30\\\/\",\"name\":\"Feltre. Lancio del progetto GEA 2: nuove opportunit\u00e0 per i giovani under 30 - Bellunopress - Dolomiti\",\"isPartOf\":{\"@id\":\"https:\\\/\\\/www.bellunopress.it\\\/#website\"},\"primaryImageOfPage\":{\"@id\":\"https:\\\/\\\/www.bellunopress.it\\\/2025\\\/09\\\/21\\\/feltre-lancio-del-progetto-gea-2-nuove-opportunita-per-i-giovani-under-30\\\/#primaryimage\"},\"image\":{\"@id\":\"https:\\\/\\\/www.bellunopress.it\\\/2025\\\/09\\\/21\\\/feltre-lancio-del-progetto-gea-2-nuove-opportunita-per-i-giovani-under-30\\\/#primaryimage\"},\"thumbnailUrl\":\"https:\\\/\\\/www.bellunopress.it\\\/wp-content\\\/uploads\\\/2025\\\/09\\\/Feltre-Il-tuo-futuro-giovani-under-30.jpg\",\"datePublished\":\"2025-09-21T13:29:52+00:00\",\"breadcrumb\":{\"@id\":\"https:\\\/\\\/www.bellunopress.it\\\/2025\\\/09\\\/21\\\/feltre-lancio-del-progetto-gea-2-nuove-opportunita-per-i-giovani-under-30\\\/#breadcrumb\"},\"inLanguage\":\"fr-FR\",\"potentialAction\":[{\"@type\":\"ReadAction\",\"target\":[\"https:\\\/\\\/www.bellunopress.it\\\/2025\\\/09\\\/21\\\/feltre-lancio-del-progetto-gea-2-nuove-opportunita-per-i-giovani-under-30\\\/\"]}]},{\"@type\":\"ImageObject\",\"inLanguage\":\"fr-FR\",\"@id\":\"https:\\\/\\\/www.bellunopress.it\\\/2025\\\/09\\\/21\\\/feltre-lancio-del-progetto-gea-2-nuove-opportunita-per-i-giovani-under-30\\\/#primaryimage\",\"url\":\"https:\\\/\\\/www.bellunopress.it\\\/wp-content\\\/uploads\\\/2025\\\/09\\\/Feltre-Il-tuo-futuro-giovani-under-30.jpg\",\"contentUrl\":\"https:\\\/\\\/www.bellunopress.it\\\/wp-content\\\/uploads\\\/2025\\\/09\\\/Feltre-Il-tuo-futuro-giovani-under-30.jpg\",\"width\":566,\"height\":800},{\"@type\":\"BreadcrumbList\",\"@id\":\"https:\\\/\\\/www.bellunopress.it\\\/2025\\\/09\\\/21\\\/feltre-lancio-del-progetto-gea-2-nuove-opportunita-per-i-giovani-under-30\\\/#breadcrumb\",\"itemListElement\":[{\"@type\":\"ListItem\",\"position\":1,\"name\":\"Home\",\"item\":\"https:\\\/\\\/www.bellunopress.it\\\/\"},{\"@type\":\"ListItem\",\"position\":2,\"name\":\"Feltre. Lancio del progetto GEA 2: nuove opportunit\u00e0 per i giovani under 30\"}]},{\"@type\":\"WebSite\",\"@id\":\"https:\\\/\\\/www.bellunopress.it\\\/#website\",\"url\":\"https:\\\/\\\/www.bellunopress.it\\\/\",\"name\":\"Bellunopress - Dolomiti\",\"description\":\"e-mail: redazione@bellunopress.it\",\"publisher\":{\"@id\":\"https:\\\/\\\/www.bellunopress.it\\\/#organization\"},\"potentialAction\":[{\"@type\":\"SearchAction\",\"target\":{\"@type\":\"EntryPoint\",\"urlTemplate\":\"https:\\\/\\\/www.bellunopress.it\\\/?s={search_term_string}\"},\"query-input\":{\"@type\":\"PropertyValueSpecification\",\"valueRequired\":true,\"valueName\":\"search_term_string\"}}],\"inLanguage\":\"fr-FR\"},{\"@type\":\"Organization\",\"@id\":\"https:\\\/\\\/www.bellunopress.it\\\/#organization\",\"name\":\"Bellunopress\",\"url\":\"https:\\\/\\\/www.bellunopress.it\\\/\",\"logo\":{\"@type\":\"ImageObject\",\"inLanguage\":\"fr-FR\",\"@id\":\"https:\\\/\\\/www.bellunopress.it\\\/#\\\/schema\\\/logo\\\/image\\\/\",\"url\":\"https:\\\/\\\/www.bellunopress.it\\\/wp-content\\\/uploads\\\/2011\\\/05\\\/cropped-logo-bellunopress-.jpg\",\"contentUrl\":\"https:\\\/\\\/www.bellunopress.it\\\/wp-content\\\/uploads\\\/2011\\\/05\\\/cropped-logo-bellunopress-.jpg\",\"width\":512,\"height\":512,\"caption\":\"Bellunopress\"},\"image\":{\"@id\":\"https:\\\/\\\/www.bellunopress.it\\\/#\\\/schema\\\/logo\\\/image\\\/\"},\"sameAs\":[\"https:\\\/\\\/www.facebook.com\\\/profile.php?id=100008943462799\",\"https:\\\/\\\/x.com\\\/bellunopress\",\"https:\\\/\\\/www.linkedin.com\\\/hp\\\/?dnr=JBzUWaJfMUw8vbXJJ2tVW5-I3jZKvC4wsoxE&amp;amp;amp;amp;amp;amp;trk=nav_responsive_tab_home\",\"https:\\\/\\\/www.youtube.com\\\/channel\\\/UCxL0wu1uN0_3_7hGG0306cw\"]},{\"@type\":\"Person\",\"@id\":\"https:\\\/\\\/www.bellunopress.it\\\/#\\\/schema\\\/person\\\/79bb06722b37ece1c03d3e94beb30d73\",\"name\":\"redazione\",\"image\":{\"@type\":\"ImageObject\",\"inLanguage\":\"fr-FR\",\"@id\":\"https:\\\/\\\/secure.gravatar.com\\\/avatar\\\/37d968a2e67a6fd04c169c4bdef102d0bc5d31b2546345219e348575eb80e9a0?s=96&d=mm&r=g\",\"url\":\"https:\\\/\\\/secure.gravatar.com\\\/avatar\\\/37d968a2e67a6fd04c169c4bdef102d0bc5d31b2546345219e348575eb80e9a0?s=96&d=mm&r=g\",\"contentUrl\":\"https:\\\/\\\/secure.gravatar.com\\\/avatar\\\/37d968a2e67a6fd04c169c4bdef102d0bc5d31b2546345219e348575eb80e9a0?s=96&d=mm&r=g\",\"caption\":\"redazione\"},\"sameAs\":[\"http:\\\/\\\/www.bellunopress.it\",\"https:\\\/\\\/x.com\\\/bellunopress\"],\"url\":\"https:\\\/\\\/www.bellunopress.it\\\/fr\\\/author\\\/redazione\\\/\"}]}<\/script>\n<!-- \/ Yoast SEO plugin. -->","yoast_head_json":{"title":"Feltre. Lancio del progetto GEA 2: nuove opportunit\u00e0 per i giovani under 30 - Bellunopress - Dolomiti","robots":{"index":"index","follow":"follow","max-snippet":"max-snippet:-1","max-image-preview":"max-image-preview:large","max-video-preview":"max-video-preview:-1"},"canonical":"https:\/\/www.bellunopress.it\/fr\/2025\/09\/21\/feltre-lancio-del-progetto-gea-2-nuove-opportunita-per-i-giovani-under-30\/","og_locale":"fr_FR","og_type":"article","og_title":"Feltre. Lancio del progetto GEA 2: nuove opportunit\u00e0 per i giovani under 30 - Bellunopress - Dolomiti","og_description":"Venerd\u00ec 26 settembre 2025, dalle 16.00 alle 18.00, al bar Bariol\u00e9 di Feltre, si terr\u00e0 l\u2019evento di lancio del progetto GEA 2, un\u2019iniziativa rivolta ai giovani under 30 che stanno cercando lavoro. Il progetto GEA 2, coordinato dalla Fondazione ENAC Veneto (sede di Feltre) e finanziato dalla Regione Veneto (dgr 307\/2025) tramite il Fondo Sociale [&hellip;]","og_url":"https:\/\/www.bellunopress.it\/fr\/2025\/09\/21\/feltre-lancio-del-progetto-gea-2-nuove-opportunita-per-i-giovani-under-30\/","og_site_name":"Bellunopress - Dolomiti","article_publisher":"https:\/\/www.facebook.com\/profile.php?id=100008943462799","article_published_time":"2025-09-21T13:29:52+00:00","og_image":[{"width":566,"height":800,"url":"https:\/\/www.bellunopress.it\/wp-content\/uploads\/2025\/09\/Feltre-Il-tuo-futuro-giovani-under-30.jpg","type":"image\/jpeg"}],"author":"redazione","twitter_card":"summary_large_image","twitter_creator":"@bellunopress","twitter_site":"@bellunopress","twitter_misc":{"\u00c9crit par":"redazione","Dur\u00e9e de lecture estim\u00e9e":"1 minute"},"schema":{"@context":"https:\/\/schema.org","@graph":[{"@type":"Article","@id":"https:\/\/www.bellunopress.it\/2025\/09\/21\/feltre-lancio-del-progetto-gea-2-nuove-opportunita-per-i-giovani-under-30\/#article","isPartOf":{"@id":"https:\/\/www.bellunopress.it\/2025\/09\/21\/feltre-lancio-del-progetto-gea-2-nuove-opportunita-per-i-giovani-under-30\/"},"author":{"name":"redazione","@id":"https:\/\/www.bellunopress.it\/#\/schema\/person\/79bb06722b37ece1c03d3e94beb30d73"},"headline":"Feltre. Lancio del progetto GEA 2: nuove opportunit\u00e0 per i giovani under 30","datePublished":"2025-09-21T13:29:52+00:00","mainEntityOfPage":{"@id":"https:\/\/www.bellunopress.it\/2025\/09\/21\/feltre-lancio-del-progetto-gea-2-nuove-opportunita-per-i-giovani-under-30\/"},"wordCount":216,"publisher":{"@id":"https:\/\/www.bellunopress.it\/#organization"},"image":{"@id":"https:\/\/www.bellunopress.it\/2025\/09\/21\/feltre-lancio-del-progetto-gea-2-nuove-opportunita-per-i-giovani-under-30\/#primaryimage"},"thumbnailUrl":"https:\/\/www.bellunopress.it\/wp-content\/uploads\/2025\/09\/Feltre-Il-tuo-futuro-giovani-under-30.jpg","articleSection":["Lavoro, Economia, Turismo","Pausa Caff\u00e8","Societ\u00e0, Associazioni, Istituzioni"],"inLanguage":"fr-FR"},{"@type":"WebPage","@id":"https:\/\/www.bellunopress.it\/2025\/09\/21\/feltre-lancio-del-progetto-gea-2-nuove-opportunita-per-i-giovani-under-30\/","url":"https:\/\/www.bellunopress.it\/2025\/09\/21\/feltre-lancio-del-progetto-gea-2-nuove-opportunita-per-i-giovani-under-30\/","name":"Feltre. Lancio del progetto GEA 2: nuove opportunit\u00e0 per i giovani under 30 - Bellunopress - Dolomiti","isPartOf":{"@id":"https:\/\/www.bellunopress.it\/#website"},"primaryImageOfPage":{"@id":"https:\/\/www.bellunopress.it\/2025\/09\/21\/feltre-lancio-del-progetto-gea-2-nuove-opportunita-per-i-giovani-under-30\/#primaryimage"},"image":{"@id":"https:\/\/www.bellunopress.it\/2025\/09\/21\/feltre-lancio-del-progetto-gea-2-nuove-opportunita-per-i-giovani-under-30\/#primaryimage"},"thumbnailUrl":"https:\/\/www.bellunopress.it\/wp-content\/uploads\/2025\/09\/Feltre-Il-tuo-futuro-giovani-under-30.jpg","datePublished":"2025-09-21T13:29:52+00:00","breadcrumb":{"@id":"https:\/\/www.bellunopress.it\/2025\/09\/21\/feltre-lancio-del-progetto-gea-2-nuove-opportunita-per-i-giovani-under-30\/#breadcrumb"},"inLanguage":"fr-FR","potentialAction":[{"@type":"ReadAction","target":["https:\/\/www.bellunopress.it\/2025\/09\/21\/feltre-lancio-del-progetto-gea-2-nuove-opportunita-per-i-giovani-under-30\/"]}]},{"@type":"ImageObject","inLanguage":"fr-FR","@id":"https:\/\/www.bellunopress.it\/2025\/09\/21\/feltre-lancio-del-progetto-gea-2-nuove-opportunita-per-i-giovani-under-30\/#primaryimage","url":"https:\/\/www.bellunopress.it\/wp-content\/uploads\/2025\/09\/Feltre-Il-tuo-futuro-giovani-under-30.jpg","contentUrl":"https:\/\/www.bellunopress.it\/wp-content\/uploads\/2025\/09\/Feltre-Il-tuo-futuro-giovani-under-30.jpg","width":566,"height":800},{"@type":"BreadcrumbList","@id":"https:\/\/www.bellunopress.it\/2025\/09\/21\/feltre-lancio-del-progetto-gea-2-nuove-opportunita-per-i-giovani-under-30\/#breadcrumb","itemListElement":[{"@type":"ListItem","position":1,"name":"Home","item":"https:\/\/www.bellunopress.it\/"},{"@type":"ListItem","position":2,"name":"Feltre. Lancio del progetto GEA 2: nuove opportunit\u00e0 per i giovani under 30"}]},{"@type":"WebSite","@id":"https:\/\/www.bellunopress.it\/#website","url":"https:\/\/www.bellunopress.it\/","name":"Bellunopress - Dolomiti","description":"e-mail: redazione@bellunopress.it","publisher":{"@id":"https:\/\/www.bellunopress.it\/#organization"},"potentialAction":[{"@type":"SearchAction","target":{"@type":"EntryPoint","urlTemplate":"https:\/\/www.bellunopress.it\/?s={search_term_string}"},"query-input":{"@type":"PropertyValueSpecification","valueRequired":true,"valueName":"search_term_string"}}],"inLanguage":"fr-FR"},{"@type":"Organization","@id":"https:\/\/www.bellunopress.it\/#organization","name":"Bellunopress","url":"https:\/\/www.bellunopress.it\/","logo":{"@type":"ImageObject","inLanguage":"fr-FR","@id":"https:\/\/www.bellunopress.it\/#\/schema\/logo\/image\/","url":"https:\/\/www.bellunopress.it\/wp-content\/uploads\/2011\/05\/cropped-logo-bellunopress-.jpg","contentUrl":"https:\/\/www.bellunopress.it\/wp-content\/uploads\/2011\/05\/cropped-logo-bellunopress-.jpg","width":512,"height":512,"caption":"Bellunopress"},"image":{"@id":"https:\/\/www.bellunopress.it\/#\/schema\/logo\/image\/"},"sameAs":["https:\/\/www.facebook.com\/profile.php?id=100008943462799","https:\/\/x.com\/bellunopress","https:\/\/www.linkedin.com\/hp\/?dnr=JBzUWaJfMUw8vbXJJ2tVW5-I3jZKvC4wsoxE&amp;amp;amp;amp;amp;amp;trk=nav_responsive_tab_home","https:\/\/www.youtube.com\/channel\/UCxL0wu1uN0_3_7hGG0306cw"]},{"@type":"Person","@id":"https:\/\/www.bellunopress.it\/#\/schema\/person\/79bb06722b37ece1c03d3e94beb30d73","name":"r\u00e9daction","image":{"@type":"ImageObject","inLanguage":"fr-FR","@id":"https:\/\/secure.gravatar.com\/avatar\/37d968a2e67a6fd04c169c4bdef102d0bc5d31b2546345219e348575eb80e9a0?s=96&d=mm&r=g","url":"https:\/\/secure.gravatar.com\/avatar\/37d968a2e67a6fd04c169c4bdef102d0bc5d31b2546345219e348575eb80e9a0?s=96&d=mm&r=g","contentUrl":"https:\/\/secure.gravatar.com\/avatar\/37d968a2e67a6fd04c169c4bdef102d0bc5d31b2546345219e348575eb80e9a0?s=96&d=mm&r=g","caption":"redazione"},"sameAs":["http:\/\/www.bellunopress.it","https:\/\/x.com\/bellunopress"],"url":"https:\/\/www.bellunopress.it\/fr\/author\/redazione\/"}]}},"_links":{"self":[{"href":"https:\/\/www.bellunopress.it\/fr\/wp-json\/wp\/v2\/posts\/163445","targetHints":{"allow":["GET"]}}],"collection":[{"href":"https:\/\/www.bellunopress.it\/fr\/wp-json\/wp\/v2\/posts"}],"about":[{"href":"https:\/\/www.bellunopress.it\/fr\/wp-json\/wp\/v2\/types\/post"}],"author":[{"embeddable":true,"href":"https:\/\/www.bellunopress.it\/fr\/wp-json\/wp\/v2\/users\/2"}],"replies":[{"embeddable":true,"href":"https:\/\/www.bellunopress.it\/fr\/wp-json\/wp\/v2\/comments?post=163445"}],"version-history":[{"count":1,"href":"https:\/\/www.bellunopress.it\/fr\/wp-json\/wp\/v2\/posts\/163445\/revisions"}],"predecessor-version":[{"id":163447,"href":"https:\/\/www.bellunopress.it\/fr\/wp-json\/wp\/v2\/posts\/163445\/revisions\/163447"}],"wp:featuredmedia":[{"embeddable":true,"href":"https:\/\/www.bellunopress.it\/fr\/wp-json\/wp\/v2\/media\/163446"}],"wp:attachment":[{"href":"https:\/\/www.bellunopress.it\/fr\/wp-json\/wp\/v2\/media?parent=163445"}],"wp:term":[{"taxonomy":"category","embeddable":true,"href":"https:\/\/www.bellunopress.it\/fr\/wp-json\/wp\/v2\/categories?post=163445"},{"taxonomy":"post_tag","embeddable":true,"href":"https:\/\/www.bellunopress.it\/fr\/wp-json\/wp\/v2\/tags?post=163445"}],"curies":[{"name":"wp","href":"https:\/\/api.w.org\/{rel}","templated":true}]}}