{"id":163354,"date":"2025-09-17T08:23:18","date_gmt":"2025-09-17T06:23:18","guid":{"rendered":"https:\/\/www.bellunopress.it\/?p=163354"},"modified":"2025-09-17T06:33:22","modified_gmt":"2025-09-17T04:33:22","slug":"concorso-pubblico-per-assistente-amministrativo-al-comune-di-santa-giustina","status":"publish","type":"post","link":"https:\/\/www.bellunopress.it\/fr\/2025\/09\/17\/concorso-pubblico-per-assistente-amministrativo-al-comune-di-santa-giustina\/","title":{"rendered":"Concorso pubblico per assistente amministrativo al Comune di Santa Giustina"},"content":{"rendered":"<p><img loading=\"lazy\" decoding=\"async\" class=\"aligncenter size-full wp-image-121387\" src=\"https:\/\/www.bellunopress.it\/wp-content\/uploads\/2021\/02\/Labito-fa-il-monaco-in-un-colloquio-di-lavoro-cosa-fa-la-differenza.jpg\" alt=\"\" width=\"1000\" height=\"500\" srcset=\"https:\/\/www.bellunopress.it\/wp-content\/uploads\/2021\/02\/Labito-fa-il-monaco-in-un-colloquio-di-lavoro-cosa-fa-la-differenza.jpg 1000w, https:\/\/www.bellunopress.it\/wp-content\/uploads\/2021\/02\/Labito-fa-il-monaco-in-un-colloquio-di-lavoro-cosa-fa-la-differenza-500x250.jpg 500w, https:\/\/www.bellunopress.it\/wp-content\/uploads\/2021\/02\/Labito-fa-il-monaco-in-un-colloquio-di-lavoro-cosa-fa-la-differenza-696x348.jpg 696w, https:\/\/www.bellunopress.it\/wp-content\/uploads\/2021\/02\/Labito-fa-il-monaco-in-un-colloquio-di-lavoro-cosa-fa-la-differenza-840x420.jpg 840w\" sizes=\"auto, (max-width: 1000px) 100vw, 1000px\" \/>E&#8217; indetto un concorso per soli esami per l&#8217;assunzione a tempo indeterminato e pieno<br \/>\nper un istruttore amministrativo contabile al Comune di Santa Giustina.<\/p>\n<p>Per partecipare al concorso \u00e8 richiesto il titolo di studio del diploma di istruzione secondaria superiore che consente l\u2019accesso all\u2019universit\u00e0. Oppure un titolo di studio superiore. E&#8217; richiesto inoltre il possesso di patente di guida &#8220;B&#8221;, in corso di validit\u00e0 e disponibilit\u00e0 alla conduzione dei veicoli in dotazione all\u2019amministrazione.<\/p>\n<p>La registrazione, la compilazione e l\u2019invio on line della domanda devono essere completati<br \/>\nentro le ore 12.00 del 16\/10\/2025 a pena di esclusione. Sono accettate esclusivamente<br \/>\ne indifferibilmente le domande inviate entro le ore 12:00 di detto termine, non saranno, in<br \/>\nogni caso, prese in considerazione le domande che, per qualsiasi causa di forza maggiore,<br \/>\ndovessero pervenire oltre la scadenza.<\/p>\n<p><a href=\"https:\/\/portale.inpa.gov.it\/ui\/public-area\/concoursedetail\/657346ebbf3340f9af823e374863b34a\">Qui il link per iscriversi al concorso<\/a><\/p>","protected":false},"excerpt":{"rendered":"<p>E&#8217; indetto un concorso per soli esami per l&#8217;assunzione a tempo indeterminato e pieno per un istruttore amministrativo contabile al Comune di Santa Giustina. Per partecipare al concorso \u00e8 richiesto il titolo di studio del diploma di istruzione secondaria superiore che consente l\u2019accesso all\u2019universit\u00e0. Oppure un titolo di studio superiore. E&#8217; richiesto inoltre il possesso [&hellip;]<\/p>\n","protected":false},"author":2,"featured_media":121387,"comment_status":"closed","ping_status":"open","sticky":false,"template":"","format":"standard","meta":{"footnotes":""},"categories":[36,26],"tags":[],"class_list":["post-163354","post","type-post","status-publish","format-standard","has-post-thumbnail","category-lavoro-economia","category-prima-pagina"],"yoast_head":"<!-- This site is optimized with the Yoast SEO plugin v28.4 - https:\/\/yoast.com\/product\/yoast-seo-wordpress\/ -->\n<title>Concorso pubblico per assistente amministrativo al Comune di Santa Giustina - Bellunopress - Dolomiti<\/title>\n<meta name=\"robots\" content=\"index, follow, max-snippet:-1, max-image-preview:large, max-video-preview:-1\" \/>\n<link rel=\"canonical\" href=\"https:\/\/www.bellunopress.it\/fr\/2025\/09\/17\/concorso-pubblico-per-assistente-amministrativo-al-comune-di-santa-giustina\/\" \/>\n<meta property=\"og:locale\" content=\"fr_FR\" \/>\n<meta property=\"og:type\" content=\"article\" \/>\n<meta property=\"og:title\" content=\"Concorso pubblico per assistente amministrativo al Comune di Santa Giustina - Bellunopress - Dolomiti\" \/>\n<meta property=\"og:description\" content=\"E&#8217; indetto un concorso per soli esami per l&#8217;assunzione a tempo indeterminato e pieno per un istruttore amministrativo contabile al Comune di Santa Giustina. Per partecipare al concorso \u00e8 richiesto il titolo di studio del diploma di istruzione secondaria superiore che consente l\u2019accesso all\u2019universit\u00e0. Oppure un titolo di studio superiore. E&#8217; richiesto inoltre il possesso [&hellip;]\" \/>\n<meta property=\"og:url\" content=\"https:\/\/www.bellunopress.it\/fr\/2025\/09\/17\/concorso-pubblico-per-assistente-amministrativo-al-comune-di-santa-giustina\/\" \/>\n<meta property=\"og:site_name\" content=\"Bellunopress - Dolomiti\" \/>\n<meta property=\"article:publisher\" content=\"https:\/\/www.facebook.com\/profile.php?id=100008943462799\" \/>\n<meta property=\"article:published_time\" content=\"2025-09-17T06:23:18+00:00\" \/>\n<meta property=\"og:image\" content=\"https:\/\/www.bellunopress.it\/wp-content\/uploads\/2021\/02\/Labito-fa-il-monaco-in-un-colloquio-di-lavoro-cosa-fa-la-differenza.jpg\" \/>\n\t<meta property=\"og:image:width\" content=\"1000\" \/>\n\t<meta property=\"og:image:height\" content=\"500\" \/>\n\t<meta property=\"og:image:type\" content=\"image\/jpeg\" \/>\n<meta name=\"author\" content=\"redazione\" \/>\n<meta name=\"twitter:card\" content=\"summary_large_image\" \/>\n<meta name=\"twitter:creator\" content=\"@bellunopress\" \/>\n<meta name=\"twitter:site\" content=\"@bellunopress\" \/>\n<meta name=\"twitter:label1\" content=\"\u00c9crit par\" \/>\n\t<meta name=\"twitter:data1\" content=\"redazione\" \/>\n\t<meta name=\"twitter:label2\" content=\"Dur\u00e9e de lecture estim\u00e9e\" \/>\n\t<meta name=\"twitter:data2\" content=\"1 minute\" \/>\n<script type=\"application\/ld+json\" class=\"yoast-schema-graph\">{\"@context\":\"https:\\\/\\\/schema.org\",\"@graph\":[{\"@type\":\"Article\",\"@id\":\"https:\\\/\\\/www.bellunopress.it\\\/2025\\\/09\\\/17\\\/concorso-pubblico-per-assistente-amministrativo-al-comune-di-santa-giustina\\\/#article\",\"isPartOf\":{\"@id\":\"https:\\\/\\\/www.bellunopress.it\\\/2025\\\/09\\\/17\\\/concorso-pubblico-per-assistente-amministrativo-al-comune-di-santa-giustina\\\/\"},\"author\":{\"name\":\"redazione\",\"@id\":\"https:\\\/\\\/www.bellunopress.it\\\/#\\\/schema\\\/person\\\/79bb06722b37ece1c03d3e94beb30d73\"},\"headline\":\"Concorso pubblico per assistente amministrativo al Comune di Santa Giustina\",\"datePublished\":\"2025-09-17T06:23:18+00:00\",\"mainEntityOfPage\":{\"@id\":\"https:\\\/\\\/www.bellunopress.it\\\/2025\\\/09\\\/17\\\/concorso-pubblico-per-assistente-amministrativo-al-comune-di-santa-giustina\\\/\"},\"wordCount\":151,\"publisher\":{\"@id\":\"https:\\\/\\\/www.bellunopress.it\\\/#organization\"},\"image\":{\"@id\":\"https:\\\/\\\/www.bellunopress.it\\\/2025\\\/09\\\/17\\\/concorso-pubblico-per-assistente-amministrativo-al-comune-di-santa-giustina\\\/#primaryimage\"},\"thumbnailUrl\":\"https:\\\/\\\/www.bellunopress.it\\\/wp-content\\\/uploads\\\/2021\\\/02\\\/Labito-fa-il-monaco-in-un-colloquio-di-lavoro-cosa-fa-la-differenza.jpg\",\"articleSection\":[\"Lavoro, Economia, Turismo\",\"Prima Pagina\"],\"inLanguage\":\"fr-FR\"},{\"@type\":\"WebPage\",\"@id\":\"https:\\\/\\\/www.bellunopress.it\\\/2025\\\/09\\\/17\\\/concorso-pubblico-per-assistente-amministrativo-al-comune-di-santa-giustina\\\/\",\"url\":\"https:\\\/\\\/www.bellunopress.it\\\/2025\\\/09\\\/17\\\/concorso-pubblico-per-assistente-amministrativo-al-comune-di-santa-giustina\\\/\",\"name\":\"Concorso pubblico per assistente amministrativo al Comune di Santa Giustina - Bellunopress - Dolomiti\",\"isPartOf\":{\"@id\":\"https:\\\/\\\/www.bellunopress.it\\\/#website\"},\"primaryImageOfPage\":{\"@id\":\"https:\\\/\\\/www.bellunopress.it\\\/2025\\\/09\\\/17\\\/concorso-pubblico-per-assistente-amministrativo-al-comune-di-santa-giustina\\\/#primaryimage\"},\"image\":{\"@id\":\"https:\\\/\\\/www.bellunopress.it\\\/2025\\\/09\\\/17\\\/concorso-pubblico-per-assistente-amministrativo-al-comune-di-santa-giustina\\\/#primaryimage\"},\"thumbnailUrl\":\"https:\\\/\\\/www.bellunopress.it\\\/wp-content\\\/uploads\\\/2021\\\/02\\\/Labito-fa-il-monaco-in-un-colloquio-di-lavoro-cosa-fa-la-differenza.jpg\",\"datePublished\":\"2025-09-17T06:23:18+00:00\",\"breadcrumb\":{\"@id\":\"https:\\\/\\\/www.bellunopress.it\\\/2025\\\/09\\\/17\\\/concorso-pubblico-per-assistente-amministrativo-al-comune-di-santa-giustina\\\/#breadcrumb\"},\"inLanguage\":\"fr-FR\",\"potentialAction\":[{\"@type\":\"ReadAction\",\"target\":[\"https:\\\/\\\/www.bellunopress.it\\\/2025\\\/09\\\/17\\\/concorso-pubblico-per-assistente-amministrativo-al-comune-di-santa-giustina\\\/\"]}]},{\"@type\":\"ImageObject\",\"inLanguage\":\"fr-FR\",\"@id\":\"https:\\\/\\\/www.bellunopress.it\\\/2025\\\/09\\\/17\\\/concorso-pubblico-per-assistente-amministrativo-al-comune-di-santa-giustina\\\/#primaryimage\",\"url\":\"https:\\\/\\\/www.bellunopress.it\\\/wp-content\\\/uploads\\\/2021\\\/02\\\/Labito-fa-il-monaco-in-un-colloquio-di-lavoro-cosa-fa-la-differenza.jpg\",\"contentUrl\":\"https:\\\/\\\/www.bellunopress.it\\\/wp-content\\\/uploads\\\/2021\\\/02\\\/Labito-fa-il-monaco-in-un-colloquio-di-lavoro-cosa-fa-la-differenza.jpg\",\"width\":1000,\"height\":500},{\"@type\":\"BreadcrumbList\",\"@id\":\"https:\\\/\\\/www.bellunopress.it\\\/2025\\\/09\\\/17\\\/concorso-pubblico-per-assistente-amministrativo-al-comune-di-santa-giustina\\\/#breadcrumb\",\"itemListElement\":[{\"@type\":\"ListItem\",\"position\":1,\"name\":\"Home\",\"item\":\"https:\\\/\\\/www.bellunopress.it\\\/\"},{\"@type\":\"ListItem\",\"position\":2,\"name\":\"Concorso pubblico per assistente amministrativo al Comune di Santa Giustina\"}]},{\"@type\":\"WebSite\",\"@id\":\"https:\\\/\\\/www.bellunopress.it\\\/#website\",\"url\":\"https:\\\/\\\/www.bellunopress.it\\\/\",\"name\":\"Bellunopress - Dolomiti\",\"description\":\"e-mail: redazione@bellunopress.it\",\"publisher\":{\"@id\":\"https:\\\/\\\/www.bellunopress.it\\\/#organization\"},\"potentialAction\":[{\"@type\":\"SearchAction\",\"target\":{\"@type\":\"EntryPoint\",\"urlTemplate\":\"https:\\\/\\\/www.bellunopress.it\\\/?s={search_term_string}\"},\"query-input\":{\"@type\":\"PropertyValueSpecification\",\"valueRequired\":true,\"valueName\":\"search_term_string\"}}],\"inLanguage\":\"fr-FR\"},{\"@type\":\"Organization\",\"@id\":\"https:\\\/\\\/www.bellunopress.it\\\/#organization\",\"name\":\"Bellunopress\",\"url\":\"https:\\\/\\\/www.bellunopress.it\\\/\",\"logo\":{\"@type\":\"ImageObject\",\"inLanguage\":\"fr-FR\",\"@id\":\"https:\\\/\\\/www.bellunopress.it\\\/#\\\/schema\\\/logo\\\/image\\\/\",\"url\":\"https:\\\/\\\/www.bellunopress.it\\\/wp-content\\\/uploads\\\/2011\\\/05\\\/cropped-logo-bellunopress-.jpg\",\"contentUrl\":\"https:\\\/\\\/www.bellunopress.it\\\/wp-content\\\/uploads\\\/2011\\\/05\\\/cropped-logo-bellunopress-.jpg\",\"width\":512,\"height\":512,\"caption\":\"Bellunopress\"},\"image\":{\"@id\":\"https:\\\/\\\/www.bellunopress.it\\\/#\\\/schema\\\/logo\\\/image\\\/\"},\"sameAs\":[\"https:\\\/\\\/www.facebook.com\\\/profile.php?id=100008943462799\",\"https:\\\/\\\/x.com\\\/bellunopress\",\"https:\\\/\\\/www.linkedin.com\\\/hp\\\/?dnr=JBzUWaJfMUw8vbXJJ2tVW5-I3jZKvC4wsoxE&amp;amp;amp;amp;amp;amp;trk=nav_responsive_tab_home\",\"https:\\\/\\\/www.youtube.com\\\/channel\\\/UCxL0wu1uN0_3_7hGG0306cw\"]},{\"@type\":\"Person\",\"@id\":\"https:\\\/\\\/www.bellunopress.it\\\/#\\\/schema\\\/person\\\/79bb06722b37ece1c03d3e94beb30d73\",\"name\":\"redazione\",\"image\":{\"@type\":\"ImageObject\",\"inLanguage\":\"fr-FR\",\"@id\":\"https:\\\/\\\/secure.gravatar.com\\\/avatar\\\/37d968a2e67a6fd04c169c4bdef102d0bc5d31b2546345219e348575eb80e9a0?s=96&d=mm&r=g\",\"url\":\"https:\\\/\\\/secure.gravatar.com\\\/avatar\\\/37d968a2e67a6fd04c169c4bdef102d0bc5d31b2546345219e348575eb80e9a0?s=96&d=mm&r=g\",\"contentUrl\":\"https:\\\/\\\/secure.gravatar.com\\\/avatar\\\/37d968a2e67a6fd04c169c4bdef102d0bc5d31b2546345219e348575eb80e9a0?s=96&d=mm&r=g\",\"caption\":\"redazione\"},\"sameAs\":[\"http:\\\/\\\/www.bellunopress.it\",\"https:\\\/\\\/x.com\\\/bellunopress\"],\"url\":\"https:\\\/\\\/www.bellunopress.it\\\/fr\\\/author\\\/redazione\\\/\"}]}<\/script>\n<!-- \/ Yoast SEO plugin. -->","yoast_head_json":{"title":"Concorso pubblico per assistente amministrativo al Comune di Santa Giustina - Bellunopress - Dolomiti","robots":{"index":"index","follow":"follow","max-snippet":"max-snippet:-1","max-image-preview":"max-image-preview:large","max-video-preview":"max-video-preview:-1"},"canonical":"https:\/\/www.bellunopress.it\/fr\/2025\/09\/17\/concorso-pubblico-per-assistente-amministrativo-al-comune-di-santa-giustina\/","og_locale":"fr_FR","og_type":"article","og_title":"Concorso pubblico per assistente amministrativo al Comune di Santa Giustina - Bellunopress - Dolomiti","og_description":"E&#8217; indetto un concorso per soli esami per l&#8217;assunzione a tempo indeterminato e pieno per un istruttore amministrativo contabile al Comune di Santa Giustina. Per partecipare al concorso \u00e8 richiesto il titolo di studio del diploma di istruzione secondaria superiore che consente l\u2019accesso all\u2019universit\u00e0. Oppure un titolo di studio superiore. E&#8217; richiesto inoltre il possesso [&hellip;]","og_url":"https:\/\/www.bellunopress.it\/fr\/2025\/09\/17\/concorso-pubblico-per-assistente-amministrativo-al-comune-di-santa-giustina\/","og_site_name":"Bellunopress - Dolomiti","article_publisher":"https:\/\/www.facebook.com\/profile.php?id=100008943462799","article_published_time":"2025-09-17T06:23:18+00:00","og_image":[{"width":1000,"height":500,"url":"https:\/\/www.bellunopress.it\/wp-content\/uploads\/2021\/02\/Labito-fa-il-monaco-in-un-colloquio-di-lavoro-cosa-fa-la-differenza.jpg","type":"image\/jpeg"}],"author":"redazione","twitter_card":"summary_large_image","twitter_creator":"@bellunopress","twitter_site":"@bellunopress","twitter_misc":{"\u00c9crit par":"redazione","Dur\u00e9e de lecture estim\u00e9e":"1 minute"},"schema":{"@context":"https:\/\/schema.org","@graph":[{"@type":"Article","@id":"https:\/\/www.bellunopress.it\/2025\/09\/17\/concorso-pubblico-per-assistente-amministrativo-al-comune-di-santa-giustina\/#article","isPartOf":{"@id":"https:\/\/www.bellunopress.it\/2025\/09\/17\/concorso-pubblico-per-assistente-amministrativo-al-comune-di-santa-giustina\/"},"author":{"name":"redazione","@id":"https:\/\/www.bellunopress.it\/#\/schema\/person\/79bb06722b37ece1c03d3e94beb30d73"},"headline":"Concorso pubblico per assistente amministrativo al Comune di Santa Giustina","datePublished":"2025-09-17T06:23:18+00:00","mainEntityOfPage":{"@id":"https:\/\/www.bellunopress.it\/2025\/09\/17\/concorso-pubblico-per-assistente-amministrativo-al-comune-di-santa-giustina\/"},"wordCount":151,"publisher":{"@id":"https:\/\/www.bellunopress.it\/#organization"},"image":{"@id":"https:\/\/www.bellunopress.it\/2025\/09\/17\/concorso-pubblico-per-assistente-amministrativo-al-comune-di-santa-giustina\/#primaryimage"},"thumbnailUrl":"https:\/\/www.bellunopress.it\/wp-content\/uploads\/2021\/02\/Labito-fa-il-monaco-in-un-colloquio-di-lavoro-cosa-fa-la-differenza.jpg","articleSection":["Lavoro, Economia, Turismo","Prima Pagina"],"inLanguage":"fr-FR"},{"@type":"WebPage","@id":"https:\/\/www.bellunopress.it\/2025\/09\/17\/concorso-pubblico-per-assistente-amministrativo-al-comune-di-santa-giustina\/","url":"https:\/\/www.bellunopress.it\/2025\/09\/17\/concorso-pubblico-per-assistente-amministrativo-al-comune-di-santa-giustina\/","name":"Concorso pubblico per assistente amministrativo al Comune di Santa Giustina - Bellunopress - Dolomiti","isPartOf":{"@id":"https:\/\/www.bellunopress.it\/#website"},"primaryImageOfPage":{"@id":"https:\/\/www.bellunopress.it\/2025\/09\/17\/concorso-pubblico-per-assistente-amministrativo-al-comune-di-santa-giustina\/#primaryimage"},"image":{"@id":"https:\/\/www.bellunopress.it\/2025\/09\/17\/concorso-pubblico-per-assistente-amministrativo-al-comune-di-santa-giustina\/#primaryimage"},"thumbnailUrl":"https:\/\/www.bellunopress.it\/wp-content\/uploads\/2021\/02\/Labito-fa-il-monaco-in-un-colloquio-di-lavoro-cosa-fa-la-differenza.jpg","datePublished":"2025-09-17T06:23:18+00:00","breadcrumb":{"@id":"https:\/\/www.bellunopress.it\/2025\/09\/17\/concorso-pubblico-per-assistente-amministrativo-al-comune-di-santa-giustina\/#breadcrumb"},"inLanguage":"fr-FR","potentialAction":[{"@type":"ReadAction","target":["https:\/\/www.bellunopress.it\/2025\/09\/17\/concorso-pubblico-per-assistente-amministrativo-al-comune-di-santa-giustina\/"]}]},{"@type":"ImageObject","inLanguage":"fr-FR","@id":"https:\/\/www.bellunopress.it\/2025\/09\/17\/concorso-pubblico-per-assistente-amministrativo-al-comune-di-santa-giustina\/#primaryimage","url":"https:\/\/www.bellunopress.it\/wp-content\/uploads\/2021\/02\/Labito-fa-il-monaco-in-un-colloquio-di-lavoro-cosa-fa-la-differenza.jpg","contentUrl":"https:\/\/www.bellunopress.it\/wp-content\/uploads\/2021\/02\/Labito-fa-il-monaco-in-un-colloquio-di-lavoro-cosa-fa-la-differenza.jpg","width":1000,"height":500},{"@type":"BreadcrumbList","@id":"https:\/\/www.bellunopress.it\/2025\/09\/17\/concorso-pubblico-per-assistente-amministrativo-al-comune-di-santa-giustina\/#breadcrumb","itemListElement":[{"@type":"ListItem","position":1,"name":"Home","item":"https:\/\/www.bellunopress.it\/"},{"@type":"ListItem","position":2,"name":"Concorso pubblico per assistente amministrativo al Comune di Santa Giustina"}]},{"@type":"WebSite","@id":"https:\/\/www.bellunopress.it\/#website","url":"https:\/\/www.bellunopress.it\/","name":"Bellunopress - Dolomiti","description":"e-mail: redazione@bellunopress.it","publisher":{"@id":"https:\/\/www.bellunopress.it\/#organization"},"potentialAction":[{"@type":"SearchAction","target":{"@type":"EntryPoint","urlTemplate":"https:\/\/www.bellunopress.it\/?s={search_term_string}"},"query-input":{"@type":"PropertyValueSpecification","valueRequired":true,"valueName":"search_term_string"}}],"inLanguage":"fr-FR"},{"@type":"Organization","@id":"https:\/\/www.bellunopress.it\/#organization","name":"Bellunopress","url":"https:\/\/www.bellunopress.it\/","logo":{"@type":"ImageObject","inLanguage":"fr-FR","@id":"https:\/\/www.bellunopress.it\/#\/schema\/logo\/image\/","url":"https:\/\/www.bellunopress.it\/wp-content\/uploads\/2011\/05\/cropped-logo-bellunopress-.jpg","contentUrl":"https:\/\/www.bellunopress.it\/wp-content\/uploads\/2011\/05\/cropped-logo-bellunopress-.jpg","width":512,"height":512,"caption":"Bellunopress"},"image":{"@id":"https:\/\/www.bellunopress.it\/#\/schema\/logo\/image\/"},"sameAs":["https:\/\/www.facebook.com\/profile.php?id=100008943462799","https:\/\/x.com\/bellunopress","https:\/\/www.linkedin.com\/hp\/?dnr=JBzUWaJfMUw8vbXJJ2tVW5-I3jZKvC4wsoxE&amp;amp;amp;amp;amp;amp;trk=nav_responsive_tab_home","https:\/\/www.youtube.com\/channel\/UCxL0wu1uN0_3_7hGG0306cw"]},{"@type":"Person","@id":"https:\/\/www.bellunopress.it\/#\/schema\/person\/79bb06722b37ece1c03d3e94beb30d73","name":"r\u00e9daction","image":{"@type":"ImageObject","inLanguage":"fr-FR","@id":"https:\/\/secure.gravatar.com\/avatar\/37d968a2e67a6fd04c169c4bdef102d0bc5d31b2546345219e348575eb80e9a0?s=96&d=mm&r=g","url":"https:\/\/secure.gravatar.com\/avatar\/37d968a2e67a6fd04c169c4bdef102d0bc5d31b2546345219e348575eb80e9a0?s=96&d=mm&r=g","contentUrl":"https:\/\/secure.gravatar.com\/avatar\/37d968a2e67a6fd04c169c4bdef102d0bc5d31b2546345219e348575eb80e9a0?s=96&d=mm&r=g","caption":"redazione"},"sameAs":["http:\/\/www.bellunopress.it","https:\/\/x.com\/bellunopress"],"url":"https:\/\/www.bellunopress.it\/fr\/author\/redazione\/"}]}},"_links":{"self":[{"href":"https:\/\/www.bellunopress.it\/fr\/wp-json\/wp\/v2\/posts\/163354","targetHints":{"allow":["GET"]}}],"collection":[{"href":"https:\/\/www.bellunopress.it\/fr\/wp-json\/wp\/v2\/posts"}],"about":[{"href":"https:\/\/www.bellunopress.it\/fr\/wp-json\/wp\/v2\/types\/post"}],"author":[{"embeddable":true,"href":"https:\/\/www.bellunopress.it\/fr\/wp-json\/wp\/v2\/users\/2"}],"replies":[{"embeddable":true,"href":"https:\/\/www.bellunopress.it\/fr\/wp-json\/wp\/v2\/comments?post=163354"}],"version-history":[{"count":1,"href":"https:\/\/www.bellunopress.it\/fr\/wp-json\/wp\/v2\/posts\/163354\/revisions"}],"predecessor-version":[{"id":163355,"href":"https:\/\/www.bellunopress.it\/fr\/wp-json\/wp\/v2\/posts\/163354\/revisions\/163355"}],"wp:featuredmedia":[{"embeddable":true,"href":"https:\/\/www.bellunopress.it\/fr\/wp-json\/wp\/v2\/media\/121387"}],"wp:attachment":[{"href":"https:\/\/www.bellunopress.it\/fr\/wp-json\/wp\/v2\/media?parent=163354"}],"wp:term":[{"taxonomy":"category","embeddable":true,"href":"https:\/\/www.bellunopress.it\/fr\/wp-json\/wp\/v2\/categories?post=163354"},{"taxonomy":"post_tag","embeddable":true,"href":"https:\/\/www.bellunopress.it\/fr\/wp-json\/wp\/v2\/tags?post=163354"}],"curies":[{"name":"wp","href":"https:\/\/api.w.org\/{rel}","templated":true}]}}