{"id":163351,"date":"2025-09-16T19:46:07","date_gmt":"2025-09-16T17:46:07","guid":{"rendered":"https:\/\/www.bellunopress.it\/?p=163351"},"modified":"2025-09-16T19:46:07","modified_gmt":"2025-09-16T17:46:07","slug":"mese-del-libro-2025-linea-di-confine-al-via-la-rassegna-culturale-in-alpago","status":"publish","type":"post","link":"https:\/\/www.bellunopress.it\/fr\/2025\/09\/16\/mese-del-libro-2025-linea-di-confine-al-via-la-rassegna-culturale-in-alpago\/","title":{"rendered":"Mese del Libro 2025 \u2013 Linea di Confine. Al via la rassegna culturale in Alpago"},"content":{"rendered":"<p><img loading=\"lazy\" decoding=\"async\" class=\"aligncenter size-full wp-image-163352\" src=\"https:\/\/www.bellunopress.it\/wp-content\/uploads\/2025\/09\/mese-del-libro-Linea-di-confine.jpg\" alt=\"\" width=\"483\" height=\"680\" srcset=\"https:\/\/www.bellunopress.it\/wp-content\/uploads\/2025\/09\/mese-del-libro-Linea-di-confine.jpg 483w, https:\/\/www.bellunopress.it\/wp-content\/uploads\/2025\/09\/mese-del-libro-Linea-di-confine-355x500.jpg 355w, https:\/\/www.bellunopress.it\/wp-content\/uploads\/2025\/09\/mese-del-libro-Linea-di-confine-298x420.jpg 298w\" sizes=\"auto, (max-width: 483px) 100vw, 483px\" \/>L\u2019edizione 2025 del Mese del Libro, promossa e organizzata dal Comune di Alpago, si sviluppa attorno al tema del confine, prendendo ispirazione da due stimoli principali: la vicenda biografica di Pieretto Bianco, artista vissuto nella Trieste di frontiera di fine Ottocento, di cui ricorre il 150.mo anniversario della nascita, e il significativo riconoscimento di Gorizia e Nova Gorica come Capitale Europea della Cultura 2025.<\/p>\n<p>A partire da questi elementi, la 14ma edizione del Mese del Libro si propone di offrire un percorso di riflessione culturale e storica attraverso il concetto di confine \u2013 geografico, culturale, politico e identitario \u2013 con un ciclo di (6 o 7) incontri che inizieranno il 20 settembre con il caporedattore della sezione esteri di Radio Rai, Fabrizio Noli, autore del libro \u201cConfini e Conflitti\u201d (ed. Vallecchi Firenze 2025), e si concluderanno il 23 ottobre con Federica Manzon, vincitrice del Premio Campiello 2024 con il romanzo \u201cAlma\u201d (Feltrinelli 2024).<br \/>\nGli appuntamenti coinvolgeranno autori, studiosi, giornalisti e personalit\u00e0 del mondo culturale, che offriranno al pubblico diversi spunti di analisi e di dialogo. Attraverso questo percorso tematico, il Comune di Alpago intende promuovere una riflessione collettiva sul valore e sul significato dei confini, stimolando la partecipazione attiva della cittadinanza e valorizzando il libro e la lettura come strumenti fondamentali di conoscenza e apertura.<br \/>\nDa sottolineare che quest\u2019anno, grazie alla collaborazione con l\u2019Istituto scolastico comprensivo dell\u2019Alpago, gli incontri di apertura e di chiusura della manifestazione avverranno nell\u2019avveniristica Aula Magna della nuova scuola media di Puos, nell\u2019ottica del rafforzamento del rapporto tra la formazione e il mondo della cultura e dell\u2019informazione.<\/p>\n<p>Come ogni anno infatti, anche in questa edizione, saranno coinvolte le scuole di Alpago, alle quali sono dedicati in modo particolare due degli eventi in calendario: per le scuole medie un incontro con Enrico Lucchese, curatore della mostra su Pieretto Bianco, e per le scuole elementari un laboratorio artistico con la pittrice, disegnatrice e grafica Roberta Cadorin. \u201cQuesto perch\u00e9 tutti noi, dai pi\u00f9 grandi ai pi\u00f9 piccoli, dobbiamo sentirci parte di una comunit\u00e0 che vive assieme la continua crescita culturale del nostro territorio\u201d, afferma il sindaco di Alpago, Alberto Peterle, che ringrazia il curatore della rassegna, Ezio Franceschini, e tutto il gruppo di lavoro \u201cche in questi mesi si \u00e8 impegnato per stilare il programma che ci viene offerto e seguire tutta la parte organizzativa di ogni<br \/>\nappuntamento, insieme alle Biblioteche, l\u2019Istituto comprensivo e gli Uffici comunali\u201d.<\/p>\n<p><strong>Il programma<\/strong><\/p>\n<p>&#8211; Sabato 20 settembre \u2013 Fabrizio Noli, caporedattore della sezione Esteri di Radio Rai, presenta il libro \u201cConfini e Conflitti\u201d (ed. Vallecchi Firenze 2025), nell&#8217;Aula Magna Istituto comprensivo di Puos d\u2019 Alpago alle ore 18.30<\/p>\n<p>&#8211; Venerd\u00ec 26 settembre \u2013 Raoul Pupo, storico, presenta il libro \u201cItalianit\u00e0 Adriatica &#8211; Le origini, il 1945, la catastrofe\u201d (Laterza 2025), in sala Placido Fabris a Pieve alle ore 18.30<\/p>\n<p>&#8211; Gioved\u00ec 16 ottobre \u2013 Giustina Selvelli, antropologa, ricercatrice universitaria e scrittrice presenta il libro \u201cCapire il confine. Gorizia e Nova Gorica: lo sguardo di un\u2019antropologa indaga la frontiera\u201d (ed. Bottega Errante 2024), in sala parrocchiale a Farra d\u2019Alpago alle ore 20.45<\/p>\n<p>&#8211; Gioved\u00ec 23 ottobre \u2013 Federica Manzon, vincitrice del Premio Campiello 2024 e Premio Masi<br \/>\n2025, presenta il romanzo \u201cAlma\u201d (Feltrinelli 2024), nell&#8217;Aula Magna Istituto comprensivo di Puos d\u2019Alpago alle ore 20.45<\/p>\n<p>Il programma prevede inoltre due momenti dedicati alle scuole:<\/p>\n<p>&#8211; Un incontro con Enrico Lucchese, curatore della mostra su Pieretto Bianco, rivolto agli studenti delle scuole medie<\/p>\n<p>&#8211; Un laboratorio artistico centrato su Pieretto Bianco per le classi quarte della scuola primaria, a cura della pittrice, disegnatrice e grafica Roberta Cadorin<br \/>\nTutti gli incontri in programma sono a ingresso gratuito.<\/p>","protected":false},"excerpt":{"rendered":"<p>L\u2019edizione 2025 del Mese del Libro, promossa e organizzata dal Comune di Alpago, si sviluppa attorno al tema del confine, prendendo ispirazione da due stimoli principali: la vicenda biografica di Pieretto Bianco, artista vissuto nella Trieste di frontiera di fine Ottocento, di cui ricorre il 150.mo anniversario della nascita, e il significativo riconoscimento di Gorizia [&hellip;]<\/p>\n","protected":false},"author":2,"featured_media":163352,"comment_status":"closed","ping_status":"open","sticky":false,"template":"","format":"standard","meta":{"footnotes":""},"categories":[27,25],"tags":[],"class_list":["post-163351","post","type-post","status-publish","format-standard","has-post-thumbnail","category-appuntamenti","category-pausa-caffe"],"yoast_head":"<!-- This site is optimized with the Yoast SEO plugin v28.4 - https:\/\/yoast.com\/product\/yoast-seo-wordpress\/ -->\n<title>Mese del Libro 2025 \u2013 Linea di Confine. Al via la rassegna culturale in Alpago - Bellunopress - Dolomiti<\/title>\n<meta name=\"robots\" content=\"index, follow, max-snippet:-1, max-image-preview:large, max-video-preview:-1\" \/>\n<link rel=\"canonical\" href=\"https:\/\/www.bellunopress.it\/fr\/2025\/09\/16\/mese-del-libro-2025-linea-di-confine-al-via-la-rassegna-culturale-in-alpago\/\" \/>\n<meta property=\"og:locale\" content=\"fr_FR\" \/>\n<meta property=\"og:type\" content=\"article\" \/>\n<meta property=\"og:title\" content=\"Mese del Libro 2025 \u2013 Linea di Confine. Al via la rassegna culturale in Alpago - Bellunopress - Dolomiti\" \/>\n<meta property=\"og:description\" content=\"L\u2019edizione 2025 del Mese del Libro, promossa e organizzata dal Comune di Alpago, si sviluppa attorno al tema del confine, prendendo ispirazione da due stimoli principali: la vicenda biografica di Pieretto Bianco, artista vissuto nella Trieste di frontiera di fine Ottocento, di cui ricorre il 150.mo anniversario della nascita, e il significativo riconoscimento di Gorizia [&hellip;]\" \/>\n<meta property=\"og:url\" content=\"https:\/\/www.bellunopress.it\/fr\/2025\/09\/16\/mese-del-libro-2025-linea-di-confine-al-via-la-rassegna-culturale-in-alpago\/\" \/>\n<meta property=\"og:site_name\" content=\"Bellunopress - Dolomiti\" \/>\n<meta property=\"article:publisher\" content=\"https:\/\/www.facebook.com\/profile.php?id=100008943462799\" \/>\n<meta property=\"article:published_time\" content=\"2025-09-16T17:46:07+00:00\" \/>\n<meta property=\"og:image\" content=\"https:\/\/www.bellunopress.it\/wp-content\/uploads\/2025\/09\/mese-del-libro-Linea-di-confine.jpg\" \/>\n\t<meta property=\"og:image:width\" content=\"483\" \/>\n\t<meta property=\"og:image:height\" content=\"680\" \/>\n\t<meta property=\"og:image:type\" content=\"image\/jpeg\" \/>\n<meta name=\"author\" content=\"redazione\" \/>\n<meta name=\"twitter:card\" content=\"summary_large_image\" \/>\n<meta name=\"twitter:creator\" content=\"@bellunopress\" \/>\n<meta name=\"twitter:site\" content=\"@bellunopress\" \/>\n<meta name=\"twitter:label1\" content=\"Written by\" \/>\n\t<meta name=\"twitter:data1\" content=\"redazione\" \/>\n\t<meta name=\"twitter:label2\" content=\"Est. reading time\" \/>\n\t<meta name=\"twitter:data2\" content=\"3 minutes\" \/>\n<script type=\"application\/ld+json\" class=\"yoast-schema-graph\">{\"@context\":\"https:\\\/\\\/schema.org\",\"@graph\":[{\"@type\":\"Article\",\"@id\":\"https:\\\/\\\/www.bellunopress.it\\\/2025\\\/09\\\/16\\\/mese-del-libro-2025-linea-di-confine-al-via-la-rassegna-culturale-in-alpago\\\/#article\",\"isPartOf\":{\"@id\":\"https:\\\/\\\/www.bellunopress.it\\\/2025\\\/09\\\/16\\\/mese-del-libro-2025-linea-di-confine-al-via-la-rassegna-culturale-in-alpago\\\/\"},\"author\":{\"name\":\"redazione\",\"@id\":\"https:\\\/\\\/www.bellunopress.it\\\/#\\\/schema\\\/person\\\/79bb06722b37ece1c03d3e94beb30d73\"},\"headline\":\"Mese del Libro 2025 \u2013 Linea di Confine. Al via la rassegna culturale in Alpago\",\"datePublished\":\"2025-09-16T17:46:07+00:00\",\"mainEntityOfPage\":{\"@id\":\"https:\\\/\\\/www.bellunopress.it\\\/2025\\\/09\\\/16\\\/mese-del-libro-2025-linea-di-confine-al-via-la-rassegna-culturale-in-alpago\\\/\"},\"wordCount\":595,\"publisher\":{\"@id\":\"https:\\\/\\\/www.bellunopress.it\\\/#organization\"},\"image\":{\"@id\":\"https:\\\/\\\/www.bellunopress.it\\\/2025\\\/09\\\/16\\\/mese-del-libro-2025-linea-di-confine-al-via-la-rassegna-culturale-in-alpago\\\/#primaryimage\"},\"thumbnailUrl\":\"https:\\\/\\\/www.bellunopress.it\\\/wp-content\\\/uploads\\\/2025\\\/09\\\/mese-del-libro-Linea-di-confine.jpg\",\"articleSection\":[\"Appuntamenti, Eventi\",\"Pausa Caff\u00e8\"],\"inLanguage\":\"fr-FR\"},{\"@type\":\"WebPage\",\"@id\":\"https:\\\/\\\/www.bellunopress.it\\\/2025\\\/09\\\/16\\\/mese-del-libro-2025-linea-di-confine-al-via-la-rassegna-culturale-in-alpago\\\/\",\"url\":\"https:\\\/\\\/www.bellunopress.it\\\/2025\\\/09\\\/16\\\/mese-del-libro-2025-linea-di-confine-al-via-la-rassegna-culturale-in-alpago\\\/\",\"name\":\"Mese del Libro 2025 \u2013 Linea di Confine. Al via la rassegna culturale in Alpago - Bellunopress - Dolomiti\",\"isPartOf\":{\"@id\":\"https:\\\/\\\/www.bellunopress.it\\\/#website\"},\"primaryImageOfPage\":{\"@id\":\"https:\\\/\\\/www.bellunopress.it\\\/2025\\\/09\\\/16\\\/mese-del-libro-2025-linea-di-confine-al-via-la-rassegna-culturale-in-alpago\\\/#primaryimage\"},\"image\":{\"@id\":\"https:\\\/\\\/www.bellunopress.it\\\/2025\\\/09\\\/16\\\/mese-del-libro-2025-linea-di-confine-al-via-la-rassegna-culturale-in-alpago\\\/#primaryimage\"},\"thumbnailUrl\":\"https:\\\/\\\/www.bellunopress.it\\\/wp-content\\\/uploads\\\/2025\\\/09\\\/mese-del-libro-Linea-di-confine.jpg\",\"datePublished\":\"2025-09-16T17:46:07+00:00\",\"breadcrumb\":{\"@id\":\"https:\\\/\\\/www.bellunopress.it\\\/2025\\\/09\\\/16\\\/mese-del-libro-2025-linea-di-confine-al-via-la-rassegna-culturale-in-alpago\\\/#breadcrumb\"},\"inLanguage\":\"fr-FR\",\"potentialAction\":[{\"@type\":\"ReadAction\",\"target\":[\"https:\\\/\\\/www.bellunopress.it\\\/2025\\\/09\\\/16\\\/mese-del-libro-2025-linea-di-confine-al-via-la-rassegna-culturale-in-alpago\\\/\"]}]},{\"@type\":\"ImageObject\",\"inLanguage\":\"fr-FR\",\"@id\":\"https:\\\/\\\/www.bellunopress.it\\\/2025\\\/09\\\/16\\\/mese-del-libro-2025-linea-di-confine-al-via-la-rassegna-culturale-in-alpago\\\/#primaryimage\",\"url\":\"https:\\\/\\\/www.bellunopress.it\\\/wp-content\\\/uploads\\\/2025\\\/09\\\/mese-del-libro-Linea-di-confine.jpg\",\"contentUrl\":\"https:\\\/\\\/www.bellunopress.it\\\/wp-content\\\/uploads\\\/2025\\\/09\\\/mese-del-libro-Linea-di-confine.jpg\",\"width\":483,\"height\":680},{\"@type\":\"BreadcrumbList\",\"@id\":\"https:\\\/\\\/www.bellunopress.it\\\/2025\\\/09\\\/16\\\/mese-del-libro-2025-linea-di-confine-al-via-la-rassegna-culturale-in-alpago\\\/#breadcrumb\",\"itemListElement\":[{\"@type\":\"ListItem\",\"position\":1,\"name\":\"Home\",\"item\":\"https:\\\/\\\/www.bellunopress.it\\\/\"},{\"@type\":\"ListItem\",\"position\":2,\"name\":\"Mese del Libro 2025 \u2013 Linea di Confine. Al via la rassegna culturale in Alpago\"}]},{\"@type\":\"WebSite\",\"@id\":\"https:\\\/\\\/www.bellunopress.it\\\/#website\",\"url\":\"https:\\\/\\\/www.bellunopress.it\\\/\",\"name\":\"Bellunopress - Dolomiti\",\"description\":\"e-mail: redazione@bellunopress.it\",\"publisher\":{\"@id\":\"https:\\\/\\\/www.bellunopress.it\\\/#organization\"},\"potentialAction\":[{\"@type\":\"SearchAction\",\"target\":{\"@type\":\"EntryPoint\",\"urlTemplate\":\"https:\\\/\\\/www.bellunopress.it\\\/?s={search_term_string}\"},\"query-input\":{\"@type\":\"PropertyValueSpecification\",\"valueRequired\":true,\"valueName\":\"search_term_string\"}}],\"inLanguage\":\"fr-FR\"},{\"@type\":\"Organization\",\"@id\":\"https:\\\/\\\/www.bellunopress.it\\\/#organization\",\"name\":\"Bellunopress\",\"url\":\"https:\\\/\\\/www.bellunopress.it\\\/\",\"logo\":{\"@type\":\"ImageObject\",\"inLanguage\":\"fr-FR\",\"@id\":\"https:\\\/\\\/www.bellunopress.it\\\/#\\\/schema\\\/logo\\\/image\\\/\",\"url\":\"https:\\\/\\\/www.bellunopress.it\\\/wp-content\\\/uploads\\\/2011\\\/05\\\/cropped-logo-bellunopress-.jpg\",\"contentUrl\":\"https:\\\/\\\/www.bellunopress.it\\\/wp-content\\\/uploads\\\/2011\\\/05\\\/cropped-logo-bellunopress-.jpg\",\"width\":512,\"height\":512,\"caption\":\"Bellunopress\"},\"image\":{\"@id\":\"https:\\\/\\\/www.bellunopress.it\\\/#\\\/schema\\\/logo\\\/image\\\/\"},\"sameAs\":[\"https:\\\/\\\/www.facebook.com\\\/profile.php?id=100008943462799\",\"https:\\\/\\\/x.com\\\/bellunopress\",\"https:\\\/\\\/www.linkedin.com\\\/hp\\\/?dnr=JBzUWaJfMUw8vbXJJ2tVW5-I3jZKvC4wsoxE&amp;amp;amp;amp;amp;amp;trk=nav_responsive_tab_home\",\"https:\\\/\\\/www.youtube.com\\\/channel\\\/UCxL0wu1uN0_3_7hGG0306cw\"]},{\"@type\":\"Person\",\"@id\":\"https:\\\/\\\/www.bellunopress.it\\\/#\\\/schema\\\/person\\\/79bb06722b37ece1c03d3e94beb30d73\",\"name\":\"redazione\",\"image\":{\"@type\":\"ImageObject\",\"inLanguage\":\"fr-FR\",\"@id\":\"https:\\\/\\\/secure.gravatar.com\\\/avatar\\\/37d968a2e67a6fd04c169c4bdef102d0bc5d31b2546345219e348575eb80e9a0?s=96&d=mm&r=g\",\"url\":\"https:\\\/\\\/secure.gravatar.com\\\/avatar\\\/37d968a2e67a6fd04c169c4bdef102d0bc5d31b2546345219e348575eb80e9a0?s=96&d=mm&r=g\",\"contentUrl\":\"https:\\\/\\\/secure.gravatar.com\\\/avatar\\\/37d968a2e67a6fd04c169c4bdef102d0bc5d31b2546345219e348575eb80e9a0?s=96&d=mm&r=g\",\"caption\":\"redazione\"},\"sameAs\":[\"http:\\\/\\\/www.bellunopress.it\",\"https:\\\/\\\/x.com\\\/bellunopress\"],\"url\":\"https:\\\/\\\/www.bellunopress.it\\\/fr\\\/author\\\/redazione\\\/\"}]}<\/script>\n<!-- \/ Yoast SEO plugin. -->","yoast_head_json":{"title":"Mese del Libro 2025 \u2013 Linea di Confine. Al via la rassegna culturale in Alpago - Bellunopress - Dolomiti","robots":{"index":"index","follow":"follow","max-snippet":"max-snippet:-1","max-image-preview":"max-image-preview:large","max-video-preview":"max-video-preview:-1"},"canonical":"https:\/\/www.bellunopress.it\/fr\/2025\/09\/16\/mese-del-libro-2025-linea-di-confine-al-via-la-rassegna-culturale-in-alpago\/","og_locale":"fr_FR","og_type":"article","og_title":"Mese del Libro 2025 \u2013 Linea di Confine. Al via la rassegna culturale in Alpago - Bellunopress - Dolomiti","og_description":"L\u2019edizione 2025 del Mese del Libro, promossa e organizzata dal Comune di Alpago, si sviluppa attorno al tema del confine, prendendo ispirazione da due stimoli principali: la vicenda biografica di Pieretto Bianco, artista vissuto nella Trieste di frontiera di fine Ottocento, di cui ricorre il 150.mo anniversario della nascita, e il significativo riconoscimento di Gorizia [&hellip;]","og_url":"https:\/\/www.bellunopress.it\/fr\/2025\/09\/16\/mese-del-libro-2025-linea-di-confine-al-via-la-rassegna-culturale-in-alpago\/","og_site_name":"Bellunopress - Dolomiti","article_publisher":"https:\/\/www.facebook.com\/profile.php?id=100008943462799","article_published_time":"2025-09-16T17:46:07+00:00","og_image":[{"width":483,"height":680,"url":"https:\/\/www.bellunopress.it\/wp-content\/uploads\/2025\/09\/mese-del-libro-Linea-di-confine.jpg","type":"image\/jpeg"}],"author":"redazione","twitter_card":"summary_large_image","twitter_creator":"@bellunopress","twitter_site":"@bellunopress","twitter_misc":{"Written by":"redazione","Est. reading time":"3 minutes"},"schema":{"@context":"https:\/\/schema.org","@graph":[{"@type":"Article","@id":"https:\/\/www.bellunopress.it\/2025\/09\/16\/mese-del-libro-2025-linea-di-confine-al-via-la-rassegna-culturale-in-alpago\/#article","isPartOf":{"@id":"https:\/\/www.bellunopress.it\/2025\/09\/16\/mese-del-libro-2025-linea-di-confine-al-via-la-rassegna-culturale-in-alpago\/"},"author":{"name":"redazione","@id":"https:\/\/www.bellunopress.it\/#\/schema\/person\/79bb06722b37ece1c03d3e94beb30d73"},"headline":"Mese del Libro 2025 \u2013 Linea di Confine. Al via la rassegna culturale in Alpago","datePublished":"2025-09-16T17:46:07+00:00","mainEntityOfPage":{"@id":"https:\/\/www.bellunopress.it\/2025\/09\/16\/mese-del-libro-2025-linea-di-confine-al-via-la-rassegna-culturale-in-alpago\/"},"wordCount":595,"publisher":{"@id":"https:\/\/www.bellunopress.it\/#organization"},"image":{"@id":"https:\/\/www.bellunopress.it\/2025\/09\/16\/mese-del-libro-2025-linea-di-confine-al-via-la-rassegna-culturale-in-alpago\/#primaryimage"},"thumbnailUrl":"https:\/\/www.bellunopress.it\/wp-content\/uploads\/2025\/09\/mese-del-libro-Linea-di-confine.jpg","articleSection":["Appuntamenti, Eventi","Pausa Caff\u00e8"],"inLanguage":"fr-FR"},{"@type":"WebPage","@id":"https:\/\/www.bellunopress.it\/2025\/09\/16\/mese-del-libro-2025-linea-di-confine-al-via-la-rassegna-culturale-in-alpago\/","url":"https:\/\/www.bellunopress.it\/2025\/09\/16\/mese-del-libro-2025-linea-di-confine-al-via-la-rassegna-culturale-in-alpago\/","name":"Mese del Libro 2025 \u2013 Linea di Confine. Al via la rassegna culturale in Alpago - Bellunopress - Dolomiti","isPartOf":{"@id":"https:\/\/www.bellunopress.it\/#website"},"primaryImageOfPage":{"@id":"https:\/\/www.bellunopress.it\/2025\/09\/16\/mese-del-libro-2025-linea-di-confine-al-via-la-rassegna-culturale-in-alpago\/#primaryimage"},"image":{"@id":"https:\/\/www.bellunopress.it\/2025\/09\/16\/mese-del-libro-2025-linea-di-confine-al-via-la-rassegna-culturale-in-alpago\/#primaryimage"},"thumbnailUrl":"https:\/\/www.bellunopress.it\/wp-content\/uploads\/2025\/09\/mese-del-libro-Linea-di-confine.jpg","datePublished":"2025-09-16T17:46:07+00:00","breadcrumb":{"@id":"https:\/\/www.bellunopress.it\/2025\/09\/16\/mese-del-libro-2025-linea-di-confine-al-via-la-rassegna-culturale-in-alpago\/#breadcrumb"},"inLanguage":"fr-FR","potentialAction":[{"@type":"ReadAction","target":["https:\/\/www.bellunopress.it\/2025\/09\/16\/mese-del-libro-2025-linea-di-confine-al-via-la-rassegna-culturale-in-alpago\/"]}]},{"@type":"ImageObject","inLanguage":"fr-FR","@id":"https:\/\/www.bellunopress.it\/2025\/09\/16\/mese-del-libro-2025-linea-di-confine-al-via-la-rassegna-culturale-in-alpago\/#primaryimage","url":"https:\/\/www.bellunopress.it\/wp-content\/uploads\/2025\/09\/mese-del-libro-Linea-di-confine.jpg","contentUrl":"https:\/\/www.bellunopress.it\/wp-content\/uploads\/2025\/09\/mese-del-libro-Linea-di-confine.jpg","width":483,"height":680},{"@type":"BreadcrumbList","@id":"https:\/\/www.bellunopress.it\/2025\/09\/16\/mese-del-libro-2025-linea-di-confine-al-via-la-rassegna-culturale-in-alpago\/#breadcrumb","itemListElement":[{"@type":"ListItem","position":1,"name":"Home","item":"https:\/\/www.bellunopress.it\/"},{"@type":"ListItem","position":2,"name":"Mese del Libro 2025 \u2013 Linea di Confine. Al via la rassegna culturale in Alpago"}]},{"@type":"WebSite","@id":"https:\/\/www.bellunopress.it\/#website","url":"https:\/\/www.bellunopress.it\/","name":"Bellunopress - Dolomiti","description":"e-mail: redazione@bellunopress.it","publisher":{"@id":"https:\/\/www.bellunopress.it\/#organization"},"potentialAction":[{"@type":"SearchAction","target":{"@type":"EntryPoint","urlTemplate":"https:\/\/www.bellunopress.it\/?s={search_term_string}"},"query-input":{"@type":"PropertyValueSpecification","valueRequired":true,"valueName":"search_term_string"}}],"inLanguage":"fr-FR"},{"@type":"Organization","@id":"https:\/\/www.bellunopress.it\/#organization","name":"Bellunopress","url":"https:\/\/www.bellunopress.it\/","logo":{"@type":"ImageObject","inLanguage":"fr-FR","@id":"https:\/\/www.bellunopress.it\/#\/schema\/logo\/image\/","url":"https:\/\/www.bellunopress.it\/wp-content\/uploads\/2011\/05\/cropped-logo-bellunopress-.jpg","contentUrl":"https:\/\/www.bellunopress.it\/wp-content\/uploads\/2011\/05\/cropped-logo-bellunopress-.jpg","width":512,"height":512,"caption":"Bellunopress"},"image":{"@id":"https:\/\/www.bellunopress.it\/#\/schema\/logo\/image\/"},"sameAs":["https:\/\/www.facebook.com\/profile.php?id=100008943462799","https:\/\/x.com\/bellunopress","https:\/\/www.linkedin.com\/hp\/?dnr=JBzUWaJfMUw8vbXJJ2tVW5-I3jZKvC4wsoxE&amp;amp;amp;amp;amp;amp;trk=nav_responsive_tab_home","https:\/\/www.youtube.com\/channel\/UCxL0wu1uN0_3_7hGG0306cw"]},{"@type":"Person","@id":"https:\/\/www.bellunopress.it\/#\/schema\/person\/79bb06722b37ece1c03d3e94beb30d73","name":"r\u00e9daction","image":{"@type":"ImageObject","inLanguage":"fr-FR","@id":"https:\/\/secure.gravatar.com\/avatar\/37d968a2e67a6fd04c169c4bdef102d0bc5d31b2546345219e348575eb80e9a0?s=96&d=mm&r=g","url":"https:\/\/secure.gravatar.com\/avatar\/37d968a2e67a6fd04c169c4bdef102d0bc5d31b2546345219e348575eb80e9a0?s=96&d=mm&r=g","contentUrl":"https:\/\/secure.gravatar.com\/avatar\/37d968a2e67a6fd04c169c4bdef102d0bc5d31b2546345219e348575eb80e9a0?s=96&d=mm&r=g","caption":"redazione"},"sameAs":["http:\/\/www.bellunopress.it","https:\/\/x.com\/bellunopress"],"url":"https:\/\/www.bellunopress.it\/fr\/author\/redazione\/"}]}},"_links":{"self":[{"href":"https:\/\/www.bellunopress.it\/fr\/wp-json\/wp\/v2\/posts\/163351","targetHints":{"allow":["GET"]}}],"collection":[{"href":"https:\/\/www.bellunopress.it\/fr\/wp-json\/wp\/v2\/posts"}],"about":[{"href":"https:\/\/www.bellunopress.it\/fr\/wp-json\/wp\/v2\/types\/post"}],"author":[{"embeddable":true,"href":"https:\/\/www.bellunopress.it\/fr\/wp-json\/wp\/v2\/users\/2"}],"replies":[{"embeddable":true,"href":"https:\/\/www.bellunopress.it\/fr\/wp-json\/wp\/v2\/comments?post=163351"}],"version-history":[{"count":1,"href":"https:\/\/www.bellunopress.it\/fr\/wp-json\/wp\/v2\/posts\/163351\/revisions"}],"predecessor-version":[{"id":163353,"href":"https:\/\/www.bellunopress.it\/fr\/wp-json\/wp\/v2\/posts\/163351\/revisions\/163353"}],"wp:featuredmedia":[{"embeddable":true,"href":"https:\/\/www.bellunopress.it\/fr\/wp-json\/wp\/v2\/media\/163352"}],"wp:attachment":[{"href":"https:\/\/www.bellunopress.it\/fr\/wp-json\/wp\/v2\/media?parent=163351"}],"wp:term":[{"taxonomy":"category","embeddable":true,"href":"https:\/\/www.bellunopress.it\/fr\/wp-json\/wp\/v2\/categories?post=163351"},{"taxonomy":"post_tag","embeddable":true,"href":"https:\/\/www.bellunopress.it\/fr\/wp-json\/wp\/v2\/tags?post=163351"}],"curies":[{"name":"wp","href":"https:\/\/api.w.org\/{rel}","templated":true}]}}