{"id":163349,"date":"2025-09-16T18:52:07","date_gmt":"2025-09-16T16:52:07","guid":{"rendered":"https:\/\/www.bellunopress.it\/?p=163349"},"modified":"2025-09-16T18:52:07","modified_gmt":"2025-09-16T16:52:07","slug":"caso-nis-la-riflessione-del-sindaco-di-belluno-oscar-de-pellegrin","status":"publish","type":"post","link":"https:\/\/www.bellunopress.it\/fr\/2025\/09\/16\/caso-nis-la-riflessione-del-sindaco-di-belluno-oscar-de-pellegrin\/","title":{"rendered":"Caso Nis. La riflessione del sindaco di Belluno Oscar De Pellegrin"},"content":{"rendered":"<figure id=\"attachment_151884\" aria-describedby=\"caption-attachment-151884\" style=\"width: 979px\" class=\"wp-caption aligncenter\"><img loading=\"lazy\" decoding=\"async\" class=\"size-full wp-image-151884\" src=\"https:\/\/www.bellunopress.it\/wp-content\/uploads\/2024\/06\/Oscar-De-Pellegrin-sindaco_edited.jpg\" alt=\"\" width=\"979\" height=\"1000\" srcset=\"https:\/\/www.bellunopress.it\/wp-content\/uploads\/2024\/06\/Oscar-De-Pellegrin-sindaco_edited.jpg 979w, https:\/\/www.bellunopress.it\/wp-content\/uploads\/2024\/06\/Oscar-De-Pellegrin-sindaco_edited-490x500.jpg 490w, https:\/\/www.bellunopress.it\/wp-content\/uploads\/2024\/06\/Oscar-De-Pellegrin-sindaco_edited-411x420.jpg 411w, https:\/\/www.bellunopress.it\/wp-content\/uploads\/2024\/06\/Oscar-De-Pellegrin-sindaco_edited-696x711.jpg 696w\" sizes=\"auto, (max-width: 979px) 100vw, 979px\" \/><figcaption id=\"caption-attachment-151884\" class=\"wp-caption-text\">Oscar De Pellegrin, sindaco di Belluno<\/figcaption><\/figure>\n<p>La magistratura contabile ha ribadito la propria posizione in merito a una controversia finanziaria che ha coinvolto la societ\u00e0 Nis e Sportivamente Belluno. La decisione della Corte dei Conti conferma l&#8217;obbligo di risarcimento per il pregiudizio economico subito dal Comune di Belluno. E rimane la condanna per gli amministratori dell&#8217;epoca, Prade, Martire e Benvegn\u00f9.<\/p>\n<p>\u201cNon spetta a me commentare decisioni di natura processuale, ma sono umanamente dispiaciuto per le persone coinvolte e credo l\u2019intera vicenda debba spingerci tutti ad una profonda riflessione\u201d.<\/p>\n<p>Cos\u00ec il sindaco di Belluno, Oscar De Pellegrin, interviene in merito al caso Nis, dopo la conferma di condanna della Corte dei Conti. Una riflessione che travalica i confini della vicenda giudiziaria, quella del Primo cittadino, e che vuole piuttosto essere uno spunto di analisi rivolto a tutti sul significato dell\u2019amministrare oggi.<\/p>\n<p>\u201cIl ruolo di un sindaco \u00e8 complesso e delicato \u2013 commenta De Pellegrin \u2013 perch\u00e9 significa ogni giorno fare sintesi tra esigenze diverse, trovare un terreno comune e agire con responsabilit\u00e0 e senso civico per il bene della collettivit\u00e0. Ed \u00e8 proprio questo il compito di chi amministra: assumersi la responsabilit\u00e0 delle scelte, anche le pi\u00f9 difficili, mantenendo come unico riferimento l\u2019interesse generale. Umanamente non possiamo che sentirci vicini a questa vicenda, che rappresenta anche un richiamo a riflettere sul significato stesso dell\u2019agire politico e sulle responsabilit\u00e0 in capo a chi amministra. Proprio da questa consapevolezza discende anche l\u2019impegno della mia Amministrazione: la convinzione che ogni decisione debba essere valutata nella sua oggettiva utilit\u00e0 per la Citt\u00e0, indipendentemente da chi l\u2019abbia avviata\u201d.<\/p>\n<p>\u201cQuesta attenzione alla responsabilit\u00e0 e alla valutazione oggettiva costituisce il principio guida di ogni scelta amministrativa: \u00e8 responsabilit\u00e0 di chi amministra considerare il reale beneficio per la comunit\u00e0 di ogni azione o progetto \u2013 prosegue il Sindaco -. \u00c8 ci\u00f2 che abbiamo cercato di fare sin dall\u2019inizio del nostro mandato, mettendo al centro il bene della Citt\u00e0 e non valutando le idee progettuali lasciate dalla precedente amministrazione sulla base della provenienza politica. Ogni progetto \u00e8 stato analizzato con attenzione e imparzialit\u00e0, con l\u2019unico obiettivo di perseguire il bene comune. Per questo, quando abbiamo ritenuto che i progetti fossero utili per la comunit\u00e0, indipendentemente da chi li aveva proposti, li abbiamo portati avanti con determinazione, implementandoli e rafforzandoli con la nostra visione, ma soprattutto reperendo ulteriori risorse, necessarie a concretizzarli. Mi riferisco, in particolare, alla serie di progetti finanziati attraverso il PNRR che, uniti ai fondi comunali e ad altre linee di finanziamento attivate dalla nostra Amministrazione, hanno innescato investimenti in opere pubbliche per circa 45 milioni di euro.<br \/>\nNon dobbiamo dimenticare che la Citt\u00e0 appartiene a tutti e che ogni scelta amministrativa incide sul presente ma soprattutto sul futuro della comunit\u00e0. \u00c8 responsabilit\u00e0 di chi amministra valutare in maniera oggettiva, considerando il reale beneficio per la comunit\u00e0 di ogni scelta, azione o progetto. Perch\u00e9 prima di tutto viene il bene del territorio e di chi lo vive: questo assunto deve essere sempre guida e misura dell\u2019amministrare\u201d.<\/p>","protected":false},"excerpt":{"rendered":"<p>La magistratura contabile ha ribadito la propria posizione in merito a una controversia finanziaria che ha coinvolto la societ\u00e0 Nis e Sportivamente Belluno. La decisione della Corte dei Conti conferma l&#8217;obbligo di risarcimento per il pregiudizio economico subito dal Comune di Belluno. E rimane la condanna per gli amministratori dell&#8217;epoca, Prade, Martire e Benvegn\u00f9. \u201cNon [&hellip;]<\/p>\n","protected":false},"author":2,"featured_media":113617,"comment_status":"closed","ping_status":"open","sticky":false,"template":"","format":"standard","meta":{"footnotes":""},"categories":[5,26],"tags":[],"class_list":["post-163349","post","type-post","status-publish","format-standard","has-post-thumbnail","category-cronaca","category-prima-pagina"],"yoast_head":"<!-- This site is optimized with the Yoast SEO plugin v28.4 - https:\/\/yoast.com\/product\/yoast-seo-wordpress\/ -->\n<title>Caso Nis. La riflessione del sindaco di Belluno Oscar De Pellegrin - Bellunopress - Dolomiti<\/title>\n<meta name=\"robots\" content=\"index, follow, max-snippet:-1, max-image-preview:large, max-video-preview:-1\" \/>\n<link rel=\"canonical\" href=\"https:\/\/www.bellunopress.it\/fr\/2025\/09\/16\/caso-nis-la-riflessione-del-sindaco-di-belluno-oscar-de-pellegrin\/\" \/>\n<meta property=\"og:locale\" content=\"fr_FR\" \/>\n<meta property=\"og:type\" content=\"article\" \/>\n<meta property=\"og:title\" content=\"Caso Nis. La riflessione del sindaco di Belluno Oscar De Pellegrin - Bellunopress - Dolomiti\" \/>\n<meta property=\"og:description\" content=\"La magistratura contabile ha ribadito la propria posizione in merito a una controversia finanziaria che ha coinvolto la societ\u00e0 Nis e Sportivamente Belluno. La decisione della Corte dei Conti conferma l&#8217;obbligo di risarcimento per il pregiudizio economico subito dal Comune di Belluno. E rimane la condanna per gli amministratori dell&#8217;epoca, Prade, Martire e Benvegn\u00f9. \u201cNon [&hellip;]\" \/>\n<meta property=\"og:url\" content=\"https:\/\/www.bellunopress.it\/fr\/2025\/09\/16\/caso-nis-la-riflessione-del-sindaco-di-belluno-oscar-de-pellegrin\/\" \/>\n<meta property=\"og:site_name\" content=\"Bellunopress - Dolomiti\" \/>\n<meta property=\"article:publisher\" content=\"https:\/\/www.facebook.com\/profile.php?id=100008943462799\" \/>\n<meta property=\"article:published_time\" content=\"2025-09-16T16:52:07+00:00\" \/>\n<meta property=\"og:image\" content=\"https:\/\/www.bellunopress.it\/wp-content\/uploads\/2020\/04\/palazzo-rosso_edited.jpg\" \/>\n\t<meta property=\"og:image:width\" content=\"800\" \/>\n\t<meta property=\"og:image:height\" content=\"563\" \/>\n\t<meta property=\"og:image:type\" content=\"image\/jpeg\" \/>\n<meta name=\"author\" content=\"redazione\" \/>\n<meta name=\"twitter:card\" content=\"summary_large_image\" \/>\n<meta name=\"twitter:creator\" content=\"@bellunopress\" \/>\n<meta name=\"twitter:site\" content=\"@bellunopress\" \/>\n<meta name=\"twitter:label1\" content=\"Written by\" \/>\n\t<meta name=\"twitter:data1\" content=\"redazione\" \/>\n\t<meta name=\"twitter:label2\" content=\"Est. reading time\" \/>\n\t<meta name=\"twitter:data2\" content=\"3 minutes\" \/>\n<script type=\"application\/ld+json\" class=\"yoast-schema-graph\">{\"@context\":\"https:\\\/\\\/schema.org\",\"@graph\":[{\"@type\":\"Article\",\"@id\":\"https:\\\/\\\/www.bellunopress.it\\\/2025\\\/09\\\/16\\\/caso-nis-la-riflessione-del-sindaco-di-belluno-oscar-de-pellegrin\\\/#article\",\"isPartOf\":{\"@id\":\"https:\\\/\\\/www.bellunopress.it\\\/2025\\\/09\\\/16\\\/caso-nis-la-riflessione-del-sindaco-di-belluno-oscar-de-pellegrin\\\/\"},\"author\":{\"name\":\"redazione\",\"@id\":\"https:\\\/\\\/www.bellunopress.it\\\/#\\\/schema\\\/person\\\/79bb06722b37ece1c03d3e94beb30d73\"},\"headline\":\"Caso Nis. La riflessione del sindaco di Belluno Oscar De Pellegrin\",\"datePublished\":\"2025-09-16T16:52:07+00:00\",\"mainEntityOfPage\":{\"@id\":\"https:\\\/\\\/www.bellunopress.it\\\/2025\\\/09\\\/16\\\/caso-nis-la-riflessione-del-sindaco-di-belluno-oscar-de-pellegrin\\\/\"},\"wordCount\":517,\"publisher\":{\"@id\":\"https:\\\/\\\/www.bellunopress.it\\\/#organization\"},\"image\":{\"@id\":\"https:\\\/\\\/www.bellunopress.it\\\/2025\\\/09\\\/16\\\/caso-nis-la-riflessione-del-sindaco-di-belluno-oscar-de-pellegrin\\\/#primaryimage\"},\"thumbnailUrl\":\"https:\\\/\\\/www.bellunopress.it\\\/wp-content\\\/uploads\\\/2020\\\/04\\\/palazzo-rosso_edited.jpg\",\"articleSection\":[\"Cronaca\\\/Politica\",\"Prima Pagina\"],\"inLanguage\":\"fr-FR\"},{\"@type\":\"WebPage\",\"@id\":\"https:\\\/\\\/www.bellunopress.it\\\/2025\\\/09\\\/16\\\/caso-nis-la-riflessione-del-sindaco-di-belluno-oscar-de-pellegrin\\\/\",\"url\":\"https:\\\/\\\/www.bellunopress.it\\\/2025\\\/09\\\/16\\\/caso-nis-la-riflessione-del-sindaco-di-belluno-oscar-de-pellegrin\\\/\",\"name\":\"Caso Nis. La riflessione del sindaco di Belluno Oscar De Pellegrin - Bellunopress - Dolomiti\",\"isPartOf\":{\"@id\":\"https:\\\/\\\/www.bellunopress.it\\\/#website\"},\"primaryImageOfPage\":{\"@id\":\"https:\\\/\\\/www.bellunopress.it\\\/2025\\\/09\\\/16\\\/caso-nis-la-riflessione-del-sindaco-di-belluno-oscar-de-pellegrin\\\/#primaryimage\"},\"image\":{\"@id\":\"https:\\\/\\\/www.bellunopress.it\\\/2025\\\/09\\\/16\\\/caso-nis-la-riflessione-del-sindaco-di-belluno-oscar-de-pellegrin\\\/#primaryimage\"},\"thumbnailUrl\":\"https:\\\/\\\/www.bellunopress.it\\\/wp-content\\\/uploads\\\/2020\\\/04\\\/palazzo-rosso_edited.jpg\",\"datePublished\":\"2025-09-16T16:52:07+00:00\",\"breadcrumb\":{\"@id\":\"https:\\\/\\\/www.bellunopress.it\\\/2025\\\/09\\\/16\\\/caso-nis-la-riflessione-del-sindaco-di-belluno-oscar-de-pellegrin\\\/#breadcrumb\"},\"inLanguage\":\"fr-FR\",\"potentialAction\":[{\"@type\":\"ReadAction\",\"target\":[\"https:\\\/\\\/www.bellunopress.it\\\/2025\\\/09\\\/16\\\/caso-nis-la-riflessione-del-sindaco-di-belluno-oscar-de-pellegrin\\\/\"]}]},{\"@type\":\"ImageObject\",\"inLanguage\":\"fr-FR\",\"@id\":\"https:\\\/\\\/www.bellunopress.it\\\/2025\\\/09\\\/16\\\/caso-nis-la-riflessione-del-sindaco-di-belluno-oscar-de-pellegrin\\\/#primaryimage\",\"url\":\"https:\\\/\\\/www.bellunopress.it\\\/wp-content\\\/uploads\\\/2020\\\/04\\\/palazzo-rosso_edited.jpg\",\"contentUrl\":\"https:\\\/\\\/www.bellunopress.it\\\/wp-content\\\/uploads\\\/2020\\\/04\\\/palazzo-rosso_edited.jpg\",\"width\":800,\"height\":563,\"caption\":\"Palazzo Rosso, sede dell'amministrazione comunale di Belluno\"},{\"@type\":\"BreadcrumbList\",\"@id\":\"https:\\\/\\\/www.bellunopress.it\\\/2025\\\/09\\\/16\\\/caso-nis-la-riflessione-del-sindaco-di-belluno-oscar-de-pellegrin\\\/#breadcrumb\",\"itemListElement\":[{\"@type\":\"ListItem\",\"position\":1,\"name\":\"Home\",\"item\":\"https:\\\/\\\/www.bellunopress.it\\\/\"},{\"@type\":\"ListItem\",\"position\":2,\"name\":\"Caso Nis. La riflessione del sindaco di Belluno Oscar De Pellegrin\"}]},{\"@type\":\"WebSite\",\"@id\":\"https:\\\/\\\/www.bellunopress.it\\\/#website\",\"url\":\"https:\\\/\\\/www.bellunopress.it\\\/\",\"name\":\"Bellunopress - Dolomiti\",\"description\":\"e-mail: redazione@bellunopress.it\",\"publisher\":{\"@id\":\"https:\\\/\\\/www.bellunopress.it\\\/#organization\"},\"potentialAction\":[{\"@type\":\"SearchAction\",\"target\":{\"@type\":\"EntryPoint\",\"urlTemplate\":\"https:\\\/\\\/www.bellunopress.it\\\/?s={search_term_string}\"},\"query-input\":{\"@type\":\"PropertyValueSpecification\",\"valueRequired\":true,\"valueName\":\"search_term_string\"}}],\"inLanguage\":\"fr-FR\"},{\"@type\":\"Organization\",\"@id\":\"https:\\\/\\\/www.bellunopress.it\\\/#organization\",\"name\":\"Bellunopress\",\"url\":\"https:\\\/\\\/www.bellunopress.it\\\/\",\"logo\":{\"@type\":\"ImageObject\",\"inLanguage\":\"fr-FR\",\"@id\":\"https:\\\/\\\/www.bellunopress.it\\\/#\\\/schema\\\/logo\\\/image\\\/\",\"url\":\"https:\\\/\\\/www.bellunopress.it\\\/wp-content\\\/uploads\\\/2011\\\/05\\\/cropped-logo-bellunopress-.jpg\",\"contentUrl\":\"https:\\\/\\\/www.bellunopress.it\\\/wp-content\\\/uploads\\\/2011\\\/05\\\/cropped-logo-bellunopress-.jpg\",\"width\":512,\"height\":512,\"caption\":\"Bellunopress\"},\"image\":{\"@id\":\"https:\\\/\\\/www.bellunopress.it\\\/#\\\/schema\\\/logo\\\/image\\\/\"},\"sameAs\":[\"https:\\\/\\\/www.facebook.com\\\/profile.php?id=100008943462799\",\"https:\\\/\\\/x.com\\\/bellunopress\",\"https:\\\/\\\/www.linkedin.com\\\/hp\\\/?dnr=JBzUWaJfMUw8vbXJJ2tVW5-I3jZKvC4wsoxE&amp;amp;amp;amp;amp;amp;trk=nav_responsive_tab_home\",\"https:\\\/\\\/www.youtube.com\\\/channel\\\/UCxL0wu1uN0_3_7hGG0306cw\"]},{\"@type\":\"Person\",\"@id\":\"https:\\\/\\\/www.bellunopress.it\\\/#\\\/schema\\\/person\\\/79bb06722b37ece1c03d3e94beb30d73\",\"name\":\"redazione\",\"image\":{\"@type\":\"ImageObject\",\"inLanguage\":\"fr-FR\",\"@id\":\"https:\\\/\\\/secure.gravatar.com\\\/avatar\\\/37d968a2e67a6fd04c169c4bdef102d0bc5d31b2546345219e348575eb80e9a0?s=96&d=mm&r=g\",\"url\":\"https:\\\/\\\/secure.gravatar.com\\\/avatar\\\/37d968a2e67a6fd04c169c4bdef102d0bc5d31b2546345219e348575eb80e9a0?s=96&d=mm&r=g\",\"contentUrl\":\"https:\\\/\\\/secure.gravatar.com\\\/avatar\\\/37d968a2e67a6fd04c169c4bdef102d0bc5d31b2546345219e348575eb80e9a0?s=96&d=mm&r=g\",\"caption\":\"redazione\"},\"sameAs\":[\"http:\\\/\\\/www.bellunopress.it\",\"https:\\\/\\\/x.com\\\/bellunopress\"],\"url\":\"https:\\\/\\\/www.bellunopress.it\\\/fr\\\/author\\\/redazione\\\/\"}]}<\/script>\n<!-- \/ Yoast SEO plugin. -->","yoast_head_json":{"title":"Caso Nis. La riflessione del sindaco di Belluno Oscar De Pellegrin - Bellunopress - Dolomiti","robots":{"index":"index","follow":"follow","max-snippet":"max-snippet:-1","max-image-preview":"max-image-preview:large","max-video-preview":"max-video-preview:-1"},"canonical":"https:\/\/www.bellunopress.it\/fr\/2025\/09\/16\/caso-nis-la-riflessione-del-sindaco-di-belluno-oscar-de-pellegrin\/","og_locale":"fr_FR","og_type":"article","og_title":"Caso Nis. La riflessione del sindaco di Belluno Oscar De Pellegrin - Bellunopress - Dolomiti","og_description":"La magistratura contabile ha ribadito la propria posizione in merito a una controversia finanziaria che ha coinvolto la societ\u00e0 Nis e Sportivamente Belluno. La decisione della Corte dei Conti conferma l&#8217;obbligo di risarcimento per il pregiudizio economico subito dal Comune di Belluno. E rimane la condanna per gli amministratori dell&#8217;epoca, Prade, Martire e Benvegn\u00f9. \u201cNon [&hellip;]","og_url":"https:\/\/www.bellunopress.it\/fr\/2025\/09\/16\/caso-nis-la-riflessione-del-sindaco-di-belluno-oscar-de-pellegrin\/","og_site_name":"Bellunopress - Dolomiti","article_publisher":"https:\/\/www.facebook.com\/profile.php?id=100008943462799","article_published_time":"2025-09-16T16:52:07+00:00","og_image":[{"width":800,"height":563,"url":"https:\/\/www.bellunopress.it\/wp-content\/uploads\/2020\/04\/palazzo-rosso_edited.jpg","type":"image\/jpeg"}],"author":"redazione","twitter_card":"summary_large_image","twitter_creator":"@bellunopress","twitter_site":"@bellunopress","twitter_misc":{"Written by":"redazione","Est. reading time":"3 minutes"},"schema":{"@context":"https:\/\/schema.org","@graph":[{"@type":"Article","@id":"https:\/\/www.bellunopress.it\/2025\/09\/16\/caso-nis-la-riflessione-del-sindaco-di-belluno-oscar-de-pellegrin\/#article","isPartOf":{"@id":"https:\/\/www.bellunopress.it\/2025\/09\/16\/caso-nis-la-riflessione-del-sindaco-di-belluno-oscar-de-pellegrin\/"},"author":{"name":"redazione","@id":"https:\/\/www.bellunopress.it\/#\/schema\/person\/79bb06722b37ece1c03d3e94beb30d73"},"headline":"Caso Nis. La riflessione del sindaco di Belluno Oscar De Pellegrin","datePublished":"2025-09-16T16:52:07+00:00","mainEntityOfPage":{"@id":"https:\/\/www.bellunopress.it\/2025\/09\/16\/caso-nis-la-riflessione-del-sindaco-di-belluno-oscar-de-pellegrin\/"},"wordCount":517,"publisher":{"@id":"https:\/\/www.bellunopress.it\/#organization"},"image":{"@id":"https:\/\/www.bellunopress.it\/2025\/09\/16\/caso-nis-la-riflessione-del-sindaco-di-belluno-oscar-de-pellegrin\/#primaryimage"},"thumbnailUrl":"https:\/\/www.bellunopress.it\/wp-content\/uploads\/2020\/04\/palazzo-rosso_edited.jpg","articleSection":["Cronaca\/Politica","Prima Pagina"],"inLanguage":"fr-FR"},{"@type":"WebPage","@id":"https:\/\/www.bellunopress.it\/2025\/09\/16\/caso-nis-la-riflessione-del-sindaco-di-belluno-oscar-de-pellegrin\/","url":"https:\/\/www.bellunopress.it\/2025\/09\/16\/caso-nis-la-riflessione-del-sindaco-di-belluno-oscar-de-pellegrin\/","name":"Caso Nis. La riflessione del sindaco di Belluno Oscar De Pellegrin - Bellunopress - Dolomiti","isPartOf":{"@id":"https:\/\/www.bellunopress.it\/#website"},"primaryImageOfPage":{"@id":"https:\/\/www.bellunopress.it\/2025\/09\/16\/caso-nis-la-riflessione-del-sindaco-di-belluno-oscar-de-pellegrin\/#primaryimage"},"image":{"@id":"https:\/\/www.bellunopress.it\/2025\/09\/16\/caso-nis-la-riflessione-del-sindaco-di-belluno-oscar-de-pellegrin\/#primaryimage"},"thumbnailUrl":"https:\/\/www.bellunopress.it\/wp-content\/uploads\/2020\/04\/palazzo-rosso_edited.jpg","datePublished":"2025-09-16T16:52:07+00:00","breadcrumb":{"@id":"https:\/\/www.bellunopress.it\/2025\/09\/16\/caso-nis-la-riflessione-del-sindaco-di-belluno-oscar-de-pellegrin\/#breadcrumb"},"inLanguage":"fr-FR","potentialAction":[{"@type":"ReadAction","target":["https:\/\/www.bellunopress.it\/2025\/09\/16\/caso-nis-la-riflessione-del-sindaco-di-belluno-oscar-de-pellegrin\/"]}]},{"@type":"ImageObject","inLanguage":"fr-FR","@id":"https:\/\/www.bellunopress.it\/2025\/09\/16\/caso-nis-la-riflessione-del-sindaco-di-belluno-oscar-de-pellegrin\/#primaryimage","url":"https:\/\/www.bellunopress.it\/wp-content\/uploads\/2020\/04\/palazzo-rosso_edited.jpg","contentUrl":"https:\/\/www.bellunopress.it\/wp-content\/uploads\/2020\/04\/palazzo-rosso_edited.jpg","width":800,"height":563,"caption":"Palazzo Rosso, sede dell'amministrazione comunale di Belluno"},{"@type":"BreadcrumbList","@id":"https:\/\/www.bellunopress.it\/2025\/09\/16\/caso-nis-la-riflessione-del-sindaco-di-belluno-oscar-de-pellegrin\/#breadcrumb","itemListElement":[{"@type":"ListItem","position":1,"name":"Home","item":"https:\/\/www.bellunopress.it\/"},{"@type":"ListItem","position":2,"name":"Caso Nis. La riflessione del sindaco di Belluno Oscar De Pellegrin"}]},{"@type":"WebSite","@id":"https:\/\/www.bellunopress.it\/#website","url":"https:\/\/www.bellunopress.it\/","name":"Bellunopress - Dolomiti","description":"e-mail: redazione@bellunopress.it","publisher":{"@id":"https:\/\/www.bellunopress.it\/#organization"},"potentialAction":[{"@type":"SearchAction","target":{"@type":"EntryPoint","urlTemplate":"https:\/\/www.bellunopress.it\/?s={search_term_string}"},"query-input":{"@type":"PropertyValueSpecification","valueRequired":true,"valueName":"search_term_string"}}],"inLanguage":"fr-FR"},{"@type":"Organization","@id":"https:\/\/www.bellunopress.it\/#organization","name":"Bellunopress","url":"https:\/\/www.bellunopress.it\/","logo":{"@type":"ImageObject","inLanguage":"fr-FR","@id":"https:\/\/www.bellunopress.it\/#\/schema\/logo\/image\/","url":"https:\/\/www.bellunopress.it\/wp-content\/uploads\/2011\/05\/cropped-logo-bellunopress-.jpg","contentUrl":"https:\/\/www.bellunopress.it\/wp-content\/uploads\/2011\/05\/cropped-logo-bellunopress-.jpg","width":512,"height":512,"caption":"Bellunopress"},"image":{"@id":"https:\/\/www.bellunopress.it\/#\/schema\/logo\/image\/"},"sameAs":["https:\/\/www.facebook.com\/profile.php?id=100008943462799","https:\/\/x.com\/bellunopress","https:\/\/www.linkedin.com\/hp\/?dnr=JBzUWaJfMUw8vbXJJ2tVW5-I3jZKvC4wsoxE&amp;amp;amp;amp;amp;amp;trk=nav_responsive_tab_home","https:\/\/www.youtube.com\/channel\/UCxL0wu1uN0_3_7hGG0306cw"]},{"@type":"Person","@id":"https:\/\/www.bellunopress.it\/#\/schema\/person\/79bb06722b37ece1c03d3e94beb30d73","name":"r\u00e9daction","image":{"@type":"ImageObject","inLanguage":"fr-FR","@id":"https:\/\/secure.gravatar.com\/avatar\/37d968a2e67a6fd04c169c4bdef102d0bc5d31b2546345219e348575eb80e9a0?s=96&d=mm&r=g","url":"https:\/\/secure.gravatar.com\/avatar\/37d968a2e67a6fd04c169c4bdef102d0bc5d31b2546345219e348575eb80e9a0?s=96&d=mm&r=g","contentUrl":"https:\/\/secure.gravatar.com\/avatar\/37d968a2e67a6fd04c169c4bdef102d0bc5d31b2546345219e348575eb80e9a0?s=96&d=mm&r=g","caption":"redazione"},"sameAs":["http:\/\/www.bellunopress.it","https:\/\/x.com\/bellunopress"],"url":"https:\/\/www.bellunopress.it\/fr\/author\/redazione\/"}]}},"_links":{"self":[{"href":"https:\/\/www.bellunopress.it\/fr\/wp-json\/wp\/v2\/posts\/163349","targetHints":{"allow":["GET"]}}],"collection":[{"href":"https:\/\/www.bellunopress.it\/fr\/wp-json\/wp\/v2\/posts"}],"about":[{"href":"https:\/\/www.bellunopress.it\/fr\/wp-json\/wp\/v2\/types\/post"}],"author":[{"embeddable":true,"href":"https:\/\/www.bellunopress.it\/fr\/wp-json\/wp\/v2\/users\/2"}],"replies":[{"embeddable":true,"href":"https:\/\/www.bellunopress.it\/fr\/wp-json\/wp\/v2\/comments?post=163349"}],"version-history":[{"count":1,"href":"https:\/\/www.bellunopress.it\/fr\/wp-json\/wp\/v2\/posts\/163349\/revisions"}],"predecessor-version":[{"id":163350,"href":"https:\/\/www.bellunopress.it\/fr\/wp-json\/wp\/v2\/posts\/163349\/revisions\/163350"}],"wp:featuredmedia":[{"embeddable":true,"href":"https:\/\/www.bellunopress.it\/fr\/wp-json\/wp\/v2\/media\/113617"}],"wp:attachment":[{"href":"https:\/\/www.bellunopress.it\/fr\/wp-json\/wp\/v2\/media?parent=163349"}],"wp:term":[{"taxonomy":"category","embeddable":true,"href":"https:\/\/www.bellunopress.it\/fr\/wp-json\/wp\/v2\/categories?post=163349"},{"taxonomy":"post_tag","embeddable":true,"href":"https:\/\/www.bellunopress.it\/fr\/wp-json\/wp\/v2\/tags?post=163349"}],"curies":[{"name":"wp","href":"https:\/\/api.w.org\/{rel}","templated":true}]}}