{"id":163345,"date":"2025-09-16T17:37:18","date_gmt":"2025-09-16T15:37:18","guid":{"rendered":"https:\/\/www.bellunopress.it\/?p=163345"},"modified":"2025-09-16T17:37:18","modified_gmt":"2025-09-16T15:37:18","slug":"mercoledi-a-belluno-apre-la-piadineria-in-via-vittorio-veneto-278","status":"publish","type":"post","link":"https:\/\/www.bellunopress.it\/fr\/2025\/09\/16\/mercoledi-a-belluno-apre-la-piadineria-in-via-vittorio-veneto-278\/","title":{"rendered":"Mercoled\u00ec a Belluno apre La Piadineria, in via Vittorio Veneto 278"},"content":{"rendered":"<p><img loading=\"lazy\" decoding=\"async\" class=\"aligncenter size-full wp-image-163346\" src=\"https:\/\/www.bellunopress.it\/wp-content\/uploads\/2025\/09\/La-Piadineria-a-Belluno-via-V-Veneto.jpg\" alt=\"\" width=\"800\" height=\"450\" srcset=\"https:\/\/www.bellunopress.it\/wp-content\/uploads\/2025\/09\/La-Piadineria-a-Belluno-via-V-Veneto.jpg 800w, https:\/\/www.bellunopress.it\/wp-content\/uploads\/2025\/09\/La-Piadineria-a-Belluno-via-V-Veneto-500x281.jpg 500w, https:\/\/www.bellunopress.it\/wp-content\/uploads\/2025\/09\/La-Piadineria-a-Belluno-via-V-Veneto-747x420.jpg 747w, https:\/\/www.bellunopress.it\/wp-content\/uploads\/2025\/09\/La-Piadineria-a-Belluno-via-V-Veneto-696x392.jpg 696w\" sizes=\"auto, (max-width: 800px) 100vw, 800px\" \/> <img loading=\"lazy\" decoding=\"async\" class=\"aligncenter size-large wp-image-163347\" src=\"https:\/\/www.bellunopress.it\/wp-content\/uploads\/2025\/09\/La-Piadineria-via-V-Veneto-BL.jpg\" alt=\"\" width=\"696\" height=\"464\" srcset=\"https:\/\/www.bellunopress.it\/wp-content\/uploads\/2025\/09\/La-Piadineria-via-V-Veneto-BL.jpg 800w, https:\/\/www.bellunopress.it\/wp-content\/uploads\/2025\/09\/La-Piadineria-via-V-Veneto-BL-500x333.jpg 500w, https:\/\/www.bellunopress.it\/wp-content\/uploads\/2025\/09\/La-Piadineria-via-V-Veneto-BL-630x420.jpg 630w, https:\/\/www.bellunopress.it\/wp-content\/uploads\/2025\/09\/La-Piadineria-via-V-Veneto-BL-696x464.jpg 696w\" sizes=\"auto, (max-width: 696px) 100vw, 696px\" \/>La Piadineria, la pi\u00f9 grande catena italiana della ristorazione veloce, apre mercoled\u00ec 17 settembre in via Vittorio Veneto, n. 278. Con oltre 490 ristoranti attivi in tutta Italia, la nuova apertura si inserisce in una strategia di crescita importante nel Veneto, dove sono gi\u00e0 presenti 44 punti vendita che impiegano oltre 300 persone e servono ogni mese pi\u00f9 di 210.000 piadine.<\/p>\n<p>\u201cAprire a Belluno significa per noi portare la nostra idea di pausa gustosa anche in un territorio dove la tradizione \u00e8 un valore importante. Vogliamo diventare un punto di riferimento per chi cerca un pasto veloce ma preparato con cura, da condividere con amici, colleghi o in famiglia. La piadina \u00e8 un cibo semplice ma ricco di possibilit\u00e0, ed \u00e8 proprio questo che ci piace raccontare ogni giorno, in ogni locale.\u201d &#8211; commentano dall\u2019azienda.<\/p>\n<p>Fondata nel 1994, La Piadineria si distingue per un\u2019offerta incentrata sulla piadina, preparata internamente nello stabilimento di Montirone (BS) a partire da un impasto semplice, secondo la ricetta originale. Ogni piadina viene poi stesa, cotta e farcita al momento all\u2019interno di ogni locale, con una lavorazione a vista nella cucina retrostante al banco.<\/p>\n<p>Tra le ricette pi\u00f9 apprezzate in Veneto, oltre a La Solare, ci sono anche La Leggenda (crudo, squacquerone e rucola), La Semplice (cotto, mozzarella e funghi trifolati), Il Papripollo (rotolo con pollo alla paprika, mozzarella, rucola, cipolla croccante, salsa yogurt) e La Montagna (con provola affumicata, speck, salsa boscaiola, lattuga, mix porcini, salsiccia).<\/p>\n<p>Il nuovo locale \u00e8 dotato di strumenti digitali per rendere pi\u00f9 semplice l\u2019esperienza d\u2019acquisto, tra cui menuboard digitali e postazioni self-service. Le ordinazioni possono essere effettuate anche tramite l\u2019app La Piadineria, con ritiro in negozio senza sovrapprezzo.<\/p>\n<p>Per celebrare l\u2019inaugurazione, sabato 20 settembre sar\u00e0 attiva una promozione dedicata: chi si iscrive per la prima volta al programma fedelt\u00e0 Mondo Piada, al link https:\/\/lapiadineria.com\/registrazione-utm?utm_source=cs&amp;utm_campaign=bellunocs, potr\u00e0 ricevere una piadina omaggio nel punto vendita di Belluno.<\/p>\n<p>Il ristorante osserver\u00e0 i seguenti orari: dal luned\u00ec al gioved\u00ec e domenica dalle 11.00 alle 22.00; il venerd\u00ec e sabato fino alle 23.00. Il team sar\u00e0 composto da una decina di persone. Chi si vuole candidare pu\u00f2 consultare le posizioni aperte nella sezione Career del sito ufficiale: https:\/\/lapiadineria.com\/lavora-con-noi\/posizioni-aperte<\/p>\n<p>&nbsp;<\/p>","protected":false},"excerpt":{"rendered":"<p>La Piadineria, la pi\u00f9 grande catena italiana della ristorazione veloce, apre mercoled\u00ec 17 settembre in via Vittorio Veneto, n. 278. Con oltre 490 ristoranti attivi in tutta Italia, la nuova apertura si inserisce in una strategia di crescita importante nel Veneto, dove sono gi\u00e0 presenti 44 punti vendita che impiegano oltre 300 persone e servono [&hellip;]<\/p>\n","protected":false},"author":2,"featured_media":163347,"comment_status":"closed","ping_status":"open","sticky":false,"template":"","format":"standard","meta":{"footnotes":""},"categories":[3393,26],"tags":[],"class_list":["post-163345","post","type-post","status-publish","format-standard","has-post-thumbnail","category-eventi-enogastronomici","category-prima-pagina"],"yoast_head":"<!-- This site is optimized with the Yoast SEO plugin v28.4 - https:\/\/yoast.com\/product\/yoast-seo-wordpress\/ -->\n<title>Mercoled\u00ec a Belluno apre La Piadineria, in via Vittorio Veneto 278 - Bellunopress - Dolomiti<\/title>\n<meta name=\"robots\" content=\"index, follow, max-snippet:-1, max-image-preview:large, max-video-preview:-1\" \/>\n<link rel=\"canonical\" href=\"https:\/\/www.bellunopress.it\/fr\/2025\/09\/16\/mercoledi-a-belluno-apre-la-piadineria-in-via-vittorio-veneto-278\/\" \/>\n<meta property=\"og:locale\" content=\"fr_FR\" \/>\n<meta property=\"og:type\" content=\"article\" \/>\n<meta property=\"og:title\" content=\"Mercoled\u00ec a Belluno apre La Piadineria, in via Vittorio Veneto 278 - Bellunopress - Dolomiti\" \/>\n<meta property=\"og:description\" content=\"La Piadineria, la pi\u00f9 grande catena italiana della ristorazione veloce, apre mercoled\u00ec 17 settembre in via Vittorio Veneto, n. 278. Con oltre 490 ristoranti attivi in tutta Italia, la nuova apertura si inserisce in una strategia di crescita importante nel Veneto, dove sono gi\u00e0 presenti 44 punti vendita che impiegano oltre 300 persone e servono [&hellip;]\" \/>\n<meta property=\"og:url\" content=\"https:\/\/www.bellunopress.it\/fr\/2025\/09\/16\/mercoledi-a-belluno-apre-la-piadineria-in-via-vittorio-veneto-278\/\" \/>\n<meta property=\"og:site_name\" content=\"Bellunopress - Dolomiti\" \/>\n<meta property=\"article:publisher\" content=\"https:\/\/www.facebook.com\/profile.php?id=100008943462799\" \/>\n<meta property=\"article:published_time\" content=\"2025-09-16T15:37:18+00:00\" \/>\n<meta property=\"og:image\" content=\"https:\/\/www.bellunopress.it\/wp-content\/uploads\/2025\/09\/La-Piadineria-via-V-Veneto-BL.jpg\" \/>\n\t<meta property=\"og:image:width\" content=\"800\" \/>\n\t<meta property=\"og:image:height\" content=\"533\" \/>\n\t<meta property=\"og:image:type\" content=\"image\/jpeg\" \/>\n<meta name=\"author\" content=\"redazione\" \/>\n<meta name=\"twitter:card\" content=\"summary_large_image\" \/>\n<meta name=\"twitter:creator\" content=\"@bellunopress\" \/>\n<meta name=\"twitter:site\" content=\"@bellunopress\" \/>\n<meta name=\"twitter:label1\" content=\"Written by\" \/>\n\t<meta name=\"twitter:data1\" content=\"redazione\" \/>\n\t<meta name=\"twitter:label2\" content=\"Est. reading time\" \/>\n\t<meta name=\"twitter:data2\" content=\"2 minutes\" \/>\n<script type=\"application\/ld+json\" class=\"yoast-schema-graph\">{\"@context\":\"https:\\\/\\\/schema.org\",\"@graph\":[{\"@type\":\"Article\",\"@id\":\"https:\\\/\\\/www.bellunopress.it\\\/2025\\\/09\\\/16\\\/mercoledi-a-belluno-apre-la-piadineria-in-via-vittorio-veneto-278\\\/#article\",\"isPartOf\":{\"@id\":\"https:\\\/\\\/www.bellunopress.it\\\/2025\\\/09\\\/16\\\/mercoledi-a-belluno-apre-la-piadineria-in-via-vittorio-veneto-278\\\/\"},\"author\":{\"name\":\"redazione\",\"@id\":\"https:\\\/\\\/www.bellunopress.it\\\/#\\\/schema\\\/person\\\/79bb06722b37ece1c03d3e94beb30d73\"},\"headline\":\"Mercoled\u00ec a Belluno apre La Piadineria, in via Vittorio Veneto 278\",\"datePublished\":\"2025-09-16T15:37:18+00:00\",\"mainEntityOfPage\":{\"@id\":\"https:\\\/\\\/www.bellunopress.it\\\/2025\\\/09\\\/16\\\/mercoledi-a-belluno-apre-la-piadineria-in-via-vittorio-veneto-278\\\/\"},\"wordCount\":379,\"publisher\":{\"@id\":\"https:\\\/\\\/www.bellunopress.it\\\/#organization\"},\"image\":{\"@id\":\"https:\\\/\\\/www.bellunopress.it\\\/2025\\\/09\\\/16\\\/mercoledi-a-belluno-apre-la-piadineria-in-via-vittorio-veneto-278\\\/#primaryimage\"},\"thumbnailUrl\":\"https:\\\/\\\/www.bellunopress.it\\\/wp-content\\\/uploads\\\/2025\\\/09\\\/La-Piadineria-via-V-Veneto-BL.jpg\",\"articleSection\":[\"Eventi enogastronomici\",\"Prima Pagina\"],\"inLanguage\":\"fr-FR\"},{\"@type\":\"WebPage\",\"@id\":\"https:\\\/\\\/www.bellunopress.it\\\/2025\\\/09\\\/16\\\/mercoledi-a-belluno-apre-la-piadineria-in-via-vittorio-veneto-278\\\/\",\"url\":\"https:\\\/\\\/www.bellunopress.it\\\/2025\\\/09\\\/16\\\/mercoledi-a-belluno-apre-la-piadineria-in-via-vittorio-veneto-278\\\/\",\"name\":\"Mercoled\u00ec a Belluno apre La Piadineria, in via Vittorio Veneto 278 - Bellunopress - Dolomiti\",\"isPartOf\":{\"@id\":\"https:\\\/\\\/www.bellunopress.it\\\/#website\"},\"primaryImageOfPage\":{\"@id\":\"https:\\\/\\\/www.bellunopress.it\\\/2025\\\/09\\\/16\\\/mercoledi-a-belluno-apre-la-piadineria-in-via-vittorio-veneto-278\\\/#primaryimage\"},\"image\":{\"@id\":\"https:\\\/\\\/www.bellunopress.it\\\/2025\\\/09\\\/16\\\/mercoledi-a-belluno-apre-la-piadineria-in-via-vittorio-veneto-278\\\/#primaryimage\"},\"thumbnailUrl\":\"https:\\\/\\\/www.bellunopress.it\\\/wp-content\\\/uploads\\\/2025\\\/09\\\/La-Piadineria-via-V-Veneto-BL.jpg\",\"datePublished\":\"2025-09-16T15:37:18+00:00\",\"breadcrumb\":{\"@id\":\"https:\\\/\\\/www.bellunopress.it\\\/2025\\\/09\\\/16\\\/mercoledi-a-belluno-apre-la-piadineria-in-via-vittorio-veneto-278\\\/#breadcrumb\"},\"inLanguage\":\"fr-FR\",\"potentialAction\":[{\"@type\":\"ReadAction\",\"target\":[\"https:\\\/\\\/www.bellunopress.it\\\/2025\\\/09\\\/16\\\/mercoledi-a-belluno-apre-la-piadineria-in-via-vittorio-veneto-278\\\/\"]}]},{\"@type\":\"ImageObject\",\"inLanguage\":\"fr-FR\",\"@id\":\"https:\\\/\\\/www.bellunopress.it\\\/2025\\\/09\\\/16\\\/mercoledi-a-belluno-apre-la-piadineria-in-via-vittorio-veneto-278\\\/#primaryimage\",\"url\":\"https:\\\/\\\/www.bellunopress.it\\\/wp-content\\\/uploads\\\/2025\\\/09\\\/La-Piadineria-via-V-Veneto-BL.jpg\",\"contentUrl\":\"https:\\\/\\\/www.bellunopress.it\\\/wp-content\\\/uploads\\\/2025\\\/09\\\/La-Piadineria-via-V-Veneto-BL.jpg\",\"width\":800,\"height\":533},{\"@type\":\"BreadcrumbList\",\"@id\":\"https:\\\/\\\/www.bellunopress.it\\\/2025\\\/09\\\/16\\\/mercoledi-a-belluno-apre-la-piadineria-in-via-vittorio-veneto-278\\\/#breadcrumb\",\"itemListElement\":[{\"@type\":\"ListItem\",\"position\":1,\"name\":\"Home\",\"item\":\"https:\\\/\\\/www.bellunopress.it\\\/\"},{\"@type\":\"ListItem\",\"position\":2,\"name\":\"Mercoled\u00ec a Belluno apre La Piadineria, in via Vittorio Veneto 278\"}]},{\"@type\":\"WebSite\",\"@id\":\"https:\\\/\\\/www.bellunopress.it\\\/#website\",\"url\":\"https:\\\/\\\/www.bellunopress.it\\\/\",\"name\":\"Bellunopress - Dolomiti\",\"description\":\"e-mail: redazione@bellunopress.it\",\"publisher\":{\"@id\":\"https:\\\/\\\/www.bellunopress.it\\\/#organization\"},\"potentialAction\":[{\"@type\":\"SearchAction\",\"target\":{\"@type\":\"EntryPoint\",\"urlTemplate\":\"https:\\\/\\\/www.bellunopress.it\\\/?s={search_term_string}\"},\"query-input\":{\"@type\":\"PropertyValueSpecification\",\"valueRequired\":true,\"valueName\":\"search_term_string\"}}],\"inLanguage\":\"fr-FR\"},{\"@type\":\"Organization\",\"@id\":\"https:\\\/\\\/www.bellunopress.it\\\/#organization\",\"name\":\"Bellunopress\",\"url\":\"https:\\\/\\\/www.bellunopress.it\\\/\",\"logo\":{\"@type\":\"ImageObject\",\"inLanguage\":\"fr-FR\",\"@id\":\"https:\\\/\\\/www.bellunopress.it\\\/#\\\/schema\\\/logo\\\/image\\\/\",\"url\":\"https:\\\/\\\/www.bellunopress.it\\\/wp-content\\\/uploads\\\/2011\\\/05\\\/cropped-logo-bellunopress-.jpg\",\"contentUrl\":\"https:\\\/\\\/www.bellunopress.it\\\/wp-content\\\/uploads\\\/2011\\\/05\\\/cropped-logo-bellunopress-.jpg\",\"width\":512,\"height\":512,\"caption\":\"Bellunopress\"},\"image\":{\"@id\":\"https:\\\/\\\/www.bellunopress.it\\\/#\\\/schema\\\/logo\\\/image\\\/\"},\"sameAs\":[\"https:\\\/\\\/www.facebook.com\\\/profile.php?id=100008943462799\",\"https:\\\/\\\/x.com\\\/bellunopress\",\"https:\\\/\\\/www.linkedin.com\\\/hp\\\/?dnr=JBzUWaJfMUw8vbXJJ2tVW5-I3jZKvC4wsoxE&amp;amp;amp;amp;amp;amp;trk=nav_responsive_tab_home\",\"https:\\\/\\\/www.youtube.com\\\/channel\\\/UCxL0wu1uN0_3_7hGG0306cw\"]},{\"@type\":\"Person\",\"@id\":\"https:\\\/\\\/www.bellunopress.it\\\/#\\\/schema\\\/person\\\/79bb06722b37ece1c03d3e94beb30d73\",\"name\":\"redazione\",\"image\":{\"@type\":\"ImageObject\",\"inLanguage\":\"fr-FR\",\"@id\":\"https:\\\/\\\/secure.gravatar.com\\\/avatar\\\/37d968a2e67a6fd04c169c4bdef102d0bc5d31b2546345219e348575eb80e9a0?s=96&d=mm&r=g\",\"url\":\"https:\\\/\\\/secure.gravatar.com\\\/avatar\\\/37d968a2e67a6fd04c169c4bdef102d0bc5d31b2546345219e348575eb80e9a0?s=96&d=mm&r=g\",\"contentUrl\":\"https:\\\/\\\/secure.gravatar.com\\\/avatar\\\/37d968a2e67a6fd04c169c4bdef102d0bc5d31b2546345219e348575eb80e9a0?s=96&d=mm&r=g\",\"caption\":\"redazione\"},\"sameAs\":[\"http:\\\/\\\/www.bellunopress.it\",\"https:\\\/\\\/x.com\\\/bellunopress\"],\"url\":\"https:\\\/\\\/www.bellunopress.it\\\/fr\\\/author\\\/redazione\\\/\"}]}<\/script>\n<!-- \/ Yoast SEO plugin. -->","yoast_head_json":{"title":"Mercoled\u00ec a Belluno apre La Piadineria, in via Vittorio Veneto 278 - Bellunopress - Dolomiti","robots":{"index":"index","follow":"follow","max-snippet":"max-snippet:-1","max-image-preview":"max-image-preview:large","max-video-preview":"max-video-preview:-1"},"canonical":"https:\/\/www.bellunopress.it\/fr\/2025\/09\/16\/mercoledi-a-belluno-apre-la-piadineria-in-via-vittorio-veneto-278\/","og_locale":"fr_FR","og_type":"article","og_title":"Mercoled\u00ec a Belluno apre La Piadineria, in via Vittorio Veneto 278 - Bellunopress - Dolomiti","og_description":"La Piadineria, la pi\u00f9 grande catena italiana della ristorazione veloce, apre mercoled\u00ec 17 settembre in via Vittorio Veneto, n. 278. Con oltre 490 ristoranti attivi in tutta Italia, la nuova apertura si inserisce in una strategia di crescita importante nel Veneto, dove sono gi\u00e0 presenti 44 punti vendita che impiegano oltre 300 persone e servono [&hellip;]","og_url":"https:\/\/www.bellunopress.it\/fr\/2025\/09\/16\/mercoledi-a-belluno-apre-la-piadineria-in-via-vittorio-veneto-278\/","og_site_name":"Bellunopress - Dolomiti","article_publisher":"https:\/\/www.facebook.com\/profile.php?id=100008943462799","article_published_time":"2025-09-16T15:37:18+00:00","og_image":[{"width":800,"height":533,"url":"https:\/\/www.bellunopress.it\/wp-content\/uploads\/2025\/09\/La-Piadineria-via-V-Veneto-BL.jpg","type":"image\/jpeg"}],"author":"redazione","twitter_card":"summary_large_image","twitter_creator":"@bellunopress","twitter_site":"@bellunopress","twitter_misc":{"Written by":"redazione","Est. reading time":"2 minutes"},"schema":{"@context":"https:\/\/schema.org","@graph":[{"@type":"Article","@id":"https:\/\/www.bellunopress.it\/2025\/09\/16\/mercoledi-a-belluno-apre-la-piadineria-in-via-vittorio-veneto-278\/#article","isPartOf":{"@id":"https:\/\/www.bellunopress.it\/2025\/09\/16\/mercoledi-a-belluno-apre-la-piadineria-in-via-vittorio-veneto-278\/"},"author":{"name":"redazione","@id":"https:\/\/www.bellunopress.it\/#\/schema\/person\/79bb06722b37ece1c03d3e94beb30d73"},"headline":"Mercoled\u00ec a Belluno apre La Piadineria, in via Vittorio Veneto 278","datePublished":"2025-09-16T15:37:18+00:00","mainEntityOfPage":{"@id":"https:\/\/www.bellunopress.it\/2025\/09\/16\/mercoledi-a-belluno-apre-la-piadineria-in-via-vittorio-veneto-278\/"},"wordCount":379,"publisher":{"@id":"https:\/\/www.bellunopress.it\/#organization"},"image":{"@id":"https:\/\/www.bellunopress.it\/2025\/09\/16\/mercoledi-a-belluno-apre-la-piadineria-in-via-vittorio-veneto-278\/#primaryimage"},"thumbnailUrl":"https:\/\/www.bellunopress.it\/wp-content\/uploads\/2025\/09\/La-Piadineria-via-V-Veneto-BL.jpg","articleSection":["Eventi enogastronomici","Prima Pagina"],"inLanguage":"fr-FR"},{"@type":"WebPage","@id":"https:\/\/www.bellunopress.it\/2025\/09\/16\/mercoledi-a-belluno-apre-la-piadineria-in-via-vittorio-veneto-278\/","url":"https:\/\/www.bellunopress.it\/2025\/09\/16\/mercoledi-a-belluno-apre-la-piadineria-in-via-vittorio-veneto-278\/","name":"Mercoled\u00ec a Belluno apre La Piadineria, in via Vittorio Veneto 278 - Bellunopress - Dolomiti","isPartOf":{"@id":"https:\/\/www.bellunopress.it\/#website"},"primaryImageOfPage":{"@id":"https:\/\/www.bellunopress.it\/2025\/09\/16\/mercoledi-a-belluno-apre-la-piadineria-in-via-vittorio-veneto-278\/#primaryimage"},"image":{"@id":"https:\/\/www.bellunopress.it\/2025\/09\/16\/mercoledi-a-belluno-apre-la-piadineria-in-via-vittorio-veneto-278\/#primaryimage"},"thumbnailUrl":"https:\/\/www.bellunopress.it\/wp-content\/uploads\/2025\/09\/La-Piadineria-via-V-Veneto-BL.jpg","datePublished":"2025-09-16T15:37:18+00:00","breadcrumb":{"@id":"https:\/\/www.bellunopress.it\/2025\/09\/16\/mercoledi-a-belluno-apre-la-piadineria-in-via-vittorio-veneto-278\/#breadcrumb"},"inLanguage":"fr-FR","potentialAction":[{"@type":"ReadAction","target":["https:\/\/www.bellunopress.it\/2025\/09\/16\/mercoledi-a-belluno-apre-la-piadineria-in-via-vittorio-veneto-278\/"]}]},{"@type":"ImageObject","inLanguage":"fr-FR","@id":"https:\/\/www.bellunopress.it\/2025\/09\/16\/mercoledi-a-belluno-apre-la-piadineria-in-via-vittorio-veneto-278\/#primaryimage","url":"https:\/\/www.bellunopress.it\/wp-content\/uploads\/2025\/09\/La-Piadineria-via-V-Veneto-BL.jpg","contentUrl":"https:\/\/www.bellunopress.it\/wp-content\/uploads\/2025\/09\/La-Piadineria-via-V-Veneto-BL.jpg","width":800,"height":533},{"@type":"BreadcrumbList","@id":"https:\/\/www.bellunopress.it\/2025\/09\/16\/mercoledi-a-belluno-apre-la-piadineria-in-via-vittorio-veneto-278\/#breadcrumb","itemListElement":[{"@type":"ListItem","position":1,"name":"Home","item":"https:\/\/www.bellunopress.it\/"},{"@type":"ListItem","position":2,"name":"Mercoled\u00ec a Belluno apre La Piadineria, in via Vittorio Veneto 278"}]},{"@type":"WebSite","@id":"https:\/\/www.bellunopress.it\/#website","url":"https:\/\/www.bellunopress.it\/","name":"Bellunopress - Dolomiti","description":"e-mail: redazione@bellunopress.it","publisher":{"@id":"https:\/\/www.bellunopress.it\/#organization"},"potentialAction":[{"@type":"SearchAction","target":{"@type":"EntryPoint","urlTemplate":"https:\/\/www.bellunopress.it\/?s={search_term_string}"},"query-input":{"@type":"PropertyValueSpecification","valueRequired":true,"valueName":"search_term_string"}}],"inLanguage":"fr-FR"},{"@type":"Organization","@id":"https:\/\/www.bellunopress.it\/#organization","name":"Bellunopress","url":"https:\/\/www.bellunopress.it\/","logo":{"@type":"ImageObject","inLanguage":"fr-FR","@id":"https:\/\/www.bellunopress.it\/#\/schema\/logo\/image\/","url":"https:\/\/www.bellunopress.it\/wp-content\/uploads\/2011\/05\/cropped-logo-bellunopress-.jpg","contentUrl":"https:\/\/www.bellunopress.it\/wp-content\/uploads\/2011\/05\/cropped-logo-bellunopress-.jpg","width":512,"height":512,"caption":"Bellunopress"},"image":{"@id":"https:\/\/www.bellunopress.it\/#\/schema\/logo\/image\/"},"sameAs":["https:\/\/www.facebook.com\/profile.php?id=100008943462799","https:\/\/x.com\/bellunopress","https:\/\/www.linkedin.com\/hp\/?dnr=JBzUWaJfMUw8vbXJJ2tVW5-I3jZKvC4wsoxE&amp;amp;amp;amp;amp;amp;trk=nav_responsive_tab_home","https:\/\/www.youtube.com\/channel\/UCxL0wu1uN0_3_7hGG0306cw"]},{"@type":"Person","@id":"https:\/\/www.bellunopress.it\/#\/schema\/person\/79bb06722b37ece1c03d3e94beb30d73","name":"r\u00e9daction","image":{"@type":"ImageObject","inLanguage":"fr-FR","@id":"https:\/\/secure.gravatar.com\/avatar\/37d968a2e67a6fd04c169c4bdef102d0bc5d31b2546345219e348575eb80e9a0?s=96&d=mm&r=g","url":"https:\/\/secure.gravatar.com\/avatar\/37d968a2e67a6fd04c169c4bdef102d0bc5d31b2546345219e348575eb80e9a0?s=96&d=mm&r=g","contentUrl":"https:\/\/secure.gravatar.com\/avatar\/37d968a2e67a6fd04c169c4bdef102d0bc5d31b2546345219e348575eb80e9a0?s=96&d=mm&r=g","caption":"redazione"},"sameAs":["http:\/\/www.bellunopress.it","https:\/\/x.com\/bellunopress"],"url":"https:\/\/www.bellunopress.it\/fr\/author\/redazione\/"}]}},"_links":{"self":[{"href":"https:\/\/www.bellunopress.it\/fr\/wp-json\/wp\/v2\/posts\/163345","targetHints":{"allow":["GET"]}}],"collection":[{"href":"https:\/\/www.bellunopress.it\/fr\/wp-json\/wp\/v2\/posts"}],"about":[{"href":"https:\/\/www.bellunopress.it\/fr\/wp-json\/wp\/v2\/types\/post"}],"author":[{"embeddable":true,"href":"https:\/\/www.bellunopress.it\/fr\/wp-json\/wp\/v2\/users\/2"}],"replies":[{"embeddable":true,"href":"https:\/\/www.bellunopress.it\/fr\/wp-json\/wp\/v2\/comments?post=163345"}],"version-history":[{"count":1,"href":"https:\/\/www.bellunopress.it\/fr\/wp-json\/wp\/v2\/posts\/163345\/revisions"}],"predecessor-version":[{"id":163348,"href":"https:\/\/www.bellunopress.it\/fr\/wp-json\/wp\/v2\/posts\/163345\/revisions\/163348"}],"wp:featuredmedia":[{"embeddable":true,"href":"https:\/\/www.bellunopress.it\/fr\/wp-json\/wp\/v2\/media\/163347"}],"wp:attachment":[{"href":"https:\/\/www.bellunopress.it\/fr\/wp-json\/wp\/v2\/media?parent=163345"}],"wp:term":[{"taxonomy":"category","embeddable":true,"href":"https:\/\/www.bellunopress.it\/fr\/wp-json\/wp\/v2\/categories?post=163345"},{"taxonomy":"post_tag","embeddable":true,"href":"https:\/\/www.bellunopress.it\/fr\/wp-json\/wp\/v2\/tags?post=163345"}],"curies":[{"name":"wp","href":"https:\/\/api.w.org\/{rel}","templated":true}]}}