{"id":163343,"date":"2025-09-16T15:59:45","date_gmt":"2025-09-16T13:59:45","guid":{"rendered":"https:\/\/www.bellunopress.it\/?p=163343"},"modified":"2025-09-16T15:59:45","modified_gmt":"2025-09-16T13:59:45","slug":"artigianato-dei-territori-arriva-a-borca-loro-bianco","status":"publish","type":"post","link":"https:\/\/www.bellunopress.it\/fr\/2025\/09\/16\/artigianato-dei-territori-arriva-a-borca-loro-bianco\/","title":{"rendered":"Artigianato dei territori. Arriva a Borca &#8220;L&#8217;oro bianco&#8221;"},"content":{"rendered":"<figure id=\"attachment_153466\" aria-describedby=\"caption-attachment-153466\" style=\"width: 1000px\" class=\"wp-caption aligncenter\"><img loading=\"lazy\" decoding=\"async\" class=\"size-full wp-image-153466\" src=\"https:\/\/www.bellunopress.it\/wp-content\/uploads\/2024\/08\/hotel-boite-borca-di-cadore_edited.jpg\" alt=\"\" width=\"1000\" height=\"683\" srcset=\"https:\/\/www.bellunopress.it\/wp-content\/uploads\/2024\/08\/hotel-boite-borca-di-cadore_edited.jpg 1000w, https:\/\/www.bellunopress.it\/wp-content\/uploads\/2024\/08\/hotel-boite-borca-di-cadore_edited-500x342.jpg 500w, https:\/\/www.bellunopress.it\/wp-content\/uploads\/2024\/08\/hotel-boite-borca-di-cadore_edited-615x420.jpg 615w, https:\/\/www.bellunopress.it\/wp-content\/uploads\/2024\/08\/hotel-boite-borca-di-cadore_edited-218x150.jpg 218w, https:\/\/www.bellunopress.it\/wp-content\/uploads\/2024\/08\/hotel-boite-borca-di-cadore_edited-696x475.jpg 696w\" sizes=\"auto, (max-width: 1000px) 100vw, 1000px\" \/><figcaption id=\"caption-attachment-153466\" class=\"wp-caption-text\">Hotel Boite &#8211; Borca di Cadore<\/figcaption><\/figure>\n<p><strong>Venerd\u00ec 19 settembre all&#8217;Hotel Boite l&#8217;ultimo appuntamento de Le nuove Dolomiti<\/strong><\/p>\n<p>L&#8217;artigianato di qualit\u00e0 dei territori olimpici sar\u00e0 il protagonista dell&#8217;ultimo appuntamento della rassegna estiva \u201cLe nuove Dolomiti\u201d all&#8217;Hotel Boite di Borca di Cadore: venerd\u00ec 19 settembre dalle 18.30 nella Gellner Lounge si parler\u00e0 infatti del ruolo dell&#8217;artigianato come voce dei territori tra memoria, identit\u00e0, tradizione e innovazione. &#8220;Oro bianco &#8211; Alto Artigianato dai territori delle Olimpiadi 2026&#8221; \u00e8 infatti il titolo dell&#8217;incontro organizzato da Welcome Dolomiti con Corte delle Dolomiti.<\/p>\n<p>La serata prende il nome dalla mostra ospitata a Palazzo Guarnieri a Feltre nello scorso mese di giugno, in occasione dell&#8217;ultima edizione della Mostra dell&#8217;Artigianato artistico e tradizionale; l\u00ec si \u00e8 potuto ammirare la capacit\u00e0 di artigiani e Maestri d&#8217;Arte arrivati da tutti i territori coinvolti dalle imminenti Olimpiadi Invernali di Milano Cortina 2026: i ricami di alta moda milanese, il tar-kashi ampezzano, gli arazzi contemporanei della Val Pusteria, le installazioni sonore della Val di Fiemme, gli alberi in ceramica e le sculture lignee di Livigno, il marmo rosso veronese.<\/p>\n<p>Il progetto ha visto il patrocinio della Mostra dell&#8217;Artigianato di Feltre e del MAB Monte Grappa, con la collaborazione di Confartigianato Trento e con l\u2019allestimento multimediale curato da Stefano Viero di Fabbrica Lumi\u00e8re.<\/p>\n<p>A raccontare &#8211; insieme alle moderatrice Katia Tafner &#8211; il significato della mostra e il ruolo dell&#8217;artigianato per i territori saranno due delle protagoniste di \u201cOro bianco\u201d: la curatrice della mostra Federica Preto, che racconter\u00e0 genesi e sviluppi del progetto, e Linda Richieri, ceramista titolare di ELEL Ceramic Art, che sar\u00e0 presente con la sua installazione dedicata al Bosco dei Violini.<\/p>\n<p>\u00abOgni creazione della mostra si \u00e8 fatta ambasciatrice di un territorio, unendo memoria, cultura e innovazione\u00bb, spiega Preto, che anticipa: \u00abQuesta serata sar\u00e0 l&#8217;occasione per condividere processi, visioni e prospettive, raccontando come il progetto abbia intrecciato paesaggio, arte e saper fare in un dialogo corale tra le comunit\u00e0 alpine e urbane coinvolte\u00bb.<\/p>","protected":false},"excerpt":{"rendered":"<p>Venerd\u00ec 19 settembre all&#8217;Hotel Boite l&#8217;ultimo appuntamento de Le nuove Dolomiti L&#8217;artigianato di qualit\u00e0 dei territori olimpici sar\u00e0 il protagonista dell&#8217;ultimo appuntamento della rassegna estiva \u201cLe nuove Dolomiti\u201d all&#8217;Hotel Boite di Borca di Cadore: venerd\u00ec 19 settembre dalle 18.30 nella Gellner Lounge si parler\u00e0 infatti del ruolo dell&#8217;artigianato come voce dei territori tra memoria, identit\u00e0, [&hellip;]<\/p>\n","protected":false},"author":2,"featured_media":153466,"comment_status":"closed","ping_status":"open","sticky":false,"template":"","format":"standard","meta":{"footnotes":""},"categories":[27,25],"tags":[],"class_list":["post-163343","post","type-post","status-publish","format-standard","has-post-thumbnail","category-appuntamenti","category-pausa-caffe"],"yoast_head":"<!-- This site is optimized with the Yoast SEO plugin v28.4 - https:\/\/yoast.com\/product\/yoast-seo-wordpress\/ -->\n<title>Artigianato dei territori. Arriva a Borca &quot;L&#039;oro bianco&quot; - Bellunopress - Dolomiti<\/title>\n<meta name=\"robots\" content=\"index, follow, max-snippet:-1, max-image-preview:large, max-video-preview:-1\" \/>\n<link rel=\"canonical\" href=\"https:\/\/www.bellunopress.it\/fr\/2025\/09\/16\/artigianato-dei-territori-arriva-a-borca-loro-bianco\/\" \/>\n<meta property=\"og:locale\" content=\"fr_FR\" \/>\n<meta property=\"og:type\" content=\"article\" \/>\n<meta property=\"og:title\" content=\"Artigianato dei territori. Arriva a Borca &quot;L&#039;oro bianco&quot; - Bellunopress - Dolomiti\" \/>\n<meta property=\"og:description\" content=\"Venerd\u00ec 19 settembre all&#8217;Hotel Boite l&#8217;ultimo appuntamento de Le nuove Dolomiti L&#8217;artigianato di qualit\u00e0 dei territori olimpici sar\u00e0 il protagonista dell&#8217;ultimo appuntamento della rassegna estiva \u201cLe nuove Dolomiti\u201d all&#8217;Hotel Boite di Borca di Cadore: venerd\u00ec 19 settembre dalle 18.30 nella Gellner Lounge si parler\u00e0 infatti del ruolo dell&#8217;artigianato come voce dei territori tra memoria, identit\u00e0, [&hellip;]\" \/>\n<meta property=\"og:url\" content=\"https:\/\/www.bellunopress.it\/fr\/2025\/09\/16\/artigianato-dei-territori-arriva-a-borca-loro-bianco\/\" \/>\n<meta property=\"og:site_name\" content=\"Bellunopress - Dolomiti\" \/>\n<meta property=\"article:publisher\" content=\"https:\/\/www.facebook.com\/profile.php?id=100008943462799\" \/>\n<meta property=\"article:published_time\" content=\"2025-09-16T13:59:45+00:00\" \/>\n<meta property=\"og:image\" content=\"https:\/\/www.bellunopress.it\/wp-content\/uploads\/2024\/08\/hotel-boite-borca-di-cadore_edited.jpg\" \/>\n\t<meta property=\"og:image:width\" content=\"1000\" \/>\n\t<meta property=\"og:image:height\" content=\"683\" \/>\n\t<meta property=\"og:image:type\" content=\"image\/jpeg\" \/>\n<meta name=\"author\" content=\"redazione\" \/>\n<meta name=\"twitter:card\" content=\"summary_large_image\" \/>\n<meta name=\"twitter:creator\" content=\"@bellunopress\" \/>\n<meta name=\"twitter:site\" content=\"@bellunopress\" \/>\n<meta name=\"twitter:label1\" content=\"Written by\" \/>\n\t<meta name=\"twitter:data1\" content=\"redazione\" \/>\n\t<meta name=\"twitter:label2\" content=\"Est. reading time\" \/>\n\t<meta name=\"twitter:data2\" content=\"2 minutes\" \/>\n<script type=\"application\/ld+json\" class=\"yoast-schema-graph\">{\"@context\":\"https:\\\/\\\/schema.org\",\"@graph\":[{\"@type\":\"Article\",\"@id\":\"https:\\\/\\\/www.bellunopress.it\\\/2025\\\/09\\\/16\\\/artigianato-dei-territori-arriva-a-borca-loro-bianco\\\/#article\",\"isPartOf\":{\"@id\":\"https:\\\/\\\/www.bellunopress.it\\\/2025\\\/09\\\/16\\\/artigianato-dei-territori-arriva-a-borca-loro-bianco\\\/\"},\"author\":{\"name\":\"redazione\",\"@id\":\"https:\\\/\\\/www.bellunopress.it\\\/#\\\/schema\\\/person\\\/79bb06722b37ece1c03d3e94beb30d73\"},\"headline\":\"Artigianato dei territori. Arriva a Borca &#8220;L&#8217;oro bianco&#8221;\",\"datePublished\":\"2025-09-16T13:59:45+00:00\",\"mainEntityOfPage\":{\"@id\":\"https:\\\/\\\/www.bellunopress.it\\\/2025\\\/09\\\/16\\\/artigianato-dei-territori-arriva-a-borca-loro-bianco\\\/\"},\"wordCount\":346,\"publisher\":{\"@id\":\"https:\\\/\\\/www.bellunopress.it\\\/#organization\"},\"image\":{\"@id\":\"https:\\\/\\\/www.bellunopress.it\\\/2025\\\/09\\\/16\\\/artigianato-dei-territori-arriva-a-borca-loro-bianco\\\/#primaryimage\"},\"thumbnailUrl\":\"https:\\\/\\\/www.bellunopress.it\\\/wp-content\\\/uploads\\\/2024\\\/08\\\/hotel-boite-borca-di-cadore_edited.jpg\",\"articleSection\":[\"Appuntamenti, Eventi\",\"Pausa Caff\u00e8\"],\"inLanguage\":\"fr-FR\"},{\"@type\":\"WebPage\",\"@id\":\"https:\\\/\\\/www.bellunopress.it\\\/2025\\\/09\\\/16\\\/artigianato-dei-territori-arriva-a-borca-loro-bianco\\\/\",\"url\":\"https:\\\/\\\/www.bellunopress.it\\\/2025\\\/09\\\/16\\\/artigianato-dei-territori-arriva-a-borca-loro-bianco\\\/\",\"name\":\"Artigianato dei territori. Arriva a Borca \\\"L'oro bianco\\\" - Bellunopress - Dolomiti\",\"isPartOf\":{\"@id\":\"https:\\\/\\\/www.bellunopress.it\\\/#website\"},\"primaryImageOfPage\":{\"@id\":\"https:\\\/\\\/www.bellunopress.it\\\/2025\\\/09\\\/16\\\/artigianato-dei-territori-arriva-a-borca-loro-bianco\\\/#primaryimage\"},\"image\":{\"@id\":\"https:\\\/\\\/www.bellunopress.it\\\/2025\\\/09\\\/16\\\/artigianato-dei-territori-arriva-a-borca-loro-bianco\\\/#primaryimage\"},\"thumbnailUrl\":\"https:\\\/\\\/www.bellunopress.it\\\/wp-content\\\/uploads\\\/2024\\\/08\\\/hotel-boite-borca-di-cadore_edited.jpg\",\"datePublished\":\"2025-09-16T13:59:45+00:00\",\"breadcrumb\":{\"@id\":\"https:\\\/\\\/www.bellunopress.it\\\/2025\\\/09\\\/16\\\/artigianato-dei-territori-arriva-a-borca-loro-bianco\\\/#breadcrumb\"},\"inLanguage\":\"fr-FR\",\"potentialAction\":[{\"@type\":\"ReadAction\",\"target\":[\"https:\\\/\\\/www.bellunopress.it\\\/2025\\\/09\\\/16\\\/artigianato-dei-territori-arriva-a-borca-loro-bianco\\\/\"]}]},{\"@type\":\"ImageObject\",\"inLanguage\":\"fr-FR\",\"@id\":\"https:\\\/\\\/www.bellunopress.it\\\/2025\\\/09\\\/16\\\/artigianato-dei-territori-arriva-a-borca-loro-bianco\\\/#primaryimage\",\"url\":\"https:\\\/\\\/www.bellunopress.it\\\/wp-content\\\/uploads\\\/2024\\\/08\\\/hotel-boite-borca-di-cadore_edited.jpg\",\"contentUrl\":\"https:\\\/\\\/www.bellunopress.it\\\/wp-content\\\/uploads\\\/2024\\\/08\\\/hotel-boite-borca-di-cadore_edited.jpg\",\"width\":1000,\"height\":683,\"caption\":\"Hotel Boite - Borca di Cadore\"},{\"@type\":\"BreadcrumbList\",\"@id\":\"https:\\\/\\\/www.bellunopress.it\\\/2025\\\/09\\\/16\\\/artigianato-dei-territori-arriva-a-borca-loro-bianco\\\/#breadcrumb\",\"itemListElement\":[{\"@type\":\"ListItem\",\"position\":1,\"name\":\"Home\",\"item\":\"https:\\\/\\\/www.bellunopress.it\\\/\"},{\"@type\":\"ListItem\",\"position\":2,\"name\":\"Artigianato dei territori. Arriva a Borca &#8220;L&#8217;oro bianco&#8221;\"}]},{\"@type\":\"WebSite\",\"@id\":\"https:\\\/\\\/www.bellunopress.it\\\/#website\",\"url\":\"https:\\\/\\\/www.bellunopress.it\\\/\",\"name\":\"Bellunopress - Dolomiti\",\"description\":\"e-mail: redazione@bellunopress.it\",\"publisher\":{\"@id\":\"https:\\\/\\\/www.bellunopress.it\\\/#organization\"},\"potentialAction\":[{\"@type\":\"SearchAction\",\"target\":{\"@type\":\"EntryPoint\",\"urlTemplate\":\"https:\\\/\\\/www.bellunopress.it\\\/?s={search_term_string}\"},\"query-input\":{\"@type\":\"PropertyValueSpecification\",\"valueRequired\":true,\"valueName\":\"search_term_string\"}}],\"inLanguage\":\"fr-FR\"},{\"@type\":\"Organization\",\"@id\":\"https:\\\/\\\/www.bellunopress.it\\\/#organization\",\"name\":\"Bellunopress\",\"url\":\"https:\\\/\\\/www.bellunopress.it\\\/\",\"logo\":{\"@type\":\"ImageObject\",\"inLanguage\":\"fr-FR\",\"@id\":\"https:\\\/\\\/www.bellunopress.it\\\/#\\\/schema\\\/logo\\\/image\\\/\",\"url\":\"https:\\\/\\\/www.bellunopress.it\\\/wp-content\\\/uploads\\\/2011\\\/05\\\/cropped-logo-bellunopress-.jpg\",\"contentUrl\":\"https:\\\/\\\/www.bellunopress.it\\\/wp-content\\\/uploads\\\/2011\\\/05\\\/cropped-logo-bellunopress-.jpg\",\"width\":512,\"height\":512,\"caption\":\"Bellunopress\"},\"image\":{\"@id\":\"https:\\\/\\\/www.bellunopress.it\\\/#\\\/schema\\\/logo\\\/image\\\/\"},\"sameAs\":[\"https:\\\/\\\/www.facebook.com\\\/profile.php?id=100008943462799\",\"https:\\\/\\\/x.com\\\/bellunopress\",\"https:\\\/\\\/www.linkedin.com\\\/hp\\\/?dnr=JBzUWaJfMUw8vbXJJ2tVW5-I3jZKvC4wsoxE&amp;amp;amp;amp;amp;amp;trk=nav_responsive_tab_home\",\"https:\\\/\\\/www.youtube.com\\\/channel\\\/UCxL0wu1uN0_3_7hGG0306cw\"]},{\"@type\":\"Person\",\"@id\":\"https:\\\/\\\/www.bellunopress.it\\\/#\\\/schema\\\/person\\\/79bb06722b37ece1c03d3e94beb30d73\",\"name\":\"redazione\",\"image\":{\"@type\":\"ImageObject\",\"inLanguage\":\"fr-FR\",\"@id\":\"https:\\\/\\\/secure.gravatar.com\\\/avatar\\\/37d968a2e67a6fd04c169c4bdef102d0bc5d31b2546345219e348575eb80e9a0?s=96&d=mm&r=g\",\"url\":\"https:\\\/\\\/secure.gravatar.com\\\/avatar\\\/37d968a2e67a6fd04c169c4bdef102d0bc5d31b2546345219e348575eb80e9a0?s=96&d=mm&r=g\",\"contentUrl\":\"https:\\\/\\\/secure.gravatar.com\\\/avatar\\\/37d968a2e67a6fd04c169c4bdef102d0bc5d31b2546345219e348575eb80e9a0?s=96&d=mm&r=g\",\"caption\":\"redazione\"},\"sameAs\":[\"http:\\\/\\\/www.bellunopress.it\",\"https:\\\/\\\/x.com\\\/bellunopress\"],\"url\":\"https:\\\/\\\/www.bellunopress.it\\\/fr\\\/author\\\/redazione\\\/\"}]}<\/script>\n<!-- \/ Yoast SEO plugin. -->","yoast_head_json":{"title":"Artigianato dei territori. Arriva a Borca \"L'oro bianco\" - Bellunopress - Dolomiti","robots":{"index":"index","follow":"follow","max-snippet":"max-snippet:-1","max-image-preview":"max-image-preview:large","max-video-preview":"max-video-preview:-1"},"canonical":"https:\/\/www.bellunopress.it\/fr\/2025\/09\/16\/artigianato-dei-territori-arriva-a-borca-loro-bianco\/","og_locale":"fr_FR","og_type":"article","og_title":"Artigianato dei territori. Arriva a Borca \"L'oro bianco\" - Bellunopress - Dolomiti","og_description":"Venerd\u00ec 19 settembre all&#8217;Hotel Boite l&#8217;ultimo appuntamento de Le nuove Dolomiti L&#8217;artigianato di qualit\u00e0 dei territori olimpici sar\u00e0 il protagonista dell&#8217;ultimo appuntamento della rassegna estiva \u201cLe nuove Dolomiti\u201d all&#8217;Hotel Boite di Borca di Cadore: venerd\u00ec 19 settembre dalle 18.30 nella Gellner Lounge si parler\u00e0 infatti del ruolo dell&#8217;artigianato come voce dei territori tra memoria, identit\u00e0, [&hellip;]","og_url":"https:\/\/www.bellunopress.it\/fr\/2025\/09\/16\/artigianato-dei-territori-arriva-a-borca-loro-bianco\/","og_site_name":"Bellunopress - Dolomiti","article_publisher":"https:\/\/www.facebook.com\/profile.php?id=100008943462799","article_published_time":"2025-09-16T13:59:45+00:00","og_image":[{"width":1000,"height":683,"url":"https:\/\/www.bellunopress.it\/wp-content\/uploads\/2024\/08\/hotel-boite-borca-di-cadore_edited.jpg","type":"image\/jpeg"}],"author":"redazione","twitter_card":"summary_large_image","twitter_creator":"@bellunopress","twitter_site":"@bellunopress","twitter_misc":{"Written by":"redazione","Est. reading time":"2 minutes"},"schema":{"@context":"https:\/\/schema.org","@graph":[{"@type":"Article","@id":"https:\/\/www.bellunopress.it\/2025\/09\/16\/artigianato-dei-territori-arriva-a-borca-loro-bianco\/#article","isPartOf":{"@id":"https:\/\/www.bellunopress.it\/2025\/09\/16\/artigianato-dei-territori-arriva-a-borca-loro-bianco\/"},"author":{"name":"redazione","@id":"https:\/\/www.bellunopress.it\/#\/schema\/person\/79bb06722b37ece1c03d3e94beb30d73"},"headline":"Artigianato dei territori. Arriva a Borca &#8220;L&#8217;oro bianco&#8221;","datePublished":"2025-09-16T13:59:45+00:00","mainEntityOfPage":{"@id":"https:\/\/www.bellunopress.it\/2025\/09\/16\/artigianato-dei-territori-arriva-a-borca-loro-bianco\/"},"wordCount":346,"publisher":{"@id":"https:\/\/www.bellunopress.it\/#organization"},"image":{"@id":"https:\/\/www.bellunopress.it\/2025\/09\/16\/artigianato-dei-territori-arriva-a-borca-loro-bianco\/#primaryimage"},"thumbnailUrl":"https:\/\/www.bellunopress.it\/wp-content\/uploads\/2024\/08\/hotel-boite-borca-di-cadore_edited.jpg","articleSection":["Appuntamenti, Eventi","Pausa Caff\u00e8"],"inLanguage":"fr-FR"},{"@type":"WebPage","@id":"https:\/\/www.bellunopress.it\/2025\/09\/16\/artigianato-dei-territori-arriva-a-borca-loro-bianco\/","url":"https:\/\/www.bellunopress.it\/2025\/09\/16\/artigianato-dei-territori-arriva-a-borca-loro-bianco\/","name":"Artigianato dei territori. Arriva a Borca \"L'oro bianco\" - Bellunopress - Dolomiti","isPartOf":{"@id":"https:\/\/www.bellunopress.it\/#website"},"primaryImageOfPage":{"@id":"https:\/\/www.bellunopress.it\/2025\/09\/16\/artigianato-dei-territori-arriva-a-borca-loro-bianco\/#primaryimage"},"image":{"@id":"https:\/\/www.bellunopress.it\/2025\/09\/16\/artigianato-dei-territori-arriva-a-borca-loro-bianco\/#primaryimage"},"thumbnailUrl":"https:\/\/www.bellunopress.it\/wp-content\/uploads\/2024\/08\/hotel-boite-borca-di-cadore_edited.jpg","datePublished":"2025-09-16T13:59:45+00:00","breadcrumb":{"@id":"https:\/\/www.bellunopress.it\/2025\/09\/16\/artigianato-dei-territori-arriva-a-borca-loro-bianco\/#breadcrumb"},"inLanguage":"fr-FR","potentialAction":[{"@type":"ReadAction","target":["https:\/\/www.bellunopress.it\/2025\/09\/16\/artigianato-dei-territori-arriva-a-borca-loro-bianco\/"]}]},{"@type":"ImageObject","inLanguage":"fr-FR","@id":"https:\/\/www.bellunopress.it\/2025\/09\/16\/artigianato-dei-territori-arriva-a-borca-loro-bianco\/#primaryimage","url":"https:\/\/www.bellunopress.it\/wp-content\/uploads\/2024\/08\/hotel-boite-borca-di-cadore_edited.jpg","contentUrl":"https:\/\/www.bellunopress.it\/wp-content\/uploads\/2024\/08\/hotel-boite-borca-di-cadore_edited.jpg","width":1000,"height":683,"caption":"Hotel Boite - Borca di Cadore"},{"@type":"BreadcrumbList","@id":"https:\/\/www.bellunopress.it\/2025\/09\/16\/artigianato-dei-territori-arriva-a-borca-loro-bianco\/#breadcrumb","itemListElement":[{"@type":"ListItem","position":1,"name":"Home","item":"https:\/\/www.bellunopress.it\/"},{"@type":"ListItem","position":2,"name":"Artigianato dei territori. Arriva a Borca &#8220;L&#8217;oro bianco&#8221;"}]},{"@type":"WebSite","@id":"https:\/\/www.bellunopress.it\/#website","url":"https:\/\/www.bellunopress.it\/","name":"Bellunopress - Dolomiti","description":"e-mail: redazione@bellunopress.it","publisher":{"@id":"https:\/\/www.bellunopress.it\/#organization"},"potentialAction":[{"@type":"SearchAction","target":{"@type":"EntryPoint","urlTemplate":"https:\/\/www.bellunopress.it\/?s={search_term_string}"},"query-input":{"@type":"PropertyValueSpecification","valueRequired":true,"valueName":"search_term_string"}}],"inLanguage":"fr-FR"},{"@type":"Organization","@id":"https:\/\/www.bellunopress.it\/#organization","name":"Bellunopress","url":"https:\/\/www.bellunopress.it\/","logo":{"@type":"ImageObject","inLanguage":"fr-FR","@id":"https:\/\/www.bellunopress.it\/#\/schema\/logo\/image\/","url":"https:\/\/www.bellunopress.it\/wp-content\/uploads\/2011\/05\/cropped-logo-bellunopress-.jpg","contentUrl":"https:\/\/www.bellunopress.it\/wp-content\/uploads\/2011\/05\/cropped-logo-bellunopress-.jpg","width":512,"height":512,"caption":"Bellunopress"},"image":{"@id":"https:\/\/www.bellunopress.it\/#\/schema\/logo\/image\/"},"sameAs":["https:\/\/www.facebook.com\/profile.php?id=100008943462799","https:\/\/x.com\/bellunopress","https:\/\/www.linkedin.com\/hp\/?dnr=JBzUWaJfMUw8vbXJJ2tVW5-I3jZKvC4wsoxE&amp;amp;amp;amp;amp;amp;trk=nav_responsive_tab_home","https:\/\/www.youtube.com\/channel\/UCxL0wu1uN0_3_7hGG0306cw"]},{"@type":"Person","@id":"https:\/\/www.bellunopress.it\/#\/schema\/person\/79bb06722b37ece1c03d3e94beb30d73","name":"r\u00e9daction","image":{"@type":"ImageObject","inLanguage":"fr-FR","@id":"https:\/\/secure.gravatar.com\/avatar\/37d968a2e67a6fd04c169c4bdef102d0bc5d31b2546345219e348575eb80e9a0?s=96&d=mm&r=g","url":"https:\/\/secure.gravatar.com\/avatar\/37d968a2e67a6fd04c169c4bdef102d0bc5d31b2546345219e348575eb80e9a0?s=96&d=mm&r=g","contentUrl":"https:\/\/secure.gravatar.com\/avatar\/37d968a2e67a6fd04c169c4bdef102d0bc5d31b2546345219e348575eb80e9a0?s=96&d=mm&r=g","caption":"redazione"},"sameAs":["http:\/\/www.bellunopress.it","https:\/\/x.com\/bellunopress"],"url":"https:\/\/www.bellunopress.it\/fr\/author\/redazione\/"}]}},"_links":{"self":[{"href":"https:\/\/www.bellunopress.it\/fr\/wp-json\/wp\/v2\/posts\/163343","targetHints":{"allow":["GET"]}}],"collection":[{"href":"https:\/\/www.bellunopress.it\/fr\/wp-json\/wp\/v2\/posts"}],"about":[{"href":"https:\/\/www.bellunopress.it\/fr\/wp-json\/wp\/v2\/types\/post"}],"author":[{"embeddable":true,"href":"https:\/\/www.bellunopress.it\/fr\/wp-json\/wp\/v2\/users\/2"}],"replies":[{"embeddable":true,"href":"https:\/\/www.bellunopress.it\/fr\/wp-json\/wp\/v2\/comments?post=163343"}],"version-history":[{"count":1,"href":"https:\/\/www.bellunopress.it\/fr\/wp-json\/wp\/v2\/posts\/163343\/revisions"}],"predecessor-version":[{"id":163344,"href":"https:\/\/www.bellunopress.it\/fr\/wp-json\/wp\/v2\/posts\/163343\/revisions\/163344"}],"wp:featuredmedia":[{"embeddable":true,"href":"https:\/\/www.bellunopress.it\/fr\/wp-json\/wp\/v2\/media\/153466"}],"wp:attachment":[{"href":"https:\/\/www.bellunopress.it\/fr\/wp-json\/wp\/v2\/media?parent=163343"}],"wp:term":[{"taxonomy":"category","embeddable":true,"href":"https:\/\/www.bellunopress.it\/fr\/wp-json\/wp\/v2\/categories?post=163343"},{"taxonomy":"post_tag","embeddable":true,"href":"https:\/\/www.bellunopress.it\/fr\/wp-json\/wp\/v2\/tags?post=163343"}],"curies":[{"name":"wp","href":"https:\/\/api.w.org\/{rel}","templated":true}]}}