{"id":163341,"date":"2025-09-16T12:46:51","date_gmt":"2025-09-16T10:46:51","guid":{"rendered":"https:\/\/www.bellunopress.it\/?p=163341"},"modified":"2025-09-16T12:46:51","modified_gmt":"2025-09-16T10:46:51","slug":"pordenonelegge-al-via-il-programma-di-mercoledi-17-settembre","status":"publish","type":"post","link":"https:\/\/www.bellunopress.it\/fr\/2025\/09\/16\/pordenonelegge-al-via-il-programma-di-mercoledi-17-settembre\/","title":{"rendered":"Pordenonelegge al via, il programma di mercoled\u00ec 17 settembre"},"content":{"rendered":"<div>\n<div><img loading=\"lazy\" decoding=\"async\" class=\"aligncenter size-full wp-image-162598\" src=\"https:\/\/www.bellunopress.it\/wp-content\/uploads\/2025\/08\/Pordenonelegge.jpg\" alt=\"\" width=\"720\" height=\"306\" srcset=\"https:\/\/www.bellunopress.it\/wp-content\/uploads\/2025\/08\/Pordenonelegge.jpg 720w, https:\/\/www.bellunopress.it\/wp-content\/uploads\/2025\/08\/Pordenonelegge-500x213.jpg 500w, https:\/\/www.bellunopress.it\/wp-content\/uploads\/2025\/08\/Pordenonelegge-696x296.jpg 696w\" sizes=\"auto, (max-width: 720px) 100vw, 720px\" \/>Al via domani, mercoled\u00ec 17 settembre, la 26^ edizione di pordenonelegge Festa del libro e della libert\u00e0.<\/div>\n<div>\n<div><span>L&#8217;Europa in dialogo\u00a0e\u00a0667 voci internazionali\u00a0del pensiero del nostro tempo,\u00a0400 eventi in 5 giorni, in\u00a051 sedi di incontro\u00a0(44 solo domani) e l<\/span>&#8216;Europa\u00a0sar\u00e0 anche scenografia speciale della citt\u00e0.<\/div>\n<div><\/div>\n<div><span>L&#8217;attivista e avvocata iraniana\u00a0Shirin Ebadi,\u00a0Premio Nobel per la pace 2003, inaugurer\u00e0 il festival con un dialogo dedicato al suo ultimo libro,\u00a0Finch\u00e8 non saremo liberi. Iran, la mia lotta per i diritti umani\u00a0(Bompiani), condotto dalla giornalista\u00a0Elena Testi.\u00a0<\/span><\/div>\n<div><span>Appuntamento\u00a0alle 18.30 al Teatro Verdi\u00a0di Pordenone per l&#8217;evento che vedr\u00e0 protagonista una figura iconica del nostro tempo:\u00a0Shirin Ebadi\u00a0ha ispirato milioni di persone nel mondo con il suo impegno da avvocato per i diritti umani, difendendo soprattutto le donne e i bambini dal brutale regime iraniano.\u00a0<\/span><\/div>\n<div><span>\u00a0<\/span><\/div>\n<div><span>Pordenonelegge 2025 diventa cos\u00ec lo specchio dell&#8217;agitazione che percorre globalmente il mondo:\u00a0delle sue tensioni e delle sue speranze, del suo slancio creativo e delle sue inquietudini.\u00a0<\/span><\/div>\n<div><span>\u00a0<\/span><\/div>\n<div><span>Il\u00a0focus geopolitico\u00a0si completa con il dialogo su\u00a0Realpolitik. Il disordine mondiale e le minacce per l&#8217;Italia, protagonista il presidente ISPI\u00a0Giampiero Massolo, in dialogo con il presidente di Fondazione Pordenonelegge\u00a0Michelangelo Agrusti\u00a0e con due grandi novit\u00e0:\u00a0La Cina ha vinto, l&#8217;ultima riflessione dell&#8217;esperto di geopolitica\u00a0Alessandro Aresu, e\u00a0Il nemico. Elon Musk e l&#8217;assalto al tecnocapitalismo e alla democrazia, di\u00a0Stefano Feltri.\u00a0<\/span><\/div>\n<div><span>\u00a0<\/span><\/div>\n<div><span>Al festival domani\u00a0due grandi anteprime:\u00a0Scr\u00f9gulus in Re Vere Mir\u00e0bili, avventura di\u00a0zio Paperone\u00a0pubblicata da Giunti, rilancia la &#8220;questione&#8221; del latino grazie anche alla prefazione del &#8220;prof&#8221;\u00a0Andrea Maggi.\u00a0<\/span><\/div>\n<div><span>E l&#8217;epidemiologo\u00a0Franco Berrino\u00a0per la prima volta presenta\u00a0Il nemico invisibile, vademecum di resistenza alimentare\u00a0(Solferino).<\/span><\/div>\n<div><span><br \/>\nLibri e\u00a0sport\u00a0con\u00a0Riccardo Patrese, libri e\u00a0cibo\u00a0con\u00a0Fabrizio Nonis\u00a0e pordenononelegge\u00a0Junior&amp; Young, al via domani alle 9.00!<\/span><\/div>\n<div><\/div>\n<div><a href=\"https:\/\/app.getresponse.com\/click.html?x=a62b&amp;co=Bjx2iO&amp;lc=hs106M&amp;mc=Cm&amp;s=BGxoG0C&amp;u=zliGG&amp;z=EM58Z6&amp;\" target=\"_blank\" rel=\"noopener noreferrer\">Qui<\/a>\u00a0il programma completo di\u00a0mercoled\u00ec 17 settembre.<\/div>\n<\/div>\n<\/div>","protected":false},"excerpt":{"rendered":"<p>Al via domani, mercoled\u00ec 17 settembre, la 26^ edizione di pordenonelegge Festa del libro e della libert\u00e0. L&#8217;Europa in dialogo\u00a0e\u00a0667 voci internazionali\u00a0del pensiero del nostro tempo,\u00a0400 eventi in 5 giorni, in\u00a051 sedi di incontro\u00a0(44 solo domani) e l&#8216;Europa\u00a0sar\u00e0 anche scenografia speciale della citt\u00e0. L&#8217;attivista e avvocata iraniana\u00a0Shirin Ebadi,\u00a0Premio Nobel per la pace 2003, inaugurer\u00e0 il [&hellip;]<\/p>\n","protected":false},"author":2,"featured_media":162598,"comment_status":"closed","ping_status":"open","sticky":false,"template":"","format":"standard","meta":{"footnotes":""},"categories":[3394,25],"tags":[],"class_list":["post-163341","post","type-post","status-publish","format-standard","has-post-thumbnail","category-cultura-e-spettacoli-fuori-provincia","category-pausa-caffe"],"yoast_head":"<!-- This site is optimized with the Yoast SEO plugin v28.4 - https:\/\/yoast.com\/product\/yoast-seo-wordpress\/ -->\n<title>Pordenonelegge al via, il programma di mercoled\u00ec 17 settembre - Bellunopress - Dolomiti<\/title>\n<meta name=\"robots\" content=\"index, follow, max-snippet:-1, max-image-preview:large, max-video-preview:-1\" \/>\n<link rel=\"canonical\" href=\"https:\/\/www.bellunopress.it\/fr\/2025\/09\/16\/pordenonelegge-al-via-il-programma-di-mercoledi-17-settembre\/\" \/>\n<meta property=\"og:locale\" content=\"fr_FR\" \/>\n<meta property=\"og:type\" content=\"article\" \/>\n<meta property=\"og:title\" content=\"Pordenonelegge al via, il programma di mercoled\u00ec 17 settembre - Bellunopress - Dolomiti\" \/>\n<meta property=\"og:description\" content=\"Al via domani, mercoled\u00ec 17 settembre, la 26^ edizione di pordenonelegge Festa del libro e della libert\u00e0. L&#8217;Europa in dialogo\u00a0e\u00a0667 voci internazionali\u00a0del pensiero del nostro tempo,\u00a0400 eventi in 5 giorni, in\u00a051 sedi di incontro\u00a0(44 solo domani) e l&#8216;Europa\u00a0sar\u00e0 anche scenografia speciale della citt\u00e0. L&#8217;attivista e avvocata iraniana\u00a0Shirin Ebadi,\u00a0Premio Nobel per la pace 2003, inaugurer\u00e0 il [&hellip;]\" \/>\n<meta property=\"og:url\" content=\"https:\/\/www.bellunopress.it\/fr\/2025\/09\/16\/pordenonelegge-al-via-il-programma-di-mercoledi-17-settembre\/\" \/>\n<meta property=\"og:site_name\" content=\"Bellunopress - Dolomiti\" \/>\n<meta property=\"article:publisher\" content=\"https:\/\/www.facebook.com\/profile.php?id=100008943462799\" \/>\n<meta property=\"article:published_time\" content=\"2025-09-16T10:46:51+00:00\" \/>\n<meta property=\"og:image\" content=\"https:\/\/www.bellunopress.it\/wp-content\/uploads\/2025\/08\/Pordenonelegge.jpg\" \/>\n\t<meta property=\"og:image:width\" content=\"720\" \/>\n\t<meta property=\"og:image:height\" content=\"306\" \/>\n\t<meta property=\"og:image:type\" content=\"image\/jpeg\" \/>\n<meta name=\"author\" content=\"redazione\" \/>\n<meta name=\"twitter:card\" content=\"summary_large_image\" \/>\n<meta name=\"twitter:creator\" content=\"@bellunopress\" \/>\n<meta name=\"twitter:site\" content=\"@bellunopress\" \/>\n<meta name=\"twitter:label1\" content=\"\u00c9crit par\" \/>\n\t<meta name=\"twitter:data1\" content=\"redazione\" \/>\n\t<meta name=\"twitter:label2\" content=\"Dur\u00e9e de lecture estim\u00e9e\" \/>\n\t<meta name=\"twitter:data2\" content=\"2 minutes\" \/>\n<script type=\"application\/ld+json\" class=\"yoast-schema-graph\">{\"@context\":\"https:\\\/\\\/schema.org\",\"@graph\":[{\"@type\":\"Article\",\"@id\":\"https:\\\/\\\/www.bellunopress.it\\\/2025\\\/09\\\/16\\\/pordenonelegge-al-via-il-programma-di-mercoledi-17-settembre\\\/#article\",\"isPartOf\":{\"@id\":\"https:\\\/\\\/www.bellunopress.it\\\/2025\\\/09\\\/16\\\/pordenonelegge-al-via-il-programma-di-mercoledi-17-settembre\\\/\"},\"author\":{\"name\":\"redazione\",\"@id\":\"https:\\\/\\\/www.bellunopress.it\\\/#\\\/schema\\\/person\\\/79bb06722b37ece1c03d3e94beb30d73\"},\"headline\":\"Pordenonelegge al via, il programma di mercoled\u00ec 17 settembre\",\"datePublished\":\"2025-09-16T10:46:51+00:00\",\"mainEntityOfPage\":{\"@id\":\"https:\\\/\\\/www.bellunopress.it\\\/2025\\\/09\\\/16\\\/pordenonelegge-al-via-il-programma-di-mercoledi-17-settembre\\\/\"},\"wordCount\":318,\"publisher\":{\"@id\":\"https:\\\/\\\/www.bellunopress.it\\\/#organization\"},\"image\":{\"@id\":\"https:\\\/\\\/www.bellunopress.it\\\/2025\\\/09\\\/16\\\/pordenonelegge-al-via-il-programma-di-mercoledi-17-settembre\\\/#primaryimage\"},\"thumbnailUrl\":\"https:\\\/\\\/www.bellunopress.it\\\/wp-content\\\/uploads\\\/2025\\\/08\\\/Pordenonelegge.jpg\",\"articleSection\":[\"Cultura e spettacoli, tempo libero, benessere, fuori provincia\",\"Pausa Caff\u00e8\"],\"inLanguage\":\"fr-FR\"},{\"@type\":\"WebPage\",\"@id\":\"https:\\\/\\\/www.bellunopress.it\\\/2025\\\/09\\\/16\\\/pordenonelegge-al-via-il-programma-di-mercoledi-17-settembre\\\/\",\"url\":\"https:\\\/\\\/www.bellunopress.it\\\/2025\\\/09\\\/16\\\/pordenonelegge-al-via-il-programma-di-mercoledi-17-settembre\\\/\",\"name\":\"Pordenonelegge al via, il programma di mercoled\u00ec 17 settembre - Bellunopress - Dolomiti\",\"isPartOf\":{\"@id\":\"https:\\\/\\\/www.bellunopress.it\\\/#website\"},\"primaryImageOfPage\":{\"@id\":\"https:\\\/\\\/www.bellunopress.it\\\/2025\\\/09\\\/16\\\/pordenonelegge-al-via-il-programma-di-mercoledi-17-settembre\\\/#primaryimage\"},\"image\":{\"@id\":\"https:\\\/\\\/www.bellunopress.it\\\/2025\\\/09\\\/16\\\/pordenonelegge-al-via-il-programma-di-mercoledi-17-settembre\\\/#primaryimage\"},\"thumbnailUrl\":\"https:\\\/\\\/www.bellunopress.it\\\/wp-content\\\/uploads\\\/2025\\\/08\\\/Pordenonelegge.jpg\",\"datePublished\":\"2025-09-16T10:46:51+00:00\",\"breadcrumb\":{\"@id\":\"https:\\\/\\\/www.bellunopress.it\\\/2025\\\/09\\\/16\\\/pordenonelegge-al-via-il-programma-di-mercoledi-17-settembre\\\/#breadcrumb\"},\"inLanguage\":\"fr-FR\",\"potentialAction\":[{\"@type\":\"ReadAction\",\"target\":[\"https:\\\/\\\/www.bellunopress.it\\\/2025\\\/09\\\/16\\\/pordenonelegge-al-via-il-programma-di-mercoledi-17-settembre\\\/\"]}]},{\"@type\":\"ImageObject\",\"inLanguage\":\"fr-FR\",\"@id\":\"https:\\\/\\\/www.bellunopress.it\\\/2025\\\/09\\\/16\\\/pordenonelegge-al-via-il-programma-di-mercoledi-17-settembre\\\/#primaryimage\",\"url\":\"https:\\\/\\\/www.bellunopress.it\\\/wp-content\\\/uploads\\\/2025\\\/08\\\/Pordenonelegge.jpg\",\"contentUrl\":\"https:\\\/\\\/www.bellunopress.it\\\/wp-content\\\/uploads\\\/2025\\\/08\\\/Pordenonelegge.jpg\",\"width\":720,\"height\":306},{\"@type\":\"BreadcrumbList\",\"@id\":\"https:\\\/\\\/www.bellunopress.it\\\/2025\\\/09\\\/16\\\/pordenonelegge-al-via-il-programma-di-mercoledi-17-settembre\\\/#breadcrumb\",\"itemListElement\":[{\"@type\":\"ListItem\",\"position\":1,\"name\":\"Home\",\"item\":\"https:\\\/\\\/www.bellunopress.it\\\/\"},{\"@type\":\"ListItem\",\"position\":2,\"name\":\"Pordenonelegge al via, il programma di mercoled\u00ec 17 settembre\"}]},{\"@type\":\"WebSite\",\"@id\":\"https:\\\/\\\/www.bellunopress.it\\\/#website\",\"url\":\"https:\\\/\\\/www.bellunopress.it\\\/\",\"name\":\"Bellunopress - Dolomiti\",\"description\":\"e-mail: redazione@bellunopress.it\",\"publisher\":{\"@id\":\"https:\\\/\\\/www.bellunopress.it\\\/#organization\"},\"potentialAction\":[{\"@type\":\"SearchAction\",\"target\":{\"@type\":\"EntryPoint\",\"urlTemplate\":\"https:\\\/\\\/www.bellunopress.it\\\/?s={search_term_string}\"},\"query-input\":{\"@type\":\"PropertyValueSpecification\",\"valueRequired\":true,\"valueName\":\"search_term_string\"}}],\"inLanguage\":\"fr-FR\"},{\"@type\":\"Organization\",\"@id\":\"https:\\\/\\\/www.bellunopress.it\\\/#organization\",\"name\":\"Bellunopress\",\"url\":\"https:\\\/\\\/www.bellunopress.it\\\/\",\"logo\":{\"@type\":\"ImageObject\",\"inLanguage\":\"fr-FR\",\"@id\":\"https:\\\/\\\/www.bellunopress.it\\\/#\\\/schema\\\/logo\\\/image\\\/\",\"url\":\"https:\\\/\\\/www.bellunopress.it\\\/wp-content\\\/uploads\\\/2011\\\/05\\\/cropped-logo-bellunopress-.jpg\",\"contentUrl\":\"https:\\\/\\\/www.bellunopress.it\\\/wp-content\\\/uploads\\\/2011\\\/05\\\/cropped-logo-bellunopress-.jpg\",\"width\":512,\"height\":512,\"caption\":\"Bellunopress\"},\"image\":{\"@id\":\"https:\\\/\\\/www.bellunopress.it\\\/#\\\/schema\\\/logo\\\/image\\\/\"},\"sameAs\":[\"https:\\\/\\\/www.facebook.com\\\/profile.php?id=100008943462799\",\"https:\\\/\\\/x.com\\\/bellunopress\",\"https:\\\/\\\/www.linkedin.com\\\/hp\\\/?dnr=JBzUWaJfMUw8vbXJJ2tVW5-I3jZKvC4wsoxE&amp;amp;amp;amp;amp;amp;trk=nav_responsive_tab_home\",\"https:\\\/\\\/www.youtube.com\\\/channel\\\/UCxL0wu1uN0_3_7hGG0306cw\"]},{\"@type\":\"Person\",\"@id\":\"https:\\\/\\\/www.bellunopress.it\\\/#\\\/schema\\\/person\\\/79bb06722b37ece1c03d3e94beb30d73\",\"name\":\"redazione\",\"image\":{\"@type\":\"ImageObject\",\"inLanguage\":\"fr-FR\",\"@id\":\"https:\\\/\\\/secure.gravatar.com\\\/avatar\\\/37d968a2e67a6fd04c169c4bdef102d0bc5d31b2546345219e348575eb80e9a0?s=96&d=mm&r=g\",\"url\":\"https:\\\/\\\/secure.gravatar.com\\\/avatar\\\/37d968a2e67a6fd04c169c4bdef102d0bc5d31b2546345219e348575eb80e9a0?s=96&d=mm&r=g\",\"contentUrl\":\"https:\\\/\\\/secure.gravatar.com\\\/avatar\\\/37d968a2e67a6fd04c169c4bdef102d0bc5d31b2546345219e348575eb80e9a0?s=96&d=mm&r=g\",\"caption\":\"redazione\"},\"sameAs\":[\"http:\\\/\\\/www.bellunopress.it\",\"https:\\\/\\\/x.com\\\/bellunopress\"],\"url\":\"https:\\\/\\\/www.bellunopress.it\\\/fr\\\/author\\\/redazione\\\/\"}]}<\/script>\n<!-- \/ Yoast SEO plugin. -->","yoast_head_json":{"title":"Pordenonelegge al via, il programma di mercoled\u00ec 17 settembre - Bellunopress - Dolomiti","robots":{"index":"index","follow":"follow","max-snippet":"max-snippet:-1","max-image-preview":"max-image-preview:large","max-video-preview":"max-video-preview:-1"},"canonical":"https:\/\/www.bellunopress.it\/fr\/2025\/09\/16\/pordenonelegge-al-via-il-programma-di-mercoledi-17-settembre\/","og_locale":"fr_FR","og_type":"article","og_title":"Pordenonelegge al via, il programma di mercoled\u00ec 17 settembre - Bellunopress - Dolomiti","og_description":"Al via domani, mercoled\u00ec 17 settembre, la 26^ edizione di pordenonelegge Festa del libro e della libert\u00e0. L&#8217;Europa in dialogo\u00a0e\u00a0667 voci internazionali\u00a0del pensiero del nostro tempo,\u00a0400 eventi in 5 giorni, in\u00a051 sedi di incontro\u00a0(44 solo domani) e l&#8216;Europa\u00a0sar\u00e0 anche scenografia speciale della citt\u00e0. L&#8217;attivista e avvocata iraniana\u00a0Shirin Ebadi,\u00a0Premio Nobel per la pace 2003, inaugurer\u00e0 il [&hellip;]","og_url":"https:\/\/www.bellunopress.it\/fr\/2025\/09\/16\/pordenonelegge-al-via-il-programma-di-mercoledi-17-settembre\/","og_site_name":"Bellunopress - Dolomiti","article_publisher":"https:\/\/www.facebook.com\/profile.php?id=100008943462799","article_published_time":"2025-09-16T10:46:51+00:00","og_image":[{"width":720,"height":306,"url":"https:\/\/www.bellunopress.it\/wp-content\/uploads\/2025\/08\/Pordenonelegge.jpg","type":"image\/jpeg"}],"author":"redazione","twitter_card":"summary_large_image","twitter_creator":"@bellunopress","twitter_site":"@bellunopress","twitter_misc":{"\u00c9crit par":"redazione","Dur\u00e9e de lecture estim\u00e9e":"2 minutes"},"schema":{"@context":"https:\/\/schema.org","@graph":[{"@type":"Article","@id":"https:\/\/www.bellunopress.it\/2025\/09\/16\/pordenonelegge-al-via-il-programma-di-mercoledi-17-settembre\/#article","isPartOf":{"@id":"https:\/\/www.bellunopress.it\/2025\/09\/16\/pordenonelegge-al-via-il-programma-di-mercoledi-17-settembre\/"},"author":{"name":"redazione","@id":"https:\/\/www.bellunopress.it\/#\/schema\/person\/79bb06722b37ece1c03d3e94beb30d73"},"headline":"Pordenonelegge al via, il programma di mercoled\u00ec 17 settembre","datePublished":"2025-09-16T10:46:51+00:00","mainEntityOfPage":{"@id":"https:\/\/www.bellunopress.it\/2025\/09\/16\/pordenonelegge-al-via-il-programma-di-mercoledi-17-settembre\/"},"wordCount":318,"publisher":{"@id":"https:\/\/www.bellunopress.it\/#organization"},"image":{"@id":"https:\/\/www.bellunopress.it\/2025\/09\/16\/pordenonelegge-al-via-il-programma-di-mercoledi-17-settembre\/#primaryimage"},"thumbnailUrl":"https:\/\/www.bellunopress.it\/wp-content\/uploads\/2025\/08\/Pordenonelegge.jpg","articleSection":["Cultura e spettacoli, tempo libero, benessere, fuori provincia","Pausa Caff\u00e8"],"inLanguage":"fr-FR"},{"@type":"WebPage","@id":"https:\/\/www.bellunopress.it\/2025\/09\/16\/pordenonelegge-al-via-il-programma-di-mercoledi-17-settembre\/","url":"https:\/\/www.bellunopress.it\/2025\/09\/16\/pordenonelegge-al-via-il-programma-di-mercoledi-17-settembre\/","name":"Pordenonelegge al via, il programma di mercoled\u00ec 17 settembre - Bellunopress - Dolomiti","isPartOf":{"@id":"https:\/\/www.bellunopress.it\/#website"},"primaryImageOfPage":{"@id":"https:\/\/www.bellunopress.it\/2025\/09\/16\/pordenonelegge-al-via-il-programma-di-mercoledi-17-settembre\/#primaryimage"},"image":{"@id":"https:\/\/www.bellunopress.it\/2025\/09\/16\/pordenonelegge-al-via-il-programma-di-mercoledi-17-settembre\/#primaryimage"},"thumbnailUrl":"https:\/\/www.bellunopress.it\/wp-content\/uploads\/2025\/08\/Pordenonelegge.jpg","datePublished":"2025-09-16T10:46:51+00:00","breadcrumb":{"@id":"https:\/\/www.bellunopress.it\/2025\/09\/16\/pordenonelegge-al-via-il-programma-di-mercoledi-17-settembre\/#breadcrumb"},"inLanguage":"fr-FR","potentialAction":[{"@type":"ReadAction","target":["https:\/\/www.bellunopress.it\/2025\/09\/16\/pordenonelegge-al-via-il-programma-di-mercoledi-17-settembre\/"]}]},{"@type":"ImageObject","inLanguage":"fr-FR","@id":"https:\/\/www.bellunopress.it\/2025\/09\/16\/pordenonelegge-al-via-il-programma-di-mercoledi-17-settembre\/#primaryimage","url":"https:\/\/www.bellunopress.it\/wp-content\/uploads\/2025\/08\/Pordenonelegge.jpg","contentUrl":"https:\/\/www.bellunopress.it\/wp-content\/uploads\/2025\/08\/Pordenonelegge.jpg","width":720,"height":306},{"@type":"BreadcrumbList","@id":"https:\/\/www.bellunopress.it\/2025\/09\/16\/pordenonelegge-al-via-il-programma-di-mercoledi-17-settembre\/#breadcrumb","itemListElement":[{"@type":"ListItem","position":1,"name":"Home","item":"https:\/\/www.bellunopress.it\/"},{"@type":"ListItem","position":2,"name":"Pordenonelegge al via, il programma di mercoled\u00ec 17 settembre"}]},{"@type":"WebSite","@id":"https:\/\/www.bellunopress.it\/#website","url":"https:\/\/www.bellunopress.it\/","name":"Bellunopress - Dolomiti","description":"e-mail: redazione@bellunopress.it","publisher":{"@id":"https:\/\/www.bellunopress.it\/#organization"},"potentialAction":[{"@type":"SearchAction","target":{"@type":"EntryPoint","urlTemplate":"https:\/\/www.bellunopress.it\/?s={search_term_string}"},"query-input":{"@type":"PropertyValueSpecification","valueRequired":true,"valueName":"search_term_string"}}],"inLanguage":"fr-FR"},{"@type":"Organization","@id":"https:\/\/www.bellunopress.it\/#organization","name":"Bellunopress","url":"https:\/\/www.bellunopress.it\/","logo":{"@type":"ImageObject","inLanguage":"fr-FR","@id":"https:\/\/www.bellunopress.it\/#\/schema\/logo\/image\/","url":"https:\/\/www.bellunopress.it\/wp-content\/uploads\/2011\/05\/cropped-logo-bellunopress-.jpg","contentUrl":"https:\/\/www.bellunopress.it\/wp-content\/uploads\/2011\/05\/cropped-logo-bellunopress-.jpg","width":512,"height":512,"caption":"Bellunopress"},"image":{"@id":"https:\/\/www.bellunopress.it\/#\/schema\/logo\/image\/"},"sameAs":["https:\/\/www.facebook.com\/profile.php?id=100008943462799","https:\/\/x.com\/bellunopress","https:\/\/www.linkedin.com\/hp\/?dnr=JBzUWaJfMUw8vbXJJ2tVW5-I3jZKvC4wsoxE&amp;amp;amp;amp;amp;amp;trk=nav_responsive_tab_home","https:\/\/www.youtube.com\/channel\/UCxL0wu1uN0_3_7hGG0306cw"]},{"@type":"Person","@id":"https:\/\/www.bellunopress.it\/#\/schema\/person\/79bb06722b37ece1c03d3e94beb30d73","name":"r\u00e9daction","image":{"@type":"ImageObject","inLanguage":"fr-FR","@id":"https:\/\/secure.gravatar.com\/avatar\/37d968a2e67a6fd04c169c4bdef102d0bc5d31b2546345219e348575eb80e9a0?s=96&d=mm&r=g","url":"https:\/\/secure.gravatar.com\/avatar\/37d968a2e67a6fd04c169c4bdef102d0bc5d31b2546345219e348575eb80e9a0?s=96&d=mm&r=g","contentUrl":"https:\/\/secure.gravatar.com\/avatar\/37d968a2e67a6fd04c169c4bdef102d0bc5d31b2546345219e348575eb80e9a0?s=96&d=mm&r=g","caption":"redazione"},"sameAs":["http:\/\/www.bellunopress.it","https:\/\/x.com\/bellunopress"],"url":"https:\/\/www.bellunopress.it\/fr\/author\/redazione\/"}]}},"_links":{"self":[{"href":"https:\/\/www.bellunopress.it\/fr\/wp-json\/wp\/v2\/posts\/163341","targetHints":{"allow":["GET"]}}],"collection":[{"href":"https:\/\/www.bellunopress.it\/fr\/wp-json\/wp\/v2\/posts"}],"about":[{"href":"https:\/\/www.bellunopress.it\/fr\/wp-json\/wp\/v2\/types\/post"}],"author":[{"embeddable":true,"href":"https:\/\/www.bellunopress.it\/fr\/wp-json\/wp\/v2\/users\/2"}],"replies":[{"embeddable":true,"href":"https:\/\/www.bellunopress.it\/fr\/wp-json\/wp\/v2\/comments?post=163341"}],"version-history":[{"count":1,"href":"https:\/\/www.bellunopress.it\/fr\/wp-json\/wp\/v2\/posts\/163341\/revisions"}],"predecessor-version":[{"id":163342,"href":"https:\/\/www.bellunopress.it\/fr\/wp-json\/wp\/v2\/posts\/163341\/revisions\/163342"}],"wp:featuredmedia":[{"embeddable":true,"href":"https:\/\/www.bellunopress.it\/fr\/wp-json\/wp\/v2\/media\/162598"}],"wp:attachment":[{"href":"https:\/\/www.bellunopress.it\/fr\/wp-json\/wp\/v2\/media?parent=163341"}],"wp:term":[{"taxonomy":"category","embeddable":true,"href":"https:\/\/www.bellunopress.it\/fr\/wp-json\/wp\/v2\/categories?post=163341"},{"taxonomy":"post_tag","embeddable":true,"href":"https:\/\/www.bellunopress.it\/fr\/wp-json\/wp\/v2\/tags?post=163341"}],"curies":[{"name":"wp","href":"https:\/\/api.w.org\/{rel}","templated":true}]}}