{"id":163339,"date":"2025-09-16T12:36:43","date_gmt":"2025-09-16T10:36:43","guid":{"rendered":"https:\/\/www.bellunopress.it\/?p=163339"},"modified":"2025-09-16T12:36:43","modified_gmt":"2025-09-16T10:36:43","slug":"belluno-non-e-solo-un-filtro-al-via-la-campagna-sulla-sicurezza-stradale","status":"publish","type":"post","link":"https:\/\/www.bellunopress.it\/fr\/2025\/09\/16\/belluno-non-e-solo-un-filtro-al-via-la-campagna-sulla-sicurezza-stradale\/","title":{"rendered":"Belluno. \u201cNon \u00e8 solo un filtro\u201d: al via la campagna sulla sicurezza stradale"},"content":{"rendered":"<figure id=\"attachment_132740\" aria-describedby=\"caption-attachment-132740\" style=\"width: 1000px\" class=\"wp-caption aligncenter\"><img loading=\"lazy\" decoding=\"async\" class=\"size-full wp-image-132740\" src=\"https:\/\/www.bellunopress.it\/wp-content\/uploads\/2022\/04\/piazza-dei-martiri-marzo-2022.jpg\" alt=\"\" width=\"1000\" height=\"750\" srcset=\"https:\/\/www.bellunopress.it\/wp-content\/uploads\/2022\/04\/piazza-dei-martiri-marzo-2022.jpg 1000w, https:\/\/www.bellunopress.it\/wp-content\/uploads\/2022\/04\/piazza-dei-martiri-marzo-2022-500x375.jpg 500w, https:\/\/www.bellunopress.it\/wp-content\/uploads\/2022\/04\/piazza-dei-martiri-marzo-2022-696x522.jpg 696w, https:\/\/www.bellunopress.it\/wp-content\/uploads\/2022\/04\/piazza-dei-martiri-marzo-2022-560x420.jpg 560w, https:\/\/www.bellunopress.it\/wp-content\/uploads\/2022\/04\/piazza-dei-martiri-marzo-2022-80x60.jpg 80w, https:\/\/www.bellunopress.it\/wp-content\/uploads\/2022\/04\/piazza-dei-martiri-marzo-2022-265x198.jpg 265w\" sizes=\"auto, (max-width: 1000px) 100vw, 1000px\" \/><figcaption id=\"caption-attachment-132740\" class=\"wp-caption-text\">Belluno, Piazza dei Martiri<\/figcaption><\/figure>\n<p><strong>Sabato 20 settembre arrivano i simulatori di guida a Sport in piazza<\/strong><br \/>\nBelluno, 16 settembre 2025 \u2013 \u00c8 ufficialmente partita \u201cNon \u00e8 solo un filtro\u201d, la campagna di<br \/>\nsensibilizzazione promossa dal Comune di Belluno nell\u2019ambito del progetto \u201cStrada Sicura:<br \/>\nstop alcol e droga\u201d, finanziato dal Dipartimento per le Politiche Antidroga della Presidenza<br \/>\ndel Consiglio dei Ministri.<\/p>\n<p>Il primo appuntamento \u00e8 fissato per sabato 20 settembre alle 15.30, con la presentazione<br \/>\ndei nuovi simulatori di guida presso la sede della Polizia Locale di Belluno, in occasione<br \/>\ndella storica manifestazione cittadina Sport in piazza, dedicata allo sport e al benessere.<br \/>\nGiornalisti e cittadini sono invitati a partecipare per assistere alla dimostrazione, provare in<br \/>\nprima persona l\u2019esperienza immersiva e approfondire i contenuti della campagna.<br \/>\nDurante l\u2019evento, la cittadinanza avr\u00e0 l\u2019opportunit\u00e0 di testare i simulatori, dispositivi che riproducono gli effetti della guida in stato alterato da alcol o sostanze. In parallelo,<br \/>\nbambini, ragazzi e famiglie potranno accedere al nuovo circuito permanente di educazione<br \/>\nstradale, uno spazio attrezzato all\u2019interno del comando, completo di segnaletica, rotatorie,<br \/>\nincroci, semafori e persino una galleria simulata. Il tracciato \u00e8 stato realizzato dagli agenti<br \/>\ndella Polizia Locale con il supporto dell\u2019Ufficio Tecnico del Comune, e sar\u00e0 utilizzato anche<br \/>\ndurante l\u2019anno scolastico come strumento didattico.<\/p>\n<p>\u201cNon \u00e8 solo un filtro\u201d nasce con l\u2019obiettivo di informare e sensibilizzare, soprattutto i pi\u00f9<br \/>\ngiovani, sui rischi legati alla guida in stato di alterazione, adottando un approccio<br \/>\nesperienziale, diretto e non moralista, capace di adattarsi alle diverse fasce d\u2019et\u00e0 e contesti: dalla scuola, alla piazza, fino ai social.<\/p>\n<p>Il nome della campagna richiama volutamente l\u2019idea del filtro per sottolineare un concetto<br \/>\nimportante: l\u2019assunzione di alcol o sostanze non altera la realt\u00e0 in modo innocuo o<br \/>\ntemporaneo, ma pu\u00f2 compromettere seriamente la percezione, i riflessi e la capacit\u00e0 di<br \/>\nreagire. A differenza di un filtro digitale, gli effetti di una simile alterazione non si limitano<br \/>\nall\u2019apparenza, ma possono avere conseguenze gravi sulla sicurezza propria e altrui. \u201cNon \u00e8<br \/>\nsolo un filtro\u201d vuole invitare a riconoscere questi rischi e a fare scelte pi\u00f9 consapevoli.<br \/>\nNei prossimi mesi, il progetto proseguir\u00e0 con incontri nelle scuole superiori, laboratori<br \/>\ntematici, eventi teatrali e appuntamenti aperti alla cittadinanza, per stimolare un confronto<br \/>\nautentico e continuo. Un ruolo centrale sar\u00e0 affidato anche ai canali digitali: Instagram e<br \/>\nTikTok diventeranno spazi di dialogo e riflessione, liberi da moralismi, per affrontare con<br \/>\nchiarezza i temi della guida, dell\u2019alcol, delle sostanze e della responsabilit\u00e0.<\/p>\n<p>\u201cNon \u00e8 solo un filtro\u201d si fonda su un principio semplice ma essenziale: non proibire o<br \/>\ndemonizzare, ma accompagnare verso scelte consapevoli. Perch\u00e9 la sicurezza stradale<br \/>\ncomincia da piccoli gesti, anche da una scelta che pu\u00f2 sembrare secondaria, come decidere<br \/>\ndi non guidare dopo aver bevuto.<\/p>\n<p>Per aggiornamenti, contenuti e prossimi appuntamenti, \u00e8 possibile seguire \u201cNon \u00e8 solo un<br \/>\nfiltro\u201d su Instagram e TikTok.<\/p>","protected":false},"excerpt":{"rendered":"<p>Sabato 20 settembre arrivano i simulatori di guida a Sport in piazza Belluno, 16 settembre 2025 \u2013 \u00c8 ufficialmente partita \u201cNon \u00e8 solo un filtro\u201d, la campagna di sensibilizzazione promossa dal Comune di Belluno nell\u2019ambito del progetto \u201cStrada Sicura: stop alcol e droga\u201d, finanziato dal Dipartimento per le Politiche Antidroga della Presidenza del Consiglio dei [&hellip;]<\/p>\n","protected":false},"author":2,"featured_media":140825,"comment_status":"closed","ping_status":"open","sticky":false,"template":"","format":"standard","meta":{"footnotes":""},"categories":[26,8],"tags":[],"class_list":["post-163339","post","type-post","status-publish","format-standard","has-post-thumbnail","category-prima-pagina","category-societa-istituzioni"],"yoast_head":"<!-- This site is optimized with the Yoast SEO plugin v28.4 - https:\/\/yoast.com\/product\/yoast-seo-wordpress\/ -->\n<title>Belluno. \u201cNon \u00e8 solo un filtro\u201d: al via la campagna sulla sicurezza stradale - Bellunopress - Dolomiti<\/title>\n<meta name=\"robots\" content=\"index, follow, max-snippet:-1, max-image-preview:large, max-video-preview:-1\" \/>\n<link rel=\"canonical\" href=\"https:\/\/www.bellunopress.it\/fr\/2025\/09\/16\/belluno-non-e-solo-un-filtro-al-via-la-campagna-sulla-sicurezza-stradale\/\" \/>\n<meta property=\"og:locale\" content=\"fr_FR\" \/>\n<meta property=\"og:type\" content=\"article\" \/>\n<meta property=\"og:title\" content=\"Belluno. \u201cNon \u00e8 solo un filtro\u201d: al via la campagna sulla sicurezza stradale - Bellunopress - Dolomiti\" \/>\n<meta property=\"og:description\" content=\"Sabato 20 settembre arrivano i simulatori di guida a Sport in piazza Belluno, 16 settembre 2025 \u2013 \u00c8 ufficialmente partita \u201cNon \u00e8 solo un filtro\u201d, la campagna di sensibilizzazione promossa dal Comune di Belluno nell\u2019ambito del progetto \u201cStrada Sicura: stop alcol e droga\u201d, finanziato dal Dipartimento per le Politiche Antidroga della Presidenza del Consiglio dei [&hellip;]\" \/>\n<meta property=\"og:url\" content=\"https:\/\/www.bellunopress.it\/fr\/2025\/09\/16\/belluno-non-e-solo-un-filtro-al-via-la-campagna-sulla-sicurezza-stradale\/\" \/>\n<meta property=\"og:site_name\" content=\"Bellunopress - Dolomiti\" \/>\n<meta property=\"article:publisher\" content=\"https:\/\/www.facebook.com\/profile.php?id=100008943462799\" \/>\n<meta property=\"article:published_time\" content=\"2025-09-16T10:36:43+00:00\" \/>\n<meta property=\"og:image\" content=\"https:\/\/www.bellunopress.it\/wp-content\/uploads\/2023\/04\/fontana-giardini-piazza-martiri_edited.jpg\" \/>\n\t<meta property=\"og:image:width\" content=\"1000\" \/>\n\t<meta property=\"og:image:height\" content=\"750\" \/>\n\t<meta property=\"og:image:type\" content=\"image\/jpeg\" \/>\n<meta name=\"author\" content=\"redazione\" \/>\n<meta name=\"twitter:card\" content=\"summary_large_image\" \/>\n<meta name=\"twitter:creator\" content=\"@bellunopress\" \/>\n<meta name=\"twitter:site\" content=\"@bellunopress\" \/>\n<meta name=\"twitter:label1\" content=\"\u00c9crit par\" \/>\n\t<meta name=\"twitter:data1\" content=\"redazione\" \/>\n\t<meta name=\"twitter:label2\" content=\"Dur\u00e9e de lecture estim\u00e9e\" \/>\n\t<meta name=\"twitter:data2\" content=\"2 minutes\" \/>\n<script type=\"application\/ld+json\" class=\"yoast-schema-graph\">{\"@context\":\"https:\\\/\\\/schema.org\",\"@graph\":[{\"@type\":\"Article\",\"@id\":\"https:\\\/\\\/www.bellunopress.it\\\/2025\\\/09\\\/16\\\/belluno-non-e-solo-un-filtro-al-via-la-campagna-sulla-sicurezza-stradale\\\/#article\",\"isPartOf\":{\"@id\":\"https:\\\/\\\/www.bellunopress.it\\\/2025\\\/09\\\/16\\\/belluno-non-e-solo-un-filtro-al-via-la-campagna-sulla-sicurezza-stradale\\\/\"},\"author\":{\"name\":\"redazione\",\"@id\":\"https:\\\/\\\/www.bellunopress.it\\\/#\\\/schema\\\/person\\\/79bb06722b37ece1c03d3e94beb30d73\"},\"headline\":\"Belluno. \u201cNon \u00e8 solo un filtro\u201d: al via la campagna sulla sicurezza stradale\",\"datePublished\":\"2025-09-16T10:36:43+00:00\",\"mainEntityOfPage\":{\"@id\":\"https:\\\/\\\/www.bellunopress.it\\\/2025\\\/09\\\/16\\\/belluno-non-e-solo-un-filtro-al-via-la-campagna-sulla-sicurezza-stradale\\\/\"},\"wordCount\":484,\"publisher\":{\"@id\":\"https:\\\/\\\/www.bellunopress.it\\\/#organization\"},\"image\":{\"@id\":\"https:\\\/\\\/www.bellunopress.it\\\/2025\\\/09\\\/16\\\/belluno-non-e-solo-un-filtro-al-via-la-campagna-sulla-sicurezza-stradale\\\/#primaryimage\"},\"thumbnailUrl\":\"https:\\\/\\\/www.bellunopress.it\\\/wp-content\\\/uploads\\\/2023\\\/04\\\/fontana-giardini-piazza-martiri_edited.jpg\",\"articleSection\":[\"Prima Pagina\",\"Societ\u00e0, Associazioni, Istituzioni\"],\"inLanguage\":\"fr-FR\"},{\"@type\":\"WebPage\",\"@id\":\"https:\\\/\\\/www.bellunopress.it\\\/2025\\\/09\\\/16\\\/belluno-non-e-solo-un-filtro-al-via-la-campagna-sulla-sicurezza-stradale\\\/\",\"url\":\"https:\\\/\\\/www.bellunopress.it\\\/2025\\\/09\\\/16\\\/belluno-non-e-solo-un-filtro-al-via-la-campagna-sulla-sicurezza-stradale\\\/\",\"name\":\"Belluno. \u201cNon \u00e8 solo un filtro\u201d: al via la campagna sulla sicurezza stradale - Bellunopress - Dolomiti\",\"isPartOf\":{\"@id\":\"https:\\\/\\\/www.bellunopress.it\\\/#website\"},\"primaryImageOfPage\":{\"@id\":\"https:\\\/\\\/www.bellunopress.it\\\/2025\\\/09\\\/16\\\/belluno-non-e-solo-un-filtro-al-via-la-campagna-sulla-sicurezza-stradale\\\/#primaryimage\"},\"image\":{\"@id\":\"https:\\\/\\\/www.bellunopress.it\\\/2025\\\/09\\\/16\\\/belluno-non-e-solo-un-filtro-al-via-la-campagna-sulla-sicurezza-stradale\\\/#primaryimage\"},\"thumbnailUrl\":\"https:\\\/\\\/www.bellunopress.it\\\/wp-content\\\/uploads\\\/2023\\\/04\\\/fontana-giardini-piazza-martiri_edited.jpg\",\"datePublished\":\"2025-09-16T10:36:43+00:00\",\"breadcrumb\":{\"@id\":\"https:\\\/\\\/www.bellunopress.it\\\/2025\\\/09\\\/16\\\/belluno-non-e-solo-un-filtro-al-via-la-campagna-sulla-sicurezza-stradale\\\/#breadcrumb\"},\"inLanguage\":\"fr-FR\",\"potentialAction\":[{\"@type\":\"ReadAction\",\"target\":[\"https:\\\/\\\/www.bellunopress.it\\\/2025\\\/09\\\/16\\\/belluno-non-e-solo-un-filtro-al-via-la-campagna-sulla-sicurezza-stradale\\\/\"]}]},{\"@type\":\"ImageObject\",\"inLanguage\":\"fr-FR\",\"@id\":\"https:\\\/\\\/www.bellunopress.it\\\/2025\\\/09\\\/16\\\/belluno-non-e-solo-un-filtro-al-via-la-campagna-sulla-sicurezza-stradale\\\/#primaryimage\",\"url\":\"https:\\\/\\\/www.bellunopress.it\\\/wp-content\\\/uploads\\\/2023\\\/04\\\/fontana-giardini-piazza-martiri_edited.jpg\",\"contentUrl\":\"https:\\\/\\\/www.bellunopress.it\\\/wp-content\\\/uploads\\\/2023\\\/04\\\/fontana-giardini-piazza-martiri_edited.jpg\",\"width\":1000,\"height\":750},{\"@type\":\"BreadcrumbList\",\"@id\":\"https:\\\/\\\/www.bellunopress.it\\\/2025\\\/09\\\/16\\\/belluno-non-e-solo-un-filtro-al-via-la-campagna-sulla-sicurezza-stradale\\\/#breadcrumb\",\"itemListElement\":[{\"@type\":\"ListItem\",\"position\":1,\"name\":\"Home\",\"item\":\"https:\\\/\\\/www.bellunopress.it\\\/\"},{\"@type\":\"ListItem\",\"position\":2,\"name\":\"Belluno. \u201cNon \u00e8 solo un filtro\u201d: al via la campagna sulla sicurezza stradale\"}]},{\"@type\":\"WebSite\",\"@id\":\"https:\\\/\\\/www.bellunopress.it\\\/#website\",\"url\":\"https:\\\/\\\/www.bellunopress.it\\\/\",\"name\":\"Bellunopress - Dolomiti\",\"description\":\"e-mail: redazione@bellunopress.it\",\"publisher\":{\"@id\":\"https:\\\/\\\/www.bellunopress.it\\\/#organization\"},\"potentialAction\":[{\"@type\":\"SearchAction\",\"target\":{\"@type\":\"EntryPoint\",\"urlTemplate\":\"https:\\\/\\\/www.bellunopress.it\\\/?s={search_term_string}\"},\"query-input\":{\"@type\":\"PropertyValueSpecification\",\"valueRequired\":true,\"valueName\":\"search_term_string\"}}],\"inLanguage\":\"fr-FR\"},{\"@type\":\"Organization\",\"@id\":\"https:\\\/\\\/www.bellunopress.it\\\/#organization\",\"name\":\"Bellunopress\",\"url\":\"https:\\\/\\\/www.bellunopress.it\\\/\",\"logo\":{\"@type\":\"ImageObject\",\"inLanguage\":\"fr-FR\",\"@id\":\"https:\\\/\\\/www.bellunopress.it\\\/#\\\/schema\\\/logo\\\/image\\\/\",\"url\":\"https:\\\/\\\/www.bellunopress.it\\\/wp-content\\\/uploads\\\/2011\\\/05\\\/cropped-logo-bellunopress-.jpg\",\"contentUrl\":\"https:\\\/\\\/www.bellunopress.it\\\/wp-content\\\/uploads\\\/2011\\\/05\\\/cropped-logo-bellunopress-.jpg\",\"width\":512,\"height\":512,\"caption\":\"Bellunopress\"},\"image\":{\"@id\":\"https:\\\/\\\/www.bellunopress.it\\\/#\\\/schema\\\/logo\\\/image\\\/\"},\"sameAs\":[\"https:\\\/\\\/www.facebook.com\\\/profile.php?id=100008943462799\",\"https:\\\/\\\/x.com\\\/bellunopress\",\"https:\\\/\\\/www.linkedin.com\\\/hp\\\/?dnr=JBzUWaJfMUw8vbXJJ2tVW5-I3jZKvC4wsoxE&amp;amp;amp;amp;amp;amp;trk=nav_responsive_tab_home\",\"https:\\\/\\\/www.youtube.com\\\/channel\\\/UCxL0wu1uN0_3_7hGG0306cw\"]},{\"@type\":\"Person\",\"@id\":\"https:\\\/\\\/www.bellunopress.it\\\/#\\\/schema\\\/person\\\/79bb06722b37ece1c03d3e94beb30d73\",\"name\":\"redazione\",\"image\":{\"@type\":\"ImageObject\",\"inLanguage\":\"fr-FR\",\"@id\":\"https:\\\/\\\/secure.gravatar.com\\\/avatar\\\/37d968a2e67a6fd04c169c4bdef102d0bc5d31b2546345219e348575eb80e9a0?s=96&d=mm&r=g\",\"url\":\"https:\\\/\\\/secure.gravatar.com\\\/avatar\\\/37d968a2e67a6fd04c169c4bdef102d0bc5d31b2546345219e348575eb80e9a0?s=96&d=mm&r=g\",\"contentUrl\":\"https:\\\/\\\/secure.gravatar.com\\\/avatar\\\/37d968a2e67a6fd04c169c4bdef102d0bc5d31b2546345219e348575eb80e9a0?s=96&d=mm&r=g\",\"caption\":\"redazione\"},\"sameAs\":[\"http:\\\/\\\/www.bellunopress.it\",\"https:\\\/\\\/x.com\\\/bellunopress\"],\"url\":\"https:\\\/\\\/www.bellunopress.it\\\/fr\\\/author\\\/redazione\\\/\"}]}<\/script>\n<!-- \/ Yoast SEO plugin. -->","yoast_head_json":{"title":"Belluno. \u201cNon \u00e8 solo un filtro\u201d: al via la campagna sulla sicurezza stradale - Bellunopress - Dolomiti","robots":{"index":"index","follow":"follow","max-snippet":"max-snippet:-1","max-image-preview":"max-image-preview:large","max-video-preview":"max-video-preview:-1"},"canonical":"https:\/\/www.bellunopress.it\/fr\/2025\/09\/16\/belluno-non-e-solo-un-filtro-al-via-la-campagna-sulla-sicurezza-stradale\/","og_locale":"fr_FR","og_type":"article","og_title":"Belluno. \u201cNon \u00e8 solo un filtro\u201d: al via la campagna sulla sicurezza stradale - Bellunopress - Dolomiti","og_description":"Sabato 20 settembre arrivano i simulatori di guida a Sport in piazza Belluno, 16 settembre 2025 \u2013 \u00c8 ufficialmente partita \u201cNon \u00e8 solo un filtro\u201d, la campagna di sensibilizzazione promossa dal Comune di Belluno nell\u2019ambito del progetto \u201cStrada Sicura: stop alcol e droga\u201d, finanziato dal Dipartimento per le Politiche Antidroga della Presidenza del Consiglio dei [&hellip;]","og_url":"https:\/\/www.bellunopress.it\/fr\/2025\/09\/16\/belluno-non-e-solo-un-filtro-al-via-la-campagna-sulla-sicurezza-stradale\/","og_site_name":"Bellunopress - Dolomiti","article_publisher":"https:\/\/www.facebook.com\/profile.php?id=100008943462799","article_published_time":"2025-09-16T10:36:43+00:00","og_image":[{"width":1000,"height":750,"url":"https:\/\/www.bellunopress.it\/wp-content\/uploads\/2023\/04\/fontana-giardini-piazza-martiri_edited.jpg","type":"image\/jpeg"}],"author":"redazione","twitter_card":"summary_large_image","twitter_creator":"@bellunopress","twitter_site":"@bellunopress","twitter_misc":{"\u00c9crit par":"redazione","Dur\u00e9e de lecture estim\u00e9e":"2 minutes"},"schema":{"@context":"https:\/\/schema.org","@graph":[{"@type":"Article","@id":"https:\/\/www.bellunopress.it\/2025\/09\/16\/belluno-non-e-solo-un-filtro-al-via-la-campagna-sulla-sicurezza-stradale\/#article","isPartOf":{"@id":"https:\/\/www.bellunopress.it\/2025\/09\/16\/belluno-non-e-solo-un-filtro-al-via-la-campagna-sulla-sicurezza-stradale\/"},"author":{"name":"redazione","@id":"https:\/\/www.bellunopress.it\/#\/schema\/person\/79bb06722b37ece1c03d3e94beb30d73"},"headline":"Belluno. \u201cNon \u00e8 solo un filtro\u201d: al via la campagna sulla sicurezza stradale","datePublished":"2025-09-16T10:36:43+00:00","mainEntityOfPage":{"@id":"https:\/\/www.bellunopress.it\/2025\/09\/16\/belluno-non-e-solo-un-filtro-al-via-la-campagna-sulla-sicurezza-stradale\/"},"wordCount":484,"publisher":{"@id":"https:\/\/www.bellunopress.it\/#organization"},"image":{"@id":"https:\/\/www.bellunopress.it\/2025\/09\/16\/belluno-non-e-solo-un-filtro-al-via-la-campagna-sulla-sicurezza-stradale\/#primaryimage"},"thumbnailUrl":"https:\/\/www.bellunopress.it\/wp-content\/uploads\/2023\/04\/fontana-giardini-piazza-martiri_edited.jpg","articleSection":["Prima Pagina","Societ\u00e0, Associazioni, Istituzioni"],"inLanguage":"fr-FR"},{"@type":"WebPage","@id":"https:\/\/www.bellunopress.it\/2025\/09\/16\/belluno-non-e-solo-un-filtro-al-via-la-campagna-sulla-sicurezza-stradale\/","url":"https:\/\/www.bellunopress.it\/2025\/09\/16\/belluno-non-e-solo-un-filtro-al-via-la-campagna-sulla-sicurezza-stradale\/","name":"Belluno. \u201cNon \u00e8 solo un filtro\u201d: al via la campagna sulla sicurezza stradale - Bellunopress - Dolomiti","isPartOf":{"@id":"https:\/\/www.bellunopress.it\/#website"},"primaryImageOfPage":{"@id":"https:\/\/www.bellunopress.it\/2025\/09\/16\/belluno-non-e-solo-un-filtro-al-via-la-campagna-sulla-sicurezza-stradale\/#primaryimage"},"image":{"@id":"https:\/\/www.bellunopress.it\/2025\/09\/16\/belluno-non-e-solo-un-filtro-al-via-la-campagna-sulla-sicurezza-stradale\/#primaryimage"},"thumbnailUrl":"https:\/\/www.bellunopress.it\/wp-content\/uploads\/2023\/04\/fontana-giardini-piazza-martiri_edited.jpg","datePublished":"2025-09-16T10:36:43+00:00","breadcrumb":{"@id":"https:\/\/www.bellunopress.it\/2025\/09\/16\/belluno-non-e-solo-un-filtro-al-via-la-campagna-sulla-sicurezza-stradale\/#breadcrumb"},"inLanguage":"fr-FR","potentialAction":[{"@type":"ReadAction","target":["https:\/\/www.bellunopress.it\/2025\/09\/16\/belluno-non-e-solo-un-filtro-al-via-la-campagna-sulla-sicurezza-stradale\/"]}]},{"@type":"ImageObject","inLanguage":"fr-FR","@id":"https:\/\/www.bellunopress.it\/2025\/09\/16\/belluno-non-e-solo-un-filtro-al-via-la-campagna-sulla-sicurezza-stradale\/#primaryimage","url":"https:\/\/www.bellunopress.it\/wp-content\/uploads\/2023\/04\/fontana-giardini-piazza-martiri_edited.jpg","contentUrl":"https:\/\/www.bellunopress.it\/wp-content\/uploads\/2023\/04\/fontana-giardini-piazza-martiri_edited.jpg","width":1000,"height":750},{"@type":"BreadcrumbList","@id":"https:\/\/www.bellunopress.it\/2025\/09\/16\/belluno-non-e-solo-un-filtro-al-via-la-campagna-sulla-sicurezza-stradale\/#breadcrumb","itemListElement":[{"@type":"ListItem","position":1,"name":"Home","item":"https:\/\/www.bellunopress.it\/"},{"@type":"ListItem","position":2,"name":"Belluno. \u201cNon \u00e8 solo un filtro\u201d: al via la campagna sulla sicurezza stradale"}]},{"@type":"WebSite","@id":"https:\/\/www.bellunopress.it\/#website","url":"https:\/\/www.bellunopress.it\/","name":"Bellunopress - Dolomiti","description":"e-mail: redazione@bellunopress.it","publisher":{"@id":"https:\/\/www.bellunopress.it\/#organization"},"potentialAction":[{"@type":"SearchAction","target":{"@type":"EntryPoint","urlTemplate":"https:\/\/www.bellunopress.it\/?s={search_term_string}"},"query-input":{"@type":"PropertyValueSpecification","valueRequired":true,"valueName":"search_term_string"}}],"inLanguage":"fr-FR"},{"@type":"Organization","@id":"https:\/\/www.bellunopress.it\/#organization","name":"Bellunopress","url":"https:\/\/www.bellunopress.it\/","logo":{"@type":"ImageObject","inLanguage":"fr-FR","@id":"https:\/\/www.bellunopress.it\/#\/schema\/logo\/image\/","url":"https:\/\/www.bellunopress.it\/wp-content\/uploads\/2011\/05\/cropped-logo-bellunopress-.jpg","contentUrl":"https:\/\/www.bellunopress.it\/wp-content\/uploads\/2011\/05\/cropped-logo-bellunopress-.jpg","width":512,"height":512,"caption":"Bellunopress"},"image":{"@id":"https:\/\/www.bellunopress.it\/#\/schema\/logo\/image\/"},"sameAs":["https:\/\/www.facebook.com\/profile.php?id=100008943462799","https:\/\/x.com\/bellunopress","https:\/\/www.linkedin.com\/hp\/?dnr=JBzUWaJfMUw8vbXJJ2tVW5-I3jZKvC4wsoxE&amp;amp;amp;amp;amp;amp;trk=nav_responsive_tab_home","https:\/\/www.youtube.com\/channel\/UCxL0wu1uN0_3_7hGG0306cw"]},{"@type":"Person","@id":"https:\/\/www.bellunopress.it\/#\/schema\/person\/79bb06722b37ece1c03d3e94beb30d73","name":"r\u00e9daction","image":{"@type":"ImageObject","inLanguage":"fr-FR","@id":"https:\/\/secure.gravatar.com\/avatar\/37d968a2e67a6fd04c169c4bdef102d0bc5d31b2546345219e348575eb80e9a0?s=96&d=mm&r=g","url":"https:\/\/secure.gravatar.com\/avatar\/37d968a2e67a6fd04c169c4bdef102d0bc5d31b2546345219e348575eb80e9a0?s=96&d=mm&r=g","contentUrl":"https:\/\/secure.gravatar.com\/avatar\/37d968a2e67a6fd04c169c4bdef102d0bc5d31b2546345219e348575eb80e9a0?s=96&d=mm&r=g","caption":"redazione"},"sameAs":["http:\/\/www.bellunopress.it","https:\/\/x.com\/bellunopress"],"url":"https:\/\/www.bellunopress.it\/fr\/author\/redazione\/"}]}},"_links":{"self":[{"href":"https:\/\/www.bellunopress.it\/fr\/wp-json\/wp\/v2\/posts\/163339","targetHints":{"allow":["GET"]}}],"collection":[{"href":"https:\/\/www.bellunopress.it\/fr\/wp-json\/wp\/v2\/posts"}],"about":[{"href":"https:\/\/www.bellunopress.it\/fr\/wp-json\/wp\/v2\/types\/post"}],"author":[{"embeddable":true,"href":"https:\/\/www.bellunopress.it\/fr\/wp-json\/wp\/v2\/users\/2"}],"replies":[{"embeddable":true,"href":"https:\/\/www.bellunopress.it\/fr\/wp-json\/wp\/v2\/comments?post=163339"}],"version-history":[{"count":1,"href":"https:\/\/www.bellunopress.it\/fr\/wp-json\/wp\/v2\/posts\/163339\/revisions"}],"predecessor-version":[{"id":163340,"href":"https:\/\/www.bellunopress.it\/fr\/wp-json\/wp\/v2\/posts\/163339\/revisions\/163340"}],"wp:featuredmedia":[{"embeddable":true,"href":"https:\/\/www.bellunopress.it\/fr\/wp-json\/wp\/v2\/media\/140825"}],"wp:attachment":[{"href":"https:\/\/www.bellunopress.it\/fr\/wp-json\/wp\/v2\/media?parent=163339"}],"wp:term":[{"taxonomy":"category","embeddable":true,"href":"https:\/\/www.bellunopress.it\/fr\/wp-json\/wp\/v2\/categories?post=163339"},{"taxonomy":"post_tag","embeddable":true,"href":"https:\/\/www.bellunopress.it\/fr\/wp-json\/wp\/v2\/tags?post=163339"}],"curies":[{"name":"wp","href":"https:\/\/api.w.org\/{rel}","templated":true}]}}