{"id":163337,"date":"2025-09-16T10:41:58","date_gmt":"2025-09-16T08:41:58","guid":{"rendered":"https:\/\/www.bellunopress.it\/?p=163337"},"modified":"2025-09-16T10:41:58","modified_gmt":"2025-09-16T08:41:58","slug":"una-bomba-a-orologeria-a-20-metri-dal-torrente-vanoi-di-michele-facen","status":"publish","type":"post","link":"https:\/\/www.bellunopress.it\/fr\/2025\/09\/16\/una-bomba-a-orologeria-a-20-metri-dal-torrente-vanoi-di-michele-facen\/","title":{"rendered":"Una bomba a orologeria a 20 metri dal torrente Vanoi   * di Michele Facen"},"content":{"rendered":"<figure id=\"attachment_153836\" aria-describedby=\"caption-attachment-153836\" style=\"width: 798px\" class=\"wp-caption aligncenter\"><img loading=\"lazy\" decoding=\"async\" class=\"size-full wp-image-153836\" src=\"https:\/\/www.bellunopress.it\/wp-content\/uploads\/2024\/09\/Michele-Facen-Videomedia.jpg\" alt=\"\" width=\"798\" height=\"441\" srcset=\"https:\/\/www.bellunopress.it\/wp-content\/uploads\/2024\/09\/Michele-Facen-Videomedia.jpg 798w, https:\/\/www.bellunopress.it\/wp-content\/uploads\/2024\/09\/Michele-Facen-Videomedia-500x276.jpg 500w, https:\/\/www.bellunopress.it\/wp-content\/uploads\/2024\/09\/Michele-Facen-Videomedia-760x420.jpg 760w, https:\/\/www.bellunopress.it\/wp-content\/uploads\/2024\/09\/Michele-Facen-Videomedia-696x385.jpg 696w\" sizes=\"auto, (max-width: 798px) 100vw, 798px\" \/><figcaption id=\"caption-attachment-153836\" class=\"wp-caption-text\">Michele Facen (Videomedia)<\/figcaption><\/figure>\n<p>Il torrente Vanoi sembra non avere pace: dopo il famigerato progetto di diga che ha visto opporsi tutte le popolazioni locali assieme a quelle dell&#8217;asta del Brenta, ora si sono portati gi\u00e0 oltre 50.000 metri cubi di materiale inerte proveniente dall&#8217;ex Scalo Filzi di Trento, tristemente noto per essere un&#8217;area contaminata dalle ex fabbriche della Sloi e della carbochimica, terre che da decenni si dice di voler bonificare e che mai lo sono state. Terre contaminate da IPA (IdrocarburI Policiclici Aromatici, sostanze notoriamente cancerogene) oltre che dal piombo.<\/p>\n<p>A Trento Nord esiste addirittura un comitato di medici che ha reso pubblica l&#8217;alta incidenza di tumori in tutta l&#8217;area e i quartieri adiacenti l&#8217;ex Scalo Filzi. Lo scandalo riguardava solo (si fa per dire) la citt\u00e0 di Trento finch\u00e9 RFI decide di progettare due nuove linee ferroviarie di alta velocit\u00e0 che devono passare proprio sulla zona incontaminata (costo complessivo dell&#8217;opera: 2 miliardi) e come intoppo trova migliaia di metri cubi di terreno avvelenato (met\u00e0 area \u00e8 posta sotto sequestro dalla magistratura).<\/p>\n<p>Cosa fare?<\/p>\n<p>Si decide allora di spostare 260000 metri cubi delle terre subito vicine a quelle poste sotto sequestro, sulla discarica di Ronco, Comune di Canal S.Bovo, a 5 km dal confine Veneto, a 20 metri dalla sponda del fiume Vanoi. Come Comitato scopriamo che nel 2014, dall&#8217;allora sindaco, sono stati triplicati i valori di sostanze nocive (tra cui i policarburi) che possono essere conferiti nella discarica, cosicch\u00e9 una discarica nata per il conferimento di materiali inerti prevalentemente di origine edile, diventa una discarica per materiali contaminati.<\/p>\n<p>Sempre il Comitato scopre che il valore della discarica passa da 260mila euro a 2,5 milioni di euro con l&#8217;acquisto della nuova societ\u00e0 che gestisce ora la discarica. In una riunione svoltasi a Canal S.Bovo con l&#8217;Appa, la massima autorit\u00e0 di controllo ambientale trentina, l&#8217;organo ha ammesso la presenza di sostanze nocive nei materiali ma abbondantemente sotto la soglia prevista per legge (come detto, precedentemente triplicata), quindi le povere genti di Canal S.Bovo si vedono passare quotidianamente per le loro strade oltre una decina di camion che fanno 120 km per scaricare a Ronco questi rifiuti contaminati in una discarica che abbiamo accertato non avere nemmeno il fondo impermeabile e che quindi fa percolare il materiale ad ogni pioggia.<\/p>\n<p>Abbiamo quindi una bomba a orologeria proprio a 20 metri dal Vanoi, che poi si getta sul Cismon per finire sul Brenta e giungere al mare, una minaccia che riguarda anche tutto il Veneto e stiamo cercando di rendere noto il grave problema agli amministratori e alle popolazioni che vivono a valle della discarica perch\u00e9 si avviino indagini esterne e autonome sulla discarica e sui materiali conferiti, in modo da salvare uno dei pochi fiumi rimasti a corso libero di tutto l&#8217;arco alpino.<\/p>\n<p><strong>Michele Facen, Comitato per la difesa del torrente Vanoi<\/strong><\/p>","protected":false},"excerpt":{"rendered":"<p>Il torrente Vanoi sembra non avere pace: dopo il famigerato progetto di diga che ha visto opporsi tutte le popolazioni locali assieme a quelle dell&#8217;asta del Brenta, ora si sono portati gi\u00e0 oltre 50.000 metri cubi di materiale inerte proveniente dall&#8217;ex Scalo Filzi di Trento, tristemente noto per essere un&#8217;area contaminata dalle ex fabbriche della [&hellip;]<\/p>\n","protected":false},"author":2,"featured_media":153836,"comment_status":"closed","ping_status":"open","sticky":false,"template":"","format":"standard","meta":{"footnotes":""},"categories":[1,26],"tags":[],"class_list":["post-163337","post","type-post","status-publish","format-standard","has-post-thumbnail","category-leo","category-prima-pagina"],"yoast_head":"<!-- This site is optimized with the Yoast SEO plugin v28.4 - https:\/\/yoast.com\/product\/yoast-seo-wordpress\/ -->\n<title>Una bomba a orologeria a 20 metri dal torrente Vanoi  * di Michele Facen - Bellunopress - Dolomiti<\/title>\n<meta name=\"robots\" content=\"index, follow, max-snippet:-1, max-image-preview:large, max-video-preview:-1\" \/>\n<link rel=\"canonical\" href=\"https:\/\/www.bellunopress.it\/fr\/2025\/09\/16\/una-bomba-a-orologeria-a-20-metri-dal-torrente-vanoi-di-michele-facen\/\" \/>\n<meta property=\"og:locale\" content=\"fr_FR\" \/>\n<meta property=\"og:type\" content=\"article\" \/>\n<meta property=\"og:title\" content=\"Una bomba a orologeria a 20 metri dal torrente Vanoi  * di Michele Facen - Bellunopress - Dolomiti\" \/>\n<meta property=\"og:description\" content=\"Il torrente Vanoi sembra non avere pace: dopo il famigerato progetto di diga che ha visto opporsi tutte le popolazioni locali assieme a quelle dell&#8217;asta del Brenta, ora si sono portati gi\u00e0 oltre 50.000 metri cubi di materiale inerte proveniente dall&#8217;ex Scalo Filzi di Trento, tristemente noto per essere un&#8217;area contaminata dalle ex fabbriche della [&hellip;]\" \/>\n<meta property=\"og:url\" content=\"https:\/\/www.bellunopress.it\/fr\/2025\/09\/16\/una-bomba-a-orologeria-a-20-metri-dal-torrente-vanoi-di-michele-facen\/\" \/>\n<meta property=\"og:site_name\" content=\"Bellunopress - Dolomiti\" \/>\n<meta property=\"article:publisher\" content=\"https:\/\/www.facebook.com\/profile.php?id=100008943462799\" \/>\n<meta property=\"article:published_time\" content=\"2025-09-16T08:41:58+00:00\" \/>\n<meta property=\"og:image\" content=\"https:\/\/www.bellunopress.it\/wp-content\/uploads\/2024\/09\/Michele-Facen-Videomedia.jpg\" \/>\n\t<meta property=\"og:image:width\" content=\"798\" \/>\n\t<meta property=\"og:image:height\" content=\"441\" \/>\n\t<meta property=\"og:image:type\" content=\"image\/jpeg\" \/>\n<meta name=\"author\" content=\"redazione\" \/>\n<meta name=\"twitter:card\" content=\"summary_large_image\" \/>\n<meta name=\"twitter:creator\" content=\"@bellunopress\" \/>\n<meta name=\"twitter:site\" content=\"@bellunopress\" \/>\n<meta name=\"twitter:label1\" content=\"\u00c9crit par\" \/>\n\t<meta name=\"twitter:data1\" content=\"redazione\" \/>\n\t<meta name=\"twitter:label2\" content=\"Dur\u00e9e de lecture estim\u00e9e\" \/>\n\t<meta name=\"twitter:data2\" content=\"2 minutes\" \/>\n<script type=\"application\/ld+json\" class=\"yoast-schema-graph\">{\"@context\":\"https:\\\/\\\/schema.org\",\"@graph\":[{\"@type\":\"Article\",\"@id\":\"https:\\\/\\\/www.bellunopress.it\\\/2025\\\/09\\\/16\\\/una-bomba-a-orologeria-a-20-metri-dal-torrente-vanoi-di-michele-facen\\\/#article\",\"isPartOf\":{\"@id\":\"https:\\\/\\\/www.bellunopress.it\\\/2025\\\/09\\\/16\\\/una-bomba-a-orologeria-a-20-metri-dal-torrente-vanoi-di-michele-facen\\\/\"},\"author\":{\"name\":\"redazione\",\"@id\":\"https:\\\/\\\/www.bellunopress.it\\\/#\\\/schema\\\/person\\\/79bb06722b37ece1c03d3e94beb30d73\"},\"headline\":\"Una bomba a orologeria a 20 metri dal torrente Vanoi * di Michele Facen\",\"datePublished\":\"2025-09-16T08:41:58+00:00\",\"mainEntityOfPage\":{\"@id\":\"https:\\\/\\\/www.bellunopress.it\\\/2025\\\/09\\\/16\\\/una-bomba-a-orologeria-a-20-metri-dal-torrente-vanoi-di-michele-facen\\\/\"},\"wordCount\":495,\"publisher\":{\"@id\":\"https:\\\/\\\/www.bellunopress.it\\\/#organization\"},\"image\":{\"@id\":\"https:\\\/\\\/www.bellunopress.it\\\/2025\\\/09\\\/16\\\/una-bomba-a-orologeria-a-20-metri-dal-torrente-vanoi-di-michele-facen\\\/#primaryimage\"},\"thumbnailUrl\":\"https:\\\/\\\/www.bellunopress.it\\\/wp-content\\\/uploads\\\/2024\\\/09\\\/Michele-Facen-Videomedia.jpg\",\"articleSection\":[\"Lettere Opinioni\",\"Prima Pagina\"],\"inLanguage\":\"fr-FR\"},{\"@type\":\"WebPage\",\"@id\":\"https:\\\/\\\/www.bellunopress.it\\\/2025\\\/09\\\/16\\\/una-bomba-a-orologeria-a-20-metri-dal-torrente-vanoi-di-michele-facen\\\/\",\"url\":\"https:\\\/\\\/www.bellunopress.it\\\/2025\\\/09\\\/16\\\/una-bomba-a-orologeria-a-20-metri-dal-torrente-vanoi-di-michele-facen\\\/\",\"name\":\"Una bomba a orologeria a 20 metri dal torrente Vanoi * di Michele Facen - Bellunopress - Dolomiti\",\"isPartOf\":{\"@id\":\"https:\\\/\\\/www.bellunopress.it\\\/#website\"},\"primaryImageOfPage\":{\"@id\":\"https:\\\/\\\/www.bellunopress.it\\\/2025\\\/09\\\/16\\\/una-bomba-a-orologeria-a-20-metri-dal-torrente-vanoi-di-michele-facen\\\/#primaryimage\"},\"image\":{\"@id\":\"https:\\\/\\\/www.bellunopress.it\\\/2025\\\/09\\\/16\\\/una-bomba-a-orologeria-a-20-metri-dal-torrente-vanoi-di-michele-facen\\\/#primaryimage\"},\"thumbnailUrl\":\"https:\\\/\\\/www.bellunopress.it\\\/wp-content\\\/uploads\\\/2024\\\/09\\\/Michele-Facen-Videomedia.jpg\",\"datePublished\":\"2025-09-16T08:41:58+00:00\",\"breadcrumb\":{\"@id\":\"https:\\\/\\\/www.bellunopress.it\\\/2025\\\/09\\\/16\\\/una-bomba-a-orologeria-a-20-metri-dal-torrente-vanoi-di-michele-facen\\\/#breadcrumb\"},\"inLanguage\":\"fr-FR\",\"potentialAction\":[{\"@type\":\"ReadAction\",\"target\":[\"https:\\\/\\\/www.bellunopress.it\\\/2025\\\/09\\\/16\\\/una-bomba-a-orologeria-a-20-metri-dal-torrente-vanoi-di-michele-facen\\\/\"]}]},{\"@type\":\"ImageObject\",\"inLanguage\":\"fr-FR\",\"@id\":\"https:\\\/\\\/www.bellunopress.it\\\/2025\\\/09\\\/16\\\/una-bomba-a-orologeria-a-20-metri-dal-torrente-vanoi-di-michele-facen\\\/#primaryimage\",\"url\":\"https:\\\/\\\/www.bellunopress.it\\\/wp-content\\\/uploads\\\/2024\\\/09\\\/Michele-Facen-Videomedia.jpg\",\"contentUrl\":\"https:\\\/\\\/www.bellunopress.it\\\/wp-content\\\/uploads\\\/2024\\\/09\\\/Michele-Facen-Videomedia.jpg\",\"width\":798,\"height\":441,\"caption\":\"Michele Facen (Videomedia)\"},{\"@type\":\"BreadcrumbList\",\"@id\":\"https:\\\/\\\/www.bellunopress.it\\\/2025\\\/09\\\/16\\\/una-bomba-a-orologeria-a-20-metri-dal-torrente-vanoi-di-michele-facen\\\/#breadcrumb\",\"itemListElement\":[{\"@type\":\"ListItem\",\"position\":1,\"name\":\"Home\",\"item\":\"https:\\\/\\\/www.bellunopress.it\\\/\"},{\"@type\":\"ListItem\",\"position\":2,\"name\":\"Una bomba a orologeria a 20 metri dal torrente Vanoi * di Michele Facen\"}]},{\"@type\":\"WebSite\",\"@id\":\"https:\\\/\\\/www.bellunopress.it\\\/#website\",\"url\":\"https:\\\/\\\/www.bellunopress.it\\\/\",\"name\":\"Bellunopress - Dolomiti\",\"description\":\"e-mail: redazione@bellunopress.it\",\"publisher\":{\"@id\":\"https:\\\/\\\/www.bellunopress.it\\\/#organization\"},\"potentialAction\":[{\"@type\":\"SearchAction\",\"target\":{\"@type\":\"EntryPoint\",\"urlTemplate\":\"https:\\\/\\\/www.bellunopress.it\\\/?s={search_term_string}\"},\"query-input\":{\"@type\":\"PropertyValueSpecification\",\"valueRequired\":true,\"valueName\":\"search_term_string\"}}],\"inLanguage\":\"fr-FR\"},{\"@type\":\"Organization\",\"@id\":\"https:\\\/\\\/www.bellunopress.it\\\/#organization\",\"name\":\"Bellunopress\",\"url\":\"https:\\\/\\\/www.bellunopress.it\\\/\",\"logo\":{\"@type\":\"ImageObject\",\"inLanguage\":\"fr-FR\",\"@id\":\"https:\\\/\\\/www.bellunopress.it\\\/#\\\/schema\\\/logo\\\/image\\\/\",\"url\":\"https:\\\/\\\/www.bellunopress.it\\\/wp-content\\\/uploads\\\/2011\\\/05\\\/cropped-logo-bellunopress-.jpg\",\"contentUrl\":\"https:\\\/\\\/www.bellunopress.it\\\/wp-content\\\/uploads\\\/2011\\\/05\\\/cropped-logo-bellunopress-.jpg\",\"width\":512,\"height\":512,\"caption\":\"Bellunopress\"},\"image\":{\"@id\":\"https:\\\/\\\/www.bellunopress.it\\\/#\\\/schema\\\/logo\\\/image\\\/\"},\"sameAs\":[\"https:\\\/\\\/www.facebook.com\\\/profile.php?id=100008943462799\",\"https:\\\/\\\/x.com\\\/bellunopress\",\"https:\\\/\\\/www.linkedin.com\\\/hp\\\/?dnr=JBzUWaJfMUw8vbXJJ2tVW5-I3jZKvC4wsoxE&amp;amp;amp;amp;amp;amp;trk=nav_responsive_tab_home\",\"https:\\\/\\\/www.youtube.com\\\/channel\\\/UCxL0wu1uN0_3_7hGG0306cw\"]},{\"@type\":\"Person\",\"@id\":\"https:\\\/\\\/www.bellunopress.it\\\/#\\\/schema\\\/person\\\/79bb06722b37ece1c03d3e94beb30d73\",\"name\":\"redazione\",\"image\":{\"@type\":\"ImageObject\",\"inLanguage\":\"fr-FR\",\"@id\":\"https:\\\/\\\/secure.gravatar.com\\\/avatar\\\/37d968a2e67a6fd04c169c4bdef102d0bc5d31b2546345219e348575eb80e9a0?s=96&d=mm&r=g\",\"url\":\"https:\\\/\\\/secure.gravatar.com\\\/avatar\\\/37d968a2e67a6fd04c169c4bdef102d0bc5d31b2546345219e348575eb80e9a0?s=96&d=mm&r=g\",\"contentUrl\":\"https:\\\/\\\/secure.gravatar.com\\\/avatar\\\/37d968a2e67a6fd04c169c4bdef102d0bc5d31b2546345219e348575eb80e9a0?s=96&d=mm&r=g\",\"caption\":\"redazione\"},\"sameAs\":[\"http:\\\/\\\/www.bellunopress.it\",\"https:\\\/\\\/x.com\\\/bellunopress\"],\"url\":\"https:\\\/\\\/www.bellunopress.it\\\/fr\\\/author\\\/redazione\\\/\"}]}<\/script>\n<!-- \/ Yoast SEO plugin. -->","yoast_head_json":{"title":"Una bomba a orologeria a 20 metri dal torrente Vanoi  * di Michele Facen - Bellunopress - Dolomiti","robots":{"index":"index","follow":"follow","max-snippet":"max-snippet:-1","max-image-preview":"max-image-preview:large","max-video-preview":"max-video-preview:-1"},"canonical":"https:\/\/www.bellunopress.it\/fr\/2025\/09\/16\/una-bomba-a-orologeria-a-20-metri-dal-torrente-vanoi-di-michele-facen\/","og_locale":"fr_FR","og_type":"article","og_title":"Una bomba a orologeria a 20 metri dal torrente Vanoi  * di Michele Facen - Bellunopress - Dolomiti","og_description":"Il torrente Vanoi sembra non avere pace: dopo il famigerato progetto di diga che ha visto opporsi tutte le popolazioni locali assieme a quelle dell&#8217;asta del Brenta, ora si sono portati gi\u00e0 oltre 50.000 metri cubi di materiale inerte proveniente dall&#8217;ex Scalo Filzi di Trento, tristemente noto per essere un&#8217;area contaminata dalle ex fabbriche della [&hellip;]","og_url":"https:\/\/www.bellunopress.it\/fr\/2025\/09\/16\/una-bomba-a-orologeria-a-20-metri-dal-torrente-vanoi-di-michele-facen\/","og_site_name":"Bellunopress - Dolomiti","article_publisher":"https:\/\/www.facebook.com\/profile.php?id=100008943462799","article_published_time":"2025-09-16T08:41:58+00:00","og_image":[{"width":798,"height":441,"url":"https:\/\/www.bellunopress.it\/wp-content\/uploads\/2024\/09\/Michele-Facen-Videomedia.jpg","type":"image\/jpeg"}],"author":"redazione","twitter_card":"summary_large_image","twitter_creator":"@bellunopress","twitter_site":"@bellunopress","twitter_misc":{"\u00c9crit par":"redazione","Dur\u00e9e de lecture estim\u00e9e":"2 minutes"},"schema":{"@context":"https:\/\/schema.org","@graph":[{"@type":"Article","@id":"https:\/\/www.bellunopress.it\/2025\/09\/16\/una-bomba-a-orologeria-a-20-metri-dal-torrente-vanoi-di-michele-facen\/#article","isPartOf":{"@id":"https:\/\/www.bellunopress.it\/2025\/09\/16\/una-bomba-a-orologeria-a-20-metri-dal-torrente-vanoi-di-michele-facen\/"},"author":{"name":"redazione","@id":"https:\/\/www.bellunopress.it\/#\/schema\/person\/79bb06722b37ece1c03d3e94beb30d73"},"headline":"Una bomba a orologeria a 20 metri dal torrente Vanoi * di Michele Facen","datePublished":"2025-09-16T08:41:58+00:00","mainEntityOfPage":{"@id":"https:\/\/www.bellunopress.it\/2025\/09\/16\/una-bomba-a-orologeria-a-20-metri-dal-torrente-vanoi-di-michele-facen\/"},"wordCount":495,"publisher":{"@id":"https:\/\/www.bellunopress.it\/#organization"},"image":{"@id":"https:\/\/www.bellunopress.it\/2025\/09\/16\/una-bomba-a-orologeria-a-20-metri-dal-torrente-vanoi-di-michele-facen\/#primaryimage"},"thumbnailUrl":"https:\/\/www.bellunopress.it\/wp-content\/uploads\/2024\/09\/Michele-Facen-Videomedia.jpg","articleSection":["Lettere Opinioni","Prima Pagina"],"inLanguage":"fr-FR"},{"@type":"WebPage","@id":"https:\/\/www.bellunopress.it\/2025\/09\/16\/una-bomba-a-orologeria-a-20-metri-dal-torrente-vanoi-di-michele-facen\/","url":"https:\/\/www.bellunopress.it\/2025\/09\/16\/una-bomba-a-orologeria-a-20-metri-dal-torrente-vanoi-di-michele-facen\/","name":"Una bomba a orologeria a 20 metri dal torrente Vanoi * di Michele Facen - Bellunopress - Dolomiti","isPartOf":{"@id":"https:\/\/www.bellunopress.it\/#website"},"primaryImageOfPage":{"@id":"https:\/\/www.bellunopress.it\/2025\/09\/16\/una-bomba-a-orologeria-a-20-metri-dal-torrente-vanoi-di-michele-facen\/#primaryimage"},"image":{"@id":"https:\/\/www.bellunopress.it\/2025\/09\/16\/una-bomba-a-orologeria-a-20-metri-dal-torrente-vanoi-di-michele-facen\/#primaryimage"},"thumbnailUrl":"https:\/\/www.bellunopress.it\/wp-content\/uploads\/2024\/09\/Michele-Facen-Videomedia.jpg","datePublished":"2025-09-16T08:41:58+00:00","breadcrumb":{"@id":"https:\/\/www.bellunopress.it\/2025\/09\/16\/una-bomba-a-orologeria-a-20-metri-dal-torrente-vanoi-di-michele-facen\/#breadcrumb"},"inLanguage":"fr-FR","potentialAction":[{"@type":"ReadAction","target":["https:\/\/www.bellunopress.it\/2025\/09\/16\/una-bomba-a-orologeria-a-20-metri-dal-torrente-vanoi-di-michele-facen\/"]}]},{"@type":"ImageObject","inLanguage":"fr-FR","@id":"https:\/\/www.bellunopress.it\/2025\/09\/16\/una-bomba-a-orologeria-a-20-metri-dal-torrente-vanoi-di-michele-facen\/#primaryimage","url":"https:\/\/www.bellunopress.it\/wp-content\/uploads\/2024\/09\/Michele-Facen-Videomedia.jpg","contentUrl":"https:\/\/www.bellunopress.it\/wp-content\/uploads\/2024\/09\/Michele-Facen-Videomedia.jpg","width":798,"height":441,"caption":"Michele Facen (Videomedia)"},{"@type":"BreadcrumbList","@id":"https:\/\/www.bellunopress.it\/2025\/09\/16\/una-bomba-a-orologeria-a-20-metri-dal-torrente-vanoi-di-michele-facen\/#breadcrumb","itemListElement":[{"@type":"ListItem","position":1,"name":"Home","item":"https:\/\/www.bellunopress.it\/"},{"@type":"ListItem","position":2,"name":"Una bomba a orologeria a 20 metri dal torrente Vanoi * di Michele Facen"}]},{"@type":"WebSite","@id":"https:\/\/www.bellunopress.it\/#website","url":"https:\/\/www.bellunopress.it\/","name":"Bellunopress - Dolomiti","description":"e-mail: redazione@bellunopress.it","publisher":{"@id":"https:\/\/www.bellunopress.it\/#organization"},"potentialAction":[{"@type":"SearchAction","target":{"@type":"EntryPoint","urlTemplate":"https:\/\/www.bellunopress.it\/?s={search_term_string}"},"query-input":{"@type":"PropertyValueSpecification","valueRequired":true,"valueName":"search_term_string"}}],"inLanguage":"fr-FR"},{"@type":"Organization","@id":"https:\/\/www.bellunopress.it\/#organization","name":"Bellunopress","url":"https:\/\/www.bellunopress.it\/","logo":{"@type":"ImageObject","inLanguage":"fr-FR","@id":"https:\/\/www.bellunopress.it\/#\/schema\/logo\/image\/","url":"https:\/\/www.bellunopress.it\/wp-content\/uploads\/2011\/05\/cropped-logo-bellunopress-.jpg","contentUrl":"https:\/\/www.bellunopress.it\/wp-content\/uploads\/2011\/05\/cropped-logo-bellunopress-.jpg","width":512,"height":512,"caption":"Bellunopress"},"image":{"@id":"https:\/\/www.bellunopress.it\/#\/schema\/logo\/image\/"},"sameAs":["https:\/\/www.facebook.com\/profile.php?id=100008943462799","https:\/\/x.com\/bellunopress","https:\/\/www.linkedin.com\/hp\/?dnr=JBzUWaJfMUw8vbXJJ2tVW5-I3jZKvC4wsoxE&amp;amp;amp;amp;amp;amp;trk=nav_responsive_tab_home","https:\/\/www.youtube.com\/channel\/UCxL0wu1uN0_3_7hGG0306cw"]},{"@type":"Person","@id":"https:\/\/www.bellunopress.it\/#\/schema\/person\/79bb06722b37ece1c03d3e94beb30d73","name":"r\u00e9daction","image":{"@type":"ImageObject","inLanguage":"fr-FR","@id":"https:\/\/secure.gravatar.com\/avatar\/37d968a2e67a6fd04c169c4bdef102d0bc5d31b2546345219e348575eb80e9a0?s=96&d=mm&r=g","url":"https:\/\/secure.gravatar.com\/avatar\/37d968a2e67a6fd04c169c4bdef102d0bc5d31b2546345219e348575eb80e9a0?s=96&d=mm&r=g","contentUrl":"https:\/\/secure.gravatar.com\/avatar\/37d968a2e67a6fd04c169c4bdef102d0bc5d31b2546345219e348575eb80e9a0?s=96&d=mm&r=g","caption":"redazione"},"sameAs":["http:\/\/www.bellunopress.it","https:\/\/x.com\/bellunopress"],"url":"https:\/\/www.bellunopress.it\/fr\/author\/redazione\/"}]}},"_links":{"self":[{"href":"https:\/\/www.bellunopress.it\/fr\/wp-json\/wp\/v2\/posts\/163337","targetHints":{"allow":["GET"]}}],"collection":[{"href":"https:\/\/www.bellunopress.it\/fr\/wp-json\/wp\/v2\/posts"}],"about":[{"href":"https:\/\/www.bellunopress.it\/fr\/wp-json\/wp\/v2\/types\/post"}],"author":[{"embeddable":true,"href":"https:\/\/www.bellunopress.it\/fr\/wp-json\/wp\/v2\/users\/2"}],"replies":[{"embeddable":true,"href":"https:\/\/www.bellunopress.it\/fr\/wp-json\/wp\/v2\/comments?post=163337"}],"version-history":[{"count":1,"href":"https:\/\/www.bellunopress.it\/fr\/wp-json\/wp\/v2\/posts\/163337\/revisions"}],"predecessor-version":[{"id":163338,"href":"https:\/\/www.bellunopress.it\/fr\/wp-json\/wp\/v2\/posts\/163337\/revisions\/163338"}],"wp:featuredmedia":[{"embeddable":true,"href":"https:\/\/www.bellunopress.it\/fr\/wp-json\/wp\/v2\/media\/153836"}],"wp:attachment":[{"href":"https:\/\/www.bellunopress.it\/fr\/wp-json\/wp\/v2\/media?parent=163337"}],"wp:term":[{"taxonomy":"category","embeddable":true,"href":"https:\/\/www.bellunopress.it\/fr\/wp-json\/wp\/v2\/categories?post=163337"},{"taxonomy":"post_tag","embeddable":true,"href":"https:\/\/www.bellunopress.it\/fr\/wp-json\/wp\/v2\/tags?post=163337"}],"curies":[{"name":"wp","href":"https:\/\/api.w.org\/{rel}","templated":true}]}}